{"id":25280,"date":"2024-08-08T08:09:57","date_gmt":"2024-08-08T08:09:57","guid":{"rendered":"https:\/\/domosistemas.com\/?p=25280"},"modified":"2024-08-08T08:09:57","modified_gmt":"2024-08-08T08:09:57","slug":"asi-ahorro-en-la-factura-de-la-luz-mientras-uso-el-aire-acondicionado-cada-dia-lo-enciendo-a-tope-durante-estas-tres-horas","status":"publish","type":"post","link":"https:\/\/domosistemas.com\/?p=25280","title":{"rendered":"As\u00ed ahorro en la factura de la luz mientras uso el aire acondicionado: cada d\u00eda lo enciendo a tope durante estas tres horas"},"content":{"rendered":"<div>\n<p>\n      <img decoding=\"async\" src=\"https:\/\/i.blogs.es\/d97de6\/1366_20004489\/1024_2000.jpeg\" alt=\"As\u00ed ahorro en la factura de la luz mientras uso el aire acondicionado: cada d\u00eda lo enciendo a tope durante estas tres horas \">\n    <\/p>\n<p>Escoger el <strong>horario en el que encendemos nuestros electrodom\u00e9sticos <\/strong>es clave si queremos pagar lo m\u00ednimo posible en la factura de la luz, algo que pudimos comprobar <a href=\"https:\/\/www.xatakahome.com\/a-fondo\/he-calculado-ahorro-usar-siempre-tus-electrodomesticos-hora-barata-dia-resultado-me-ha-sorprendido\">cuando calculamos dicho ahorro<\/a> con respecto a las <strong>horas m\u00e1s caras y m\u00e1s baratas del d\u00eda<\/strong> en las <strong>tarifas indexadas con discriminaci\u00f3n horaria<\/strong>, como la regulada o PVPC.<\/p>\n<p><!-- BREAK 1 --><\/p>\n<p>El ahorro puede llegar a ser muy importante, sobre todo si hacemos un <strong>uso diario importante de la electricidad<\/strong> porque utilizamos placas de cocina de tipo <a href=\"https:\/\/www.xatakahome.com\/electrodomesticos-innovadores\/induccion-vitro-gas-que-elegir-para-cambiar-cocina\">vitrocer\u00e1mica o de inducci\u00f3n<\/a>, hornos, tenemos radiadores el\u00e9ctricos o ahora en verano porque usamos a tope el <strong>aire acondicionado.<\/strong><\/p>\n<p><!-- BREAK 2 --><\/p>\n<p>Sin embargo, si tenemos una tarifa PVPC o indexada, <strong>estas horas m\u00e1s caras y baratas no son constantes<\/strong>, sino que van cambiado jornada a jornada y tambi\u00e9n temporada a temporada, haciendo que no sean iguales en los meses de invierno que por ejemplo ahora en verano. Informaci\u00f3n que conviene conocer para ahorrar lo m\u00e1ximo posible.<\/p>\n<p><!-- BREAK 3 --><\/p>\n<div class=\"article-asset article-asset-normal article-asset-center\">\n<div class=\"desvio-container\">\n<div class=\"desvio\">\n<div class=\"desvio-figure js-desvio-figure\">\n    <a href=\"https:\/\/www.xatakahome.com\/a-fondo\/que-tipo-aire-acondicionado-mejor-para-mi-casa-ventajas-e-inconvenientes-cada-modalidad\"><br \/>\n     <img loading=\"lazy\" decoding=\"async\" alt=\"Qu\u00e9 tipo de aire acondicionado es mejor para mi casa: ventajas e inconvenientes de cada modalidad\" width=\"375\" height=\"142\" src=\"https:\/\/i.blogs.es\/42ffb6\/71azufd3hnl._ac_sl1500_\/375_142.webp\" onerror='this.src=\"https:\/\/i.blogs.es\/42ffb6\/71azufd3hnl._ac_sl1500_\/375_142.jpg\"'><br \/>\n    <\/a>\n   <\/div>\n<div class=\"desvio-summary\">\n<div class=\"desvio-taxonomy js-desvio-taxonomy\">\n     <a href=\"https:\/\/www.xatakahome.com\/a-fondo\/que-tipo-aire-acondicionado-mejor-para-mi-casa-ventajas-e-inconvenientes-cada-modalidad\" class=\"desvio-taxonomy-anchor\">En Xataka Smart Home<\/a>\n    <\/div>\n<p>    <a href=\"https:\/\/www.xatakahome.com\/a-fondo\/que-tipo-aire-acondicionado-mejor-para-mi-casa-ventajas-e-inconvenientes-cada-modalidad\" class=\"desvio-title js-desvio-title\">Qu\u00e9 tipo de aire acondicionado es mejor para mi casa: ventajas e inconvenientes de cada modalidad<\/a>\n   <\/div>\n<\/p><\/div>\n<\/p><\/div>\n<\/div>\n<h2>Las tres horas en las que enciendo el aire acondicionado<\/h2>\n<div class=\"article-asset-image article-asset-normal article-asset-center\">\n<div class=\"asset-content\">\n<div class=\"caption-img \">\n                    <a rel=\"noopener, noreferrer\" href=\"https:\/\/www.pexels.com\/es-es\/foto\/lamparas-cama-habitacion-ver-7587288\/\"><\/p>\n<p>    <img decoding=\"async\" alt=\"Pexels Heyho 7587288\" class=\"centro_sinmarco\" src=\"https:\/\/i.blogs.es\/a4b114\/pexels-heyho-7587288\/450_1000.webp\"><br \/>\n     <\/a><\/p>\n<p>        <span>Imagen: Max Vakhtbovycn<\/span>\n   <\/div>\n<\/p><\/div>\n<\/div>\n<p>En mi caso concreto, con la llegada del calor encendemos el aire acondicionado en casa, pero lo hacemos tratando de gastar lo menos posible en electricidad. \u00bfC\u00f3mo? Pues para ello, puesto que tenemos tarifa PVPC intentamos que las <strong>horas de arranque de los aparatos<\/strong> se encuentren en las dos o tres m\u00e1s baratas cada d\u00eda.<\/p>\n<p><!-- BREAK 4 --><\/p>\n<p><strong>En los<\/strong> <strong>d\u00edas laborables<\/strong> este periodo se sit\u00faa habitualmente <strong>entre las 14:00 y las 17:00 horas<\/strong>, aunque algunos d\u00edas se ampl\u00eda ligeramente comenzando alrededor de las 13:00 de la tarde. <strong>En los d\u00edas<\/strong> <strong>festivos y los fines de semana<\/strong>, el tramo de precios bajos se ampl\u00eda situ\u00e1ndose habitualmente <strong>entre las 10:00 y las 19:00 horas.<\/strong><\/p>\n<p><!-- BREAK 5 --><\/p>\n<p>Es decir, la idea es esperar a <strong>encender el aire acondicionado a las 14:00<\/strong> y en ese momento ponerlo a tope, a una temperatura m\u00e1s baja que la que solemos tener. En mi caso por ejemplo,<strong> lo ponemos a unos 22 \u00baC<\/strong> en lugar de a los 25 \u00baC que tenemos seleccionados normalmente.<\/p>\n<p><!-- BREAK 6 --><\/p>\n<div class=\"article-asset-image article-asset-normal article-asset-center\">\n<div class=\"asset-content\">\n<div class=\"caption-img \">\n<p>   <img decoding=\"async\" alt=\"Aire acondicionado\" class=\"centro_sinmarco\" src=\"https:\/\/i.blogs.es\/9182a1\/1200_800\/450_1000.webp\"><\/p>\n<p>        <span>Imagen: Jos\u00e9 Antonio Carmona<\/span>\n   <\/div>\n<\/p><\/div>\n<\/div>\n<p>As\u00ed se enfr\u00eda toda la casa que parte de una temperatura bastante m\u00e1s elevada t\u00edpicamente situada entre los 28-30 \u00baC con un gasto el\u00e9ctrico m\u00ednimo, y luego ya pasada la \u00abhora feliz\u00bb de la tarifa el\u00e9ctrica, sobre las 17:00 horas, v<strong>olvemos a poner el termostato a 25\u00baC<\/strong> para pasar la tarde-noche.<\/p>\n<p><!-- BREAK 7 --><\/p>\n<p>De este modo <strong>el pico de consumo el\u00e9ctrico se hace en las tres horas m\u00e1s econ\u00f3micas del d\u00eda<\/strong> y posteriormente el equipo gastar\u00e1 mucha menos luz puesto que solo tendr\u00e1 que mantener la temperatura y no enfriar todas las habitaciones desde cero.<\/p>\n<p><!-- BREAK 8 --><\/p>\n<p>\u00bfEl ahorro que podemos conseguir? Pues dependiendo del d\u00eda y comparado con la <strong>hora punta<\/strong> que se sigue situando entre las <strong>21-22:00 horas<\/strong>, podemos llegar a <strong>pagar hasta 5 veces<\/strong> <strong>menos<\/strong> si usamos nuestros equipos en dicha franja.<\/p>\n<p><!-- BREAK 9 --><\/p>\n<p>Imagen portada | Xataka Smart Home<\/p>\n<p>En Xataka Smart home | <a href=\"https:\/\/www.xatakahome.com\/a-fondo\/que-tipo-aire-acondicionado-mejor-para-mi-casa-ventajas-e-inconvenientes-cada-modalidad\">Qu\u00e9 tipo de aire acondicionado es mejor para mi casa: ventajas e inconvenientes de cada modalidad<\/a><\/p>\n<p><script>\n (function() {\n  window._JS_MODULES = window._JS_MODULES || {};\n  var headElement = document.getElementsByTagName('head')[0];\n  if (_JS_MODULES.instagram) {\n   var instagramScript = document.createElement('script');\n   instagramScript.src = 'https:\/\/platform.instagram.com\/en_US\/embeds.js';\n   instagramScript.async = true;\n   instagramScript.defer = true;\n   headElement.appendChild(instagramScript);\n  }\n })();\n<\/script><\/p>\n<p> &#8211; <br \/> La noticia<br \/>\n      <a href=\"https:\/\/www.xatakahome.com\/hogar\/asi-ahorro-factura-luz-uso-aire-acondicionado-cada-dia-enciendo-a-tope-durante-estas-tres-horas?utm_source=feedburner&amp;utm_medium=feed&amp;utm_campaign=08_Aug_2024\"><br \/>\n       <em> As\u00ed ahorro en la factura de la luz mientras uso el aire acondicionado: cada d\u00eda lo enciendo a tope durante estas tres horas  <\/em><br \/>\n      <\/a><br \/>\n      fue publicada originalmente en<br \/>\n      <a href=\"https:\/\/www.xatakahome.com\/?utm_source=feedburner&amp;utm_medium=feed&amp;utm_campaign=08_Aug_2024\"><br \/>\n       <strong> Xataka Smart Home <\/strong><br \/>\n      <\/a><br \/>\n            por <a href=\"https:\/\/www.xatakahome.com\/autor\/paco-rodriguez?utm_source=feedburner&amp;utm_medium=feed&amp;utm_campaign=08_Aug_2024\"><br \/>\n       Paco Rodriguez<br \/>\n      <\/a><br \/>\n      . <\/p>\n<\/div>\n","protected":false},"excerpt":{"rendered":"<p>Escoger el horario en el que encendemos nuestros electrodom\u00e9sticos es clave si queremos pagar lo m\u00ednimo posible en la factura de la luz, algo que pudimos comprobar cuando calculamos dicho ahorro con respecto a las horas m\u00e1s caras y m\u00e1s baratas del d\u00eda en las tarifas indexadas con discriminaci\u00f3n horaria, como la regulada o PVPC. &hellip; <a href=\"https:\/\/domosistemas.com\/?p=25280\" class=\"more-link\">Sigue leyendo <span class=\"screen-reader-text\">As\u00ed ahorro en la factura de la luz mientras uso el aire acondicionado: cada d\u00eda lo enciendo a tope durante estas tres horas<\/span><\/a><\/p>\n","protected":false},"author":1,"featured_media":0,"comment_status":"closed","ping_status":"closed","sticky":false,"template":"","format":"standard","meta":{"footnotes":""},"categories":[8],"tags":[],"class_list":["post-25280","post","type-post","status-publish","format-standard","hentry","category-xataka"],"_links":{"self":[{"href":"https:\/\/domosistemas.com\/index.php?rest_route=\/wp\/v2\/posts\/25280","targetHints":{"allow":["GET"]}}],"collection":[{"href":"https:\/\/domosistemas.com\/index.php?rest_route=\/wp\/v2\/posts"}],"about":[{"href":"https:\/\/domosistemas.com\/index.php?rest_route=\/wp\/v2\/types\/post"}],"author":[{"embeddable":true,"href":"https:\/\/domosistemas.com\/index.php?rest_route=\/wp\/v2\/users\/1"}],"replies":[{"embeddable":true,"href":"https:\/\/domosistemas.com\/index.php?rest_route=%2Fwp%2Fv2%2Fcomments&post=25280"}],"version-history":[{"count":0,"href":"https:\/\/domosistemas.com\/index.php?rest_route=\/wp\/v2\/posts\/25280\/revisions"}],"wp:attachment":[{"href":"https:\/\/domosistemas.com\/index.php?rest_route=%2Fwp%2Fv2%2Fmedia&parent=25280"}],"wp:term":[{"taxonomy":"category","embeddable":true,"href":"https:\/\/domosistemas.com\/index.php?rest_route=%2Fwp%2Fv2%2Fcategories&post=25280"},{"taxonomy":"post_tag","embeddable":true,"href":"https:\/\/domosistemas.com\/index.php?rest_route=%2Fwp%2Fv2%2Ftags&post=25280"}],"curies":[{"name":"wp","href":"https:\/\/api.w.org\/{rel}","templated":true}]}}