{"id":25303,"date":"2024-08-10T08:00:55","date_gmt":"2024-08-10T08:00:55","guid":{"rendered":"https:\/\/domosistemas.com\/?p=25303"},"modified":"2024-08-10T08:00:55","modified_gmt":"2024-08-10T08:00:55","slug":"lidl-tiene-uno-de-sus-aires-acondicionados-mas-vendidos-a-precio-de-chollo","status":"publish","type":"post","link":"https:\/\/domosistemas.com\/?p=25303","title":{"rendered":"Lidl tiene uno de sus aires acondicionados m\u00e1s vendidos a precio de chollo"},"content":{"rendered":"<div>\n<p>\n      <img decoding=\"async\" src=\"https:\/\/i.blogs.es\/0ad48b\/lidl-5-\/1024_2000.jpeg\" alt=\"Lidl tiene uno de sus aires acondicionados m\u00e1s vendidos a precio de chollo \">\n    <\/p>\n<p>Una buena forma de combatir el calor estas noches de verano, es con este <strong>aire acondicionado port\u00e1til Comfee de Lidl<\/strong>. Ahora, lo puedes encontrar muy rebajado en Lidl por <a rel=\"nofollow, sponsored, noopener, noreferrer noopener\" target=\"_blank\" class=\"js-ecommerce\" href=\"https:\/\/www.xatakahome.com\/redirect?url=https%3A%2F%2Fwww.lidl.es%2Fes%2Fcomfee-aire-acondicionado-portatil-1750-frig%2Fh-7000-btu%2Fh%2Fp40775&amp;category=seleccion&amp;ecomPostExpiration=everlasting&amp;postId=113573\" data-vars-affiliate-url=\"https:\/\/www.lidl.es\/es\/comfee-aire-acondicionado-portatil-1750-frig\/h-7000-btu\/h\/p40775\">229,99 euros<\/a>, frente a los 369 euros de su precio anterior, con un descuento de 139,01 euros.<\/p>\n<p><!-- BREAK 1 --><!-- PIVOT START --><\/p>\n<div class=\"pivot-ecommerce-container m-pivot-ecommerce-redesign article-asset-normal article-asset-center\">\n<div class=\"pivot-ecommerce\">\n<div class=\"pivot-ecommerce-figure\">\n  <a rel=\"nofollow, sponsored, noopener, noreferrer noopener\" target=\"_blank\" href=\"https:\/\/www.xatakahome.com\/redirect?url=https%3A%2F%2Fwww.lidl.es%2Fes%2Fcomfee-aire-acondicionado-portatil-1750-frig%2Fh-7000-btu%2Fh%2Fp40775&amp;category=seleccion&amp;pivot=1&amp;ecomPostExpiration=everlasting&amp;postId=113573\"><br \/>\n   <img loading=\"lazy\" decoding=\"async\" alt=\"Comfee Aire acondicionado port\u00e1til 1750 Frig\/h (7000 BTU\/h)\" width=\"1200\" height=\"600\" src=\"https:\/\/i.blogs.es\/b9cc53\/lidl-aire-comfee\/original.webp\" onerror='this.src=\"https:\/\/i.blogs.es\/b9cc53\/lidl-aire-comfee\/original.jpeg\"'><br \/>\n  <\/a>\n  <\/div>\n<div class=\"pivot-ecommerce-summary\">\n<p class=\"pivot-ecommerce-desc\">Comfee Aire acondicionado port\u00e1til 1750 Frig\/h (7000 BTU\/h)<\/p>\n<div class=\"pivot-actions \">\n<div class=\"pivot-actions-row\">\n <a rel=\"nofollow, sponsored, noopener, noreferrer noopener\" target=\"_blank\" data-asin=\"\" data-store=\"Lidl\" href=\"https:\/\/www.xatakahome.com\/redirect?url=https%3A%2F%2Fwww.lidl.es%2Fes%2Fcomfee-aire-acondicionado-portatil-1750-frig%2Fh-7000-btu%2Fh%2Fp40775&amp;category=seleccion&amp;pivot=1&amp;ecomPostExpiration=everlasting&amp;postId=113573\" title=\"Precio de venta al p\u00fablico a fecha de publicaci\u00f3n\" class=\"pivot-action-btn pivot-action-primary\">PVP en Lidl \u2014 <strong>229,99<\/strong> \u20ac<\/a>\n <\/div>\n<\/p><\/div>\n<\/p><\/div>\n<\/p><\/div>\n<div class=\"pivot-link-msg\">* Alg\u00fan precio puede haber cambiado desde la \u00faltima revisi\u00f3n<\/div>\n<\/p><\/div>\n<p><!-- PIVOT END --><\/p>\n<h2>Comprar aire port\u00e1til acondicionado Comfee al mejor precio<\/h2>\n<div class=\"article-asset-image article-asset-normal article-asset-center\">\n<div class=\"asset-content\">\n                    <a rel=\"nofollow, sponsored, noopener, noreferrer noopener\" target=\"_blank\" class=\"js-ecommerce\" href=\"https:\/\/www.xatakahome.com\/redirect?url=https%3A%2F%2Fwww.lidl.es%2Fes%2Fcomfee-aire-acondicionado-portatil-1750-frig%2Fh-7000-btu%2Fh%2Fp40775&amp;category=seleccion&amp;ecomPostExpiration=everlasting&amp;postId=113573\" data-vars-affiliate-url=\"https:\/\/www.lidl.es\/es\/comfee-aire-acondicionado-portatil-1750-frig\/h-7000-btu\/h\/p40775\"><\/p>\n<p>    <img decoding=\"async\" alt=\"aire port\u00e1til acondicionado Comfee\" class=\"centro_sinmarco\" src=\"https:\/\/i.blogs.es\/e10434\/captura-de-pantalla-2024-07-28-a-las-10.44.05\/450_1000.webp\"><br \/>\n     <\/a><\/p><\/div>\n<\/div>\n<p>Este aire acondicionado no solo <strong>refresca, tambi\u00e9n deshumidifica<\/strong>, y cuenta con una capacidad frigor\u00edfica de 1750 Frig\/h, ideal para habitaciones o estancias de <strong>hasta 25 metros cuadrados<\/strong>.<\/p>\n<p><!-- BREAK 2 --><\/p>\n<p>Tiene una <strong>pantalla LED<\/strong> con pulsadores t\u00e1ctiles, para que lo controles con facilidad, y viene con un mando a distancia. Adem\u00e1s, es <strong>compatible con los asistentes de voz <\/strong>de Google y <a href=\"https:\/\/www.xataka.com\/basics\/que-alexa-que-puedes-hacer-que-dispositivos-compatibles\">Alexa<\/a>.<\/p>\n<p><!-- BREAK 3 --><\/p>\n<div class=\"article-asset-video article-asset-normal\">\n<div class=\"asset-content\">\n<div class=\"base-asset-video\">\n<div class=\"js-dailymotion\">\n    <script type=\"application\/json\">\n                          {\"videoId\":\"x88tf3k\",\"autoplay\":true,\"title\":\"AHORRA EN TU FACTURA DE LA LUZ: Las MEJORES OPCIONES para conocer los PRECIOS EN TU M\u00d3VIL\", \"tag\":\"webedia-prod\"}\n                  <\/script>\n   <\/div>\n<\/p><\/div>\n<\/p><\/div>\n<\/div>\n<p>Adem\u00e1s, cuenta con <strong>ruedas<\/strong> para que puedas llevarlo de una habitaci\u00f3n a otra con facilidad y tiene la etiqueta de <a href=\"https:\/\/www.xatakahome.com\/a-fondo\/etiquetas-clasificacion-energetica-tus-mejores-aliadas-al-comprar-electrodomestico-esto-todo-que-nos-explican\">certificaci\u00f3n energ\u00e9tica<\/a> clase A.<\/p>\n<div class=\"article-asset article-asset-normal article-asset-center\">\n<div class=\"desvio-container\">\n<div class=\"desvio\">\n<div class=\"desvio-figure js-desvio-figure\">\n    <a href=\"https:\/\/www.xatakahome.com\/hogar\/me-voy-vacaciones-se-como-voy-a-regar-mis-plantas-cuando-este-fuera-casa-solo-necesito-botella-plastico\"><br \/>\n     <img loading=\"lazy\" decoding=\"async\" alt=\"Me voy de vacaciones y ya s\u00e9 c\u00f3mo voy a regar mis plantas cuando est\u00e9 fuera de casa: solo necesito una botella de pl\u00e1stico \" width=\"375\" height=\"142\" src=\"https:\/\/i.blogs.es\/3f1441\/botella\/375_142.webp\" onerror='this.src=\"https:\/\/i.blogs.es\/3f1441\/botella\/375_142.jpeg\"'><br \/>\n    <\/a>\n   <\/div>\n<div class=\"desvio-summary\">\n<div class=\"desvio-taxonomy js-desvio-taxonomy\">\n     <a href=\"https:\/\/www.xatakahome.com\/hogar\/me-voy-vacaciones-se-como-voy-a-regar-mis-plantas-cuando-este-fuera-casa-solo-necesito-botella-plastico\" class=\"desvio-taxonomy-anchor\">En Xataka Smart Home<\/a>\n    <\/div>\n<p>    <a href=\"https:\/\/www.xatakahome.com\/hogar\/me-voy-vacaciones-se-como-voy-a-regar-mis-plantas-cuando-este-fuera-casa-solo-necesito-botella-plastico\" class=\"desvio-title js-desvio-title\">Me voy de vacaciones y ya s\u00e9 c\u00f3mo voy a regar mis plantas cuando est\u00e9 fuera de casa: solo necesito una botella de pl\u00e1stico <\/a>\n   <\/div>\n<\/p><\/div>\n<\/p><\/div>\n<\/div>\n<p>Si no llegas a tiempo a comprar esta oferta de Lidl, en Amazon hemos encontrado otra alternativa. Se trata del ForceClima 7100 Soundless de <strong>Cecotec<\/strong>, que es perfecto para habitaciones de hasta 20 metros cuadrados y cuenta con cuatro modos de funcionamiento. Es el m\u00e1s vendido y ahora est\u00e1 en oferta por 179,90 euros.<\/p>\n<p><!-- BREAK 4 --><!-- PIVOT START --><\/p>\n<div class=\"pivot-ecommerce-container m-pivot-ecommerce-redesign article-asset-normal article-asset-center\">\n<div class=\"pivot-ecommerce\">\n<div class=\"pivot-ecommerce-figure\">\n  <a rel=\"nofollow, sponsored, noopener, noreferrer noopener\" target=\"_blank\" href=\"https:\/\/www.xatakahome.com\/redirect?url=https%3A%2F%2Fwww.amazon.es%2Fdp%2FB0BPZHKY25%3Ftag%3Dxatakahome-21%26linkCode%3Dogi%26th%3D1%26psc%3D1&amp;category=seleccion&amp;pivot=1&amp;ecomPostExpiration=everlasting&amp;postId=113573\"><br \/>\n   <img loading=\"lazy\" decoding=\"async\" alt=\"Cecotec Aire Acondicionado Port\u00e1til con Mando a Distancia ForceClima 7100 Soundless\" width=\"500\" height=\"500\" src=\"https:\/\/i.blogs.es\/759ff9\/31ab49usxwl._sl500_\/original.webp\" onerror='this.src=\"https:\/\/i.blogs.es\/759ff9\/31ab49usxwl._sl500_\/original.jpeg\"'><br \/>\n  <\/a>\n  <\/div>\n<div class=\"pivot-ecommerce-summary\">\n<p class=\"pivot-ecommerce-desc\">Cecotec Aire Acondicionado Port\u00e1til con Mando a Distancia ForceClima 7100 Soundless<\/p>\n<div class=\"pivot-actions \">\n<div class=\"pivot-actions-row\">\n <a rel=\"nofollow, sponsored, noopener, noreferrer noopener\" target=\"_blank\" data-asin=\"B0BPZHKY25\" data-store=\"Amazon\" href=\"https:\/\/www.xatakahome.com\/redirect?url=https%3A%2F%2Fwww.amazon.es%2Fdp%2FB0BPZHKY25%3Ftag%3Dxatakahome-21%26linkCode%3Dogi%26th%3D1%26psc%3D1&amp;category=seleccion&amp;pivot=1&amp;ecomPostExpiration=everlasting&amp;postId=113573\" title=\"Precio actualizado hoy\" class=\"pivot-action-btn pivot-action-primary\">Hoy en Amazon \u2014 <strong>179,90<\/strong> \u20ac<\/a><br \/>\n   <a rel=\"nofollow, sponsored, noopener, noreferrer noopener\" target=\"_blank\" data-asin=\"1549507\" data-store=\"MediaMarkt\" href=\"https:\/\/www.xatakahome.com\/redirect?url=https%3A%2F%2Fwww.mediamarkt.es%2Fes%2Fproduct%2F_aire-acondicionado-portatil-cecotec-forceclima-7100-soundless-780-w-7000-btu-4-modos-2-velocidades-silencioso-mando-a-distancia-blanco-1549507.html&amp;category=seleccion&amp;pivot=1&amp;ecomPostExpiration=everlasting&amp;postId=113573\" title=\"Precio actualizado hoy\" class=\"pivot-action-btn pivot-action-secondary\">MediaMarkt \u2014 <strong>179,90<\/strong> \u20ac<\/a><br \/>\n   <a rel=\"nofollow, sponsored, noopener, noreferrer noopener\" target=\"_blank\" data-asin=\"10718850\" data-store=\"PcComponentes\" href=\"https:\/\/www.xatakahome.com\/redirect?url=https%3A%2F%2Fwww.pccomponentes.com%2Fcecotec-forceclima-7100-soundless-aire-acondicionado-portatil-con-mando-a-distancia-7000-btu&amp;category=seleccion&amp;pivot=1&amp;ecomPostExpiration=everlasting&amp;postId=113573\" title=\"Precio actualizado hoy\" class=\"pivot-action-btn pivot-action-secondary\">PcComponentes \u2014 <strong>183,92<\/strong> \u20ac<\/a><br \/>\n   <a rel=\"nofollow, sponsored, noopener, noreferrer noopener\" target=\"_blank\" data-asin=\"88478767\" data-store=\"Leroy Merlin\" href=\"https:\/\/www.xatakahome.com\/redirect?url=https%3A%2F%2Fwww.leroymerlin.es%2Fproductos%2Fcalefaccion-y-climatizacion%2Faire-acondicionado%2Faire-acondicionado-portatil%2Faire-acondicionado-portatil-con-mando-a-distancia-forceclima-7100-soundless-7000-btu-tecnologia-soundless-pantalla-led-4-modos-2-velocidades-cob-88478767.html%3FhighlightedOfferCode%3De132735a456604b3e2fe3a7db472764e721e4f45&amp;category=seleccion&amp;pivot=1&amp;ecomPostExpiration=everlasting&amp;postId=113573\" title=\"Precio actualizado hoy\" class=\"pivot-action-btn pivot-action-secondary\">Leroy Merlin \u2014 <strong>8.362,74<\/strong> \u20ac<\/a>\n <\/div>\n<\/p><\/div>\n<\/p><\/div>\n<\/p><\/div>\n<div class=\"pivot-link-msg\">* Alg\u00fan precio puede haber cambiado desde la \u00faltima revisi\u00f3n<\/div>\n<\/p><\/div>\n<p><!-- PIVOT END --><\/p>\n<h2>Tambi\u00e9n te puede interesar<\/h2>\n<p><!-- PIVOT START --><\/p>\n<div class=\"pivot-ecommerce-container m-pivot-ecommerce-redesign article-asset-normal article-asset-center\">\n<div class=\"pivot-ecommerce\">\n<div class=\"pivot-ecommerce-figure\">\n  <a rel=\"nofollow, sponsored, noopener, noreferrer noopener\" target=\"_blank\" href=\"https:\/\/www.xatakahome.com\/redirect?url=https%3A%2F%2Fwww.amazon.es%2Fdp%2FB08B1BQJ9J%3Ftag%3Dxatakahome-21%26linkCode%3Dogi%26th%3D1%26psc%3D1&amp;category=seleccion&amp;pivot=1&amp;ecomPostExpiration=everlasting&amp;postId=113573\"><br \/>\n   <img loading=\"lazy\" decoding=\"async\" alt=\"LYUNIT 400CM Kit Ventana Aire Acondicionado\" width=\"500\" height=\"500\" src=\"https:\/\/i.blogs.es\/1ef8c1\/41sva3e8tvl._sl500_\/original.webp\" onerror='this.src=\"https:\/\/i.blogs.es\/1ef8c1\/41sva3e8tvl._sl500_\/original.jpeg\"'><br \/>\n  <\/a>\n  <\/div>\n<div class=\"pivot-ecommerce-summary\">\n<p class=\"pivot-ecommerce-desc\">LYUNIT 400CM Kit Ventana Aire Acondicionado<\/p>\n<div class=\"pivot-actions \">\n<div class=\"pivot-actions-row\">\n <a rel=\"nofollow, sponsored, noopener, noreferrer noopener\" target=\"_blank\" data-asin=\"B08B1BQJ9J\" data-store=\"Amazon\" href=\"https:\/\/www.xatakahome.com\/redirect?url=https%3A%2F%2Fwww.amazon.es%2Fdp%2FB08B1BQJ9J%3Ftag%3Dxatakahome-21%26linkCode%3Dogi%26th%3D1%26psc%3D1&amp;category=seleccion&amp;pivot=1&amp;ecomPostExpiration=everlasting&amp;postId=113573\" title=\"Precio actualizado hoy\" class=\"pivot-action-btn pivot-action-primary\">Hoy en Amazon \u2014 <strong>19,99<\/strong> \u20ac<\/a>\n <\/div>\n<\/p><\/div>\n<\/p><\/div>\n<\/p><\/div>\n<div class=\"pivot-link-msg\">* Alg\u00fan precio puede haber cambiado desde la \u00faltima revisi\u00f3n<\/div>\n<\/p><\/div>\n<p><!-- PIVOT END --><br \/>\n<!-- PIVOT START --><\/p>\n<div class=\"pivot-ecommerce-container m-pivot-ecommerce-redesign article-asset-normal article-asset-center\">\n<div class=\"pivot-ecommerce\">\n<div class=\"pivot-ecommerce-figure\">\n  <a rel=\"nofollow, sponsored, noopener, noreferrer noopener\" target=\"_blank\" href=\"https:\/\/www.xatakahome.com\/redirect?url=https%3A%2F%2Fwww.amazon.es%2Fdp%2FB08QZD91XX%3Ftag%3Dxatakahome-21%26linkCode%3Dogi%26th%3D1%26psc%3D1&amp;category=seleccion&amp;pivot=1&amp;ecomPostExpiration=everlasting&amp;postId=113573\"><br \/>\n   <img loading=\"lazy\" decoding=\"async\" alt=\"Sello de Ventana para Aire Acondicionado\" width=\"500\" height=\"500\" src=\"https:\/\/i.blogs.es\/39e859\/41roqnp7-hl._sl500_\/original.webp\" onerror='this.src=\"https:\/\/i.blogs.es\/39e859\/41roqnp7-hl._sl500_\/original.jpeg\"'><br \/>\n  <\/a>\n  <\/div>\n<div class=\"pivot-ecommerce-summary\">\n<p class=\"pivot-ecommerce-desc\">Sello de Ventana para Aire Acondicionado<\/p>\n<div class=\"pivot-actions \">\n<div class=\"pivot-actions-row\">\n <a rel=\"nofollow, sponsored, noopener, noreferrer noopener\" target=\"_blank\" data-asin=\"B08QZD91XX\" data-store=\"Amazon\" href=\"https:\/\/www.xatakahome.com\/redirect?url=https%3A%2F%2Fwww.amazon.es%2Fdp%2FB08QZD91XX%3Ftag%3Dxatakahome-21%26linkCode%3Dogi%26th%3D1%26psc%3D1&amp;category=seleccion&amp;pivot=1&amp;ecomPostExpiration=everlasting&amp;postId=113573\" title=\"Precio actualizado hoy\" class=\"pivot-action-btn pivot-action-primary\">Hoy en Amazon \u2014 <strong>17,36<\/strong> \u20ac<\/a>\n <\/div>\n<\/p><\/div>\n<\/p><\/div>\n<\/p><\/div>\n<div class=\"pivot-link-msg\">* Alg\u00fan precio puede haber cambiado desde la \u00faltima revisi\u00f3n<\/div>\n<\/p><\/div>\n<p><!-- PIVOT END --><\/p>\n<p><em>Nota: algunos de los enlaces aqu\u00ed publicados son de afiliados y pueden reportar un beneficio.<\/em><\/p>\n<p>Im\u00e1genes | Webedia y Comfee<\/p>\n<p>En Xataka Smart Home | <a href=\"https:\/\/www.xatakahome.com\/seleccion\/adios-al-calor-casa-estos-mejores-aires-acondicionados-portatiles-que-arrasaran-este-verano\">Estos son nuestros cinco aires acondicionados port\u00e1tiles favoritos para sobrellevar mejor este verano en casa<\/a><\/p>\n<p>En Xataka Smart Home | <a href=\"https:\/\/www.xatakahome.com\/seleccion\/mejores-aires-acondicionados-portatiles-cual-comprar-consejos-recomendaciones\">Los mejores aires acondicionados port\u00e1tiles: \u00bfCu\u00e1l comprar? Consejos y recomendaciones<\/a><\/p>\n<p><script>\n (function() {\n  window._JS_MODULES = window._JS_MODULES || {};\n  var headElement = document.getElementsByTagName('head')[0];\n  if (_JS_MODULES.instagram) {\n   var instagramScript = document.createElement('script');\n   instagramScript.src = 'https:\/\/platform.instagram.com\/en_US\/embeds.js';\n   instagramScript.async = true;\n   instagramScript.defer = true;\n   headElement.appendChild(instagramScript);\n  }\n })();\n<\/script><\/p>\n<p> &#8211; <br \/> La noticia<br \/>\n      <a href=\"https:\/\/www.xatakahome.com\/seleccion\/lidl-tiene-uno-sus-aires-acondicionados-vendidos-a-precio-chollo-1?utm_source=feedburner&amp;utm_medium=feed&amp;utm_campaign=10_Aug_2024\"><br \/>\n       <em> Lidl tiene uno de sus aires acondicionados m\u00e1s vendidos a precio de chollo  <\/em><br \/>\n      <\/a><br \/>\n      fue publicada originalmente en<br \/>\n      <a href=\"https:\/\/www.xatakahome.com\/?utm_source=feedburner&amp;utm_medium=feed&amp;utm_campaign=10_Aug_2024\"><br \/>\n       <strong> Xataka Smart Home <\/strong><br \/>\n      <\/a><br \/>\n            por <a href=\"https:\/\/www.xatakahome.com\/autor\/silvia-cabrero?utm_source=feedburner&amp;utm_medium=feed&amp;utm_campaign=10_Aug_2024\"><br \/>\n       Silvia Cabrero<br \/>\n      <\/a><br \/>\n      . <\/p>\n<\/div>\n","protected":false},"excerpt":{"rendered":"<p>Una buena forma de combatir el calor estas noches de verano, es con este aire acondicionado port\u00e1til Comfee de Lidl. Ahora, lo puedes encontrar muy rebajado en Lidl por 229,99 euros, frente a los 369 euros de su precio anterior, con un descuento de 139,01 euros. Comfee Aire acondicionado port\u00e1til 1750 Frig\/h (7000 BTU\/h) PVP &hellip; <a href=\"https:\/\/domosistemas.com\/?p=25303\" class=\"more-link\">Sigue leyendo <span class=\"screen-reader-text\">Lidl tiene uno de sus aires acondicionados m\u00e1s vendidos a precio de chollo<\/span><\/a><\/p>\n","protected":false},"author":1,"featured_media":0,"comment_status":"closed","ping_status":"closed","sticky":false,"template":"","format":"standard","meta":{"footnotes":""},"categories":[8],"tags":[],"class_list":["post-25303","post","type-post","status-publish","format-standard","hentry","category-xataka"],"_links":{"self":[{"href":"https:\/\/domosistemas.com\/index.php?rest_route=\/wp\/v2\/posts\/25303","targetHints":{"allow":["GET"]}}],"collection":[{"href":"https:\/\/domosistemas.com\/index.php?rest_route=\/wp\/v2\/posts"}],"about":[{"href":"https:\/\/domosistemas.com\/index.php?rest_route=\/wp\/v2\/types\/post"}],"author":[{"embeddable":true,"href":"https:\/\/domosistemas.com\/index.php?rest_route=\/wp\/v2\/users\/1"}],"replies":[{"embeddable":true,"href":"https:\/\/domosistemas.com\/index.php?rest_route=%2Fwp%2Fv2%2Fcomments&post=25303"}],"version-history":[{"count":0,"href":"https:\/\/domosistemas.com\/index.php?rest_route=\/wp\/v2\/posts\/25303\/revisions"}],"wp:attachment":[{"href":"https:\/\/domosistemas.com\/index.php?rest_route=%2Fwp%2Fv2%2Fmedia&parent=25303"}],"wp:term":[{"taxonomy":"category","embeddable":true,"href":"https:\/\/domosistemas.com\/index.php?rest_route=%2Fwp%2Fv2%2Fcategories&post=25303"},{"taxonomy":"post_tag","embeddable":true,"href":"https:\/\/domosistemas.com\/index.php?rest_route=%2Fwp%2Fv2%2Ftags&post=25303"}],"curies":[{"name":"wp","href":"https:\/\/api.w.org\/{rel}","templated":true}]}}