{"id":25316,"date":"2024-08-13T07:05:12","date_gmt":"2024-08-13T07:05:12","guid":{"rendered":"https:\/\/domosistemas.com\/?p=25316"},"modified":"2024-08-13T07:05:12","modified_gmt":"2024-08-13T07:05:12","slug":"hay-quien-no-enciende-un-ventilador-por-ahorrar-pero-luego-gasta-mucho-mas-usando-estos-aparatos-a-diario","status":"publish","type":"post","link":"https:\/\/domosistemas.com\/?p=25316","title":{"rendered":"Hay quien no enciende un ventilador por ahorrar, pero luego gasta mucho m\u00e1s usando estos aparatos a diario"},"content":{"rendered":"<div>\n<p>\n      <img decoding=\"async\" src=\"https:\/\/i.blogs.es\/469984\/open-house-floor-interior-home-food-859046-pxhere.com\/1024_2000.jpeg\" alt=\"Hay quien no enciende un ventilador por ahorrar, pero luego gasta mucho m\u00e1s usando estos aparatos a diario\">\n    <\/p>\n<p>El calor sigue con nosotros y si tenemos <a href=\"https:\/\/www.xatakahome.com\/a-fondo\/que-tipo-aire-acondicionado-mejor-para-mi-casa-ventajas-e-inconvenientes-cada-modalidad\">aire acondicionado<\/a> en casa, ventiladores o <a href=\"https:\/\/www.xatakahome.com\/electrodomesticos-innovadores\/refrigeradores-evaporacion-ventajas-inconvenientes-que-fijarse-al-comprar-uno-modelos-recomendados\">sistemas de evaporaci\u00f3n<\/a>, lo normal es que los encendamos en las horas m\u00e1s calurosas del d\u00eda. Sin embargo, puede que dado el <strong>alto precio de la luz <\/strong>optemos por no hacerlo para ahorrar todo lo posible, sobre todo si la situaci\u00f3n econ\u00f3mica en casa no es muy boyante.<\/p>\n<p><!-- BREAK 1 --><\/p>\n<p>Y de hecho est\u00e1 claro que <strong>si no los ponemos en marcha gastaremos menos luz,<\/strong> aunque en el caso de los ventiladores ya <a href=\"https:\/\/www.xatakahome.com\/hogar\/tener-ventilador-todo-dia-encendido-sale-barato-esto-que-te-costara-usarlo-este-verano-1\">vimos en su d\u00eda<\/a> que el ahorro es insignificante, incluso aunque los tengamos todo el d\u00eda o toda la noche conectados.<\/p>\n<p><!-- BREAK 2 --><\/p>\n<p>No obstante, tambi\u00e9n es frecuente que prescindamos de su uso por creer que son la principal fuente de gasto el\u00e9ctrico junto con otros sospechosos habituales como la lavadora, el horno o el lavavajillas, pero luego, sin darnos cuenta, tenemos otro mont\u00f3n de aparatos encendidos que <strong>gasta mucho m\u00e1s<\/strong> y que son los que realmente hacen subir la factura.<\/p>\n<p><!-- BREAK 3 --><\/p>\n<div class=\"article-asset article-asset-normal article-asset-center\">\n<div class=\"desvio-container\">\n<div class=\"desvio\">\n<div class=\"desvio-figure js-desvio-figure\">\n    <a href=\"https:\/\/www.xatakahome.com\/hogar\/tener-ventilador-todo-dia-encendido-sale-barato-esto-que-te-costara-usarlo-este-verano-1\"><br \/>\n     <img loading=\"lazy\" decoding=\"async\" alt=\"Tener un ventilador todo el d\u00eda encendido sale barato: esto es lo que te costar\u00e1 usarlo este verano  \" width=\"375\" height=\"142\" src=\"https:\/\/i.blogs.es\/9077ad\/71kuknuzadl._ac_sl1500_\/375_142.webp\" onerror='this.src=\"https:\/\/i.blogs.es\/9077ad\/71kuknuzadl._ac_sl1500_\/375_142.jpeg\"'><br \/>\n    <\/a>\n   <\/div>\n<div class=\"desvio-summary\">\n<div class=\"desvio-taxonomy js-desvio-taxonomy\">\n     <a href=\"https:\/\/www.xatakahome.com\/hogar\/tener-ventilador-todo-dia-encendido-sale-barato-esto-que-te-costara-usarlo-este-verano-1\" class=\"desvio-taxonomy-anchor\">En Xataka Smart Home<\/a>\n    <\/div>\n<p>    <a href=\"https:\/\/www.xatakahome.com\/hogar\/tener-ventilador-todo-dia-encendido-sale-barato-esto-que-te-costara-usarlo-este-verano-1\" class=\"desvio-title js-desvio-title\">Tener un ventilador todo el d\u00eda encendido sale barato: esto es lo que te costar\u00e1 usarlo este verano  <\/a>\n   <\/div>\n<\/p><\/div>\n<\/p><\/div>\n<\/div>\n<h2>Electrodom\u00e9sticos que gastan mucha electricidad en casa<\/h2>\n<p>Entre los electrodom\u00e9sticos del hogar podemos diferenciar claramente <strong>dos clases de equipos<\/strong> en funci\u00f3n de su tiempo de uso y del gasto energ\u00e9tico. En primer lugar tenemos los que <strong>consumen mucha potencia de forma puntual<\/strong> (t\u00edpicamente m\u00e1s de 1.000 vatios) necesitando gran energ\u00eda durante periodos cortos, y en segundo lugar los que tienen un <strong>bajo consumo<\/strong> pero su tiempo de utilizaci\u00f3n es de muchas horas a lo largo del d\u00eda,<strong> como los ventiladores que suelen gastar entre 40 y 50 vatios<\/strong>. \u00bfCu\u00e1les son los que m\u00e1s luz consumen?<\/p>\n<p><!-- BREAK 4 --><\/p>\n<ul>\n<li><strong>Las planchas para la ropa y el pelo<\/strong> han evolucionado poco conceptualmente en los \u00faltimos 100 a\u00f1os. <strong>Una resistencia poco eficiente <\/strong>calienta una superficie y un dep\u00f3sito de agua sobrepasando generalmente los <strong>2.000 vatios <\/strong>en los modelos b\u00e1sicos. Esta cifra incluso puede ascender hasta los <strong>3.000 vatios<\/strong> o m\u00e1s en algunos de gama alta y sobre todo en los centros de planchado \u00a0con calder\u00edn de vapor aparte, que disparan el consumo el\u00e9ctrico.<\/li>\n<\/ul>\n<div class=\"article-asset-image article-asset-normal article-asset-center\">\n<div class=\"asset-content\">\n<div class=\"caption-img \">\n                    <a rel=\"noopener, noreferrer\" href=\"https:\/\/pxhere.com\/es\/photo\/1611207\"><\/p>\n<p>    <img decoding=\"async\" alt=\"Clothes Iron Green Iron Small Appliance Transport Home Appliance 1611207 Pxhere Com\" class=\"centro_sinmarco\" src=\"https:\/\/i.blogs.es\/752f7a\/clothes-iron-green-iron-small-appliance-transport-home-appliance-1611207-pxhere.com\/450_1000.webp\"><br \/>\n     <\/a><\/p>\n<p>        <span>Imagen: PxHere<\/span>\n   <\/div>\n<\/p><\/div>\n<\/div>\n<ul>\n<li><strong>Los secadores de pelo<\/strong> proporcionan un calor inmediato gracias a un alt\u00edsimo consumo el\u00e9ctrico, que es posteriormente expulsado al exterior por un sistema de ventilaci\u00f3n. Pueden <strong>superar f\u00e1cilmente los 1.500 vatios<\/strong> en los m\u00e1s b\u00e1sicos pero hay equipos de altas gamas que incluso llegan a cifras muy superiores por encima de los <strong>2.000 vatios<\/strong>.<\/li>\n<li><strong>Las planchas el\u00e9ctricas para cocinar<\/strong> se pusieron muy de moda hace unos a\u00f1os con multitud de modelos en el mercado y su misi\u00f3n es muy b\u00e1sica, <strong>calentar una superficie met\u00e1lica usando una resistencia el\u00e9ctrica<\/strong>. Consumen <strong>m\u00e1s de 1.500 vatios<\/strong> y en los modelos m\u00e1s grandes y potentes <strong>sobrepasan los 2.000 vatios<\/strong> para ofrecer un calor instant\u00e1neo con el que cocinar f\u00e1cilmente.<\/li>\n<li><strong>Las<\/strong> <strong>tostadoras y sandwicheras<\/strong> son tambi\u00e9n unos electrodom\u00e9sticos que hacen su trabajo consumiendo una gran cantidad de energ\u00eda el\u00e9ctrica siguiendo la estela de funcionamiento basada en resistencias del resto de aparatos de la lista. Las m\u00e1s discretas cuentan con potencias que rondan los <strong>1.200-1.500 vatios<\/strong>, aunque hay modelos que gastan a\u00fan m\u00e1s. Sin embargo, estos equipos tienen la ventaja de que el tiempo de uso suele ser muy reducido, de <strong>unos 5-10 minutos<\/strong> como mucho.<\/li>\n<li><strong>Las freidoras de aceite y de aire<\/strong> son otro electrodom\u00e9stico imprescindible en muchas cocinas espa\u00f1olas. En el caso de las de aceite, el consumo el\u00e9ctrico puede rondar f\u00e1cilmente los <strong>2.000-2.500 vatios<\/strong> en los modelos de tama\u00f1o intermedio. Y en las de aire se reduce sensiblemente pero a\u00fan as\u00ed suele estar entre los <strong>1.000 y 1.500 vatios<\/strong>.<\/li>\n<\/ul>\n<div class=\"article-asset-video article-asset-normal\">\n<div class=\"asset-content\">\n<div class=\"base-asset-video\">\n<div class=\"js-dailymotion\">\n    <script type=\"application\/json\">\n                          {\"videoId\":\"x88tf3k\",\"autoplay\":true,\"title\":\"AHORRA EN TU FACTURA DE LA LUZ: Las MEJORES OPCIONES para conocer los PRECIOS EN TU M\u00d3VIL\", \"tag\":\"webedia-prod\", \"duration\":\"258\"}\n                  <\/script>\n   <\/div>\n<\/p><\/div>\n<\/p><\/div>\n<\/div>\n<ul>\n<li><strong>Los frigor\u00edficos<\/strong> son enormes aparatos que pese a su tama\u00f1o tienen un gasto energ\u00e9tico reducido. Con unos consumos que rara vez superan los <strong>200-300 vatios de pico, <\/strong>pero que tienen que estar <strong>encendidos las 24 horas del d\u00eda<\/strong>, por lo que al final el gasto se dispara. Por ello no conviene estar todo el d\u00eda abriendo y cerrando la puerta y verificar que las gomas aislantes de la misma est\u00e1n en buenas condiciones.<\/li>\n<li><strong>El termo el\u00e9ctrico<\/strong> es otro de los grandes consumidores de electricidad en casa. Muchas veces lo dejamos encendido sin darnos cuenta, gastando cantidades de <strong>1.000-1.500 vatios<\/strong> cuando no vamos a necesitarlo. Adem\u00e1s, en verano con el calor podemos bajar la temperatura de funcionamiento a unos 40 grados, que para ducharnos ser\u00e1 suficiente y ahorraremos mucha electricidad.<\/li>\n<li><strong>La tele<\/strong> puede ser tambi\u00e9n una gran consumidora de electricidad, porque en muchos hogares hay la costumbre de <strong>encenderla por la ma\u00f1ana y dejarla puesta casi todo el d\u00eda<\/strong>, como para \u00abcrear ambiente\u00bb, gastando y gastando muchas veces sin que estemos viendo alg\u00fan programa concreto. Esto hace que el consumo se dispare y que el televisor suponga <strong>hasta el 7,5% del gasto el\u00e9ctrico<\/strong> en los hogares. Lo ideal es encenderla solo cuando vayamos a verla de verdad, pero adem\u00e1s se puede <strong>apagar la pantalla dejando<\/strong> funcionando el sonido si nuestro modelo lo permite y <strong>configurar un nivel de brillo del panel<\/strong> bajo para cuando el uso sea generalista y un modo de m\u00e1ximo brillo cuando realmente vayamos a aprovecharlo con alguna \u00a0pel\u00edcula o serie.<\/li>\n<\/ul>\n<p>Imagen portada | \u00a0<a rel=\"noopener, noreferrer\" href=\"https:\/\/pxhere.com\/es\/photo\/859046\">PxHere<\/a><\/p>\n<p>En Xataka Smart Home | <a href=\"https:\/\/www.xatakahome.com\/a-fondo\/cuales-electrodomesticos-dispositivos-que-consumen-casa-guia-para-ahorrar-nueva-factura-luz\">Cu\u00e1les son los electrodom\u00e9sticos y \u00a0dispositivos que m\u00e1s energ\u00eda gastan en casa: gu\u00eda para ahorrar con la \u00a0nueva factura de la luz<\/a><\/p>\n<p><!-- BREAK 5 --><script>\n (function() {\n  window._JS_MODULES = window._JS_MODULES || {};\n  var headElement = document.getElementsByTagName('head')[0];\n  if (_JS_MODULES.instagram) {\n   var instagramScript = document.createElement('script');\n   instagramScript.src = 'https:\/\/platform.instagram.com\/en_US\/embeds.js';\n   instagramScript.async = true;\n   instagramScript.defer = true;\n   headElement.appendChild(instagramScript);\n  }\n })();\n<\/script><\/p>\n<p> &#8211; <br \/> La noticia<br \/>\n      <a href=\"https:\/\/www.xatakahome.com\/hogar\/hay-quien-no-enciende-ventilador-ahorrar-luego-gasta-mucho-usando-estos-aparatos-a-diario?utm_source=feedburner&amp;utm_medium=feed&amp;utm_campaign=13_Aug_2024\"><br \/>\n       <em> Hay quien no enciende un ventilador por ahorrar, pero luego gasta mucho m\u00e1s usando estos aparatos a diario <\/em><br \/>\n      <\/a><br \/>\n      fue publicada originalmente en<br \/>\n      <a href=\"https:\/\/www.xatakahome.com\/?utm_source=feedburner&amp;utm_medium=feed&amp;utm_campaign=13_Aug_2024\"><br \/>\n       <strong> Xataka Smart Home <\/strong><br \/>\n      <\/a><br \/>\n            por <a href=\"https:\/\/www.xatakahome.com\/autor\/paco-rodriguez?utm_source=feedburner&amp;utm_medium=feed&amp;utm_campaign=13_Aug_2024\"><br \/>\n       Paco Rodriguez<br \/>\n      <\/a><br \/>\n      . <\/p>\n<\/div>\n","protected":false},"excerpt":{"rendered":"<p>El calor sigue con nosotros y si tenemos aire acondicionado en casa, ventiladores o sistemas de evaporaci\u00f3n, lo normal es que los encendamos en las horas m\u00e1s calurosas del d\u00eda. Sin embargo, puede que dado el alto precio de la luz optemos por no hacerlo para ahorrar todo lo posible, sobre todo si la situaci\u00f3n &hellip; <a href=\"https:\/\/domosistemas.com\/?p=25316\" class=\"more-link\">Sigue leyendo <span class=\"screen-reader-text\">Hay quien no enciende un ventilador por ahorrar, pero luego gasta mucho m\u00e1s usando estos aparatos a diario<\/span><\/a><\/p>\n","protected":false},"author":1,"featured_media":0,"comment_status":"closed","ping_status":"closed","sticky":false,"template":"","format":"standard","meta":{"footnotes":""},"categories":[8],"tags":[],"class_list":["post-25316","post","type-post","status-publish","format-standard","hentry","category-xataka"],"_links":{"self":[{"href":"https:\/\/domosistemas.com\/index.php?rest_route=\/wp\/v2\/posts\/25316","targetHints":{"allow":["GET"]}}],"collection":[{"href":"https:\/\/domosistemas.com\/index.php?rest_route=\/wp\/v2\/posts"}],"about":[{"href":"https:\/\/domosistemas.com\/index.php?rest_route=\/wp\/v2\/types\/post"}],"author":[{"embeddable":true,"href":"https:\/\/domosistemas.com\/index.php?rest_route=\/wp\/v2\/users\/1"}],"replies":[{"embeddable":true,"href":"https:\/\/domosistemas.com\/index.php?rest_route=%2Fwp%2Fv2%2Fcomments&post=25316"}],"version-history":[{"count":0,"href":"https:\/\/domosistemas.com\/index.php?rest_route=\/wp\/v2\/posts\/25316\/revisions"}],"wp:attachment":[{"href":"https:\/\/domosistemas.com\/index.php?rest_route=%2Fwp%2Fv2%2Fmedia&parent=25316"}],"wp:term":[{"taxonomy":"category","embeddable":true,"href":"https:\/\/domosistemas.com\/index.php?rest_route=%2Fwp%2Fv2%2Fcategories&post=25316"},{"taxonomy":"post_tag","embeddable":true,"href":"https:\/\/domosistemas.com\/index.php?rest_route=%2Fwp%2Fv2%2Ftags&post=25316"}],"curies":[{"name":"wp","href":"https:\/\/api.w.org\/{rel}","templated":true}]}}