{"id":25323,"date":"2024-08-14T08:09:58","date_gmt":"2024-08-14T08:09:58","guid":{"rendered":"https:\/\/domosistemas.com\/?p=25323"},"modified":"2024-08-14T08:09:58","modified_gmt":"2024-08-14T08:09:58","slug":"aldi-lanza-tres-modelos-low-cost-de-batidora-picadora-y-amasadora-sin-cables-y-por-tiempo-limitado","status":"publish","type":"post","link":"https:\/\/domosistemas.com\/?p=25323","title":{"rendered":"ALDI lanza tres modelos \u00ablow cost\u00bb de batidora, picadora y amasadora: sin cables y por tiempo limitado"},"content":{"rendered":"<div>\n<p>\n      <img decoding=\"async\" src=\"https:\/\/i.blogs.es\/b281dd\/aldi\/1024_2000.jpeg\" alt='ALDI lanza tres modelos \"low cost\" de batidora, picadora y amasadora: sin cables y por tiempo limitado'>\n    <\/p>\n<p><strong>ALDI <\/strong>quiere ir preparando la nueva temporada y coincidiendo con el fin del mes de agosto la cadena de supermercados tiene ya en el punto de mira una <strong>colecci\u00f3n de batidoras sin cable<\/strong> con tres interesantes productos.<\/p>\n<p><!-- BREAK 1 --><\/p>\n<p>Seg\u00fan las primeras informaciones facilitadas por la compa\u00f1\u00eda, estos electrodom\u00e9sticos estar\u00e1n dise\u00f1ados para \u00abhacer la cocina m\u00e1s f\u00e1cil y eficiente\u00bb y tendr\u00e1n unos <strong>precios muy competitivos<\/strong>.<\/p>\n<p><!-- BREAK 2 --><\/p>\n<div class=\"article-asset article-asset-normal article-asset-center\">\n<div class=\"desvio-container\">\n<div class=\"desvio\">\n<div class=\"desvio-figure js-desvio-figure\">\n    <a href=\"https:\/\/www.xatakahome.com\/guia-de-compra\/neveras-portatiles-electricas-para-tener-tus-bebidas-siempre-fresquitas-que-que-fijarse-al-comprar-modelos-destacados\"><br \/>\n     <img loading=\"lazy\" decoding=\"async\" alt=\"Neveras port\u00e1tiles el\u00e9ctricas para tener tus bebidas siempre fresquitas: qu\u00e9 son, en qu\u00e9 fijarse al comprar y modelos destacados\" width=\"375\" height=\"142\" src=\"https:\/\/i.blogs.es\/cc9a46\/580928e7-4429-4e5f-bdfe-e284055b8699.__cr0-0-970-600_pt0_sx970_v1___\/375_142.webp\" onerror='this.src=\"https:\/\/i.blogs.es\/cc9a46\/580928e7-4429-4e5f-bdfe-e284055b8699.__cr0-0-970-600_pt0_sx970_v1___\/375_142.jpg\"'><br \/>\n    <\/a>\n   <\/div>\n<div class=\"desvio-summary\">\n<div class=\"desvio-taxonomy js-desvio-taxonomy\">\n     <a href=\"https:\/\/www.xatakahome.com\/guia-de-compra\/neveras-portatiles-electricas-para-tener-tus-bebidas-siempre-fresquitas-que-que-fijarse-al-comprar-modelos-destacados\" class=\"desvio-taxonomy-anchor\">En Xataka Smart Home<\/a>\n    <\/div>\n<p>    <a href=\"https:\/\/www.xatakahome.com\/guia-de-compra\/neveras-portatiles-electricas-para-tener-tus-bebidas-siempre-fresquitas-que-que-fijarse-al-comprar-modelos-destacados\" class=\"desvio-title js-desvio-title\">Neveras port\u00e1tiles el\u00e9ctricas para tener tus bebidas siempre fresquitas: qu\u00e9 son, en qu\u00e9 fijarse al comprar y modelos destacados<\/a>\n   <\/div>\n<\/p><\/div>\n<\/p><\/div>\n<\/div>\n<h2>Tres nuevas batidoras sin cables<\/h2>\n<div class=\"article-asset-image article-asset-normal article-asset-center\">\n<div class=\"asset-content\">\n<div class=\"caption-img \">\n<p>   <img decoding=\"async\" alt=\"Batidora Picadora Sin Cable\" class=\"centro_sinmarco\" src=\"https:\/\/i.blogs.es\/451781\/batidora_picadora-sin-cable\/450_1000.webp\"><\/p>\n<p>        <span>Imagen: ALDI<\/span>\n   <\/div>\n<\/p><\/div>\n<\/div>\n<p>La selecci\u00f3n de ALDI incluye <strong>una batidora amasadora, una batidora de mano y una picadora<\/strong>, todas ellas por el mismo precio de <strong>29,99 euros la unidad <\/strong>y disponibles desde el <strong>s\u00e1bado 17 de agosto<\/strong> por tiempo limitado en los supermercados de la cadena.<\/p>\n<p><!-- BREAK 3 --><\/p>\n<p><strong>La batidora de mano sin cable de ALDI <\/strong>cuenta con una <strong>bater\u00eda de 1.500 mAh<\/strong> y dos niveles de velocidad, incluyendo un brazo extra\u00edble y un vaso medidor que facilita la dosificaci\u00f3n m\u00e1s precisa de los ingredientes. Est\u00e1 pensada para batir, picar, mezclar y emulsionar, ofreciendo versatilidad en un solo dispositivo.<\/p>\n<p><!-- BREAK 4 --><\/p>\n<p><strong>La<\/strong> <strong>picadora sin cable<\/strong> tambi\u00e9n equipada con una <strong>bater\u00eda de 1.500 mAh<\/strong>. Su vaso integrado tiene una capacidad de 1 litro, permitiendo procesar mayores cantidades de alimentos que el modelo anterior. Adem\u00e1s de picar, esta herramienta est\u00e1 pensada para batir, espumar, mezclar y emulsionar.<\/p>\n<p><!-- BREAK 5 --><\/p>\n<p><strong>La batidora amasadora sin cable <\/strong>permite mayor comodidad y flexibilidad que los dos anteriores modelos gracias a su dise\u00f1o. Tiene tambi\u00e9n una <strong>bater\u00eda de 1.500 mAh<\/strong> y ofrece tres velocidades. Viene acompa\u00f1ada de dos varillas de acero inoxidable resistentes a impactos y da\u00f1os.<\/p>\n<p><!-- BREAK 6 --><\/p>\n<div class=\"article-asset-video article-asset-normal\">\n<div class=\"asset-content\">\n<div class=\"base-asset-video\">\n<div class=\"js-dailymotion\">\n    <script type=\"application\/json\">\n                          {\"videoId\":\"x81h7p2\",\"autoplay\":true,\"title\":\"NUEVA FACTURA DE LA LUZ: TODO LO QUE DEBES SABER para AHORRAR AL M\u00c1XIMO\", \"tag\":\"\", \"duration\":\"290\"}\n                  <\/script>\n   <\/div>\n<\/p><\/div>\n<\/p><\/div>\n<\/div>\n<h2>Nuevas sartenes y accesorios<\/h2>\n<p>A partir de este mi\u00e9rcoles, ALDI tambi\u00e9n pone a la venta otros productos para la cocina, como una <strong>sart\u00e9n de hierro fundido<\/strong> de 24 cent\u00edmetros por <strong>14,99 euros<\/strong> con un esmaltado interior y exterior que permite usarla en todo tipo de cocinas, incluidas las de inducci\u00f3n y horno y es capaz de soportar temperaturas de hasta 240 grados.<\/p>\n<p><!-- BREAK 7 --><\/p>\n<div class=\"article-asset-image article-asset-normal article-asset-center\">\n<div class=\"asset-content\">\n<div class=\"caption-img \">\n<p>   <img decoding=\"async\" alt=\"Image\" class=\"centro_sinmarco\" src=\"https:\/\/i.blogs.es\/ad7f5e\/image\/450_1000.webp\"><\/p>\n<p>        <span>Imagen: ALDI<\/span>\n   <\/div>\n<\/p><\/div>\n<\/div>\n<p>Tambi\u00e9n pondr\u00e1 a la venta un pack de <strong>protectores para sartenes y vajillas<\/strong>, de un material flexible y antideslizante que protege las vajillas de posibles rayaduras y cuida el recubrimiento antiadherente de las sartenes. Es recortable y lavable, lo que admite usarlo tantas veces como se desee. Estar\u00e1 disponible en diferentes modelos y colores por tan solo <strong>1,99 euros el pack de tres<\/strong>.<\/p>\n<p><!-- BREAK 8 --><\/p>\n<p>Imagen portada | ALDI<\/p>\n<p>En Xataka Smart Home | <a href=\"https:\/\/www.xatakahome.com\/electrodomesticos-innovadores\/aldi-lanza-su-solucion-low-cost-para-tener-bebidas-fresquitas-este-verano-asi-su-mininevera-portatil\">ALDI lanza su soluci\u00f3n \u00ablow cost\u00bb para tener las bebidas fresquitas este verano: as\u00ed es su mininevera port\u00e1til<\/a><\/p>\n<p><script>\n (function() {\n  window._JS_MODULES = window._JS_MODULES || {};\n  var headElement = document.getElementsByTagName('head')[0];\n  if (_JS_MODULES.instagram) {\n   var instagramScript = document.createElement('script');\n   instagramScript.src = 'https:\/\/platform.instagram.com\/en_US\/embeds.js';\n   instagramScript.async = true;\n   instagramScript.defer = true;\n   headElement.appendChild(instagramScript);\n  }\n })();\n<\/script><\/p>\n<p> &#8211; <br \/> La noticia<br \/>\n      <a href=\"https:\/\/www.xatakahome.com\/hogar\/aldi-lanza-sus-modelos-low-cost-batidora-picadora-amasadora-cables-tiempo-limitado?utm_source=feedburner&amp;utm_medium=feed&amp;utm_campaign=14_Aug_2024\"><br \/>\n       <em> ALDI lanza tres modelos \u00ablow cost\u00bb de batidora, picadora y amasadora: sin cables y por tiempo limitado <\/em><br \/>\n      <\/a><br \/>\n      fue publicada originalmente en<br \/>\n      <a href=\"https:\/\/www.xatakahome.com\/?utm_source=feedburner&amp;utm_medium=feed&amp;utm_campaign=14_Aug_2024\"><br \/>\n       <strong> Xataka Smart Home <\/strong><br \/>\n      <\/a><br \/>\n            por <a href=\"https:\/\/www.xatakahome.com\/autor\/paco-rodriguez?utm_source=feedburner&amp;utm_medium=feed&amp;utm_campaign=14_Aug_2024\"><br \/>\n       Paco Rodriguez<br \/>\n      <\/a><br \/>\n      . <\/p>\n<\/div>\n","protected":false},"excerpt":{"rendered":"<p>ALDI quiere ir preparando la nueva temporada y coincidiendo con el fin del mes de agosto la cadena de supermercados tiene ya en el punto de mira una colecci\u00f3n de batidoras sin cable con tres interesantes productos. Seg\u00fan las primeras informaciones facilitadas por la compa\u00f1\u00eda, estos electrodom\u00e9sticos estar\u00e1n dise\u00f1ados para \u00abhacer la cocina m\u00e1s f\u00e1cil &hellip; <a href=\"https:\/\/domosistemas.com\/?p=25323\" class=\"more-link\">Sigue leyendo <span class=\"screen-reader-text\">ALDI lanza tres modelos \u00ablow cost\u00bb de batidora, picadora y amasadora: sin cables y por tiempo limitado<\/span><\/a><\/p>\n","protected":false},"author":1,"featured_media":0,"comment_status":"closed","ping_status":"closed","sticky":false,"template":"","format":"standard","meta":{"footnotes":""},"categories":[8],"tags":[],"class_list":["post-25323","post","type-post","status-publish","format-standard","hentry","category-xataka"],"_links":{"self":[{"href":"https:\/\/domosistemas.com\/index.php?rest_route=\/wp\/v2\/posts\/25323","targetHints":{"allow":["GET"]}}],"collection":[{"href":"https:\/\/domosistemas.com\/index.php?rest_route=\/wp\/v2\/posts"}],"about":[{"href":"https:\/\/domosistemas.com\/index.php?rest_route=\/wp\/v2\/types\/post"}],"author":[{"embeddable":true,"href":"https:\/\/domosistemas.com\/index.php?rest_route=\/wp\/v2\/users\/1"}],"replies":[{"embeddable":true,"href":"https:\/\/domosistemas.com\/index.php?rest_route=%2Fwp%2Fv2%2Fcomments&post=25323"}],"version-history":[{"count":0,"href":"https:\/\/domosistemas.com\/index.php?rest_route=\/wp\/v2\/posts\/25323\/revisions"}],"wp:attachment":[{"href":"https:\/\/domosistemas.com\/index.php?rest_route=%2Fwp%2Fv2%2Fmedia&parent=25323"}],"wp:term":[{"taxonomy":"category","embeddable":true,"href":"https:\/\/domosistemas.com\/index.php?rest_route=%2Fwp%2Fv2%2Fcategories&post=25323"},{"taxonomy":"post_tag","embeddable":true,"href":"https:\/\/domosistemas.com\/index.php?rest_route=%2Fwp%2Fv2%2Ftags&post=25323"}],"curies":[{"name":"wp","href":"https:\/\/api.w.org\/{rel}","templated":true}]}}