{"id":25334,"date":"2024-08-16T06:09:41","date_gmt":"2024-08-16T06:09:41","guid":{"rendered":"https:\/\/domosistemas.com\/?p=25334"},"modified":"2024-08-16T06:09:41","modified_gmt":"2024-08-16T06:09:41","slug":"la-ola-de-calor-se-pasa-mejor-con-estas-ofertas-en-climatizacion-smart-tv-y-mas-cazando-gangas","status":"publish","type":"post","link":"https:\/\/domosistemas.com\/?p=25334","title":{"rendered":"La ola de calor se pasa mejor con estas ofertas en climatizaci\u00f3n, Smart TV y m\u00e1s: Cazando gangas"},"content":{"rendered":"<div>\n<p>\n      <img decoding=\"async\" src=\"https:\/\/i.blogs.es\/ee1669\/gangas\/1024_2000.jpeg\" alt=\"La ola de calor se pasa mejor con estas ofertas en climatizaci\u00f3n, Smart TV y m\u00e1s: Cazando gangas \">\n    <\/p>\n<p>Ya es viernes, nuestro d\u00eda favorito de la semana para repasar los descuentos en televisores inteligentes, equipos y barras de sonido, dispositivos para el hogar conectado y m\u00e1s. Comienza nuestro <strong>Cazando gangas<\/strong>:<\/p>\n<p><!-- BREAK 1 --><\/p>\n<h2>Televisores, proyectores, multimedia y barras de sonido<\/h2>\n<h3>Receptor <strong>Trevi HE 3361 T2<\/strong><\/h3>\n<div class=\"article-asset-image article-asset-small article-asset-center\">\n<div class=\"asset-content\">\n<p>   <img decoding=\"async\" alt=\"TDT\" class=\"centro_sinmarco\" src=\"https:\/\/i.blogs.es\/a90565\/61y-jfvfxol._ac_sl1500_\/450_1000.webp\"><\/p><\/div>\n<\/div>\n<p>Si nuestro televisor tiene m\u00e1s de 14 a\u00f1os lo m\u00e1s probable es que no sea compatible con los <strong>nuevos canales en HD. <\/strong>Una buena opci\u00f3n es comprar este receptor externo en formato compacto tipo stick de la<strong> marca Trevi<\/strong> y bajo el n\u00famero de modelo <strong>HE 3361 T2<\/strong> que tiene un gran descuento esta semana con un precio de solo <a rel=\"nofollow, sponsored, noopener, noreferrer noopener\" target=\"_blank\" class=\"js-ecommerce\" href=\"https:\/\/www.xatakahome.com\/redirect?url=https%3A%2F%2Fwww.amazon.es%2Fdp%2FB07W22FCQ4&amp;category=seleccion&amp;ecomPostExpiration=perish&amp;postId=113691\" data-vars-affiliate-url=\"https:\/\/www.amazon.es\/dp\/B07W22FCQ4\" data-id=\"noopener noreferrer\">27 euros<\/a> frente a los 34 habituales.<\/p>\n<p><!-- BREAK 2 --><\/p>\n<p>Se trata de un equipo capaz de recibir los programas gratuitos de la <strong>TDT en alta definici\u00f3n HD<\/strong>, siendo compatible con <strong>c\u00f3dec H.265 de 10Bit<\/strong>, pero adem\u00e1s con la posibilidad de <strong>reproducir archivos multimedia HEVC, HD Mpeg-4, Mp3 y Jpeg<\/strong>.<\/p>\n<p><!-- BREAK 3 --><!-- PIVOT START --><\/p>\n<div class=\"pivot-ecommerce-container m-pivot-ecommerce-redesign article-asset-normal article-asset-center\">\n<div class=\"pivot-ecommerce\">\n<div class=\"pivot-ecommerce-figure\">\n  <a rel=\"nofollow, sponsored, noopener, noreferrer noopener\" target=\"_blank\" href=\"https:\/\/www.xatakahome.com\/redirect?url=https%3A%2F%2Fwww.amazon.es%2Fdp%2FB07W22FCQ4%3Ftag%3Dxatakahome-21%26linkCode%3Dogi%26th%3D1%26psc%3D1&amp;category=seleccion&amp;pivot=1&amp;ecomPostExpiration=perish&amp;postId=113691\"><br \/>\n   <img loading=\"lazy\" decoding=\"async\" alt=\"Trevi - Mini decodificador Digital terrestre HD con HEVC HE 3361 T2\" width=\"500\" height=\"375\" src=\"https:\/\/i.blogs.es\/a516e7\/31g97n-56gl._sl500_\/original.webp\" onerror='this.src=\"https:\/\/i.blogs.es\/a516e7\/31g97n-56gl._sl500_\/original.jpeg\"'><br \/>\n  <\/a>\n  <\/div>\n<div class=\"pivot-ecommerce-summary\">\n<p class=\"pivot-ecommerce-desc\">Trevi &#8211; Mini decodificador Digital terrestre HD con HEVC HE 3361 T2<\/p>\n<div class=\"pivot-actions \">\n<div class=\"pivot-actions-row\">\n <a rel=\"nofollow, sponsored, noopener, noreferrer noopener\" target=\"_blank\" data-asin=\"B07W22FCQ4\" data-store=\"Amazon\" href=\"https:\/\/www.xatakahome.com\/redirect?url=https%3A%2F%2Fwww.amazon.es%2Fdp%2FB07W22FCQ4%3Ftag%3Dxatakahome-21%26linkCode%3Dogi%26th%3D1%26psc%3D1&amp;category=seleccion&amp;pivot=1&amp;ecomPostExpiration=perish&amp;postId=113691\" title=\"Precio actualizado hoy\" class=\"pivot-action-btn pivot-action-primary\">Hoy en Amazon \u2014 <strong>27,00<\/strong> \u20ac<\/a>\n <\/div>\n<\/p><\/div>\n<\/p><\/div>\n<\/p><\/div>\n<div class=\"pivot-link-msg\">* Alg\u00fan precio puede haber cambiado desde la \u00faltima revisi\u00f3n<\/div>\n<\/p><\/div>\n<p><!-- PIVOT END --><\/p>\n<h3>LG 43NANO766QA<\/h3>\n<div class=\"article-asset-image article-asset-small article-asset-center\">\n<div class=\"asset-content\">\n<p>   <img decoding=\"async\" alt=\"LG\" class=\"centro_sinmarco\" src=\"https:\/\/i.blogs.es\/48ca2f\/3259-lg-43nano766qa-43-led-nanocell-ultrahd-4k-hdr10-pro-mejor-precio\/450_1000.webp\"><\/p><\/div>\n<\/div>\n<p>Si buscas una televisor de gama media pero con lo \u00faltimo en prestaciones, este modelo de <strong>LG<\/strong> con tecnolog\u00eda de panel LCD-LED NanoCell cuenta con una buena oferta esta semana. Tiene <strong>43 pulgadas<\/strong>, resoluci\u00f3n 4K y HDR10 Pro. Su precio es de <a rel=\"nofollow, sponsored, noopener, noreferrer noopener\" target=\"_blank\" class=\"js-ecommerce\" href=\"https:\/\/www.xatakahome.com\/redirect?url=https%3A%2F%2Fwww.pccomponentes.com%2Flg-43nano766qa-43-led-nanocell-ultrahd-4k-hdr10-pro&amp;category=seleccion&amp;ecomPostExpiration=perish&amp;postId=113691\" data-vars-affiliate-url=\"https:\/\/www.pccomponentes.com\/lg-43nano766qa-43-led-nanocell-ultrahd-4k-hdr10-pro\">369 euros<\/a> frente a los 649 euros habituales.<\/p>\n<p><!-- BREAK 4 --><!-- PIVOT START --><\/p>\n<div class=\"pivot-ecommerce-container m-pivot-ecommerce-redesign article-asset-normal article-asset-center\">\n<div class=\"pivot-ecommerce\">\n<div class=\"pivot-ecommerce-figure\">\n  <a rel=\"nofollow, sponsored, noopener, noreferrer noopener\" target=\"_blank\" href=\"https:\/\/www.xatakahome.com\/redirect?url=https%3A%2F%2Fwww.pccomponentes.com%2Flg-43nano766qa-43-led-nanocell-ultrahd-4k-hdr10-pro&amp;category=seleccion&amp;pivot=1&amp;ecomPostExpiration=perish&amp;postId=113691\"><br \/>\n   <img loading=\"lazy\" decoding=\"async\" alt='LG Smart TV 43NANO766QA 43\" 4K Ultra HD LED WI-FI 43\" 4K Ultra HD LED Dolby Digital NanoCell' width=\"500\" height=\"500\" src=\"https:\/\/i.blogs.es\/db2d6c\/31ecwdq-f4l._sl500_\/original.webp\" onerror='this.src=\"https:\/\/i.blogs.es\/db2d6c\/31ecwdq-f4l._sl500_\/original.jpeg\"'><br \/>\n  <\/a>\n  <\/div>\n<div class=\"pivot-ecommerce-summary\">\n<p class=\"pivot-ecommerce-desc\">LG Smart TV 43NANO766QA 43&#8243; 4K Ultra HD LED WI-FI 43&#8243; 4K Ultra HD LED Dolby Digital NanoCell<\/p>\n<div class=\"pivot-actions \">\n<div class=\"pivot-actions-row\">\n <a rel=\"nofollow, sponsored, noopener, noreferrer noopener\" target=\"_blank\" data-asin=\"10241255\" data-store=\"PcComponentes\" href=\"https:\/\/www.xatakahome.com\/redirect?url=https%3A%2F%2Fwww.pccomponentes.com%2Flg-43nano766qa-43-led-nanocell-ultrahd-4k-hdr10-pro&amp;category=seleccion&amp;pivot=1&amp;ecomPostExpiration=perish&amp;postId=113691\" title=\"Precio de venta al p\u00fablico a fecha de publicaci\u00f3n\" class=\"pivot-action-btn pivot-action-primary\">PVP en PcComponentes \u2014 <strong>369,00<\/strong> \u20ac<\/a><br \/>\n   <a rel=\"nofollow, sponsored, noopener, noreferrer noopener\" target=\"_blank\" data-asin=\"B09XXW3K18\" data-store=\"Amazon\" href=\"https:\/\/www.xatakahome.com\/redirect?url=https%3A%2F%2Fwww.amazon.es%2Fdp%2FB09XXW3K18%3Ftag%3Dxatakahome-21%26linkCode%3Dosi%26th%3D1%26psc%3D1&amp;category=seleccion&amp;pivot=1&amp;ecomPostExpiration=perish&amp;postId=113691\" title=\"Precio actualizado hoy\" class=\"pivot-action-btn pivot-action-secondary\">Amazon \u2014 <strong>387,41<\/strong> \u20ac<\/a>\n <\/div>\n<\/p><\/div>\n<\/p><\/div>\n<\/p><\/div>\n<div class=\"pivot-link-msg\">* Alg\u00fan precio puede haber cambiado desde la \u00faltima revisi\u00f3n<\/div>\n<\/p><\/div>\n<p><!-- PIVOT END --><\/p>\n<h3>Conjunto home cinema Philips TV OLED+ barra de sonido<\/h3>\n<div class=\"article-asset-image article-asset-small article-asset-center\">\n<div class=\"asset-content\">\n<p>   <img decoding=\"async\" alt=\"Philips\" class=\"centro_sinmarco\" src=\"https:\/\/i.blogs.es\/86f2fc\/1722-philips-65oled718-65-oled-ultrahd-4k-hdr10-regalo-barra-de-sonido-philips-tab6309\/450_1000.webp\"><\/p><\/div>\n<\/div>\n<p>Si quieres montarte un cine en casa esta semana tiene un buen descuento este conjunto formado por una <strong>Smart TV Philips 65OLED718 <\/strong>de 65 pulgadas junto con una barra de sonido <strong>Philips TAB6309<\/strong>. El precio de los dos equipos es de <a rel=\"nofollow, sponsored, noopener, noreferrer noopener\" target=\"_blank\" class=\"js-ecommerce\" href=\"https:\/\/www.xatakahome.com\/redirect?url=https%3A%2F%2Fwww.pccomponentes.com%2Ftv-philips-65oled718-65-oled-ultrahd-4k-hdr10-regalo-barra-de-sonido-philips-tab6309&amp;category=seleccion&amp;ecomPostExpiration=perish&amp;postId=113691\" data-vars-affiliate-url=\"https:\/\/www.pccomponentes.com\/tv-philips-65oled718-65-oled-ultrahd-4k-hdr10-regalo-barra-de-sonido-philips-tab6309\">1.599 euros<\/a> frente a los casi 2.200 euros que suelen costar fuera de promoci\u00f3n.<\/p>\n<p><!-- BREAK 5 --><!-- PIVOT START --><\/p>\n<div class=\"pivot-ecommerce-container m-pivot-ecommerce-redesign article-asset-normal article-asset-center\">\n<div class=\"pivot-ecommerce\">\n<div class=\"pivot-ecommerce-figure\">\n  <a rel=\"nofollow, sponsored, noopener, noreferrer noopener\" target=\"_blank\" href=\"https:\/\/www.xatakahome.com\/redirect?url=https%3A%2F%2Fwww.pccomponentes.com%2Ftv-philips-65oled718-65-oled-ultrahd-4k-hdr10-regalo-barra-de-sonido-philips-tab6309&amp;category=seleccion&amp;pivot=1&amp;ecomPostExpiration=perish&amp;postId=113691\"><br \/>\n   <img loading=\"lazy\" decoding=\"async\" alt='Philips 65OLED718 65\" OLED UltraHD 4K HDR10+ + Regalo Barra de Sonido Philips TAB6309' width=\"595\" height=\"595\" src=\"https:\/\/i.blogs.es\/afc29e\/blob\/original.webp\" onerror='this.src=\"https:\/\/i.blogs.es\/afc29e\/blob\/original.jpeg\"'><br \/>\n  <\/a>\n  <\/div>\n<div class=\"pivot-ecommerce-summary\">\n<p class=\"pivot-ecommerce-desc\">Philips 65OLED718 65&#8243; OLED UltraHD 4K HDR10+ + Regalo Barra de Sonido Philips TAB6309<\/p>\n<div class=\"pivot-actions \">\n<div class=\"pivot-actions-row\">\n <a rel=\"nofollow, sponsored, noopener, noreferrer noopener\" target=\"_blank\" data-asin=\"10843886\" data-store=\"PcComponentes\" href=\"https:\/\/www.xatakahome.com\/redirect?url=https%3A%2F%2Fwww.pccomponentes.com%2Ftv-philips-65oled718-65-oled-ultrahd-4k-hdr10-regalo-barra-de-sonido-philips-tab6309&amp;category=seleccion&amp;pivot=1&amp;ecomPostExpiration=perish&amp;postId=113691\" title=\"Precio de venta al p\u00fablico a fecha de publicaci\u00f3n\" class=\"pivot-action-btn pivot-action-primary\">PVP en PcComponentes \u2014 <strong>1.599,00<\/strong> \u20ac<\/a>\n <\/div>\n<\/p><\/div>\n<\/p><\/div>\n<\/p><\/div>\n<div class=\"pivot-link-msg\">* Alg\u00fan precio puede haber cambiado desde la \u00faltima revisi\u00f3n<\/div>\n<\/p><\/div>\n<p><!-- PIVOT END --><\/p>\n<h3>Conjunto Philips cine en casa TV LCD+ barra de sonido<\/h3>\n<div class=\"article-asset-image article-asset-small article-asset-center\">\n<div class=\"asset-content\">\n<p>   <img decoding=\"async\" alt=\"Philips\" class=\"centro_sinmarco\" src=\"https:\/\/i.blogs.es\/d36ff6\/1442-philips-the-xtra-tv-ambilight-4k-65pml9008-65-regalo-barra-de-sonido-philips-tab5309-f2a4af91-4f0f-42d9-ada9-8ad21764e025\/450_1000.webp\"><\/p><\/div>\n<\/div>\n<p>Si lo que quieres es un sistema de cine en casa con pantalla LCD, en esta oferta tienes la <strong>TV Philips The Xtra PML9008<\/strong> con Ambilight en 65 pulgadas junto con la barra de sonido <strong>Philips TAB5309<\/strong> por <a rel=\"nofollow, sponsored, noopener, noreferrer noopener\" target=\"_blank\" class=\"js-ecommerce\" href=\"https:\/\/www.xatakahome.com\/redirect?url=https%3A%2F%2Fwww.pccomponentes.com%2Ftv-philips-the-xtra-tv-ambilight-4k-65pml9008-65-regalo-barra-de-sonido-philips-tab5309&amp;category=seleccion&amp;ecomPostExpiration=perish&amp;postId=113691\" data-vars-affiliate-url=\"https:\/\/www.pccomponentes.com\/tv-philips-the-xtra-tv-ambilight-4k-65pml9008-65-regalo-barra-de-sonido-philips-tab5309\">949 euros<\/a> frente a los 1.300 euros habituales.<\/p>\n<p><!-- BREAK 6 --><!-- PIVOT START --><\/p>\n<div class=\"pivot-ecommerce-container m-pivot-ecommerce-redesign article-asset-normal article-asset-center\">\n<div class=\"pivot-ecommerce\">\n<div class=\"pivot-ecommerce-figure\">\n  <a rel=\"nofollow, sponsored, noopener, noreferrer noopener\" target=\"_blank\" href=\"https:\/\/www.xatakahome.com\/redirect?url=https%3A%2F%2Fwww.pccomponentes.com%2Ftv-philips-the-xtra-tv-ambilight-4k-65pml9008-65-regalo-barra-de-sonido-philips-tab5309&amp;category=seleccion&amp;pivot=1&amp;ecomPostExpiration=perish&amp;postId=113691\"><br \/>\n   <img loading=\"lazy\" decoding=\"async\" alt='Philips The Xtra TV Ambilight 4K 65PML9008 65\" + Regalo Barra de Sonido Philips TAB5309' width=\"630\" height=\"630\" src=\"https:\/\/i.blogs.es\/9d5eca\/blob\/original.webp\" onerror='this.src=\"https:\/\/i.blogs.es\/9d5eca\/blob\/original.jpeg\"'><br \/>\n  <\/a>\n  <\/div>\n<div class=\"pivot-ecommerce-summary\">\n<p class=\"pivot-ecommerce-desc\">Philips The Xtra TV Ambilight 4K 65PML9008 65&#8243; + Regalo Barra de Sonido Philips TAB5309<\/p>\n<div class=\"pivot-actions \">\n<div class=\"pivot-actions-row\">\n <a rel=\"nofollow, sponsored, noopener, noreferrer noopener\" target=\"_blank\" data-asin=\"10843885\" data-store=\"PcComponentes\" href=\"https:\/\/www.xatakahome.com\/redirect?url=https%3A%2F%2Fwww.pccomponentes.com%2Ftv-philips-the-xtra-tv-ambilight-4k-65pml9008-65-regalo-barra-de-sonido-philips-tab5309&amp;category=seleccion&amp;pivot=1&amp;ecomPostExpiration=perish&amp;postId=113691\" title=\"Precio de venta al p\u00fablico a fecha de publicaci\u00f3n\" class=\"pivot-action-btn pivot-action-primary\">PVP en PcComponentes \u2014 <strong>949,00<\/strong> \u20ac<\/a>\n <\/div>\n<\/p><\/div>\n<\/p><\/div>\n<\/p><\/div>\n<div class=\"pivot-link-msg\">* Alg\u00fan precio puede haber cambiado desde la \u00faltima revisi\u00f3n<\/div>\n<\/p><\/div>\n<p><!-- PIVOT END --><\/p>\n<h3>LG OLED C35LA<\/h3>\n<div class=\"article-asset-image article-asset-small article-asset-center\">\n<div class=\"asset-content\">\n<p>   <img decoding=\"async\" alt=\"Asset Mms 142492104\" class=\"centro_sinmarco\" src=\"https:\/\/i.blogs.es\/286e27\/asset_mms_142492104\/450_1000.webp\"><\/p><\/div>\n<\/div>\n<p>Si est\u00e1s pensando en dar el salto a la<strong> tecnolog\u00eda OLED<\/strong>, este modelo de televisor inteligente de LG es ideal, ya que ofrece resoluci\u00f3n 4K, procesador inteligente \u03b19 \u00a04K Gen6, sintonizador DVB-T2 (H.265) y una diagonal de 55 pulgadas. Su precio rebajado esta semana es de <a rel=\"nofollow, sponsored, noopener, noreferrer noopener\" target=\"_blank\" class=\"js-ecommerce\" href=\"https:\/\/www.xatakahome.com\/redirect?url=https%3A%2F%2Fwww.mediamarkt.es%2Fes%2Fproduct%2F_tv-oled-55-lg-oled55c35la-oled-4k-inteligente-a9-4k-gen6-smart-tv-dvb-t2-h265-negro-1550707.html&amp;category=seleccion&amp;ecomPostExpiration=perish&amp;postId=113691\" data-vars-affiliate-url=\"https:\/\/www.mediamarkt.es\/es\/product\/_tv-oled-55-lg-oled55c35la-oled-4k-inteligente-a9-4k-gen6-smart-tv-dvb-t2-h265-negro-1550707.html\">1149 euros<\/a>, lo que supone un descuento de casi el 30%.<\/p>\n<p><!-- BREAK 7 --><!-- PIVOT START --><\/p>\n<div class=\"pivot-ecommerce-container m-pivot-ecommerce-redesign article-asset-normal article-asset-center\">\n<div class=\"pivot-ecommerce\">\n<div class=\"pivot-ecommerce-figure\">\n  <a rel=\"nofollow, sponsored, noopener, noreferrer noopener\" target=\"_blank\" href=\"https:\/\/www.xatakahome.com\/redirect?url=https%3A%2F%2Fwww.mediamarkt.es%2Fes%2Fproduct%2F_tv-oled-55-lg-oled55c35la-oled-4k-inteligente-a9-4k-gen6-smart-tv-dvb-t2-h265-negro-1550707.html&amp;category=seleccion&amp;pivot=1&amp;ecomPostExpiration=perish&amp;postId=113691\"><br \/>\n   <img loading=\"lazy\" decoding=\"async\" alt='TV OLED 55\" - LG OLED55C35LA, OLED 4K, Inteligente ' width=\"1141\" height=\"1141\" src=\"https:\/\/i.blogs.es\/647bdf\/blob\/original.webp\" onerror='this.src=\"https:\/\/i.blogs.es\/647bdf\/blob\/original.jpeg\"'><br \/>\n  <\/a>\n  <\/div>\n<div class=\"pivot-ecommerce-summary\">\n<p class=\"pivot-ecommerce-desc\">TV OLED 55&#8243; &#8211; LG OLED55C35LA, OLED 4K, Inteligente <\/p>\n<div class=\"pivot-actions \">\n<div class=\"pivot-actions-row\">\n <a rel=\"nofollow, sponsored, noopener, noreferrer noopener\" target=\"_blank\" data-asin=\"\" data-store=\"\" href=\"https:\/\/www.xatakahome.com\/redirect?url=https%3A%2F%2Fwww.mediamarkt.es%2Fes%2Fproduct%2F_tv-oled-55-lg-oled55c35la-oled-4k-inteligente-a9-4k-gen6-smart-tv-dvb-t2-h265-negro-1550707.html&amp;category=seleccion&amp;pivot=1&amp;ecomPostExpiration=perish&amp;postId=113691\" title=\"Precio de venta al p\u00fablico a fecha de publicaci\u00f3n\" class=\"pivot-action-btn pivot-action-primary\">PVP en MediaMarkt \u2014 <strong>1.149,00<\/strong> \u20ac<\/a>\n <\/div>\n<\/p><\/div>\n<\/p><\/div>\n<\/p><\/div>\n<div class=\"pivot-link-msg\">* Alg\u00fan precio puede haber cambiado desde la \u00faltima revisi\u00f3n<\/div>\n<\/p><\/div>\n<p><!-- PIVOT END --><\/p>\n<h3><strong>TCL 32SF540<\/strong><\/h3>\n<div class=\"article-asset-image article-asset-small article-asset-center\">\n<div class=\"asset-content\">\n                    <a rel=\"nofollow, sponsored, noopener, noreferrer noopener\" target=\"_blank\" class=\"js-ecommerce\" href=\"https:\/\/www.xatakahome.com\/redirect?url=https%3A%2F%2Fwww.amazon.es%2Fgp%2Fproduct%2FB0CF5ZQH7Y&amp;category=seleccion&amp;ecomPostExpiration=perish&amp;postId=113691\" data-vars-affiliate-url=\"https:\/\/www.amazon.es\/gp\/product\/B0CF5ZQH7Y\"><\/p>\n<p>    <img decoding=\"async\" alt='TCL 32SF540-32\"' class=\"centro_sinmarco\" src=\"https:\/\/i.blogs.es\/b0dbdc\/proyecto-nuevo-62-\/450_1000.webp\"><br \/>\n     <\/a><\/p><\/div>\n<\/div>\n<p>El apag\u00f3n de la TDT es ya una realidad. Son muchas las personas que han buscado <a href=\"https:\/\/www.xatakahome.com\/seleccion\/estos-mejores-receptores-hd-para-sobrevivir-al-proximo-apagon-tdt\" data-id=\"noopener noreferrer\">receptores HD<\/a> para su televisor pero si piensas que realmente es el momento de renovar el tuyo, esta <strong>TCL 32SF540-32&#8243; <\/strong>es una buena opci\u00f3n a tener en cuenta. Adem\u00e1s, es muy econ\u00f3mica, ya que cuesta <a rel=\"nofollow, sponsored, noopener, noreferrer noopener\" target=\"_blank\" class=\"js-ecommerce\" href=\"https:\/\/www.xatakahome.com\/redirect?url=https%3A%2F%2Fwww.amazon.es%2Fgp%2Fproduct%2FB0CF5ZQH7Y&amp;category=seleccion&amp;ecomPostExpiration=perish&amp;postId=113691\" data-vars-affiliate-url=\"https:\/\/www.amazon.es\/gp\/product\/B0CF5ZQH7Y\" data-id=\"noopener noreferrer\">175 euros<\/a> en Amazon.<\/p>\n<p><!-- BREAK 8 --><!-- PIVOT START --><\/p>\n<div class=\"pivot-ecommerce-container m-pivot-ecommerce-redesign article-asset-normal article-asset-center\">\n<div class=\"pivot-ecommerce\">\n<div class=\"pivot-ecommerce-figure\">\n  <a rel=\"nofollow, sponsored, noopener, noreferrer noopener\" target=\"_blank\" href=\"https:\/\/www.xatakahome.com\/redirect?url=https%3A%2F%2Fwww.amazon.es%2Fdp%2FB0CF5ZQH7Y%3Ftag%3Dxatakahome-21%26linkCode%3Dogi%26th%3D1%26psc%3D1&amp;category=seleccion&amp;pivot=1&amp;ecomPostExpiration=perish&amp;postId=113691\"><br \/>\n   <img loading=\"lazy\" decoding=\"async\" alt='TCL 32SF540-32\" FHD Smart TV ' width=\"500\" height=\"375\" src=\"https:\/\/i.blogs.es\/3e5fd4\/41hlq5na82l._sl500_\/original.webp\" onerror='this.src=\"https:\/\/i.blogs.es\/3e5fd4\/41hlq5na82l._sl500_\/original.jpeg\"'><br \/>\n  <\/a>\n  <\/div>\n<div class=\"pivot-ecommerce-summary\">\n<p class=\"pivot-ecommerce-desc\">TCL 32SF540-32&#8243; FHD Smart TV <\/p>\n<div class=\"pivot-actions \">\n<div class=\"pivot-actions-row\">\n <a rel=\"nofollow, sponsored, noopener, noreferrer noopener\" target=\"_blank\" data-asin=\"B0CF5ZQH7Y\" data-store=\"Amazon\" href=\"https:\/\/www.xatakahome.com\/redirect?url=https%3A%2F%2Fwww.amazon.es%2Fdp%2FB0CF5ZQH7Y%3Ftag%3Dxatakahome-21%26linkCode%3Dogi%26th%3D1%26psc%3D1&amp;category=seleccion&amp;pivot=1&amp;ecomPostExpiration=perish&amp;postId=113691\" title=\"Precio actualizado hoy\" class=\"pivot-action-btn pivot-action-primary\">Hoy en Amazon \u2014 <strong>175,00<\/strong> \u20ac<\/a>\n <\/div>\n<\/p><\/div>\n<\/p><\/div>\n<\/p><\/div>\n<div class=\"pivot-link-msg\">* Alg\u00fan precio puede haber cambiado desde la \u00faltima revisi\u00f3n<\/div>\n<\/p><\/div>\n<p><!-- PIVOT END --><\/p>\n<h3><strong>Toshiba 65QV3363DG<\/strong><\/h3>\n<div class=\"article-asset-image article-asset-small article-asset-center\">\n<div class=\"asset-content\">\n                    <a rel=\"nofollow, sponsored, noopener, noreferrer noopener\" target=\"_blank\" class=\"js-ecommerce\" href=\"https:\/\/www.xatakahome.com\/redirect?url=https%3A%2F%2Fwww.pccomponentes.com%2Ftv-toshiba-65qv3363dg-65-qled-ultrahd-4k-hdr-dolby-audio-vidaa-tv&amp;category=seleccion&amp;ecomPostExpiration=perish&amp;postId=113691\" data-vars-affiliate-url=\"https:\/\/www.pccomponentes.com\/tv-toshiba-65qv3363dg-65-qled-ultrahd-4k-hdr-dolby-audio-vidaa-tv\"><\/p>\n<p>    <img decoding=\"async\" alt=\"Toshiba 65QV3363DG\" class=\"centro_sinmarco\" src=\"https:\/\/i.blogs.es\/532149\/captura-de-pantalla-2024-07-16-123222\/450_1000.webp\"><br \/>\n     <\/a><\/p><\/div>\n<\/div>\n<p>Si quieres una smart TV de gran pantalla a un precio bastante econ\u00f3mico, ahora puedes encontrar este modelo <strong>Toshiba 65QV3363DG<\/strong>, con una pantalla de 65 pulgadas que est\u00e1 a su precio m\u00ednimo hist\u00f3rico en <strong>PcComponentes<\/strong> dejando su en <a rel=\"nofollow, sponsored, noopener, noreferrer noopener\" target=\"_blank\" class=\"js-ecommerce\" href=\"https:\/\/www.xatakahome.com\/redirect?url=https%3A%2F%2Fwww.pccomponentes.com%2Ftv-toshiba-65qv3363dg-65-qled-ultrahd-4k-hdr-dolby-audio-vidaa-tv&amp;category=seleccion&amp;ecomPostExpiration=perish&amp;postId=113691\" data-vars-affiliate-url=\"https:\/\/www.pccomponentes.com\/tv-toshiba-65qv3363dg-65-qled-ultrahd-4k-hdr-dolby-audio-vidaa-tv\" data-id=\"noopener noreferrer\">475 euros<\/a>.<\/p>\n<p><!-- BREAK 9 --><!-- PIVOT START --><\/p>\n<div class=\"pivot-ecommerce-container m-pivot-ecommerce-redesign article-asset-normal article-asset-center\">\n<div class=\"pivot-ecommerce\">\n<div class=\"pivot-ecommerce-figure\">\n  <a rel=\"nofollow, sponsored, noopener, noreferrer noopener\" target=\"_blank\" href=\"https:\/\/www.xatakahome.com\/redirect?url=https%3A%2F%2Fwww.carrefour.es%2Ftv-qled-65-1651-cm-toshiba-65qv3363dg-4k-uhd-smart-tv%2FVC4A-26222771%2Fp&amp;category=seleccion&amp;pivot=1&amp;ecomPostExpiration=perish&amp;postId=113691\"><br \/>\n   <img loading=\"lazy\" decoding=\"async\" alt='Toshiba 65QV3363DG 65\" QLED UltraHD 4K HDR Dolby Audio  VIDAA TV' width=\"403\" height=\"403\" src=\"https:\/\/i.blogs.es\/053c0b\/blob\/original.webp\" onerror='this.src=\"https:\/\/i.blogs.es\/053c0b\/blob\/original.jpeg\"'><br \/>\n  <\/a>\n  <\/div>\n<div class=\"pivot-ecommerce-summary\">\n<p class=\"pivot-ecommerce-desc\">Toshiba 65QV3363DG 65&#8243; QLED UltraHD 4K HDR Dolby Audio  VIDAA TV<\/p>\n<div class=\"pivot-actions \">\n<div class=\"pivot-actions-row\">\n <a rel=\"nofollow, sponsored, noopener, noreferrer noopener\" target=\"_blank\" data-asin=\"\" data-store=\"\" href=\"https:\/\/www.xatakahome.com\/redirect?url=https%3A%2F%2Fwww.carrefour.es%2Ftv-qled-65-1651-cm-toshiba-65qv3363dg-4k-uhd-smart-tv%2FVC4A-26222771%2Fp&amp;category=seleccion&amp;pivot=1&amp;ecomPostExpiration=perish&amp;postId=113691\" title=\"Precio de venta al p\u00fablico a fecha de publicaci\u00f3n\" class=\"pivot-action-btn pivot-action-primary\">PVP en Carrefour \u2014 <strong>479,00<\/strong> \u20ac<\/a><br \/>\n   <a rel=\"nofollow, sponsored, noopener, noreferrer noopener\" target=\"_blank\" data-asin=\"10845217\" data-store=\"PcComponentes\" href=\"https:\/\/www.xatakahome.com\/redirect?url=https%3A%2F%2Fwww.pccomponentes.com%2Ftv-toshiba-65qv3363dg-65-qled-ultrahd-4k-hdr-dolby-audio-vidaa-tv&amp;category=seleccion&amp;pivot=1&amp;ecomPostExpiration=perish&amp;postId=113691\" title=\"Precio actualizado hoy\" class=\"pivot-action-btn pivot-action-secondary\">PcComponentes \u2014 <strong>599,00<\/strong> \u20ac<\/a>\n <\/div>\n<\/p><\/div>\n<\/p><\/div>\n<\/p><\/div>\n<div class=\"pivot-link-msg\">* Alg\u00fan precio puede haber cambiado desde la \u00faltima revisi\u00f3n<\/div>\n<\/p><\/div>\n<p><!-- PIVOT END --><\/p>\n<h3><strong>Philips Ambilight Xtra PML9008<\/strong><\/h3>\n<div class=\"article-asset-image article-asset-small article-asset-center\">\n<div class=\"asset-content\">\n                    <a rel=\"nofollow, sponsored, noopener, noreferrer noopener\" target=\"_blank\" class=\"js-ecommerce\" href=\"https:\/\/www.xatakahome.com\/redirect?url=https%3A%2F%2Fwww.amazon.es%2Fdp%2FB0CF5XR1HG&amp;category=seleccion&amp;ecomPostExpiration=perish&amp;postId=113691\" data-vars-affiliate-url=\"https:\/\/www.amazon.es\/dp\/B0CF5XR1HG\"><\/p>\n<p>    <img decoding=\"async\" alt=\"Philips Ambilight Xtra PML9008 de 65 pulgadas\" class=\"centro_sinmarco\" src=\"https:\/\/i.blogs.es\/039d28\/proyecto-nuevo-74-\/450_1000.webp\"><br \/>\n     <\/a><\/p><\/div>\n<\/div>\n<p>La <strong>Philips Ambilight Xtra PML9008<\/strong> de 65 pulgadas est\u00e1 de oferta esta semana en Amazon, por <a rel=\"nofollow, sponsored, noopener, noreferrer noopener\" target=\"_blank\" class=\"js-ecommerce\" href=\"https:\/\/www.xatakahome.com\/redirect?url=https%3A%2F%2Fwww.amazon.es%2Fdp%2FB0CF5XR1HG&amp;category=seleccion&amp;ecomPostExpiration=perish&amp;postId=113691\" data-vars-affiliate-url=\"https:\/\/www.amazon.es\/dp\/B0CF5XR1HG\" data-id=\"noopener noreferrer\">999 euros<\/a>. Es una smart TV con retroiluminaci\u00f3n <strong>miniLED y procesador P5 Engine <\/strong>que cuenta con<strong> <\/strong>tecnolog\u00eda Dolby Vision &amp; Atmos y altavoces de 40 W. Viene con tres puertos <strong>HDMI 2.1<\/strong>, tres USB, <a href=\"https:\/\/www.xatakahome.com\/servicios-y-aplicaciones-de-audio\/bluetooth-5-0-llegara-muy-pronto-aqui-te-contamos-sus-novedades\" data-id=\"noopener noreferrer\">Bluetooth 5.0<\/a> y WiFi, adem\u00e1s de soporte para VRR y HDMI e-ARC.<\/p>\n<p><!-- BREAK 10 --><!-- PIVOT START --><\/p>\n<div class=\"pivot-ecommerce-container m-pivot-ecommerce-redesign article-asset-normal article-asset-center\">\n<div class=\"pivot-ecommerce\">\n<div class=\"pivot-ecommerce-figure\">\n  <a rel=\"nofollow, sponsored, noopener, noreferrer noopener\" target=\"_blank\" href=\"https:\/\/www.xatakahome.com\/redirect?url=https%3A%2F%2Fwww.amazon.es%2Fdp%2FB0CF5XR1HG%3Ftag%3Dxatakahome-21%26linkCode%3Dogi%26th%3D1%26psc%3D1&amp;category=seleccion&amp;pivot=1&amp;ecomPostExpiration=perish&amp;postId=113691\"><br \/>\n   <img loading=\"lazy\" decoding=\"async\" alt=\"Philips Ambilight Xtra PML9008 164 cm (65 Pulgadas) Smart TV\" width=\"500\" height=\"500\" src=\"https:\/\/i.blogs.es\/47684c\/41yokjew0ll._sl500_\/original.webp\" onerror='this.src=\"https:\/\/i.blogs.es\/47684c\/41yokjew0ll._sl500_\/original.jpeg\"'><br \/>\n  <\/a>\n  <\/div>\n<div class=\"pivot-ecommerce-summary\">\n<p class=\"pivot-ecommerce-desc\">Philips Ambilight Xtra PML9008 164 cm (65 Pulgadas) Smart TV<\/p>\n<div class=\"pivot-actions \">\n<div class=\"pivot-actions-row\">\n <a rel=\"nofollow, sponsored, noopener, noreferrer noopener\" target=\"_blank\" data-asin=\"B0CF5XR1HG\" data-store=\"Amazon\" href=\"https:\/\/www.xatakahome.com\/redirect?url=https%3A%2F%2Fwww.amazon.es%2Fdp%2FB0CF5XR1HG%3Ftag%3Dxatakahome-21%26linkCode%3Dogi%26th%3D1%26psc%3D1&amp;category=seleccion&amp;pivot=1&amp;ecomPostExpiration=perish&amp;postId=113691\" title=\"Precio actualizado hoy\" class=\"pivot-action-btn pivot-action-primary\">Hoy en Amazon \u2014 <strong>999,00<\/strong> \u20ac<\/a><br \/>\n   <a rel=\"nofollow, sponsored, noopener, noreferrer noopener\" target=\"_blank\" data-asin=\"10786095\" data-store=\"PcComponentes\" href=\"https:\/\/www.xatakahome.com\/redirect?url=https%3A%2F%2Fwww.pccomponentes.com%2Fphilips-the-xtra-tv-ambilight-4k-65pml9008-12-65-mini-led-ultrahd-4k-hdr10&amp;category=seleccion&amp;pivot=1&amp;ecomPostExpiration=perish&amp;postId=113691\" title=\"Precio actualizado hoy\" class=\"pivot-action-btn pivot-action-secondary\">PcComponentes \u2014 <strong>1.159,00<\/strong> \u20ac<\/a><br \/>\n   <a rel=\"nofollow, sponsored, noopener, noreferrer noopener\" target=\"_blank\" data-asin=\"001014842410699\" data-store=\"El Corte Ingl\u00e9s\" href=\"https:\/\/www.xatakahome.com\/redirect?url=https%3A%2F%2Fwww.elcorteingles.es%2Felectronica%2FA47779525-tv-miniled-164cm-65-philips-65pml900812-uhd-4k-ambilight-3-lados-hdr10-hdr10-compatible-dolby-vision-smart-tv%2F&amp;category=seleccion&amp;pivot=1&amp;ecomPostExpiration=perish&amp;postId=113691\" title=\"Precio actualizado hoy\" class=\"pivot-action-btn pivot-action-secondary\">El Corte Ingl\u00e9s \u2014 <strong>1.399,00<\/strong> \u20ac<\/a>\n <\/div>\n<\/p><\/div>\n<\/p><\/div>\n<\/p><\/div>\n<div class=\"pivot-link-msg\">* Alg\u00fan precio puede haber cambiado desde la \u00faltima revisi\u00f3n<\/div>\n<\/p><\/div>\n<p><!-- PIVOT END --><\/p>\n<h3><strong>Samsung TU50DU7175UXXC<\/strong><\/h3>\n<div class=\"article-asset-image article-asset-small article-asset-center\">\n<div class=\"asset-content\">\n                    <a rel=\"nofollow, sponsored, noopener, noreferrer noopener\" target=\"_blank\" class=\"js-ecommerce\" href=\"https:\/\/www.xatakahome.com\/redirect?url=https%3A%2F%2Fwww.mediamarkt.es%2Fes%2Fproduct%2F_tv-led-50-samsung-tu50du7175uxxc-uhd-4k-procesador-crystal-4k-smart-tv-dvb-t2-h265-negro-1572040.html&amp;category=seleccion&amp;ecomPostExpiration=perish&amp;postId=113691\" data-vars-affiliate-url=\"https:\/\/www.mediamarkt.es\/es\/product\/_tv-led-50-samsung-tu50du7175uxxc-uhd-4k-procesador-crystal-4k-smart-tv-dvb-t2-h265-negro-1572040.html\"><\/p>\n<p>    <img decoding=\"async\" alt=\"smart TV Samsung TU50DU7175UXXC\" class=\"centro_sinmarco\" src=\"https:\/\/i.blogs.es\/22bdbe\/proyecto-nuevo-47-\/450_1000.webp\"><br \/>\n     <\/a><\/p><\/div>\n<\/div>\n<p>Si est\u00e1s pensando en renovar tu viejo televisor, esta <strong>tele de Samsun<\/strong>g est\u00e1 disponible con un gran descuento. Su precio habitual es de 669 euros, pero ahora la puedes comprar por <a rel=\"nofollow, sponsored, noopener, noreferrer noopener\" target=\"_blank\" class=\"js-ecommerce\" href=\"https:\/\/www.xatakahome.com\/redirect?url=https%3A%2F%2Fwww.mediamarkt.es%2Fes%2Fproduct%2F_tv-led-50-samsung-tu50du7175uxxc-uhd-4k-procesador-crystal-4k-smart-tv-dvb-t2-h265-negro-1572040.html&amp;category=seleccion&amp;ecomPostExpiration=perish&amp;postId=113691\" data-vars-affiliate-url=\"https:\/\/www.mediamarkt.es\/es\/product\/_tv-led-50-samsung-tu50du7175uxxc-uhd-4k-procesador-crystal-4k-smart-tv-dvb-t2-h265-negro-1572040.html\">389 euros<\/a>. Esta smart TV monta un panel LED con una diagonal de <strong>50 pulgadas<\/strong> que ofrece resoluci\u00f3n UHD 4K. Su sistema operativo es Tizen, tiene USB-A y HDMI, Bluetooth y WiFi.<\/p>\n<p><!-- BREAK 11 --><!-- PIVOT START --><\/p>\n<div class=\"pivot-ecommerce-container m-pivot-ecommerce-redesign article-asset-normal article-asset-center\">\n<div class=\"pivot-ecommerce\">\n<div class=\"pivot-ecommerce-figure\">\n  <a rel=\"nofollow, sponsored, noopener, noreferrer noopener\" target=\"_blank\" href=\"https:\/\/www.xatakahome.com\/redirect?url=https%3A%2F%2Fwww.mediamarkt.es%2Fes%2Fproduct%2F_tv-led-50-samsung-tu50du7175uxxc-uhd-4k-procesador-crystal-4k-smart-tv-dvb-t2-h265-negro-1572040.html&amp;category=seleccion&amp;pivot=1&amp;ecomPostExpiration=perish&amp;postId=113691\"><br \/>\n   <img loading=\"lazy\" decoding=\"async\" alt='TV LED 50\" - Samsung TU50DU7175UXXC, UHD 4K, Procesador Crystal 4K, Smart TV, DVB-T2 (H.265), Negro' width=\"600\" height=\"600\" src=\"https:\/\/i.blogs.es\/9dd2f2\/blob\/original.webp\" onerror='this.src=\"https:\/\/i.blogs.es\/9dd2f2\/blob\/original.jpeg\"'><br \/>\n  <\/a>\n  <\/div>\n<div class=\"pivot-ecommerce-summary\">\n<p class=\"pivot-ecommerce-desc\">TV LED 50&#8243; &#8211; Samsung TU50DU7175UXXC, UHD 4K, Procesador Crystal 4K, Smart TV, DVB-T2 (H.265), Negro<\/p>\n<div class=\"pivot-actions \">\n<div class=\"pivot-actions-row\">\n <a rel=\"nofollow, sponsored, noopener, noreferrer noopener\" target=\"_blank\" data-asin=\"\" data-store=\"\" href=\"https:\/\/www.xatakahome.com\/redirect?url=https%3A%2F%2Fwww.mediamarkt.es%2Fes%2Fproduct%2F_tv-led-50-samsung-tu50du7175uxxc-uhd-4k-procesador-crystal-4k-smart-tv-dvb-t2-h265-negro-1572040.html&amp;category=seleccion&amp;pivot=1&amp;ecomPostExpiration=perish&amp;postId=113691\" title=\"Precio de venta al p\u00fablico a fecha de publicaci\u00f3n\" class=\"pivot-action-btn pivot-action-primary\">PVP en MediaMarkt \u2014 <strong>449,00<\/strong> \u20ac<\/a>\n <\/div>\n<\/p><\/div>\n<\/p><\/div>\n<\/p><\/div>\n<div class=\"pivot-link-msg\">* Alg\u00fan precio puede haber cambiado desde la \u00faltima revisi\u00f3n<\/div>\n<\/p><\/div>\n<p><!-- PIVOT END --><\/p>\n<h2>LG 43UR78003LK<\/h2>\n<div class=\"article-asset-image article-asset-small article-asset-center\">\n<div class=\"asset-content\">\n                    <a rel=\"nofollow, sponsored, noopener, noreferrer noopener\" target=\"_blank\" class=\"js-ecommerce\" href=\"https:\/\/www.xatakahome.com\/redirect?url=https%3A%2F%2Fwww.mediamarkt.es%2Fes%2Fproduct%2F_tv-led-43-lg-43ur78003lk-uhd-4k-inteligente-a5-4k-gen6-smart-tv-dvb-t2-h265-negro-1569933.html&amp;category=seleccion&amp;ecomPostExpiration=perish&amp;postId=113691\" data-vars-affiliate-url=\"https:\/\/www.mediamarkt.es\/es\/product\/_tv-led-43-lg-43ur78003lk-uhd-4k-inteligente-a5-4k-gen6-smart-tv-dvb-t2-h265-negro-1569933.html\"><\/p>\n<p>    <img decoding=\"async\" alt=\"LG 43UR78003LK\" class=\"centro_sinmarco\" src=\"https:\/\/i.blogs.es\/d72323\/proyecto-nuevo-10-\/450_1000.webp\"><br \/>\n     <\/a><\/p><\/div>\n<\/div>\n<p>Una smart TV interesante que hemos encontrado en oferta es esta LG 43UR78003LK de 43 pulgadas. Su precio recomendado es de <a rel=\"nofollow, sponsored, noopener, noreferrer noopener\" target=\"_blank\" class=\"js-ecommerce\" href=\"https:\/\/www.xatakahome.com\/redirect?url=https%3A%2F%2Fwww.mediamarkt.es%2Fes%2Fproduct%2F_tv-led-43-lg-43ur78003lk-uhd-4k-inteligente-a5-4k-gen6-smart-tv-dvb-t2-h265-negro-1569933.html&amp;category=seleccion&amp;ecomPostExpiration=perish&amp;postId=113691\" data-vars-affiliate-url=\"https:\/\/www.mediamarkt.es\/es\/product\/_tv-led-43-lg-43ur78003lk-uhd-4k-inteligente-a5-4k-gen6-smart-tv-dvb-t2-h265-negro-1569933.html\" data-id=\"noopener noreferrer\">390 euros<\/a>. Esta es una smart TV de 43 pulgadas con sistema operativo <a href=\"https:\/\/www.xatakahome.com\/televisores\/lg-tiene-lista-su-nueva-generacion-smart-tv-oled-para-2023-70-brillantes-hdmi-2-1-qms-matter-webos23\" data-id=\"noopener noreferrer\">webOS23<\/a>. Monta un panel LED que ofrece imagen en <strong>calidad UHD 4K<\/strong>. Sus altavoces tienen una potencia de 20 W y, adem\u00e1s, cuenta con modos gaming por si quieres conectarle tu videoconsola.<\/p>\n<p><!-- BREAK 12 --><!-- PIVOT START --><\/p>\n<div class=\"pivot-ecommerce-container m-pivot-ecommerce-redesign article-asset-normal article-asset-center\">\n<div class=\"pivot-ecommerce\">\n<div class=\"pivot-ecommerce-figure\">\n  <a rel=\"nofollow, sponsored, noopener, noreferrer noopener\" target=\"_blank\" href=\"https:\/\/www.xatakahome.com\/redirect?url=https%3A%2F%2Fwww.mediamarkt.es%2Fes%2Fproduct%2F_tv-led-43-lg-43ur78003lk-uhd-4k-inteligente-a5-4k-gen6-smart-tv-dvb-t2-h265-negro-1569933.html&amp;category=seleccion&amp;pivot=1&amp;ecomPostExpiration=perish&amp;postId=113691\"><br \/>\n   <img loading=\"lazy\" decoding=\"async\" alt='TV LED 43\" - LG 43UR78003LK, UHD 4K, Inteligente \u03b15 4K Gen6, Smart TV, DVB-T2 (H.265)\n' width=\"600\" height=\"600\" src=\"https:\/\/i.blogs.es\/32a212\/blob\/original.webp\" onerror='this.src=\"https:\/\/i.blogs.es\/32a212\/blob\/original.jpeg\"'><br \/>\n  <\/a>\n  <\/div>\n<div class=\"pivot-ecommerce-summary\">\n<p class=\"pivot-ecommerce-desc\">TV LED 43&#8243; &#8211; LG 43UR78003LK, UHD 4K, Inteligente \u03b15 4K Gen6, Smart TV, DVB-T2 (H.265)\n<\/p>\n<div class=\"pivot-actions \">\n<div class=\"pivot-actions-row\">\n <a rel=\"nofollow, sponsored, noopener, noreferrer noopener\" target=\"_blank\" data-asin=\"\" data-store=\"\" href=\"https:\/\/www.xatakahome.com\/redirect?url=https%3A%2F%2Fwww.mediamarkt.es%2Fes%2Fproduct%2F_tv-led-43-lg-43ur78003lk-uhd-4k-inteligente-a5-4k-gen6-smart-tv-dvb-t2-h265-negro-1569933.html&amp;category=seleccion&amp;pivot=1&amp;ecomPostExpiration=perish&amp;postId=113691\" title=\"Precio de venta al p\u00fablico a fecha de publicaci\u00f3n\" class=\"pivot-action-btn pivot-action-primary\">PVP en MediaMarkt \u2014 <strong>359,00<\/strong> \u20ac<\/a>\n <\/div>\n<\/p><\/div>\n<\/p><\/div>\n<\/p><\/div>\n<div class=\"pivot-link-msg\">* Alg\u00fan precio puede haber cambiado desde la \u00faltima revisi\u00f3n<\/div>\n<\/p><\/div>\n<p><!-- PIVOT END --><\/p>\n<h3>GigaTV HD209 T<\/h3>\n<div class=\"article-asset-image article-asset-small article-asset-center\">\n<div class=\"asset-content\">\n                    <a rel=\"nofollow, sponsored, noopener, noreferrer noopener\" target=\"_blank\" class=\"js-ecommerce\" href=\"https:\/\/www.xatakahome.com\/redirect?url=https%3A%2F%2Fwww.amazon.es%2Fgp%2Fproduct%2FB0833HHVXW&amp;category=seleccion&amp;ecomPostExpiration=perish&amp;postId=113691\" data-vars-affiliate-url=\"https:\/\/www.amazon.es\/gp\/product\/B0833HHVXW\"><\/p>\n<p>    <img decoding=\"async\" alt=\"Receptor TDT - GigaTV HD209 T\" class=\"centro_sinmarco\" src=\"https:\/\/i.blogs.es\/35eb9e\/proyecto-nuevo-19-\/450_1000.webp\"><br \/>\n     <\/a><\/p><\/div>\n<\/div>\n<p>Este receptor de la firma <strong>GigaTV <\/strong>es uno de los m\u00e1s econ\u00f3micos que hemos encontrado. Su precio actual es de <a rel=\"nofollow, sponsored, noopener, noreferrer noopener\" target=\"_blank\" class=\"js-ecommerce\" href=\"https:\/\/www.xatakahome.com\/redirect?url=https%3A%2F%2Fwww.amazon.es%2Fgp%2Fproduct%2FB0833HHVXW&amp;category=seleccion&amp;ecomPostExpiration=perish&amp;postId=113691\" data-vars-affiliate-url=\"https:\/\/www.amazon.es\/gp\/product\/B0833HHVXW\" data-id=\"noopener noreferrer\">19,99 euros<\/a>, por lo que puede ser una buena opci\u00f3n para teles viejas de segundas residencias en las que no queremos invertir tanto dinero. Utiliza los est\u00e1ndares DVBT y DVBT2 para poder reproducir canales en alta definici\u00f3n. Cuenta con un puerto USB y <strong>salida HDMI 1.4A<\/strong>, adem\u00e1s de entrada de antena, audio coaxial, salida AV y entrada de alimentaci\u00f3n externa. Adem\u00e1s, en su display frontal podr\u00e1s ver, en todo momento, el canal sintonizado.<\/p>\n<p><!-- BREAK 13 --><!-- PIVOT START --><\/p>\n<div class=\"pivot-ecommerce-container m-pivot-ecommerce-redesign article-asset-normal article-asset-center\">\n<div class=\"pivot-ecommerce\">\n<div class=\"pivot-ecommerce-figure\">\n  <a rel=\"nofollow, sponsored, noopener, noreferrer noopener\" target=\"_blank\" href=\"https:\/\/www.xatakahome.com\/redirect?url=https%3A%2F%2Fwww.amazon.es%2Fdp%2FB0833HHVXW%3Ftag%3Dxatakahome-21%26linkCode%3Dogi%26th%3D1%26psc%3D1&amp;category=seleccion&amp;pivot=1&amp;ecomPostExpiration=perish&amp;postId=113691\"><br \/>\n   <img loading=\"lazy\" decoding=\"async\" alt=\"Receptor TDT - GigaTV HD209 T, MPEG-2\/4, H.264, HDMI, HD, SD, DVB-T2 (TDT2)\" width=\"500\" height=\"233\" src=\"https:\/\/i.blogs.es\/a2746f\/31gseap8z-l._sl500_\/original.webp\" onerror='this.src=\"https:\/\/i.blogs.es\/a2746f\/31gseap8z-l._sl500_\/original.jpeg\"'><br \/>\n  <\/a>\n  <\/div>\n<div class=\"pivot-ecommerce-summary\">\n<p class=\"pivot-ecommerce-desc\">Receptor TDT &#8211; GigaTV HD209 T, MPEG-2\/4, H.264, HDMI, HD, SD, DVB-T2 (TDT2)<\/p>\n<div class=\"pivot-actions \">\n<div class=\"pivot-actions-row\">\n <a rel=\"nofollow, sponsored, noopener, noreferrer noopener\" target=\"_blank\" data-asin=\"B0833HHVXW\" data-store=\"Amazon\" href=\"https:\/\/www.xatakahome.com\/redirect?url=https%3A%2F%2Fwww.amazon.es%2Fdp%2FB0833HHVXW%3Ftag%3Dxatakahome-21%26linkCode%3Dogi%26th%3D1%26psc%3D1&amp;category=seleccion&amp;pivot=1&amp;ecomPostExpiration=perish&amp;postId=113691\" title=\"Precio actualizado hoy\" class=\"pivot-action-btn pivot-action-primary\">Hoy en Amazon \u2014 <strong>19,99<\/strong> \u20ac<\/a>\n <\/div>\n<\/p><\/div>\n<\/p><\/div>\n<\/p><\/div>\n<div class=\"pivot-link-msg\">* Alg\u00fan precio puede haber cambiado desde la \u00faltima revisi\u00f3n<\/div>\n<\/p><\/div>\n<p><!-- PIVOT END --><\/p>\n<h3>Metronic 441646<\/h3>\n<div class=\"article-asset-image article-asset-small article-asset-center\">\n<div class=\"asset-content\">\n                    <a rel=\"nofollow, sponsored, noopener, noreferrer noopener\" target=\"_blank\" class=\"js-ecommerce\" href=\"https:\/\/www.xatakahome.com\/redirect?url=https%3A%2F%2Fwww.amazon.es%2Fdp%2FB0CVHJ9KCW&amp;category=seleccion&amp;ecomPostExpiration=perish&amp;postId=113691\" data-vars-affiliate-url=\"https:\/\/www.amazon.es\/dp\/B0CVHJ9KCW\"><\/p>\n<p>    <img decoding=\"async\" alt=\"receptor HD Metronic 441646\" class=\"centro_sinmarco\" src=\"https:\/\/i.blogs.es\/03a8b5\/proyecto-nuevo-13\/450_1000.webp\"><br \/>\n     <\/a><\/p><\/div>\n<\/div>\n<p>Este receptor HD Metronic 441646 tiene <strong>formato de <\/strong><em><strong>dongle stick<\/strong><\/em>, como los <a href=\"https:\/\/www.xatakahome.com\/a-fondo\/compre-fire-tv-stick-hace-cinco-anos-esto-que-me-gusta-que\" data-id=\"noopener noreferrer\">Fire TV Stick<\/a> de Amazon, por lo que te ahorrar\u00e1s de tener un aparato en el mueble de la tele. La resoluci\u00f3n que ofrece este dispositivo es de 1080i y permite ver canales en abierto de radio o televisi\u00f3n utilizando los estandartes CVB-T2, DVB-T y HEVC. En Amazon est\u00e1 en oferta por <a rel=\"nofollow, sponsored, noopener, noreferrer noopener\" target=\"_blank\" class=\"js-ecommerce\" href=\"https:\/\/www.xatakahome.com\/redirect?url=https%3A%2F%2Fwww.amazon.es%2Fdp%2FB0CVHJ9KCW&amp;category=seleccion&amp;ecomPostExpiration=perish&amp;postId=113691\" data-vars-affiliate-url=\"https:\/\/www.amazon.es\/dp\/B0CVHJ9KCW\" data-id=\"noopener noreferrer\">26,90 euros<\/a>.<\/p>\n<p><!-- BREAK 14 --><!-- PIVOT START --><\/p>\n<div class=\"pivot-ecommerce-container m-pivot-ecommerce-redesign article-asset-normal article-asset-center\">\n<div class=\"pivot-ecommerce\">\n<div class=\"pivot-ecommerce-figure\">\n  <a rel=\"nofollow, sponsored, noopener, noreferrer noopener\" target=\"_blank\" href=\"https:\/\/www.xatakahome.com\/redirect?url=https%3A%2F%2Fwww.amazon.es%2Fdp%2FB0CVHJ9KCW%3Ftag%3Dxatakahome-21%26linkCode%3Dogi%26th%3D1%26psc%3D1&amp;category=seleccion&amp;pivot=1&amp;ecomPostExpiration=perish&amp;postId=113691\"><br \/>\n   <img loading=\"lazy\" decoding=\"async\" alt=\"Metronic 441646 - Descodificador sintonizador Receptor TDT DVB-T, \" width=\"500\" height=\"500\" src=\"https:\/\/i.blogs.es\/9ac8c2\/21t36thzpnl._sl500_\/original.webp\" onerror='this.src=\"https:\/\/i.blogs.es\/9ac8c2\/21t36thzpnl._sl500_\/original.jpeg\"'><br \/>\n  <\/a>\n  <\/div>\n<div class=\"pivot-ecommerce-summary\">\n<p class=\"pivot-ecommerce-desc\">Metronic 441646 &#8211; Descodificador sintonizador Receptor TDT DVB-T, <\/p>\n<div class=\"pivot-actions \">\n<div class=\"pivot-actions-row\">\n <a rel=\"nofollow, sponsored, noopener, noreferrer noopener\" target=\"_blank\" data-asin=\"B0CVHJ9KCW\" data-store=\"Amazon\" href=\"https:\/\/www.xatakahome.com\/redirect?url=https%3A%2F%2Fwww.amazon.es%2Fdp%2FB0CVHJ9KCW%3Ftag%3Dxatakahome-21%26linkCode%3Dogi%26th%3D1%26psc%3D1&amp;category=seleccion&amp;pivot=1&amp;ecomPostExpiration=perish&amp;postId=113691\" title=\"Precio actualizado hoy\" class=\"pivot-action-btn pivot-action-primary\">Hoy en Amazon \u2014 <strong>24,92<\/strong> \u20ac<\/a>\n <\/div>\n<\/p><\/div>\n<\/p><\/div>\n<\/p><\/div>\n<div class=\"pivot-link-msg\">* Alg\u00fan precio puede haber cambiado desde la \u00faltima revisi\u00f3n<\/div>\n<\/p><\/div>\n<p><!-- PIVOT END --><\/p>\n<h3><strong>Bose Smart Soundbar 600<\/strong><\/h3>\n<div class=\"article-asset-image article-asset-small article-asset-center\">\n<div class=\"asset-content\">\n                    <a rel=\"nofollow, sponsored, noopener, noreferrer noopener\" target=\"_blank\" class=\"js-ecommerce\" href=\"https:\/\/www.xatakahome.com\/redirect?url=https%3A%2F%2Fwww.pccomponentes.com%2Fbose-smart-soundbar-600-barra-de-sonido-dolby-atmos-bluetooth-negra&amp;category=seleccion&amp;ecomPostExpiration=perish&amp;postId=113691\" data-vars-affiliate-url=\"https:\/\/www.pccomponentes.com\/bose-smart-soundbar-600-barra-de-sonido-dolby-atmos-bluetooth-negra\"><\/p>\n<p>    <img decoding=\"async\" alt=\"Bose Smart Soundbar 600\" class=\"centro_sinmarco\" src=\"https:\/\/i.blogs.es\/f19a99\/proyecto-nuevo-56-\/450_1000.webp\"><br \/>\n     <\/a><\/p><\/div>\n<\/div>\n<p>Si te gusta disfrutar de contenido audiovisual con la mejor calidad de audio, una barra de sonido ser\u00e1 la mejor compa\u00f1era de tu Smart TV. Ahora, en PcComponentes est\u00e1 disponible a precio m\u00ednimo hist\u00f3rico la <strong>Bose Smart Soundbar 600<\/strong> por <a rel=\"nofollow, sponsored, noopener, noreferrer noopener\" target=\"_blank\" class=\"js-ecommerce\" href=\"https:\/\/www.xatakahome.com\/redirect?url=https%3A%2F%2Fwww.pccomponentes.com%2Fbose-smart-soundbar-600-barra-de-sonido-dolby-atmos-bluetooth-negra&amp;category=seleccion&amp;ecomPostExpiration=perish&amp;postId=113691\" data-vars-affiliate-url=\"https:\/\/www.pccomponentes.com\/bose-smart-soundbar-600-barra-de-sonido-dolby-atmos-bluetooth-negra\" data-id=\"noopener noreferrer\">369 euros<\/a>.<\/p>\n<p><!-- BREAK 15 --><!-- PIVOT START --><\/p>\n<div class=\"pivot-ecommerce-container m-pivot-ecommerce-redesign article-asset-normal article-asset-center\">\n<div class=\"pivot-ecommerce\">\n<div class=\"pivot-ecommerce-figure\">\n  <a rel=\"nofollow, sponsored, noopener, noreferrer noopener\" target=\"_blank\" href=\"https:\/\/www.xatakahome.com\/redirect?url=https%3A%2F%2Fwww.amazon.es%2Fdp%2FB0BVMZ9RQD%3Ftag%3Dxatakahome-21%26linkCode%3Dosi%26th%3D1%26psc%3D1&amp;category=seleccion&amp;pivot=1&amp;ecomPostExpiration=perish&amp;postId=113691\"><br \/>\n   <img loading=\"lazy\" decoding=\"async\" alt=\"Bose Smart Soundbar 600 Dolby Atmos con Alexa integrada, conectividad Bluetooth \u2013 Negro\" width=\"500\" height=\"375\" src=\"https:\/\/i.blogs.es\/5eb731\/31cpvnxkxhl._sl500_\/original.webp\" onerror='this.src=\"https:\/\/i.blogs.es\/5eb731\/31cpvnxkxhl._sl500_\/original.jpeg\"'><br \/>\n  <\/a>\n  <\/div>\n<div class=\"pivot-ecommerce-summary\">\n<p class=\"pivot-ecommerce-desc\">Bose Smart Soundbar 600 Dolby Atmos con Alexa integrada, conectividad Bluetooth \u2013 Negro<\/p>\n<div class=\"pivot-actions \">\n<div class=\"pivot-actions-row\">\n <a rel=\"nofollow, sponsored, noopener, noreferrer noopener\" target=\"_blank\" data-asin=\"B0BVMZ9RQD\" data-store=\"Amazon\" href=\"https:\/\/www.xatakahome.com\/redirect?url=https%3A%2F%2Fwww.amazon.es%2Fdp%2FB0BVMZ9RQD%3Ftag%3Dxatakahome-21%26linkCode%3Dosi%26th%3D1%26psc%3D1&amp;category=seleccion&amp;pivot=1&amp;ecomPostExpiration=perish&amp;postId=113691\" title=\"Precio actualizado hoy\" class=\"pivot-action-btn pivot-action-primary\">Hoy en Amazon \u2014 <strong>369,00<\/strong> \u20ac<\/a><br \/>\n   <a rel=\"nofollow, sponsored, noopener, noreferrer noopener\" target=\"_blank\" data-asin=\"001011411406041\" data-store=\"El Corte Ingl\u00e9s\" href=\"https:\/\/www.xatakahome.com\/redirect?url=https%3A%2F%2Fwww.elcorteingles.es%2Felectronica%2FA45442037-barra-de-sonido-bose-smart-soundbar-600-dolby-atmos%2F&amp;category=seleccion&amp;pivot=1&amp;ecomPostExpiration=perish&amp;postId=113691\" title=\"Precio actualizado hoy\" class=\"pivot-action-btn pivot-action-secondary\">El Corte Ingl\u00e9s \u2014 <strong>509,15<\/strong> \u20ac<\/a><br \/>\n   <a rel=\"nofollow, sponsored, noopener, noreferrer noopener\" target=\"_blank\" data-asin=\"10813034\" data-store=\"PcComponentes\" href=\"https:\/\/www.xatakahome.com\/redirect?url=https%3A%2F%2Fwww.pccomponentes.com%2Fbose-smart-soundbar-600-barra-de-sonido-dolby-atmos-bluetooth-negra&amp;category=seleccion&amp;pivot=1&amp;ecomPostExpiration=perish&amp;postId=113691\" title=\"Precio actualizado hoy\" class=\"pivot-action-btn pivot-action-secondary\">PcComponentes \u2014 <strong>599,00<\/strong> \u20ac<\/a>\n <\/div>\n<\/p><\/div>\n<\/p><\/div>\n<\/p><\/div>\n<div class=\"pivot-link-msg\">* Alg\u00fan precio puede haber cambiado desde la \u00faltima revisi\u00f3n<\/div>\n<\/p><\/div>\n<p><!-- PIVOT END --><\/p>\n<h3><strong>Sharp HT-SBW202<\/strong><\/h3>\n<div class=\"article-asset-image article-asset-small article-asset-center\">\n<div class=\"asset-content\">\n                    <a rel=\"nofollow, sponsored, noopener, noreferrer noopener\" target=\"_blank\" class=\"js-ecommerce\" href=\"https:\/\/www.xatakahome.com\/redirect?url=https%3A%2F%2Fwww.lidl.es%2Fes%2Fsharp-barra-de-sonido-200-w%2Fp60006&amp;category=seleccion&amp;ecomPostExpiration=perish&amp;postId=113691\" data-vars-affiliate-url=\"https:\/\/www.lidl.es\/es\/sharp-barra-de-sonido-200-w\/p60006\"><\/p>\n<p>    <img decoding=\"async\" alt=\"barra de sonido Sharp HT-SBW202\" class=\"centro_sinmarco\" src=\"https:\/\/i.blogs.es\/183782\/proyecto-nuevo---2024-03-22t094422.428\/450_1000.webp\"><br \/>\n     <\/a><\/p><\/div>\n<\/div>\n<p>Si quieres disfrutar de las pel\u00edculas en tu terraza o jard\u00edn con la <strong>mejor calidad de audio<\/strong>, una barra de sonido es uno de los dispositivos que tambi\u00e9n hay que considerar. Esta <a href=\"https:\/\/www.xatakahome.com\/altavoces\/sharp-barra-sonido\" data-id=\"noopener noreferrer\">Sharp HT-SBW202<\/a> es un chollo en Lidl y, ahora, est\u00e1 en oferta por <a rel=\"nofollow, sponsored, noopener, noreferrer noopener\" target=\"_blank\" class=\"js-ecommerce\" href=\"https:\/\/www.xatakahome.com\/redirect?url=https%3A%2F%2Fwww.lidl.es%2Fes%2Fsharp-barra-de-sonido-200-w%2Fp60006&amp;category=seleccion&amp;ecomPostExpiration=perish&amp;postId=113691\" data-vars-affiliate-url=\"https:\/\/www.lidl.es\/es\/sharp-barra-de-sonido-200-w\/p60006\" data-id=\"noopener noreferrer\">134,99 euros<\/a> frente a los 229 euros que suele costar. Ofrece una <strong>potencia de 200W<\/strong> y viene con un subwoofer inal\u00e1mbrico. Cuenta con conexi\u00f3n HDMI ARC\/CEC y viene con mando a distancia y tiene tambi\u00e9n una entrada auxiliar de 3,5 mm.<\/p>\n<p><!-- BREAK 16 --><!-- PIVOT START --><\/p>\n<div class=\"pivot-ecommerce-container m-pivot-ecommerce-redesign article-asset-normal article-asset-center\">\n<div class=\"pivot-ecommerce\">\n<div class=\"pivot-ecommerce-figure\">\n  <a rel=\"nofollow, sponsored, noopener, noreferrer noopener\" target=\"_blank\" href=\"https:\/\/www.xatakahome.com\/redirect?url=https%3A%2F%2Fwww.amazon.es%2Fdp%2FB09GKWLH4X%3Ftag%3Dxatakahome-21%26linkCode%3Dogi%26th%3D1%26psc%3D1&amp;category=seleccion&amp;pivot=1&amp;ecomPostExpiration=perish&amp;postId=113691\"><br \/>\n   <img loading=\"lazy\" decoding=\"async\" alt=\"Sharp HT-SBW202 Barra de Sonido 2.1 con Subwoofer inal\u00e1mbrico\" width=\"469\" height=\"500\" src=\"https:\/\/i.blogs.es\/5812fd\/31zoqsjqxdl._sl500_\/original.webp\" onerror='this.src=\"https:\/\/i.blogs.es\/5812fd\/31zoqsjqxdl._sl500_\/original.jpeg\"'><br \/>\n  <\/a>\n  <\/div>\n<div class=\"pivot-ecommerce-summary\">\n<p class=\"pivot-ecommerce-desc\">Sharp HT-SBW202 Barra de Sonido 2.1 con Subwoofer inal\u00e1mbrico<\/p>\n<div class=\"pivot-actions \">\n<div class=\"pivot-actions-row\">\n <a rel=\"nofollow, sponsored, noopener, noreferrer noopener\" target=\"_blank\" data-asin=\"B09GKWLH4X\" data-store=\"Amazon\" href=\"https:\/\/www.xatakahome.com\/redirect?url=https%3A%2F%2Fwww.amazon.es%2Fdp%2FB09GKWLH4X%3Ftag%3Dxatakahome-21%26linkCode%3Dogi%26th%3D1%26psc%3D1&amp;category=seleccion&amp;pivot=1&amp;ecomPostExpiration=perish&amp;postId=113691\" title=\"Precio actualizado hoy\" class=\"pivot-action-btn pivot-action-primary\">Hoy en Amazon \u2014 <strong>129,00<\/strong> \u20ac<\/a><br \/>\n   <a rel=\"nofollow, sponsored, noopener, noreferrer noopener\" target=\"_blank\" data-asin=\"\" data-store=\"\" href=\"https:\/\/www.xatakahome.com\/redirect?url=https%3A%2F%2Fwww.lidl.es%2Fes%2Fsharp-barra-de-sonido-200-w%2Fp60006&amp;category=seleccion&amp;pivot=1&amp;ecomPostExpiration=perish&amp;postId=113691\" title=\"Precio de venta al p\u00fablico a fecha de publicaci\u00f3n\" class=\"pivot-action-btn pivot-action-secondary\">Lidl \u2014 <strong>134,99<\/strong> \u20ac<\/a><br \/>\n   <a rel=\"nofollow, sponsored, noopener, noreferrer noopener\" target=\"_blank\" data-asin=\"10408412\" data-store=\"PcComponentes\" href=\"https:\/\/www.xatakahome.com\/redirect?url=https%3A%2F%2Fwww.pccomponentes.com%2Fsharp-ht-sbw202-barra-de-sonido-21-con-subwoofer-200w&amp;category=seleccion&amp;pivot=1&amp;ecomPostExpiration=perish&amp;postId=113691\" title=\"Precio actualizado hoy\" class=\"pivot-action-btn pivot-action-secondary\">PcComponentes \u2014 <strong>189,90<\/strong> \u20ac<\/a>\n <\/div>\n<\/p><\/div>\n<\/p><\/div>\n<\/p><\/div>\n<div class=\"pivot-link-msg\">* Alg\u00fan precio puede haber cambiado desde la \u00faltima revisi\u00f3n<\/div>\n<\/p><\/div>\n<p><!-- PIVOT END --><\/p>\n<div class=\"article-asset article-asset-normal article-asset-center\">\n<div class=\"desvio-container\">\n<div class=\"desvio\">\n<div class=\"desvio-figure js-desvio-figure\">\n    <a href=\"https:\/\/www.xataka.com\/televisores\/tecnologias-panel-tendencias-televisores-que-llegan-2022-explicadas\" target='\"_blank\"' rel=\"noopener\"><br \/>\n     <img loading=\"lazy\" decoding=\"async\" alt=\"Las tecnolog\u00edas de panel y las tendencias en televisores que llegan en 2022, explicadas\" width=\"375\" height=\"142\" src=\"https:\/\/i.blogs.es\/7e36db\/micro-led_1\/375_142.webp\" onerror='this.src=\"https:\/\/i.blogs.es\/7e36db\/micro-led_1\/375_142.jpeg\"'><br \/>\n    <\/a>\n   <\/div>\n<div class=\"desvio-summary\">\n<div class=\"desvio-taxonomy js-desvio-taxonomy\">\n     <a href=\"https:\/\/www.xataka.com\/televisores\/tecnologias-panel-tendencias-televisores-que-llegan-2022-explicadas\" class=\"desvio-taxonomy-anchor m-crosspost\" target='\"_blank\"' rel=\"noopener\">En Xataka<\/a>\n    <\/div>\n<p>    <a href=\"https:\/\/www.xataka.com\/televisores\/tecnologias-panel-tendencias-televisores-que-llegan-2022-explicadas\" class=\"desvio-title js-desvio-title\" target='\"_blank\"' rel=\"noopener\">Las tecnolog\u00edas de panel y las tendencias en televisores que llegan en 2022, explicadas<\/a>\n   <\/div>\n<\/p><\/div>\n<\/p><\/div>\n<\/div>\n<h2>Electrodom\u00e9sticos, climatizaci\u00f3n y hogar inteligente<\/h2>\n<h3>Daitsu Artic DS-12KTP<\/h3>\n<div class=\"article-asset-image article-asset-small article-asset-center\">\n<div class=\"asset-content\">\n<p>   <img decoding=\"async\" alt=\"aire acondicioando\" class=\"centro_sinmarco\" src=\"https:\/\/i.blogs.es\/5c7444\/2883-daitsu-artic-ds-12ktp-aire-acondicionado-split-1x1-con-bomba-de-calor-2923-frigorias-comprar\/450_1000.webp\"><\/p><\/div>\n<\/div>\n<p>Si buscas un <strong>aire acondicionado<\/strong> de marca reconocida y buena capacidad de enfriamiento, este modelo de <strong>Daitsu<\/strong> cuenta con una buena oferta esta semana. Es un modelo de tipo split 1&#215;1 para la pared, con bomba de calor para el invierno, <strong>WiFi y 2923 frigor\u00edas<\/strong>. Su precio es de <a rel=\"nofollow, sponsored, noopener, noreferrer noopener\" target=\"_blank\" class=\"js-ecommerce\" href=\"https:\/\/www.xatakahome.com\/redirect?url=https%3A%2F%2Fwww.pccomponentes.com%2Fdaitsu-artic-ds-12ktp-aire-acondicionado-split-1x1-wi-fi-con-bomba-de-calor-2923-frigorias&amp;category=seleccion&amp;ecomPostExpiration=perish&amp;postId=113691\" data-vars-affiliate-url=\"https:\/\/www.pccomponentes.com\/daitsu-artic-ds-12ktp-aire-acondicionado-split-1x1-wi-fi-con-bomba-de-calor-2923-frigorias\">379 euros<\/a> m\u00e1s instalaci\u00f3n.<\/p>\n<p><!-- BREAK 17 --><!-- PIVOT START --><\/p>\n<div class=\"pivot-ecommerce-container m-pivot-ecommerce-redesign article-asset-normal article-asset-center\">\n<div class=\"pivot-ecommerce\">\n<div class=\"pivot-ecommerce-figure\">\n  <a rel=\"nofollow, sponsored, noopener, noreferrer noopener\" target=\"_blank\" href=\"https:\/\/www.xatakahome.com\/redirect?url=https%3A%2F%2Fwww.mediamarkt.es%2Fes%2Fproduct%2F_aire-acondicionado-split-1-x-1-daitsu-artic-ds-12ktp-2923-fgh-control-wifi-modo-noche-silencioso-blanco-1568050.html&amp;category=seleccion&amp;pivot=1&amp;ecomPostExpiration=perish&amp;postId=113691\"><br \/>\n   <img loading=\"lazy\" decoding=\"async\" alt=\"Aire Acondicionado Daitsu Split\" width=\"500\" height=\"395\" src=\"https:\/\/i.blogs.es\/3ebbad\/51l4kkkhlol._sl500_\/original.webp\" onerror='this.src=\"https:\/\/i.blogs.es\/3ebbad\/51l4kkkhlol._sl500_\/original.jpeg\"'><br \/>\n  <\/a>\n  <\/div>\n<div class=\"pivot-ecommerce-summary\">\n<p class=\"pivot-ecommerce-desc\">Aire Acondicionado Daitsu Split<\/p>\n<div class=\"pivot-actions \">\n<div class=\"pivot-actions-row\">\n <a rel=\"nofollow, sponsored, noopener, noreferrer noopener\" target=\"_blank\" data-asin=\"1568050\" data-store=\"MediaMarkt\" href=\"https:\/\/www.xatakahome.com\/redirect?url=https%3A%2F%2Fwww.mediamarkt.es%2Fes%2Fproduct%2F_aire-acondicionado-split-1-x-1-daitsu-artic-ds-12ktp-2923-fgh-control-wifi-modo-noche-silencioso-blanco-1568050.html&amp;category=seleccion&amp;pivot=1&amp;ecomPostExpiration=perish&amp;postId=113691\" title=\"Precio actualizado hoy\" class=\"pivot-action-btn pivot-action-primary\">Hoy en MediaMarkt \u2014 <strong>399,00<\/strong> \u20ac<\/a><br \/>\n   <a rel=\"nofollow, sponsored, noopener, noreferrer noopener\" target=\"_blank\" data-asin=\"B0CW6HV46C\" data-store=\"Amazon\" href=\"https:\/\/www.xatakahome.com\/redirect?url=https%3A%2F%2Fwww.amazon.es%2Fdp%2FB0CW6HV46C%3Ftag%3Dxatakahome-21%26linkCode%3Dosi%26th%3D1%26psc%3D1&amp;category=seleccion&amp;pivot=1&amp;ecomPostExpiration=perish&amp;postId=113691\" title=\"Precio actualizado hoy\" class=\"pivot-action-btn pivot-action-secondary\">Amazon \u2014 <strong>452,08<\/strong> \u20ac<\/a><br \/>\n   <a rel=\"nofollow, sponsored, noopener, noreferrer noopener\" target=\"_blank\" data-asin=\"90839072\" data-store=\"Leroy Merlin\" href=\"https:\/\/www.xatakahome.com\/redirect?url=https%3A%2F%2Fwww.leroymerlin.es%2Fproductos%2Fcalefaccion-y-climatizacion%2Faire-acondicionado%2Faire-acondicionado-split-inverter%2Faire-acondicionado-split-1x1-daitsu-1x1-daitsu-2-923-frig-h-y-2-949-kcal-h-artic-ds-12ktp-90839072.html%3FhighlightedOfferCode%3D69143f5a677b8f5bbd71d29b892115d00004798e&amp;category=seleccion&amp;pivot=1&amp;ecomPostExpiration=perish&amp;postId=113691\" title=\"Precio actualizado hoy\" class=\"pivot-action-btn pivot-action-secondary\">Leroy Merlin \u2014 <strong>465,13<\/strong> \u20ac<\/a><br \/>\n   <a rel=\"nofollow, sponsored, noopener, noreferrer noopener\" target=\"_blank\" data-asin=\"001004781076007\" data-store=\"El Corte Ingl\u00e9s\" href=\"https:\/\/www.xatakahome.com\/redirect?url=https%3A%2F%2Fwww.elcorteingles.es%2Felectrodomesticos%2FA49365173-aire-acondicionado-split-1x1-daitsu-1x1-daitsu-2923-frigh-y-2949-kcalh-artic-ds-12ktp%2F&amp;category=seleccion&amp;pivot=1&amp;ecomPostExpiration=perish&amp;postId=113691\" title=\"Precio actualizado hoy\" class=\"pivot-action-btn pivot-action-secondary\">El Corte Ingl\u00e9s \u2014 <strong>470,00<\/strong> \u20ac<\/a><br \/>\n   <a rel=\"nofollow, sponsored, noopener, noreferrer noopener\" target=\"_blank\" data-asin=\"10827053\" data-store=\"PcComponentes\" href=\"https:\/\/www.xatakahome.com\/redirect?url=https%3A%2F%2Fwww.pccomponentes.com%2Fdaitsu-artic-ds-12ktp-aire-acondicionado-split-1x1-wi-fi-con-bomba-de-calor-2923-frigorias&amp;category=seleccion&amp;pivot=1&amp;ecomPostExpiration=perish&amp;postId=113691\" title=\"Precio de venta al p\u00fablico a fecha de publicaci\u00f3n\" class=\"pivot-action-btn pivot-action-secondary\">PcComponentes \u2014 <strong>579,00<\/strong> \u20ac<\/a>\n <\/div>\n<\/p><\/div>\n<\/p><\/div>\n<\/p><\/div>\n<div class=\"pivot-link-msg\">* Alg\u00fan precio puede haber cambiado desde la \u00faltima revisi\u00f3n<\/div>\n<\/p><\/div>\n<p><!-- PIVOT END --><\/p>\n<h3><strong>Origial AirFeel 1750<\/strong><\/h3>\n<div class=\"article-asset-image article-asset-small article-asset-center\">\n<div class=\"asset-content\">\n                    <a rel=\"nofollow, sponsored, noopener, noreferrer noopener\" target=\"_blank\" class=\"js-ecommerce\" href=\"https:\/\/www.xatakahome.com\/redirect?url=https%3A%2F%2Fwww.pccomponentes.com%2Forigial-airfeel-1750-aire-acondicionado-portatil-1750-frigorias&amp;category=seleccion&amp;ecomPostExpiration=perish&amp;postId=113691\" data-vars-affiliate-url=\"https:\/\/www.pccomponentes.com\/origial-airfeel-1750-aire-acondicionado-portatil-1750-frigorias\"><\/p>\n<p>    <img decoding=\"async\" alt=\"comprar-aire-acondicionado-port\u00e1til-barato-mejor-precio-pccomponentes\" class=\"centro_sinmarco\" src=\"https:\/\/i.blogs.es\/c55479\/comprar-aire-acondicionado-portatil-barato-mejor-precio-pccomponentes\/450_1000.webp\"><br \/>\n     <\/a><\/p><\/div>\n<\/div>\n<p>Si el calor en casa se ha vuelto insoportable y quieres refrescarte de manera eficiente sin aumentar demasiado el consumo de energ\u00eda, un aire acondicionado port\u00e1til como este <strong>Origial AirFeel 1750 <\/strong>puede ser todo lo que necesitas y ahora en <strong>PcComponentes <\/strong>est\u00e1 rebajado a precio m\u00ednimo hist\u00f3rico de <a rel=\"nofollow, sponsored, noopener, noreferrer noopener\" target=\"_blank\" class=\"js-ecommerce\" href=\"https:\/\/www.xatakahome.com\/redirect?url=https%3A%2F%2Fwww.pccomponentes.com%2Forigial-airfeel-1750-aire-acondicionado-portatil-1750-frigorias&amp;category=seleccion&amp;ecomPostExpiration=perish&amp;postId=113691\" data-vars-affiliate-url=\"https:\/\/www.pccomponentes.com\/origial-airfeel-1750-aire-acondicionado-portatil-1750-frigorias\" data-id=\"noopener noreferrer\">163 euros<\/a>.<\/p>\n<p><!-- BREAK 18 --><!-- PIVOT START --><\/p>\n<div class=\"pivot-ecommerce-container m-pivot-ecommerce-redesign article-asset-normal article-asset-center\">\n<div class=\"pivot-ecommerce\">\n<div class=\"pivot-ecommerce-figure\">\n  <a rel=\"nofollow, sponsored, noopener, noreferrer noopener\" target=\"_blank\" href=\"https:\/\/www.xatakahome.com\/redirect?url=https%3A%2F%2Fwww.pccomponentes.com%2Forigial-airfeel-1750-aire-acondicionado-portatil-1750-frigorias&amp;category=seleccion&amp;pivot=1&amp;ecomPostExpiration=perish&amp;postId=113691\"><br \/>\n   <img loading=\"lazy\" decoding=\"async\" alt=\"Origial AirFeel 1750 Aire Acondicionado Port\u00e1til 1750 Frigor\u00edas\" width=\"500\" height=\"500\" src=\"https:\/\/i.blogs.es\/f2fa74\/31eipoqkcul._sl500_\/original.webp\" onerror='this.src=\"https:\/\/i.blogs.es\/f2fa74\/31eipoqkcul._sl500_\/original.jpeg\"'><br \/>\n  <\/a>\n  <\/div>\n<div class=\"pivot-ecommerce-summary\">\n<p class=\"pivot-ecommerce-desc\">Origial AirFeel 1750 Aire Acondicionado Port\u00e1til 1750 Frigor\u00edas<\/p>\n<div class=\"pivot-actions \">\n<div class=\"pivot-actions-row\">\n <a rel=\"nofollow, sponsored, noopener, noreferrer noopener\" target=\"_blank\" data-asin=\"10641126\" data-store=\"PcComponentes\" href=\"https:\/\/www.xatakahome.com\/redirect?url=https%3A%2F%2Fwww.pccomponentes.com%2Forigial-airfeel-1750-aire-acondicionado-portatil-1750-frigorias&amp;category=seleccion&amp;pivot=1&amp;ecomPostExpiration=perish&amp;postId=113691\" title=\"Precio de venta al p\u00fablico a fecha de publicaci\u00f3n\" class=\"pivot-action-btn pivot-action-primary\">PVP en PcComponentes \u2014 <strong>163,00<\/strong> \u20ac<\/a><br \/>\n   <a rel=\"nofollow, sponsored, noopener, noreferrer noopener\" target=\"_blank\" data-asin=\"B0C5NQ3TBK\" data-store=\"Amazon\" href=\"https:\/\/www.xatakahome.com\/redirect?url=https%3A%2F%2Fwww.amazon.es%2Fdp%2FB0C5NQ3TBK%3Ftag%3Dxatakahome-21%26linkCode%3Dosi%26th%3D1%26psc%3D1&amp;category=seleccion&amp;pivot=1&amp;ecomPostExpiration=perish&amp;postId=113691\" title=\"Precio actualizado hoy\" class=\"pivot-action-btn pivot-action-secondary\">Amazon \u2014 <strong>163,00<\/strong> \u20ac<\/a>\n <\/div>\n<\/p><\/div>\n<\/p><\/div>\n<\/p><\/div>\n<div class=\"pivot-link-msg\">* Alg\u00fan precio puede haber cambiado desde la \u00faltima revisi\u00f3n<\/div>\n<\/p><\/div>\n<p><!-- PIVOT END --><\/p>\n<h3><strong>Rowenta Turbo Silence Extreme+<\/strong><\/h3>\n<div class=\"article-asset-image article-asset-small article-asset-center\">\n<div class=\"asset-content\">\n                    <a rel=\"nofollow, sponsored, noopener, noreferrer noopener\" target=\"_blank\" class=\"js-ecommerce\" href=\"https:\/\/www.xatakahome.com\/redirect?url=https%3A%2F%2Fwww.amazon.es%2FRowenta-Turbo-Silence-Extreme-temporizador%2Fdp%2FB0CXY7PFFD%2F%3Fth%3D1&amp;category=seleccion&amp;ecomPostExpiration=perish&amp;postId=113691\" data-vars-affiliate-url=\"https:\/\/www.amazon.es\/Rowenta-Turbo-Silence-Extreme-temporizador\/dp\/B0CXY7PFFD\/?th=1\"><\/p>\n<p>    <img decoding=\"async\" alt=\"comprar-ventilador-de-pie-rowenta-al-mejor-precio-oferta-flash-amazon\" class=\"centro_sinmarco\" src=\"https:\/\/i.blogs.es\/91f60c\/comprar-ventilador-de-pie-rowenta-al-mejor-precio-oferta-flash-amazon\/450_1000.webp\"><br \/>\n     <\/a><\/p><\/div>\n<\/div>\n<p>Aunque las tormentas han llegado a la pen\u00ednsula, es solo cuesti\u00f3n de d\u00edas antes de que las altas temperaturas vuelvan a invadir nuestro hogar. Por ello, si quieres estar preparado, ahora puedes aprovechar para hacerte con un ventilador de pie potente y de consumo eficiente como este <strong>Rowenta Turbo Silence Extreme+<\/strong> a precio m\u00ednimo hist\u00f3rico de <a rel=\"nofollow, sponsored, noopener, noreferrer noopener\" target=\"_blank\" class=\"js-ecommerce\" href=\"https:\/\/www.xatakahome.com\/redirect?url=https%3A%2F%2Fwww.amazon.es%2FRowenta-Turbo-Silence-Extreme-temporizador%2Fdp%2FB0CXY7PFFD%2F%3Fth%3D1&amp;category=seleccion&amp;ecomPostExpiration=perish&amp;postId=113691\" data-vars-affiliate-url=\"https:\/\/www.amazon.es\/Rowenta-Turbo-Silence-Extreme-temporizador\/dp\/B0CXY7PFFD\/?th=1\" data-id=\"noopener noreferrer\">119 euros<\/a> gracias a una oferta flash de <strong>Amazon<\/strong>.<\/p>\n<p><!-- BREAK 19 --><!-- PIVOT START --><\/p>\n<div class=\"pivot-ecommerce-container m-pivot-ecommerce-redesign article-asset-normal article-asset-center\">\n<div class=\"pivot-ecommerce\">\n<div class=\"pivot-ecommerce-figure\">\n  <a rel=\"nofollow, sponsored, noopener, noreferrer noopener\" target=\"_blank\" href=\"https:\/\/www.xatakahome.com\/redirect?url=https%3A%2F%2Fwww.amazon.es%2Fdp%2FB0CXY7PFFD%3Ftag%3Dxatakahome-21%26linkCode%3Dogi%26th%3D1%26psc%3D1&amp;category=seleccion&amp;pivot=1&amp;ecomPostExpiration=perish&amp;postId=113691\"><br \/>\n   <img loading=\"lazy\" decoding=\"async\" alt=\"Rowenta Turbo Silence Extreme+ - Ventilador de pie potente y silencioso, motor Effitech, menor consumo energ\u00e9tico, 16 velocidades, 3 modos autom\u00e1ticos, temporizador de 12h, mando a distancia, VU5890\" width=\"500\" height=\"500\" src=\"https:\/\/i.blogs.es\/e9ae26\/21z7qoqeull._sl500_\/original.webp\" onerror='this.src=\"https:\/\/i.blogs.es\/e9ae26\/21z7qoqeull._sl500_\/original.jpeg\"'><br \/>\n  <\/a>\n  <\/div>\n<div class=\"pivot-ecommerce-summary\">\n<p class=\"pivot-ecommerce-desc\">Rowenta Turbo Silence Extreme+ &#8211; Ventilador de pie potente y silencioso, motor Effitech, menor consumo energ\u00e9tico, 16 velocidades, 3 modos autom\u00e1ticos, temporizador de 12h, mando a distancia, VU5890<\/p>\n<div class=\"pivot-actions \">\n<div class=\"pivot-actions-row\">\n <a rel=\"nofollow, sponsored, noopener, noreferrer noopener\" target=\"_blank\" data-asin=\"B0CXY7PFFD\" data-store=\"Amazon\" href=\"https:\/\/www.xatakahome.com\/redirect?url=https%3A%2F%2Fwww.amazon.es%2Fdp%2FB0CXY7PFFD%3Ftag%3Dxatakahome-21%26linkCode%3Dogi%26th%3D1%26psc%3D1&amp;category=seleccion&amp;pivot=1&amp;ecomPostExpiration=perish&amp;postId=113691\" title=\"Precio actualizado hoy\" class=\"pivot-action-btn pivot-action-primary\">Hoy en Amazon \u2014 <strong>119,00<\/strong> \u20ac<\/a><br \/>\n   <a rel=\"nofollow, sponsored, noopener, noreferrer noopener\" target=\"_blank\" data-asin=\"1567304\" data-store=\"MediaMarkt\" href=\"https:\/\/www.xatakahome.com\/redirect?url=https%3A%2F%2Fwww.mediamarkt.es%2Fes%2Fproduct%2F_ventilador-de-pie-rowenta-turbo-silence-vu5890f0-34-w-145-m-685-mmin-16-velocidades-temporizador-control-remoto-silencioso-blanco-1567304.html&amp;category=seleccion&amp;pivot=1&amp;ecomPostExpiration=perish&amp;postId=113691\" title=\"Precio actualizado hoy\" class=\"pivot-action-btn pivot-action-secondary\">MediaMarkt \u2014 <strong>139,99<\/strong> \u20ac<\/a><br \/>\n   <a rel=\"nofollow, sponsored, noopener, noreferrer noopener\" target=\"_blank\" data-asin=\"10834262\" data-store=\"PcComponentes\" href=\"https:\/\/www.xatakahome.com\/redirect?url=https%3A%2F%2Fwww.pccomponentes.com%2Frowenta-turbo-silence-extreme-vu5890-ventilador-de-pie-con-mando-34w-blanco&amp;category=seleccion&amp;pivot=1&amp;ecomPostExpiration=perish&amp;postId=113691\" title=\"Precio actualizado hoy\" class=\"pivot-action-btn pivot-action-secondary\">PcComponentes \u2014 <strong>194,38<\/strong> \u20ac<\/a>\n <\/div>\n<\/p><\/div>\n<\/p><\/div>\n<\/p><\/div>\n<div class=\"pivot-link-msg\">* Alg\u00fan precio puede haber cambiado desde la \u00faltima revisi\u00f3n<\/div>\n<\/p><\/div>\n<p><!-- PIVOT END --><\/p>\n<h3>Sogo Ventilador Industrial de Suelo<\/h3>\n<div class=\"article-asset-image article-asset-small article-asset-center\">\n<div class=\"asset-content\">\n<p>   <img decoding=\"async\" alt=\"ventilador\" class=\"centro_sinmarco\" src=\"https:\/\/i.blogs.es\/f2ca1e\/4890-sogo-ventilador-industrial-de-suelo-90w-especificaciones\/450_1000.webp\"><\/p><\/div>\n<\/div>\n<p>Si quieres un <strong>ventilador de gran potencia<\/strong>, este modelo de Sogo tiene una buena oferta esta semana. Se trata de un modelo de tipo industrial con <strong>90 vatios<\/strong> y un di\u00e1metro de 40 cm protegido en su totalidad por una rejilla met\u00e1lica. Su precio es de <a rel=\"nofollow, sponsored, noopener, noreferrer noopener\" target=\"_blank\" class=\"js-ecommerce\" href=\"https:\/\/www.xatakahome.com\/redirect?url=https%3A%2F%2Fwww.pccomponentes.com%2Fsogo-ventilador-industrial-de-suelo-90w&amp;category=seleccion&amp;ecomPostExpiration=perish&amp;postId=113691\" data-vars-affiliate-url=\"https:\/\/www.pccomponentes.com\/sogo-ventilador-industrial-de-suelo-90w\">51 euros<\/a> frente a los 130 habituales.<\/p>\n<p><!-- BREAK 20 --><!-- PIVOT START --><\/p>\n<div class=\"pivot-ecommerce-container m-pivot-ecommerce-redesign article-asset-normal article-asset-center\">\n<div class=\"pivot-ecommerce\">\n<div class=\"pivot-ecommerce-figure\">\n  <a rel=\"nofollow, sponsored, noopener, noreferrer noopener\" target=\"_blank\" href=\"https:\/\/www.xatakahome.com\/redirect?url=https%3A%2F%2Fwww.elcorteingles.es%2Felectrodomesticos%2FMP_0005465_8425490132161-ventilador-de-sobremesa-sogo-16-semi-industrial-3-velocidades%2F&amp;category=seleccion&amp;pivot=1&amp;ecomPostExpiration=perish&amp;postId=113691\"><br \/>\n   <img loading=\"lazy\" decoding=\"async\" alt=\"SOGO Ventilador Industrial Power Fan: Silencioso, Potente, de Suelo o Sobremesa, con Aspas de Metal, Acabado Cromado, Inclinable, 3 Velocidades (\u00d8 40 cm - 90W)\" width=\"500\" height=\"500\" src=\"https:\/\/i.blogs.es\/41f0be\/516asibmkdl._sl500_\/original.webp\" onerror='this.src=\"https:\/\/i.blogs.es\/41f0be\/516asibmkdl._sl500_\/original.jpeg\"'><br \/>\n  <\/a>\n  <\/div>\n<div class=\"pivot-ecommerce-summary\">\n<p class=\"pivot-ecommerce-desc\">SOGO Ventilador Industrial Power Fan: Silencioso, Potente, de Suelo o Sobremesa, con Aspas de Metal, Acabado Cromado, Inclinable, 3 Velocidades (\u00d8 40 cm &#8211; 90W)<\/p>\n<div class=\"pivot-actions \">\n<div class=\"pivot-actions-row\">\n <a rel=\"nofollow, sponsored, noopener, noreferrer noopener\" target=\"_blank\" data-asin=\"8425490132161\" data-store=\"El Corte Ingl\u00e9s\" href=\"https:\/\/www.xatakahome.com\/redirect?url=https%3A%2F%2Fwww.elcorteingles.es%2Felectrodomesticos%2FMP_0005465_8425490132161-ventilador-de-sobremesa-sogo-16-semi-industrial-3-velocidades%2F&amp;category=seleccion&amp;pivot=1&amp;ecomPostExpiration=perish&amp;postId=113691\" title=\"Precio actualizado hoy\" class=\"pivot-action-btn pivot-action-primary\">Hoy en El Corte Ingl\u00e9s \u2014 <strong>62,67<\/strong> \u20ac<\/a><br \/>\n   <a rel=\"nofollow, sponsored, noopener, noreferrer noopener\" target=\"_blank\" data-asin=\"B01ENN67HO\" data-store=\"Amazon\" href=\"https:\/\/www.xatakahome.com\/redirect?url=https%3A%2F%2Fwww.amazon.es%2Fdp%2FB01ENN67HO%3Ftag%3Dxatakahome-21%26linkCode%3Dosi%26th%3D1%26psc%3D1&amp;category=seleccion&amp;pivot=1&amp;ecomPostExpiration=perish&amp;postId=113691\" title=\"Precio actualizado hoy\" class=\"pivot-action-btn pivot-action-secondary\">Amazon \u2014 <strong>62,67<\/strong> \u20ac<\/a><br \/>\n   <a rel=\"nofollow, sponsored, noopener, noreferrer noopener\" target=\"_blank\" data-asin=\"84408747\" data-store=\"Leroy Merlin\" href=\"https:\/\/www.xatakahome.com\/redirect?url=https%3A%2F%2Fwww.leroymerlin.es%2Fproductos%2Fcalefaccion-y-climatizacion%2Fventiladores%2Fventiladores-de-pie-industriales-y-de-pared%2Fventilador-suelo-semi-industrial-16-40cm-90w-84408747.html%3FhighlightedOfferCode%3Dd7e24cb61a13e5b10fe0114de1cf821cc43c1505&amp;category=seleccion&amp;pivot=1&amp;ecomPostExpiration=perish&amp;postId=113691\" title=\"Precio actualizado hoy\" class=\"pivot-action-btn pivot-action-secondary\">Leroy Merlin \u2014 <strong>87,96<\/strong> \u20ac<\/a><br \/>\n   <a rel=\"nofollow, sponsored, noopener, noreferrer noopener\" target=\"_blank\" data-asin=\"410738\" data-store=\"PcComponentes\" href=\"https:\/\/www.xatakahome.com\/redirect?url=https%3A%2F%2Fwww.pccomponentes.com%2Fsogo-ventilador-industrial-de-suelo-90w&amp;category=seleccion&amp;pivot=1&amp;ecomPostExpiration=perish&amp;postId=113691\" title=\"Precio actualizado hoy\" class=\"pivot-action-btn pivot-action-secondary\">PcComponentes \u2014 <strong>129,99<\/strong> \u20ac<\/a>\n <\/div>\n<\/p><\/div>\n<\/p><\/div>\n<\/p><\/div>\n<div class=\"pivot-link-msg\">* Alg\u00fan precio puede haber cambiado desde la \u00faltima revisi\u00f3n<\/div>\n<\/p><\/div>\n<p><!-- PIVOT END --><\/p>\n<h3>Daitsu APD-09FX Alisios<\/h3>\n<div class=\"article-asset-image article-asset-small article-asset-center\">\n<div class=\"asset-content\">\n<p>   <img decoding=\"async\" alt=\"Daitsu arie acondicionado\" class=\"centro_sinmarco\" src=\"https:\/\/i.blogs.es\/d86241\/1651-daitsu-apd-09fx-alisios-aire-acondicionado-portatil-2149-frigorias\/450_1000.webp\"><\/p><\/div>\n<\/div>\n<p>Otro modelo de <strong>aire acondicionado port\u00e1til<\/strong> en oferta esta semana es este modelo de <strong>Daitsu<\/strong>, un equipo con potencia de 2149 frigor\u00edas que tiene un nivel de ruido de 51 dB. Su precio rebajado es de <a rel=\"nofollow, sponsored, noopener, noreferrer noopener\" target=\"_blank\" class=\"js-ecommerce\" href=\"https:\/\/www.xatakahome.com\/redirect?url=https%3A%2F%2Fwww.pccomponentes.com%2Fdaitsu-apd-09fx-alisios-aire-acondicionado-portatil-2149-frigorias&amp;category=seleccion&amp;ecomPostExpiration=perish&amp;postId=113691\" data-vars-affiliate-url=\"https:\/\/www.pccomponentes.com\/daitsu-apd-09fx-alisios-aire-acondicionado-portatil-2149-frigorias\">309 euros<\/a> frente a los m\u00e1s de 400 euros habituales.<\/p>\n<p><!-- BREAK 21 --><!-- PIVOT START --><\/p>\n<div class=\"pivot-ecommerce-container m-pivot-ecommerce-redesign article-asset-normal article-asset-center\">\n<div class=\"pivot-ecommerce\">\n<div class=\"pivot-ecommerce-figure\">\n  <a rel=\"nofollow, sponsored, noopener, noreferrer noopener\" target=\"_blank\" href=\"https:\/\/www.xatakahome.com\/redirect?url=https%3A%2F%2Fwww.pccomponentes.com%2Fdaitsu-apd-09fx-alisios-aire-acondicionado-portatil-2149-frigorias&amp;category=seleccion&amp;pivot=1&amp;ecomPostExpiration=perish&amp;postId=113691\"><br \/>\n   <img loading=\"lazy\" decoding=\"async\" alt=\"Aire Acondicionado Portatil Daitsu APD09FX 2150Frig\" width=\"500\" height=\"500\" src=\"https:\/\/i.blogs.es\/c0cbff\/21gdrrkq9pl._sl500_\/original.webp\" onerror='this.src=\"https:\/\/i.blogs.es\/c0cbff\/21gdrrkq9pl._sl500_\/original.jpeg\"'><br \/>\n  <\/a>\n  <\/div>\n<div class=\"pivot-ecommerce-summary\">\n<p class=\"pivot-ecommerce-desc\">Aire Acondicionado Portatil Daitsu APD09FX 2150Frig<\/p>\n<div class=\"pivot-actions \">\n<div class=\"pivot-actions-row\">\n <a rel=\"nofollow, sponsored, noopener, noreferrer noopener\" target=\"_blank\" data-asin=\"10725797\" data-store=\"PcComponentes\" href=\"https:\/\/www.xatakahome.com\/redirect?url=https%3A%2F%2Fwww.pccomponentes.com%2Fdaitsu-apd-09fx-alisios-aire-acondicionado-portatil-2149-frigorias&amp;category=seleccion&amp;pivot=1&amp;ecomPostExpiration=perish&amp;postId=113691\" title=\"Precio de venta al p\u00fablico a fecha de publicaci\u00f3n\" class=\"pivot-action-btn pivot-action-primary\">PVP en PcComponentes \u2014 <strong>309,00<\/strong> \u20ac<\/a><br \/>\n   <a rel=\"nofollow, sponsored, noopener, noreferrer noopener\" target=\"_blank\" data-asin=\"B0C6KWZRLB\" data-store=\"Amazon\" href=\"https:\/\/www.xatakahome.com\/redirect?url=https%3A%2F%2Fwww.amazon.es%2Fdp%2FB0C6KWZRLB%3Ftag%3Dxatakahome-21%26linkCode%3Dosi%26th%3D1%26psc%3D1&amp;category=seleccion&amp;pivot=1&amp;ecomPostExpiration=perish&amp;postId=113691\" title=\"Precio actualizado hoy\" class=\"pivot-action-btn pivot-action-secondary\">Amazon \u2014 <strong>319,00<\/strong> \u20ac<\/a><br \/>\n   <a rel=\"nofollow, sponsored, noopener, noreferrer noopener\" target=\"_blank\" data-asin=\"001004780303931\" data-store=\"El Corte Ingl\u00e9s\" href=\"https:\/\/www.xatakahome.com\/redirect?url=https%3A%2F%2Fwww.elcorteingles.es%2Felectrodomesticos%2FA47003084-aire-acondicionado-portatil-daitsu-con-2236-frigh-apd-09fx%2F&amp;category=seleccion&amp;pivot=1&amp;ecomPostExpiration=perish&amp;postId=113691\" title=\"Precio actualizado hoy\" class=\"pivot-action-btn pivot-action-secondary\">El Corte Ingl\u00e9s \u2014 <strong>379,00<\/strong> \u20ac<\/a>\n <\/div>\n<\/p><\/div>\n<\/p><\/div>\n<\/p><\/div>\n<div class=\"pivot-link-msg\">* Alg\u00fan precio puede haber cambiado desde la \u00faltima revisi\u00f3n<\/div>\n<\/p><\/div>\n<p><!-- PIVOT END --><\/p>\n<h3><strong>Aire acondicionado port\u00e1til Comfee<\/strong><\/h3>\n<div class=\"article-asset-image article-asset-small article-asset-center\">\n<div class=\"asset-content\">\n                    <a rel=\"nofollow, sponsored, noopener, noreferrer noopener\" target=\"_blank\" class=\"js-ecommerce\" href=\"https:\/\/www.xatakahome.com\/redirect?url=https%3A%2F%2Fwww.lidl.es%2Fes%2Fcomfee-aire-acondicionado-portatil-1750-frig%2Fh-7000-btu%2Fh%2Fp40775&amp;category=seleccion&amp;ecomPostExpiration=perish&amp;postId=113691\" data-vars-affiliate-url=\"https:\/\/www.lidl.es\/es\/comfee-aire-acondicionado-portatil-1750-frig\/h-7000-btu\/h\/p40775\"><\/p>\n<p>    <img decoding=\"async\" alt=\"aire acondicionado port\u00e1til Comfee\" class=\"centro_sinmarco\" src=\"https:\/\/i.blogs.es\/8a75f2\/proyecto-nuevo-14-\/450_1000.webp\"><br \/>\n     <\/a><\/p><\/div>\n<\/div>\n<p>Parece que estamos viviendo una ola de calor continua y Lidl quiere que pasees el verano m\u00e1s fresquito en casa sin arruinarte. Ahora, su <strong>aire acondicionado port\u00e1til Comfee de 1.750 frigor\u00edas<\/strong> est\u00e1 rebajado y puedes llev\u00e1rtelo por solo <a rel=\"nofollow, sponsored, noopener, noreferrer noopener\" target=\"_blank\" class=\"js-ecommerce\" href=\"https:\/\/www.xatakahome.com\/redirect?url=https%3A%2F%2Fwww.lidl.es%2Fes%2Fcomfee-aire-acondicionado-portatil-1750-frig%2Fh-7000-btu%2Fh%2Fp40775&amp;category=seleccion&amp;ecomPostExpiration=perish&amp;postId=113691\" data-vars-affiliate-url=\"https:\/\/www.lidl.es\/es\/comfee-aire-acondicionado-portatil-1750-frig\/h-7000-btu\/h\/p40775\" data-id=\"noopener noreferrer\">229,99 euros<\/a>.<\/p>\n<p><!-- BREAK 22 --><!-- PIVOT START --><\/p>\n<div class=\"pivot-ecommerce-container m-pivot-ecommerce-redesign article-asset-normal article-asset-center\">\n<div class=\"pivot-ecommerce\">\n<div class=\"pivot-ecommerce-figure\">\n  <a rel=\"nofollow, sponsored, noopener, noreferrer noopener\" target=\"_blank\" href=\"https:\/\/www.xatakahome.com\/redirect?url=https%3A%2F%2Fwww.lidl.es%2Fes%2Fcomfee-aire-acondicionado-portatil-1750-frig%2Fh-7000-btu%2Fh%2Fp40775&amp;category=seleccion&amp;pivot=1&amp;ecomPostExpiration=perish&amp;postId=113691\"><br \/>\n   <img loading=\"lazy\" decoding=\"async\" alt=\"Comfee Aire acondicionado port\u00e1til 1750 Frig\/h (7000 BTU\/h)\n\" width=\"422\" height=\"591\" src=\"https:\/\/i.blogs.es\/97e1df\/blob\/original.webp\" onerror='this.src=\"https:\/\/i.blogs.es\/97e1df\/blob\/original.png\"'><br \/>\n  <\/a>\n  <\/div>\n<div class=\"pivot-ecommerce-summary\">\n<p class=\"pivot-ecommerce-desc\">Comfee Aire acondicionado port\u00e1til 1750 Frig\/h (7000 BTU\/h)\n<\/p>\n<div class=\"pivot-actions \">\n<div class=\"pivot-actions-row\">\n <a rel=\"nofollow, sponsored, noopener, noreferrer noopener\" target=\"_blank\" data-asin=\"\" data-store=\"\" href=\"https:\/\/www.xatakahome.com\/redirect?url=https%3A%2F%2Fwww.lidl.es%2Fes%2Fcomfee-aire-acondicionado-portatil-1750-frig%2Fh-7000-btu%2Fh%2Fp40775&amp;category=seleccion&amp;pivot=1&amp;ecomPostExpiration=perish&amp;postId=113691\" title=\"Precio de venta al p\u00fablico a fecha de publicaci\u00f3n\" class=\"pivot-action-btn pivot-action-primary\">PVP en Lidl \u2014 <strong>229,00<\/strong> \u20ac<\/a><br \/>\n   <a rel=\"nofollow, sponsored, noopener, noreferrer noopener\" target=\"_blank\" data-asin=\"B07KJT9K9M\" data-store=\"Amazon\" href=\"https:\/\/www.xatakahome.com\/redirect?url=https%3A%2F%2Fwww.amazon.es%2Fdp%2FB07KJT9K9M%3Ftag%3Dxatakahome-21%26linkCode%3Dogi%26th%3D1%26psc%3D1&amp;category=seleccion&amp;pivot=1&amp;ecomPostExpiration=perish&amp;postId=113691\" title=\"Precio actualizado hoy\" class=\"pivot-action-btn pivot-action-secondary\">Amazon \u2014 <strong>341,23<\/strong> \u20ac<\/a><br \/>\n   <a rel=\"nofollow, sponsored, noopener, noreferrer noopener\" target=\"_blank\" data-asin=\"514188\" data-store=\"PcComponentes\" href=\"https:\/\/www.xatakahome.com\/redirect?url=https%3A%2F%2Fwww.pccomponentes.com%2Fcomfee-mpph-07crn7-aire-acondicionado-portatil-1750-frigorias&amp;category=seleccion&amp;pivot=1&amp;ecomPostExpiration=perish&amp;postId=113691\" title=\"Precio actualizado hoy\" class=\"pivot-action-btn pivot-action-secondary\">PcComponentes \u2014 <strong>357,83<\/strong> \u20ac<\/a>\n <\/div>\n<\/p><\/div>\n<\/p><\/div>\n<\/p><\/div>\n<div class=\"pivot-link-msg\">* Alg\u00fan precio puede haber cambiado desde la \u00faltima revisi\u00f3n<\/div>\n<\/p><\/div>\n<p><!-- PIVOT END --><\/p>\n<h3><strong>Cecotec ForceClima 7100 Soundless<\/strong><\/h3>\n<div class=\"article-asset-image article-asset-small article-asset-center\">\n<div class=\"asset-content\">\n                    <a rel=\"nofollow, sponsored, noopener, noreferrer noopener\" target=\"_blank\" class=\"js-ecommerce\" href=\"https:\/\/www.xatakahome.com\/redirect?url=https%3A%2F%2Fwww.amazon.es%2FCecotec-Acondicionado-ForceClima-Soundless-Velocidades%2Fdp%2FB0BPZHKY25%2F&amp;category=seleccion&amp;ecomPostExpiration=perish&amp;postId=113691\" data-vars-affiliate-url=\"https:\/\/www.amazon.es\/Cecotec-Acondicionado-ForceClima-Soundless-Velocidades\/dp\/B0BPZHKY25\/\"><\/p>\n<p>    <img decoding=\"async\" alt=\"aire acondicionado port\u00e1til Cecotec ForceClima 7100 Soundless\" class=\"centro_sinmarco\" src=\"https:\/\/i.blogs.es\/0eddbc\/proyecto-nuevo-1-\/450_1000.webp\"><br \/>\n     <\/a><\/p><\/div>\n<\/div>\n<p>Si eres de los que no duermen bien con este calor, este <strong>aire acondicionado port\u00e1til Cecotec ForceClima 7100 Soundless <\/strong>puede ayudarte a mejorar tu calidad de sue\u00f1o, adem\u00e1s de que es uno de los m\u00e1s vendidos de Amazon y se encuentra disponible por <a rel=\"nofollow, sponsored, noopener, noreferrer noopener\" target=\"_blank\" class=\"js-ecommerce\" href=\"https:\/\/www.xatakahome.com\/redirect?url=https%3A%2F%2Fwww.amazon.es%2FCecotec-Acondicionado-ForceClima-Soundless-Velocidades%2Fdp%2FB0BPZHKY25%2F&amp;category=seleccion&amp;ecomPostExpiration=perish&amp;postId=113691\" data-vars-affiliate-url=\"https:\/\/www.amazon.es\/Cecotec-Acondicionado-ForceClima-Soundless-Velocidades\/dp\/B0BPZHKY25\/\" data-id=\"noopener noreferrer\">179,90 euros<\/a>, frente a los 189,90 euros que cuesta habitualmente.<\/p>\n<p><!-- BREAK 23 --><!-- PIVOT START --><\/p>\n<div class=\"pivot-ecommerce-container m-pivot-ecommerce-redesign article-asset-normal article-asset-center\">\n<div class=\"pivot-ecommerce\">\n<div class=\"pivot-ecommerce-figure\">\n  <a rel=\"nofollow, sponsored, noopener, noreferrer noopener\" target=\"_blank\" href=\"https:\/\/www.xatakahome.com\/redirect?url=https%3A%2F%2Fwww.amazon.es%2Fdp%2FB0BPZHKY25%3Ftag%3Dxatakahome-21%26linkCode%3Dogi%26th%3D1%26psc%3D1&amp;category=seleccion&amp;pivot=1&amp;ecomPostExpiration=perish&amp;postId=113691\"><br \/>\n   <img loading=\"lazy\" decoding=\"async\" alt=\"Cecotec Aire Acondicionado Port\u00e1til con Mando a Distancia ForceClima 7100 Soundless\" width=\"500\" height=\"500\" src=\"https:\/\/i.blogs.es\/8d1fb5\/31ab49usxwl._sl500_\/original.webp\" onerror='this.src=\"https:\/\/i.blogs.es\/8d1fb5\/31ab49usxwl._sl500_\/original.jpeg\"'><br \/>\n  <\/a>\n  <\/div>\n<div class=\"pivot-ecommerce-summary\">\n<p class=\"pivot-ecommerce-desc\">Cecotec Aire Acondicionado Port\u00e1til con Mando a Distancia ForceClima 7100 Soundless<\/p>\n<div class=\"pivot-actions \">\n<div class=\"pivot-actions-row\">\n <a rel=\"nofollow, sponsored, noopener, noreferrer noopener\" target=\"_blank\" data-asin=\"B0BPZHKY25\" data-store=\"Amazon\" href=\"https:\/\/www.xatakahome.com\/redirect?url=https%3A%2F%2Fwww.amazon.es%2Fdp%2FB0BPZHKY25%3Ftag%3Dxatakahome-21%26linkCode%3Dogi%26th%3D1%26psc%3D1&amp;category=seleccion&amp;pivot=1&amp;ecomPostExpiration=perish&amp;postId=113691\" title=\"Precio actualizado hoy\" class=\"pivot-action-btn pivot-action-primary\">Hoy en Amazon \u2014 <strong>179,00<\/strong> \u20ac<\/a><br \/>\n   <a rel=\"nofollow, sponsored, noopener, noreferrer noopener\" target=\"_blank\" data-asin=\"1549507\" data-store=\"MediaMarkt\" href=\"https:\/\/www.xatakahome.com\/redirect?url=https%3A%2F%2Fwww.mediamarkt.es%2Fes%2Fproduct%2F_aire-acondicionado-portatil-cecotec-forceclima-7100-soundless-780-w-7000-btu-4-modos-2-velocidades-silencioso-mando-a-distancia-blanco-1549507.html&amp;category=seleccion&amp;pivot=1&amp;ecomPostExpiration=perish&amp;postId=113691\" title=\"Precio actualizado hoy\" class=\"pivot-action-btn pivot-action-secondary\">MediaMarkt \u2014 <strong>179,90<\/strong> \u20ac<\/a><br \/>\n   <a rel=\"nofollow, sponsored, noopener, noreferrer noopener\" target=\"_blank\" data-asin=\"10718850\" data-store=\"PcComponentes\" href=\"https:\/\/www.xatakahome.com\/redirect?url=https%3A%2F%2Fwww.pccomponentes.com%2Fcecotec-forceclima-7100-soundless-aire-acondicionado-portatil-con-mando-a-distancia-7000-btu&amp;category=seleccion&amp;pivot=1&amp;ecomPostExpiration=perish&amp;postId=113691\" title=\"Precio actualizado hoy\" class=\"pivot-action-btn pivot-action-secondary\">PcComponentes \u2014 <strong>193,90<\/strong> \u20ac<\/a>\n <\/div>\n<\/p><\/div>\n<\/p><\/div>\n<\/p><\/div>\n<div class=\"pivot-link-msg\">* Alg\u00fan precio puede haber cambiado desde la \u00faltima revisi\u00f3n<\/div>\n<\/p><\/div>\n<p><!-- PIVOT END --><\/p>\n<h3>Ventilador <strong>Bibury<\/strong><\/h3>\n<div class=\"article-asset-image article-asset-small article-asset-center\">\n<div class=\"asset-content\">\n                    <a rel=\"nofollow, sponsored, noopener, noreferrer noopener\" target=\"_blank\" class=\"js-ecommerce\" href=\"https:\/\/www.xatakahome.com\/redirect?url=https%3A%2F%2Fwww.amazon.es%2FBIBURY-Ventilador-Recargable-Velocidades-Verde-negro%2Fdp%2FB0D6K4QRF6&amp;category=seleccion&amp;ecomPostExpiration=perish&amp;postId=113691\" data-vars-affiliate-url=\"https:\/\/www.amazon.es\/BIBURY-Ventilador-Recargable-Velocidades-Verde-negro\/dp\/B0D6K4QRF6\"><\/p>\n<p>    <img decoding=\"async\" alt=\"ventilador de camping\" class=\"centro_sinmarco\" src=\"https:\/\/i.blogs.es\/a38e57\/proyecto-nuevo-21-\/450_1000.webp\"><br \/>\n     <\/a><\/p><\/div>\n<\/div>\n<p>En el mercado, existen un sinf\u00edn de ventiladores aunque si buscas uno port\u00e1til porque te vas a ir de acampada, este de la firma <strong>Bibury<\/strong> es el m\u00e1s vendido en Amazon. Adem\u00e1s de por sus caracter\u00edsticas, tambi\u00e9n lo hace por su precio, ya que cuesta <a rel=\"nofollow, sponsored, noopener, noreferrer noopener\" target=\"_blank\" class=\"js-ecommerce\" href=\"https:\/\/www.xatakahome.com\/redirect?url=https%3A%2F%2Fwww.amazon.es%2FBIBURY-Ventilador-Recargable-Velocidades-Verde-negro%2Fdp%2FB0D6K4QRF6&amp;category=seleccion&amp;ecomPostExpiration=perish&amp;postId=113691\" data-vars-affiliate-url=\"https:\/\/www.amazon.es\/BIBURY-Ventilador-Recargable-Velocidades-Verde-negro\/dp\/B0D6K4QRF6\" data-id=\"noopener noreferrer\">39,99 euros<\/a>.<\/p>\n<p><!-- BREAK 24 --><!-- PIVOT START --><\/p>\n<div class=\"pivot-ecommerce-container m-pivot-ecommerce-redesign article-asset-normal article-asset-center\">\n<div class=\"pivot-ecommerce\">\n<div class=\"pivot-ecommerce-figure\">\n  <a rel=\"nofollow, sponsored, noopener, noreferrer noopener\" target=\"_blank\" href=\"https:\/\/www.xatakahome.com\/redirect?url=https%3A%2F%2Fwww.amazon.es%2Fdp%2FB0D6K4QRF6%3Ftag%3Dxatakahome-21%26linkCode%3Dogi%26th%3D1%26psc%3D1&amp;category=seleccion&amp;pivot=1&amp;ecomPostExpiration=perish&amp;postId=113691\"><br \/>\n   <img loading=\"lazy\" decoding=\"async\" alt=\"BIBURY Camping Ventilador con Luz LED\" width=\"500\" height=\"500\" src=\"https:\/\/i.blogs.es\/67e0e9\/515-k4vqfrl._sl500_\/original.webp\" onerror='this.src=\"https:\/\/i.blogs.es\/67e0e9\/515-k4vqfrl._sl500_\/original.jpeg\"'><br \/>\n  <\/a>\n  <\/div>\n<div class=\"pivot-ecommerce-summary\">\n<p class=\"pivot-ecommerce-desc\">BIBURY Camping Ventilador con Luz LED<\/p>\n<div class=\"pivot-actions \">\n<div class=\"pivot-actions-row\">\n <a rel=\"nofollow, sponsored, noopener, noreferrer noopener\" target=\"_blank\" data-asin=\"B0D6K4QRF6\" data-store=\"Amazon\" href=\"https:\/\/www.xatakahome.com\/redirect?url=https%3A%2F%2Fwww.amazon.es%2Fdp%2FB0D6K4QRF6%3Ftag%3Dxatakahome-21%26linkCode%3Dogi%26th%3D1%26psc%3D1&amp;category=seleccion&amp;pivot=1&amp;ecomPostExpiration=perish&amp;postId=113691\" title=\"Precio actualizado hoy\" class=\"pivot-action-btn pivot-action-primary\">Hoy en Amazon \u2014 <strong>39,99<\/strong> \u20ac<\/a>\n <\/div>\n<\/p><\/div>\n<\/p><\/div>\n<\/p><\/div>\n<div class=\"pivot-link-msg\">* Alg\u00fan precio puede haber cambiado desde la \u00faltima revisi\u00f3n<\/div>\n<\/p><\/div>\n<p><!-- PIVOT END --><\/p>\n<h3>Aire acondicionado port\u00e1til Eluxe<\/h3>\n<div class=\"article-asset-image article-asset-small article-asset-center\">\n<div class=\"asset-content\">\n                    <a rel=\"nofollow, sponsored, noopener, noreferrer noopener\" target=\"_blank\" class=\"js-ecommerce\" href=\"https:\/\/www.xatakahome.com\/redirect?url=https%3A%2F%2Fwww.leroymerlin.es%2Fproductos%2Fcalefaccion-y-climatizacion%2Faire-acondicionado%2Faire-acondicionado-portatil%2Faire-acondicionado-portatil-eluxe-1720-fg-89876305.html&amp;category=seleccion&amp;ecomPostExpiration=perish&amp;postId=113691\" data-vars-affiliate-url=\"https:\/\/www.leroymerlin.es\/productos\/calefaccion-y-climatizacion\/aire-acondicionado\/aire-acondicionado-portatil\/aire-acondicionado-portatil-eluxe-1720-fg-89876305.html\"><\/p>\n<p>    <img decoding=\"async\" alt=\"Aire acondicionado port\u00e1til ELUXE 1720 fg\" class=\"centro_sinmarco\" src=\"https:\/\/i.blogs.es\/5cb801\/proyecto-nuevo-19-\/450_1000.webp\"><br \/>\n     <\/a><\/p><\/div>\n<\/div>\n<p>El calor no nos abandonar\u00e1 desde que empez\u00f3 la primera ola de calor, as\u00ed que el aire acondicionado port\u00e1til es una buena soluci\u00f3n sin obras para estar frescos en casa. Ahora, en Leroy Merlin tienes este <strong>Eluxe con 1.720 frigor\u00edas<\/strong> a su precio m\u00e1s bajo de <a rel=\"nofollow, sponsored, noopener, noreferrer noopener\" target=\"_blank\" class=\"js-ecommerce\" href=\"https:\/\/www.xatakahome.com\/redirect?url=https%3A%2F%2Fwww.leroymerlin.es%2Fproductos%2Fcalefaccion-y-climatizacion%2Faire-acondicionado%2Faire-acondicionado-portatil%2Faire-acondicionado-portatil-eluxe-1720-fg-89876305.html&amp;category=seleccion&amp;ecomPostExpiration=perish&amp;postId=113691\" data-vars-affiliate-url=\"https:\/\/www.leroymerlin.es\/productos\/calefaccion-y-climatizacion\/aire-acondicionado\/aire-acondicionado-portatil\/aire-acondicionado-portatil-eluxe-1720-fg-89876305.html\" data-id=\"noopener noreferrer\">169 euros<\/a>.<\/p>\n<p><!-- BREAK 25 --><!-- PIVOT START --><\/p>\n<div class=\"pivot-ecommerce-container m-pivot-ecommerce-redesign article-asset-normal article-asset-center\">\n<div class=\"pivot-ecommerce\">\n<div class=\"pivot-ecommerce-figure\">\n  <a rel=\"nofollow, sponsored, noopener, noreferrer noopener\" target=\"_blank\" href=\"https:\/\/www.xatakahome.com\/redirect?url=https%3A%2F%2Fwww.leroymerlin.es%2Fproductos%2Fcalefaccion-y-climatizacion%2Faire-acondicionado%2Faire-acondicionado-portatil%2Faire-acondicionado-portatil-eluxe-1720-fg-89876305.html%3FhighlightedOfferCode%3D71cb876861a3cfc9eb50d998714d44202188db56&amp;category=seleccion&amp;pivot=1&amp;ecomPostExpiration=perish&amp;postId=113691\"><br \/>\n   <img loading=\"lazy\" decoding=\"async\" alt=\"Aire acondicionado port\u00e1til Eluxe 1720 fg\" width=\"806\" height=\"1460\" src=\"https:\/\/i.blogs.es\/4ee5bc\/media\/original.webp\" onerror='this.src=\"https:\/\/i.blogs.es\/4ee5bc\/media\/original.png\"'><br \/>\n  <\/a>\n  <\/div>\n<div class=\"pivot-ecommerce-summary\">\n<p class=\"pivot-ecommerce-desc\">Aire acondicionado port\u00e1til Eluxe 1720 fg<\/p>\n<div class=\"pivot-actions \">\n<div class=\"pivot-actions-row\">\n <a rel=\"nofollow, sponsored, noopener, noreferrer noopener\" target=\"_blank\" data-asin=\"89876305\" data-store=\"Leroy Merlin\" href=\"https:\/\/www.xatakahome.com\/redirect?url=https%3A%2F%2Fwww.leroymerlin.es%2Fproductos%2Fcalefaccion-y-climatizacion%2Faire-acondicionado%2Faire-acondicionado-portatil%2Faire-acondicionado-portatil-eluxe-1720-fg-89876305.html%3FhighlightedOfferCode%3D71cb876861a3cfc9eb50d998714d44202188db56&amp;category=seleccion&amp;pivot=1&amp;ecomPostExpiration=perish&amp;postId=113691\" title=\"Precio actualizado hoy\" class=\"pivot-action-btn pivot-action-primary\">Hoy en Leroy Merlin \u2014 <strong>169,00<\/strong> \u20ac<\/a>\n <\/div>\n<\/p><\/div>\n<\/p><\/div>\n<\/p><\/div>\n<div class=\"pivot-link-msg\">* Alg\u00fan precio puede haber cambiado desde la \u00faltima revisi\u00f3n<\/div>\n<\/p><\/div>\n<p><!-- PIVOT END --><\/p>\n<h3><strong>De\u2019Longhi PAC EM90<\/strong><\/h3>\n<div class=\"article-asset-image article-asset-small article-asset-center\">\n<div class=\"asset-content\">\n                    <a rel=\"nofollow, sponsored, noopener, noreferrer noopener\" target=\"_blank\" class=\"js-ecommerce\" href=\"https:\/\/www.xatakahome.com\/redirect?url=https%3A%2F%2Fwww.pccomponentes.com%2Fdelonghi-pac-em90-aire-acondicionado-portatil-25kw-9800btu&amp;category=seleccion&amp;ecomPostExpiration=perish&amp;postId=113691\" data-vars-affiliate-url=\"https:\/\/www.pccomponentes.com\/delonghi-pac-em90-aire-acondicionado-portatil-25kw-9800btu\"><\/p>\n<p>    <img decoding=\"async\" alt=\"aire acondicionado port\u00e1til De\u2019Longhi PAC EM90\" class=\"centro_sinmarco\" src=\"https:\/\/i.blogs.es\/92f152\/proyecto-nuevo-4-\/450_1000.webp\"><br \/>\n     <\/a><\/p><\/div>\n<\/div>\n<p>Para afrontar con \u00e9xito la ola de calor, los aires acondicionados port\u00e1tiles son los dispositivos de climatizaci\u00f3n que m\u00e1s \u00e9xito tienen. Si est\u00e1s buscando uno silencioso, este <strong>De\u2019Longhi PAC EM90<\/strong> es uno de los que menos ruido hace, y ahora est\u00e1 en oferta en PcComponentes por <a rel=\"nofollow, sponsored, noopener, noreferrer noopener\" target=\"_blank\" class=\"js-ecommerce\" href=\"https:\/\/www.xatakahome.com\/redirect?url=https%3A%2F%2Fwww.pccomponentes.com%2Fdelonghi-pac-em90-aire-acondicionado-portatil-25kw-9800btu&amp;category=seleccion&amp;ecomPostExpiration=perish&amp;postId=113691\" data-vars-affiliate-url=\"https:\/\/www.pccomponentes.com\/delonghi-pac-em90-aire-acondicionado-portatil-25kw-9800btu\" data-id=\"noopener noreferrer\">499 euros<\/a>.<\/p>\n<p><!-- BREAK 26 --><!-- PIVOT START --><\/p>\n<div class=\"pivot-ecommerce-container m-pivot-ecommerce-redesign article-asset-normal article-asset-center\">\n<div class=\"pivot-ecommerce\">\n<div class=\"pivot-ecommerce-figure\">\n  <a rel=\"nofollow, sponsored, noopener, noreferrer noopener\" target=\"_blank\" href=\"https:\/\/www.xatakahome.com\/redirect?url=https%3A%2F%2Fwww.amazon.es%2Fdp%2FB094J71QCB%3Ftag%3Dxatakahome-21%26linkCode%3Dosi%26th%3D1%26psc%3D1&amp;category=seleccion&amp;pivot=1&amp;ecomPostExpiration=perish&amp;postId=113691\"><br \/>\n   <img loading=\"lazy\" decoding=\"async\" alt=\"De'Longhi Pinguino PAC EM90K SILENT Aire Acondicionado Port\u00e1til 9.800 BTU\/h, 2.5 kW, hasta 85m\u00b3, Funci\u00f3n Deshumidificador y Ventilaci\u00f3n\" width=\"500\" height=\"500\" src=\"https:\/\/i.blogs.es\/b04c64\/219lqisjb8l._sl500_\/original.webp\" onerror='this.src=\"https:\/\/i.blogs.es\/b04c64\/219lqisjb8l._sl500_\/original.jpeg\"'><br \/>\n  <\/a>\n  <\/div>\n<div class=\"pivot-ecommerce-summary\">\n<p class=\"pivot-ecommerce-desc\">De&#8217;Longhi Pinguino PAC EM90K SILENT Aire Acondicionado Port\u00e1til 9.800 BTU\/h, 2.5 kW, hasta 85m\u00b3, Funci\u00f3n Deshumidificador y Ventilaci\u00f3n<\/p>\n<div class=\"pivot-actions \">\n<div class=\"pivot-actions-row\">\n <a rel=\"nofollow, sponsored, noopener, noreferrer noopener\" target=\"_blank\" data-asin=\"B094J71QCB\" data-store=\"Amazon\" href=\"https:\/\/www.xatakahome.com\/redirect?url=https%3A%2F%2Fwww.amazon.es%2Fdp%2FB094J71QCB%3Ftag%3Dxatakahome-21%26linkCode%3Dosi%26th%3D1%26psc%3D1&amp;category=seleccion&amp;pivot=1&amp;ecomPostExpiration=perish&amp;postId=113691\" title=\"Precio actualizado hoy\" class=\"pivot-action-btn pivot-action-primary\">Hoy en Amazon \u2014 <strong>499,99<\/strong> \u20ac<\/a><br \/>\n   <a rel=\"nofollow, sponsored, noopener, noreferrer noopener\" target=\"_blank\" data-asin=\"83421951\" data-store=\"Leroy Merlin\" href=\"https:\/\/www.xatakahome.com\/redirect?url=https%3A%2F%2Fwww.leroymerlin.es%2Fproductos%2Fcalefaccion-y-climatizacion%2Faire-acondicionado%2Faire-acondicionado-portatil%2Faire-acondicionado-movil-pinguino-clim-2500w-9800btu-h-47-a-63db-a-83421951.html%3FhighlightedOfferCode%3Dbf2863f201ef713a39f42397394f687deef779c3&amp;category=seleccion&amp;pivot=1&amp;ecomPostExpiration=perish&amp;postId=113691\" title=\"Precio actualizado hoy\" class=\"pivot-action-btn pivot-action-secondary\">Leroy Merlin \u2014 <strong>547,00<\/strong> \u20ac<\/a><br \/>\n   <a rel=\"nofollow, sponsored, noopener, noreferrer noopener\" target=\"_blank\" data-asin=\"001004780303576\" data-store=\"El Corte Ingl\u00e9s\" href=\"https:\/\/www.xatakahome.com\/redirect?url=https%3A%2F%2Fwww.elcorteingles.es%2Felectrodomesticos%2FA39063260-aire-acondicionado-portatil-de-longhi-con-2584-frigh-pac-em90%2F&amp;category=seleccion&amp;pivot=1&amp;ecomPostExpiration=perish&amp;postId=113691\" title=\"Precio actualizado hoy\" class=\"pivot-action-btn pivot-action-secondary\">El Corte Ingl\u00e9s \u2014 <strong>699,00<\/strong> \u20ac<\/a><br \/>\n   <a rel=\"nofollow, sponsored, noopener, noreferrer noopener\" target=\"_blank\" data-asin=\"384850\" data-store=\"PcComponentes\" href=\"https:\/\/www.xatakahome.com\/redirect?url=https%3A%2F%2Fwww.pccomponentes.com%2Fdelonghi-pac-em90-aire-acondicionado-portatil-25kw-9800btu&amp;category=seleccion&amp;pivot=1&amp;ecomPostExpiration=perish&amp;postId=113691\" title=\"Precio actualizado hoy\" class=\"pivot-action-btn pivot-action-secondary\">PcComponentes \u2014 <strong>705,00<\/strong> \u20ac<\/a>\n <\/div>\n<\/p><\/div>\n<\/p><\/div>\n<\/p><\/div>\n<div class=\"pivot-link-msg\">* Alg\u00fan precio puede haber cambiado desde la \u00faltima revisi\u00f3n<\/div>\n<\/p><\/div>\n<p><!-- PIVOT END --><\/p>\n<h3>Rowenta VU4420F2<\/h3>\n<div class=\"article-asset-image article-asset-small article-asset-center\">\n<div class=\"asset-content\">\n                    <a rel=\"nofollow, sponsored, noopener, noreferrer noopener\" target=\"_blank\" class=\"js-ecommerce\" href=\"https:\/\/www.xatakahome.com\/redirect?url=https%3A%2F%2Fwww.mediamarkt.es%2Fes%2Fproduct%2F_ventilador-de-pie-rowenta-vu4420f0-60-w-1-3-m-54-db-55-m%25C2%25B3-min-antimosquitos-3-velocidades-negro-1499823.html&amp;category=seleccion&amp;ecomPostExpiration=perish&amp;postId=113691\" data-vars-affiliate-url=\"https:\/\/www.mediamarkt.es\/es\/product\/_ventilador-de-pie-rowenta-vu4420f0-60-w-1-3-m-54-db-55-m%C2%B3-min-antimosquitos-3-velocidades-negro-1499823.html\"><\/p>\n<p>    <img decoding=\"async\" alt=\"Ventilador de pie Rowenta VU4420F2\" class=\"centro_sinmarco\" src=\"https:\/\/i.blogs.es\/d5399d\/proyecto-nuevo-19-\/450_1000.webp\"><br \/>\n     <\/a><\/p><\/div>\n<\/div>\n<p>Si no quieres gastarte tanto dinero en climatizar tu casa y el \u00a0ventilador de pie es m\u00e1s que suficiente para ti, este Rowenta VU4420F2 \u00a0es una buena opci\u00f3n a tener en cuenta. Ahora, en MediaMarkt, se queda \u00a0disponible por <a href=\"https:\/\/www.xatakahome.com\/redirect?url=https%3A%2F%2Fwww.mediamarkt.es%2Fes%2Fproduct%2F_ventilador-de-pie-rowenta-vu4420f0-60-w-1-3-m-54-db-55-m%25C2%25B3-min-antimosquitos-3-velocidades-negro-1499823.html&amp;category=seleccion&amp;ecomPostExpiration=perish&amp;postId=-O1p-PZ-tYPP0DHR5qbH\" data-id=\"nofollow, sponsored, noopener, noreferrer\">79 euros<\/a> frente a los 109,99 euros que cuesta habitualmente. Este <a href=\"https:\/\/www.xatakahome.com\/seleccion\/ventiladores-de-pie-cual-comprar-consejos-y-recomendaciones\">ventilador de pie<\/a> tiene una potencia de 60 W y ofrece tres velocidades diferentes, adem\u00e1s \u00a0de contar con oscilaci\u00f3n autom\u00e1tica. El flujo de aire que ofrece es de hasta 55 m3\/min.<\/p>\n<p><!-- BREAK 27 --><!-- PIVOT START --><\/p>\n<div class=\"pivot-ecommerce-container m-pivot-ecommerce-redesign article-asset-normal article-asset-center\">\n<div class=\"pivot-ecommerce\">\n<div class=\"pivot-ecommerce-figure\">\n  <a rel=\"nofollow, sponsored, noopener, noreferrer noopener\" target=\"_blank\" href=\"https:\/\/www.xatakahome.com\/redirect?url=https%3A%2F%2Fwww.mediamarkt.es%2Fes%2Fproduct%2F_ventilador-de-pie-rowenta-vu4420f0-60-w-1-3-m-54-db-55-m%25C2%25B3-min-antimosquitos-3-velocidades-negro-1499823.html&amp;category=seleccion&amp;pivot=1&amp;ecomPostExpiration=perish&amp;postId=113691\"><br \/>\n   <img loading=\"lazy\" decoding=\"async\" alt=\"Ventilador de pie - Rowenta VU4420F2\" width=\"600\" height=\"600\" src=\"https:\/\/i.blogs.es\/f44c92\/blob\/original.webp\" onerror='this.src=\"https:\/\/i.blogs.es\/f44c92\/blob\/original.jpeg\"'><br \/>\n  <\/a>\n  <\/div>\n<div class=\"pivot-ecommerce-summary\">\n<p class=\"pivot-ecommerce-desc\">Ventilador de pie &#8211; Rowenta VU4420F2<\/p>\n<div class=\"pivot-actions \">\n<div class=\"pivot-actions-row\">\n <a rel=\"nofollow, sponsored, noopener, noreferrer noopener\" target=\"_blank\" data-asin=\"\" data-store=\"\" href=\"https:\/\/www.xatakahome.com\/redirect?url=https%3A%2F%2Fwww.mediamarkt.es%2Fes%2Fproduct%2F_ventilador-de-pie-rowenta-vu4420f0-60-w-1-3-m-54-db-55-m%25C2%25B3-min-antimosquitos-3-velocidades-negro-1499823.html&amp;category=seleccion&amp;pivot=1&amp;ecomPostExpiration=perish&amp;postId=113691\" title=\"Precio de venta al p\u00fablico a fecha de publicaci\u00f3n\" class=\"pivot-action-btn pivot-action-primary\">PVP en MediaMarkt \u2014 <strong>89,99<\/strong> \u20ac<\/a>\n <\/div>\n<\/p><\/div>\n<\/p><\/div>\n<\/p><\/div>\n<div class=\"pivot-link-msg\">* Alg\u00fan precio puede haber cambiado desde la \u00faltima revisi\u00f3n<\/div>\n<\/p><\/div>\n<p><!-- PIVOT END --><\/p>\n<h3>Ventilador sin aspas EQUATION<\/h3>\n<div class=\"article-asset-image article-asset-small article-asset-center\">\n<div class=\"asset-content\">\n                    <a rel=\"nofollow, sponsored, noopener, noreferrer noopener\" target=\"_blank\" class=\"js-ecommerce\" href=\"https:\/\/www.xatakahome.com\/redirect?url=https%3A%2F%2Fwww.leroymerlin.es%2Fproductos%2Fcalefaccion-y-climatizacion%2Fventiladores%2Fventiladores-de-pie-industriales-y-de-pared%2Fventilador-sin-aspas-equation-pure-fan-tower-de-33w-84583136.html&amp;category=seleccion&amp;ecomPostExpiration=perish&amp;postId=113691\" data-vars-affiliate-url=\"https:\/\/www.leroymerlin.es\/productos\/calefaccion-y-climatizacion\/ventiladores\/ventiladores-de-pie-industriales-y-de-pared\/ventilador-sin-aspas-equation-pure-fan-tower-de-33w-84583136.html\"><\/p>\n<p>    <img decoding=\"async\" alt=\"Ventilador sin aspas EQUATION Pure Fan Tower de 33w\" class=\"centro_sinmarco\" src=\"https:\/\/i.blogs.es\/de2083\/proyecto-nuevo-15-\/450_1000.webp\"><br \/>\n     <\/a><\/p><\/div>\n<\/div>\n<p>Se avecina la primera ola de calor del verano y es el momento perfecto para adquirir el dispositivo de climatizaci\u00f3n ideal para nuestro hogar. Una de las opciones que m\u00e1s est\u00e1 triunfando es este <strong>ventilador sin aspas EQUATION Pure Fan Tower<\/strong> de 33w de Leroy Merlin. Su precio es de <a rel=\"nofollow, sponsored, noopener, noreferrer noopener\" target=\"_blank\" class=\"js-ecommerce\" href=\"https:\/\/www.xatakahome.com\/redirect?url=https%3A%2F%2Fwww.leroymerlin.es%2Fproductos%2Fcalefaccion-y-climatizacion%2Fventiladores%2Fventiladores-de-pie-industriales-y-de-pared%2Fventilador-sin-aspas-equation-pure-fan-tower-de-33w-84583136.html&amp;category=seleccion&amp;ecomPostExpiration=perish&amp;postId=113691\" data-vars-affiliate-url=\"https:\/\/www.leroymerlin.es\/productos\/calefaccion-y-climatizacion\/ventiladores\/ventiladores-de-pie-industriales-y-de-pared\/ventilador-sin-aspas-equation-pure-fan-tower-de-33w-84583136.html\" data-id=\"noopener noreferrer\">135 euros<\/a>.<\/p>\n<p><!-- BREAK 28 --><!-- PIVOT START --><\/p>\n<div class=\"pivot-ecommerce-container m-pivot-ecommerce-redesign article-asset-normal article-asset-center\">\n<div class=\"pivot-ecommerce\">\n<div class=\"pivot-ecommerce-figure\">\n  <a rel=\"nofollow, sponsored, noopener, noreferrer noopener\" target=\"_blank\" href=\"https:\/\/www.xatakahome.com\/redirect?url=https%3A%2F%2Fwww.leroymerlin.es%2Fproductos%2Fcalefaccion-y-climatizacion%2Fventiladores%2Fventiladores-de-pie-industriales-y-de-pared%2Fventilador-sin-aspas-equation-pure-fan-tower-de-33w-84583136.html%3FhighlightedOfferCode%3D1dde97c45d81f8428ea5367298b7ddd281d85848&amp;category=seleccion&amp;pivot=1&amp;ecomPostExpiration=perish&amp;postId=113691\"><br \/>\n   <img loading=\"lazy\" decoding=\"async\" alt=\"Ventilador sin aspas EQUATION Pure Fan Tower de 33w\" width=\"3000\" height=\"3000\" src=\"https:\/\/i.blogs.es\/19f3d9\/2990580\/original.webp\" onerror='this.src=\"https:\/\/i.blogs.es\/19f3d9\/2990580\/original.png\"'><br \/>\n  <\/a>\n  <\/div>\n<div class=\"pivot-ecommerce-summary\">\n<p class=\"pivot-ecommerce-desc\">Ventilador sin aspas EQUATION Pure Fan Tower de 33w<\/p>\n<div class=\"pivot-actions \">\n<div class=\"pivot-actions-row\">\n <a rel=\"nofollow, sponsored, noopener, noreferrer noopener\" target=\"_blank\" data-asin=\"84583136\" data-store=\"Leroy Merlin\" href=\"https:\/\/www.xatakahome.com\/redirect?url=https%3A%2F%2Fwww.leroymerlin.es%2Fproductos%2Fcalefaccion-y-climatizacion%2Fventiladores%2Fventiladores-de-pie-industriales-y-de-pared%2Fventilador-sin-aspas-equation-pure-fan-tower-de-33w-84583136.html%3FhighlightedOfferCode%3D1dde97c45d81f8428ea5367298b7ddd281d85848&amp;category=seleccion&amp;pivot=1&amp;ecomPostExpiration=perish&amp;postId=113691\" title=\"Precio actualizado hoy\" class=\"pivot-action-btn pivot-action-primary\">Hoy en Leroy Merlin \u2014 <strong>159,00<\/strong> \u20ac<\/a>\n <\/div>\n<\/p><\/div>\n<\/p><\/div>\n<\/p><\/div>\n<div class=\"pivot-link-msg\">* Alg\u00fan precio puede haber cambiado desde la \u00faltima revisi\u00f3n<\/div>\n<\/p><\/div>\n<p><!-- PIVOT END --><\/p>\n<h3><strong>Daitsu Artic DS-12KTP<\/strong><\/h3>\n<div class=\"article-asset-image article-asset-small article-asset-center\">\n<div class=\"asset-content\">\n                    <a rel=\"nofollow, sponsored, noopener, noreferrer noopener\" target=\"_blank\" class=\"js-ecommerce\" href=\"https:\/\/www.xatakahome.com\/redirect?url=https%3A%2F%2Fwww.pccomponentes.com%2Fdaitsu-artic-ds-12ktp-aire-acondicionado-split-1x1-wi-fi-con-bomba-de-calor-2923-frigorias&amp;category=seleccion&amp;ecomPostExpiration=perish&amp;postId=113691\" data-vars-affiliate-url=\"https:\/\/www.pccomponentes.com\/daitsu-artic-ds-12ktp-aire-acondicionado-split-1x1-wi-fi-con-bomba-de-calor-2923-frigorias\"><\/p>\n<p>    <img decoding=\"async\" alt=\"Daitsu Artic DS-12KTP\" class=\"centro_sinmarco\" src=\"https:\/\/i.blogs.es\/14beff\/1366_2000\/450_1000.webp\"><br \/>\n     <\/a><\/p><\/div>\n<\/div>\n<p>En pleno verano y con una nueva ola de calor cada vez m\u00e1s cerca, si necesitas un respiro y refrigerar tu casa, este <strong>aire acondicionado split Daitsu Artic DS-12KTP<\/strong> \u00a0puede ser tu gran aliado. Adem\u00e1s, ahora lo puedes encontrar en su precio m\u00e1s bajo en <strong>PcComponentes<\/strong> por <a rel=\"nofollow, sponsored, noopener, noreferrer noopener\" target=\"_blank\" class=\"js-ecommerce\" href=\"https:\/\/www.xatakahome.com\/redirect?url=https%3A%2F%2Fwww.pccomponentes.com%2Fdaitsu-artic-ds-12ktp-aire-acondicionado-split-1x1-wi-fi-con-bomba-de-calor-2923-frigorias&amp;category=seleccion&amp;ecomPostExpiration=perish&amp;postId=113691\" data-vars-affiliate-url=\"https:\/\/www.pccomponentes.com\/daitsu-artic-ds-12ktp-aire-acondicionado-split-1x1-wi-fi-con-bomba-de-calor-2923-frigorias\" data-id=\"noopener noreferrer\">379 euros<\/a>, frente a los 579 euros de su precio oficial.<\/p>\n<p><!-- BREAK 29 --><!-- PIVOT START --><\/p>\n<div class=\"pivot-ecommerce-container m-pivot-ecommerce-redesign article-asset-normal article-asset-center\">\n<div class=\"pivot-ecommerce\">\n<div class=\"pivot-ecommerce-figure\">\n  <a rel=\"nofollow, sponsored, noopener, noreferrer noopener\" target=\"_blank\" href=\"https:\/\/www.xatakahome.com\/redirect?url=https%3A%2F%2Fwww.pccomponentes.com%2Fdaitsu-artic-ds-12ktp-aire-acondicionado-split-1x1-wi-fi-con-bomba-de-calor-2923-frigorias&amp;category=seleccion&amp;pivot=1&amp;ecomPostExpiration=perish&amp;postId=113691\"><br \/>\n   <img loading=\"lazy\" decoding=\"async\" alt=\"Aire Acondicionado Daitsu DS12KTP 2923Frig\" width=\"500\" height=\"395\" src=\"https:\/\/i.blogs.es\/5299a7\/51l4kkkhlol._sl500_\/original.webp\" onerror='this.src=\"https:\/\/i.blogs.es\/5299a7\/51l4kkkhlol._sl500_\/original.jpeg\"'><br \/>\n  <\/a>\n  <\/div>\n<div class=\"pivot-ecommerce-summary\">\n<p class=\"pivot-ecommerce-desc\">Aire Acondicionado Daitsu DS12KTP 2923Frig<\/p>\n<div class=\"pivot-actions \">\n<div class=\"pivot-actions-row\">\n <a rel=\"nofollow, sponsored, noopener, noreferrer noopener\" target=\"_blank\" data-asin=\"10827053\" data-store=\"PcComponentes\" href=\"https:\/\/www.xatakahome.com\/redirect?url=https%3A%2F%2Fwww.pccomponentes.com%2Fdaitsu-artic-ds-12ktp-aire-acondicionado-split-1x1-wi-fi-con-bomba-de-calor-2923-frigorias&amp;category=seleccion&amp;pivot=1&amp;ecomPostExpiration=perish&amp;postId=113691\" title=\"Precio de venta al p\u00fablico a fecha de publicaci\u00f3n\" class=\"pivot-action-btn pivot-action-primary\">PVP en PcComponentes \u2014 <strong>379,00<\/strong> \u20ac<\/a><br \/>\n   <a rel=\"nofollow, sponsored, noopener, noreferrer noopener\" target=\"_blank\" data-asin=\"1568050\" data-store=\"MediaMarkt\" href=\"https:\/\/www.xatakahome.com\/redirect?url=https%3A%2F%2Fwww.mediamarkt.es%2Fes%2Fproduct%2F_aire-acondicionado-split-1-x-1-daitsu-artic-ds-12ktp-2923-fgh-control-wifi-modo-noche-silencioso-blanco-1568050.html&amp;category=seleccion&amp;pivot=1&amp;ecomPostExpiration=perish&amp;postId=113691\" title=\"Precio actualizado hoy\" class=\"pivot-action-btn pivot-action-secondary\">MediaMarkt \u2014 <strong>399,00<\/strong> \u20ac<\/a><br \/>\n   <a rel=\"nofollow, sponsored, noopener, noreferrer noopener\" target=\"_blank\" data-asin=\"90839072\" data-store=\"Leroy Merlin\" href=\"https:\/\/www.xatakahome.com\/redirect?url=https%3A%2F%2Fwww.leroymerlin.es%2Fproductos%2Fcalefaccion-y-climatizacion%2Faire-acondicionado%2Faire-acondicionado-split-inverter%2Faire-acondicionado-split-1x1-daitsu-1x1-daitsu-2-923-frig-h-y-2-949-kcal-h-artic-ds-12ktp-90839072.html%3FhighlightedOfferCode%3D50921e18a32ec1dbe6ac3f59e956eba7a30673c2&amp;category=seleccion&amp;pivot=1&amp;ecomPostExpiration=perish&amp;postId=113691\" title=\"Precio actualizado hoy\" class=\"pivot-action-btn pivot-action-secondary\">Leroy Merlin \u2014 <strong>465,13<\/strong> \u20ac<\/a><br \/>\n   <a rel=\"nofollow, sponsored, noopener, noreferrer noopener\" target=\"_blank\" data-asin=\"001004781076007\" data-store=\"El Corte Ingl\u00e9s\" href=\"https:\/\/www.xatakahome.com\/redirect?url=https%3A%2F%2Fwww.elcorteingles.es%2Felectrodomesticos%2FA49365173-aire-acondicionado-split-1x1-daitsu-1x1-daitsu-2923-frigh-y-2949-kcalh-artic-ds-12ktp%2F&amp;category=seleccion&amp;pivot=1&amp;ecomPostExpiration=perish&amp;postId=113691\" title=\"Precio actualizado hoy\" class=\"pivot-action-btn pivot-action-secondary\">El Corte Ingl\u00e9s \u2014 <strong>470,00<\/strong> \u20ac<\/a>\n <\/div>\n<\/p><\/div>\n<\/p><\/div>\n<\/p><\/div>\n<div class=\"pivot-link-msg\">* Alg\u00fan precio puede haber cambiado desde la \u00faltima revisi\u00f3n<\/div>\n<\/p><\/div>\n<p><!-- PIVOT END --><\/p>\n<h3>INFINITON PAC-A202B<\/h3>\n<div class=\"article-asset-image article-asset-small article-asset-center\">\n<div class=\"asset-content\">\n                    <a rel=\"nofollow, sponsored, noopener, noreferrer noopener\" target=\"_blank\" class=\"js-ecommerce\" href=\"https:\/\/www.xatakahome.com\/redirect?url=https%3A%2F%2Fwww.mediamarkt.es%2Fes%2Fproduct%2F_aire-acondicionado-porttil-infiniton-pac-a202-92681577.html&amp;category=seleccion&amp;ecomPostExpiration=perish&amp;postId=113691\" data-vars-affiliate-url=\"https:\/\/www.mediamarkt.es\/es\/product\/_aire-acondicionado-porttil-infiniton-pac-a202-92681577.html\"><\/p>\n<p>    <img decoding=\"async\" alt=\"Aire acondicionado port\u00e1til - INFINITON PAC-A202B\" class=\"centro_sinmarco\" src=\"https:\/\/i.blogs.es\/426491\/proyecto-nuevo-3-\/450_1000.webp\"><br \/>\n     <\/a><\/p><\/div>\n<\/div>\n<p>Este aire acondicionado port\u00e1til INFINITON PAC-A202B es otra de las ofertas destacadas hoy. Su precio habitual es de 299 euros. Pero ahora tiene aplicado un <strong>descuento de 80 euros<\/strong> y se queda disponible en <a rel=\"nofollow, sponsored, noopener, noreferrer noopener\" target=\"_blank\" class=\"js-ecommerce\" href=\"https:\/\/www.xatakahome.com\/redirect?url=https%3A%2F%2Fwww.mediamarkt.es%2Fes%2Fproduct%2F_aire-acondicionado-porttil-infiniton-pac-a202-92681577.html&amp;category=seleccion&amp;ecomPostExpiration=perish&amp;postId=113691\" data-vars-affiliate-url=\"https:\/\/www.mediamarkt.es\/es\/product\/_aire-acondicionado-porttil-infiniton-pac-a202-92681577.html\" data-id=\"noopener noreferrer\">219 euros<\/a>. Tiene una capacidad de refrigeraci\u00f3n de 1.800 frigor\u00edas y es perfecto para enfriar habitaciones de <strong>hasta 30 metros cuadrados<\/strong>. Cuenta con modo sleep y funci\u00f3n deshumidificador. Adem\u00e1s, incluye el kit de instalaci\u00f3n.<\/p>\n<p><!-- BREAK 30 --><!-- PIVOT START --><\/p>\n<div class=\"pivot-ecommerce-container m-pivot-ecommerce-redesign article-asset-normal article-asset-center\">\n<div class=\"pivot-ecommerce\">\n<div class=\"pivot-ecommerce-figure\">\n  <a rel=\"nofollow, sponsored, noopener, noreferrer noopener\" target=\"_blank\" href=\"https:\/\/www.xatakahome.com\/redirect?url=https%3A%2F%2Fwww.mediamarkt.es%2Fes%2Fproduct%2F_aire-acondicionado-porttil-infiniton-pac-a202-92681577.html&amp;category=seleccion&amp;pivot=1&amp;ecomPostExpiration=perish&amp;postId=113691\"><br \/>\n   <img loading=\"lazy\" decoding=\"async\" alt=\"Infiniton PAC-A202B Aire Acondicionado Port\u00e1til 1800 Frigor\u00edas\" width=\"600\" height=\"600\" src=\"https:\/\/i.blogs.es\/1258b6\/blob\/original.webp\" onerror='this.src=\"https:\/\/i.blogs.es\/1258b6\/blob\/original.jpeg\"'><br \/>\n  <\/a>\n  <\/div>\n<div class=\"pivot-ecommerce-summary\">\n<p class=\"pivot-ecommerce-desc\">Infiniton PAC-A202B Aire Acondicionado Port\u00e1til 1800 Frigor\u00edas<\/p>\n<div class=\"pivot-actions \">\n<div class=\"pivot-actions-row\">\n <a rel=\"nofollow, sponsored, noopener, noreferrer noopener\" target=\"_blank\" data-asin=\"\" data-store=\"\" href=\"https:\/\/www.xatakahome.com\/redirect?url=https%3A%2F%2Fwww.mediamarkt.es%2Fes%2Fproduct%2F_aire-acondicionado-porttil-infiniton-pac-a202-92681577.html&amp;category=seleccion&amp;pivot=1&amp;ecomPostExpiration=perish&amp;postId=113691\" title=\"Precio de venta al p\u00fablico a fecha de publicaci\u00f3n\" class=\"pivot-action-btn pivot-action-primary\">PVP en MediaMarkt \u2014 <strong>219,00<\/strong> \u20ac<\/a>\n <\/div>\n<\/p><\/div>\n<\/p><\/div>\n<\/p><\/div>\n<div class=\"pivot-link-msg\">* Alg\u00fan precio puede haber cambiado desde la \u00faltima revisi\u00f3n<\/div>\n<\/p><\/div>\n<p><!-- PIVOT END --><\/p>\n<h3><strong>BRITEC AIR FRESH 10<\/strong><\/h3>\n<div class=\"article-asset-image article-asset-small article-asset-center\">\n<div class=\"asset-content\">\n                    <a rel=\"nofollow, sponsored, noopener, noreferrer noopener\" target=\"_blank\" class=\"js-ecommerce\" href=\"https:\/\/www.xatakahome.com\/redirect?url=https%3A%2F%2Fwww.leroymerlin.es%2Fproductos%2Fcalefaccion-y-climatizacion%2Faire-acondicionado%2Fclimatizadores-evaporativos-portatiles%2Fclimatizador-britec-air-fresh-10-87064311.html&amp;category=seleccion&amp;ecomPostExpiration=perish&amp;postId=113691\" data-vars-affiliate-url=\"https:\/\/www.leroymerlin.es\/productos\/calefaccion-y-climatizacion\/aire-acondicionado\/climatizadores-evaporativos-portatiles\/climatizador-britec-air-fresh-10-87064311.html\"><\/p>\n<p>    <img decoding=\"async\" alt=\"Climatizador BRITEC AIR FRESH 10\" class=\"centro_sinmarco\" src=\"https:\/\/i.blogs.es\/1f5cce\/proyecto-nuevo-22-\/450_1000.webp\"><br \/>\n     <\/a><\/p><\/div>\n<\/div>\n<p>El calor ya est\u00e1 apretando y aguantar dentro de casa puede ser una tortura si no tenemos un aparato de climatizaci\u00f3n para refrescarnos. Ahora, en Leroy Merlin, hemos descubierto el <strong>climatizador BRITEC AIR FRESH 10<\/strong> que cuesta <a rel=\"nofollow, sponsored, noopener, noreferrer noopener\" target=\"_blank\" class=\"js-ecommerce\" href=\"https:\/\/www.xatakahome.com\/redirect?url=https%3A%2F%2Fwww.leroymerlin.es%2Fproductos%2Fcalefaccion-y-climatizacion%2Faire-acondicionado%2Fclimatizadores-evaporativos-portatiles%2Fclimatizador-britec-air-fresh-10-87064311.html&amp;category=seleccion&amp;ecomPostExpiration=perish&amp;postId=113691\" data-vars-affiliate-url=\"https:\/\/www.leroymerlin.es\/productos\/calefaccion-y-climatizacion\/aire-acondicionado\/climatizadores-evaporativos-portatiles\/climatizador-britec-air-fresh-10-87064311.html\" data-id=\"noopener noreferrer\">149 euros<\/a> y resulta perfecto para el verano.<\/p>\n<p><!-- BREAK 31 --><!-- PIVOT START --><\/p>\n<div class=\"pivot-ecommerce-container m-pivot-ecommerce-redesign article-asset-normal article-asset-center\">\n<div class=\"pivot-ecommerce\">\n<div class=\"pivot-ecommerce-figure\">\n  <a rel=\"nofollow, sponsored, noopener, noreferrer noopener\" target=\"_blank\" href=\"https:\/\/www.xatakahome.com\/redirect?url=https%3A%2F%2Fwww.leroymerlin.es%2Fproductos%2Fcalefaccion-y-climatizacion%2Faire-acondicionado%2Fclimatizadores-evaporativos-portatiles%2Fclimatizador-britec-air-fresh-10-87064311.html&amp;category=seleccion&amp;pivot=1&amp;ecomPostExpiration=perish&amp;postId=113691\"><br \/>\n   <img loading=\"lazy\" decoding=\"async\" alt=\"Climatizador BRITEC AIR FRESH 10\n\" width=\"600\" height=\"600\" src=\"https:\/\/i.blogs.es\/9294c5\/blob\/original.webp\" onerror='this.src=\"https:\/\/i.blogs.es\/9294c5\/blob\/original.jpeg\"'><br \/>\n  <\/a>\n  <\/div>\n<div class=\"pivot-ecommerce-summary\">\n<p class=\"pivot-ecommerce-desc\">Climatizador BRITEC AIR FRESH 10\n<\/p>\n<div class=\"pivot-actions \">\n<div class=\"pivot-actions-row\">\n <a rel=\"nofollow, sponsored, noopener, noreferrer noopener\" target=\"_blank\" data-asin=\"\" data-store=\"\" href=\"https:\/\/www.xatakahome.com\/redirect?url=https%3A%2F%2Fwww.leroymerlin.es%2Fproductos%2Fcalefaccion-y-climatizacion%2Faire-acondicionado%2Fclimatizadores-evaporativos-portatiles%2Fclimatizador-britec-air-fresh-10-87064311.html&amp;category=seleccion&amp;pivot=1&amp;ecomPostExpiration=perish&amp;postId=113691\" title=\"Precio de venta al p\u00fablico a fecha de publicaci\u00f3n\" class=\"pivot-action-btn pivot-action-primary\">PVP en Leroy Merlin \u2014 <strong>149,00<\/strong> \u20ac<\/a>\n <\/div>\n<\/p><\/div>\n<\/p><\/div>\n<\/p><\/div>\n<div class=\"pivot-link-msg\">* Alg\u00fan precio puede haber cambiado desde la \u00faltima revisi\u00f3n<\/div>\n<\/p><\/div>\n<p><!-- PIVOT END --><\/p>\n<h3>Cecotec ForceClima 9100 Soundless<\/h3>\n<div class=\"article-asset-image article-asset-small article-asset-center\">\n<div class=\"asset-content\">\n                    <a rel=\"nofollow, sponsored, noopener, noreferrer noopener\" target=\"_blank\" class=\"js-ecommerce\" href=\"https:\/\/www.xatakahome.com\/redirect?url=https%3A%2F%2Fwww.mediamarkt.es%2Fes%2Fproduct%2F_aire-acondicionado-portatil-cecotec-forceclima-9100-soundless-1010-w-9000-btu-4-modos-2-velocidades-silencioso-mando-a-distancia-blanco-1549508.html&amp;category=seleccion&amp;ecomPostExpiration=perish&amp;postId=113691\" data-vars-affiliate-url=\"https:\/\/www.mediamarkt.es\/es\/product\/_aire-acondicionado-portatil-cecotec-forceclima-9100-soundless-1010-w-9000-btu-4-modos-2-velocidades-silencioso-mando-a-distancia-blanco-1549508.html\"><\/p>\n<p>    <img decoding=\"async\" alt=\"Cecotec ForceClima 9100 Soundless\" class=\"centro_sinmarco\" src=\"https:\/\/i.blogs.es\/ec97cd\/proyecto-nuevo-18-\/450_1000.webp\"><br \/>\n     <\/a><\/p><\/div>\n<\/div>\n<p>Con una capacidad de enfriamiento de 9.000 BTU y una potencia de 1.010 W, este <a href=\"https:\/\/www.xatakahome.com\/seleccion\/aire-acondicionado-portatil-que-mirar-antes-comprar-uno-estos-dispositivos-para-combatir-calor-1\" data-id=\"noopener noreferrer\">aire acondicionado port\u00e1til<\/a> es perfecto para enfriar estancias de <strong>hasta 20 metros cuadrados<\/strong>. Ofrece cuatro modos de funcionamiento y dos velocidades. Adem\u00e1s, es silencioso, cuenta con temporizador y viene con mando a distancia para controlarlo c\u00f3modamente. Est\u00e1 disponible por <a rel=\"nofollow, sponsored, noopener, noreferrer noopener\" target=\"_blank\" class=\"js-ecommerce\" href=\"https:\/\/www.xatakahome.com\/redirect?url=https%3A%2F%2Fwww.mediamarkt.es%2Fes%2Fproduct%2F_aire-acondicionado-portatil-cecotec-forceclima-9100-soundless-1010-w-9000-btu-4-modos-2-velocidades-silencioso-mando-a-distancia-blanco-1549508.html&amp;category=seleccion&amp;ecomPostExpiration=perish&amp;postId=113691\" data-vars-affiliate-url=\"https:\/\/www.mediamarkt.es\/es\/product\/_aire-acondicionado-portatil-cecotec-forceclima-9100-soundless-1010-w-9000-btu-4-modos-2-velocidades-silencioso-mando-a-distancia-blanco-1549508.html\" data-id=\"noopener noreferrer\">219 euros<\/a>.<\/p>\n<p><!-- BREAK 32 --><!-- PIVOT START --><\/p>\n<div class=\"pivot-ecommerce-container m-pivot-ecommerce-redesign article-asset-normal article-asset-center\">\n<div class=\"pivot-ecommerce\">\n<div class=\"pivot-ecommerce-figure\">\n  <a rel=\"nofollow, sponsored, noopener, noreferrer noopener\" target=\"_blank\" href=\"https:\/\/www.xatakahome.com\/redirect?url=https%3A%2F%2Fwww.mediamarkt.es%2Fes%2Fproduct%2F_aire-acondicionado-portatil-cecotec-forceclima-9100-soundless-1010-w-9000-btu-4-modos-2-velocidades-silencioso-mando-a-distancia-blanco-1549508.html&amp;category=seleccion&amp;pivot=1&amp;ecomPostExpiration=perish&amp;postId=113691\"><br \/>\n   <img loading=\"lazy\" decoding=\"async\" alt=\"Cecotec Aire Acondicionado Port\u00e1til con Mando a Distancia ForceClima 9100 Soundless\" width=\"500\" height=\"500\" src=\"https:\/\/i.blogs.es\/451d7f\/31b-jg8fnul._sl500_\/original.webp\" onerror='this.src=\"https:\/\/i.blogs.es\/451d7f\/31b-jg8fnul._sl500_\/original.jpeg\"'><br \/>\n  <\/a>\n  <\/div>\n<div class=\"pivot-ecommerce-summary\">\n<p class=\"pivot-ecommerce-desc\">Cecotec Aire Acondicionado Port\u00e1til con Mando a Distancia ForceClima 9100 Soundless<\/p>\n<div class=\"pivot-actions \">\n<div class=\"pivot-actions-row\">\n <a rel=\"nofollow, sponsored, noopener, noreferrer noopener\" target=\"_blank\" data-asin=\"1549508\" data-store=\"MediaMarkt\" href=\"https:\/\/www.xatakahome.com\/redirect?url=https%3A%2F%2Fwww.mediamarkt.es%2Fes%2Fproduct%2F_aire-acondicionado-portatil-cecotec-forceclima-9100-soundless-1010-w-9000-btu-4-modos-2-velocidades-silencioso-mando-a-distancia-blanco-1549508.html&amp;category=seleccion&amp;pivot=1&amp;ecomPostExpiration=perish&amp;postId=113691\" title=\"Precio actualizado hoy\" class=\"pivot-action-btn pivot-action-primary\">Hoy en MediaMarkt \u2014 <strong>219,90<\/strong> \u20ac<\/a><br \/>\n   <a rel=\"nofollow, sponsored, noopener, noreferrer noopener\" target=\"_blank\" data-asin=\"001004780304137\" data-store=\"El Corte Ingl\u00e9s\" href=\"https:\/\/www.xatakahome.com\/redirect?url=https%3A%2F%2Fwww.elcorteingles.es%2Felectrodomesticos%2FA48495186-aire-acondicionado-portatil-cecotec-con-2236-frigh---8173%2F&amp;category=seleccion&amp;pivot=1&amp;ecomPostExpiration=perish&amp;postId=113691\" title=\"Precio actualizado hoy\" class=\"pivot-action-btn pivot-action-secondary\">El Corte Ingl\u00e9s \u2014 <strong>219,90<\/strong> \u20ac<\/a><br \/>\n   <a rel=\"nofollow, sponsored, noopener, noreferrer noopener\" target=\"_blank\" data-asin=\"10718849\" data-store=\"PcComponentes\" href=\"https:\/\/www.xatakahome.com\/redirect?url=https%3A%2F%2Fwww.pccomponentes.com%2Fcecotec-forceclima-9100-soundless-aire-acondicionado-portatil-con-mando-a-distancia-9000-btu&amp;category=seleccion&amp;pivot=1&amp;ecomPostExpiration=perish&amp;postId=113691\" title=\"Precio actualizado hoy\" class=\"pivot-action-btn pivot-action-secondary\">PcComponentes \u2014 <strong>219,91<\/strong> \u20ac<\/a><br \/>\n   <a rel=\"nofollow, sponsored, noopener, noreferrer noopener\" target=\"_blank\" data-asin=\"88478765\" data-store=\"Leroy Merlin\" href=\"https:\/\/www.xatakahome.com\/redirect?url=https%3A%2F%2Fwww.leroymerlin.es%2Fproductos%2Fcalefaccion-y-climatizacion%2Faire-acondicionado%2Faire-acondicionado-portatil%2Faire-acondicionado-portatil-con-mando-a-distancia-forceclima-9100-soundless-9000-btu-tecnologia-soundless-pantalla-led-4-modos-2-velocidades-cob-88478765.html&amp;category=seleccion&amp;pivot=1&amp;ecomPostExpiration=perish&amp;postId=113691\" title=\"Precio actualizado hoy\" class=\"pivot-action-btn pivot-action-secondary\">Leroy Merlin \u2014 <strong>257,12<\/strong> \u20ac<\/a>\n <\/div>\n<\/p><\/div>\n<\/p><\/div>\n<\/p><\/div>\n<div class=\"pivot-link-msg\">* Alg\u00fan precio puede haber cambiado desde la \u00faltima revisi\u00f3n<\/div>\n<\/p><\/div>\n<p><!-- PIVOT END --><\/p>\n<h3><strong>Philips WelcomeEye Connect 2<\/strong><\/h3>\n<div class=\"article-asset-image article-asset-small article-asset-center\">\n<div class=\"asset-content\">\n                    <a rel=\"nofollow, sponsored, noopener, noreferrer noopener\" target=\"_blank\" class=\"js-ecommerce\" href=\"https:\/\/www.xatakahome.com\/redirect?url=https%3A%2F%2Fwww.leroymerlin.es%2Fproductos%2Felectricidad-y-domotica%2Fvideoporteros-y-motores-para-puertas%2Ftelefonillos-y-videoporteros%2Fvideoporteros-wifi%2Fvideoportero-philips-welcomeeye-connect-2-wifi-83023753.html&amp;category=seleccion&amp;ecomPostExpiration=perish&amp;postId=113691\" data-vars-affiliate-url=\"https:\/\/www.leroymerlin.es\/productos\/electricidad-y-domotica\/videoporteros-y-motores-para-puertas\/telefonillos-y-videoporteros\/videoporteros-wifi\/videoportero-philips-welcomeeye-connect-2-wifi-83023753.html\"><\/p>\n<p>    <img decoding=\"async\" alt=\"videoportero Philips WelcomeEye Connect 2\" class=\"centro_sinmarco\" src=\"https:\/\/i.blogs.es\/89e3b8\/proyecto-nuevo-7-\/450_1000.webp\"><br \/>\n     <\/a><\/p><\/div>\n<\/div>\n<p>A la hora de crear un hogar conectado, con un videoportero puede empezar a instaurar la dom\u00f3tica desde la puerta de tu hogar. Ahora, en Leroy Merlin, el videoportero <strong>Philips WelcomeEye Connect 2<\/strong> est\u00e1 rebajado y puedes conseguirlo por <a rel=\"nofollow, sponsored, noopener, noreferrer noopener\" target=\"_blank\" class=\"js-ecommerce\" href=\"https:\/\/www.xatakahome.com\/redirect?url=https%3A%2F%2Fwww.leroymerlin.es%2Fproductos%2Felectricidad-y-domotica%2Fvideoporteros-y-motores-para-puertas%2Ftelefonillos-y-videoporteros%2Fvideoporteros-wifi%2Fvideoportero-philips-welcomeeye-connect-2-wifi-83023753.html&amp;category=seleccion&amp;ecomPostExpiration=perish&amp;postId=113691\" data-vars-affiliate-url=\"https:\/\/www.leroymerlin.es\/productos\/electricidad-y-domotica\/videoporteros-y-motores-para-puertas\/telefonillos-y-videoporteros\/videoporteros-wifi\/videoportero-philips-welcomeeye-connect-2-wifi-83023753.html\" data-id=\"noopener noreferrer\">249 euros<\/a>.<\/p>\n<p><!-- BREAK 33 --><!-- PIVOT START --><\/p>\n<div class=\"pivot-ecommerce-container m-pivot-ecommerce-redesign article-asset-normal article-asset-center\">\n<div class=\"pivot-ecommerce\">\n<div class=\"pivot-ecommerce-figure\">\n  <a rel=\"nofollow, sponsored, noopener, noreferrer noopener\" target=\"_blank\" href=\"https:\/\/www.xatakahome.com\/redirect?url=https%3A%2F%2Fwww.leroymerlin.es%2Fproductos%2Felectricidad-y-domotica%2Fvideoporteros-y-motores-para-puertas%2Ftelefonillos-y-videoporteros%2Fvideoporteros-wifi%2Fvideoportero-philips-welcomeeye-connect-2-wifi-83023753.html%3FhighlightedOfferCode%3D7e370221a3c5f2827a37ee8a3c6b23dbd74b9cf2&amp;category=seleccion&amp;pivot=1&amp;ecomPostExpiration=perish&amp;postId=113691\"><br \/>\n   <img loading=\"lazy\" decoding=\"async\" alt=\"Videoportero con cable conectado - PHILIPS - 531036 - WelcomeEye Connect 2\" width=\"500\" height=\"500\" src=\"https:\/\/i.blogs.es\/d9ae6e\/41nyjzfdi-l._sl500_\/original.webp\" onerror='this.src=\"https:\/\/i.blogs.es\/d9ae6e\/41nyjzfdi-l._sl500_\/original.jpeg\"'><br \/>\n  <\/a>\n  <\/div>\n<div class=\"pivot-ecommerce-summary\">\n<p class=\"pivot-ecommerce-desc\">Videoportero con cable conectado &#8211; PHILIPS &#8211; 531036 &#8211; WelcomeEye Connect 2<\/p>\n<div class=\"pivot-actions \">\n<div class=\"pivot-actions-row\">\n <a rel=\"nofollow, sponsored, noopener, noreferrer noopener\" target=\"_blank\" data-asin=\"83023753\" data-store=\"Leroy Merlin\" href=\"https:\/\/www.xatakahome.com\/redirect?url=https%3A%2F%2Fwww.leroymerlin.es%2Fproductos%2Felectricidad-y-domotica%2Fvideoporteros-y-motores-para-puertas%2Ftelefonillos-y-videoporteros%2Fvideoporteros-wifi%2Fvideoportero-philips-welcomeeye-connect-2-wifi-83023753.html%3FhighlightedOfferCode%3D7e370221a3c5f2827a37ee8a3c6b23dbd74b9cf2&amp;category=seleccion&amp;pivot=1&amp;ecomPostExpiration=perish&amp;postId=113691\" title=\"Precio actualizado hoy\" class=\"pivot-action-btn pivot-action-primary\">Hoy en Leroy Merlin \u2014 <strong>249,00<\/strong> \u20ac<\/a><br \/>\n   <a rel=\"nofollow, sponsored, noopener, noreferrer noopener\" target=\"_blank\" data-asin=\"B08JCJ9JR5\" data-store=\"Amazon\" href=\"https:\/\/www.xatakahome.com\/redirect?url=https%3A%2F%2Fwww.amazon.es%2Fdp%2FB08JCJ9JR5%3Ftag%3Dxatakahome-21%26linkCode%3Dosi%26th%3D1%26psc%3D1&amp;category=seleccion&amp;pivot=1&amp;ecomPostExpiration=perish&amp;postId=113691\" title=\"Precio actualizado hoy\" class=\"pivot-action-btn pivot-action-secondary\">Amazon \u2014 <strong>257,14<\/strong> \u20ac<\/a><br \/>\n   <a rel=\"nofollow, sponsored, noopener, noreferrer noopener\" target=\"_blank\" data-asin=\"001015006100281\" data-store=\"El Corte Ingl\u00e9s\" href=\"https:\/\/www.xatakahome.com\/redirect?url=https%3A%2F%2Fwww.elcorteingles.es%2Fbricor%2FA37953029-videoportero-welcomeeye-connect-2%2F&amp;category=seleccion&amp;pivot=1&amp;ecomPostExpiration=perish&amp;postId=113691\" title=\"Precio actualizado hoy\" class=\"pivot-action-btn pivot-action-secondary\">El Corte Ingl\u00e9s \u2014 <strong>299,00<\/strong> \u20ac<\/a>\n <\/div>\n<\/p><\/div>\n<\/p><\/div>\n<\/p><\/div>\n<div class=\"pivot-link-msg\">* Alg\u00fan precio puede haber cambiado desde la \u00faltima revisi\u00f3n<\/div>\n<\/p><\/div>\n<p><!-- PIVOT END --><\/p>\n<h3><strong>Cecotec Cecofry Pixel 2500<\/strong><\/h3>\n<div class=\"article-asset-image article-asset-small article-asset-center\">\n<div class=\"asset-content\">\n                    <a rel=\"nofollow, sponsored, noopener, noreferrer noopener\" target=\"_blank\" class=\"js-ecommerce\" href=\"https:\/\/www.xatakahome.com\/redirect?url=https%3A%2F%2Fwww.pccomponentes.com%2Fcecotec-cecofry-pixel-2500-freidora-sin-aceite-25l-1200w-negra-paper-pack-accessories-s-150-papeles-para-freidora-de-aire&amp;category=seleccion&amp;ecomPostExpiration=perish&amp;postId=113691\" data-vars-affiliate-url=\"https:\/\/www.pccomponentes.com\/cecotec-cecofry-pixel-2500-freidora-sin-aceite-25l-1200w-negra-paper-pack-accessories-s-150-papeles-para-freidora-de-aire\"><\/p>\n<p>    <img decoding=\"async\" alt=\"Cecotec Cecofry Pixel 2500\" class=\"centro_sinmarco\" src=\"https:\/\/i.blogs.es\/be6977\/proyecto-nuevo-37-\/450_1000.webp\"><br \/>\n     <\/a><\/p><\/div>\n<\/div>\n<p>Si vives solo y estabas buscando una freidora de aire barata, esta <strong>Cecotec Cecofry Pixel 2500<\/strong> est\u00e1 a precio m\u00ednimo hist\u00f3rico en PcComponentes: <a rel=\"nofollow, sponsored, noopener, noreferrer noopener\" target=\"_blank\" class=\"js-ecommerce\" href=\"https:\/\/www.xatakahome.com\/redirect?url=https%3A%2F%2Fwww.pccomponentes.com%2Fcecotec-cecofry-pixel-2500-freidora-sin-aceite-25l-1200w-negra-paper-pack-accessories-s-150-papeles-para-freidora-de-aire&amp;category=seleccion&amp;ecomPostExpiration=perish&amp;postId=113691\" data-vars-affiliate-url=\"https:\/\/www.pccomponentes.com\/cecotec-cecofry-pixel-2500-freidora-sin-aceite-25l-1200w-negra-paper-pack-accessories-s-150-papeles-para-freidora-de-aire\" data-id=\"noopener noreferrer\">33,90 euros<\/a>. Adem\u00e1s, viene con 150 papeles para hornear y olvidarte de limpiarla en profundidad.<\/p>\n<p><!-- BREAK 34 --><!-- PIVOT START --><\/p>\n<div class=\"pivot-ecommerce-container m-pivot-ecommerce-redesign article-asset-normal article-asset-center\">\n<div class=\"pivot-ecommerce\">\n<div class=\"pivot-ecommerce-figure\">\n  <a rel=\"nofollow, sponsored, noopener, noreferrer noopener\" target=\"_blank\" href=\"https:\/\/www.xatakahome.com\/redirect?url=https%3A%2F%2Fwww.amazon.es%2Fdp%2FB0BQ1JXKTX%3Ftag%3Dxatakahome-21%26linkCode%3Dogi%26th%3D1%26psc%3D1&amp;category=seleccion&amp;pivot=1&amp;ecomPostExpiration=perish&amp;postId=113691\"><br \/>\n   <img loading=\"lazy\" decoding=\"async\" alt=\"Cecotec Freidora sin Aceite de 2,5 L de Aire Caliente Cecofry Pixel 2500\" width=\"500\" height=\"500\" src=\"https:\/\/i.blogs.es\/78bc66\/416ie2pdi7l._sl500_\/original.webp\" onerror='this.src=\"https:\/\/i.blogs.es\/78bc66\/416ie2pdi7l._sl500_\/original.jpeg\"'><br \/>\n  <\/a>\n  <\/div>\n<div class=\"pivot-ecommerce-summary\">\n<p class=\"pivot-ecommerce-desc\">Cecotec Freidora sin Aceite de 2,5 L de Aire Caliente Cecofry Pixel 2500<\/p>\n<div class=\"pivot-actions \">\n<div class=\"pivot-actions-row\">\n <a rel=\"nofollow, sponsored, noopener, noreferrer noopener\" target=\"_blank\" data-asin=\"B0BQ1JXKTX\" data-store=\"Amazon\" href=\"https:\/\/www.xatakahome.com\/redirect?url=https%3A%2F%2Fwww.amazon.es%2Fdp%2FB0BQ1JXKTX%3Ftag%3Dxatakahome-21%26linkCode%3Dogi%26th%3D1%26psc%3D1&amp;category=seleccion&amp;pivot=1&amp;ecomPostExpiration=perish&amp;postId=113691\" title=\"Precio actualizado hoy\" class=\"pivot-action-btn pivot-action-primary\">Hoy en Amazon \u2014 <strong>34,90<\/strong> \u20ac<\/a><br \/>\n   <a rel=\"nofollow, sponsored, noopener, noreferrer noopener\" target=\"_blank\" data-asin=\"10766499\" data-store=\"PcComponentes\" href=\"https:\/\/www.xatakahome.com\/redirect?url=https%3A%2F%2Fwww.pccomponentes.com%2Fcecotec-cecofry-pixel-2500-freidora-sin-aceite-25l-1200w-negra&amp;category=seleccion&amp;pivot=1&amp;ecomPostExpiration=perish&amp;postId=113691\" title=\"Precio actualizado hoy\" class=\"pivot-action-btn pivot-action-secondary\">PcComponentes \u2014 <strong>39,90<\/strong> \u20ac<\/a><br \/>\n   <a rel=\"nofollow, sponsored, noopener, noreferrer noopener\" target=\"_blank\" data-asin=\"89299784\" data-store=\"Leroy Merlin\" href=\"https:\/\/www.xatakahome.com\/redirect?url=https%3A%2F%2Fwww.leroymerlin.es%2Fproductos%2Fcocinas%2Felectrodomesticos%2Fpequeno-electrodomestico%2Ffreidoras-de-aire%2Ffreidora-sin-aceite-de-2-5-l-de-aire-caliente-cecofry-pixel-2500-1000-w-dietetica-manual-y-compacta-temporizador-control-de-temperatura-tecnolog-89299784.html&amp;category=seleccion&amp;pivot=1&amp;ecomPostExpiration=perish&amp;postId=113691\" title=\"Precio actualizado hoy\" class=\"pivot-action-btn pivot-action-secondary\">Leroy Merlin \u2014 <strong>51,79<\/strong> \u20ac<\/a>\n <\/div>\n<\/p><\/div>\n<\/p><\/div>\n<\/p><\/div>\n<div class=\"pivot-link-msg\">* Alg\u00fan precio puede haber cambiado desde la \u00faltima revisi\u00f3n<\/div>\n<\/p><\/div>\n<p><!-- PIVOT END --><\/p>\n<h3><strong>Google Nest Wifi Mesh Router<\/strong><\/h3>\n<div class=\"article-asset-image article-asset-small article-asset-center\">\n<div class=\"asset-content\">\n                    <a rel=\"nofollow, sponsored, noopener, noreferrer noopener\" target=\"_blank\" class=\"js-ecommerce\" href=\"https:\/\/www.xatakahome.com\/redirect?url=https%3A%2F%2Fwww.elcorteingles.es%2Felectronica%2FA35263169-google-nest-wifi-mesh-router%2F&amp;category=seleccion&amp;ecomPostExpiration=perish&amp;postId=113691\" data-vars-affiliate-url=\"https:\/\/www.elcorteingles.es\/electronica\/A35263169-google-nest-wifi-mesh-router\/\"><\/p>\n<p>    <img decoding=\"async\" alt=\"Google Nest Wifi Mesh Router\" class=\"centro_sinmarco\" src=\"https:\/\/i.blogs.es\/69cce4\/proyecto-nuevo-2\/450_1000.webp\"><br \/>\n     <\/a><\/p><\/div>\n<\/div>\n<p>Seguro que mientras teletrabajas o ves alguna serie en una plataforma de streaming, has experimentado los tan temidos microcortes de Internet. Google tiene la soluci\u00f3n para que esto no ocurra y es el <strong>Google Nest Wifi Mesh Router<\/strong> que, ahora, est\u00e1 en oferta en El Corte Ingl\u00e9s por <a rel=\"nofollow, sponsored, noopener, noreferrer noopener\" target=\"_blank\" class=\"js-ecommerce\" href=\"https:\/\/www.xatakahome.com\/redirect?url=https%3A%2F%2Fwww.elcorteingles.es%2Felectronica%2FA35263169-google-nest-wifi-mesh-router%2F&amp;category=seleccion&amp;ecomPostExpiration=perish&amp;postId=113691\" data-vars-affiliate-url=\"https:\/\/www.elcorteingles.es\/electronica\/A35263169-google-nest-wifi-mesh-router\/\" data-id=\"noopener noreferrer\">64,90 euros<\/a>.<\/p>\n<p><!-- BREAK 35 --><!-- PIVOT START --><\/p>\n<div class=\"pivot-ecommerce-container m-pivot-ecommerce-redesign article-asset-normal article-asset-center\">\n<div class=\"pivot-ecommerce\">\n<div class=\"pivot-ecommerce-figure\">\n  <a rel=\"nofollow, sponsored, noopener, noreferrer noopener\" target=\"_blank\" href=\"https:\/\/www.xatakahome.com\/redirect?url=https%3A%2F%2Fwww.elcorteingles.es%2Felectronica%2FA35263169-google-nest-wifi-mesh-router%2F&amp;category=seleccion&amp;pivot=1&amp;ecomPostExpiration=perish&amp;postId=113691\"><br \/>\n   <img loading=\"lazy\" decoding=\"async\" alt=\"Sistema Mesh Google Nest GA00595-ES\/ 2.4GHz 5GHz\" width=\"500\" height=\"500\" src=\"https:\/\/i.blogs.es\/b76ad4\/11is0hoyets._sl500_\/original.webp\" onerror='this.src=\"https:\/\/i.blogs.es\/b76ad4\/11is0hoyets._sl500_\/original.jpeg\"'><br \/>\n  <\/a>\n  <\/div>\n<div class=\"pivot-ecommerce-summary\">\n<p class=\"pivot-ecommerce-desc\">Sistema Mesh Google Nest GA00595-ES\/ 2.4GHz 5GHz<\/p>\n<div class=\"pivot-actions \">\n<div class=\"pivot-actions-row\">\n <a rel=\"nofollow, sponsored, noopener, noreferrer noopener\" target=\"_blank\" data-asin=\"001028637002016\" data-store=\"El Corte Ingl\u00e9s\" href=\"https:\/\/www.xatakahome.com\/redirect?url=https%3A%2F%2Fwww.elcorteingles.es%2Felectronica%2FA35263169-google-nest-wifi-mesh-router%2F&amp;category=seleccion&amp;pivot=1&amp;ecomPostExpiration=perish&amp;postId=113691\" title=\"Precio actualizado hoy\" class=\"pivot-action-btn pivot-action-primary\">Hoy en El Corte Ingl\u00e9s \u2014 <strong>64,90<\/strong> \u20ac<\/a><br \/>\n   <a rel=\"nofollow, sponsored, noopener, noreferrer noopener\" target=\"_blank\" data-asin=\"82665393\" data-store=\"Leroy Merlin\" href=\"https:\/\/www.xatakahome.com\/redirect?url=https%3A%2F%2Fwww.leroymerlin.es%2Fproductos%2Felectricidad-y-domotica%2Faccesorios-de-informatica-y-smartphone%2Frepetidores-wifi-amplificadores-y-plc%2Frouter-google-nest-wifi-82665393.html&amp;category=seleccion&amp;pivot=1&amp;ecomPostExpiration=perish&amp;postId=113691\" title=\"Precio actualizado hoy\" class=\"pivot-action-btn pivot-action-secondary\">Leroy Merlin \u2014 <strong>184,08<\/strong> \u20ac<\/a><br \/>\n   <a rel=\"nofollow, sponsored, noopener, noreferrer noopener\" target=\"_blank\" data-asin=\"294720\" data-store=\"PcComponentes\" href=\"https:\/\/www.xatakahome.com\/redirect?url=https%3A%2F%2Fwww.pccomponentes.com%2Fgoogle-nest-wifi-router-blanco&amp;category=seleccion&amp;pivot=1&amp;ecomPostExpiration=perish&amp;postId=113691\" title=\"Precio actualizado hoy\" class=\"pivot-action-btn pivot-action-secondary\">PcComponentes \u2014 <strong>229,33<\/strong> \u20ac<\/a>\n <\/div>\n<\/p><\/div>\n<\/p><\/div>\n<\/p><\/div>\n<div class=\"pivot-link-msg\">* Alg\u00fan precio puede haber cambiado desde la \u00faltima revisi\u00f3n<\/div>\n<\/p><\/div>\n<p><!-- PIVOT END --><\/p>\n<h3><strong>Enchufe exterior con WiFi Ledvance<\/strong><\/h3>\n<div class=\"article-asset-image article-asset-small article-asset-center\">\n<div class=\"asset-content\">\n                    <a rel=\"nofollow, sponsored, noopener, noreferrer noopener\" target=\"_blank\" class=\"js-ecommerce\" href=\"https:\/\/www.xatakahome.com\/redirect?url=https%3A%2F%2Fwww.lidl.es%2Fes%2Fledvance-enchufe-exterior-con-wifi%2Fp51098&amp;category=seleccion&amp;ecomPostExpiration=perish&amp;postId=113691\" data-vars-affiliate-url=\"https:\/\/www.lidl.es\/es\/ledvance-enchufe-exterior-con-wifi\/p51098\"><\/p>\n<p>    <img decoding=\"async\" alt=\"enchufe para exterior con WiFi Ledvance\" class=\"centro_sinmarco\" src=\"https:\/\/i.blogs.es\/84667d\/proyecto-nuevo---2024-04-22t121129.304\/450_1000.webp\"><br \/>\n     <\/a><\/p><\/div>\n<\/div>\n<p>Si quieres controlar los dispositivos electr\u00f3nicos y electrodom\u00e9sticos en la zona exterior de tu hogar, este <strong>enchufe exterior con WiFi Ledvance<\/strong> est\u00e1 rebajado en Lidl y puedes conseguirlo por <a rel=\"nofollow, sponsored, noopener, noreferrer noopener\" target=\"_blank\" class=\"js-ecommerce\" href=\"https:\/\/www.xatakahome.com\/redirect?url=https%3A%2F%2Fwww.lidl.es%2Fes%2Fledvance-enchufe-exterior-con-wifi%2Fp51098&amp;category=seleccion&amp;ecomPostExpiration=perish&amp;postId=113691\" data-vars-affiliate-url=\"https:\/\/www.lidl.es\/es\/ledvance-enchufe-exterior-con-wifi\/p51098\" data-id=\"noopener noreferrer\">14,99 euros<\/a>.<\/p>\n<p><!-- BREAK 36 --><!-- PIVOT START --><\/p>\n<div class=\"pivot-ecommerce-container m-pivot-ecommerce-redesign article-asset-normal article-asset-center\">\n<div class=\"pivot-ecommerce\">\n<div class=\"pivot-ecommerce-figure\">\n  <a rel=\"nofollow, sponsored, noopener, noreferrer noopener\" target=\"_blank\" href=\"https:\/\/www.xatakahome.com\/redirect?url=https%3A%2F%2Fwww.lidl.es%2Fes%2Fledvance-enchufe-exterior-con-wifi%2Fp51098&amp;category=seleccion&amp;pivot=1&amp;ecomPostExpiration=perish&amp;postId=113691\"><br \/>\n   <img loading=\"lazy\" decoding=\"async\" alt=\"Ledvance Enchufe inteligente para exterior con tecnolog\u00eda WiFi \" width=\"500\" height=\"500\" src=\"https:\/\/i.blogs.es\/667356\/41q0tyymyzl._sl500_\/original.webp\" onerror='this.src=\"https:\/\/i.blogs.es\/667356\/41q0tyymyzl._sl500_\/original.jpeg\"'><br \/>\n  <\/a>\n  <\/div>\n<div class=\"pivot-ecommerce-summary\">\n<p class=\"pivot-ecommerce-desc\">Ledvance Enchufe inteligente para exterior con tecnolog\u00eda WiFi <\/p>\n<div class=\"pivot-actions \">\n<div class=\"pivot-actions-row\">\n <a rel=\"nofollow, sponsored, noopener, noreferrer noopener\" target=\"_blank\" data-asin=\"\" data-store=\"\" href=\"https:\/\/www.xatakahome.com\/redirect?url=https%3A%2F%2Fwww.lidl.es%2Fes%2Fledvance-enchufe-exterior-con-wifi%2Fp51098&amp;category=seleccion&amp;pivot=1&amp;ecomPostExpiration=perish&amp;postId=113691\" title=\"Precio de venta al p\u00fablico a fecha de publicaci\u00f3n\" class=\"pivot-action-btn pivot-action-primary\">PVP en Lidl \u2014 <strong>14,99<\/strong> \u20ac<\/a><br \/>\n   <a rel=\"nofollow, sponsored, noopener, noreferrer noopener\" target=\"_blank\" data-asin=\"B08YR4KRGX\" data-store=\"Amazon\" href=\"https:\/\/www.xatakahome.com\/redirect?url=https%3A%2F%2Fwww.amazon.es%2Fdp%2FB08YR4KRGX%3Ftag%3Dxatakahome-21%26linkCode%3Dogi%26th%3D1%26psc%3D1&amp;category=seleccion&amp;pivot=1&amp;ecomPostExpiration=perish&amp;postId=113691\" title=\"Precio actualizado hoy\" class=\"pivot-action-btn pivot-action-secondary\">Amazon \u2014 <strong>27,34<\/strong> \u20ac<\/a>\n <\/div>\n<\/p><\/div>\n<\/p><\/div>\n<\/p><\/div>\n<div class=\"pivot-link-msg\">* Alg\u00fan precio puede haber cambiado desde la \u00faltima revisi\u00f3n<\/div>\n<\/p><\/div>\n<p><!-- PIVOT END --><\/p>\n<h3><strong>Airfryer Masterpro<\/strong><\/h3>\n<div class=\"article-asset-image article-asset-small article-asset-center\">\n<div class=\"asset-content\">\n                    <a rel=\"nofollow, sponsored, noopener, noreferrer noopener\" target=\"_blank\" class=\"js-ecommerce\" href=\"https:\/\/www.xatakahome.com\/redirect?url=https%3A%2F%2Fwww.lidl.es%2Fes%2Fmasterpro-freidora-de-aire-2-8-l-1000-w%2Fp53507&amp;category=seleccion&amp;ecomPostExpiration=perish&amp;postId=113691\" data-vars-affiliate-url=\"https:\/\/www.lidl.es\/es\/masterpro-freidora-de-aire-2-8-l-1000-w\/p53507\"><\/p>\n<p>    <img decoding=\"async\" alt=\"Masterpro \u00ae Freidora de aire 2,8 L 1000 W\" class=\"centro_sinmarco\" src=\"https:\/\/i.blogs.es\/f5109b\/proyecto-nuevo---2024-04-03t071933.319\/450_1000.webp\"><br \/>\n     <\/a><\/p><\/div>\n<\/div>\n<p>Las <a href=\"https:\/\/www.xatakahome.com\/electrodomesticos-innovadores\/no-todo-positivo-freidoras-aire-ocu-nos-desvela-sus-principales-ventajas-e-inconvenientes\" data-id=\"noopener noreferrer\">freidoras de aire<\/a> se han convertido en las reinas indiscutibles de numerosas cocinas. Si estabas buscando una pero no tienes mucho espacio en casa, esta <strong>airfryer Masterpro de 2,8 litros<\/strong> es ideal y, ahora, est\u00e1 rebajada en Lidl. La puedes conseguir por <a rel=\"nofollow, sponsored, noopener, noreferrer noopener\" target=\"_blank\" class=\"js-ecommerce\" href=\"https:\/\/www.xatakahome.com\/redirect?url=https%3A%2F%2Fwww.lidl.es%2Fes%2Fmasterpro-freidora-de-aire-2-8-l-1000-w%2Fp53507&amp;category=seleccion&amp;ecomPostExpiration=perish&amp;postId=113691\" data-vars-affiliate-url=\"https:\/\/www.lidl.es\/es\/masterpro-freidora-de-aire-2-8-l-1000-w\/p53507\" data-id=\"noopener noreferrer\">39,99 euros<\/a>.<\/p>\n<p><!-- BREAK 37 --><!-- PIVOT START --><\/p>\n<div class=\"pivot-ecommerce-container m-pivot-ecommerce-redesign article-asset-normal article-asset-center\">\n<div class=\"pivot-ecommerce\">\n<div class=\"pivot-ecommerce-figure\">\n  <a rel=\"nofollow, sponsored, noopener, noreferrer noopener\" target=\"_blank\" href=\"https:\/\/www.xatakahome.com\/redirect?url=https%3A%2F%2Fwww.lidl.es%2Fes%2Fmasterpro-freidora-de-aire-2-8-l-1000-w%2Fp53507&amp;category=seleccion&amp;pivot=1&amp;ecomPostExpiration=perish&amp;postId=113691\"><br \/>\n   <img loading=\"lazy\" decoding=\"async\" alt=\"Masterpro \u00ae Freidora de aire 2,8 L 1000 W\n\" width=\"600\" height=\"600\" src=\"https:\/\/i.blogs.es\/31b7cc\/blob\/original.webp\" onerror='this.src=\"https:\/\/i.blogs.es\/31b7cc\/blob\/original.jpeg\"'><br \/>\n  <\/a>\n  <\/div>\n<div class=\"pivot-ecommerce-summary\">\n<p class=\"pivot-ecommerce-desc\">Masterpro \u00ae Freidora de aire 2,8 L 1000 W\n<\/p>\n<div class=\"pivot-actions \">\n<div class=\"pivot-actions-row\">\n <a rel=\"nofollow, sponsored, noopener, noreferrer noopener\" target=\"_blank\" data-asin=\"\" data-store=\"\" href=\"https:\/\/www.xatakahome.com\/redirect?url=https%3A%2F%2Fwww.lidl.es%2Fes%2Fmasterpro-freidora-de-aire-2-8-l-1000-w%2Fp53507&amp;category=seleccion&amp;pivot=1&amp;ecomPostExpiration=perish&amp;postId=113691\" title=\"Precio de venta al p\u00fablico a fecha de publicaci\u00f3n\" class=\"pivot-action-btn pivot-action-primary\">PVP en Lidl \u2014 <strong>39,99<\/strong> \u20ac<\/a>\n <\/div>\n<\/p><\/div>\n<\/p><\/div>\n<\/p><\/div>\n<div class=\"pivot-link-msg\">* Alg\u00fan precio puede haber cambiado desde la \u00faltima revisi\u00f3n<\/div>\n<\/p><\/div>\n<p><!-- PIVOT END --><\/p>\n<h3>Aspiradora Silvercrest<\/h3>\n<div class=\"article-asset-image article-asset-small article-asset-center\">\n<div class=\"asset-content\">\n                    <a rel=\"nofollow, sponsored, noopener, noreferrer noopener\" target=\"_blank\" class=\"js-ecommerce\" href=\"https:\/\/www.xatakahome.com\/redirect?url=https%3A%2F%2Fwww.lidl.es%2Fes%2Faspirador-2-en-1-130-w%2Fp55125&amp;category=seleccion&amp;ecomPostExpiration=perish&amp;postId=113691\" data-vars-affiliate-url=\"https:\/\/www.lidl.es\/es\/aspirador-2-en-1-130-w\/p55125\"><\/p>\n<p>    <img decoding=\"async\" alt=\"aspiradora 2 en 1 Silvercrest\" class=\"centro_sinmarco\" src=\"https:\/\/i.blogs.es\/9df8cd\/proyecto-nuevo-43-\/450_1000.webp\"><br \/>\n     <\/a><\/p><\/div>\n<\/div>\n<p>Las <a href=\"https:\/\/www.xatakahome.com\/seleccion\/aspirador-dyson-cual-comprar-funcion-tus-necesidades-consejos-recomendaciones\" data-id=\"noopener noreferrer\">aspiradoras sin cable Dyson<\/a> son de las que m\u00e1s \u00e9xito tienen en el mercado a la hora de pensar en la limpieza del hogar, aunque son bastante caras. Si buscas una soluci\u00f3n m\u00e1s barata, esta <strong>aspiradora 2 en 1 de Silvercrest<\/strong> es una buena opci\u00f3n a tener en cuenta y cuesta <a rel=\"nofollow, sponsored, noopener, noreferrer noopener\" target=\"_blank\" class=\"js-ecommerce\" href=\"https:\/\/www.xatakahome.com\/redirect?url=https%3A%2F%2Fwww.lidl.es%2Fes%2Faspirador-2-en-1-130-w%2Fp55125&amp;category=seleccion&amp;ecomPostExpiration=perish&amp;postId=113691\" data-vars-affiliate-url=\"https:\/\/www.lidl.es\/es\/aspirador-2-en-1-130-w\/p55125\" data-id=\"noopener noreferrer\">99,99 euros<\/a>.<\/p>\n<p><!-- BREAK 38 --><!-- PIVOT START --><\/p>\n<div class=\"pivot-ecommerce-container m-pivot-ecommerce-redesign article-asset-normal article-asset-center\">\n<div class=\"pivot-ecommerce\">\n<div class=\"pivot-ecommerce-figure\">\n  <a rel=\"nofollow, sponsored, noopener, noreferrer noopener\" target=\"_blank\" href=\"https:\/\/www.xatakahome.com\/redirect?url=https%3A%2F%2Fwww.lidl.es%2Fes%2Faspirador-2-en-1-130-w%2Fp55125&amp;category=seleccion&amp;pivot=1&amp;ecomPostExpiration=perish&amp;postId=113691\"><br \/>\n   <img loading=\"lazy\" decoding=\"async\" alt=\"Aspirador 2 en 1 130 W\n\" width=\"600\" height=\"600\" src=\"https:\/\/i.blogs.es\/020f14\/blob\/original.webp\" onerror='this.src=\"https:\/\/i.blogs.es\/020f14\/blob\/original.jpeg\"'><br \/>\n  <\/a>\n  <\/div>\n<div class=\"pivot-ecommerce-summary\">\n<p class=\"pivot-ecommerce-desc\">Aspirador 2 en 1 130 W\n<\/p>\n<div class=\"pivot-actions \">\n<div class=\"pivot-actions-row\">\n <a rel=\"nofollow, sponsored, noopener, noreferrer noopener\" target=\"_blank\" data-asin=\"\" data-store=\"\" href=\"https:\/\/www.xatakahome.com\/redirect?url=https%3A%2F%2Fwww.lidl.es%2Fes%2Faspirador-2-en-1-130-w%2Fp55125&amp;category=seleccion&amp;pivot=1&amp;ecomPostExpiration=perish&amp;postId=113691\" title=\"Precio de venta al p\u00fablico a fecha de publicaci\u00f3n\" class=\"pivot-action-btn pivot-action-primary\">PVP en Lidl \u2014 <strong>99,99<\/strong> \u20ac<\/a>\n <\/div>\n<\/p><\/div>\n<\/p><\/div>\n<\/p><\/div>\n<div class=\"pivot-link-msg\">* Alg\u00fan precio puede haber cambiado desde la \u00faltima revisi\u00f3n<\/div>\n<\/p><\/div>\n<p><!-- PIVOT END --><\/p>\n<h3><strong>Enchufes inteligentes Ledvance<\/strong><\/h3>\n<div class=\"article-asset-image article-asset-small article-asset-center\">\n<div class=\"asset-content\">\n                    <a rel=\"nofollow, sponsored, noopener, noreferrer noopener\" target=\"_blank\" class=\"js-ecommerce\" href=\"https:\/\/www.xatakahome.com\/redirect?url=https%3A%2F%2Fwww.lidl.es%2Fes%2Fledvance-set-de-enchufes-inteligentes%2Fp51068&amp;category=seleccion&amp;ecomPostExpiration=perish&amp;postId=113691\" data-vars-affiliate-url=\"https:\/\/www.lidl.es\/es\/ledvance-set-de-enchufes-inteligentes\/p51068\"><\/p>\n<p>    <img decoding=\"async\" alt=\"pack de tres enchufes inteligentes Ledvance\" class=\"centro_sinmarco\" src=\"https:\/\/i.blogs.es\/5f750c\/proyecto-nuevo-20-\/450_1000.webp\"><br \/>\n     <\/a><\/p><\/div>\n<\/div>\n<p>Lidl lleva ya unos a\u00f1os vendiendo soluciones para crear nuestra propia Smart Home y a buen precio. Un ejemplo es este <strong>pack de tres enchufes inteligentes Ledvance<\/strong> que puedes conseguir por <a rel=\"nofollow, sponsored, noopener, noreferrer noopener\" target=\"_blank\" class=\"js-ecommerce\" href=\"https:\/\/www.xatakahome.com\/redirect?url=https%3A%2F%2Fwww.lidl.es%2Fes%2Fledvance-set-de-enchufes-inteligentes%2Fp51068&amp;category=seleccion&amp;ecomPostExpiration=perish&amp;postId=113691\" data-vars-affiliate-url=\"https:\/\/www.lidl.es\/es\/ledvance-set-de-enchufes-inteligentes\/p51068\" data-id=\"noopener noreferrer\">32,99 euros<\/a>.<\/p>\n<p><!-- BREAK 39 --><!-- PIVOT START --><\/p>\n<div class=\"pivot-ecommerce-container m-pivot-ecommerce-redesign article-asset-normal article-asset-center\">\n<div class=\"pivot-ecommerce\">\n<div class=\"pivot-ecommerce-figure\">\n  <a rel=\"nofollow, sponsored, noopener, noreferrer noopener\" target=\"_blank\" href=\"https:\/\/www.xatakahome.com\/redirect?url=https%3A%2F%2Fwww.lidl.es%2Fes%2Fledvance-set-de-enchufes-inteligentes%2Fp51068&amp;category=seleccion&amp;pivot=1&amp;ecomPostExpiration=perish&amp;postId=113691\"><br \/>\n   <img loading=\"lazy\" decoding=\"async\" alt=\"Ledvance Set de enchufes inteligentes\" width=\"808\" height=\"309\" src=\"https:\/\/i.blogs.es\/33d3fc\/blob\/original.webp\" onerror='this.src=\"https:\/\/i.blogs.es\/33d3fc\/blob\/original.png\"'><br \/>\n  <\/a>\n  <\/div>\n<div class=\"pivot-ecommerce-summary\">\n<p class=\"pivot-ecommerce-desc\">Ledvance Set de enchufes inteligentes<\/p>\n<div class=\"pivot-actions \">\n<div class=\"pivot-actions-row\">\n <a rel=\"nofollow, sponsored, noopener, noreferrer noopener\" target=\"_blank\" data-asin=\"\" data-store=\"\" href=\"https:\/\/www.xatakahome.com\/redirect?url=https%3A%2F%2Fwww.lidl.es%2Fes%2Fledvance-set-de-enchufes-inteligentes%2Fp51068&amp;category=seleccion&amp;pivot=1&amp;ecomPostExpiration=perish&amp;postId=113691\" title=\"Precio de venta al p\u00fablico a fecha de publicaci\u00f3n\" class=\"pivot-action-btn pivot-action-primary\">PVP en Lidl \u2014 <strong>32,99<\/strong> \u20ac<\/a>\n <\/div>\n<\/p><\/div>\n<\/p><\/div>\n<\/p><\/div>\n<div class=\"pivot-link-msg\">* Alg\u00fan precio puede haber cambiado desde la \u00faltima revisi\u00f3n<\/div>\n<\/p><\/div>\n<p><!-- PIVOT END --><\/p>\n<div class=\"article-asset-video article-asset-normal\">\n<div class=\"asset-content\">\n<div class=\"base-asset-video\">\n<div class=\"js-dailymotion\">\n    <script type=\"application\/json\">\n                          {\"videoId\":\"x7zmt9g\",\"autoplay\":true,\"title\":\"Antes de comprar una TV por menos de 500\u20ac \u00a1mira esto! - CARACTER\u00cdSTICAS DE LA TELEVISI\u00d3N PERFECTA\", \"tag\":\"tv\"}\n                  <\/script>\n   <\/div>\n<\/p><\/div>\n<\/p><\/div>\n<\/div>\n<h2>M\u00e1s ofertas<\/h2>\n<p>Y si tras todo esto nuestra secci\u00f3n de los viernes se te queda corta, puedes estar al d\u00eda y en cada momento informado de las principales ofertas y novedades de Xataka Selecci\u00f3n en nuestro canal de <a rel=\"noopener, noreferrer\" href=\"https:\/\/t.me\/xatakaseleccion\">Telegram<\/a> o en nuestros perfiles de <a rel=\"noopener, noreferrer\" href=\"https:\/\/twitter.com\/xatakaseleccion\">Twitter<\/a>, <a rel=\"noopener, noreferrer\" href=\"https:\/\/www.facebook.com\/XatakaSeleccion\/\">Facebook<\/a> y la revista <a rel=\"noopener, noreferrer\" href=\"https:\/\/flipboard.com\/@xataka\/cazando-gangas-4tsdshjjz\">Flipboard<\/a>. Puedes echar un vistazo tambi\u00e9n a los cazando gangas de <a href=\"https:\/\/www.xatakamovil.com\/tag\/cazando-gangas\">Xataka M\u00f3vil<\/a>, <a href=\"https:\/\/www.xatakandroid.com\/tag\/cazando-gangas\">Xataka Android<\/a>, <a href=\"https:\/\/www.xatakafoto.com\/tag\/cazando-gangas\">Xataka Foto<\/a>, <a href=\"https:\/\/www.vidaextra.com\/tag\/cazando-gangas\">Vida Extra<\/a>, <a href=\"https:\/\/www.espinof.com\/tag\/cazando-gangas\">Espinof<\/a> y <a href=\"https:\/\/www.applesfera.com\/tag\/cazando-gangas-applesfera\">Applesfera<\/a>, as\u00ed como con nuestros compa\u00f1eros de <a href=\"https:\/\/www.compradiccion.com\/\">Compradicci\u00f3n<\/a>. Puedes ver todas las gangas que publican en <a rel=\"noopener, noreferrer\" href=\"http:\/\/twitter.com\/compradiccion_\">Twitter<\/a> y <a rel=\"noopener, noreferrer\" href=\"https:\/\/www.facebook.com\/Compradiccion\/\">Facebook<\/a>, e incluso suscribirte a sus avisos v\u00eda <a rel=\"noopener, noreferrer\" href=\"http:\/\/telegram.me\/compradiccion\">Telegram<\/a>.<\/p>\n<p><!-- BREAK 40 --><\/p>\n<p><em>Nota: Algunos de los enlaces de este art\u00edculo son afiliados y pueden reportar un beneficio a Xataka Home<\/em><\/p>\n<p><script>\n (function() {\n  window._JS_MODULES = window._JS_MODULES || {};\n  var headElement = document.getElementsByTagName('head')[0];\n  if (_JS_MODULES.instagram) {\n   var instagramScript = document.createElement('script');\n   instagramScript.src = 'https:\/\/platform.instagram.com\/en_US\/embeds.js';\n   instagramScript.async = true;\n   instagramScript.defer = true;\n   headElement.appendChild(instagramScript);\n  }\n })();\n<\/script><\/p>\n<p> &#8211; <br \/> La noticia<br \/>\n      <a href=\"https:\/\/www.xatakahome.com\/seleccion\/ola-calor-se-pasa-mejor-estas-ofertas-climatizacion-smart-tv-cazando-gangas?utm_source=feedburner&amp;utm_medium=feed&amp;utm_campaign=16_Aug_2024\"><br \/>\n       <em> La ola de calor se pasa mejor con estas ofertas en climatizaci\u00f3n, Smart TV y m\u00e1s: Cazando gangas  <\/em><br \/>\n      <\/a><br \/>\n      fue publicada originalmente en<br \/>\n      <a href=\"https:\/\/www.xatakahome.com\/?utm_source=feedburner&amp;utm_medium=feed&amp;utm_campaign=16_Aug_2024\"><br \/>\n       <strong> Xataka Smart Home <\/strong><br \/>\n      <\/a><br \/>\n            por <a href=\"https:\/\/www.xatakahome.com\/autor\/paco-rodriguez?utm_source=feedburner&amp;utm_medium=feed&amp;utm_campaign=16_Aug_2024\"><br \/>\n       Paco Rodriguez<br \/>\n      <\/a><br \/>\n      . <\/p>\n<\/div>\n","protected":false},"excerpt":{"rendered":"<p>Ya es viernes, nuestro d\u00eda favorito de la semana para repasar los descuentos en televisores inteligentes, equipos y barras de sonido, dispositivos para el hogar conectado y m\u00e1s. Comienza nuestro Cazando gangas: Televisores, proyectores, multimedia y barras de sonido Receptor Trevi HE 3361 T2 Si nuestro televisor tiene m\u00e1s de 14 a\u00f1os lo m\u00e1s probable &hellip; <a href=\"https:\/\/domosistemas.com\/?p=25334\" class=\"more-link\">Sigue leyendo <span class=\"screen-reader-text\">La ola de calor se pasa mejor con estas ofertas en climatizaci\u00f3n, Smart TV y m\u00e1s: Cazando gangas<\/span><\/a><\/p>\n","protected":false},"author":1,"featured_media":0,"comment_status":"closed","ping_status":"closed","sticky":false,"template":"","format":"standard","meta":{"footnotes":""},"categories":[8],"tags":[],"class_list":["post-25334","post","type-post","status-publish","format-standard","hentry","category-xataka"],"_links":{"self":[{"href":"https:\/\/domosistemas.com\/index.php?rest_route=\/wp\/v2\/posts\/25334","targetHints":{"allow":["GET"]}}],"collection":[{"href":"https:\/\/domosistemas.com\/index.php?rest_route=\/wp\/v2\/posts"}],"about":[{"href":"https:\/\/domosistemas.com\/index.php?rest_route=\/wp\/v2\/types\/post"}],"author":[{"embeddable":true,"href":"https:\/\/domosistemas.com\/index.php?rest_route=\/wp\/v2\/users\/1"}],"replies":[{"embeddable":true,"href":"https:\/\/domosistemas.com\/index.php?rest_route=%2Fwp%2Fv2%2Fcomments&post=25334"}],"version-history":[{"count":0,"href":"https:\/\/domosistemas.com\/index.php?rest_route=\/wp\/v2\/posts\/25334\/revisions"}],"wp:attachment":[{"href":"https:\/\/domosistemas.com\/index.php?rest_route=%2Fwp%2Fv2%2Fmedia&parent=25334"}],"wp:term":[{"taxonomy":"category","embeddable":true,"href":"https:\/\/domosistemas.com\/index.php?rest_route=%2Fwp%2Fv2%2Fcategories&post=25334"},{"taxonomy":"post_tag","embeddable":true,"href":"https:\/\/domosistemas.com\/index.php?rest_route=%2Fwp%2Fv2%2Ftags&post=25334"}],"curies":[{"name":"wp","href":"https:\/\/api.w.org\/{rel}","templated":true}]}}