{"id":25341,"date":"2024-08-17T09:03:47","date_gmt":"2024-08-17T09:03:47","guid":{"rendered":"https:\/\/domosistemas.com\/?p=25341"},"modified":"2024-08-17T09:03:47","modified_gmt":"2024-08-17T09:03:47","slug":"parece-una-antena-pero-es-un-ventilador-de-torre-sin-aspas-y-carrefour-lo-tiene-hoy-a-precio-de-chollo","status":"publish","type":"post","link":"https:\/\/domosistemas.com\/?p=25341","title":{"rendered":"Parece una antena, pero es un ventilador de torre sin aspas y Carrefour lo tiene hoy a precio de chollo"},"content":{"rendered":"<div>\n<p>\n      <img decoding=\"async\" src=\"https:\/\/i.blogs.es\/b7f9c8\/ofertas_cpa_v3-copia\/1024_2000.jpeg\" alt=\"Parece una antena, pero es un ventilador de torre sin aspas y Carrefour lo tiene hoy a precio de chollo\">\n    <\/p>\n<p>El verano a\u00fan no ha acabado y aunque el calor nos ha dado una tregua, quedan d\u00edas de temperaturas altas. Ahora, es el momento perfecto para conseguir productos de climatizaci\u00f3n a buen precio, bien para ahora o para tenerlos el a\u00f1o que viene y Carrefour tiene en oferta un <strong>ventilador de torres sin aspas que destaca por su dise\u00f1o<\/strong>, sin aspas (y con forma de antena), perfecto por si no quieres instalar un <a href=\"https:\/\/www.xatakahome.com\/seleccion\/mejor-ventilador-techo-wifi-cual-comprar-consejos-recomendaciones\">ventilador de techo<\/a>, que cuesta <a rel=\"nofollow, sponsored, noopener, noreferrer noopener\" target=\"_blank\" class=\"js-ecommerce\" href=\"https:\/\/www.xatakahome.com\/redirect?url=https%3A%2F%2Fwww.carrefour.es%2Fventilador-de-torre-energysilence-9890-skyline-bladeless-dark-cecotec%2F8435484083133%2Fp&amp;category=seleccion&amp;ecomPostExpiration=perish&amp;postId=113576\" data-vars-affiliate-url=\"https:\/\/www.carrefour.es\/ventilador-de-torre-energysilence-9890-skyline-bladeless-dark-cecotec\/8435484083133\/p\">89,90 euros<\/a>.<\/p>\n<p><!-- BREAK 1 --><!-- PIVOT START --><\/p>\n<div class=\"pivot-ecommerce-container m-pivot-ecommerce-redesign article-asset-normal article-asset-center\">\n<div class=\"pivot-ecommerce\">\n<div class=\"pivot-ecommerce-figure\">\n  <a rel=\"nofollow, sponsored, noopener, noreferrer noopener\" target=\"_blank\" href=\"https:\/\/www.xatakahome.com\/redirect?url=https%3A%2F%2Fwww.carrefour.es%2Fventilador-de-torre-energysilence-9890-skyline-bladeless-dark-cecotec%2F8435484083133%2Fp&amp;category=seleccion&amp;pivot=1&amp;ecomPostExpiration=perish&amp;postId=113576\"><br \/>\n   <img loading=\"lazy\" decoding=\"async\" alt='Cecotec Ventilador de torre EnergySilence 9890 Skyline Bladeless Sin Aspas de 39\"' width=\"500\" height=\"500\" src=\"https:\/\/i.blogs.es\/8a0a06\/21krw-hqlcl._sl500_\/original.webp\" onerror='this.src=\"https:\/\/i.blogs.es\/8a0a06\/21krw-hqlcl._sl500_\/original.jpeg\"'><br \/>\n  <\/a>\n  <\/div>\n<div class=\"pivot-ecommerce-summary\">\n<p class=\"pivot-ecommerce-desc\">Cecotec Ventilador de torre EnergySilence 9890 Skyline Bladeless Sin Aspas de 39&#8243;<\/p>\n<div class=\"pivot-actions \">\n<div class=\"pivot-actions-row\">\n <a rel=\"nofollow, sponsored, noopener, noreferrer noopener\" target=\"_blank\" data-asin=\"\" data-store=\"\" href=\"https:\/\/www.xatakahome.com\/redirect?url=https%3A%2F%2Fwww.carrefour.es%2Fventilador-de-torre-energysilence-9890-skyline-bladeless-dark-cecotec%2F8435484083133%2Fp&amp;category=seleccion&amp;pivot=1&amp;ecomPostExpiration=perish&amp;postId=113576\" title=\"Precio de venta al p\u00fablico a fecha de publicaci\u00f3n\" class=\"pivot-action-btn pivot-action-primary\">PVP en Carrefour \u2014 <strong>89,90<\/strong> \u20ac<\/a><br \/>\n   <a rel=\"nofollow, sponsored, noopener, noreferrer noopener\" target=\"_blank\" data-asin=\"B0BQ1P2WZG\" data-store=\"Amazon\" href=\"https:\/\/www.xatakahome.com\/redirect?url=https%3A%2F%2Fwww.amazon.es%2Fdp%2FB0BQ1P2WZG%3Ftag%3Dxatakahome-21%26linkCode%3Dogi%26th%3D1%26psc%3D1&amp;category=seleccion&amp;pivot=1&amp;ecomPostExpiration=perish&amp;postId=113576\" title=\"Precio actualizado hoy\" class=\"pivot-action-btn pivot-action-secondary\">Amazon \u2014 <strong>89,90<\/strong> \u20ac<\/a><br \/>\n   <a rel=\"nofollow, sponsored, noopener, noreferrer noopener\" target=\"_blank\" data-asin=\"10838858\" data-store=\"PcComponentes\" href=\"https:\/\/www.xatakahome.com\/redirect?url=https%3A%2F%2Fwww.pccomponentes.com%2Fcecotec-energysilence-9890-skyline-bladeless-ventilador-torre-sin-aspas-50w-inox-blanco&amp;category=seleccion&amp;pivot=1&amp;ecomPostExpiration=perish&amp;postId=113576\" title=\"Precio actualizado hoy\" class=\"pivot-action-btn pivot-action-secondary\">PcComponentes \u2014 <strong>89,91<\/strong> \u20ac<\/a><br \/>\n   <a rel=\"nofollow, sponsored, noopener, noreferrer noopener\" target=\"_blank\" data-asin=\"001007780511627\" data-store=\"El Corte Ingl\u00e9s\" href=\"https:\/\/www.xatakahome.com\/redirect?url=https%3A%2F%2Fwww.elcorteingles.es%2Felectrodomesticos%2FA51300551-ventilador-torre-cecotec-energysilence-9890-skyline-bladeless%2F&amp;category=seleccion&amp;pivot=1&amp;ecomPostExpiration=perish&amp;postId=113576\" title=\"Precio actualizado hoy\" class=\"pivot-action-btn pivot-action-secondary\">El Corte Ingl\u00e9s \u2014 <strong>90,00<\/strong> \u20ac<\/a>\n <\/div>\n<\/p><\/div>\n<\/p><\/div>\n<\/p><\/div>\n<div class=\"pivot-link-msg\">* Alg\u00fan precio puede haber cambiado desde la \u00faltima revisi\u00f3n<\/div>\n<\/p><\/div>\n<p><!-- PIVOT END --><\/p>\n<h2>Comprar ventilador de torre sin aspas Cecotec EnergySilence 9890 Skyline Bladeless al mejor precio<\/h2>\n<div class=\"article-asset-image article-asset-normal article-asset-center\">\n<div class=\"asset-content\">\n                    <a rel=\"nofollow, sponsored, noopener, noreferrer noopener\" target=\"_blank\" class=\"js-ecommerce\" href=\"https:\/\/www.xatakahome.com\/redirect?url=https%3A%2F%2Fwww.carrefour.es%2Fventilador-de-torre-energysilence-9890-skyline-bladeless-dark-cecotec%2F8435484083133%2Fp&amp;category=seleccion&amp;ecomPostExpiration=perish&amp;postId=113576\" data-vars-affiliate-url=\"https:\/\/www.carrefour.es\/ventilador-de-torre-energysilence-9890-skyline-bladeless-dark-cecotec\/8435484083133\/p\"><\/p>\n<p>    <img decoding=\"async\" alt=\"ventilador de torre sin aspas Cecotec EnergySilence 9890 Skyline Bladeless\" class=\"centro_sinmarco\" src=\"https:\/\/i.blogs.es\/47282d\/proyecto-nuevo\/450_1000.webp\"><br \/>\n     <\/a><\/p><\/div>\n<\/div>\n<p>El precio habitual de este ventilador de torre sin aspas Create Cool DC de dise\u00f1o es de 149,83 euros pero hoy, en Carrefour, lo tienen a precio de chollo, ya que tiene <strong>un descuento de casi 60 euros<\/strong>, puesto que est\u00e1 disponible por <a rel=\"nofollow, sponsored, noopener, noreferrer noopener\" target=\"_blank\" class=\"js-ecommerce\" href=\"https:\/\/www.xatakahome.com\/redirect?url=https%3A%2F%2Fwww.carrefour.es%2Fventilador-de-torre-energysilence-9890-skyline-bladeless-dark-cecotec%2F8435484083133%2Fp&amp;category=seleccion&amp;ecomPostExpiration=perish&amp;postId=113576\" data-vars-affiliate-url=\"https:\/\/www.carrefour.es\/ventilador-de-torre-energysilence-9890-skyline-bladeless-dark-cecotec\/8435484083133\/p\" data-id=\"noopener noreferrer\">89,90 euros<\/a>.<\/p>\n<p><!-- BREAK 2 --><\/p>\n<p>El dise\u00f1o es su aspecto m\u00e1s llamativo, aunque no es lo \u00fanico por lo que destaca ya que su motor es otra de sus bazas, al ser<strong> m\u00e1s eficiente y duradero<\/strong> que los motores que presentan otros ventiladores del mercado, al ser capaz de generar mucha m\u00e1s potencia.<\/p>\n<p><!-- BREAK 3 --><\/p>\n<div class=\"article-asset-video article-asset-normal\">\n<div class=\"asset-content\">\n<div class=\"base-asset-video\">\n<div class=\"js-dailymotion\">\n    <script type=\"application\/json\">\n                          {\"videoId\":\"x8006fc\",\"autoplay\":true,\"title\":\"C\u00f3mo dormir cuando hace mucho calor y no tienes aire acondicionado\", \"tag\":\"\"}\n                  <\/script>\n   <\/div>\n<\/p><\/div>\n<\/p><\/div>\n<\/div>\n<p>Cuenta con <strong>tres modos y tres velocidades<\/strong>, por lo que podr\u00e1s notar una brisa de aire fresco cuando lo utilices. Tambi\u00e9n incorpora oscilaci\u00f3n silenciosa de 40\u00ba, para que as\u00ed puedas descansar por la noche sin ruido, ya que funciona con menos ruido que cualquier <a href=\"https:\/\/www.xatakahome.com\/seleccion\/mejores-aires-acondicionados-portatiles-cual-comprar-consejos-recomendaciones\">aire acondicionado port\u00e1til<\/a>, por ejemplo.<\/p>\n<p><!-- BREAK 4 --><\/p>\n<p>Por \u00faltimo, destacar que incorpora un <strong>mando a distancia<\/strong>, con el que podr\u00e1s programar el ventilador. Por \u00faltimo, destacar su pantalla LED en la que podr\u00e1s ver toda la informaci\u00f3n de sus funciones y tambi\u00e9n controlar el dispositivo.<\/p>\n<p><!-- BREAK 5 --><\/p>\n<div class=\"article-asset article-asset-normal article-asset-center\">\n<div class=\"desvio-container\">\n<div class=\"desvio\">\n<div class=\"desvio-figure js-desvio-figure\">\n    <a href=\"https:\/\/www.xatakahome.com\/a-fondo\/paneles-solares-kit-para-balcon-terraza-esto-que-podemos-ahorrar-al-ano-factura-luz\"><br \/>\n     <img loading=\"lazy\" decoding=\"async\" alt=\"Paneles solares en kit para el balc\u00f3n o la terraza: esto es lo que podemos ahorrar al a\u00f1o en la factura de la luz \" width=\"375\" height=\"142\" src=\"https:\/\/i.blogs.es\/0aee76\/paneles-balcon-4489tornasol4489\/375_142.webp\" onerror='this.src=\"https:\/\/i.blogs.es\/0aee76\/paneles-balcon-4489tornasol4489\/375_142.jpeg\"'><br \/>\n    <\/a>\n   <\/div>\n<div class=\"desvio-summary\">\n<div class=\"desvio-taxonomy js-desvio-taxonomy\">\n     <a href=\"https:\/\/www.xatakahome.com\/a-fondo\/paneles-solares-kit-para-balcon-terraza-esto-que-podemos-ahorrar-al-ano-factura-luz\" class=\"desvio-taxonomy-anchor\">En Xataka Smart Home<\/a>\n    <\/div>\n<p>    <a href=\"https:\/\/www.xatakahome.com\/a-fondo\/paneles-solares-kit-para-balcon-terraza-esto-que-podemos-ahorrar-al-ano-factura-luz\" class=\"desvio-title js-desvio-title\">Paneles solares en kit para el balc\u00f3n o la terraza: esto es lo que podemos ahorrar al a\u00f1o en la factura de la luz <\/a>\n   <\/div>\n<\/p><\/div>\n<\/p><\/div>\n<\/div>\n<h2>Tambi\u00e9n te puede interesar<\/h2>\n<p><!-- PIVOT START --><\/p>\n<div class=\"pivot-ecommerce-container m-pivot-ecommerce-redesign article-asset-normal article-asset-center\">\n<div class=\"pivot-ecommerce\">\n<div class=\"pivot-ecommerce-figure\">\n  <a rel=\"nofollow, sponsored, noopener, noreferrer noopener\" target=\"_blank\" href=\"https:\/\/www.xatakahome.com\/redirect?url=https%3A%2F%2Fwww.amazon.es%2Fdp%2FB07W1SGSJW%3Ftag%3Dxatakahome-21%26linkCode%3Dogi%26th%3D1%26psc%3D1&amp;category=seleccion&amp;pivot=1&amp;ecomPostExpiration=perish&amp;postId=113576\"><br \/>\n   <img loading=\"lazy\" decoding=\"async\" alt=\"Amazon Basics - Ventilador de pie digital oscilante, con 3 palas duales y mando a distancia, Negro\" width=\"500\" height=\"500\" src=\"https:\/\/i.blogs.es\/6063ee\/41kpy7v4hbl._sl500_\/original.webp\" onerror='this.src=\"https:\/\/i.blogs.es\/6063ee\/41kpy7v4hbl._sl500_\/original.jpeg\"'><br \/>\n  <\/a>\n  <\/div>\n<div class=\"pivot-ecommerce-summary\">\n<p class=\"pivot-ecommerce-desc\">Amazon Basics &#8211; Ventilador de pie digital oscilante, con 3 palas duales y mando a distancia, Negro<\/p>\n<div class=\"pivot-actions \">\n<div class=\"pivot-actions-row\">\n <a rel=\"nofollow, sponsored, noopener, noreferrer noopener\" target=\"_blank\" data-asin=\"B07W1SGSJW\" data-store=\"Amazon\" href=\"https:\/\/www.xatakahome.com\/redirect?url=https%3A%2F%2Fwww.amazon.es%2Fdp%2FB07W1SGSJW%3Ftag%3Dxatakahome-21%26linkCode%3Dogi%26th%3D1%26psc%3D1&amp;category=seleccion&amp;pivot=1&amp;ecomPostExpiration=perish&amp;postId=113576\" title=\"Precio actualizado hoy\" class=\"pivot-action-btn pivot-action-primary\">Hoy en Amazon \u2014 <strong>54,99<\/strong> \u20ac<\/a>\n <\/div>\n<\/p><\/div>\n<\/p><\/div>\n<\/p><\/div>\n<div class=\"pivot-link-msg\">* Alg\u00fan precio puede haber cambiado desde la \u00faltima revisi\u00f3n<\/div>\n<\/p><\/div>\n<p><!-- PIVOT END --><br \/>\n<!-- PIVOT START --><\/p>\n<div class=\"pivot-ecommerce-container m-pivot-ecommerce-redesign article-asset-normal article-asset-center\">\n<div class=\"pivot-ecommerce\">\n<div class=\"pivot-ecommerce-figure\">\n  <a rel=\"nofollow, sponsored, noopener, noreferrer noopener\" target=\"_blank\" href=\"https:\/\/www.xatakahome.com\/redirect?url=https%3A%2F%2Fwww.amazon.es%2Fdp%2FB092JB4Z7J%3Ftag%3Dxatakahome-21%26linkCode%3Dogi%26th%3D1%26psc%3D1&amp;category=seleccion&amp;pivot=1&amp;ecomPostExpiration=perish&amp;postId=113576\"><br \/>\n   <img loading=\"lazy\" decoding=\"async\" alt=\"Cecotec Ventilador de Torre Digital con Temporizador y Mando a Distancia EnergySilence 890 Skyline\" width=\"500\" height=\"500\" src=\"https:\/\/i.blogs.es\/b66be2\/31chx-eoqjl._sl500_\/original.webp\" onerror='this.src=\"https:\/\/i.blogs.es\/b66be2\/31chx-eoqjl._sl500_\/original.jpeg\"'><br \/>\n  <\/a>\n  <\/div>\n<div class=\"pivot-ecommerce-summary\">\n<p class=\"pivot-ecommerce-desc\">Cecotec Ventilador de Torre Digital con Temporizador y Mando a Distancia EnergySilence 890 Skyline<\/p>\n<div class=\"pivot-actions \">\n<div class=\"pivot-actions-row\">\n <a rel=\"nofollow, sponsored, noopener, noreferrer noopener\" target=\"_blank\" data-asin=\"B092JB4Z7J\" data-store=\"Amazon\" href=\"https:\/\/www.xatakahome.com\/redirect?url=https%3A%2F%2Fwww.amazon.es%2Fdp%2FB092JB4Z7J%3Ftag%3Dxatakahome-21%26linkCode%3Dogi%26th%3D1%26psc%3D1&amp;category=seleccion&amp;pivot=1&amp;ecomPostExpiration=perish&amp;postId=113576\" title=\"Precio actualizado hoy\" class=\"pivot-action-btn pivot-action-primary\">Hoy en Amazon \u2014 <strong>43,90<\/strong> \u20ac<\/a><br \/>\n   <a rel=\"nofollow, sponsored, noopener, noreferrer noopener\" target=\"_blank\" data-asin=\"1501590\" data-store=\"MediaMarkt\" href=\"https:\/\/www.xatakahome.com\/redirect?url=https%3A%2F%2Fwww.mediamarkt.es%2Fes%2Fproduct%2F_ventilador-de-torre-cecotec-energysilence-890-skyline-3-velocidades-50w-control-remoto-negro-1501590.html&amp;category=seleccion&amp;pivot=1&amp;ecomPostExpiration=perish&amp;postId=113576\" title=\"Precio actualizado hoy\" class=\"pivot-action-btn pivot-action-secondary\">MediaMarkt \u2014 <strong>43,90<\/strong> \u20ac<\/a><br \/>\n   <a rel=\"nofollow, sponsored, noopener, noreferrer noopener\" target=\"_blank\" data-asin=\"395184\" data-store=\"PcComponentes\" href=\"https:\/\/www.xatakahome.com\/redirect?url=https%3A%2F%2Fwww.pccomponentes.com%2Fcecotec-energysilence-890-skyline-ventilador-de-torre-con-mando-50w-negro-plata&amp;category=seleccion&amp;pivot=1&amp;ecomPostExpiration=perish&amp;postId=113576\" title=\"Precio actualizado hoy\" class=\"pivot-action-btn pivot-action-secondary\">PcComponentes \u2014 <strong>66,01<\/strong> \u20ac<\/a>\n <\/div>\n<\/p><\/div>\n<\/p><\/div>\n<\/p><\/div>\n<div class=\"pivot-link-msg\">* Alg\u00fan precio puede haber cambiado desde la \u00faltima revisi\u00f3n<\/div>\n<\/p><\/div>\n<p><!-- PIVOT END --><\/p>\n<p><em>Nota: algunos de los enlaces aqu\u00ed publicados son de afiliados y pueden reportar un beneficio.<\/em><\/p>\n<p>Im\u00e1genes | Cecotec<\/p>\n<p>En Xataka Smart Home | <a href=\"https:\/\/www.xatakahome.com\/seleccion\/ventiladores-de-pie-cual-comprar-consejos-y-recomendaciones\">Ventiladores de pie: \u00bfCu\u00e1l comprar? Consejos y recomendaciones<\/a><\/p>\n<p>En Xataka Smart Home | <a href=\"https:\/\/www.xatakahome.com\/seleccion\/ventiladores-de-pie-cual-comprar-consejos-y-recomendaciones\">Ventiladores de pie: \u00bfCu\u00e1l comprar? Consejos y recomendaciones<\/a><\/p>\n<p><script>\n (function() {\n  window._JS_MODULES = window._JS_MODULES || {};\n  var headElement = document.getElementsByTagName('head')[0];\n  if (_JS_MODULES.instagram) {\n   var instagramScript = document.createElement('script');\n   instagramScript.src = 'https:\/\/platform.instagram.com\/en_US\/embeds.js';\n   instagramScript.async = true;\n   instagramScript.defer = true;\n   headElement.appendChild(instagramScript);\n  }\n })();\n<\/script><\/p>\n<p> &#8211; <br \/> La noticia<br \/>\n      <a href=\"https:\/\/www.xatakahome.com\/seleccion\/parece-antena-ventilador-torre-aspas-carrefour-tiene-hoy-a-precio-chollo-1?utm_source=feedburner&amp;utm_medium=feed&amp;utm_campaign=17_Aug_2024\"><br \/>\n       <em> Parece una antena, pero es un ventilador de torre sin aspas y Carrefour lo tiene hoy a precio de chollo <\/em><br \/>\n      <\/a><br \/>\n      fue publicada originalmente en<br \/>\n      <a href=\"https:\/\/www.xatakahome.com\/?utm_source=feedburner&amp;utm_medium=feed&amp;utm_campaign=17_Aug_2024\"><br \/>\n       <strong> Xataka Smart Home <\/strong><br \/>\n      <\/a><br \/>\n            por <a href=\"https:\/\/www.xatakahome.com\/autor\/fran-leon?utm_source=feedburner&amp;utm_medium=feed&amp;utm_campaign=17_Aug_2024\"><br \/>\n       Fran Le\u00f3n<br \/>\n      <\/a><br \/>\n      . <\/p>\n<\/div>\n","protected":false},"excerpt":{"rendered":"<p>El verano a\u00fan no ha acabado y aunque el calor nos ha dado una tregua, quedan d\u00edas de temperaturas altas. Ahora, es el momento perfecto para conseguir productos de climatizaci\u00f3n a buen precio, bien para ahora o para tenerlos el a\u00f1o que viene y Carrefour tiene en oferta un ventilador de torres sin aspas que &hellip; <a href=\"https:\/\/domosistemas.com\/?p=25341\" class=\"more-link\">Sigue leyendo <span class=\"screen-reader-text\">Parece una antena, pero es un ventilador de torre sin aspas y Carrefour lo tiene hoy a precio de chollo<\/span><\/a><\/p>\n","protected":false},"author":1,"featured_media":0,"comment_status":"closed","ping_status":"closed","sticky":false,"template":"","format":"standard","meta":{"footnotes":""},"categories":[8],"tags":[],"class_list":["post-25341","post","type-post","status-publish","format-standard","hentry","category-xataka"],"_links":{"self":[{"href":"https:\/\/domosistemas.com\/index.php?rest_route=\/wp\/v2\/posts\/25341","targetHints":{"allow":["GET"]}}],"collection":[{"href":"https:\/\/domosistemas.com\/index.php?rest_route=\/wp\/v2\/posts"}],"about":[{"href":"https:\/\/domosistemas.com\/index.php?rest_route=\/wp\/v2\/types\/post"}],"author":[{"embeddable":true,"href":"https:\/\/domosistemas.com\/index.php?rest_route=\/wp\/v2\/users\/1"}],"replies":[{"embeddable":true,"href":"https:\/\/domosistemas.com\/index.php?rest_route=%2Fwp%2Fv2%2Fcomments&post=25341"}],"version-history":[{"count":0,"href":"https:\/\/domosistemas.com\/index.php?rest_route=\/wp\/v2\/posts\/25341\/revisions"}],"wp:attachment":[{"href":"https:\/\/domosistemas.com\/index.php?rest_route=%2Fwp%2Fv2%2Fmedia&parent=25341"}],"wp:term":[{"taxonomy":"category","embeddable":true,"href":"https:\/\/domosistemas.com\/index.php?rest_route=%2Fwp%2Fv2%2Fcategories&post=25341"},{"taxonomy":"post_tag","embeddable":true,"href":"https:\/\/domosistemas.com\/index.php?rest_route=%2Fwp%2Fv2%2Ftags&post=25341"}],"curies":[{"name":"wp","href":"https:\/\/api.w.org\/{rel}","templated":true}]}}