{"id":25343,"date":"2024-08-17T13:03:35","date_gmt":"2024-08-17T13:03:35","guid":{"rendered":"https:\/\/domosistemas.com\/?p=25343"},"modified":"2024-08-17T13:03:35","modified_gmt":"2024-08-17T13:03:35","slug":"he-calculado-cuanto-ahorras-poniendo-el-aire-acondicionado-a-27-oc-en-lugar-de-a-23-oc-este-ha-sido-el-resultado","status":"publish","type":"post","link":"https:\/\/domosistemas.com\/?p=25343","title":{"rendered":"He calculado cu\u00e1nto ahorras poniendo el aire acondicionado a 27 \u00baC en lugar de a 23 \u00baC: este ha sido el resultado"},"content":{"rendered":"<div>\n<p>\n      <img decoding=\"async\" src=\"https:\/\/i.blogs.es\/5d9463\/1366_2000448\/1024_2000.jpeg\" alt=\"He calculado cu\u00e1nto ahorras poniendo el aire acondicionado a 27 \u00baC en lugar de a 23 \u00baC: este ha sido el resultado \">\n    <\/p>\n<p>Con motivo de la crisis energ\u00e9tica la <a rel=\"noopener, noreferrer\" href=\"https:\/\/ec.europa.eu\/commission\/presscorner\/detail\/en\/ip_22_4608\" data-id=\"noopener, noreferrer\">Comisi\u00f3n Europea propuso<\/a> a los ciudadanos un ahorro durante las \u00e9pocas de verano para prepararnos de cara a evitar posibles recortes en el suministro del gas para el invierno.\u00a0<\/p>\n<p><!-- BREAK 1 --><\/p>\n<p>Fue algo a lo que se fueron sumando los diferentes gobiernos de la Uni\u00f3n, como el de Espa\u00f1a, con variadas medidas y propuestas de ahorro energ\u00e9tico, como por ejemplo la de <a rel=\"noopener, noreferrer\" href=\"https:\/\/www.elmundo.es\/espana\/2022\/07\/29\/62e40393e4d4d81c638bd062.html\" data-id=\"noopener, noreferrer\">subir el termostato del aire acondicionado<\/a> <strong>a una temperatura de 27<\/strong> grados o que la calefacci\u00f3n no pueda estar por encima de los <strong>19 grados en invierno<\/strong>.<\/p>\n<p><!-- BREAK 2 --><\/p>\n<p>Es una medida para entornos p\u00fablicos y que no se aplica de forma obligatoria a los hogares, aunque s\u00ed se recomienda, teniendo como objetivo conseguir <strong>reducir en un 7% el consumo de gas<\/strong> a nivel nacional. Pero, \u00bf<strong>cu\u00e1nto podemos realmente ahorrar<\/strong> en casa si por ejemplo seguimos esta propuesta de <strong>mantener el aire a condicionado a 27 grados<\/strong>?<\/p>\n<p><!-- BREAK 3 --><\/p>\n<div class=\"toc-container article-asset-normal\">\n<details>\n<summary class=\"toc-header \">\n   <span class=\"toc-heading\"><br \/>\n    <span>\u00cdndice de Contenidos (3)<\/span><br \/>\n   <\/span><br \/>\n   <span class=\"icon-folded\"><\/span><br \/>\n  <\/summary>\n<\/details>\n<div class=\"toc-list-wrap \">\n<div class=\"toc-list-item\">\n<ul class=\"toc-list\">\n<li class=\"toc-item\">\n       <a href=\"https:\/\/www.xatakahome.com\/#cambiando-temperatura-ideal-casa-1\" class=\"toc-item-link\">Cambiando la temperatura ideal en casa<\/a>\n      <\/li>\n<li class=\"toc-item\">\n       <a href=\"https:\/\/www.xatakahome.com\/#calculando-coste-usar-aire-a-temperatura-ideal-2\" class=\"toc-item-link\">Calculando el coste de usar el aire a la temperatura ideal<\/a>\n      <\/li>\n<li class=\"toc-item\">\n       <a href=\"https:\/\/www.xatakahome.com\/#calculando-ahorro-subir-4-grados-termostato-3\" class=\"toc-item-link\">Calculando el ahorro por subir 4 grados en el termostato<\/a>\n      <\/li>\n<\/ul><\/div>\n<\/p><\/div>\n<\/div>\n<div class=\"article-asset article-asset-normal article-asset-center\">\n<div class=\"desvio-container\">\n<div class=\"desvio\">\n<div class=\"desvio-figure js-desvio-figure\">\n    <a href=\"https:\/\/www.xatakahome.com\/electrodomesticos-innovadores\/como-preparar-aire-acondicionado-para-verano-cambiando-limpiando-filtros\"><br \/>\n     <img loading=\"lazy\" decoding=\"async\" alt=\"Como preparar el aire acondicionado para el verano, cambiando o limpiando los filtros\" width=\"375\" height=\"142\" src=\"https:\/\/i.blogs.es\/551898\/aire\/375_142.webp\" onerror='this.src=\"https:\/\/i.blogs.es\/551898\/aire\/375_142.jpeg\"'><br \/>\n    <\/a>\n   <\/div>\n<div class=\"desvio-summary\">\n<div class=\"desvio-taxonomy js-desvio-taxonomy\">\n     <a href=\"https:\/\/www.xatakahome.com\/electrodomesticos-innovadores\/como-preparar-aire-acondicionado-para-verano-cambiando-limpiando-filtros\" class=\"desvio-taxonomy-anchor\">En Xataka Smart Home<\/a>\n    <\/div>\n<p>    <a href=\"https:\/\/www.xatakahome.com\/electrodomesticos-innovadores\/como-preparar-aire-acondicionado-para-verano-cambiando-limpiando-filtros\" class=\"desvio-title js-desvio-title\">Como preparar el aire acondicionado para el verano, cambiando o limpiando los filtros<\/a>\n   <\/div>\n<\/p><\/div>\n<\/p><\/div>\n<\/div>\n<h2 id=\"cambiando-temperatura-ideal-casa-1\" class=\"toc-enabled\"><span class=\"toc-shortcut-icon\" title=\"Ver \u00cdndice de contenido\"><\/span>Cambiando la temperatura ideal en casa<\/h2>\n<div class=\"article-asset-image article-asset-normal article-asset-center\">\n<div class=\"asset-content\">\n<div class=\"caption-img \">\n<p>   <img decoding=\"async\" alt=\"LG\" class=\"centro_sinmarco\" src=\"https:\/\/i.blogs.es\/78b0dd\/1366_2000lg\/450_1000.webp\"><\/p>\n<p>        <span>Imagen: LG<\/span>\n   <\/div>\n<\/p><\/div>\n<\/div>\n<p>Como ya <a href=\"https:\/\/www.xatakahome.com\/electrodomesticos-innovadores\/esta-temperatura-ideal-aire-acondicionado-para-ahorrar-factura-luz-pasar-calor-verano\">vimos en su d\u00eda<\/a>, la temperatura ideal se sit\u00faa <strong>entre los 23 y 25 grados<\/strong> para la \u00e9poca de verano, suponiendo que no estamos realizando ninguna actividad f\u00edsica en el interior de casa. As\u00ed, consideraremos que ten\u00edamos en casa la temperatura ideal de 23 grados y que ahora vamos a poner el termostato a 27 grados, lo que suponen <strong>unos 4 grados de diferencia<\/strong>.<\/p>\n<p><!-- BREAK 4 --><\/p>\n<div class=\"article-asset-image article-asset-normal article-asset-center\">\n<div class=\"asset-content\">\n<p>   <img decoding=\"async\" alt=\"temperatura\" class=\"\" src=\"https:\/\/i.blogs.es\/c73ca1\/1366_2000lgtemperatura-ideal\/450_1000.webp\"><\/p><\/div>\n<\/div>\n<p>\u00bfCu\u00e1nto se gasta de menos por cada grado que subimos la temperatura del aire acondicionado o que bajamos la calefacci\u00f3n? Pues aqu\u00ed hay varias cifras dependiendo del estudio que consultemos, aunque en general todos coinciden en valores que van <a rel=\"noopener, noreferrer\" href=\"https:\/\/www.midea.es\/blog\/cual-es-la-temperatura-ideal-para-ahorrar-en-el-aire-acondicionado\/\" data-id=\"noopener, noreferrer\">del 8% que dan algunos fabricantes<\/a> al <a rel=\"noopener, noreferrer\" href=\"https:\/\/www.miteco.gob.es\/es\/ceneam\/carpeta-informativa-del-ceneam\/novedades\/ahorrar-calefaccion-medidas-efectivas-baratas.aspx\" data-id=\"noopener, noreferrer\">10% seg\u00fan el Ministerio para la Transici\u00f3n Ecol\u00f3gica y el Reto Demogr\u00e1fico<\/a>. Para simplificar nuestros c\u00e1lculos <strong>tomaremos como referencia este 10%<\/strong> de gasto extra por cada grado que variamos artificialmente la temperatura en casa.<\/p>\n<p><!-- BREAK 5 --><\/p>\n<p>Supondremos tambi\u00e9n que contamos con un modelo de aire acondicionado de gama media de entre 2.000 y 3.000 frigor\u00edas con un consumo el\u00e9ctrico medio que suele situarse entre los 700 y 1.200 vatios, por lo que escogeremos <strong>una cifra intermedia de 1.000 vatios (1 KWh)<\/strong> a pleno rendimiento para hacer los c\u00e1lculos. Puede que el modelo concreto que tengamos en casa supere esta cifra o quede por debajo, dependiendo de su eficiencia, de la tecnolog\u00eda que monte y de los a\u00f1os que tenga.<\/p>\n<p><!-- BREAK 6 --><\/p>\n<h2 id=\"calculando-coste-usar-aire-a-temperatura-ideal-2\" class=\"toc-enabled\"><span class=\"toc-shortcut-icon\" title=\"Ver \u00cdndice de contenido\"><\/span>Calculando el coste de usar el aire a la temperatura ideal<\/h2>\n<p>Para ver el coste medio lo primero que tenemos que hacer es averiguar el precio por cada KWh de la electricidad que vamos a consumir, cifra que varia cada hora del d\u00eda y que depender\u00e1 de cada compa\u00f1\u00eda el\u00e9ctrica, pero que podemos promediar con los datos de las \u00faltimas semanas para el horario de tarde (a partir de las 12:00 que es cuando empieza el calor) y atendiendo a lo marcado en la <a rel=\"noopener, noreferrer\" href=\"https:\/\/www.esios.ree.es\/es\/pvpc\" data-id=\"noopener, noreferrer\">p\u00e1gina web de la Red El\u00e9ctrica Espa\u00f1ola<\/a> con un <strong>valor medio de unos 0,14\u20ac\/kWh<\/strong>, precio en bruto al que habr\u00e1 que sumar posteriormente impuestos cuando nos llegue el importe real en la factura.<\/p>\n<p><!-- BREAK 7 --><\/p>\n<div class=\"article-asset-image article-asset-normal article-asset-center\">\n<div class=\"asset-content\">\n<div class=\"caption-img \">\n<p>   <img decoding=\"async\" alt=\"precio luz\" class=\"centro_sinmarco\" src=\"https:\/\/i.blogs.es\/d61498\/1366_2000precio-luz\/450_1000.webp\"><\/p>\n<p>        <span>Imagen: CNMC<\/span>\n   <\/div>\n<\/p><\/div>\n<\/div>\n<p>Tambi\u00e9n vamos a considerar que, si se trata de un dispositivo con compresor de tipo Inverter, o un modelo con funcionamiento inteligente, ser\u00e1 mucho m\u00e1s eficiente ya que no estar\u00e1 todo el rato funcionando a la m\u00e1xima potencia, sino que tendr\u00e1 ciclos intermedios con un consumo mucho m\u00e1s reducido que <strong>bajar\u00e1 f\u00e1cilmente del 50%<\/strong>.<\/p>\n<p><!-- BREAK 8 --><\/p>\n<p>Teniendo en cuenta todo esto, suponemos que nuestro aparato de aire acondicionado de 1 kWh estar\u00e1 encendido cada d\u00eda 10 horas para alcanzar esa temperatura ideal de 23 grados, lo que son 10 kWh con un coste de <strong>0,14 \u20ac\/kWh<\/strong>. Esto supone aproximadamente <strong>1,4 euros diario<\/strong>. Si multiplicamos por 31 d\u00edas hallamos el importe para el total del mes que asciende a unos <strong>43,4 euros<\/strong>.<\/p>\n<p><!-- BREAK 9 --><\/p>\n<p>Recordemos que esta cifra es en el peor de los casos con un aire que est\u00e1 funcionando sin descansar a plena potencia, situaci\u00f3n que no se da salvo que haya temperaturas muy, muy elevadas y con una vivienda muy mal aislada, por lo que en un caso real con un <a href=\"https:\/\/www.xatakahome.com\/a-fondo\/electrodomesticos-tecnologia-inverter-que-que-ventajas-tienen-que-conviene-comprarlos\">equipo de tipo inverter<\/a> relativamente moderno podemos aproximar una cifra media m\u00e1s realista tomando aproximadamente el 50% de esa cantidad, lo que supone unos <strong>21,7 euros al mes a la temperatura ideal de 23 grados.<\/strong><\/p>\n<p><!-- BREAK 10 --><\/p>\n<div class=\"article-asset-video article-asset-normal\">\n<div class=\"asset-content\">\n<div class=\"base-asset-video\">\n<div class=\"js-dailymotion\">\n    <script type=\"application\/json\">\n                          {\"videoId\":\"x8006fc\",\"autoplay\":true,\"title\":\"C\u00f3mo dormir cuando hace mucho calor y no tienes aire acondicionado\", \"tag\":\"\", \"duration\":\"217\"}\n                  <\/script>\n   <\/div>\n<\/p><\/div>\n<\/p><\/div>\n<\/div>\n<h2 id=\"calculando-ahorro-subir-4-grados-termostato-3\" class=\"toc-enabled\"><span class=\"toc-shortcut-icon\" title=\"Ver \u00cdndice de contenido\"><\/span>Calculando el ahorro por subir 4 grados en el termostato<\/h2>\n<p>Y si ahora subimos cuatro grados m\u00e1s hasta los 27 grados, \u00bfqu\u00e9 pasar\u00e1? Pues que en general, el aparato va a trabajar menos tiempo a plena potencia y pasar\u00e1 muchos m\u00e1s minutos con el compresor parado o funcionando al m\u00ednimo. De ah\u00ed lo de que ahorramos un 10% por cada grado que subamos.<\/p>\n<p><!-- BREAK 11 --><\/p>\n<p>Considerando este valor del <strong>10% de ahorro en energ\u00eda<\/strong> por cada grado, podemos calcular entonces cu\u00e1l es el ahorro total para un cierto n\u00famero de grados, algo que en general no podemos hacer directamente multiplicando dicho n\u00famero de grados por 10.<\/p>\n<p><!-- BREAK 12 --><\/p>\n<div class=\"article-asset-image article-asset-normal article-asset-center\">\n<div class=\"asset-content\">\n<p>   <img decoding=\"async\" alt=\"tabla ahorro\" class=\"\" src=\"https:\/\/i.blogs.es\/7234bf\/1366_2000tabla-ahorro\/450_1000.webp\"><\/p><\/div>\n<\/div>\n<p>Para ello lo que hay que hacer es restar al porcentaje total de energ\u00eda consumida <strong>el ahorro por cada grado bajado<\/strong> (que en este caso suponemos es del 10%) y al final restar del 100% para que nos d\u00e9 el valor de ahorro, como podemos ver en la tabla sobre este p\u00e1rrafo. Para los famosos cuatro grados observamos que <strong>el ahorro total ronda el 34,4%<\/strong> \u00bfSupone mucho?<\/p>\n<p><!-- BREAK 13 --><\/p>\n<p>Si suponemos que nuestro gasto en energ\u00eda era de 21,7 euros al mes, el ahorro del 34,4% se traduce en <strong>un importe de 7,46 euros al mes<\/strong>. Todo esto por cada aparato de aire que tengamos en casa, por lo que si hay varios deber\u00edamos multiplicar por el n\u00famero de ellos para encontrar el ahorro total.<\/p>\n<p><!-- BREAK 14 --><\/p>\n<p>Imagen portada | TCL<\/p>\n<p>En Xataka Smart Home | <a href=\"https:\/\/www.xatakahome.com\/hogar\/esta-temperatura-ideal-aire-acondicionado-para-ahorrar-factura-luz-pasar-calor-verano-2\">Esta es la temperatura ideal del aire acondicionado para ahorrar en la factura de la luz sin pasar calor en verano<\/a><\/p>\n<p><script>\n (function() {\n  window._JS_MODULES = window._JS_MODULES || {};\n  var headElement = document.getElementsByTagName('head')[0];\n  if (_JS_MODULES.instagram) {\n   var instagramScript = document.createElement('script');\n   instagramScript.src = 'https:\/\/platform.instagram.com\/en_US\/embeds.js';\n   instagramScript.async = true;\n   instagramScript.defer = true;\n   headElement.appendChild(instagramScript);\n  }\n })();\n<\/script><\/p>\n<p> &#8211; <br \/> La noticia<br \/>\n      <a href=\"https:\/\/www.xatakahome.com\/hogar\/he-calculado-cuanto-ahorras-poniendo-aire-acondicionado-a-27-oc-lugar-a-23-oc-este-ha-sido-resultado?utm_source=feedburner&amp;utm_medium=feed&amp;utm_campaign=17_Aug_2024\"><br \/>\n       <em> He calculado cu\u00e1nto ahorras poniendo el aire acondicionado a 27 \u00baC en lugar de a 23 \u00baC: este ha sido el resultado  <\/em><br \/>\n      <\/a><br \/>\n      fue publicada originalmente en<br \/>\n      <a href=\"https:\/\/www.xatakahome.com\/?utm_source=feedburner&amp;utm_medium=feed&amp;utm_campaign=17_Aug_2024\"><br \/>\n       <strong> Xataka Smart Home <\/strong><br \/>\n      <\/a><br \/>\n            por <a href=\"https:\/\/www.xatakahome.com\/autor\/paco-rodriguez?utm_source=feedburner&amp;utm_medium=feed&amp;utm_campaign=17_Aug_2024\"><br \/>\n       Paco Rodriguez<br \/>\n      <\/a><br \/>\n      . <\/p>\n<\/div>\n","protected":false},"excerpt":{"rendered":"<p>Con motivo de la crisis energ\u00e9tica la Comisi\u00f3n Europea propuso a los ciudadanos un ahorro durante las \u00e9pocas de verano para prepararnos de cara a evitar posibles recortes en el suministro del gas para el invierno.\u00a0 Fue algo a lo que se fueron sumando los diferentes gobiernos de la Uni\u00f3n, como el de Espa\u00f1a, con &hellip; <a href=\"https:\/\/domosistemas.com\/?p=25343\" class=\"more-link\">Sigue leyendo <span class=\"screen-reader-text\">He calculado cu\u00e1nto ahorras poniendo el aire acondicionado a 27 \u00baC en lugar de a 23 \u00baC: este ha sido el resultado<\/span><\/a><\/p>\n","protected":false},"author":1,"featured_media":0,"comment_status":"closed","ping_status":"closed","sticky":false,"template":"","format":"standard","meta":{"footnotes":""},"categories":[8],"tags":[],"class_list":["post-25343","post","type-post","status-publish","format-standard","hentry","category-xataka"],"_links":{"self":[{"href":"https:\/\/domosistemas.com\/index.php?rest_route=\/wp\/v2\/posts\/25343","targetHints":{"allow":["GET"]}}],"collection":[{"href":"https:\/\/domosistemas.com\/index.php?rest_route=\/wp\/v2\/posts"}],"about":[{"href":"https:\/\/domosistemas.com\/index.php?rest_route=\/wp\/v2\/types\/post"}],"author":[{"embeddable":true,"href":"https:\/\/domosistemas.com\/index.php?rest_route=\/wp\/v2\/users\/1"}],"replies":[{"embeddable":true,"href":"https:\/\/domosistemas.com\/index.php?rest_route=%2Fwp%2Fv2%2Fcomments&post=25343"}],"version-history":[{"count":0,"href":"https:\/\/domosistemas.com\/index.php?rest_route=\/wp\/v2\/posts\/25343\/revisions"}],"wp:attachment":[{"href":"https:\/\/domosistemas.com\/index.php?rest_route=%2Fwp%2Fv2%2Fmedia&parent=25343"}],"wp:term":[{"taxonomy":"category","embeddable":true,"href":"https:\/\/domosistemas.com\/index.php?rest_route=%2Fwp%2Fv2%2Fcategories&post=25343"},{"taxonomy":"post_tag","embeddable":true,"href":"https:\/\/domosistemas.com\/index.php?rest_route=%2Fwp%2Fv2%2Ftags&post=25343"}],"curies":[{"name":"wp","href":"https:\/\/api.w.org\/{rel}","templated":true}]}}