{"id":25401,"date":"2024-08-27T10:19:46","date_gmt":"2024-08-27T10:19:46","guid":{"rendered":"https:\/\/domosistemas.com\/?p=25401"},"modified":"2024-08-27T10:19:46","modified_gmt":"2024-08-27T10:19:46","slug":"los-nuevos-proyectores-laser-4k-de-samsung-llegan-con-sonido-y-smart-tv-integrados-para-montar-un-cine-en-casa-de-130","status":"publish","type":"post","link":"https:\/\/domosistemas.com\/?p=25401","title":{"rendered":"Los nuevos proyectores l\u00e1ser 4K de Samsung llegan con sonido y Smart TV integrados para montar un cine en casa de 130&#8243;"},"content":{"rendered":"<div>\n<p>\n      <img decoding=\"async\" src=\"https:\/\/i.blogs.es\/d4ae9a\/the-premiere-9-4\/1024_2000.jpeg\" alt='Los nuevos proyectores l\u00e1ser 4K de Samsung llegan con sonido y Smart TV integrados para montar un cine en casa de 130\"'>\n    <\/p>\n<p>A la hora de montar un cine en casa <strong>los proyectores<\/strong> siguen siendo la mejor alternativa si queremos pantallas por encima de las <strong>100 pulgadas<\/strong> y vamos a usarlos en entornos con luz ambiental cercana a cero.<\/p>\n<p><!-- BREAK 1 --><\/p>\n<p>En este sentido, los modelos de <strong>tiro corto y ultracorto<\/strong> han ido cobrando especial inter\u00e9s entre los fabricantes, y uno que ha puesto toda la carne en el asador ha sido Samsung, que lleva ya varios a\u00f1os con <a href=\"https:\/\/www.xatakahome.com\/televisores\/samsung-the-premiere-llega-a-espana-proyector-tiro-ultracorto-laser-4k-hdr10-sonido-integrado-130-pulgadas\">modelos interesantes<\/a> en el mercado y que ahora va a actualizar su gama con dos interesantes nuevos equipos.<\/p>\n<p><!-- BREAK 2 --><\/p>\n<p><strong>Samsung Electronics<\/strong> ha anunciado el lanzamiento de sus \u00faltimas innovaciones en proyectores para cine en casa bajo el nombre de <strong>The Premiere 9 y The Premiere 7<\/strong>, dos modelos de tiro ultracorto con resoluci\u00f3n 4K, audio envolvente y otras funciones avanzadas.<\/p>\n<p><!-- BREAK 3 --><\/p>\n<div class=\"article-asset article-asset-normal article-asset-center\">\n<div class=\"desvio-container\">\n<div class=\"desvio\">\n<div class=\"desvio-figure js-desvio-figure\">\n    <a href=\"https:\/\/www.xatakahome.com\/televisores\/teles-gigantes-estan-comiendo-terreno-a-proyectores-que-cines-se-libran-hdr-clave\"><br \/>\n     <img loading=\"lazy\" decoding=\"async\" alt=\"Las teles gigantes est\u00e1n comiendo tanto terreno a los proyectores que ni los cines se libran: el HDR es la clave\" width=\"375\" height=\"142\" src=\"https:\/\/i.blogs.es\/622743\/11\/375_142.webp\" onerror='this.src=\"https:\/\/i.blogs.es\/622743\/11\/375_142.jpeg\"'><br \/>\n    <\/a>\n   <\/div>\n<div class=\"desvio-summary\">\n<div class=\"desvio-taxonomy js-desvio-taxonomy\">\n     <a href=\"https:\/\/www.xatakahome.com\/televisores\/teles-gigantes-estan-comiendo-terreno-a-proyectores-que-cines-se-libran-hdr-clave\" class=\"desvio-taxonomy-anchor\">En Xataka Smart Home<\/a>\n    <\/div>\n<p>    <a href=\"https:\/\/www.xatakahome.com\/televisores\/teles-gigantes-estan-comiendo-terreno-a-proyectores-que-cines-se-libran-hdr-clave\" class=\"desvio-title js-desvio-title\">Las teles gigantes est\u00e1n comiendo tanto terreno a los proyectores que ni los cines se libran: el HDR es la clave<\/a>\n   <\/div>\n<\/p><\/div>\n<\/p><\/div>\n<\/div>\n<h2>Samsung The Premiere 9 y The Premiere 7, caracter\u00edsticas t\u00e9cnicas<\/h2>\n<div class=\"article-asset-table article-asset-normal m-hr-scroll\">\n<div class=\"asset-content\">\n<table class=\"tabla-datos\">\n<thead>\n<tr>\n<th class=\"align-left\">\n<p><\/p>\n<\/th>\n<th class=\"align-left\">\n<p>Samsung The Premiere 9<\/p>\n<\/th>\n<th class=\"align-left\">\n<p>Samsung The Premiere 7<\/p>\n<\/th>\n<\/tr>\n<\/thead>\n<tbody>\n<tr>\n<th class=\"align-left\">\n<p>Tipo de equipo<\/p>\n<\/th>\n<td class=\"align-left\">\n<p>Proyector tiro ultracorto<\/p>\n<\/td>\n<td class=\"align-left\">\n<p>Proyector tiro ultracorto<\/p>\n<\/td>\n<\/tr>\n<tr>\n<th class=\"align-left\">\n<p>Sistema proyecci\u00f3n<\/p>\n<\/th>\n<td class=\"align-left\">\n<p>DLP<\/p>\n<\/td>\n<td class=\"align-left\">\n<p>DLP<\/p>\n<\/td>\n<\/tr>\n<tr>\n<th class=\"align-left\">\n<p>Fuente de l\u00faz<\/p>\n<\/th>\n<td class=\"align-left\">\n<p>L\u00e1ser triple<\/p>\n<\/td>\n<td class=\"align-left\">\n<p>L\u00e1ser<\/p>\n<\/td>\n<\/tr>\n<tr>\n<th class=\"align-left\">\n<p>Resoluci\u00f3n<\/p>\n<\/th>\n<td class=\"align-left\">\n<p>4K HDR10+<\/p>\n<\/td>\n<td class=\"align-left\">\n<p>4K HDR10+<\/p>\n<\/td>\n<\/tr>\n<tr>\n<th class=\"align-left\">\n<p>Gama crom\u00e1tica<\/p>\n<\/th>\n<td class=\"align-left\">\n<p>154 % del est\u00e1ndar DCI-P3<\/p>\n<\/td>\n<td class=\"align-left\">\n<p>100 % del est\u00e1ndar DCI-P3<\/p>\n<\/td>\n<\/tr>\n<tr>\n<th class=\"align-left\">\n<p>Brillo<\/p>\n<\/th>\n<td class=\"align-left\">\n<p>3.450 ISO l\u00famenes<\/p>\n<\/td>\n<td class=\"align-left\">\n<p>2.500 ISO l\u00famenes<\/p>\n<\/td>\n<\/tr>\n<tr>\n<th class=\"align-left\">\n<p>Smart TV<\/p>\n<\/th>\n<td class=\"align-left\">\n<p>Tizen OS Home<\/p>\n<\/td>\n<td class=\"align-left\">\n<p>Tizen OS Home<\/p>\n<\/td>\n<\/tr>\n<tr>\n<th class=\"align-left\">\n<p>Funciones extra<\/p>\n<\/th>\n<td class=\"align-left\">\n<p>Escalado por IA, Vision Booster, Samsung Gaming Hub, Custom Ambient<\/p>\n<\/td>\n<td class=\"align-left\">\n<p>Escalado por IA, Vision Booster, Samsung Gaming Hub, Custom Ambient<\/p>\n<\/td>\n<\/tr>\n<tr>\n<th class=\"align-left\">\n<p>Sonido<\/p>\n<\/th>\n<td class=\"align-left\">\n<p>40 W y 2.2.2 canales<\/p>\n<\/td>\n<td class=\"align-left\">\n<p>30 W y 2.2 canales<\/p>\n<\/td>\n<\/tr>\n<tr>\n<th class=\"align-left\">\n<p>Precio<\/p>\n<\/th>\n<td class=\"align-left\">\n<p>5.999 d\u00f3lares<\/p>\n<\/td>\n<td class=\"align-left\">\n<p>2.999 d\u00f3lares\u00a0<\/p>\n<\/td>\n<\/tr>\n<\/tbody>\n<\/table><\/div>\n<\/div>\n<div class=\"article-asset-image article-asset-normal article-asset-center\">\n<div class=\"asset-content\">\n<p>   <img decoding=\"async\" alt=\"The Premiere 9 1\" class=\"centro_sinmarco\" src=\"https:\/\/i.blogs.es\/618638\/the-premiere-9-1\/450_1000.webp\"><\/p><\/div>\n<\/div>\n<p>Presentan un <strong>dise\u00f1o minimalista<\/strong> en blanco c\u00e1lido con bordes redondeados y un acabado en tejido de Kvadrat, ofreciendo un tama\u00f1o compacto y facilidad de instalaci\u00f3n siempre que contemos con el hueco suficiente en el mueble bajo la pantalla.<\/p>\n<p><!-- BREAK 4 --><\/p>\n<p><strong>The Premiere 9<\/strong> incorpora <strong>tecnolog\u00eda triple l\u00e1ser <\/strong>para mejorar la precisi\u00f3n del color y el brillo, mientras que ambos modelos ofrecen capacidad de tiro ultracorto y resoluci\u00f3n 4K en pantallas de <strong>hasta 130 pulgadas<\/strong> con una amplitud de gama crom\u00e1tica del 154 % y del 100 % del est\u00e1ndar DCI-P3 respectivamente.<\/p>\n<p><!-- BREAK 5 --><\/p>\n<div class=\"article-asset-image article-asset-normal article-asset-center\">\n<div class=\"asset-content\">\n<p>   <img decoding=\"async\" alt=\"The Premiere 9 2\" class=\"centro_sinmarco\" src=\"https:\/\/i.blogs.es\/ca810d\/the-premiere-9-2\/450_1000.webp\"><\/p><\/div>\n<\/div>\n<p>Los dos son compatibles con <strong>HDR10+<\/strong>, tienen un brillo m\u00e1ximo de <strong>3.450 ISO l\u00famenes<\/strong> para The Premiere 9 y <strong>2.500 ISO l\u00famenes<\/strong> para The Premiere 7 y est\u00e1n equipados con mejoras de imagen a trav\u00e9s de Inteligencia Artificial (IA), como <strong>Escalado por IA y Vision Booster<\/strong>, que ajusta autom\u00e1ticamente el brillo y el contraste en diversas condiciones de iluminaci\u00f3n para obtener una calidad de imagen \u00f3ptima.<\/p>\n<p><!-- BREAK 6 --><\/p>\n<p>Los altavoces integrados con tecnolog\u00eda Dolby Atmos de ambos modelos \u00a0proporcionan <strong>40 W y 2.2.2 canales<\/strong> en el modelo The Premiere 9, mientras que The Premiere 7 incluye altavoces de <strong>30 W y 2.2 canales<\/strong> con lo que podemos prescindir de una barra de sonido en el uso diario.<\/p>\n<p><!-- BREAK 7 --><\/p>\n<div class=\"article-asset-image article-asset-normal article-asset-center\">\n<div class=\"asset-content\">\n<p>   <img decoding=\"async\" alt=\"The Premiere 9 3\" class=\"centro_sinmarco\" src=\"https:\/\/i.blogs.es\/967d4b\/the-premiere-9-3\/450_1000.webp\"><\/p><\/div>\n<\/div>\n<p>Los nuevos proyectores llegan con <strong>Samsung Tizen OS Home<\/strong>, ofreciendo as\u00ed acceso a una amplia gama de servicios de streaming, incluyendo Samsung TV Plus, Netflix, YouTube, Amazon Prime Video y m\u00e1s. Tambi\u00e9n cuentan con <strong>Samsung Gaming Hub <\/strong>para acceder a videojuegos sin necesidad de una consola, directamente desde la nube directamente y a trav\u00e9s del proyector.<\/p>\n<p><!-- BREAK 8 --><\/p>\n<p>Tambi\u00e9n contar\u00e1n con <strong>Custom Ambient<\/strong>, funci\u00f3n que ofrece decoraciones personalizadas para el hogar mediante la proyecci\u00f3n de diversos widgets en la proyecci\u00f3n. Los usuarios pueden combinar fotos, v\u00eddeos y widgets libremente a trav\u00e9s de la aplicaci\u00f3n SmartThings en sus tel\u00e9fonos m\u00f3viles.<\/p>\n<p><!-- BREAK 9 --><\/p>\n<p>Los usuarios pueden compartir contenidos desde sus smartphones a la gran pantalla con <strong>Tap View y Mirroring <\/strong>para la pantalla del smartphone o tablet a distancia, mientras que la compatibilidad con el asistente de voz integrado permite \u00a0controlar el proyector y otros dispositivos conectados con comandos de voz.<\/p>\n<p><!-- BREAK 10 --><\/p>\n<div class=\"article-asset-video article-asset-normal\">\n<div class=\"asset-content\">\n<div class=\"base-asset-video\">\n<div class=\"js-dailymotion\">\n    <script type=\"application\/json\">\n                          {\"videoId\":\"x7zw7r5\",\"autoplay\":true,\"title\":\"MicroLED, MiniLED, OLED, QLED... Aclarando el JALEO de TECNOLOGI\u0301AS de TV\", \"tag\":\"\", \"duration\":\"328\"}\n                  <\/script>\n   <\/div>\n<\/p><\/div>\n<\/p><\/div>\n<\/div>\n<h2>Precio y disponibilidad<\/h2>\n<p>Los nuevos proyectores <strong>The Premiere 9 y The Premiere 7<\/strong> ya est\u00e1n a la venta en la tienda online oficial de Samsung y en puntos de venta seleccionados de Estados Unidos, Canad\u00e1 y China.<\/p>\n<p><!-- BREAK 11 --><\/p>\n<p>El lanzamiento continuar\u00e1 en otras regiones a finales de este a\u00f1o. En cuanto a los precios, <strong>The Premiere 7 cuesta 2.999 d\u00f3lares y The Premiere 9 \u00a05.999 d\u00f3lares <\/strong>a los que habr\u00e1 que sumar impuestos cuando leguen a Espa\u00f1a.<\/p>\n<p><!-- BREAK 12 --><\/p>\n<p>M\u00e1s informaci\u00f3n | <a rel=\"noopener, noreferrer\" href=\"https:\/\/news.samsung.com\/es\/samsung-lanza-los-proyectores-the-premiere-9-y-the-premiere-7-que-llevan-la-tecnologia-laser-de-ultima-generacion-al-salon-de-casa\">Samsung<\/a><\/p>\n<p>En Xataka Smart Home | <a href=\"https:\/\/www.xatakahome.com\/televisores\/teles-gigantes-estan-comiendo-terreno-a-proyectores-que-cines-se-libran-hdr-clave\">Las teles gigantes est\u00e1n comiendo tanto terreno a los proyectores que ni los cines se libran: el HDR es la clave<\/a><\/p>\n<p><script>\n (function() {\n  window._JS_MODULES = window._JS_MODULES || {};\n  var headElement = document.getElementsByTagName('head')[0];\n  if (_JS_MODULES.instagram) {\n   var instagramScript = document.createElement('script');\n   instagramScript.src = 'https:\/\/platform.instagram.com\/en_US\/embeds.js';\n   instagramScript.async = true;\n   instagramScript.defer = true;\n   headElement.appendChild(instagramScript);\n  }\n })();\n<\/script><\/p>\n<p> &#8211; <br \/> La noticia<br \/>\n      <a href=\"https:\/\/www.xatakahome.com\/televisores\/samsung-the-premiere-9-the-premiere-7-caracteristicas-precio-ficha-tecnica?utm_source=feedburner&amp;utm_medium=feed&amp;utm_campaign=27_Aug_2024\"><br \/>\n       <em> Los nuevos proyectores l\u00e1ser 4K de Samsung llegan con sonido y Smart TV integrados para montar un cine en casa de 130&#8243; <\/em><br \/>\n      <\/a><br \/>\n      fue publicada originalmente en<br \/>\n      <a href=\"https:\/\/www.xatakahome.com\/?utm_source=feedburner&amp;utm_medium=feed&amp;utm_campaign=27_Aug_2024\"><br \/>\n       <strong> Xataka Smart Home <\/strong><br \/>\n      <\/a><br \/>\n            por <a href=\"https:\/\/www.xatakahome.com\/autor\/paco-rodriguez?utm_source=feedburner&amp;utm_medium=feed&amp;utm_campaign=27_Aug_2024\"><br \/>\n       Paco Rodriguez<br \/>\n      <\/a><br \/>\n      . <\/p>\n<\/div>\n","protected":false},"excerpt":{"rendered":"<p>A la hora de montar un cine en casa los proyectores siguen siendo la mejor alternativa si queremos pantallas por encima de las 100 pulgadas y vamos a usarlos en entornos con luz ambiental cercana a cero. En este sentido, los modelos de tiro corto y ultracorto han ido cobrando especial inter\u00e9s entre los fabricantes, &hellip; <a href=\"https:\/\/domosistemas.com\/?p=25401\" class=\"more-link\">Sigue leyendo <span class=\"screen-reader-text\">Los nuevos proyectores l\u00e1ser 4K de Samsung llegan con sonido y Smart TV integrados para montar un cine en casa de 130&#8243;<\/span><\/a><\/p>\n","protected":false},"author":1,"featured_media":0,"comment_status":"closed","ping_status":"closed","sticky":false,"template":"","format":"standard","meta":{"footnotes":""},"categories":[8],"tags":[],"class_list":["post-25401","post","type-post","status-publish","format-standard","hentry","category-xataka"],"_links":{"self":[{"href":"https:\/\/domosistemas.com\/index.php?rest_route=\/wp\/v2\/posts\/25401","targetHints":{"allow":["GET"]}}],"collection":[{"href":"https:\/\/domosistemas.com\/index.php?rest_route=\/wp\/v2\/posts"}],"about":[{"href":"https:\/\/domosistemas.com\/index.php?rest_route=\/wp\/v2\/types\/post"}],"author":[{"embeddable":true,"href":"https:\/\/domosistemas.com\/index.php?rest_route=\/wp\/v2\/users\/1"}],"replies":[{"embeddable":true,"href":"https:\/\/domosistemas.com\/index.php?rest_route=%2Fwp%2Fv2%2Fcomments&post=25401"}],"version-history":[{"count":0,"href":"https:\/\/domosistemas.com\/index.php?rest_route=\/wp\/v2\/posts\/25401\/revisions"}],"wp:attachment":[{"href":"https:\/\/domosistemas.com\/index.php?rest_route=%2Fwp%2Fv2%2Fmedia&parent=25401"}],"wp:term":[{"taxonomy":"category","embeddable":true,"href":"https:\/\/domosistemas.com\/index.php?rest_route=%2Fwp%2Fv2%2Fcategories&post=25401"},{"taxonomy":"post_tag","embeddable":true,"href":"https:\/\/domosistemas.com\/index.php?rest_route=%2Fwp%2Fv2%2Ftags&post=25401"}],"curies":[{"name":"wp","href":"https:\/\/api.w.org\/{rel}","templated":true}]}}