{"id":25416,"date":"2024-08-28T18:34:51","date_gmt":"2024-08-28T18:34:51","guid":{"rendered":"https:\/\/domosistemas.com\/?p=25416"},"modified":"2024-08-28T18:34:51","modified_gmt":"2024-08-28T18:34:51","slug":"endesa-bosch-y-lg-responden-sobre-si-los-imanes-que-colocamos-en-el-frigorifico-aumentan-el-consumo-y-explican-que-influye-mas","status":"publish","type":"post","link":"https:\/\/domosistemas.com\/?p=25416","title":{"rendered":"Endesa, Bosch y LG responden sobre si los imanes que colocamos en el frigor\u00edfico aumentan el consumo. Y explican qu\u00e9 influye m\u00e1s"},"content":{"rendered":"<div>\n<p>\n      <img decoding=\"async\" src=\"https:\/\/i.blogs.es\/15f107\/frigorifico\/1024_2000.jpeg\" alt=\"Endesa, Bosch y LG responden sobre si los imanes que colocamos en el frigor\u00edfico aumentan el consumo. Y explican qu\u00e9 influye m\u00e1s\">\n    <\/p>\n<p>Que el consumo del frigor\u00edfico nos preocupe es muy normal, pues en condiciones normales, es el mayor devorador mensual de energ\u00eda en los hogares.<\/p>\n<p>De hecho, como <a href=\"https:\/\/www.xatakahome.com\/iluminacion-y-energia\/este-electrodomestico-que-energia-consume-toda-tu-casa\">recog\u00edamos recientemente<\/a>, seg\u00fan datos de la OCU y el IDAE, <strong>el frigor\u00edfico supone, de media, un 30% del consumo el\u00e9ctrico anual de nuestra casa<\/strong>, pudiendo alcanzar unos 662 kWh de media anuales.<\/p>\n<p><!-- BREAK 1 --><\/p>\n<p>Pero que el consumo sea tan alto (por el simple hecho de estar encendido las 24 horas del d\u00eda, con acceso casi constante de los miembros de la casa) no nos debe hacer caer en mitos que circulan en redes sociales y webs. Y el m\u00e1s grande que hay sobre los frigor\u00edficos es que los imanes que colocamos en sus puertas disparan el consumo.<\/p>\n<p><!-- BREAK 2 --><\/p>\n<h2>Endesa, Bosch y LG nos cuentan por qu\u00e9 no es cierto<\/h2>\n<p>Para ello, <a rel=\"noopener, noreferrer\" href=\"https:\/\/www.endesa.com\/es\/blog\/blog-de-endesa\/consejos-de-ahorro\/imanes-nevera\" data-id=\"noopener, noreferrer\">Endesa <\/a>\u00a0deja claro que <strong>esto solamente se trata de un mito<\/strong>.<\/p>\n<blockquote><p>La mentira es la siguiente: los adornos magn\u00e9ticos que ponemos en la puerta del frigo (recuerdo de un viaje, bromas, logos\u2026), obligan a la nevera a consumir m\u00e1s electricidad al \u201caumentar la fuerza electromagn\u00e9tica del campo el\u00e9ctrico del aparato\u201d.<\/p><\/blockquote>\n<blockquote><p>Todo en este mito es falso, incluyendo los estudios cient\u00edficos que cita y la posibilidad de que estos mismos imanes sean perjudiciales para la comida que guardas en el frigo. La realidad es que los campos magn\u00e9ticos de estos imanes son tan insignificantes que ni siquiera atraviesan la puerta de la nevera.<\/p><\/blockquote>\n<p>M\u00e1s tarde, Bosch y LG tambi\u00e9n se posicionaron, coincidiendo con la principal empresa el\u00e9ctrica espa\u00f1ola. La opini\u00f3n de la marca alemana no deja dudas, y pero s\u00ed que expresa un potencial problema:<\/p>\n<p><!-- BREAK 3 --><\/p>\n<blockquote><p><em>\u00abSi se utilizan s\u00f3lo unos pocos imanes en la puerta del frigor\u00edfico, <\/em><em><strong>no se espera que el dispositivo funcione mal;<\/strong><\/em><em> pueden producirse ara\u00f1azos en la superficie.<\/em><\/p><\/blockquote>\n<p>El fabricante surcoreano LG tambi\u00e9n opina igual, se trata de un mito:<\/p>\n<blockquote><p>\u00abDe hecho, <strong>esto es solo un mito<\/strong>: los imanes de nevera no tienen ning\u00fan efecto sobre el consumo, la vida \u00fatil o los alimentos. Los imanes situados en el exterior del frigor\u00edfico no influyen en el funcionamiento ni en la capacidad de refrigeraci\u00f3n interna del aparato\u00bb.<\/p><\/blockquote>\n<h2>Entonces, \u00bfqu\u00e9 influye en el consumo?<\/h2>\n<div class=\"article-asset-image article-asset-normal article-asset-center\">\n<div class=\"asset-content\">\n<p>   <img decoding=\"async\" alt=\"Imanes\" class=\"centro_sinmarco\" src=\"https:\/\/i.blogs.es\/75e49b\/imanes\/450_1000.webp\"><\/p><\/div>\n<\/div>\n<p>Respondiendo directamente, algo que tiene que ver con la puerta, pero nada con los imanes: <strong>abrirla y cerrarla de manera muy frecuente<\/strong>.<\/p>\n<p>Al abrir la puerta, sube la temperatura interior del frigor\u00edfico, obligando a la m\u00e1quina a <strong>consumir una mayor energ\u00eda para volver a recuperar la temperatura<\/strong>. Sin embargo, hoy d\u00eda los frigor\u00edficos m\u00e1s eficientes cuentan con numerosas tecnolog\u00edas para ahorrar energ\u00eda a la hora de abrir o cerrar la puerta de este electrodom\u00e9stico.<\/p>\n<p><!-- BREAK 4 --><\/p>\n<div class=\"article-asset-video article-asset-large article-asset-center\">\n<div class=\"asset-content\">\n<div class=\"base-asset-video\">\n<div class=\"js-dailymotion\">\n    <script type=\"application\/json\">\n                          {\"videoId\":\"x88tf3k\",\"autoplay\":true,\"title\":\"AHORRA EN TU FACTURA DE LA LUZ: Las MEJORES OPCIONES para conocer los PRECIOS EN TU M\u00d3VIL\", \"tag\":\"webedia-prod\"}\n                  <\/script>\n   <\/div>\n<\/p><\/div>\n<\/p><\/div>\n<\/div>\n<p>De hecho, como ya comprobamos en Xataka Home, si lo que quieres ahorrar, una de las soluciones r\u00e1pidas si tienes un frigor\u00edfico muy gast\u00f3n es <a href=\"https:\/\/www.xatakahome.com\/a-fondo\/mi-frigorifico-ruina-he-comparado-que-gasta-otro-moderno-eficiente-no-se-como-no-he-cambiado-todavia\">comprar uno nuevo<\/a>. S\u00ed, aunque el antiguo a\u00fan funcione bien, <strong>calculamos un gasto 130 euros superior en un modelo viejo respecto a uno reciente en \u00abmodo eco\u00bb<\/strong>. En cinco a\u00f1os est\u00e1 amortizado si adquieres un frigor\u00edfico de 500 o 600 euros.<\/p>\n<p><!-- BREAK 5 --><\/p>\n<p>Por su parte, para un mejor funcionamiento energ\u00e9tico, Bosch sugiere:<\/p>\n<ul>\n<li>Cierta distancia a la pared, y una habitaci\u00f3n seca y bien ventilada<\/li>\n<li>Que no haya fuentes de calor grandes que calienten el frigor\u00edfico, como hornos, radiadores o la luz directa del sol<\/li>\n<li>Elegir un tama\u00f1o importante: un frigor\u00edfico vac\u00edo tiene que trabajar m\u00e1s que uno lleno para igualar la temperatura.<\/li>\n<li>Descongelar manualmente el congelador si la nevera no cuenta con un mecanismo para ello<\/li>\n<li>Descongelar alimentos en la parte de nevera del frigor\u00edfico: ayudando a liberar fr\u00edo interior para que la temperatura baje o se mantenga.<\/li>\n<\/ul>\n<div class=\"article-asset article-asset-normal article-asset-center\">\n<div class=\"desvio-container\">\n<div class=\"desvio\">\n<div class=\"desvio-figure js-desvio-figure\">\n    <a href=\"https:\/\/www.xatakahome.com\/iluminacion-y-energia\/esta-turbina-eolica-quiere-jubilar-a-paneles-solares-pequena-silenciosa-que-puede-usarse-problema-casa\"><br \/>\n     <img loading=\"lazy\" decoding=\"async\" alt=\"Este aerogenerador silencioso para la casa se convierte en la mayor competencia para los paneles solares\" width=\"375\" height=\"142\" src=\"https:\/\/i.blogs.es\/29fd23\/captura-de-pantalla-2024-08-28-a-las-9.25.03\/375_142.webp\" onerror='this.src=\"https:\/\/i.blogs.es\/29fd23\/captura-de-pantalla-2024-08-28-a-las-9.25.03\/375_142.jpeg\"'><br \/>\n    <\/a>\n   <\/div>\n<div class=\"desvio-summary\">\n<div class=\"desvio-taxonomy js-desvio-taxonomy\">\n     <a href=\"https:\/\/www.xatakahome.com\/iluminacion-y-energia\/esta-turbina-eolica-quiere-jubilar-a-paneles-solares-pequena-silenciosa-que-puede-usarse-problema-casa\" class=\"desvio-taxonomy-anchor\">En Xataka Smart Home<\/a>\n    <\/div>\n<p>    <a href=\"https:\/\/www.xatakahome.com\/iluminacion-y-energia\/esta-turbina-eolica-quiere-jubilar-a-paneles-solares-pequena-silenciosa-que-puede-usarse-problema-casa\" class=\"desvio-title js-desvio-title\">Este aerogenerador silencioso para la casa se convierte en la mayor competencia para los paneles solares<\/a>\n   <\/div>\n<\/p><\/div>\n<\/p><\/div>\n<\/div>\n<p>LG nos da las siguientes recomendaciones de cara a elegir d\u00f3nde poner los alimentos:<\/p>\n<ul>\n<li>Las verduras y frutas se almacenan en la planta baja (compartimento de verduras).<\/li>\n<li>La carne, el pescado y los embutidos tambi\u00e9n deben almacenarse en el fondo si es posible.<\/li>\n<li>La leche, el yogur y la crema en el centro del refrigerador.<\/li>\n<li>Guarde la mantequilla, la mermelada y el queso encima.<\/li>\n<\/ul>\n<p>Imagen de portada | Kristyna Squared.one en <a rel=\"noopener, noreferrer\" href=\"https:\/\/unsplash.com\/es\/fotos\/un-refrigerador-con-imagenes-de-frutas-y-verduras-z8Y8UyzMruk\">Unsplash<\/a><\/p>\n<p>En Xataka Smart Home | <a href=\"https:\/\/www.xatakahome.com\/hogar\/material-que-casi-siempre-reciclamos-mal-espana-que-usamos-a-diario-que-importante\">El material que casi siempre reciclamos mal en Espa\u00f1a y que usamos a diario: por qu\u00e9 es importante<\/a><\/p>\n<p><script>\n (function() {\n  window._JS_MODULES = window._JS_MODULES || {};\n  var headElement = document.getElementsByTagName('head')[0];\n  if (_JS_MODULES.instagram) {\n   var instagramScript = document.createElement('script');\n   instagramScript.src = 'https:\/\/platform.instagram.com\/en_US\/embeds.js';\n   instagramScript.async = true;\n   instagramScript.defer = true;\n   headElement.appendChild(instagramScript);\n  }\n })();\n<\/script><\/p>\n<p> &#8211; <br \/> La noticia<br \/>\n      <a href=\"https:\/\/www.xatakahome.com\/electrodomesticos-innovadores\/endesa-bosch-lg-responden-a-pregunta-imanes-que-colocamos-frigorifico-aumentan-consumo-explican-que-influye?utm_source=feedburner&amp;utm_medium=feed&amp;utm_campaign=28_Aug_2024\"><br \/>\n       <em> Endesa, Bosch y LG responden sobre si los imanes que colocamos en el frigor\u00edfico aumentan el consumo. Y explican qu\u00e9 influye m\u00e1s <\/em><br \/>\n      <\/a><br \/>\n      fue publicada originalmente en<br \/>\n      <a href=\"https:\/\/www.xatakahome.com\/?utm_source=feedburner&amp;utm_medium=feed&amp;utm_campaign=28_Aug_2024\"><br \/>\n       <strong> Xataka Smart Home <\/strong><br \/>\n      <\/a><br \/>\n            por <a href=\"https:\/\/www.xatakahome.com\/autor\/antonio-saban?utm_source=feedburner&amp;utm_medium=feed&amp;utm_campaign=28_Aug_2024\"><br \/>\n       Antonio Sab\u00e1n<br \/>\n      <\/a><br \/>\n      . <\/p>\n<\/div>\n","protected":false},"excerpt":{"rendered":"<p>Que el consumo del frigor\u00edfico nos preocupe es muy normal, pues en condiciones normales, es el mayor devorador mensual de energ\u00eda en los hogares. De hecho, como recog\u00edamos recientemente, seg\u00fan datos de la OCU y el IDAE, el frigor\u00edfico supone, de media, un 30% del consumo el\u00e9ctrico anual de nuestra casa, pudiendo alcanzar unos 662 &hellip; <a href=\"https:\/\/domosistemas.com\/?p=25416\" class=\"more-link\">Sigue leyendo <span class=\"screen-reader-text\">Endesa, Bosch y LG responden sobre si los imanes que colocamos en el frigor\u00edfico aumentan el consumo. Y explican qu\u00e9 influye m\u00e1s<\/span><\/a><\/p>\n","protected":false},"author":1,"featured_media":0,"comment_status":"closed","ping_status":"closed","sticky":false,"template":"","format":"standard","meta":{"footnotes":""},"categories":[8],"tags":[],"class_list":["post-25416","post","type-post","status-publish","format-standard","hentry","category-xataka"],"_links":{"self":[{"href":"https:\/\/domosistemas.com\/index.php?rest_route=\/wp\/v2\/posts\/25416","targetHints":{"allow":["GET"]}}],"collection":[{"href":"https:\/\/domosistemas.com\/index.php?rest_route=\/wp\/v2\/posts"}],"about":[{"href":"https:\/\/domosistemas.com\/index.php?rest_route=\/wp\/v2\/types\/post"}],"author":[{"embeddable":true,"href":"https:\/\/domosistemas.com\/index.php?rest_route=\/wp\/v2\/users\/1"}],"replies":[{"embeddable":true,"href":"https:\/\/domosistemas.com\/index.php?rest_route=%2Fwp%2Fv2%2Fcomments&post=25416"}],"version-history":[{"count":0,"href":"https:\/\/domosistemas.com\/index.php?rest_route=\/wp\/v2\/posts\/25416\/revisions"}],"wp:attachment":[{"href":"https:\/\/domosistemas.com\/index.php?rest_route=%2Fwp%2Fv2%2Fmedia&parent=25416"}],"wp:term":[{"taxonomy":"category","embeddable":true,"href":"https:\/\/domosistemas.com\/index.php?rest_route=%2Fwp%2Fv2%2Fcategories&post=25416"},{"taxonomy":"post_tag","embeddable":true,"href":"https:\/\/domosistemas.com\/index.php?rest_route=%2Fwp%2Fv2%2Ftags&post=25416"}],"curies":[{"name":"wp","href":"https:\/\/api.w.org\/{rel}","templated":true}]}}