{"id":25507,"date":"2024-09-05T07:09:39","date_gmt":"2024-09-05T07:09:39","guid":{"rendered":"https:\/\/domosistemas.com\/?p=25507"},"modified":"2024-09-05T07:09:39","modified_gmt":"2024-09-05T07:09:39","slug":"decorar-el-interior-del-frigo-es-la-ultima-moda-que-arrasa-en-redes-sociales-pero-puede-ser-mas-perjudicial-de-lo-que-parece","status":"publish","type":"post","link":"https:\/\/domosistemas.com\/?p=25507","title":{"rendered":"Decorar el interior del frigo es la \u00faltima moda que arrasa en redes sociales, pero puede ser m\u00e1s perjudicial de lo que parece"},"content":{"rendered":"<div>\n<p>\n      <img decoding=\"async\" src=\"https:\/\/i.blogs.es\/9ef60e\/frigo\/1024_2000.jpeg\" alt=\"Decorar el interior del frigo es la \u00faltima moda que arrasa en redes sociales, pero puede ser m\u00e1s perjudicial de lo que parece \">\n    <\/p>\n<p><strong>Los frigor\u00edficos<\/strong> son el principal electrodom\u00e9stico del hogar, ya que nos ayudan a mantener en buenas condiciones nuestros alimentos y bebidas favoritas, siempre que <a href=\"https:\/\/www.xatakahome.com\/seguridad-en-el-hogar\/tres-errores-habituales-al-guardar-alimentos-frigo-que-estropean-comida-ponen-riesgo-nuestra-salud\">tengamos unas m\u00ednimas precauciones<\/a> al usarlos.<\/p>\n<p><!-- BREAK 1 --><\/p>\n<p>Por eso sorprende tanto la \u00faltima tendencia que arrasa en las redes sociales que pone al l\u00edmite la raz\u00f3n de ser de estos aparatos y <strong>la integridad de los alimentos<\/strong> que en \u00e9l se almacenan.<\/p>\n<p><!-- BREAK 2 --><\/p>\n<p>Es lo que se conoce como <strong>\u00abfridgescaping\u00bb<\/strong>, una moda que ha empezado a hacerse popular en m\u00faltiples v\u00eddeos de TikTok y otras redes sociales resultando tan llamativa como peligrosa para la salud de sus usuarios en algunas situaciones.<\/p>\n<p><!-- BREAK 3 --><\/p>\n<div class=\"article-asset article-asset-normal article-asset-center\">\n<div class=\"desvio-container\">\n<div class=\"desvio\">\n<div class=\"desvio-figure js-desvio-figure\">\n    <a href=\"https:\/\/www.xatakahome.com\/hogar\/esta-temperatura-ideal-frigorifico-congelador-para-ahorrar-factura-luz-conservar-bien-alimentos-2\"><br \/>\n     <img loading=\"lazy\" decoding=\"async\" alt=\"Esta es la temperatura ideal del frigor\u00edfico y congelador para ahorrar en la factura de la luz y conservar bien los alimentos \" width=\"375\" height=\"142\" src=\"https:\/\/i.blogs.es\/9a7ca5\/bryan-boatright-vxpecfneszc-unsplash\/375_142.webp\" onerror='this.src=\"https:\/\/i.blogs.es\/9a7ca5\/bryan-boatright-vxpecfneszc-unsplash\/375_142.jpeg\"'><br \/>\n    <\/a>\n   <\/div>\n<div class=\"desvio-summary\">\n<div class=\"desvio-taxonomy js-desvio-taxonomy\">\n     <a href=\"https:\/\/www.xatakahome.com\/hogar\/esta-temperatura-ideal-frigorifico-congelador-para-ahorrar-factura-luz-conservar-bien-alimentos-2\" class=\"desvio-taxonomy-anchor\">En Xataka Smart Home<\/a>\n    <\/div>\n<p>    <a href=\"https:\/\/www.xatakahome.com\/hogar\/esta-temperatura-ideal-frigorifico-congelador-para-ahorrar-factura-luz-conservar-bien-alimentos-2\" class=\"desvio-title js-desvio-title\">Esta es la temperatura ideal del frigor\u00edfico y congelador para ahorrar en la factura de la luz y conservar bien los alimentos <\/a>\n   <\/div>\n<\/p><\/div>\n<\/p><\/div>\n<\/div>\n<h2>Qu\u00e9 es el \u00abfridgescaping\u00bb<\/h2>\n<div class=\"article-asset-image article-asset-normal article-asset-center\">\n<div class=\"asset-content\">\n<div class=\"caption-img \">\n                    <a rel=\"noopener, noreferrer\" href=\"https:\/\/www.tiktok.com\/@lynziliving\/video\/7385649079994387742\"><\/p>\n<p>    <img decoding=\"async\" alt=\"Frigotiktok\" class=\"centro_sinmarco\" src=\"https:\/\/i.blogs.es\/f04e8b\/frigotiktok\/450_1000.webp\"><br \/>\n     <\/a><\/p>\n<p>        <span>Imagen: TikTok<\/span>\n   <\/div>\n<\/p><\/div>\n<\/div>\n<p>El \u00abfridgescaping\u00bb consiste b\u00e1sicamente en <strong>utilizar el interior de la nevera<\/strong> como una zona m\u00e1s de la casa que podemos <strong>decorar a nuestro antojo<\/strong>, colocando obras de arte bordadas, adornos de cer\u00e1mica, cestas de mimbre, flores frescas, marcos de fotos hechos a mano, espejos y todo tipo de baratijas que se nos puedan ocurrir.<\/p>\n<p><!-- BREAK 4 --><\/p>\n<p>Es una tendencia que busca aunar el dise\u00f1o de interiores y la organizaci\u00f3n del hogar, pero en el espacio interno de los frigor\u00edficos y congeladores, por lo que al final <strong>no queda a la vista de las visitas<\/strong> salvo que vayamos a ense\u00f1\u00e1rselo espec\u00edficamente.<\/p>\n<p><!-- BREAK 5 --><\/p>\n<p>La moda incluye todo tipo de decoraci\u00f3n y accesorios que nos podamos imaginar, desde simples vasijas de barro o cristal, frascos pintados, latas decoradas, artilugios de todo tipo, complementos hechos con tejido, <strong>luces LED de colores<\/strong>, vegetales que no son comestibles, mu\u00f1ecos, peluches, marcos con fotos, objetos de papel y cart\u00f3n, etc.<\/p>\n<p><!-- BREAK 6 --><\/p>\n<p>Y muchas veces <strong>esta decoraci\u00f3n ocupa m\u00e1s sitio que el de los propios alimentos<\/strong>, por lo que una de las cr\u00edticas m\u00e1s habituales en los v\u00eddeos suele ser que es una moda un tanto absurda al privar a los electrodom\u00e9sticos del con frecuencia limitado espacio disponible.<\/p>\n<p><!-- BREAK 7 --><\/p>\n<div class=\"article-asset-video article-asset-normal\">\n<div class=\"asset-content\">\n<div class=\"base-asset-video\">\n<div class=\"js-dailymotion\">\n    <script type=\"application\/json\">\n                          {\"videoId\":\"x81h7p2\",\"autoplay\":true,\"title\":\"NUEVA FACTURA DE LA LUZ: TODO LO QUE DEBES SABER para AHORRAR AL M\u00c1XIMO\", \"tag\":\"\", \"duration\":\"290\"}\n                  <\/script>\n   <\/div>\n<\/p><\/div>\n<\/p><\/div>\n<\/div>\n<h2>Por qu\u00e9 y cu\u00e1ndo no es recomendable hacer estas decoraciones<\/h2>\n<div class=\"article-asset-image article-asset-normal article-asset-center\">\n<div class=\"asset-content\">\n<div class=\"caption-img \">\n                    <a rel=\"noopener, noreferrer\" href=\"https:\/\/www.tiktok.com\/discover\/fridgescaping?lang=es\"><\/p>\n<p>    <img decoding=\"async\" alt=\"Frigotitktotkt\" class=\"centro_sinmarco\" src=\"https:\/\/i.blogs.es\/d8dc91\/frigotitktotkt\/450_1000.webp\"><br \/>\n     <\/a><\/p>\n<p>        <span>Imagen: TitkTok<\/span>\n   <\/div>\n<\/p><\/div>\n<\/div>\n<p>Varios de los errores m\u00e1s importantes al utilizar nuestro frigor\u00edfico a diario es el relacionado con el <strong>almacenamiento de la comida<\/strong> y con los tipos de recipientes que introducimos en \u00e9l, factores determinantes para mantener en buenas condiciones los alimentos<\/p>\n<p><!-- BREAK 8 --><\/p>\n<p>Algunos de nosotros por comodidad o desconocimiento tenemos la tentaci\u00f3n de recurrir a <strong>guardar directamente recipientes como ollas de metal o barro,<\/strong> incluso latas, que en realidad pueden <a href=\"https:\/\/www.directoalpaladar.com.mx\/utensilios\/que-no-se-deben-guardar-ollas-comida-dentro-refrigerador-cuida-tu-salud-tu-familia\">resultar perjudiciales para la salud<\/a> al no estar pensadas para estos fines, ya que el ambiente fr\u00edo y h\u00famedo de la nevera en combinaci\u00f3n con los recipientes de aluminio aceleran el proceso de oxidaci\u00f3n, lo que puede afectar a las propiedades de los alimentos.<\/p>\n<p><!-- BREAK 9 --><\/p>\n<p>Entonces, \u00bfesta moda de usar casi cualquier tipo de material e introducirlo en el frigo es segura? Pues no. O por lo menos <strong>no si lo que quieres es utilizar la nevera realmente para almacenar alimentos<\/strong> que luego vas a consumir. Si lo haces solo por grabar el v\u00eddeo y ya est\u00e1 entonces no hay problema, siempre que limpies luego y desinfectes el interior tras sacar toda la parafernalia.<\/p>\n<p><!-- BREAK 10 --><\/p>\n<p>De hecho, es una de las<strong> principales cr\u00edticas a esta moda<\/strong> viral donde ya han salido <a rel=\"noopener, noreferrer\" href=\"https:\/\/www.telegraph.co.uk\/news\/2024\/09\/02\/fridgescaping-latest-fad-social-media-tiktok-bridgerton\/\">algunas agencias alimentarias<\/a> advirtiendo sobre los riesgos de higiene y para la salud humana.<\/p>\n<p><!-- BREAK 11 --><\/p>\n<p>Y es que, almacenar alimentos en recipientes no pensados para tales fines, como el cart\u00f3n, papel, aluminio, hierro, barro, etc. o <strong>que hayan sido utilizados para otros fines anteriormente<\/strong> que no sean el almacenamiento de comida, implica serios riesgos de contaminaci\u00f3n cruzada con microorganismos potencialmente da\u00f1inos.<\/p>\n<p><!-- BREAK 12 --><\/p>\n<p>\u00bfCu\u00e1ndo es recomendable y cu\u00e1ndo no decorar as\u00ed el frigo? Pues si lo queremos usarlo en el d\u00eda a d\u00eda para guardar comida no es recomendable, o por lo menos no tan recargado como en los v\u00eddeos de Internet. Adem\u00e1s, hay que asegurarse de que <strong>lo que metamos en \u00e9l soporte bien la humedad y est\u00e9 desinfectado<\/strong> para evitar problemas.<\/p>\n<p><!-- BREAK 13 --><\/p>\n<p>Imagen portada | <a rel=\"noopener, noreferrer\" href=\"https:\/\/www.tiktok.com\/@bedbathandbeyond\/video\/7376031300026699051\">TikTok<\/a> | <a rel=\"noopener, noreferrer\" href=\"https:\/\/www.tiktok.com\/@artelexia\/video\/7405298444564253998\">TikTok<\/a><\/p>\n<p>En Xataka Smart Home | <a href=\"https:\/\/www.xatakahome.com\/hogar\/esta-temperatura-ideal-frigorifico-congelador-para-ahorrar-factura-luz-conservar-bien-alimentos-2\">Esta es la temperatura ideal del frigor\u00edfico y \u00a0congelador para ahorrar en la factura de la luz y conservar bien los \u00a0alimentos<\/a><\/p>\n<p><script>\n (function() {\n  window._JS_MODULES = window._JS_MODULES || {};\n  var headElement = document.getElementsByTagName('head')[0];\n  if (_JS_MODULES.instagram) {\n   var instagramScript = document.createElement('script');\n   instagramScript.src = 'https:\/\/platform.instagram.com\/en_US\/embeds.js';\n   instagramScript.async = true;\n   instagramScript.defer = true;\n   headElement.appendChild(instagramScript);\n  }\n })();\n<\/script><\/p>\n<p> &#8211; <br \/> La noticia<br \/>\n      <a href=\"https:\/\/www.xatakahome.com\/hogar\/decorar-interior-frigo-ultima-moda-que-arrasa-redes-sociales-puede-ser-perjudicial-que-parece?utm_source=feedburner&amp;utm_medium=feed&amp;utm_campaign=05_Sep_2024\"><br \/>\n       <em> Decorar el interior del frigo es la \u00faltima moda que arrasa en redes sociales, pero puede ser m\u00e1s perjudicial de lo que parece  <\/em><br \/>\n      <\/a><br \/>\n      fue publicada originalmente en<br \/>\n      <a href=\"https:\/\/www.xatakahome.com\/?utm_source=feedburner&amp;utm_medium=feed&amp;utm_campaign=05_Sep_2024\"><br \/>\n       <strong> Xataka Smart Home <\/strong><br \/>\n      <\/a><br \/>\n            por <a href=\"https:\/\/www.xatakahome.com\/autor\/paco-rodriguez?utm_source=feedburner&amp;utm_medium=feed&amp;utm_campaign=05_Sep_2024\"><br \/>\n       Paco Rodriguez<br \/>\n      <\/a><br \/>\n      . <\/p>\n<\/div>\n","protected":false},"excerpt":{"rendered":"<p>Los frigor\u00edficos son el principal electrodom\u00e9stico del hogar, ya que nos ayudan a mantener en buenas condiciones nuestros alimentos y bebidas favoritas, siempre que tengamos unas m\u00ednimas precauciones al usarlos. Por eso sorprende tanto la \u00faltima tendencia que arrasa en las redes sociales que pone al l\u00edmite la raz\u00f3n de ser de estos aparatos y &hellip; <a href=\"https:\/\/domosistemas.com\/?p=25507\" class=\"more-link\">Sigue leyendo <span class=\"screen-reader-text\">Decorar el interior del frigo es la \u00faltima moda que arrasa en redes sociales, pero puede ser m\u00e1s perjudicial de lo que parece<\/span><\/a><\/p>\n","protected":false},"author":1,"featured_media":0,"comment_status":"closed","ping_status":"closed","sticky":false,"template":"","format":"standard","meta":{"footnotes":""},"categories":[8],"tags":[],"class_list":["post-25507","post","type-post","status-publish","format-standard","hentry","category-xataka"],"_links":{"self":[{"href":"https:\/\/domosistemas.com\/index.php?rest_route=\/wp\/v2\/posts\/25507","targetHints":{"allow":["GET"]}}],"collection":[{"href":"https:\/\/domosistemas.com\/index.php?rest_route=\/wp\/v2\/posts"}],"about":[{"href":"https:\/\/domosistemas.com\/index.php?rest_route=\/wp\/v2\/types\/post"}],"author":[{"embeddable":true,"href":"https:\/\/domosistemas.com\/index.php?rest_route=\/wp\/v2\/users\/1"}],"replies":[{"embeddable":true,"href":"https:\/\/domosistemas.com\/index.php?rest_route=%2Fwp%2Fv2%2Fcomments&post=25507"}],"version-history":[{"count":0,"href":"https:\/\/domosistemas.com\/index.php?rest_route=\/wp\/v2\/posts\/25507\/revisions"}],"wp:attachment":[{"href":"https:\/\/domosistemas.com\/index.php?rest_route=%2Fwp%2Fv2%2Fmedia&parent=25507"}],"wp:term":[{"taxonomy":"category","embeddable":true,"href":"https:\/\/domosistemas.com\/index.php?rest_route=%2Fwp%2Fv2%2Fcategories&post=25507"},{"taxonomy":"post_tag","embeddable":true,"href":"https:\/\/domosistemas.com\/index.php?rest_route=%2Fwp%2Fv2%2Ftags&post=25507"}],"curies":[{"name":"wp","href":"https:\/\/api.w.org\/{rel}","templated":true}]}}