{"id":25525,"date":"2024-09-06T08:09:49","date_gmt":"2024-09-06T08:09:49","guid":{"rendered":"https:\/\/domosistemas.com\/?p=25525"},"modified":"2024-09-06T08:09:49","modified_gmt":"2024-09-06T08:09:49","slug":"muchos-creen-que-hay-que-cambiar-las-sabanas-cada-una-o-dos-semanas-un-experto-revela-cual-el-momento-exacto","status":"publish","type":"post","link":"https:\/\/domosistemas.com\/?p=25525","title":{"rendered":"Muchos creen que hay que cambiar las s\u00e1banas cada una o dos semanas: un experto revela cu\u00e1l el momento exacto"},"content":{"rendered":"<div>\n<p>\n      <img decoding=\"async\" src=\"https:\/\/i.blogs.es\/5a6bfd\/annie-spratt-yroo1hljsim-unsplash\/1024_2000.jpeg\" alt=\"Muchos creen que hay que cambiar las s\u00e1banas cada una o dos semanas: un experto revela cu\u00e1l el momento exacto \">\n    <\/p>\n<p>A la hora de <strong>cuidar nuestra higiene<\/strong>, hay un elemento de casa que en muchas ocasiones quiz\u00e1s no tenemos en cuenta: la ropa de cama, como <strong>s\u00e1banas, fundas de almohada y edredones<\/strong>.\u00a0<\/p>\n<p><!-- BREAK 1 --><\/p>\n<p>Y uno de los factores m\u00e1s importantes en este territorio es la <strong>frecuencia con la que hay que cambiar y lavarla<\/strong>, dato que puede variar seg\u00fan diferentes factores, como tus preferencias personales, la salud de la piel, el clima y otras circunstancias individuales. Sin embargo, la ciencia y los expertos en salud suelen ofrecer <strong>algunas recomendaciones generales.<\/strong><\/p>\n<p><!-- BREAK 2 --><\/p>\n<div class=\"article-asset article-asset-normal article-asset-center\">\n<div class=\"desvio-container\">\n<div class=\"desvio\">\n<div class=\"desvio-figure js-desvio-figure\">\n    <a href=\"https:\/\/www.xatakahome.com\/a-fondo\/plena-epoca-gripe-lavar-a-40oc-no-suficiente-esta-temperatura-recomendada-para-buena-desinfeccion\"><br \/>\n     <img loading=\"lazy\" decoding=\"async\" alt=\"En plena \u00e9poca de gripe, lavar a 40\u00baC no es suficiente: esta es la temperatura recomendada para una buena desinfecci\u00f3n\" width=\"375\" height=\"142\" src=\"https:\/\/i.blogs.es\/c4d78f\/siemens-lavadora\/375_142.webp\" onerror='this.src=\"https:\/\/i.blogs.es\/c4d78f\/siemens-lavadora\/375_142.jpeg\"'><br \/>\n    <\/a>\n   <\/div>\n<div class=\"desvio-summary\">\n<div class=\"desvio-taxonomy js-desvio-taxonomy\">\n     <a href=\"https:\/\/www.xatakahome.com\/a-fondo\/plena-epoca-gripe-lavar-a-40oc-no-suficiente-esta-temperatura-recomendada-para-buena-desinfeccion\" class=\"desvio-taxonomy-anchor\">En Xataka Smart Home<\/a>\n    <\/div>\n<p>    <a href=\"https:\/\/www.xatakahome.com\/a-fondo\/plena-epoca-gripe-lavar-a-40oc-no-suficiente-esta-temperatura-recomendada-para-buena-desinfeccion\" class=\"desvio-title js-desvio-title\">En plena \u00e9poca de gripe, lavar a 40\u00baC no es suficiente: esta es la temperatura recomendada para una buena desinfecci\u00f3n<\/a>\n   <\/div>\n<\/p><\/div>\n<\/p><\/div>\n<\/div>\n<h2><strong>Cada cu\u00e1nto hay que cambiar y lavar las s\u00e1banas<\/strong><\/h2>\n<div class=\"article-asset-image article-asset-normal article-asset-center\">\n<div class=\"asset-content\">\n<div class=\"caption-img \">\n                    <a rel=\"noopener, noreferrer\" href=\"https:\/\/www.pexels.com\/es-es\/foto\/mujer-durmiendo-935777\/\"><\/p>\n<p>    <img decoding=\"async\" alt=\"Pexels Vanyaoboleninov 935777\" class=\"centro_sinmarco\" src=\"https:\/\/i.blogs.es\/58405f\/pexels-vanyaoboleninov-935777\/450_1000.webp\"><br \/>\n     <\/a><\/p>\n<p>        <span>Imagen: Ivan Oboleninov<\/span>\n   <\/div>\n<\/p><\/div>\n<\/div>\n<p>Aunque muchas personas tienen la costumbre de cambiar las s\u00e1banas cada <strong>una o dos semanas<\/strong>, los expertos recomiendan hacerlo con diferente frecuencia ya que cada caso de uso es particular y requiere una atenci\u00f3n especial.<\/p>\n<p><!-- BREAK 3 --><\/p>\n<p>Es una tarea dom\u00e9stica que puede parecer trivial, pero tiene una importancia crucial para la salud y el bienestar y seg\u00fan algunos expertos, los intervalos cl\u00e1sicos de una o dos semanas pueden ser insuficientes para mantener una ropa de cama saludable.<\/p>\n<p><!-- BREAK 4 --><\/p>\n<p>Mientras dormimos el cuerpo libera piel muerta, sudor y otros fluidos corporales que crean un ambiente propicio para la proliferaci\u00f3n de <strong>\u00e1caros y bacterias<\/strong>. Los \u00e1caros del polvo se alimentan de la piel muerta y pueden agravar las alergias o el asma. Las bacterias pueden provocar infecciones de la piel y otros problemas de salud.<\/p>\n<p><!-- BREAK 5 --><\/p>\n<p>As\u00ed, expertos como el Dr. Charles Gerba, microbi\u00f3logo de la Universidad de Arizona y experto en higiene del sue\u00f1o, y el Dr. Alejandro Ruiz, dermat\u00f3logo y especialista en higiene del sue\u00f1o del Hospital Cl\u00ednico de Barcelona, \u200b\u200b<a rel=\"noopener, noreferrer\" href=\"https:\/\/www.linternaute.com\/bricolage\/entretien-de-la-maison\/6060721-article-frequence-draps\/\">recomiendan cambiar las s\u00e1banas cada semana<\/a> para prevenir la acumulaci\u00f3n de bacterias y \u00e1caros:<\/p>\n<p><!-- BREAK 6 --><\/p>\n<blockquote><p><strong>Cambiar las s\u00e1banas semanalmente<\/strong> reduce significativamente la cantidad de \u00e1caros y \u00a0al\u00e9rgenos en la cama, mejorando la calidad del sue\u00f1o y la salud en \u00a0general<\/p><\/blockquote>\n<div class=\"article-asset-video article-asset-normal\">\n<div class=\"asset-content\">\n<div class=\"base-asset-video\">\n<div class=\"js-dailymotion\">\n    <script type=\"application\/json\">\n                          {\"videoId\":\"x8006fc\",\"autoplay\":true,\"title\":\"C\u00f3mo dormir cuando hace mucho calor y no tienes aire acondicionado\", \"tag\":\"\", \"duration\":\"217\"}\n                  <\/script>\n   <\/div>\n<\/p><\/div>\n<\/p><\/div>\n<\/div>\n<p>Algunas situaciones incluso requieren un cambio de s\u00e1banas m\u00e1s frecuente. Por \u00a0ejemplo, si hay alg\u00fan enfermo y sobre todo con alguna infecci\u00f3n en curso v\u00edrica o bacteriana, es recomendable <strong>cambiar las s\u00e1banas cada dos d\u00edas<\/strong> para evitar una reinfecci\u00f3n y acelerar la curaci\u00f3n.<\/p>\n<p><!-- BREAK 7 --><\/p>\n<p>Asimismo, si tenemos <strong>mascotas que duermen con nosotros, ni\u00f1os peque\u00f1os o si comemos<\/strong> habitualmente en la cama, lo mejor es lavar las s\u00e1banas con m\u00e1s \u00a0frecuencia, por lo menos <strong>varias veces a la semana<\/strong>.<\/p>\n<p><!-- BREAK 8 --><\/p>\n<p><strong>Para quienes padecen alergias<\/strong>, tambi\u00e9n se recomienda cambiar las s\u00e1banas con m\u00e1s frecuencia, por ejemplo <strong>cada tres o cuatro d\u00edas<\/strong>, para reducir la exposici\u00f3n a los al\u00e9rgenos.<\/p>\n<p><!-- BREAK 9 --><\/p>\n<p>V\u00eda | <a rel=\"noopener, noreferrer\" href=\"https:\/\/www.linternaute.com\/bricolage\/entretien-de-la-maison\/6060721-article-frequence-draps\/\">Linternaute<\/a><\/p>\n<p>Imagen portada | <a rel=\"noopener, noreferrer\" href=\"https:\/\/unsplash.com\/es\/@anniespratt\">Annie Spratt<\/a><\/p>\n<p>En Xataka Smart Home | <a href=\"https:\/\/www.xatakahome.com\/hogar\/cada-cuanto-tiempo-bueno-cambiar-lavar-sabanas-ciencia\">Cada cu\u00e1nto tiempo es bueno cambiar y lavar las s\u00e1banas seg\u00fan la ciencia<\/a><\/p>\n<p><script>\n (function() {\n  window._JS_MODULES = window._JS_MODULES || {};\n  var headElement = document.getElementsByTagName('head')[0];\n  if (_JS_MODULES.instagram) {\n   var instagramScript = document.createElement('script');\n   instagramScript.src = 'https:\/\/platform.instagram.com\/en_US\/embeds.js';\n   instagramScript.async = true;\n   instagramScript.defer = true;\n   headElement.appendChild(instagramScript);\n  }\n })();\n<\/script><\/p>\n<p> &#8211; <br \/> La noticia<br \/>\n      <a href=\"https:\/\/www.xatakahome.com\/hogar\/muchos-creen-que-hay-que-cambiar-sabanas-cada-dos-semanas-experto-revela-cual-momento-exacto?utm_source=feedburner&amp;utm_medium=feed&amp;utm_campaign=06_Sep_2024\"><br \/>\n       <em> Muchos creen que hay que cambiar las s\u00e1banas cada una o dos semanas: un experto revela cu\u00e1l el momento exacto  <\/em><br \/>\n      <\/a><br \/>\n      fue publicada originalmente en<br \/>\n      <a href=\"https:\/\/www.xatakahome.com\/?utm_source=feedburner&amp;utm_medium=feed&amp;utm_campaign=06_Sep_2024\"><br \/>\n       <strong> Xataka Smart Home <\/strong><br \/>\n      <\/a><br \/>\n            por <a href=\"https:\/\/www.xatakahome.com\/autor\/paco-rodriguez?utm_source=feedburner&amp;utm_medium=feed&amp;utm_campaign=06_Sep_2024\"><br \/>\n       Paco Rodriguez<br \/>\n      <\/a><br \/>\n      . <\/p>\n<\/div>\n","protected":false},"excerpt":{"rendered":"<p>A la hora de cuidar nuestra higiene, hay un elemento de casa que en muchas ocasiones quiz\u00e1s no tenemos en cuenta: la ropa de cama, como s\u00e1banas, fundas de almohada y edredones.\u00a0 Y uno de los factores m\u00e1s importantes en este territorio es la frecuencia con la que hay que cambiar y lavarla, dato que &hellip; <a href=\"https:\/\/domosistemas.com\/?p=25525\" class=\"more-link\">Sigue leyendo <span class=\"screen-reader-text\">Muchos creen que hay que cambiar las s\u00e1banas cada una o dos semanas: un experto revela cu\u00e1l el momento exacto<\/span><\/a><\/p>\n","protected":false},"author":1,"featured_media":0,"comment_status":"closed","ping_status":"closed","sticky":false,"template":"","format":"standard","meta":{"footnotes":""},"categories":[8],"tags":[],"class_list":["post-25525","post","type-post","status-publish","format-standard","hentry","category-xataka"],"_links":{"self":[{"href":"https:\/\/domosistemas.com\/index.php?rest_route=\/wp\/v2\/posts\/25525","targetHints":{"allow":["GET"]}}],"collection":[{"href":"https:\/\/domosistemas.com\/index.php?rest_route=\/wp\/v2\/posts"}],"about":[{"href":"https:\/\/domosistemas.com\/index.php?rest_route=\/wp\/v2\/types\/post"}],"author":[{"embeddable":true,"href":"https:\/\/domosistemas.com\/index.php?rest_route=\/wp\/v2\/users\/1"}],"replies":[{"embeddable":true,"href":"https:\/\/domosistemas.com\/index.php?rest_route=%2Fwp%2Fv2%2Fcomments&post=25525"}],"version-history":[{"count":0,"href":"https:\/\/domosistemas.com\/index.php?rest_route=\/wp\/v2\/posts\/25525\/revisions"}],"wp:attachment":[{"href":"https:\/\/domosistemas.com\/index.php?rest_route=%2Fwp%2Fv2%2Fmedia&parent=25525"}],"wp:term":[{"taxonomy":"category","embeddable":true,"href":"https:\/\/domosistemas.com\/index.php?rest_route=%2Fwp%2Fv2%2Fcategories&post=25525"},{"taxonomy":"post_tag","embeddable":true,"href":"https:\/\/domosistemas.com\/index.php?rest_route=%2Fwp%2Fv2%2Ftags&post=25525"}],"curies":[{"name":"wp","href":"https:\/\/api.w.org\/{rel}","templated":true}]}}