{"id":25529,"date":"2024-09-06T13:09:51","date_gmt":"2024-09-06T13:09:51","guid":{"rendered":"https:\/\/domosistemas.com\/?p=25529"},"modified":"2024-09-06T13:09:51","modified_gmt":"2024-09-06T13:09:51","slug":"los-nuevos-aires-acondicionados-de-tcl-prometen-mejorar-la-calidad-del-aire-que-respiramos-ademas-de-enfriar","status":"publish","type":"post","link":"https:\/\/domosistemas.com\/?p=25529","title":{"rendered":"Los nuevos aires acondicionados de TCL prometen mejorar la calidad del aire que respiramos adem\u00e1s de enfriar"},"content":{"rendered":"<div>\n<p>\n      <img decoding=\"async\" src=\"https:\/\/i.blogs.es\/778d25\/tcl-freshin-3.0---lifestyle-2\/1024_2000.jpeg\" alt=\"Los nuevos aires acondicionados de TCL prometen mejorar la calidad del aire que respiramos adem\u00e1s de enfriar \">\n    <\/p>\n<p>Contin\u00faan las <strong>novedades de TCL<\/strong> con motivo de la IFA 2024, y si hace unas horas habl\u00e1bamos de sus nuevos <a href=\"https:\/\/www.xatakahome.com\/televisores\/nueva-smart-tv-miniled-x11-tcl-quiere-conquistar-nuestros-salones-98-sonido-bang-olufsen\">televisores de gran formato<\/a>, ahora le toca el turno a sus <strong>equipos de climatizaci\u00f3n.<\/strong><\/p>\n<p><!-- BREAK 1 --><\/p>\n<p>Y es que la firma ha anunciado el lanzamiento del<strong> aire acondicionado Inverter FreshIN 3.0<\/strong>, un modelo que promete ir m\u00e1s all\u00e1 de enfriar y calentar \u00a0el ambiente, apostando por <strong>mejorar la salud de sus usuarios gracias al control de la calidad del aire.<\/strong><\/p>\n<p><!-- BREAK 2 --><\/p>\n<div class=\"article-asset article-asset-normal article-asset-center\">\n<div class=\"desvio-container\">\n<div class=\"desvio\">\n<div class=\"desvio-figure js-desvio-figure\">\n    <a href=\"https:\/\/www.xatakahome.com\/hogar\/tengo-casa-modelo-aire-acondicionado-que-recomienda-ocu-esto-que-me-gusta-su-uso-diario-1\"><br \/>\n     <img loading=\"lazy\" decoding=\"async\" alt=\"Tengo en casa el aire acondicionado que recomienda la OCU: esto es lo que m\u00e1s y menos me gusta en su uso diario \" width=\"375\" height=\"142\" src=\"https:\/\/i.blogs.es\/4b17e2\/img_20230616_132742\/375_142.webp\" onerror='this.src=\"https:\/\/i.blogs.es\/4b17e2\/img_20230616_132742\/375_142.jpeg\"'><br \/>\n    <\/a>\n   <\/div>\n<div class=\"desvio-summary\">\n<div class=\"desvio-taxonomy js-desvio-taxonomy\">\n     <a href=\"https:\/\/www.xatakahome.com\/hogar\/tengo-casa-modelo-aire-acondicionado-que-recomienda-ocu-esto-que-me-gusta-su-uso-diario-1\" class=\"desvio-taxonomy-anchor\">En Xataka Smart Home<\/a>\n    <\/div>\n<p>    <a href=\"https:\/\/www.xatakahome.com\/hogar\/tengo-casa-modelo-aire-acondicionado-que-recomienda-ocu-esto-que-me-gusta-su-uso-diario-1\" class=\"desvio-title js-desvio-title\">Tengo en casa el aire acondicionado que recomienda la OCU: esto es lo que m\u00e1s y menos me gusta en su uso diario <\/a>\n   <\/div>\n<\/p><\/div>\n<\/p><\/div>\n<\/div>\n<h2>TCL Inverter FreshIN 3.0, caracter\u00edsticas t\u00e9cnicas<\/h2>\n<div class=\"article-asset-image article-asset-normal article-asset-center\">\n<div class=\"asset-content\">\n<p>   <img decoding=\"async\" alt=\"Tcl Freshin 3 0 Lifestyle 1\" class=\"centro_sinmarco\" src=\"https:\/\/i.blogs.es\/154efb\/tcl-freshin-3.0---lifestyle-1\/450_1000.webp\"><\/p><\/div>\n<\/div>\n<p>Seg\u00fan sus creadores, la tercera generaci\u00f3n del aire acondicionado Inverter FreshIN de TCL aborda los <strong>retos de salud respiratoria,<\/strong> el consumo de energ\u00eda y la creaci\u00f3n de un entorno m\u00e1s saludable.<\/p>\n<p><!-- BREAK 3 --><\/p>\n<p>Para ello el equipo avisar\u00e1 al usuario cuando el aire fresco entre en su habitaci\u00f3n y lo dirigir\u00e1 a trav\u00e9s del panel superior usando adem\u00e1s el <strong>sistema de detecci\u00f3n de COVT (contaminantes vol\u00e1tiles)<\/strong> que permite controlar la calidad del aire de un vistazo.<\/p>\n<p><!-- BREAK 4 --><\/p>\n<div class=\"article-asset-image article-asset-normal article-asset-center\">\n<div class=\"asset-content\">\n<p>   <img decoding=\"async\" alt=\"Tcl Freshin 3 0 Ksp\" class=\"centro_sinmarco\" src=\"https:\/\/i.blogs.es\/298577\/tcl-freshin-3.0-ksp\/450_1000.webp\"><\/p><\/div>\n<\/div>\n<p>El sistema <strong>cambia de color en tiempo real en funci\u00f3n del nivel de contaminantes <\/strong>del aire detectados, lo que le permite ver al instante cu\u00e1ndo el aire est\u00e1 limpio y es seguro o cu\u00e1ndo es necesario actuar para mejorar la calidad del aire.<\/p>\n<p><!-- BREAK 5 --><\/p>\n<p>Cuenta con <strong>filtros Quadrupuri<\/strong>, un sistema de cuatro capas que filtra las part\u00edculas y refresca el aire interior especialmente cuando el aire exterior no es el ideal, pasando el aire de dentro a trav\u00e9s de este sistema. Incluye el <strong>filtro preliminar, la capa antibacteriana de iones de plata, el filtro de eficiencia EPA y el filtro de alta densidad<\/strong>, que aseguran es ideal para personas al\u00e9rgicas.<\/p>\n<p><!-- BREAK 6 --><\/p>\n<p>FreshIN 3.0 AC incorpora tambi\u00e9n una <strong>funci\u00f3n de autolimpieza<\/strong> que reduce los al\u00e9rgenos y las bacterias, facilitando el mantenimiento y manteniendo m\u00e1s limpio el aire con un <strong>ruido t\u00edpico de 16 dB<\/strong> por lo que en teor\u00eda se pude usar por las noches sin molestar.<\/p>\n<p><!-- BREAK 7 --><\/p>\n<div class=\"article-asset-image article-asset-normal article-asset-center\">\n<div class=\"asset-content\">\n<p>   <img decoding=\"async\" alt=\"Tcl Freshin 3 0 Lifestyle 3\" class=\"centro_sinmarco\" src=\"https:\/\/i.blogs.es\/d312c3\/tcl-freshin-3.0---lifestyle-3\/450_1000.webp\"><\/p><\/div>\n<\/div>\n<p>En cuanto a la emisi\u00f3n del aire, ofrece una<strong> tecnolog\u00eda de flujo de aire suave con m\u00e1s de 1.000 microagujeros<\/strong> que dispersan el aire fr\u00edo para crear una brisa laminar. Finalmente, sus inventores han se\u00f1alado que el equipo tambi\u00e9n est\u00e1 dise\u00f1ado para combatir la hipoxia y la sequedad aumentando intuitivamente los niveles de ox\u00edgeno y humedad, promoviendo un ambiente interior m\u00e1s saludable, aunque no han se\u00f1alado c\u00f3mo lo consigue exactamente.<\/p>\n<p><!-- BREAK 8 --><\/p>\n<p>En cuanto a la eficiencia energ\u00e9tica, contar\u00e1 con <strong>certificaci\u00f3n A+++<\/strong> y con una <strong>funci\u00f3n de monitorizaci\u00f3n del consumo el\u00e9ctrico<\/strong> en la aplicaci\u00f3n TCL Home, que \u00a0permite a los usuarios realizar un seguimiento de su consumo en tiempo real.<\/p>\n<p><!-- BREAK 9 --><\/p>\n<div class=\"article-asset-video article-asset-normal\">\n<div class=\"asset-content\">\n<div class=\"base-asset-video\">\n<div class=\"js-dailymotion\">\n    <script type=\"application\/json\">\n                          {\"videoId\":\"x8006fc\",\"autoplay\":true,\"title\":\"C\u00f3mo dormir cuando hace mucho calor y no tienes aire acondicionado\", \"tag\":\"\", \"duration\":\"217\"}\n                  <\/script>\n   <\/div>\n<\/p><\/div>\n<\/p><\/div>\n<\/div>\n<h2>Precio y disponibilidad<\/h2>\n<p>Los nuevos aires acondicionados de TCL ser\u00e1n mostrados en la <strong>IFA 2024<\/strong>, aunque los precios y fechas de venta todav\u00eda son una inc\u00f3gnita.<\/p>\n<p>En Xataka Smart Home | <a href=\"https:\/\/www.xatakahome.com\/hogar\/tengo-casa-modelo-aire-acondicionado-que-recomienda-ocu-esto-que-me-gusta-su-uso-diario-1\">Tengo en casa el aire acondicionado que recomienda la OCU: esto es lo que m\u00e1s y menos me gusta en su uso diario<\/a><\/p>\n<p><script>\n (function() {\n  window._JS_MODULES = window._JS_MODULES || {};\n  var headElement = document.getElementsByTagName('head')[0];\n  if (_JS_MODULES.instagram) {\n   var instagramScript = document.createElement('script');\n   instagramScript.src = 'https:\/\/platform.instagram.com\/en_US\/embeds.js';\n   instagramScript.async = true;\n   instagramScript.defer = true;\n   headElement.appendChild(instagramScript);\n  }\n })();\n<\/script><\/p>\n<p> &#8211; <br \/> La noticia<br \/>\n      <a href=\"https:\/\/www.xatakahome.com\/electrodomesticos-innovadores\/nuevos-aires-acondicionados-tcl-prometen-mejorar-calidad-aire-que-respiramos-enfriar?utm_source=feedburner&amp;utm_medium=feed&amp;utm_campaign=06_Sep_2024\"><br \/>\n       <em> Los nuevos aires acondicionados de TCL prometen mejorar la calidad del aire que respiramos adem\u00e1s de enfriar  <\/em><br \/>\n      <\/a><br \/>\n      fue publicada originalmente en<br \/>\n      <a href=\"https:\/\/www.xatakahome.com\/?utm_source=feedburner&amp;utm_medium=feed&amp;utm_campaign=06_Sep_2024\"><br \/>\n       <strong> Xataka Smart Home <\/strong><br \/>\n      <\/a><br \/>\n            por <a href=\"https:\/\/www.xatakahome.com\/autor\/paco-rodriguez?utm_source=feedburner&amp;utm_medium=feed&amp;utm_campaign=06_Sep_2024\"><br \/>\n       Paco Rodriguez<br \/>\n      <\/a><br \/>\n      . <\/p>\n<\/div>\n","protected":false},"excerpt":{"rendered":"<p>Contin\u00faan las novedades de TCL con motivo de la IFA 2024, y si hace unas horas habl\u00e1bamos de sus nuevos televisores de gran formato, ahora le toca el turno a sus equipos de climatizaci\u00f3n. Y es que la firma ha anunciado el lanzamiento del aire acondicionado Inverter FreshIN 3.0, un modelo que promete ir m\u00e1s &hellip; <a href=\"https:\/\/domosistemas.com\/?p=25529\" class=\"more-link\">Sigue leyendo <span class=\"screen-reader-text\">Los nuevos aires acondicionados de TCL prometen mejorar la calidad del aire que respiramos adem\u00e1s de enfriar<\/span><\/a><\/p>\n","protected":false},"author":1,"featured_media":0,"comment_status":"closed","ping_status":"closed","sticky":false,"template":"","format":"standard","meta":{"footnotes":""},"categories":[8],"tags":[],"class_list":["post-25529","post","type-post","status-publish","format-standard","hentry","category-xataka"],"_links":{"self":[{"href":"https:\/\/domosistemas.com\/index.php?rest_route=\/wp\/v2\/posts\/25529","targetHints":{"allow":["GET"]}}],"collection":[{"href":"https:\/\/domosistemas.com\/index.php?rest_route=\/wp\/v2\/posts"}],"about":[{"href":"https:\/\/domosistemas.com\/index.php?rest_route=\/wp\/v2\/types\/post"}],"author":[{"embeddable":true,"href":"https:\/\/domosistemas.com\/index.php?rest_route=\/wp\/v2\/users\/1"}],"replies":[{"embeddable":true,"href":"https:\/\/domosistemas.com\/index.php?rest_route=%2Fwp%2Fv2%2Fcomments&post=25529"}],"version-history":[{"count":0,"href":"https:\/\/domosistemas.com\/index.php?rest_route=\/wp\/v2\/posts\/25529\/revisions"}],"wp:attachment":[{"href":"https:\/\/domosistemas.com\/index.php?rest_route=%2Fwp%2Fv2%2Fmedia&parent=25529"}],"wp:term":[{"taxonomy":"category","embeddable":true,"href":"https:\/\/domosistemas.com\/index.php?rest_route=%2Fwp%2Fv2%2Fcategories&post=25529"},{"taxonomy":"post_tag","embeddable":true,"href":"https:\/\/domosistemas.com\/index.php?rest_route=%2Fwp%2Fv2%2Ftags&post=25529"}],"curies":[{"name":"wp","href":"https:\/\/api.w.org\/{rel}","templated":true}]}}