{"id":25561,"date":"2024-09-10T08:03:00","date_gmt":"2024-09-10T08:03:00","guid":{"rendered":"https:\/\/domosistemas.com\/?p=25561"},"modified":"2024-09-10T08:03:00","modified_gmt":"2024-09-10T08:03:00","slug":"los-edificios-de-pamplona-tienen-este-material-cancerigeno-y-el-ayuntamiento-quiere-eliminarlo-pero-costara-mucho-dinero","status":"publish","type":"post","link":"https:\/\/domosistemas.com\/?p=25561","title":{"rendered":"Los edificios de Pamplona tienen este material cancer\u00edgeno y el Ayuntamiento quiere eliminarlo: pero costar\u00e1 mucho dinero"},"content":{"rendered":"<div>\n<p>\n      <img decoding=\"async\" src=\"https:\/\/i.blogs.es\/6aed98\/brands-people-2_9qlmsu4ni-unsplash\/1024_2000.jpeg\" alt=\"Los edificios de Pamplona tienen este material cancer\u00edgeno y el Ayuntamiento quiere eliminarlo: pero costar\u00e1 mucho dinero \">\n    <\/p>\n<p>Cuando se construye un edificio, se emplea una gran cantidad de materiales. Aunque con el tiempo los estudios y desarrollos han mejorado la <strong>calidad de las construcciones y de los materiales<\/strong> para evitar problemas en los edificios y en la salud de quienes los ocupan, todav\u00eda quedan asignaturas pendientes (<a href=\"https:\/\/decoracion.trendencias.com\/varios\/material-fachada-edificio-incendiado-valencia-era-altamente-inflamable-asi-esta-legislacion-al-respecto\">el incendio de Valencia<\/a> as\u00ed lo demuestra).<\/p>\n<p><!-- BREAK 1 --><\/p>\n<p>Un caso particular es el del amianto, un material que, aunque <strong>est\u00e1 prohibido en la Uni\u00f3n Europea desde 2005<\/strong>, ha sido ampliamente empleado durante muchos a\u00f1os en la construcci\u00f3n y a\u00fan sigue presente en fachadas, cubiertas y chimeneas de edificios construidos a finales del siglo pasado. Por esta raz\u00f3n, en Navarra ya est\u00e1n planeando eliminar este material de las construcciones, tanto p\u00fablicas como privadas.<\/p>\n<p><!-- BREAK 2 --><\/p>\n<h2>El peligroso amianto<\/h2>\n<div class=\"article-asset-image article-asset-normal article-asset-center\">\n<div class=\"asset-content\">\n<div class=\"caption-img \">\n                    <a rel=\"noopener, noreferrer\" href=\"https:\/\/unsplash.com\/es\/@travbradwade\"><\/p>\n<p>    <img decoding=\"async\" alt=\"Trav Wade Twupckfuuby Unsplash\" class=\"centro_sinmarco\" src=\"https:\/\/i.blogs.es\/a592bd\/trav-wade-twupckfuuby-unsplash\/450_1000.webp\"><br \/>\n     <\/a><\/p>\n<p>        <span>Imagen de Trav Wade<\/span>\n   <\/div>\n<\/p><\/div>\n<\/div>\n<p>Si tienes unos a\u00f1os, seguramente has escuchado hablar del amianto. Se trata de un grupo de minerales fibrosos que <strong>fueron muy utilizados por su resistencia al calor, durabilidad<\/strong> y capacidad de aislamiento. Sin embargo, estudios realizados con el tiempo han demostrado que <a rel=\"noopener, noreferrer\" href=\"https:\/\/gacetamedica.com\/investigacion\/el-amianto-una-deuda-pendiente-e-invisible-de-salud-publica-en-espana\/\">inhalar sus fibras<\/a> puede ser extremadamente peligroso para la salud, ya que puede causar enfermedades graves como el c\u00e1ncer de pulm\u00f3n y la asbestosis.<\/p>\n<p><!-- BREAK 3 --><\/p>\n<div class=\"article-asset-video article-asset-normal\">\n<div class=\"asset-content\">\n<div class=\"base-asset-video\">\n<div class=\"js-dailymotion\">\n    <script type=\"application\/json\">\n                          {\"videoId\":\"x7znesx\",\"autoplay\":true,\"title\":\"Edificio de autoconsumo ASI\u0301 FUNCIONAN - Paneles solares en bloques de pisos\", \"tag\":\"solar\", \"duration\":\"564\"}\n                  <\/script>\n   <\/div>\n<\/p><\/div>\n<\/p><\/div>\n<\/div>\n<p>Tan peligroso es que la <a rel=\"noopener, noreferrer\" href=\"https:\/\/www.boe.es\/buscar\/act.php?id=BOE-A-2022-5809\">Ley 7\/2022<\/a>, del 8 de abril, sobre residuos y suelos contaminados para una econom\u00eda circular, estableci\u00f3 a nivel estatal la obligaci\u00f3n de <strong>retirar el amianto de todas las instalacione<\/strong>s y edificios p\u00fablicos antes de 2028. Los ayuntamientos son los encargados de establecer un censo de los edificios en los que este material est\u00e1 presente, aunque la demora en este proceso har\u00e1 dif\u00edcil que se cumpla dicho plazo.<\/p>\n<p><!-- BREAK 4 --><\/p>\n<p>Sin embargo, en la Comunidad Foral de Navarra, y espec\u00edficamente en el Ayuntamiento de Pamplona, ya han empezado a actuar. La Junta de Gobierno Local del Ayuntamiento de Pamplona ha autorizado la <strong>elaboraci\u00f3n de un censo de edificios<\/strong>, tanto p\u00fablicos como privados, en los que haya amianto. El objetivo es tener este censo finalizado a mediados de 2025 (elaborarlo llevar\u00e1 tres meses una vez adjudicado) para comenzar con la eliminaci\u00f3n del material.<\/p>\n<p><!-- BREAK 5 --><\/p>\n<div class=\"article-asset-image article-asset-normal article-asset-center\">\n<div class=\"asset-content\">\n<div class=\"caption-img \">\n                    <a rel=\"noopener, noreferrer\" href=\"https:\/\/unsplash.com\/es\/@selimarda\"><\/p>\n<p>    <img decoding=\"async\" alt=\"Selim Arda Eryilmaz Cnzsjj4rqdu Unsplash\" class=\"centro_sinmarco\" src=\"https:\/\/i.blogs.es\/960d40\/selim-arda-eryilmaz-cnzsjj4rqdu-unsplash\/450_1000.webp\"><br \/>\n     <\/a><\/p>\n<p>        <span>Imagen de Selim Arda Eryilmaz<\/span>\n   <\/div>\n<\/p><\/div>\n<\/div>\n<p>Seg\u00fan informan en <a rel=\"noopener, noreferrer\" href=\"https:\/\/navarra.okdiario.com\/articulo\/pamplona\/pamplona-preve-tener-censo-amianto-mediados-2025\/20240909131724560690.amp.html\">OKDiario<\/a>, gracias a la elaboraci\u00f3n de este censo se podr\u00e1 identificar y evaluar el estado del amianto presente en fachadas, cubiertas, chimeneas, etc., y se realizar\u00e1 <strong>un informe detallado de todos los edificios<\/strong> susceptibles de inspecci\u00f3n. Con este informe, se priorizar\u00e1 la retirada del amianto en funci\u00f3n de su estado, as\u00ed como del grado de peligrosidad y exposici\u00f3n a la poblaci\u00f3n m\u00e1s vulnerable.<\/p>\n<p><!-- BREAK 6 --><\/p>\n<p>Pamplona pretende <strong>cumplir con los plazos establecidos por la Uni\u00f3n Europea<\/strong>, que exigen que para 2032 el amianto haya desaparecido de todas las edificaciones. Aunque el censo deber\u00eda haber estado listo en 2023, desde el consistorio esperan que para 2028 se haya eliminado este material de todos los edificios p\u00fablicos, cumpliendo con el objetivo fijado por Europa.<\/p>\n<p><!-- BREAK 7 --><\/p>\n<h2>Primeras intervenciones<\/h2>\n<div class=\"article-asset-image article-asset-normal article-asset-center\">\n<div class=\"asset-content\">\n<div class=\"caption-img \">\n                    <a rel=\"noopener, noreferrer\" href=\"https:\/\/visodesamianta.com\/usos-habituales-del-amianto-en-espana\/\"><\/p>\n<p>    <img decoding=\"async\" alt=\"Amianto En Espana\" class=\"centro_sinmarco\" src=\"https:\/\/i.blogs.es\/629c69\/amianto-en-espana\/450_1000.webp\"><br \/>\n     <\/a><\/p>\n<p>        <span>Imagen | Viso desamianta<\/span>\n   <\/div>\n<\/p><\/div>\n<\/div>\n<p>Una de las <strong>primeras intervenciones<\/strong> se realizar\u00e1 en el edificio de Oscus, ubicado entre las calles Navarrer\u00eda, Carmen y Red\u00edn, cuya demolici\u00f3n ha estado prevista durante d\u00e9cadas. Este edificio, seg\u00fan el concejal de Gobierno Estrat\u00e9gico, Urbanismo, Vivienda y Agenda 2030, Joxe Abaurrea, \u00ab<em>contiene un nivel considerable de amianto y presenta un estado avanzado de degradaci\u00f3n tras a\u00f1os en desuso<\/em>\u00ab.<\/p>\n<p><!-- BREAK 8 --><\/p>\n<p>Otro de los edificios en los que se actuar\u00e1 es la nave de Aceros Sadar, un espacio de titularidad privada perteneciente al Plan Sectorial de Incidencia Supramunicipal (PSIS) de la Universidad P\u00fablica de Navarra (UPNA), que <strong>ya ha sufrido diversos incendios<\/strong> y donde actualmente pernoctan personas.<\/p>\n<p><!-- BREAK 9 --><\/p>\n<div class=\"article-asset article-asset-normal article-asset-center\">\n<div class=\"desvio-container\">\n<div class=\"desvio\">\n<div class=\"desvio-figure js-desvio-figure\">\n    <a href=\"https:\/\/www.xatakahome.com\/tutoriales\/como-solicitar-ayudas-europeas-para-rehabilitar-tu-casa-edificio-ahorrarte-unos-euros-reforma\"><br \/>\n     <img loading=\"lazy\" decoding=\"async\" alt=\"C\u00f3mo solicitar las ayudas europeas para rehabilitar tu casa o edificio y ahorrarte unos euros en la reforma\" width=\"375\" height=\"142\" src=\"https:\/\/i.blogs.es\/c08d3d\/20170308_184615\/375_142.webp\" onerror='this.src=\"https:\/\/i.blogs.es\/c08d3d\/20170308_184615\/375_142.jpeg\"'><br \/>\n    <\/a>\n   <\/div>\n<div class=\"desvio-summary\">\n<div class=\"desvio-taxonomy js-desvio-taxonomy\">\n     <a href=\"https:\/\/www.xatakahome.com\/tutoriales\/como-solicitar-ayudas-europeas-para-rehabilitar-tu-casa-edificio-ahorrarte-unos-euros-reforma\" class=\"desvio-taxonomy-anchor\">En Xataka Smart Home<\/a>\n    <\/div>\n<p>    <a href=\"https:\/\/www.xatakahome.com\/tutoriales\/como-solicitar-ayudas-europeas-para-rehabilitar-tu-casa-edificio-ahorrarte-unos-euros-reforma\" class=\"desvio-title js-desvio-title\">C\u00f3mo solicitar las ayudas europeas para rehabilitar tu casa o edificio y ahorrarte unos euros en la reforma<\/a>\n   <\/div>\n<\/p><\/div>\n<\/p><\/div>\n<\/div>\n<p>En los edificios p\u00fablicos est\u00e1 claro que la administraci\u00f3n ser\u00e1 la encargada de asumir los costos de los trabajos, pero en las construcciones privadas la situaci\u00f3n es m\u00e1s compleja. Ser\u00e1 el \u00e1rea de Gobierno Estrat\u00e9gico, Urbanismo, Vivienda y Agenda 2030 la encargada de informar y requerir actuaciones seg\u00fan el censo. Como ha reconocido el propio Abaurrea, <strong>ser\u00e1 un trabajo largo y complicado<\/strong>.<\/p>\n<p><!-- BREAK 10 --><\/p>\n<p>Adem\u00e1s del censo, el problema principal es <strong>el coste de la retirada de este material<\/strong>, ya que el proceso no es barato. Por ello, desde el Ayuntamiento tienen previsto habilitar, junto con el Gobierno de Navarra, una bolsa de ayudas para incentivar el inter\u00e9s en la eliminaci\u00f3n del amianto.<\/p>\n<p><!-- BREAK 11 --><\/p>\n<h2>Empresas autorizadas<\/h2>\n<div class=\"article-asset-image article-asset-normal article-asset-center\">\n<div class=\"asset-content\">\n<div class=\"caption-img \">\n                    <a rel=\"noopener, noreferrer\" href=\"https:\/\/vertikaless.es\/amianto-peligroso-la-salud\/\"><\/p>\n<p>    <img decoding=\"async\" alt=\"Amianto\" class=\"centro_sinmarco\" src=\"https:\/\/i.blogs.es\/ce4871\/captura-1sdfgsdf024x641\/450_1000.webp\"><br \/>\n     <\/a><\/p>\n<p>        <span>Imagen | Vertikaless<\/span>\n   <\/div>\n<\/p><\/div>\n<\/div>\n<p>El problema llega aqu\u00ed con el precio que tiene deshacerse de este material. Primero porque para hacerlo habr\u00e1 que contar con <strong>una empresa que est\u00e9 autorizada<\/strong> y segundo por el coste econ\u00f3mico que tiene llevar a cabo el proceso.<\/p>\n<p><!-- BREAK 12 --><\/p>\n<p>De entrada y seg\u00fan el <strong>Real Decreto 396\/2006<\/strong>, solo las empresas que est\u00e9n debidamente homologadas en el Registro de Empresas con Riesgo de Amianto (RERA), est\u00e1n autorizados para llevar a cabo la demolici\u00f3n y retirada de este material.<\/p>\n<p><!-- BREAK 13 --><\/p>\n<blockquote><p>Para proteger la salud de los trabajadores y el medio ambiente, cualquier proyecto de retirada de amianto s\u00f3lo podr\u00e1 realizarse por empresas certificadas y capacitadas<\/p><\/blockquote>\n<p>Esta medida busca <strong>proteger la salud de los trabajadores y el medio ambiente<\/strong>. El incumplimiento de esta normativa puede acarrear sanciones que van desde los 400 hasta los 800.000 euros, seg\u00fan la gravedad de la infracci\u00f3n.<\/p>\n<p><!-- BREAK 14 --><\/p>\n<div class=\"article-asset article-asset-normal article-asset-center\">\n<div class=\"desvio-container\">\n<div class=\"desvio\">\n<div class=\"desvio-figure js-desvio-figure\">\n    <a href=\"https:\/\/www.xatakahome.com\/a-fondo\/que-eecn-que-nuestra-casa-va-a-tener-que-convertirse-uno-estos-edificios-proximamente\"><br \/>\n     <img loading=\"lazy\" decoding=\"async\" alt=\"Edificios de Consumo Casi Nulo. As\u00ed son y as\u00ed obligan la leyes y Europa para que sea nuestra casa del futuro (y del presente)\" width=\"375\" height=\"142\" src=\"https:\/\/i.blogs.es\/a02af4\/albanil\/375_142.webp\" onerror='this.src=\"https:\/\/i.blogs.es\/a02af4\/albanil\/375_142.jpeg\"'><br \/>\n    <\/a>\n   <\/div>\n<div class=\"desvio-summary\">\n<div class=\"desvio-taxonomy js-desvio-taxonomy\">\n     <a href=\"https:\/\/www.xatakahome.com\/a-fondo\/que-eecn-que-nuestra-casa-va-a-tener-que-convertirse-uno-estos-edificios-proximamente\" class=\"desvio-taxonomy-anchor\">En Xataka Smart Home<\/a>\n    <\/div>\n<p>    <a href=\"https:\/\/www.xatakahome.com\/a-fondo\/que-eecn-que-nuestra-casa-va-a-tener-que-convertirse-uno-estos-edificios-proximamente\" class=\"desvio-title js-desvio-title\">Edificios de Consumo Casi Nulo. As\u00ed son y as\u00ed obligan la leyes y Europa para que sea nuestra casa del futuro (y del presente)<\/a>\n   <\/div>\n<\/p><\/div>\n<\/p><\/div>\n<\/div>\n<p>Antes de comenzar cualquier <strong>trabajo de retirada de amianto<\/strong>, es obligatorio presentar un Plan de Amianto que detalle el proyecto, los m\u00e9todos de eliminaci\u00f3n, las medidas de seguridad y los procedimientos de gesti\u00f3n de residuos. Este plan debe ser aprobado por la comunidad aut\u00f3noma correspondiente para garantizar el cumplimiento de todas las normativas.<\/p>\n<p><!-- BREAK 15 --><\/p>\n<p>Los trabajadores involucrados en la retirada de amianto deben usar equipos de protecci\u00f3n individual (EPI), como <strong>trajes y mascarillas especiales<\/strong>, y deben ducharse al finalizar su turno para eliminar cualquier posible fibra adherida. El amianto retirado debe ser encapsulado y transportado a vertederos especializados. Tambi\u00e9n se recomienda realizar mediciones ambientales tras la retirada para confirmar que no queden fibras peligrosas en el aire.<\/p>\n<p><!-- BREAK 16 --><\/p>\n<h2>Un problema econ\u00f3mico<\/h2>\n<div class=\"article-asset-image article-asset-normal article-asset-center\">\n<div class=\"asset-content\">\n<div class=\"caption-img \">\n                    <a rel=\"noopener, noreferrer\" href=\"https:\/\/www.pexels.com\/es-es\/foto\/hombre-vestido-con-pantalones-de-mezclilla-negros-con-martillo-de-transporte-en-la-funda-8092\/\"><\/p>\n<p>    <img decoding=\"async\" alt=\"Pexels Life Of Pix 8092\" class=\"centro_sinmarco\" src=\"https:\/\/i.blogs.es\/ce603f\/pexels-life-of-pix-8092\/450_1000.webp\"><br \/>\n     <\/a><\/p>\n<p>        <span>Foto de Life Of Pix<\/span>\n   <\/div>\n<\/p><\/div>\n<\/div>\n<p>Y por todos estos requisitos, a la hora de retirar este material de una edificaci\u00f3n, hay que <strong>hacer frente al otro gran problema<\/strong>: <a rel=\"noopener, noreferrer\" href=\"https:\/\/gestiondelamianto.com\/precios-tarifas-retirada-amianto\/#%C2%BFCuanto_cuesta_retirar_el_m2_de_uralita\">el dinero<\/a>. Y es que sobre todo en el caso de edificios privados, m\u00e1xime si se trata de pocos vecinos, el coste de la retirada de material puede suponer todo un problema.<\/p>\n<p><!-- BREAK 17 --><\/p>\n<p>Sin ir m\u00e1s lejos, en mi edificio, por ejemplo, construido en 1974, hay un tubo de amianto que serv\u00eda como salida de gases para la antigua caldera. Un tubo situado en un patio interior a vista del resto de vecinos y que queremos quitar antes de proceder con la pintura. Sin embargo, tan solo la eliminaci\u00f3n del tubo tiene un coste de <strong>casi 4.000 euros<\/strong>, lo cual es mucho dinero para un edificio con solo 10 vecinos. Por eso, es crucial que existan bolsas de ayudas econ\u00f3micas para facilitar la retirada del amianto en edificios privados.<\/p>\n<p><!-- BREAK 18 --><\/p>\n<p>Foto de portada | <a rel=\"noopener, noreferrer\" href=\"https:\/\/unsplash.com\/es\/@brandsandpeople?utm_content=creditCopyText&amp;utm_medium=referral&amp;utm_source=unsplash\">Brands&amp;People<\/a> en <a rel=\"noopener, noreferrer\" href=\"https:\/\/unsplash.com\/es\/fotos\/hombre-con-camiseta-blanca-y-pantalones-negros-de-pie-en-la-escalera-2_9qLMsu4NI?utm_content=creditCopyText&amp;utm_medium=referral&amp;utm_source=unsplash\">Unsplash<\/a><\/p>\n<p>V\u00eda | <a rel=\"noopener, noreferrer\" href=\"https:\/\/navarra.okdiario.com\/articulo\/pamplona\/pamplona-preve-tener-censo-amianto-mediados-2025\/20240909131724560690.amp.html\">Navarra.com<\/a><\/p>\n<p><script>\n (function() {\n  window._JS_MODULES = window._JS_MODULES || {};\n  var headElement = document.getElementsByTagName('head')[0];\n  if (_JS_MODULES.instagram) {\n   var instagramScript = document.createElement('script');\n   instagramScript.src = 'https:\/\/platform.instagram.com\/en_US\/embeds.js';\n   instagramScript.async = true;\n   instagramScript.defer = true;\n   headElement.appendChild(instagramScript);\n  }\n })();\n<\/script><\/p>\n<p> &#8211; <br \/> La noticia<br \/>\n      <a href=\"https:\/\/www.xatakahome.com\/diseno-y-arquitectura\/edificios-pamplona-tienen-este-material-cancerigeno-ayuntamiento-quiere-eliminarlo-costara-mucho-dinero?utm_source=feedburner&amp;utm_medium=feed&amp;utm_campaign=10_Sep_2024\"><br \/>\n       <em> Los edificios de Pamplona tienen este material cancer\u00edgeno y el Ayuntamiento quiere eliminarlo: pero costar\u00e1 mucho dinero  <\/em><br \/>\n      <\/a><br \/>\n      fue publicada originalmente en<br \/>\n      <a href=\"https:\/\/www.xatakahome.com\/?utm_source=feedburner&amp;utm_medium=feed&amp;utm_campaign=10_Sep_2024\"><br \/>\n       <strong> Xataka Smart Home <\/strong><br \/>\n      <\/a><br \/>\n            por <a href=\"https:\/\/www.xatakahome.com\/autor\/jose-antonio-carmona?utm_source=feedburner&amp;utm_medium=feed&amp;utm_campaign=10_Sep_2024\"><br \/>\n       Jose Antonio Carmona<br \/>\n      <\/a><br \/>\n      . <\/p>\n<\/div>\n","protected":false},"excerpt":{"rendered":"<p>Cuando se construye un edificio, se emplea una gran cantidad de materiales. Aunque con el tiempo los estudios y desarrollos han mejorado la calidad de las construcciones y de los materiales para evitar problemas en los edificios y en la salud de quienes los ocupan, todav\u00eda quedan asignaturas pendientes (el incendio de Valencia as\u00ed lo &hellip; <a href=\"https:\/\/domosistemas.com\/?p=25561\" class=\"more-link\">Sigue leyendo <span class=\"screen-reader-text\">Los edificios de Pamplona tienen este material cancer\u00edgeno y el Ayuntamiento quiere eliminarlo: pero costar\u00e1 mucho dinero<\/span><\/a><\/p>\n","protected":false},"author":1,"featured_media":0,"comment_status":"closed","ping_status":"closed","sticky":false,"template":"","format":"standard","meta":{"footnotes":""},"categories":[8],"tags":[],"class_list":["post-25561","post","type-post","status-publish","format-standard","hentry","category-xataka"],"_links":{"self":[{"href":"https:\/\/domosistemas.com\/index.php?rest_route=\/wp\/v2\/posts\/25561","targetHints":{"allow":["GET"]}}],"collection":[{"href":"https:\/\/domosistemas.com\/index.php?rest_route=\/wp\/v2\/posts"}],"about":[{"href":"https:\/\/domosistemas.com\/index.php?rest_route=\/wp\/v2\/types\/post"}],"author":[{"embeddable":true,"href":"https:\/\/domosistemas.com\/index.php?rest_route=\/wp\/v2\/users\/1"}],"replies":[{"embeddable":true,"href":"https:\/\/domosistemas.com\/index.php?rest_route=%2Fwp%2Fv2%2Fcomments&post=25561"}],"version-history":[{"count":0,"href":"https:\/\/domosistemas.com\/index.php?rest_route=\/wp\/v2\/posts\/25561\/revisions"}],"wp:attachment":[{"href":"https:\/\/domosistemas.com\/index.php?rest_route=%2Fwp%2Fv2%2Fmedia&parent=25561"}],"wp:term":[{"taxonomy":"category","embeddable":true,"href":"https:\/\/domosistemas.com\/index.php?rest_route=%2Fwp%2Fv2%2Fcategories&post=25561"},{"taxonomy":"post_tag","embeddable":true,"href":"https:\/\/domosistemas.com\/index.php?rest_route=%2Fwp%2Fv2%2Ftags&post=25561"}],"curies":[{"name":"wp","href":"https:\/\/api.w.org\/{rel}","templated":true}]}}