{"id":25616,"date":"2024-09-13T14:09:48","date_gmt":"2024-09-13T14:09:48","guid":{"rendered":"https:\/\/domosistemas.com\/?p=25616"},"modified":"2024-09-13T14:09:48","modified_gmt":"2024-09-13T14:09:48","slug":"ya-puedes-disfrutar-del-nuevo-canal-gratis-que-llega-a-movistar-plus","status":"publish","type":"post","link":"https:\/\/domosistemas.com\/?p=25616","title":{"rendered":"Ya puedes disfrutar del nuevo canal gratis que llega a Movistar Plus+"},"content":{"rendered":"<div>\n<p>\n      <img decoding=\"async\" src=\"https:\/\/i.blogs.es\/8543e9\/movistar-2\/1024_2000.jpeg\" alt=\"Ya puedes disfrutar del nuevo canal gratis que llega a Movistar Plus+ \">\n    <\/p>\n<p>Como suele ser habitual, la programaci\u00f3n de Movistar Plus+ suele cambiar cada temporada y cada varias semanas, por lo que si eres usuario de esta plataforma, <strong>conviene echarle un ojo de vez en cuando a la lista de canales<\/strong>, pues puede que te encuentres con alguna que otra sorpresa.<\/p>\n<p><!-- BREAK 1 --><\/p>\n<p>En este caso, con motivo del Festival Internacional de Cine de San Sebasti\u00e1n, que dar\u00e1 comienzo el pr\u00f3ximo 20 de septiembre, Movistar ha dedicado <a href=\"https:\/\/www.xatakamovil.com\/movistar\/este-nuevo-canal-gratis-que-acaba-llegar-a-movistar-plus\">un canal exclusivo a esta gala<\/a>, pudiendo as\u00ed disfrutar de <strong>m\u00faltiples largometrajes premiados<\/strong> en este festival. Bajo estas l\u00edneas te contamos todos los detalles.<\/p>\n<p><!-- BREAK 2 --><\/p>\n<h2>Llega el Festival Internacional de Cine de San Sebasti\u00e1n, en Movistar Plus+<\/h2>\n<div class=\"article-asset-image article-asset-normal article-asset-center\">\n<div class=\"asset-content\">\n<div class=\"caption-img \">\n<p>   <img decoding=\"async\" alt=\"Movistar\" class=\"centro_sinmarco\" src=\"https:\/\/i.blogs.es\/e40795\/movistar\/450_1000.webp\"><\/p>\n<p>        <span>Imagen: Movistar Plus+<\/span>\n   <\/div>\n<\/p><\/div>\n<\/div>\n<p>El canal en cuesti\u00f3n se llama &#8216;<strong>Festival de San Sebasti\u00e1n por M+<\/strong>&#8216;, y <strong>lo podr\u00e1s encontrar en el dial 15<\/strong>. Se trata de un canal pop-up exclusivo que comienza su emisi\u00f3n hoy 13 de septiembre, y se alargar\u00e1 hasta principios de octubre. Este canal se ha emitido en anteriores a\u00f1os, por lo que 2024 no iba a ser distinto para Movistar Plus+.<\/p>\n<p><!-- BREAK 3 --><\/p>\n<p>Dentro de este canal podemos disfrutar de grandes pel\u00edculas como &#8216;La Casa&#8217;, &#8216;Puan&#8217;, &#8216;Nina&#8217;, &#8216;Mam\u00edfera&#8217;, &#8216;Yo capit\u00e1n&#8217; o &#8216;La estrella azul&#8217;, todas ellas premiadas en este certamen. Tampoco faltar\u00e1n otros largometrajes que recibieron galard\u00f3n en pasadas ediciones. Aqu\u00ed encontraremos tanto cine espa\u00f1ol, como obras internacionales. Adem\u00e1s, <strong>toda su programaci\u00f3n estar\u00e1 tambi\u00e9n disponible bajo demanda<\/strong>.<\/p>\n<p><!-- BREAK 4 --><\/p>\n<div class=\"article-asset-video article-asset-normal\">\n<div class=\"asset-content\">\n<div class=\"base-asset-video\">\n<div class=\"js-dailymotion\">\n    <script type=\"application\/json\">\n                          {\"videoId\":\"x89h6x7\",\"autoplay\":true,\"title\":\"LA TDT en TU MO\u0301VIL o TABLET: TODOS LOS CANALES en TU ANDROID\", \"tag\":\"webedia-prod\", \"duration\":\"155\"}\n                  <\/script>\n   <\/div>\n<\/p><\/div>\n<\/p><\/div>\n<\/div>\n<p>Junto a las pel\u00edculas que se incluyen en este canal, tambi\u00e9n podremos disfrutar de una serie de documentales, reportajes y <strong>programas especiales que cubrir\u00e1n la 72\u00aa edici\u00f3n del Festival de Cine de San Sebasti\u00e1n<\/strong>, un evento que comenzar\u00e1 el pr\u00f3ximo 20 de septiembre y se alargar\u00e1 hasta el 28 del mismo mes. En el canal tambi\u00e9n disfrutaremos de un programa diario que repasar\u00e1 toda la actualidad referente al festival, as\u00ed como la ceremonia de premios.<\/p>\n<p><!-- BREAK 5 --><\/p>\n<div class=\"article-asset article-asset-normal article-asset-center\">\n<div class=\"desvio-container\">\n<div class=\"desvio\">\n<div class=\"desvio-figure js-desvio-figure\">\n    <a href=\"https:\/\/www.xatakahome.com\/servicios-de-smart-tv\/decodificador-movistar-plus-gastara-luz-activas-estas-dos-opciones-menu-configuracion-1\"><br \/>\n     <img loading=\"lazy\" decoding=\"async\" alt=\"El decodificador de Movistar Plus+ gastar\u00e1 menos luz si activas estas dos opciones en el men\u00fa de configuraci\u00f3n  \" width=\"375\" height=\"142\" src=\"https:\/\/i.blogs.es\/ceda95\/1366deco_2000\/375_142.webp\" onerror='this.src=\"https:\/\/i.blogs.es\/ceda95\/1366deco_2000\/375_142.jpeg\"'><br \/>\n    <\/a>\n   <\/div>\n<div class=\"desvio-summary\">\n<div class=\"desvio-taxonomy js-desvio-taxonomy\">\n     <a href=\"https:\/\/www.xatakahome.com\/servicios-de-smart-tv\/decodificador-movistar-plus-gastara-luz-activas-estas-dos-opciones-menu-configuracion-1\" class=\"desvio-taxonomy-anchor\">En Xataka Smart Home<\/a>\n    <\/div>\n<p>    <a href=\"https:\/\/www.xatakahome.com\/servicios-de-smart-tv\/decodificador-movistar-plus-gastara-luz-activas-estas-dos-opciones-menu-configuracion-1\" class=\"desvio-title js-desvio-title\">El decodificador de Movistar Plus+ gastar\u00e1 menos luz si activas estas dos opciones en el men\u00fa de configuraci\u00f3n  <\/a>\n   <\/div>\n<\/p><\/div>\n<\/p><\/div>\n<\/div>\n<p><strong>Todos los usuarios de Movistar Plus+ podr\u00e1n acceder al canal<\/strong>, por lo que no tendr\u00e1s que tener una tarifa adicional contratada para disfrutar de este canal exclusivo que, como dec\u00edamos, estar\u00e1 por tiempo limitado en la programaci\u00f3n de la plataforma. Lo tendr\u00e1s disponible en el dial 15.<\/p>\n<p><!-- BREAK 6 --><\/p>\n<p>En Xataka Smart Home | <a href=\"https:\/\/www.xatakahome.com\/a-fondo\/me-ha-llegado-mando-vocal-movistar-plus-sus-mejoras-me-han-convencido-suficiente-como-para-no-querer-volver-atras-1\">Me ha llegado el mando vocal de Movistar Plus+ y sus mejoras me han convencido lo suficiente como para no querer volver atr\u00e1s<\/a><\/p>\n<p><script>\n (function() {\n  window._JS_MODULES = window._JS_MODULES || {};\n  var headElement = document.getElementsByTagName('head')[0];\n  if (_JS_MODULES.instagram) {\n   var instagramScript = document.createElement('script');\n   instagramScript.src = 'https:\/\/platform.instagram.com\/en_US\/embeds.js';\n   instagramScript.async = true;\n   instagramScript.defer = true;\n   headElement.appendChild(instagramScript);\n  }\n })();\n<\/script><\/p>\n<p> &#8211; <br \/> La noticia<br \/>\n      <a href=\"https:\/\/www.xatakahome.com\/servicios-de-smart-tv\/puedes-disfrutar-nuevo-canal-gratis-que-llega-a-movistar-plus?utm_source=feedburner&amp;utm_medium=feed&amp;utm_campaign=13_Sep_2024\"><br \/>\n       <em> Ya puedes disfrutar del nuevo canal gratis que llega a Movistar Plus+  <\/em><br \/>\n      <\/a><br \/>\n      fue publicada originalmente en<br \/>\n      <a href=\"https:\/\/www.xatakahome.com\/?utm_source=feedburner&amp;utm_medium=feed&amp;utm_campaign=13_Sep_2024\"><br \/>\n       <strong> Xataka Smart Home <\/strong><br \/>\n      <\/a><br \/>\n            por <a href=\"https:\/\/www.xatakahome.com\/autor\/antonio-vallejo?utm_source=feedburner&amp;utm_medium=feed&amp;utm_campaign=13_Sep_2024\"><br \/>\n       Antonio Vallejo<br \/>\n      <\/a><br \/>\n      . <\/p>\n<\/div>\n","protected":false},"excerpt":{"rendered":"<p>Como suele ser habitual, la programaci\u00f3n de Movistar Plus+ suele cambiar cada temporada y cada varias semanas, por lo que si eres usuario de esta plataforma, conviene echarle un ojo de vez en cuando a la lista de canales, pues puede que te encuentres con alguna que otra sorpresa. En este caso, con motivo del &hellip; <a href=\"https:\/\/domosistemas.com\/?p=25616\" class=\"more-link\">Sigue leyendo <span class=\"screen-reader-text\">Ya puedes disfrutar del nuevo canal gratis que llega a Movistar Plus+<\/span><\/a><\/p>\n","protected":false},"author":1,"featured_media":0,"comment_status":"closed","ping_status":"closed","sticky":false,"template":"","format":"standard","meta":{"footnotes":""},"categories":[8],"tags":[],"class_list":["post-25616","post","type-post","status-publish","format-standard","hentry","category-xataka"],"_links":{"self":[{"href":"https:\/\/domosistemas.com\/index.php?rest_route=\/wp\/v2\/posts\/25616","targetHints":{"allow":["GET"]}}],"collection":[{"href":"https:\/\/domosistemas.com\/index.php?rest_route=\/wp\/v2\/posts"}],"about":[{"href":"https:\/\/domosistemas.com\/index.php?rest_route=\/wp\/v2\/types\/post"}],"author":[{"embeddable":true,"href":"https:\/\/domosistemas.com\/index.php?rest_route=\/wp\/v2\/users\/1"}],"replies":[{"embeddable":true,"href":"https:\/\/domosistemas.com\/index.php?rest_route=%2Fwp%2Fv2%2Fcomments&post=25616"}],"version-history":[{"count":0,"href":"https:\/\/domosistemas.com\/index.php?rest_route=\/wp\/v2\/posts\/25616\/revisions"}],"wp:attachment":[{"href":"https:\/\/domosistemas.com\/index.php?rest_route=%2Fwp%2Fv2%2Fmedia&parent=25616"}],"wp:term":[{"taxonomy":"category","embeddable":true,"href":"https:\/\/domosistemas.com\/index.php?rest_route=%2Fwp%2Fv2%2Fcategories&post=25616"},{"taxonomy":"post_tag","embeddable":true,"href":"https:\/\/domosistemas.com\/index.php?rest_route=%2Fwp%2Fv2%2Ftags&post=25616"}],"curies":[{"name":"wp","href":"https:\/\/api.w.org\/{rel}","templated":true}]}}