{"id":25620,"date":"2024-09-15T08:01:28","date_gmt":"2024-09-15T08:01:28","guid":{"rendered":"https:\/\/domosistemas.com\/?p=25620"},"modified":"2024-09-15T08:01:28","modified_gmt":"2024-09-15T08:01:28","slug":"leroy-merlin-tiene-un-tendedero-electrico-ideal-para-tender-y-secar-tu-ropa-dentro-de-casa-a-pesar-de-las-intensas-lluvias","status":"publish","type":"post","link":"https:\/\/domosistemas.com\/?p=25620","title":{"rendered":"Leroy Merlin tiene un tendedero el\u00e9ctrico ideal para tender y secar tu ropa dentro de casa a pesar de las intensas lluvias"},"content":{"rendered":"<div>\n<p>\n      <img decoding=\"async\" src=\"https:\/\/i.blogs.es\/8b1e08\/pexels-sarah-chai-7282431\/1024_2000.jpeg\" alt=\"Leroy Merlin tiene un tendedero el\u00e9ctrico ideal para tender y secar tu ropa dentro de casa a pesar de las intensas lluvias \">\n    <\/p>\n<p>Ahora que las intensas lluvias y el oto\u00f1o parecen hacer acto de presencia despu\u00e9s de un verano caluroso, es <strong>complicado tender la ropa fuera de casa<\/strong>. Sobre todo, si vives en una zona h\u00fameda. Por eso, este <strong>tendedero el\u00e9ctrico<\/strong> ocupa poco espacio y es muy pr\u00e1ctico para secar la ropa de manera r\u00e1pida y sencilla. Ahora lo puedes conseguir al mejor precio en <strong>Leroy Merlin<\/strong> por solo <a rel=\"noopener, noreferrer\" href=\"https:\/\/www.awin1.com\/cread.php?awinmid=20598&amp;awinaffid=1060761&amp;platform=dl&amp;ued=https%3A%2F%2Fwww.leroymerlin.es%2Ffp%2F15986551%2Ftendedero-de-ropa-electrico-s825g-1\">77,99 euros<\/a>.<\/p>\n<p><!-- BREAK 1 --><!-- PIVOT START --><\/p>\n<div class=\"pivot-ecommerce-container m-pivot-ecommerce-redesign article-asset-normal article-asset-center\">\n<div class=\"pivot-ecommerce\">\n<div class=\"pivot-ecommerce-figure\">\n  <a rel=\"nofollow, sponsored, noopener, noreferrer noopener\" target=\"_blank\" href=\"https:\/\/www.xatakahome.com\/redirect?url=https%3A%2F%2Fwww.leroymerlin.es%2Fproductos%2Fferreteria-y-seguridad%2Flavado-y-planchado%2Ftendederos%2Ftendedero-de-ropa-electrico-s825g-1-15986551.html&amp;category=seleccion&amp;pivot=1&amp;ecomPostExpiration=perish&amp;postId=114080\"><br \/>\n   <img loading=\"lazy\" decoding=\"async\" alt=\"Tendedero de ropa el\u00e9ctrico S825G-1\" width=\"81\" height=\"81\" src=\"https:\/\/i.blogs.es\/b8c7dd\/blob\/original.webp\" onerror='this.src=\"https:\/\/i.blogs.es\/b8c7dd\/blob\/original.jpeg\"'><br \/>\n  <\/a>\n  <\/div>\n<div class=\"pivot-ecommerce-summary\">\n<p class=\"pivot-ecommerce-desc\">Tendedero de ropa el\u00e9ctrico S825G-1<\/p>\n<div class=\"pivot-actions \">\n<div class=\"pivot-actions-row\">\n <a rel=\"nofollow, sponsored, noopener, noreferrer noopener\" target=\"_blank\" data-asin=\"\" data-store=\"\" href=\"https:\/\/www.xatakahome.com\/redirect?url=https%3A%2F%2Fwww.leroymerlin.es%2Fproductos%2Fferreteria-y-seguridad%2Flavado-y-planchado%2Ftendederos%2Ftendedero-de-ropa-electrico-s825g-1-15986551.html&amp;category=seleccion&amp;pivot=1&amp;ecomPostExpiration=perish&amp;postId=114080\" title=\"Precio de venta al p\u00fablico a fecha de publicaci\u00f3n\" class=\"pivot-action-btn pivot-action-primary\">PVP en Leroy Merlin \u2014 <strong>77,99<\/strong> \u20ac<\/a>\n <\/div>\n<\/p><\/div>\n<\/p><\/div>\n<\/p><\/div>\n<div class=\"pivot-link-msg\">* Alg\u00fan precio puede haber cambiado desde la \u00faltima revisi\u00f3n<\/div>\n<\/p><\/div>\n<p><!-- PIVOT END --><\/p>\n<h2>Un tendedero con una potencia de 100 W<\/h2>\n<div class=\"article-asset-image article-asset-normal article-asset-center\">\n<div class=\"asset-content\">\n                    <a rel=\"nofollow, sponsored, noopener, noreferrer noopener\" target=\"_blank\" class=\"js-ecommerce\" href=\"https:\/\/www.xatakahome.com\/redirect?url=https%3A%2F%2Fwww.leroymerlin.es%2Fproductos%2Fferreteria-y-seguridad%2Flavado-y-planchado%2Ftendederos%2Ftendedero-de-ropa-electrico-s825g-1-15986551.html&amp;category=seleccion&amp;ecomPostExpiration=perish&amp;postId=114080\" data-vars-affiliate-url=\"https:\/\/www.leroymerlin.es\/productos\/ferreteria-y-seguridad\/lavado-y-planchado\/tendederos\/tendedero-de-ropa-electrico-s825g-1-15986551.html\"><\/p>\n<p>    <img decoding=\"async\" alt=\"Tendedero el\u00e9ctrico\" class=\"centro_sinmarco\" src=\"https:\/\/i.blogs.es\/1c7b24\/captura-de-pantalla-2023-09-04-114555\/450_1000.webp\"><br \/>\n     <\/a><\/p><\/div>\n<\/div>\n<p>Este tendedero de ropa el\u00e9ctrico est\u00e1 fabricado en aluminio y tiene una <strong>potencia de 100W<\/strong>. As\u00ed podr\u00e1s secar todas tus prendas con rapidez dentro de casa si hay mal tiempo, y evitar el olor a humedad.<\/p>\n<p><!-- BREAK 2 --><\/p>\n<div class=\"article-asset article-asset-normal article-asset-center\">\n<div class=\"desvio-container\">\n<div class=\"desvio\">\n<div class=\"desvio-figure js-desvio-figure\">\n    <a href=\"https:\/\/www.compradiccion.com\/herramientas\/lidl-arrasa-llave-fontanero-que-te-ahorrara-llamar-al-tecnico-para-chapuzas-caseras-5-euros\" target='\"_blank\"' rel=\"noopener\"><br \/>\n     <img loading=\"lazy\" decoding=\"async\" alt=\"Lidl arrasa con la llave de fontanero que te ahorrar\u00e1 llamar al t\u00e9cnico para las chapuzas caseras, por menos de 5 euros\" width=\"375\" height=\"142\" src=\"https:\/\/i.blogs.es\/1b834e\/llave-fontaneria-lidl\/375_142.webp\" onerror='this.src=\"https:\/\/i.blogs.es\/1b834e\/llave-fontaneria-lidl\/375_142.jpeg\"'><br \/>\n    <\/a>\n   <\/div>\n<div class=\"desvio-summary\">\n<div class=\"desvio-taxonomy js-desvio-taxonomy\">\n     <a href=\"https:\/\/www.compradiccion.com\/herramientas\/lidl-arrasa-llave-fontanero-que-te-ahorrara-llamar-al-tecnico-para-chapuzas-caseras-5-euros\" class=\"desvio-taxonomy-anchor m-crosspost\" target='\"_blank\"' rel=\"noopener\">En Compradicci\u00f3n<\/a>\n    <\/div>\n<p>    <a href=\"https:\/\/www.compradiccion.com\/herramientas\/lidl-arrasa-llave-fontanero-que-te-ahorrara-llamar-al-tecnico-para-chapuzas-caseras-5-euros\" class=\"desvio-title js-desvio-title\" target='\"_blank\"' rel=\"noopener\">Lidl arrasa con la llave de fontanero que te ahorrar\u00e1 llamar al t\u00e9cnico para las chapuzas caseras, por menos de 5 euros<\/a>\n   <\/div>\n<\/p><\/div>\n<\/p><\/div>\n<\/div>\n<div class=\"article-asset-video article-asset-normal\">\n<div class=\"asset-content\">\n<div class=\"base-asset-video\">\n<div class=\"js-dailymotion\">\n    <script type=\"application\/json\">\n                          {\"videoId\":\"x81h7p2\",\"autoplay\":true,\"title\":\"NUEVA FACTURA DE LA LUZ: TODO LO QUE DEBES SABER para AHORRAR AL M\u00c1XIMO\", \"tag\":\"\"}\n                  <\/script>\n   <\/div>\n<\/p><\/div>\n<\/p><\/div>\n<\/div>\n<p>Cuenta con <strong>seis barras de calefacci\u00f3n<\/strong>, dos barras extra\u00edbles (aunque no calientan) y se pliega con facilidad. <strong>Funciona conectado a la red el\u00e9ctrica<\/strong>, y sus medidas son de 73 x 158 x 52,5 cm (ancho x alto x profundidad). No tiene mando ni termostato.<\/p>\n<p><!-- BREAK 3 --><\/p>\n<div class=\"article-asset article-asset-normal article-asset-center\">\n<div class=\"desvio-container\">\n<div class=\"desvio\">\n<div class=\"desvio-figure js-desvio-figure\">\n    <a href=\"https:\/\/www.directoalpaladar.com\/seleccion\/no-solo-set-accesorios-super-completo-mejor-forma-aprovechar-todos-programas-freidora-aire\" target='\"_blank\"' rel=\"noopener\"><br \/>\n     <img loading=\"lazy\" decoding=\"async\" alt=\"Hace 2 a\u00f1os me compr\u00e9 una freidora de aire. Ojal\u00e1 alguien me hubiese dicho que tambi\u00e9n necesitaba estos complementos\" width=\"375\" height=\"142\" src=\"https:\/\/i.blogs.es\/50c371\/by-bidcom\/375_142.webp\" onerror='this.src=\"https:\/\/i.blogs.es\/50c371\/by-bidcom\/375_142.jpeg\"'><br \/>\n    <\/a>\n   <\/div>\n<div class=\"desvio-summary\">\n<div class=\"desvio-taxonomy js-desvio-taxonomy\">\n     <a href=\"https:\/\/www.directoalpaladar.com\/seleccion\/no-solo-set-accesorios-super-completo-mejor-forma-aprovechar-todos-programas-freidora-aire\" class=\"desvio-taxonomy-anchor m-crosspost\" target='\"_blank\"' rel=\"noopener\">En Directo al Paladar<\/a>\n    <\/div>\n<p>    <a href=\"https:\/\/www.directoalpaladar.com\/seleccion\/no-solo-set-accesorios-super-completo-mejor-forma-aprovechar-todos-programas-freidora-aire\" class=\"desvio-title js-desvio-title\" target='\"_blank\"' rel=\"noopener\">Hace 2 a\u00f1os me compr\u00e9 una freidora de aire. Ojal\u00e1 alguien me hubiese dicho que tambi\u00e9n necesitaba estos complementos<\/a>\n   <\/div>\n<\/p><\/div>\n<\/p><\/div>\n<\/div>\n<h2>Tambi\u00e9n te puede interesar<\/h2>\n<p><!-- PIVOT START --><\/p>\n<div class=\"pivot-ecommerce-container m-pivot-ecommerce-redesign article-asset-normal article-asset-center\">\n<div class=\"pivot-ecommerce\">\n<div class=\"pivot-ecommerce-figure\">\n  <a rel=\"nofollow, sponsored, noopener, noreferrer noopener\" target=\"_blank\" href=\"https:\/\/www.xatakahome.com\/redirect?url=https%3A%2F%2Fwww.amazon.es%2Fdp%2FB07FM2GG9Z%3Ftag%3Dxatakahome-21%26linkCode%3Dogi%26th%3D1%26psc%3D1&amp;category=seleccion&amp;pivot=1&amp;ecomPostExpiration=perish&amp;postId=114080\"><br \/>\n   <img loading=\"lazy\" decoding=\"async\" alt=\"FISHTEC - Tendedero el\u00e9ctrico Plegable de Aluminio - 18 Barras \" width=\"500\" height=\"500\" src=\"https:\/\/i.blogs.es\/917970\/417vk4ote8l._sl500_\/original.webp\" onerror='this.src=\"https:\/\/i.blogs.es\/917970\/417vk4ote8l._sl500_\/original.jpeg\"'><br \/>\n  <\/a>\n  <\/div>\n<div class=\"pivot-ecommerce-summary\">\n<p class=\"pivot-ecommerce-desc\">FISHTEC &#8211; Tendedero el\u00e9ctrico Plegable de Aluminio &#8211; 18 Barras <\/p>\n<div class=\"pivot-actions \">\n<div class=\"pivot-actions-row\">\n <a rel=\"nofollow, sponsored, noopener, noreferrer noopener\" target=\"_blank\" data-asin=\"B07FM2GG9Z\" data-store=\"Amazon\" href=\"https:\/\/www.xatakahome.com\/redirect?url=https%3A%2F%2Fwww.amazon.es%2Fdp%2FB07FM2GG9Z%3Ftag%3Dxatakahome-21%26linkCode%3Dogi%26th%3D1%26psc%3D1&amp;category=seleccion&amp;pivot=1&amp;ecomPostExpiration=perish&amp;postId=114080\" title=\"Precio actualizado hoy\" class=\"pivot-action-btn pivot-action-primary\">Hoy en Amazon \u2014 <strong>89,99<\/strong> \u20ac<\/a><br \/>\n   <a rel=\"nofollow, sponsored, noopener, noreferrer noopener\" target=\"_blank\" data-asin=\"84612105\" data-store=\"Leroy Merlin\" href=\"https:\/\/www.xatakahome.com\/redirect?url=https%3A%2F%2Fwww.leroymerlin.es%2Fproductos%2Fcalefaccion-y-climatizacion%2Fradiadores-electricos-y-emisores-termicos%2Fradiadores-toalleros%2Fsecatoallas-electrico-plegable-de-aluminio-secatoallas-termico-de-bano-de-18-barras-230w-de-potencia-y-145cm-de-tamano-84612105.html%3FhighlightedOfferCode%3D1e8d4d53713c22ec914c5dfaa8508014400f62e2&amp;category=seleccion&amp;pivot=1&amp;ecomPostExpiration=perish&amp;postId=114080\" title=\"Precio actualizado hoy\" class=\"pivot-action-btn pivot-action-secondary\">Leroy Merlin \u2014 <strong>107,99<\/strong> \u20ac<\/a>\n <\/div>\n<\/p><\/div>\n<\/p><\/div>\n<\/p><\/div>\n<div class=\"pivot-link-msg\">* Alg\u00fan precio puede haber cambiado desde la \u00faltima revisi\u00f3n<\/div>\n<\/p><\/div>\n<p><!-- PIVOT END --><br \/>\n<!-- PIVOT START --><\/p>\n<div class=\"pivot-ecommerce-container m-pivot-ecommerce-redesign article-asset-normal article-asset-center\">\n<div class=\"pivot-ecommerce\">\n<div class=\"pivot-ecommerce-figure\">\n  <a rel=\"nofollow, sponsored, noopener, noreferrer noopener\" target=\"_blank\" href=\"https:\/\/www.xatakahome.com\/redirect?url=https%3A%2F%2Fwww.pccomponentes.com%2Fnewlux-secadry-secadora-de-ropa-portatil-negro&amp;category=seleccion&amp;pivot=1&amp;ecomPostExpiration=perish&amp;postId=114080\"><br \/>\n   <img loading=\"lazy\" decoding=\"async\" alt=\"NEWLUX - Secadora de Ropa El\u00e9ctrica Port\u00e1til Secadry NEgro con Luz UV para Desinfectar\" width=\"500\" height=\"500\" src=\"https:\/\/i.blogs.es\/4fef7a\/31-mu-lbznl._sl500_\/original.webp\" onerror='this.src=\"https:\/\/i.blogs.es\/4fef7a\/31-mu-lbznl._sl500_\/original.jpeg\"'><br \/>\n  <\/a>\n  <\/div>\n<div class=\"pivot-ecommerce-summary\">\n<p class=\"pivot-ecommerce-desc\">NEWLUX &#8211; Secadora de Ropa El\u00e9ctrica Port\u00e1til Secadry NEgro con Luz UV para Desinfectar<\/p>\n<div class=\"pivot-actions \">\n<div class=\"pivot-actions-row\">\n <a rel=\"nofollow, sponsored, noopener, noreferrer noopener\" target=\"_blank\" data-asin=\"10313669\" data-store=\"PcComponentes\" href=\"https:\/\/www.xatakahome.com\/redirect?url=https%3A%2F%2Fwww.pccomponentes.com%2Fnewlux-secadry-secadora-de-ropa-portatil-negro&amp;category=seleccion&amp;pivot=1&amp;ecomPostExpiration=perish&amp;postId=114080\" title=\"Precio actualizado hoy\" class=\"pivot-action-btn pivot-action-primary\">Hoy en PcComponentes \u2014 <strong>99,94<\/strong> \u20ac<\/a><br \/>\n   <a rel=\"nofollow, sponsored, noopener, noreferrer noopener\" target=\"_blank\" data-asin=\"B09SZGDVQ1\" data-store=\"Amazon\" href=\"https:\/\/www.xatakahome.com\/redirect?url=https%3A%2F%2Fwww.amazon.es%2Fdp%2FB09SZGDVQ1%3Ftag%3Dxatakahome-21%26linkCode%3Dogi%26th%3D1%26psc%3D1&amp;category=seleccion&amp;pivot=1&amp;ecomPostExpiration=perish&amp;postId=114080\" title=\"Precio actualizado hoy\" class=\"pivot-action-btn pivot-action-secondary\">Amazon \u2014 <strong>99,95<\/strong> \u20ac<\/a><br \/>\n   <a rel=\"nofollow, sponsored, noopener, noreferrer noopener\" target=\"_blank\" data-asin=\"85337418\" data-store=\"Leroy Merlin\" href=\"https:\/\/www.xatakahome.com\/redirect?url=https%3A%2F%2Fwww.leroymerlin.es%2Fproductos%2Fofertas%2Fblack-friday%2Fblack-friday-electrodomesticos%2Fsecadoras-black-friday%2Fnewlux-secadora-de-ropa-electrica-portatil-secadry-negro-por-ventilacion-1200w-luz-uv-capacidad-15kg-temp-180min-4-niveles-negro-85337418.html%3FhighlightedOfferCode%3Dac3e0e533418b1b8a0c81e5ff172febe169be79b&amp;category=seleccion&amp;pivot=1&amp;ecomPostExpiration=perish&amp;postId=114080\" title=\"Precio actualizado hoy\" class=\"pivot-action-btn pivot-action-secondary\">Leroy Merlin \u2014 <strong>99,95<\/strong> \u20ac<\/a>\n <\/div>\n<\/p><\/div>\n<\/p><\/div>\n<\/p><\/div>\n<div class=\"pivot-link-msg\">* Alg\u00fan precio puede haber cambiado desde la \u00faltima revisi\u00f3n<\/div>\n<\/p><\/div>\n<p><!-- PIVOT END --><\/p>\n<p><em>Nota: algunos de los enlaces aqu\u00ed publicados son de afiliados y pueden reportar un beneficio.<\/em><\/p>\n<p>Im\u00e1genes | Pixabay y Leroy Merlin<\/p>\n<p>En Xataka Smart Home | <a href=\"https:\/\/www.xatakahome.com\/guia-de-compra\/secadora-secadora-no-principales-cosas-a-tener-cuenta-antes-comprar-arma-definitiva-secado\" data-id=\"noopener noreferrer\">Secadora s\u00ed o secadora no: principales cosas a tener en cuenta antes de comprar el arma definitiva de secado<\/a><\/p>\n<p>En Xataka Smart Home | <a href=\"https:\/\/www.xatakahome.com\/electrodomesticos-innovadores\/las-secadoras-del-futuro-podrian-hacer-uso-de-ultrasonidos-y-asi-ahorrar-en-la-factura-de-la-luz\" data-id=\"noopener noreferrer\">Las secadoras del futuro podr\u00edan hacer uso de ultrasonidos y as\u00ed ahorrar en la factura de la luz<\/a><\/p>\n<p><script>\n (function() {\n  window._JS_MODULES = window._JS_MODULES || {};\n  var headElement = document.getElementsByTagName('head')[0];\n  if (_JS_MODULES.instagram) {\n   var instagramScript = document.createElement('script');\n   instagramScript.src = 'https:\/\/platform.instagram.com\/en_US\/embeds.js';\n   instagramScript.async = true;\n   instagramScript.defer = true;\n   headElement.appendChild(instagramScript);\n  }\n })();\n<\/script><\/p>\n<p> &#8211; <br \/> La noticia<br \/>\n      <a href=\"https:\/\/www.xatakahome.com\/seleccion\/leroy-merlin-tiene-tendedero-electrico-ideal-para-tender-secar-tu-ropa-dentro-casa-a-pesar-intensas-lluvias-1?utm_source=feedburner&amp;utm_medium=feed&amp;utm_campaign=15_Sep_2024\"><br \/>\n       <em> Leroy Merlin tiene un tendedero el\u00e9ctrico ideal para tender y secar tu ropa dentro de casa a pesar de las intensas lluvias  <\/em><br \/>\n      <\/a><br \/>\n      fue publicada originalmente en<br \/>\n      <a href=\"https:\/\/www.xatakahome.com\/?utm_source=feedburner&amp;utm_medium=feed&amp;utm_campaign=15_Sep_2024\"><br \/>\n       <strong> Xataka Smart Home <\/strong><br \/>\n      <\/a><br \/>\n            por <a href=\"https:\/\/www.xatakahome.com\/autor\/silvia-cabrero?utm_source=feedburner&amp;utm_medium=feed&amp;utm_campaign=15_Sep_2024\"><br \/>\n       Silvia Cabrero<br \/>\n      <\/a><br \/>\n      . <\/p>\n<\/div>\n","protected":false},"excerpt":{"rendered":"<p>Ahora que las intensas lluvias y el oto\u00f1o parecen hacer acto de presencia despu\u00e9s de un verano caluroso, es complicado tender la ropa fuera de casa. Sobre todo, si vives en una zona h\u00fameda. Por eso, este tendedero el\u00e9ctrico ocupa poco espacio y es muy pr\u00e1ctico para secar la ropa de manera r\u00e1pida y sencilla. &hellip; <a href=\"https:\/\/domosistemas.com\/?p=25620\" class=\"more-link\">Sigue leyendo <span class=\"screen-reader-text\">Leroy Merlin tiene un tendedero el\u00e9ctrico ideal para tender y secar tu ropa dentro de casa a pesar de las intensas lluvias<\/span><\/a><\/p>\n","protected":false},"author":1,"featured_media":0,"comment_status":"closed","ping_status":"closed","sticky":false,"template":"","format":"standard","meta":{"footnotes":""},"categories":[8],"tags":[],"class_list":["post-25620","post","type-post","status-publish","format-standard","hentry","category-xataka"],"_links":{"self":[{"href":"https:\/\/domosistemas.com\/index.php?rest_route=\/wp\/v2\/posts\/25620","targetHints":{"allow":["GET"]}}],"collection":[{"href":"https:\/\/domosistemas.com\/index.php?rest_route=\/wp\/v2\/posts"}],"about":[{"href":"https:\/\/domosistemas.com\/index.php?rest_route=\/wp\/v2\/types\/post"}],"author":[{"embeddable":true,"href":"https:\/\/domosistemas.com\/index.php?rest_route=\/wp\/v2\/users\/1"}],"replies":[{"embeddable":true,"href":"https:\/\/domosistemas.com\/index.php?rest_route=%2Fwp%2Fv2%2Fcomments&post=25620"}],"version-history":[{"count":0,"href":"https:\/\/domosistemas.com\/index.php?rest_route=\/wp\/v2\/posts\/25620\/revisions"}],"wp:attachment":[{"href":"https:\/\/domosistemas.com\/index.php?rest_route=%2Fwp%2Fv2%2Fmedia&parent=25620"}],"wp:term":[{"taxonomy":"category","embeddable":true,"href":"https:\/\/domosistemas.com\/index.php?rest_route=%2Fwp%2Fv2%2Fcategories&post=25620"},{"taxonomy":"post_tag","embeddable":true,"href":"https:\/\/domosistemas.com\/index.php?rest_route=%2Fwp%2Fv2%2Ftags&post=25620"}],"curies":[{"name":"wp","href":"https:\/\/api.w.org\/{rel}","templated":true}]}}