{"id":25701,"date":"2024-09-22T09:08:57","date_gmt":"2024-09-22T09:08:57","guid":{"rendered":"https:\/\/domosistemas.com\/?p=25701"},"modified":"2024-09-22T09:08:57","modified_gmt":"2024-09-22T09:08:57","slug":"en-otono-ni-frio-ni-calor-esta-es-la-temperatura-ideal-en-casa-para-tener-buena-salud-sin-derrochar-energia","status":"publish","type":"post","link":"https:\/\/domosistemas.com\/?p=25701","title":{"rendered":"En oto\u00f1o, ni fr\u00edo ni calor: esta es la temperatura ideal en casa para tener buena salud sin derrochar energ\u00eda"},"content":{"rendered":"<div>\n<p>\n      <img decoding=\"async\" src=\"https:\/\/i.blogs.es\/30e06a\/wood-warm-glass-wall-tool-instrument-1159675-pxhere.com\/1024_2000.jpeg\" alt=\"En oto\u00f1o, ni fr\u00edo ni calor: esta es la temperatura ideal en casa para tener buena salud sin derrochar energ\u00eda\">\n    <\/p>\n<p>La <strong>temperatura ideal<\/strong> dentro de una vivienda depender\u00e1 de muchos factores, como si somos muy frioleros o calurosos, la edad y estado de salud de los habitantes, la regi\u00f3n y humedad ambiental o el tiempo que vamos a pasar en su \u00a0interior.<\/p>\n<p><!-- BREAK 1 --><\/p>\n<p>Tambi\u00e9n <strong>cambia dependiendo de la \u00e9poca del a\u00f1o<\/strong>, ya que no es recomendable que existan grandes variaciones t\u00e9rmicas con respecto al exterior, por lo que no es lo mismo la temperatura en invierno que en verano o en periodos intermedios como el oto\u00f1o y la primavera.<\/p>\n<p><!-- BREAK 2 --><\/p>\n<div class=\"article-asset article-asset-normal article-asset-center\">\n<div class=\"desvio-container\">\n<div class=\"desvio\">\n<div class=\"desvio-figure js-desvio-figure\">\n    <a href=\"https:\/\/www.xatakahome.com\/hogar\/temperatura-maxima-minima-casa-para-tener-buena-salud-ideal-para-no-derrochar-aire-acondicionado-durante-verano\"><br \/>\n     <img loading=\"lazy\" decoding=\"async\" alt=\"La temperatura m\u00e1xima\/m\u00ednima en casa para tener buena salud y la ideal para no derrochar aire acondicionado durante el verano \" width=\"375\" height=\"142\" src=\"https:\/\/i.blogs.es\/3fb007\/line-weather-heat-40-thermometer-measuring-instrument-893472-pxhere.com\/375_142.webp\" onerror='this.src=\"https:\/\/i.blogs.es\/3fb007\/line-weather-heat-40-thermometer-measuring-instrument-893472-pxhere.com\/375_142.jpeg\"'><br \/>\n    <\/a>\n   <\/div>\n<div class=\"desvio-summary\">\n<div class=\"desvio-taxonomy js-desvio-taxonomy\">\n     <a href=\"https:\/\/www.xatakahome.com\/hogar\/temperatura-maxima-minima-casa-para-tener-buena-salud-ideal-para-no-derrochar-aire-acondicionado-durante-verano\" class=\"desvio-taxonomy-anchor\">En Xataka Smart Home<\/a>\n    <\/div>\n<p>    <a href=\"https:\/\/www.xatakahome.com\/hogar\/temperatura-maxima-minima-casa-para-tener-buena-salud-ideal-para-no-derrochar-aire-acondicionado-durante-verano\" class=\"desvio-title js-desvio-title\">La temperatura m\u00e1xima\/m\u00ednima en casa para tener buena salud y la ideal para no derrochar aire acondicionado durante el verano <\/a>\n   <\/div>\n<\/p><\/div>\n<\/p><\/div>\n<\/div>\n<h2>La temperatura ideal para el mes de septiembre<\/h2>\n<p>En teor\u00eda la temperatura ideal dentro de casa deber\u00eda ser la misma para estar c\u00f3modos que en verano, pero hay algunas <strong>peque\u00f1as variaciones<\/strong> debido por ejemplo a las fluctuaciones clim\u00e1ticas externas en la vivienda.<\/p>\n<p><!-- BREAK 3 --><\/p>\n<p>Para empezar, solemos llevar una <strong>ropa m\u00e1s ligera que en invierno<\/strong> pero m\u00e1s abrigada que en verano, por lo que la temperatura dentro de casa debe adaptarse a este factor y permitir que el choque t\u00e9rmico al salir y entrar de casa sea el m\u00ednimo posible.<\/p>\n<p><!-- BREAK 4 --><\/p>\n<p>As\u00ed, lo que buscamos es estar en el rango que podr\u00edamos denominar como <strong>\u00abno tener ni fr\u00edo ni calor\u00bb<\/strong>, estando c\u00f3modos con la ropa sencilla que llevamos, sin necesidad de abrigarnos con mantas ni otros complementos, encendiendo la calefacci\u00f3n o el aire acondicionado lo menos posible.<\/p>\n<p><!-- BREAK 5 --><\/p>\n<div class=\"article-asset-image article-asset-normal article-asset-center\">\n<div class=\"asset-content\">\n<div class=\"caption-img \">\n                    <a rel=\"noopener, noreferrer\" href=\"https:\/\/unsplash.com\/es\/fotos\/termostato-blanco-y-gris-a-19-5-fSLI8RdCdyk\"><\/p>\n<p>    <img decoding=\"async\" alt=\"Erik Mclean Fsli8rdcdyk Unsplash\" class=\"centro_sinmarco\" src=\"https:\/\/i.blogs.es\/650a70\/erik-mclean-fsli8rdcdyk-unsplash\/450_1000.webp\"><br \/>\n     <\/a><\/p>\n<p>        <span>Erik Mclean<\/span>\n   <\/div>\n<\/p><\/div>\n<\/div>\n<p>Seg\u00fan un estudio realizado por <a rel=\"noopener, noreferrer\" href=\"https:\/\/pubmed.ncbi.nlm.nih.gov\/27106281\/\" data-id=\"noopener noreferrer\">investigadores brit\u00e1nicos<\/a><strong>, como m\u00ednimo deber\u00edamos tener unos 18 \u00baC dentro de casa <\/strong>para no tener riesgos para la salud<strong>,<\/strong> cifra que coincide con <a rel=\"noopener, noreferrer\" href=\"https:\/\/www.ncbi.nlm.nih.gov\/books\/NBK583400\/\" data-id=\"noopener noreferrer\">este otro estudio de la OMS<\/a>:<\/p>\n<p><!-- BREAK 6 --><\/p>\n<blockquote><p>No existe un riesgo demostrable para la salud de las personas sedentarias sanas cuya vivienda tiene una temperatura del aire \u00a0de entre 18 y 24 \u00b0C.<\/p><\/blockquote>\n<p>La Organizaci\u00f3n se\u00f1ala adem\u00e1s que para los grupos de habitantes m\u00e1s vulnerables, incluidas las <strong>personas mayores, los ni\u00f1os y las personas con enfermedades cr\u00f3nicas<\/strong>, puede ser necesaria una temperatura m\u00ednima interior superior a 18 \u00b0C.<\/p>\n<p><!-- BREAK 7 --><\/p>\n<p>El problema es que con esta temperatura la mayor\u00eda de personas con la ropa ligera t\u00edpica de principios de oto\u00f1o pasamos fr\u00edo, algo que se\u00f1alan desde el Grupo de Trabajo de Respiratorio de la Sociedad Espa\u00f1ola de M\u00e9dicos Generales y de Familia (<a rel=\"noopener, noreferrer\" href=\"https:\/\/www.semg.es\/\" data-id=\"noopener noreferrer\">SEMG<\/a>), ya que, en general, una persona en reposo comienza a <strong>sentir fr\u00edo con temperaturas inferiores a 20\u00b0C<\/strong>.<\/p>\n<p><!-- BREAK 8 --><\/p>\n<p><a rel=\"noopener, noreferrer\" href=\"https:\/\/www.sciencedirect.com\/science\/article\/abs\/pii\/S0360132318301811\" data-id=\"noopener noreferrer\">Este otro estudio<\/a> de la Universidad T\u00e9cnica de Dinamarca descubri\u00f3 que <strong>una temperatura de 20\u00baC<\/strong> cuando entramos en una habitaci\u00f3n con ropa ligera \u00abproporciona un ambiente con sensaci\u00f3n t\u00e9rmica neutra y <strong>un alto nivel de confort t\u00e9rmico para todo el cuerpo<\/strong>\u00ab.<\/p>\n<p><!-- BREAK 9 --><\/p>\n<p>\u00bfConclusi\u00f3n? Pues que para la mayor\u00eda de personas que est\u00e9n dentro de casa en un ambiente de entretiempo como el final del verano, principios de oto\u00f1o, con ropa ligera y actividad pasiva (es decir, sin hacer ejercicio o tareas que requieran actividad f\u00edsica), <strong>tener la casa a 20 \u00baC es lo m\u00e1s confortable y eficiente<\/strong> en cuanto a gasto de calefacci\u00f3n y aire acondicionado.<\/p>\n<p><!-- BREAK 10 --><\/p>\n<div class=\"article-asset-video article-asset-normal\">\n<div class=\"asset-content\">\n<div class=\"base-asset-video\">\n<div class=\"js-dailymotion\">\n    <script type=\"application\/json\">\n                          {\"videoId\":\"x81h7p2\",\"autoplay\":true,\"title\":\"NUEVA FACTURA DE LA LUZ: TODO LO QUE DEBES SABER para AHORRAR AL M\u00c1XIMO\", \"tag\":\"\"}\n                  <\/script>\n   <\/div>\n<\/p><\/div>\n<\/p><\/div>\n<\/div>\n<p>De hecho, el Instituto para la Diversificaci\u00f3n y Ahorro de la Energ\u00eda (<strong>IDAE<\/strong>) de Espa\u00f1a <a rel=\"noopener, noreferrer\" href=\"https:\/\/www.idae.es\/node\/301\" data-id=\"noopener, noreferrer\">propone tambi\u00e9n en su p\u00e1gina web<\/a> situar los termostatos alrededor de esta cifra. En concreto, aconsejan \u00ab<strong>ajustar el termostato a 20\u00baC o 21\u00baC<\/strong> y utilizar ropa de abrigo para estar en casa\u00bb.<\/p>\n<p><!-- BREAK 11 --><\/p>\n<p>Imagen portada | <a rel=\"noopener, noreferrer\" href=\"https:\/\/pxhere.com\/es\/photo\/1159675\">PxHere<\/a><\/p>\n<p>En Xataka Smart Home | <a href=\"https:\/\/www.xatakahome.com\/hogar\/esta-temperatura-ideal-aire-acondicionado-para-ahorrar-factura-luz-pasar-calor-verano-2\">Esta es la temperatura ideal del aire acondicionado para ahorrar en la factura de la luz sin pasar calor en verano<\/a><\/p>\n<p><script>\n (function() {\n  window._JS_MODULES = window._JS_MODULES || {};\n  var headElement = document.getElementsByTagName('head')[0];\n  if (_JS_MODULES.instagram) {\n   var instagramScript = document.createElement('script');\n   instagramScript.src = 'https:\/\/platform.instagram.com\/en_US\/embeds.js';\n   instagramScript.async = true;\n   instagramScript.defer = true;\n   headElement.appendChild(instagramScript);\n  }\n })();\n<\/script><\/p>\n<p> &#8211; <br \/> La noticia<br \/>\n      <a href=\"https:\/\/www.xatakahome.com\/hogar\/septiembre-frio-calor-esta-temperatura-ideal-casa-para-tener-buena-salud-derrochar-energia?utm_source=feedburner&amp;utm_medium=feed&amp;utm_campaign=22_Sep_2024\"><br \/>\n       <em> En oto\u00f1o, ni fr\u00edo ni calor: esta es la temperatura ideal en casa para tener buena salud sin derrochar energ\u00eda <\/em><br \/>\n      <\/a><br \/>\n      fue publicada originalmente en<br \/>\n      <a href=\"https:\/\/www.xatakahome.com\/?utm_source=feedburner&amp;utm_medium=feed&amp;utm_campaign=22_Sep_2024\"><br \/>\n       <strong> Xataka Smart Home <\/strong><br \/>\n      <\/a><br \/>\n            por <a href=\"https:\/\/www.xatakahome.com\/autor\/paco-rodriguez?utm_source=feedburner&amp;utm_medium=feed&amp;utm_campaign=22_Sep_2024\"><br \/>\n       Paco Rodriguez<br \/>\n      <\/a><br \/>\n      . <\/p>\n<\/div>\n","protected":false},"excerpt":{"rendered":"<p>La temperatura ideal dentro de una vivienda depender\u00e1 de muchos factores, como si somos muy frioleros o calurosos, la edad y estado de salud de los habitantes, la regi\u00f3n y humedad ambiental o el tiempo que vamos a pasar en su \u00a0interior. Tambi\u00e9n cambia dependiendo de la \u00e9poca del a\u00f1o, ya que no es recomendable &hellip; <a href=\"https:\/\/domosistemas.com\/?p=25701\" class=\"more-link\">Sigue leyendo <span class=\"screen-reader-text\">En oto\u00f1o, ni fr\u00edo ni calor: esta es la temperatura ideal en casa para tener buena salud sin derrochar energ\u00eda<\/span><\/a><\/p>\n","protected":false},"author":1,"featured_media":0,"comment_status":"closed","ping_status":"closed","sticky":false,"template":"","format":"standard","meta":{"footnotes":""},"categories":[8],"tags":[],"class_list":["post-25701","post","type-post","status-publish","format-standard","hentry","category-xataka"],"_links":{"self":[{"href":"https:\/\/domosistemas.com\/index.php?rest_route=\/wp\/v2\/posts\/25701","targetHints":{"allow":["GET"]}}],"collection":[{"href":"https:\/\/domosistemas.com\/index.php?rest_route=\/wp\/v2\/posts"}],"about":[{"href":"https:\/\/domosistemas.com\/index.php?rest_route=\/wp\/v2\/types\/post"}],"author":[{"embeddable":true,"href":"https:\/\/domosistemas.com\/index.php?rest_route=\/wp\/v2\/users\/1"}],"replies":[{"embeddable":true,"href":"https:\/\/domosistemas.com\/index.php?rest_route=%2Fwp%2Fv2%2Fcomments&post=25701"}],"version-history":[{"count":0,"href":"https:\/\/domosistemas.com\/index.php?rest_route=\/wp\/v2\/posts\/25701\/revisions"}],"wp:attachment":[{"href":"https:\/\/domosistemas.com\/index.php?rest_route=%2Fwp%2Fv2%2Fmedia&parent=25701"}],"wp:term":[{"taxonomy":"category","embeddable":true,"href":"https:\/\/domosistemas.com\/index.php?rest_route=%2Fwp%2Fv2%2Fcategories&post=25701"},{"taxonomy":"post_tag","embeddable":true,"href":"https:\/\/domosistemas.com\/index.php?rest_route=%2Fwp%2Fv2%2Ftags&post=25701"}],"curies":[{"name":"wp","href":"https:\/\/api.w.org\/{rel}","templated":true}]}}