{"id":25703,"date":"2024-09-22T17:00:41","date_gmt":"2024-09-22T17:00:41","guid":{"rendered":"https:\/\/domosistemas.com\/?p=25703"},"modified":"2024-09-22T17:00:41","modified_gmt":"2024-09-22T17:00:41","slug":"si-la-pregunta-es-si-las-ondas-wifi-son-peligrosas-la-oms-ha-decidido-la-respuesta","status":"publish","type":"post","link":"https:\/\/domosistemas.com\/?p=25703","title":{"rendered":"Si la pregunta es si las ondas WiFi son peligrosas, la OMS ha decidido la respuesta"},"content":{"rendered":"<div>\n<p>\n      <img decoding=\"async\" src=\"https:\/\/i.blogs.es\/e1b9b3\/pexels-verma-harshil-4218546\/1024_2000.jpeg\" alt=\"Si la pregunta es si las ondas WiFi son peligrosas, la OMS ha decidido la respuesta\">\n    <\/p>\n<p>La ignorancia por un lado y la falta de evidencias cient\u00edficas consolidadas de lo nuevo por otro ponen encima de la mesa una realidad: desconocer el peligro de tecnolog\u00edas, servicios y productos que usamos a diario. Uno de los ejemplos m\u00e1s claros son <strong>las ondas WiFi y su peligrosidad<\/strong>. Si adem\u00e1s nos dejamos llevar por teor\u00edas conspiranoicas, tenemos la receta para el caos.<\/p>\n<p><!-- BREAK 1 --><\/p>\n<p>El peligro de las ondas WiFi es una leyenda urbana que lleva arraigada en la sociedad durante a\u00f1os, incluso aunque est\u00e1 m\u00e1s que comprobado que no existe relaci\u00f3n entre <a href=\"https:\/\/www.xataka.com\/moviles\/medimos-radiacion-emitida-11-smartphones-principales-marcas-laboratorio-esto-que-nos-encontramos\">las ondas electromagn\u00e9ticas <\/a>producidas por los dispositivos electr\u00f3nicos y efectos nocivos para la salud, como el insomnio o <a href=\"https:\/\/www.xataka.com\/medicina-y-salud\/no-usar-moviles-no-produce-cancer\">el c\u00e1ncer<\/a>. M\u00e1s concretamente, suele hablarse tanto de miedo a la exposici\u00f3n a las ondas tanto de internet inal\u00e1mbrico como del uso del m\u00f3vil. Pues bien,<strong> la OMS ha hablado para despejar dudas.<\/strong><\/p>\n<p><!-- BREAK 2 --><\/p>\n<h2>La OMS se pronuncia sobre las ondas de radio<\/h2>\n<div class=\"article-asset-video article-asset-normal\">\n<div class=\"asset-content\">\n<div class=\"base-asset-video\">\n<div class=\"js-dailymotion\">\n    <script type=\"application\/json\">\n                          {\"videoId\":\"x7zivh7\",\"autoplay\":true,\"title\":\"El mejor sitio para el router WiFi en casa  | Trucos y consejos para una conexi\u00f3n WiFi perfecta\", \"tag\":\"webedia-prod\", \"duration\":\"357\"}\n                  <\/script>\n   <\/div>\n<\/p><\/div>\n<\/p><\/div>\n<\/div>\n<p>La OMS encarg\u00f3 una revisi\u00f3n exhaustiva de <strong>m\u00e1s de 5.000 publicaciones sobre el tema<\/strong> realizadas entre el a\u00f1o 1994 y 2022 al equipo del investigador australiano Ken Karipidis. Despu\u00e9s de analizar estos estudios, <a rel=\"noopener, noreferrer\" href=\"https:\/\/www.sciencedirect.com\/science\/article\/pii\/S0160412024005695?via%3Dihub\">la conclusi\u00f3n de su paper <\/a>\u00a0&#8216;<em>The effect of exposure to radiofrequency fields on cancer risk in the general and working population: A systematic review of human observational studies<\/em>&#8216; es clara:<\/p>\n<p><!-- BREAK 3 --><\/p>\n<blockquote><p>La exposici\u00f3n a las emisiones de radio de las tecnolog\u00edas inal\u00e1mbricas es inofensiva para la salud humana.<\/p><\/blockquote>\n<p>Si bienes cierto que algunos estudios anteriores han clasificado las ondas de radio como potencialmente cancer\u00edgenas, se basaban en muchos menos datos (algunos de ellos, segados). De hecho, <strong>este estudio del equipo de Karipidis es el m\u00e1s serio y completo <\/strong>sobre el efectos de la exposici\u00f3n a las ondas de radiofrecuencia, entre las que se encuentra el WiFi.<\/p>\n<p><!-- BREAK 4 --><\/p>\n<p><strong>Las conclusiones invitan a la tranquilidad<\/strong> frente a algunas creencias populares relativas a las ondas y el c\u00e1ncer. As\u00ed, no se encontr\u00f3 relaci\u00f3n entre el uso de tel\u00e9fonos m\u00f3viles y el c\u00e1ncer cerebral ni otros c\u00e1nceres detectados en la cabeza o el cuello. Ni siquiera la frecuencia de uso tampoco influye. Tampoco hay evidencias de que aumente el riesgo de c\u00e1ncer cerebral las ondas de radio de las estaciones o la exposici\u00f3n regular a las ondas.<\/p>\n<p><!-- BREAK 5 --><\/p>\n<p>V\u00eda | <a rel=\"noopener, noreferrer\" href=\"https:\/\/www.lesnumeriques.com\/societe-numerique\/c-est-officiel-l-oms-a-tranche-sur-la-dangerosite-des-ondes-du-wi-fi-n226408.html\">Les numeriques<\/a><\/p>\n<p>Portada | <a rel=\"noopener, noreferrer\" href=\"https:\/\/www.pexels.com\/es-es\/foto\/conexion-enrutador-wifi-fondo-amarillo-4218546\/\">Foto de Aditya Singh en Pexels<\/a><\/p>\n<p>En Xataka Home | <a href=\"https:\/\/www.xatakahome.com\/la-red-local\/he-pegado-microondas-al-router-para-ver-destruye-mi-wifi-esto-que-ha-pasado\">He pegado el microondas al router para ver si destruye mi WiFi: esto es lo que ha pasado al final<\/a><\/p>\n<p><script>\n (function() {\n  window._JS_MODULES = window._JS_MODULES || {};\n  var headElement = document.getElementsByTagName('head')[0];\n  if (_JS_MODULES.instagram) {\n   var instagramScript = document.createElement('script');\n   instagramScript.src = 'https:\/\/platform.instagram.com\/en_US\/embeds.js';\n   instagramScript.async = true;\n   instagramScript.defer = true;\n   headElement.appendChild(instagramScript);\n  }\n })();\n<\/script><\/p>\n<p> &#8211; <br \/> La noticia<br \/>\n      <a href=\"https:\/\/www.xatakahome.com\/la-red-local\/pregunta-ondas-wifi-peligrosas-oms-tiene-respuesta-oficial?utm_source=feedburner&amp;utm_medium=feed&amp;utm_campaign=22_Sep_2024\"><br \/>\n       <em> Si la pregunta es si las ondas WiFi son peligrosas, la OMS ha decidido la respuesta <\/em><br \/>\n      <\/a><br \/>\n      fue publicada originalmente en<br \/>\n      <a href=\"https:\/\/www.xatakahome.com\/?utm_source=feedburner&amp;utm_medium=feed&amp;utm_campaign=22_Sep_2024\"><br \/>\n       <strong> Xataka Smart Home <\/strong><br \/>\n      <\/a><br \/>\n            por <a href=\"https:\/\/www.xatakahome.com\/autor\/eva-rodriguez?utm_source=feedburner&amp;utm_medium=feed&amp;utm_campaign=22_Sep_2024\"><br \/>\n       Eva Rodriguez de Luis<br \/>\n      <\/a><br \/>\n      . <\/p>\n<\/div>\n","protected":false},"excerpt":{"rendered":"<p>La ignorancia por un lado y la falta de evidencias cient\u00edficas consolidadas de lo nuevo por otro ponen encima de la mesa una realidad: desconocer el peligro de tecnolog\u00edas, servicios y productos que usamos a diario. Uno de los ejemplos m\u00e1s claros son las ondas WiFi y su peligrosidad. Si adem\u00e1s nos dejamos llevar por &hellip; <a href=\"https:\/\/domosistemas.com\/?p=25703\" class=\"more-link\">Sigue leyendo <span class=\"screen-reader-text\">Si la pregunta es si las ondas WiFi son peligrosas, la OMS ha decidido la respuesta<\/span><\/a><\/p>\n","protected":false},"author":1,"featured_media":0,"comment_status":"closed","ping_status":"closed","sticky":false,"template":"","format":"standard","meta":{"footnotes":""},"categories":[8],"tags":[],"class_list":["post-25703","post","type-post","status-publish","format-standard","hentry","category-xataka"],"_links":{"self":[{"href":"https:\/\/domosistemas.com\/index.php?rest_route=\/wp\/v2\/posts\/25703","targetHints":{"allow":["GET"]}}],"collection":[{"href":"https:\/\/domosistemas.com\/index.php?rest_route=\/wp\/v2\/posts"}],"about":[{"href":"https:\/\/domosistemas.com\/index.php?rest_route=\/wp\/v2\/types\/post"}],"author":[{"embeddable":true,"href":"https:\/\/domosistemas.com\/index.php?rest_route=\/wp\/v2\/users\/1"}],"replies":[{"embeddable":true,"href":"https:\/\/domosistemas.com\/index.php?rest_route=%2Fwp%2Fv2%2Fcomments&post=25703"}],"version-history":[{"count":0,"href":"https:\/\/domosistemas.com\/index.php?rest_route=\/wp\/v2\/posts\/25703\/revisions"}],"wp:attachment":[{"href":"https:\/\/domosistemas.com\/index.php?rest_route=%2Fwp%2Fv2%2Fmedia&parent=25703"}],"wp:term":[{"taxonomy":"category","embeddable":true,"href":"https:\/\/domosistemas.com\/index.php?rest_route=%2Fwp%2Fv2%2Fcategories&post=25703"},{"taxonomy":"post_tag","embeddable":true,"href":"https:\/\/domosistemas.com\/index.php?rest_route=%2Fwp%2Fv2%2Ftags&post=25703"}],"curies":[{"name":"wp","href":"https:\/\/api.w.org\/{rel}","templated":true}]}}