{"id":25866,"date":"2024-10-06T09:00:48","date_gmt":"2024-10-06T09:00:48","guid":{"rendered":"https:\/\/domosistemas.com\/?p=25866"},"modified":"2024-10-06T09:00:48","modified_gmt":"2024-10-06T09:00:48","slug":"cambio-radical-y-a-peor-en-el-bono-social-asi-quedan-desde-octubre-las-ayudas-para-pagar-menos-en-la-factura-de-la-luz","status":"publish","type":"post","link":"https:\/\/domosistemas.com\/?p=25866","title":{"rendered":"Cambio radical y a peor en el Bono Social: as\u00ed quedan desde octubre las ayudas para pagar menos en la factura de la luz"},"content":{"rendered":"<div>\n<p>\n      <img decoding=\"async\" src=\"https:\/\/i.blogs.es\/94c538\/pexels-pixabay-257736\/1024_2000.jpeg\" alt=\"Cambio radical y a peor en el Bono Social: as\u00ed quedan desde octubre las ayudas para pagar menos en la factura de la luz\">\n    <\/p>\n<p>Con la llegada del fr\u00edo, es hora de poner en marcha la calefacci\u00f3n o utilizar otros sistemas de climatizaci\u00f3n que ayuden a combatir las bajas temperaturas. Sin embargo, hay muchas personas que no tienen acceso a este recurso, considerado b\u00e1sico por la mayor\u00eda. A esto se le conoce como pobreza energ\u00e9tica, y para combatirla, el Gobierno ha implementado ayudas como el <a href=\"https:\/\/www.xatakahome.com\/iluminacion-y-energia\/cambios-bono-social-electrico-termico-que-hay-que-conocer-eres-quieres-ser-beneficiario\">Bono Social<\/a>, que desde octubre ha cambiado de forma radical, de forma que tocar\u00e1 pagar m\u00e1s, <strong>una situaci\u00f3n que ir\u00e1 a peor cada trimestre<\/strong>.<\/p>\n<p><!-- BREAK 1 --><\/p>\n<p>El <a rel=\"noopener, noreferrer\" href=\"https:\/\/www.miteco.gob.es\/es\/energia\/energia-electrica\/bono-social\/otros-beneficios.html\">Bono Social<\/a> es un <strong>programa de apoyo econ\u00f3mico<\/strong> dise\u00f1ado para ayudar a familias con bajos ingresos a cubrir los gastos de electricidad y calefacci\u00f3n durante los meses m\u00e1s fr\u00edos. Esta iniciativa busca aliviar las dificultades que enfrentan muchas personas para pagar sus facturas y, de este modo, mitigar el impacto de la pobreza energ\u00e9tica.<\/p>\n<p><!-- BREAK 2 --><\/p>\n<div class=\"toc-container article-asset-normal\">\n<details>\n<summary class=\"toc-header \">\n   <span class=\"toc-heading\"><br \/>\n    <span>\u00cdndice de Contenidos (11)<\/span><br \/>\n   <\/span><br \/>\n   <span class=\"icon-folded\"><\/span><br \/>\n  <\/summary>\n<\/details>\n<div class=\"toc-list-wrap \">\n<div class=\"toc-list-item\">\n<ul class=\"toc-list\">\n<li class=\"toc-item\">\n       <a href=\"https:\/\/www.xatakahome.com\/#que-cambia-bono-social-1\" class=\"toc-item-link\">Lo que cambia en el Bono Social<\/a>\n      <\/li>\n<li class=\"toc-item\">\n       <a href=\"https:\/\/www.xatakahome.com\/#quien-puede-solicitarlo-2\" class=\"toc-item-link\">Qui\u00e9n puede solicitarlo<\/a>\n      <\/li>\n<li class=\"toc-sub-item\">\n       <a href=\"https:\/\/www.xatakahome.com\/#consumidor-vulnerable-3\" class=\"toc-item-link\">Consumidor vulnerable<\/a>\n      <\/li>\n<li class=\"toc-sub-item\">\n       <a href=\"https:\/\/www.xatakahome.com\/#consumidor-vulnerable-severo-4\" class=\"toc-item-link\">Consumidor vulnerable severo<\/a>\n      <\/li>\n<li class=\"toc-sub-item\">\n       <a href=\"https:\/\/www.xatakahome.com\/#consumidor-riesgo-exclusion-social-5\" class=\"toc-item-link\">Consumidor en riesgo de exclusi\u00f3n social<\/a>\n      <\/li>\n<li class=\"toc-sub-item\">\n       <a href=\"https:\/\/www.xatakahome.com\/#hogar-bajos-ingresos-6\" class=\"toc-item-link\">Hogar con bajos ingresos<\/a>\n      <\/li>\n<li class=\"toc-item\">\n       <a href=\"https:\/\/www.xatakahome.com\/#bono-social-electrico-como-pedirlo-7\" class=\"toc-item-link\">Bono Social El\u00e9ctrico, como pedirlo<\/a>\n      <\/li>\n<li class=\"toc-item\">\n       <a href=\"https:\/\/www.xatakahome.com\/#tope-para-descuentos-8\" class=\"toc-item-link\">Tope para los descuentos<\/a>\n      <\/li>\n<li class=\"toc-item\">\n       <a href=\"https:\/\/www.xatakahome.com\/#cuando-se-aplicara-bono-social-9\" class=\"toc-item-link\">\u00bfCu\u00e1ndo se aplicar\u00e1 el Bono Social?<\/a>\n      <\/li>\n<li class=\"toc-item\">\n       <a href=\"https:\/\/www.xatakahome.com\/#durante-cuanto-tiempo-se-aplicara-bono-social-10\" class=\"toc-item-link\">\u00bfDurante cu\u00e1nto tiempo se aplicar\u00e1 el bono social?<\/a>\n      <\/li>\n<li class=\"toc-item\">\n       <a href=\"https:\/\/www.xatakahome.com\/#como-acceder-al-bono-social-termico-11\" class=\"toc-item-link\">C\u00f3mo acceder al Bono Social T\u00e9rmico<\/a>\n      <\/li>\n<\/ul><\/div>\n<\/p><\/div>\n<\/div>\n<div class=\"article-asset-image article-asset-normal article-asset-center\">\n<div class=\"asset-content\">\n<p>   <img decoding=\"async\" alt=\"Radiador\" class=\"centro_sinmarco\" src=\"https:\/\/i.blogs.es\/9bcea2\/radiador\/450_1000.webp\"><\/p><\/div>\n<\/div>\n<p>El <strong>Bono Social El\u00e9ctrico<\/strong> es un descuento que se aplica sobre el <a rel=\"noopener, noreferrer\" href=\"https:\/\/www.cnmc.es\/bono-social#PVPC\">PVPC<\/a> (precio voluntario para el peque\u00f1o consumidor), a <a rel=\"noopener, noreferrer\" href=\"https:\/\/www.cnmc.es\/bono-social#descuento\"><strong>un l\u00edmite m\u00e1ximo de energ\u00eda<\/strong><\/a> en el periodo de facturaci\u00f3n.<\/p>\n<p><!-- BREAK 3 --><\/p>\n<div class=\"article-asset-video article-asset-normal\">\n<div class=\"asset-content\">\n<div class=\"base-asset-video\">\n<div class=\"js-dailymotion\">\n    <script type=\"application\/json\">\n                          {\"videoId\":\"x7znesx\",\"autoplay\":true,\"title\":\"Edificio de autoconsumo ASI\u0301 FUNCIONAN - Paneles solares en bloques de pisos\", \"tag\":\"solar\"}\n                  <\/script>\n   <\/div>\n<\/p><\/div>\n<\/p><\/div>\n<\/div>\n<p>En cuanto al Bono Social T\u00e9rmico, tal y como se detalla en la p\u00e1gina web del <a rel=\"noopener, noreferrer\" href=\"https:\/\/www.miteco.gob.es\/es.html\">Ministerio para la Transici\u00f3n Ecol\u00f3gica y el Reto Demogr\u00e1fico<\/a>, <strong>es una ayuda directa<\/strong> dirigida a quienes ya son beneficiarios del <a href=\"https:\/\/www.xatakahome.com\/iluminacion-y-energia\/bono-social-factura-luz-que-que-descuento-ofrece-requisitos-para-solicitarlo\">Bono Social El\u00e9ctrico<\/a>. Esta ayuda permite reducir la factura de la luz, aplic\u00e1ndose, por ejemplo, a los gastos de calefacci\u00f3n o agua caliente sanitaria. Es una medida dise\u00f1ada espec\u00edficamente para quienes se encuentran en una situaci\u00f3n de vulnerabilidad energ\u00e9tica.<\/p>\n<p><!-- BREAK 4 --><\/p>\n<h2 id=\"que-cambia-bono-social-1\" class=\"toc-enabled\"><span class=\"toc-shortcut-icon\" title=\"Ver \u00cdndice de contenido\"><\/span><strong>Lo que cambia en el Bono Social<\/strong><\/h2>\n<div class=\"article-asset-image article-asset-normal article-asset-center\">\n<div class=\"asset-content\">\n<div class=\"caption-img \">\n                    <a rel=\"noopener, noreferrer\" href=\"https:\/\/www.anidia.es\/energy-mag\/gas\/cuando-dar-lectura-contador-gas-natural\"><\/p>\n<p>    <img decoding=\"async\" alt=\"Contador\" class=\"centro_sinmarco\" src=\"https:\/\/i.blogs.es\/fb0043\/contador\/450_1000.webp\"><br \/>\n     <\/a><\/p>\n<p>        <span>Imagen | Anidia<\/span>\n   <\/div>\n<\/p><\/div>\n<\/div>\n<p><strong>Todo cambia desde octubre<\/strong>. El Gobierno, mediante el <a rel=\"noopener, noreferrer\" href=\"https:\/\/www.miteco.gob.es\/es\/energia\/energia-electrica\/bono-social\/otros-beneficios.html\" data-id=\"noopener noreferrer\">Ministerio para la Transformaci\u00f3n Ecol\u00f3gica y el Reto Demogr\u00e1fico<\/a> ha establecido las nuevas bonificaciones y descuentos para los beneficiarios del bono social. Unas ayudas que <strong>ir\u00e1n reduci\u00e9ndose cada trimestre<\/strong> de forma escalonada a a raz\u00f3n de un 7,5% trimestral. Una reducci\u00f3n que afectar\u00e1 a los descuentos en los hogares vulnerables o muy vulnerables.<\/p>\n<p><!-- BREAK 5 --><\/p>\n<p>De esta forma, la primera rebaja ha tenido lugar hace unos d\u00edas. Entre el 1 de octubre y el final del a\u00f1o, los consumidores con tarifa PVPC recibir\u00e1n <strong>un descuento del 57,5% en sus facturas<\/strong> si son considerados vulnerables, incluyendo a todas las familias numerosas sin importar sus ingresos. Para aquellos clasificados como vulnerables severos, e<strong>l descuento ser\u00e1 del 72,5%<\/strong>.<\/p>\n<p><!-- BREAK 6 --><\/p>\n<div class=\"article-asset article-asset-normal article-asset-center\">\n<div class=\"desvio-container\">\n<div class=\"desvio\">\n<div class=\"desvio-figure js-desvio-figure\">\n    <a href=\"https:\/\/www.xatakahome.com\/a-fondo\/cargo-inesperado-ha-aparecido-mi-factura-luz-este-otono-que-nuevo-termino-bono-social-cuanto-cuesta\"><br \/>\n     <img loading=\"lazy\" decoding=\"async\" alt=\"Un cargo inesperado ha aparecido en mi factura de la luz este oto\u00f1o: qu\u00e9 es el nuevo t\u00e9rmino del Bono Social y cu\u00e1nto cuesta\" width=\"375\" height=\"142\" src=\"https:\/\/i.blogs.es\/af9a81\/1366_2000boso\/375_142.webp\" onerror='this.src=\"https:\/\/i.blogs.es\/af9a81\/1366_2000boso\/375_142.jpg\"'><br \/>\n    <\/a>\n   <\/div>\n<div class=\"desvio-summary\">\n<div class=\"desvio-taxonomy js-desvio-taxonomy\">\n     <a href=\"https:\/\/www.xatakahome.com\/a-fondo\/cargo-inesperado-ha-aparecido-mi-factura-luz-este-otono-que-nuevo-termino-bono-social-cuanto-cuesta\" class=\"desvio-taxonomy-anchor\">Xataka Smart Home<\/a>\n    <\/div>\n<p>    <a href=\"https:\/\/www.xatakahome.com\/a-fondo\/cargo-inesperado-ha-aparecido-mi-factura-luz-este-otono-que-nuevo-termino-bono-social-cuanto-cuesta\" class=\"desvio-title js-desvio-title\">Un cargo inesperado ha aparecido en mi factura de la luz este oto\u00f1o: qu\u00e9 es el nuevo t\u00e9rmino del Bono Social y cu\u00e1nto cuesta<\/a>\n   <\/div>\n<\/p><\/div>\n<\/p><\/div>\n<\/div>\n<p><strong>Bajadas cada trimestre<\/strong>. A partir del 1 de enero de 2025 hasta el 31 de marzo, estos porcentajes disminuir\u00e1n al 50% y al 65%, respectivamente. Entre el 1 de abril y el 30 de junio, la reducci\u00f3n ser\u00e1 del 42,5% para los vulnerables y del 57,5% para los vulnerables severos.<\/p>\n<p><!-- BREAK 7 --><\/p>\n<p><strong>Desde el 1 de julio de 2025<\/strong> en adelante, los descuentos ser\u00e1n del 35% para los hogares vulnerables y del 50% para los vulnerables severos. Esta medida, de car\u00e1cter permanente, representa una protecci\u00f3n superior a la que se ofrec\u00eda antes de la crisis energ\u00e9tica de 2021 y 2022, cuando los descuentos eran del 25% y del 40%, respectivamente.<\/p>\n<p><!-- BREAK 8 --><\/p>\n<p><strong>El descuento<\/strong> se aplica tanto al t\u00e9rmino de energ\u00eda como al t\u00e9rmino de potencia del PVPC. En el t\u00e9rmino de energ\u00eda, existe un l\u00edmite anual de energ\u00eda con derecho a descuento, calculado de manera prorrateada entre los d\u00edas de cada periodo de facturaci\u00f3n. La energ\u00eda no consumida con derecho a descuento se acumula de los periodos de facturaci\u00f3n de los doce meses anteriores. La energ\u00eda que supere ese l\u00edmite se facturar\u00e1 al PVPC sin descuento.<\/p>\n<p><!-- BREAK 9 --><\/p>\n<h2 id=\"quien-puede-solicitarlo-2\" class=\"toc-enabled\"><span class=\"toc-shortcut-icon\" title=\"Ver \u00cdndice de contenido\"><\/span>Qui\u00e9n puede solicitarlo<\/h2>\n<div class=\"article-asset-image article-asset-normal article-asset-center\">\n<div class=\"asset-content\">\n<div class=\"caption-img \">\n                    <a rel=\"noopener, noreferrer\" href=\"https:\/\/www.pexels.com\/es-es\/foto\/bombilla-encendida-en-fotografia-con-enfoque-selectivo-45072\/\"><\/p>\n<p>    <img decoding=\"async\" alt=\"Pexels Weekendplayer 45072\" class=\"centro_sinmarco\" src=\"https:\/\/i.blogs.es\/1253ea\/pexels-weekendplayer-45072\/450_1000.webp\"><br \/>\n     <\/a><\/p>\n<p>        <span>Foto de Burak The Weekender<\/span>\n   <\/div>\n<\/p><\/div>\n<\/div>\n<p><strong>Los requisitos. <\/strong>Para acceder al Bono Social T\u00e9rmico incluyen contar con el Bono Social El\u00e9ctrico y beneficiarse de un \u00fanico pago anual que se deduce de las facturas del gas, aliviando los costes de la calefacci\u00f3n. Por lo tanto, el primer paso es solicitar el Bono Social El\u00e9ctrico, como ya hemos explicado. Una vez aprobado, el Bono Social T\u00e9rmico se concede autom\u00e1ticamente y su gesti\u00f3n recae en las Comunidades Aut\u00f3nomas, aunque es financiado a trav\u00e9s de los Presupuestos Generales del Estado.<\/p>\n<p><!-- BREAK 10 --><\/p>\n<p><strong>Podr\u00e1n solicitar el Bono Social<\/strong> todas aquellas personas que se puedan agrupar en uno de estos colectivos:<\/p>\n<ul>\n<li>Consumidor vulnerable<\/li>\n<li>Consumidor vulnerable severo<\/li>\n<li>Consumidor vulnerable en riesgo de exclusi\u00f3n social<\/li>\n<li>Hasta el 30 de junio de 2024, consumidor miembro de un <em>\u201chogar con bajos ingresos seg\u00fan el <\/em><a rel=\"noopener, noreferrer\" href=\"https:\/\/www.boe.es\/buscar\/act.php?id=BOE-A-2022-17040\"><em>Real Decreto-ley 18\/2022<\/em><\/a><em>\u201d<\/em><strong>,<\/strong> siempre que re\u00fana las siguientes condiciones generales<\/li>\n<\/ul>\n<h3 id=\"consumidor-vulnerable-3\" class=\"toc-enabled\"><span class=\"toc-shortcut-icon\" title=\"Ver \u00cdndice de contenido\"><\/span>Consumidor vulnerable<\/h3>\n<div class=\"article-asset-image article-asset-normal article-asset-center\">\n<div class=\"asset-content\">\n<div class=\"caption-img \">\n                    <a rel=\"noopener, noreferrer\" href=\"https:\/\/www.pexels.com\/es-es\/foto\/empresario-de-cultivos-dando-contrato-a-mujer-para-firmar-3760067\/\"><\/p>\n<p>    <img decoding=\"async\" alt=\"Pexels Olly 3760067\" class=\"centro_sinmarco\" src=\"https:\/\/i.blogs.es\/e86ed4\/pexels-olly-3760067\/450_1000.webp\"><br \/>\n     <\/a><\/p>\n<p>        <span>Foto de Andrea Piacquadio<\/span>\n   <\/div>\n<\/p><\/div>\n<\/div>\n<p>Para ser considerado <strong>\u201cconsumidor vulnerable\u201d el solicitante <\/strong>deber\u00e1 cumplir uno de estos cuatro requisitos.<\/p>\n<p>El <strong>primer requisito<\/strong> es que el <a rel=\"noopener, noreferrer\" href=\"https:\/\/www.cnmc.es\/bono-social#NivelDeRenta\">nivel de renta<\/a> de la <a rel=\"noopener, noreferrer\" href=\"https:\/\/www.cnmc.es\/bono-social#UnidadDeConvivencia\">Unidad de convivencia<\/a> sea igual o inferior a 1,5 veces el IPREM de 14 pagas (12.600 euros al a\u00f1o). Si la unidad de convivencia est\u00e9 formada por m\u00e1s de una persona, el multiplicador anterior se incrementar\u00e1 en 0,3 (2.520 euros al a\u00f1o) por cada miembro adicional mayor de edad que conforme la unidad de convivencia y 0,5 (4.200 euros al a\u00f1o) por cada menor de edad de la unidad de convivencia. \u00a0Adem\u00e1s, el multiplicador resultante se incrementar\u00e1 en 1 si se dan circunstancias especiales.<\/p>\n<p><!-- BREAK 11 --><\/p>\n<ul>\n<li>Alg\u00fan miembro de la Unidad de convivencia tiene una discapacidad reconocida igual o superior al 33%<\/li>\n<li>Es v\u00edctima de violencia de g\u00e9nero<\/li>\n<li>Es v\u00edctima del terrorismo<\/li>\n<li>Se encuentre en situaci\u00f3n de dependencia reconocida de grado II o III<\/li>\n<li>La unidad de convivencia est\u00e1 integrada por un \u00fanico progenitor y, al menos, un menor.<\/li>\n<\/ul>\n<div class=\"article-asset article-asset-normal article-asset-center\">\n<div class=\"desvio-container\">\n<div class=\"desvio\">\n<div class=\"desvio-figure js-desvio-figure\">\n    <a href=\"https:\/\/www.xatakahome.com\/iluminacion-y-energia\/notas-consumo-excesivo-luz-casa-asi-puedes-comprobar-alguien-te-esta-robando-luz-tu-contador\"><br \/>\n     <img loading=\"lazy\" decoding=\"async\" alt=\"\u00bfNotas un consumo excesivo de luz en casa? As\u00ed puedes comprobar si alguien te est\u00e1 robando la luz en tu contador\" width=\"375\" height=\"142\" src=\"https:\/\/i.blogs.es\/a888cc\/contadores\/375_142.webp\" onerror='this.src=\"https:\/\/i.blogs.es\/a888cc\/contadores\/375_142.jpeg\"'><br \/>\n    <\/a>\n   <\/div>\n<div class=\"desvio-summary\">\n<div class=\"desvio-taxonomy js-desvio-taxonomy\">\n     <a href=\"https:\/\/www.xatakahome.com\/iluminacion-y-energia\/notas-consumo-excesivo-luz-casa-asi-puedes-comprobar-alguien-te-esta-robando-luz-tu-contador\" class=\"desvio-taxonomy-anchor\">Xataka Smart Home<\/a>\n    <\/div>\n<p>    <a href=\"https:\/\/www.xatakahome.com\/iluminacion-y-energia\/notas-consumo-excesivo-luz-casa-asi-puedes-comprobar-alguien-te-esta-robando-luz-tu-contador\" class=\"desvio-title js-desvio-title\">\u00bfNotas un consumo excesivo de luz en casa? As\u00ed puedes comprobar si alguien te est\u00e1 robando la luz en tu contador<\/a>\n   <\/div>\n<\/p><\/div>\n<\/p><\/div>\n<\/div>\n<p>Adem\u00e1s, el <strong>segundo requisito<\/strong> es estar en posesi\u00f3n del t\u00edtulo de familia numerosa.<\/p>\n<p>El <strong>tercer requisito<\/strong> para poder solicitar el bono es que el propio consumidor o en caso de que exista Unidad de convivencia, todos los miembros que tengan ingresos, sea(n) pensionistas del Sistema de la Seguridad Social, por jubilaci\u00f3n o incapacidad permanente, siempre que cumplan estas dos condiciones:<\/p>\n<p><!-- BREAK 12 --><\/p>\n<ul>\n<li>Perciban la cuant\u00eda m\u00ednima vigente en cada momento para cada tipo de pensi\u00f3n<\/li>\n<li>En el caso de percibir otros ingresos, \u00a0que la cuant\u00eda agregada anual no supere los 500 euros<\/li>\n<\/ul>\n<p>El cuarto requisito de debe cumplir el solicitante es que tanto el consumidor o alg\u00fan miembro de su unidad de convivencia sea beneficiario del <a rel=\"noopener, noreferrer\" href=\"https:\/\/www.cnmc.es\/bono-social#IngresoMinimoVital\">Ingreso M\u00ednimo Vital<\/a>.<\/p>\n<p><!-- BREAK 13 --><\/p>\n<h3 id=\"consumidor-vulnerable-severo-4\" class=\"toc-enabled\"><span class=\"toc-shortcut-icon\" title=\"Ver \u00cdndice de contenido\"><\/span>Consumidor vulnerable severo<\/h3>\n<p>En este caso, consumidor vulnerable severo, es aquel que percibe una renta anual menor o igual al 50% de los umbrales establecidos para ser considerado vulnerable. Si el hogar posee el t\u00edtulo de familia numerosa, el umbral se incrementa a 2 veces el IPREM, es decir, <strong>unos 16.800 euros anuales<\/strong>. Para pensionistas con ingresos limitados, el umbral se fija en 1 vez el IPREM, equivalente a 8.400 euros al a\u00f1o.<\/p>\n<p><!-- BREAK 14 --><\/p>\n<ul>\n<li>Percibir una renta anual \u2264 50% de los <a rel=\"noopener, noreferrer\" href=\"https:\/\/www.bonosocial.gob.es\/#requisitos\/vulnerable\" data-id=\"noopener noreferrer\">umbrales establecidos para ser considerado consumidor vulnerable<\/a>, incluyendo, en su caso, el incremento previsto para los casos en los que concurran las \u00abcircunstancias especiales\u00bb.<\/li>\n<li><strong>Si posee el t\u00edtulo de familia numerosa<\/strong>, la unidad de convivencia debe percibir una renta anual <strong>\u2264 2 x IPREM de 14 pagas: 16.800 euros<\/strong>.<\/li>\n<li><strong>Si el consumidor o todos los miembros que tienen ingresos en la unidad de convivencia perciben pensi\u00f3n m\u00ednima<\/strong>, y no perciben otros ingresos cuya cuant\u00eda agregada anual supere los 500 euros, el consumidor o la unidad de convivencia a la que pertenezca debe percibir una renta anual <strong>\u2264 1 x IPREM de 14 pagas: 8.400 euros<\/strong>.<\/li>\n<li>Si el consumidor o alg\u00fan miembro de su unidad de convivencia es <strong>beneficiario del Ingreso M\u00ednimo Vital<\/strong>, se aplicar\u00e1n los criterios de renta definidos en el primer punto.<\/li>\n<\/ul>\n<h3 id=\"consumidor-riesgo-exclusion-social-5\" class=\"toc-enabled\"><span class=\"toc-shortcut-icon\" title=\"Ver \u00cdndice de contenido\"><\/span>Consumidor en riesgo de exclusi\u00f3n social<\/h3>\n<p>Para considerarse en riesgo de exclusi\u00f3n social, los usuarios deben cumplir los requisitos de vulnerabilidad severa y, adem\u00e1s, recibir apoyo de los servicios sociales de una administraci\u00f3n p\u00fablica, <strong>que cubra al menos el 50% de su factura<\/strong> de electricidad bajo el PVPC. En caso de que no puedan pagar temporalmente, no se les podr\u00e1 cortar el suministro.<\/p>\n<p><!-- BREAK 15 --><\/p>\n<h3 id=\"hogar-bajos-ingresos-6\" class=\"toc-enabled\"><span class=\"toc-shortcut-icon\" title=\"Ver \u00cdndice de contenido\"><\/span><strong>Hogar con bajos ingresos<\/strong><\/h3>\n<p>Otro de los posibles solicitantes ser\u00e1 aquel que pertenezca al considerado <strong>\u201chogar con bajos ingresos seg\u00fan el Real Decreto-ley 18\/2022\u201d.<\/strong><\/p>\n<p>Esta figura se puede dar si el nivel de renta de la Unidad de convivencia es igual o inferior a <strong>2 veces el IPREM de 14 pagas<\/strong> y superior a 1,5 veces dicho indicador, es decir, si el nivel de renta se sit\u00faa entre 12.600 y 16.800 euros\/a\u00f1o.<\/p>\n<p><!-- BREAK 16 --><\/p>\n<p>Cuando la <strong>unidad de convivencia est\u00e9 formada por m\u00e1s de una persona<\/strong>, el multiplicador anterior se incrementar\u00e1 en 0,3 (2.520 euros\/a\u00f1o) por cada miembro adicional mayor de edad que conforme la unidad de convivencia y 0,5 (4.200 \u20ac\/a\u00f1o) por cada menor de edad de la unidad de convivencia.<\/p>\n<p><!-- BREAK 17 --><\/p>\n<p>Adicionalmente, el multiplicador resultante se incrementar\u00e1 en 1 si se dan las circunstancias especiales mencionadas para consumidores vulnerables.<\/p>\n<h2 id=\"bono-social-electrico-como-pedirlo-7\" class=\"toc-enabled\"><span class=\"toc-shortcut-icon\" title=\"Ver \u00cdndice de contenido\"><\/span>Bono Social El\u00e9ctrico, como pedirlo<\/h2>\n<div class=\"article-asset-table article-asset-normal m-hr-scroll\">\n<div class=\"asset-content\">\n<table class=\"tabla-datos\">\n<thead>\n<tr>\n<th class=\"align-left\">\n<p>COMERCIALIZADORA DE REFERENCIA<\/p>\n<\/th>\n<th class=\"align-left\">\n<p>TEL\u00c9FONO PARA EL CONTACTO<\/p>\n<\/th>\n<th class=\"align-left\">\n<p>DIRECCI\u00d3N POSTAL<\/p>\n<\/th>\n<th class=\"align-left\">\n<p>CORREO ELECTR\u00d3NICO<\/p>\n<\/th>\n<\/tr>\n<\/thead>\n<tbody>\n<tr>\n<td class=\"align-left\">\n<p><a rel=\"noopener, noreferrer\" href=\"https:\/\/www.energiaxxi.com\/bono-social-mr\">Endesa Energ\u00eda XXI, S.L.U.<\/a><\/p>\n<\/td>\n<td class=\"align-left\">\n<p>800 760 333<\/p>\n<\/td>\n<td class=\"align-left\">\n<p>Aptdo. Correos 1.167, 41080 Sevilla<\/p>\n<\/td>\n<td class=\"align-left\">\n<p><a href=\"https:\/\/www.xatakahome.com\/iluminacion-y-energia\/bonosocial@energiaxxi.com\">email<\/a><\/p>\n<\/td>\n<\/tr>\n<tr>\n<td class=\"align-left\">\n<p><a rel=\"noopener, noreferrer\" href=\"https:\/\/www.curenergia.es\/bono-social\">Curenerg\u00eda Comercializador de \u00daltimo Recurso, S.A.U.<\/a><\/p>\n<\/td>\n<td class=\"align-left\">\n<p>900 200 708<\/p>\n<\/td>\n<td class=\"align-left\">\n<p>Aptdo. Correos 61.017, 28080 Madrid<\/p>\n<\/td>\n<td class=\"align-left\">\n<p><a href=\"https:\/\/www.xatakahome.com\/iluminacion-y-energia\/bonosocial@curenerg%C3%ADa.es\">email<\/a><\/p>\n<\/td>\n<\/tr>\n<tr>\n<td class=\"align-left\">\n<p><a rel=\"noopener, noreferrer\" href=\"https:\/\/www.comercializadoraregulada.es\/regulada\/bono_social_luz\">Comercializadora regulada, GAS &amp; POWER, S.A.<\/a><\/p>\n<\/td>\n<td class=\"align-left\">\n<p>900 100 283<\/p>\n<\/td>\n<td class=\"align-left\">\n<p>Aptdo. Correos 61.084 28080 Madrid<\/p>\n<\/td>\n<td class=\"align-left\">\n<p><a href=\"https:\/\/www.xatakahome.com\/iluminacion-y-energia\/bonosocial@comercializadoraregulada.es\">email<\/a><\/p>\n<\/td>\n<\/tr>\n<tr>\n<td class=\"align-left\">\n<p><a rel=\"noopener, noreferrer\" href=\"https:\/\/www.basercor.es\/\">Baser Comercializadora de Referencia, S.A.<\/a><\/p>\n<\/td>\n<td class=\"align-left\">\n<p>900 902 947<\/p>\n<\/td>\n<td class=\"align-left\">\n<p>Aptdo. Correos 191 33080 Oviedo<\/p>\n<\/td>\n<td class=\"align-left\">\n<p><a href=\"https:\/\/www.xatakahome.com\/iluminacion-y-energia\/bonosocial@basercor.es\">email<\/a><\/p>\n<\/td>\n<\/tr>\n<tr>\n<td class=\"align-left\">\n<p><a rel=\"noopener, noreferrer\" href=\"https:\/\/www.regsiti.com\/bono-social\/\">R\u00e9gsiti Comercializadora de Referencia S.L.U.<\/a><\/p>\n<\/td>\n<td class=\"align-left\">\n<p>900 10 10 05<\/p>\n<\/td>\n<td class=\"align-left\">\n<p>Calle Isabel Torres n\u00ba 19 39011 Santander<\/p>\n<\/td>\n<td class=\"align-left\">\n<p><a href=\"https:\/\/www.xatakahome.com\/iluminacion-y-energia\/bono-social@regsiti.com\">email<\/a><\/p>\n<\/td>\n<\/tr>\n<tr>\n<td class=\"align-left\">\n<p><a rel=\"noopener, noreferrer\" href=\"https:\/\/www.corenergetico.es\/es\/modelos-de-contratacion\/bono-social\/\">Comercializador de Referencia Energ\u00e9tico, S.L.U.<\/a><\/p>\n<\/td>\n<td class=\"align-left\">\n<p>900 814 023<\/p>\n<\/td>\n<td class=\"align-left\">\n<p>Apartado de Correos: F. D. N\u00ba 90 \/\/ 3300010 &#8211; 33080 Oviedo<\/p>\n<\/td>\n<td class=\"align-left\">\n<p><a href=\"https:\/\/www.xatakahome.com\/iluminacion-y-energia\/bonosocial@corenergetico.es\">email<\/a><\/p>\n<\/td>\n<\/tr>\n<tr>\n<td class=\"align-left\">\n<p><a rel=\"noopener, noreferrer\" href=\"http:\/\/www.teramelcor.es\/bonosocial.html\">Teramelcor, S.L.(para Melilla)<\/a><\/p>\n<\/td>\n<td class=\"align-left\">\n<p>800 007 943<\/p>\n<\/td>\n<td class=\"align-left\">\n<p>Aptdo. Correos 6 52006 Melilla<\/p>\n<\/td>\n<td class=\"align-left\">\n<p><a href=\"https:\/\/www.xatakahome.com\/iluminacion-y-energia\/bonosocial@teramelcor.es\">email<\/a><\/p>\n<\/td>\n<\/tr>\n<tr>\n<td class=\"align-left\">\n<p><a rel=\"noopener, noreferrer\" href=\"https:\/\/www.energiaceutaxxi.com\/\">Energ\u00eda Ceuta XXI Comercializadora de Referencia, S.A.U. para Ceuta<\/a><\/p>\n<\/td>\n<td class=\"align-left\">\n<p>900 106 004<\/p>\n<\/td>\n<td class=\"align-left\">\n<p>Aptdo. Correos 13, 51080 Ceuta<\/p>\n<\/td>\n<td class=\"align-left\">\n<p><a href=\"https:\/\/www.xatakahome.com\/iluminacion-y-energia\/bonosocial@energiaceutaxxi.com\">email<\/a><\/p>\n<\/td>\n<\/tr>\n<\/tbody>\n<\/table><\/div>\n<\/div>\n<p>Para solicitar el <a rel=\"noopener, noreferrer\" href=\"https:\/\/www.miteco.gob.es\/es\/energia\/energia-electrica\/bono-social\/requisitos.html\">Bono Social<\/a>, basta con contactar con tu comercializadora de energ\u00eda. Ellos te indicar\u00e1n los canales adecuados para enviar la documentaci\u00f3n, que incluir\u00e1 los <strong>DNI o NIE de los miembros del hogar<\/strong>, el certificado de empadronamiento y el libro de familia. Toda esta informaci\u00f3n se puede enviar f\u00e1cilmente tomando fotograf\u00edas con el m\u00f3vil. Esto es lo que har\u00e1 falta:<\/p>\n<p><!-- BREAK 18 --><\/p>\n<ul>\n<li><strong>Modelo de solicitud:<\/strong> Por medio del <a rel=\"noopener, noreferrer\" href=\"https:\/\/energia.gob.es\/bono-social\/Documents\/modelo-solicitud.pdf\" data-id=\"noopener noreferrer\">formulario<\/a> descargable desde la web de la <a rel=\"noopener, noreferrer\" href=\"https:\/\/www.bonosocial.gob.es\/#como\" data-id=\"noopener noreferrer\">comercializadora de referencia<\/a>.<\/li>\n<li><strong>Fotocopia del NIF\/NIE:<\/strong> Del titular del punto de suministro y, si aplica, de todos los miembros de la unidad de convivencia (incluidos los mayores de 14 a\u00f1os con capacidad de obrar y los menores de 14 a\u00f1os que dispongan de \u00e9l).<\/li>\n<li><strong>Certificado de empadronamiento:<\/strong> Individual o conjunto de todos los miembros de la unidad de convivencia.<\/li>\n<li><strong>Documentaci\u00f3n del estado civil:<\/strong><\/li>\n<li>Si no forma parte de una unidad de convivencia: hoja individual del Registro Civil u otro documento oficial que acredite el estado civil del solicitante.<\/li>\n<li>Si forma parte de una unidad de convivencia: libro de familia, certificado de nacimiento, certificado de matrimonio, certificaci\u00f3n de inscripci\u00f3n como pareja de hecho o documento p\u00fablico que acredite dicha situaci\u00f3n. Si aplica, resoluci\u00f3n judicial o administrativa que acredite el acogimiento.<\/li>\n<li><strong>T\u00edtulo de familia numerosa:<\/strong> En caso de familias numerosas, copia del t\u00edtulo en vigor.<\/li>\n<\/ul>\n<p>Cuando concurra <strong>alguna de las siguientes circunstancias<\/strong> se deber\u00e1 aportar, adem\u00e1s:<\/p>\n<ul>\n<li>Certificado o documento acreditativo emitido por los servicios sociales del \u00f3rgano competente para las circunstancias especiales de discapacidad reconocida igual o superior al 33%, v\u00edctima de violencia de g\u00e9nero o v\u00edctima del terrorismo \u00a0o situaci\u00f3n de dependencia reconocida de grado II o III.<\/li>\n<li>Fotocopia del libro de familia y del certificado de empadronamiento en caso de cumplir la circunstancia especial de que la unidad familiar est\u00e1 integrada por un \u00fanico progenitor y, al menos, un menor.<\/li>\n<\/ul>\n<div class=\"article-asset article-asset-normal article-asset-center\">\n<div class=\"desvio-container\">\n<div class=\"desvio\">\n<div class=\"desvio-figure js-desvio-figure\">\n    <a href=\"https:\/\/www.xatakahome.com\/a-fondo\/tener-cama-sofa-calentitos-encender-calefaccion-mejores-opciones-para-lograrlo-ahorrando-factura-luz\"><br \/>\n     <img loading=\"lazy\" decoding=\"async\" alt=\"Tener la cama y el sof\u00e1 calentitos sin encender la calefacci\u00f3n: las mejores opciones para lograrlo ahorrando en la factura de la luz\" width=\"375\" height=\"142\" src=\"https:\/\/i.blogs.es\/9ca06c\/zohre-nemati-6snqftda3zs-unsplash\/375_142.webp\" onerror='this.src=\"https:\/\/i.blogs.es\/9ca06c\/zohre-nemati-6snqftda3zs-unsplash\/375_142.jpeg\"'><br \/>\n    <\/a>\n   <\/div>\n<div class=\"desvio-summary\">\n<div class=\"desvio-taxonomy js-desvio-taxonomy\">\n     <a href=\"https:\/\/www.xatakahome.com\/a-fondo\/tener-cama-sofa-calentitos-encender-calefaccion-mejores-opciones-para-lograrlo-ahorrando-factura-luz\" class=\"desvio-taxonomy-anchor\">En Xataka Smart Home<\/a>\n    <\/div>\n<p>    <a href=\"https:\/\/www.xatakahome.com\/a-fondo\/tener-cama-sofa-calentitos-encender-calefaccion-mejores-opciones-para-lograrlo-ahorrando-factura-luz\" class=\"desvio-title js-desvio-title\">Tener la cama y el sof\u00e1 calentitos sin encender la calefacci\u00f3n: las mejores opciones para lograrlo ahorrando en la factura de la luz<\/a>\n   <\/div>\n<\/p><\/div>\n<\/p><\/div>\n<\/div>\n<p>En la <a rel=\"noopener, noreferrer\" href=\"https:\/\/www.miteco.gob.es\/es\/energia\/energia-electrica\/bono-social.html#requisitos\">web del ministerio<\/a> se encuentran todos los detalles sobre las distintas opciones que ofrece este Bono Social El\u00e9ctrico.<\/p>\n<p><\/p>\n<h2 id=\"tope-para-descuentos-8\" class=\"toc-enabled\"><span class=\"toc-shortcut-icon\" title=\"Ver \u00cdndice de contenido\"><\/span>Tope para los descuentos<\/h2>\n<p>Este bono tiene un <strong>l\u00edmite m\u00e1ximo de energ\u00eda bonificada<\/strong> anual que var\u00eda seg\u00fan el tipo de unidad familiar: desde 1.587 kWh para una unidad de convivencia formada por dos personas o demandante individual y hasta 4.761 kWh para familias numerosas o un hogar con cinco o m\u00e1s personas. Los l\u00edmites de energ\u00eda que tienen derecho a descuento son los siguientes:<\/p>\n<p><!-- BREAK 19 --><\/p>\n<div class=\"article-asset-table article-asset-normal\">\n<div class=\"asset-content\">\n<table class=\"tabla-datos\">\n<thead>\n<tr>\n<th class=\"align-left\">\n<p>Categor\u00eda<\/p>\n<\/th>\n<th class=\"align-left\">\n<p>L\u00edmites m\u00e1ximos al consumo anual<\/p>\n<\/th>\n<\/tr>\n<\/thead>\n<tbody>\n<tr>\n<th class=\"align-left\">\n<p>Unidad de convivencia formada por dos personas o demandante individual<\/p>\n<\/th>\n<td class=\"align-left\">\n<p>1.587 kWh<\/p>\n<\/td>\n<\/tr>\n<tr>\n<th class=\"align-left\">\n<p>Unidad de convivencia formada por tres personas \/ Pensionistas (cuant\u00eda m\u00ednima) \/ Unidad de convivencia formada por dos personas siendo una de ellas un menor.<\/p>\n<\/th>\n<td class=\"align-left\">\n<p>2.222 kWh<\/p>\n<\/td>\n<\/tr>\n<tr>\n<th class=\"align-left\">\n<p>Unidad de convivencia formada por cuatro personas \/ Unidad de convivencia formada por tres personas siendo dos de ellas menores.<\/p>\n<\/th>\n<td class=\"align-left\">\n<p>2.698 kWh<\/p>\n<\/td>\n<\/tr>\n<tr>\n<th class=\"align-left\">\n<p>Unidad de convivencia formada por cinco o m\u00e1s personas \/ Unidad de convivencia formada por cuatro personas siendo tres de ellas menores \/ Familias numerosas.<\/p>\n<\/th>\n<td class=\"align-left\">\n<p>4.761 kWh<\/p>\n<\/td>\n<\/tr>\n<\/tbody>\n<\/table><\/div>\n<\/div>\n<h2 id=\"cuando-se-aplicara-bono-social-9\" class=\"toc-enabled\"><span class=\"toc-shortcut-icon\" title=\"Ver \u00cdndice de contenido\"><\/span>\u00bfCu\u00e1ndo se aplicar\u00e1 el Bono Social?<\/h2>\n<p>La comercializadora tiene <strong>un plazo de 10 d\u00edas h\u00e1biles<\/strong>, desde que recibe la solicitud del Bono Social con toda la documentaci\u00f3n necesaria, para informar al solicitante sobre el resultado de las verificaciones. En caso de rechazo, debe indicar las razones de la denegaci\u00f3n.<\/p>\n<p><!-- BREAK 20 --><\/p>\n<p>El Bono Social comenzar\u00e1 a aplicarse <strong>desde el primer d\u00eda del ciclo de facturaci\u00f3n<\/strong> en el que se haya recibido la solicitud completa y se ver\u00e1 reflejado en la primera factura emitida al menos 15 d\u00edas h\u00e1biles despu\u00e9s de la recepci\u00f3n de la solicitud. De lo contrario, se aplicar\u00e1 en la factura siguiente<\/p>\n<p><!-- BREAK 21 --><\/p>\n<h2 id=\"durante-cuanto-tiempo-se-aplicara-bono-social-10\" class=\"toc-enabled\"><span class=\"toc-shortcut-icon\" title=\"Ver \u00cdndice de contenido\"><\/span>\u00bfDurante cu\u00e1nto tiempo se aplicar\u00e1 el bono social?<\/h2>\n<p>El bono social se otorgar\u00e1 <strong>por un periodo de dos a\u00f1os<\/strong>, siempre y cuando no se pierda alguna de las condiciones que justifican su concesi\u00f3n.<\/p>\n<p><strong>La fecha de validez<\/strong> del bono social se muestra en todas las facturas el\u00e9ctricas. El consumidor debe informar al comercializador sobre cualquier cambio que implique la p\u00e9rdida del estatus de consumidor vulnerable dentro del mes siguiente al cambio.<\/p>\n<p><!-- BREAK 22 --><\/p>\n<h2 id=\"como-acceder-al-bono-social-termico-11\" class=\"toc-enabled\"><span class=\"toc-shortcut-icon\" title=\"Ver \u00cdndice de contenido\"><\/span><strong>C\u00f3mo acceder al Bono Social T\u00e9rmico<\/strong><\/h2>\n<div class=\"article-asset-image article-asset-normal article-asset-center\">\n<div class=\"asset-content\">\n<div class=\"caption-img \">\n                    <a rel=\"noopener, noreferrer\" href=\"https:\/\/www.pexels.com\/es-es\/foto\/resfriado-madera-ligero-arte-12034871\/\"><\/p>\n<p>    <img decoding=\"async\" alt=\"Pexels Patrycja Grobelny 12034871\" class=\"centro_sinmarco\" src=\"https:\/\/i.blogs.es\/f508af\/pexels-patrycja-grobelny-12034871\/450_1000.webp\"><br \/>\n     <\/a><\/p>\n<p>        <span>Foto de Patrycja Grobelny<\/span>\n   <\/div>\n<\/p><\/div>\n<\/div>\n<p>Para acceder al Bono Social T\u00e9rmico, <strong>no es necesario realizar ning\u00fan tr\u00e1mite adicional<\/strong> si ya se cuenta con el Bono Social El\u00e9ctrico. Este se concede autom\u00e1ticamente, aunque la cantidad a recibir depende de factores como los ingresos del solicitante y la zona clim\u00e1tica en la que viva. .<\/p>\n<p><!-- BREAK 23 --><\/p>\n<p>El proceso para determinar la ayuda del Bono Social T\u00e9rmico empieza con el env\u00edo de un listado, antes del 15 de enero de cada a\u00f1o, por parte de los Comercializadores de Referencia a la Direcci\u00f3n General de Pol\u00edtica Energ\u00e9tica y Minas. Este listado incluye a todos los <strong>beneficiarios del Bono Social El\u00e9ctrico<\/strong> a 31 de diciembre del a\u00f1o anterior. A partir de estos datos, el Ministerio calcula la distribuci\u00f3n del presupuesto entre las Comunidades Aut\u00f3nomas, que ser\u00e1n las encargadas de comunicar a los beneficiarios la concesi\u00f3n del bono y de gestionar el pago. Estas entidades informar\u00e1n a los usuarios sobre la ayuda y les ofrecer\u00e1n la posibilidad de renunciar a ella si lo desean.<\/p>\n<p><!-- BREAK 24 --><\/p>\n<p>Foto de portada | <a rel=\"noopener, noreferrer\" href=\"https:\/\/www.pexels.com\/es-es\/foto\/primer-plano-de-cabina-telefonica-257736\/\">Pixabay<\/a><\/p>\n<p>En Xataka SmartHome | <a href=\"https:\/\/www.xatakahome.com\/a-fondo\/estos-trucos-cientificos-ayudaran-a-estar-calentitos-este-invierno-no-tengas-calefaccion-clave-esta-termorregulacion\" data-id=\"noopener noreferrer\">Estos trucos cient\u00edficos ayudar\u00e1n a estar calentitos este invierno aunque no tengas calefacci\u00f3n: la clave est\u00e1 en la termorregulaci\u00f3n<\/a><\/p>\n<p><!-- BREAK 25 --><script>\n (function() {\n  window._JS_MODULES = window._JS_MODULES || {};\n  var headElement = document.getElementsByTagName('head')[0];\n  if (_JS_MODULES.instagram) {\n   var instagramScript = document.createElement('script');\n   instagramScript.src = 'https:\/\/platform.instagram.com\/en_US\/embeds.js';\n   instagramScript.async = true;\n   instagramScript.defer = true;\n   headElement.appendChild(instagramScript);\n  }\n })();\n<\/script><\/p>\n<p> &#8211; <br \/> La noticia<br \/>\n      <a href=\"https:\/\/www.xatakahome.com\/a-fondo\/bono-social-electrico-termico-asi-aumentan-ayudas-como-solicitarlas-para-electricidad-calefaccion?utm_source=feedburner&amp;utm_medium=feed&amp;utm_campaign=06_Oct_2024\"><br \/>\n       <em> Cambio radical y a peor en el Bono Social: as\u00ed quedan desde octubre las ayudas para pagar menos en la factura de la luz <\/em><br \/>\n      <\/a><br \/>\n      fue publicada originalmente en<br \/>\n      <a href=\"https:\/\/www.xatakahome.com\/?utm_source=feedburner&amp;utm_medium=feed&amp;utm_campaign=06_Oct_2024\"><br \/>\n       <strong> Xataka Smart Home <\/strong><br \/>\n      <\/a><br \/>\n            por <a href=\"https:\/\/www.xatakahome.com\/autor\/jose-antonio-carmona?utm_source=feedburner&amp;utm_medium=feed&amp;utm_campaign=06_Oct_2024\"><br \/>\n       Jose Antonio Carmona<br \/>\n      <\/a><br \/>\n      . <\/p>\n<\/div>\n","protected":false},"excerpt":{"rendered":"<p>Con la llegada del fr\u00edo, es hora de poner en marcha la calefacci\u00f3n o utilizar otros sistemas de climatizaci\u00f3n que ayuden a combatir las bajas temperaturas. Sin embargo, hay muchas personas que no tienen acceso a este recurso, considerado b\u00e1sico por la mayor\u00eda. A esto se le conoce como pobreza energ\u00e9tica, y para combatirla, el &hellip; <a href=\"https:\/\/domosistemas.com\/?p=25866\" class=\"more-link\">Sigue leyendo <span class=\"screen-reader-text\">Cambio radical y a peor en el Bono Social: as\u00ed quedan desde octubre las ayudas para pagar menos en la factura de la luz<\/span><\/a><\/p>\n","protected":false},"author":1,"featured_media":0,"comment_status":"closed","ping_status":"closed","sticky":false,"template":"","format":"standard","meta":{"footnotes":""},"categories":[8],"tags":[],"class_list":["post-25866","post","type-post","status-publish","format-standard","hentry","category-xataka"],"_links":{"self":[{"href":"https:\/\/domosistemas.com\/index.php?rest_route=\/wp\/v2\/posts\/25866","targetHints":{"allow":["GET"]}}],"collection":[{"href":"https:\/\/domosistemas.com\/index.php?rest_route=\/wp\/v2\/posts"}],"about":[{"href":"https:\/\/domosistemas.com\/index.php?rest_route=\/wp\/v2\/types\/post"}],"author":[{"embeddable":true,"href":"https:\/\/domosistemas.com\/index.php?rest_route=\/wp\/v2\/users\/1"}],"replies":[{"embeddable":true,"href":"https:\/\/domosistemas.com\/index.php?rest_route=%2Fwp%2Fv2%2Fcomments&post=25866"}],"version-history":[{"count":0,"href":"https:\/\/domosistemas.com\/index.php?rest_route=\/wp\/v2\/posts\/25866\/revisions"}],"wp:attachment":[{"href":"https:\/\/domosistemas.com\/index.php?rest_route=%2Fwp%2Fv2%2Fmedia&parent=25866"}],"wp:term":[{"taxonomy":"category","embeddable":true,"href":"https:\/\/domosistemas.com\/index.php?rest_route=%2Fwp%2Fv2%2Fcategories&post=25866"},{"taxonomy":"post_tag","embeddable":true,"href":"https:\/\/domosistemas.com\/index.php?rest_route=%2Fwp%2Fv2%2Ftags&post=25866"}],"curies":[{"name":"wp","href":"https:\/\/api.w.org\/{rel}","templated":true}]}}