{"id":25891,"date":"2024-10-08T02:00:46","date_gmt":"2024-10-08T02:00:46","guid":{"rendered":"https:\/\/domosistemas.com\/?p=25891"},"modified":"2024-10-08T02:00:46","modified_gmt":"2024-10-08T02:00:46","slug":"abierto-el-registro-de-inscripcion-para-asistir-a-la-nueva-edicion-de-integrated-systems-europe","status":"publish","type":"post","link":"https:\/\/domosistemas.com\/?p=25891","title":{"rendered":"Abierto el registro de inscripci\u00f3n para asistir a la nueva edici\u00f3n de Integrated Systems Europe"},"content":{"rendered":"<div>\n<p>La feria anual Integrated Systems Europe (<a href=\"http:\/\/www.iseurope.org\/\" target=\"_blank\" rel=\"noopener sponsored\">ISE<\/a>) para la industria de la integraci\u00f3n de sistemas y audiovisual acaba de abrir el registro para asistir a este evento del 4 al 7 de febrero de 2025, que se celebrar\u00e1 en Fira Barcelona. Esta edici\u00f3n promete ser la m\u00e1s din\u00e1mica y atractiva hasta la fecha, con una serie de nuevas iniciativas y experiencias, un programa de contenido ampliado y m\u00e1s accesible, as\u00ed como la presentaci\u00f3n del pabell\u00f3n 8.1, al que se accede por el Acceso Norte.<\/p>\n<figure id=\"attachment_143921\" aria-describedby=\"caption-attachment-143921\" style=\"width: 800px\" class=\"wp-caption aligncenter\"><img loading=\"lazy\" decoding=\"async\" class=\"size-full wp-image-143921\" src=\"https:\/\/static.casadomo.com\/media\/2024\/10\/ise-2025-apertura-registro-evento-febrero.png\" alt=\"ISE 2025.\" width=\"800\" height=\"386\" srcset=\"https:\/\/static.casadomo.com\/media\/2024\/10\/ise-2025-apertura-registro-evento-febrero.png 800w, https:\/\/static.casadomo.com\/media\/2024\/10\/ise-2025-apertura-registro-evento-febrero-300x145.png 300w, https:\/\/static.casadomo.com\/media\/2024\/10\/ise-2025-apertura-registro-evento-febrero-768x371.png 768w, https:\/\/static.casadomo.com\/media\/2024\/10\/ise-2025-apertura-registro-evento-febrero-180x87.png 180w\" sizes=\"auto, (max-width: 800px) 100vw, 800px\"><figcaption id=\"caption-attachment-143921\" class=\"wp-caption-text\">ISE 2025, que se celebrar\u00e1 del 4 al 7 de febrero en Fira Barcelona, ofrecer\u00e1 novedades, como un programa ampliado y mejor acceso al pabell\u00f3n 8.<\/figcaption><\/figure>\n<p>ISE es un hervidero de inspiraci\u00f3n, situado en el centro creativo y tecnol\u00f3gico de Barcelona, que incluye desde zonas tecnol\u00f3gicas (Tech Zones) y experiencias en el sal\u00f3n de exposiciones, hasta ponentes e instalaciones audiovisuales. Adem\u00e1s de disfrutar de una variedad de tecnolog\u00edas en el \u00e1rea de exhibici\u00f3n, los visitantes pueden explorar c\u00f3mo se aplican estas tecnolog\u00edas en proyectos de la vida real en toda la ciudad, con la colecci\u00f3n de Tech Tours de ISE.<\/p>\n<p>Seg\u00fan Mike Blackman, director general de Integrated Systems Events, \u201ccon un espacio de exhibici\u00f3n un 20% m\u00e1s grande, nuevas experiencias apasionantes y nuestro programa de contenido de primer orden que profundiza en las megatendencias m\u00e1s importantes que est\u00e1n moldeando nuestra industria, ISE 2025 ser\u00e1 el lugar para aquellos que quieran mantenerse al d\u00eda y avanzar en la industria del ma\u00f1ana\u201d.<\/p>\n<p>En ISE 2025 habr\u00e1 oportunidades de networking para conectar con profesionales, l\u00edderes de la industria y posibles partners. Desde eventos para establecer contactos hasta encuentros informales. Adem\u00e1s, los visitantes podr\u00e1n ver, escuchar y probar la tecnolog\u00eda del ma\u00f1ana.<\/p>\n<h2>Zonas tem\u00e1ticas y programa del contenido<\/h2>\n<p>En siete Zonas Tecnol\u00f3gicas dedicadas, incluyendo Audio, AV Broadcast, Digital Signage y DOOH, Iluminaci\u00f3n y Staging, Multi-Tecnolog\u00eda, Residencial y Edificios Inteligentes, y Comunicaciones Unificadas y Tecnolog\u00eda Educativa, las marcas l\u00edderes proporcionar\u00e1n a los asistentes la oportunidad de experimentar los l\u00edmites de lo posible e ir m\u00e1s all\u00e1.<\/p>\n<p>Por su parte, el programa de contenido de este a\u00f1o se ha ampliado para incluir una gama m\u00e1s amplia de temas y sesiones, ofreciendo ideas m\u00e1s profundas sobre las megatendencias m\u00e1s interesantes, como inteligencia artificial (IA), audio, ciberseguridad, retail y sostenibilidad, entre otros temas. Los asistentes tambi\u00e9n pueden esperar nuevas formas de aprendizaje con la introducci\u00f3n de ISE Tracks.<\/p>\n<p>El programa de contenido de ISE 2025 incluir\u00e1 seis cumbres y cinco Track Streams que abordar\u00e1n las megatendencias. De martes a jueves, los visitantes podr\u00e1n participar en sesiones de Tracks sobre un tema espec\u00edfico, compr\u00e1ndolo a trav\u00e9s de un pase diario y asistir a cualquier sesi\u00f3n de Track el mismo d\u00eda, o comprar un pase de tres d\u00edas y asistir a cualquier Track el martes, mi\u00e9rcoles y jueves.<\/p>\n<h2>Novedades para ISE 2025<\/h2>\n<p>Ubicado en el coraz\u00f3n de Congress Square, el Parque de la Innovaci\u00f3n (Innovation Park) ofrecer\u00e1 una oportunidad \u00fanica para que las empresas emergentes presenten ideas innovadoras y establezcan conexiones significativas con actores clave de la industria. Con un Pitching Stage dedicado, curado por los expertos en capital de riesgo de Plug &amp; Play, el Parque de la Innovaci\u00f3n albergar\u00e1 sesiones din\u00e1micas de pitches durante los cuatro d\u00edas del evento.<\/p>\n<div class=\"video-wrapper\">\n<div class=\"video-container\">\n          <iframe loading=\"lazy\" src=\"\/\/www.youtube.com\/embed\/AuVownRoLWA?\" frameborder=\"0\" allowfullscreen><\/iframe>\n        <\/div>\n<\/p><\/div>\n<p>Para la edici\u00f3n 2025, ISE se expandir\u00e1 al pabell\u00f3n 8.1, que contar\u00e1 con tecnolog\u00eda de vanguardia y soluciones innovadoras de exhibidores l\u00edderes, proporcionando a los asistentes una visi\u00f3n completa del futuro del AV y la integraci\u00f3n de sistemas.<\/p>\n<p>Con tres accesos, la apertura del Acceso Norte de Fira de Barcelona mejorar\u00e1 la accesibilidad del recinto y facilitar\u00e1 una entrada m\u00e1s r\u00e1pida a los pabellones 4-8 y a las Audio Demo Rooms. Esta mejora refleja el compromiso de ISE de ofrecer una experiencia fluida y atractiva para todos los asistentes.<\/p>\n<p>ISE 2024 cont\u00f3 con m\u00e1s de 1.400 exhibidores y atrajo a 73.891 asistentes verificados \u00fanicos de 162 pa\u00edses. Un total de 363 conferencistas especializados compartieron sus conocimientos e ideas, y se espera que la edici\u00f3n 2025 de ISE supere nuevamente esos n\u00fameros r\u00e9cord.<\/p>\n<p>La entrada <a href=\"https:\/\/www.casadomo.com\/2024\/10\/08\/abierto-registro-inscripcion-asistir-nueva-edicion-integrated-systems-europe\">Abierto el registro de inscripci\u00f3n para asistir a la nueva edici\u00f3n de Integrated Systems Europe<\/a> aparece primero en <a href=\"https:\/\/www.casadomo.com\/\">CASADOMO<\/a>.<\/p>\n<\/div>\n","protected":false},"excerpt":{"rendered":"<p>La feria anual Integrated Systems Europe (ISE) para la industria de la integraci\u00f3n de sistemas y audiovisual acaba de abrir el registro para asistir a este evento del 4 al 7 de febrero de 2025, que se celebrar\u00e1 en Fira Barcelona. Esta edici\u00f3n promete ser la m\u00e1s din\u00e1mica y atractiva hasta la fecha, con una &hellip; <a href=\"https:\/\/domosistemas.com\/?p=25891\" class=\"more-link\">Sigue leyendo <span class=\"screen-reader-text\">Abierto el registro de inscripci\u00f3n para asistir a la nueva edici\u00f3n de Integrated Systems Europe<\/span><\/a><\/p>\n","protected":false},"author":1,"featured_media":0,"comment_status":"closed","ping_status":"closed","sticky":false,"template":"","format":"standard","meta":{"footnotes":""},"categories":[3],"tags":[],"class_list":["post-25891","post","type-post","status-publish","format-standard","hentry","category-casadomo-com"],"_links":{"self":[{"href":"https:\/\/domosistemas.com\/index.php?rest_route=\/wp\/v2\/posts\/25891","targetHints":{"allow":["GET"]}}],"collection":[{"href":"https:\/\/domosistemas.com\/index.php?rest_route=\/wp\/v2\/posts"}],"about":[{"href":"https:\/\/domosistemas.com\/index.php?rest_route=\/wp\/v2\/types\/post"}],"author":[{"embeddable":true,"href":"https:\/\/domosistemas.com\/index.php?rest_route=\/wp\/v2\/users\/1"}],"replies":[{"embeddable":true,"href":"https:\/\/domosistemas.com\/index.php?rest_route=%2Fwp%2Fv2%2Fcomments&post=25891"}],"version-history":[{"count":0,"href":"https:\/\/domosistemas.com\/index.php?rest_route=\/wp\/v2\/posts\/25891\/revisions"}],"wp:attachment":[{"href":"https:\/\/domosistemas.com\/index.php?rest_route=%2Fwp%2Fv2%2Fmedia&parent=25891"}],"wp:term":[{"taxonomy":"category","embeddable":true,"href":"https:\/\/domosistemas.com\/index.php?rest_route=%2Fwp%2Fv2%2Fcategories&post=25891"},{"taxonomy":"post_tag","embeddable":true,"href":"https:\/\/domosistemas.com\/index.php?rest_route=%2Fwp%2Fv2%2Ftags&post=25891"}],"curies":[{"name":"wp","href":"https:\/\/api.w.org\/{rel}","templated":true}]}}