{"id":25905,"date":"2024-10-09T02:00:45","date_gmt":"2024-10-09T02:00:45","guid":{"rendered":"https:\/\/domosistemas.com\/?p=25905"},"modified":"2024-10-09T02:00:45","modified_gmt":"2024-10-09T02:00:45","slug":"la-importancia-de-la-luz-en-el-diseno-y-arquitectura-protagonizo-el-evento-espacios-deslumbrantes-de-simon","status":"publish","type":"post","link":"https:\/\/domosistemas.com\/?p=25905","title":{"rendered":"La importancia de la luz en el dise\u00f1o y arquitectura protagoniz\u00f3 el evento \u2018Espacios deslumbrantes\u2019 de Simon"},"content":{"rendered":"<div>\n<p>El showroom de A Coru\u00f1a de <a href=\"https:\/\/www.simonelectric.com\/\" target=\"_blank\" rel=\"noopener sponsored\">Simon<\/a> fue el lugar escogido por la compa\u00f1\u00eda para realizar un an\u00e1lisis profundo sobre la arquitectura y el dise\u00f1o de interiores actuales y futuros, centrado en la iluminaci\u00f3n de los espacios. El evento \u2018Espacios deslumbrantes\u2019, que se celebr\u00f3 el pasado 26 de septiembre, reuni\u00f3 a destacados profesionales y estudios de arquitectura para debatir las claves del dise\u00f1o lum\u00ednico y que marcan las tendencias en hogares, oficinas, comercios y hoteles.<\/p>\n<figure id=\"attachment_144000\" aria-describedby=\"caption-attachment-144000\" style=\"width: 800px\" class=\"wp-caption aligncenter\"><img loading=\"lazy\" decoding=\"async\" class=\"size-full wp-image-144000\" src=\"https:\/\/static.casadomo.com\/media\/2024\/10\/simon-evento-showroom-iluminacion-espacios.png\" alt=\"Evento Simon.\" width=\"800\" height=\"534\" srcset=\"https:\/\/static.casadomo.com\/media\/2024\/10\/simon-evento-showroom-iluminacion-espacios.png 800w, https:\/\/static.casadomo.com\/media\/2024\/10\/simon-evento-showroom-iluminacion-espacios-300x200.png 300w, https:\/\/static.casadomo.com\/media\/2024\/10\/simon-evento-showroom-iluminacion-espacios-768x513.png 768w, https:\/\/static.casadomo.com\/media\/2024\/10\/simon-evento-showroom-iluminacion-espacios-180x120.png 180w\" sizes=\"auto, (max-width: 800px) 100vw, 800px\"><figcaption id=\"caption-attachment-144000\" class=\"wp-caption-text\">El evento de Simon reuni\u00f3 a profesionales y estudios de arquitectura para debatir sobre las claves del dise\u00f1o lum\u00ednico.<\/figcaption><\/figure>\n<p>El encuentro fue presentado por Gonzalo Batista, director EMEA del segmento terciario en <a href=\"https:\/\/www.casadomo.com\/empresas\/simon\">Simon<\/a>, quien destac\u00f3 la relevancia de la luz como un elemento transformador en el dise\u00f1o contempor\u00e1neo. Un selecto grupo de expertos comparti\u00f3 sus visiones y perspectivas sobre el futuro de la iluminaci\u00f3n. Entre los expertos, se encontraban \u00d3scar L\u00f3pez Alba de OLA Estudio, Yolanda Somoza y Toni Garc\u00eda de Yolanda Somoza y Toni Garc\u00eda Arquitectos; Estela Darriba, arquitecta e investigadora; Roque Viejo y Felipe Casas de Kel Arquitectos, y Bel\u00e9n Sueiro, dise\u00f1adora de interiores.<\/p>\n<p>En el marco del evento, se delinearon cinco tendencias clave que marcar\u00e1n la evoluci\u00f3n de la iluminaci\u00f3n en los pr\u00f3ximos a\u00f1os: la evoluci\u00f3n de la iluminaci\u00f3n como eje de transformaci\u00f3n inmediata de los espacios, donde la luz altera la percepci\u00f3n y funcionalidad; la iluminaci\u00f3n como impulsor de emociones, que evoca sentimientos y estados de \u00e1nimo; as\u00ed como el avance de la eficiencia energ\u00e9tica, priorizando soluciones sostenibles.<\/p>\n<p>Tambi\u00e9n se abord\u00f3 la progresi\u00f3n de la sensorialidad, que busca enriquecer la percepci\u00f3n del espacio mediante experiencias multisensoriales; y la expansi\u00f3n de la iluminaci\u00f3n como conector, que une espacios interiores y exteriores, fomentando una relaci\u00f3n armoniosa en el dise\u00f1o urbano y natural. Estas tendencias subrayan la importancia de la iluminaci\u00f3n en la creaci\u00f3n de entornos habitables y sostenibles.<\/p>\n<p>La moderadora del encuentro, Marisa Santamar\u00eda, reconocida investigadora de tendencias globales del dise\u00f1o, coordin\u00f3 la charla y sintetiz\u00f3 las conclusiones sobre el presente y futuro de la iluminaci\u00f3n.<\/p>\n<h2>La importancia de la luz en los diferentes proyectos<\/h2>\n<p>Roque Viejo y Felipe Casas subrayaron la riqueza que ofrece la diversidad cultural en su trabajo, al trabajar en varios contextos culturales y geogr\u00e1ficos diferentes, ampliando su mirada y retando su creatividad. Para ellos, la luz es un elemento central fundamental.<\/p>\n<p>La importancia de la sostenibilidad es un aspecto clave en los proyectos de \u00d3scar L\u00f3pez Alba, que intenta extremar toda la trazabilidad de la sostenibilidad a 360\u00ba. La iluminaci\u00f3n cobra un protagonismo esencial por las nuevas posibilidades tecnol\u00f3gicas, pero tambi\u00e9n por la eficiencia energ\u00e9tica que se puede alcanzar.<\/p>\n<p>Por su parte, Toni Garc\u00eda destac\u00f3 que sus dise\u00f1os ponen a las personas en el centro, mientras que la iluminaci\u00f3n natural y artificial determina la din\u00e1mica y la fluidez de los espacios que dise\u00f1an.<\/p>\n<p>La belleza, la sensibilidad del movimiento y la sensorialidad de los espacios son premisas b\u00e1sicas seg\u00fan Estela Darriba, al reflexionar sobre la interacci\u00f3n entre luz y espacio. Para ella, la luz refuerza la din\u00e1mica siempre cambiante del espacio, evidencia el inevitable paso del tiempo.<\/p>\n<p>Por \u00faltimo, Bel\u00e9n Sueiro, reflexion\u00f3 sobre el impacto emocional de la iluminaci\u00f3n en los ambientes, donde la luz envuelve a las personas y cambia sus emociones. En el dise\u00f1o de interiores actual, destac\u00f3 que es una fuerza motriz que transforma los espacios de inmediato.<\/p>\n<p>La entrada <a href=\"https:\/\/www.casadomo.com\/2024\/10\/09\/importancia-luz-diseno-arquitectura-protagonizo-evento-espacios-deslumbrantes-simon\">La importancia de la luz en el dise\u00f1o y arquitectura protagoniz\u00f3 el evento \u2018Espacios deslumbrantes\u2019 de Simon<\/a> aparece primero en <a href=\"https:\/\/www.casadomo.com\/\">CASADOMO<\/a>.<\/p>\n<\/div>\n","protected":false},"excerpt":{"rendered":"<p>El showroom de A Coru\u00f1a de Simon fue el lugar escogido por la compa\u00f1\u00eda para realizar un an\u00e1lisis profundo sobre la arquitectura y el dise\u00f1o de interiores actuales y futuros, centrado en la iluminaci\u00f3n de los espacios. El evento \u2018Espacios deslumbrantes\u2019, que se celebr\u00f3 el pasado 26 de septiembre, reuni\u00f3 a destacados profesionales y estudios &hellip; <a href=\"https:\/\/domosistemas.com\/?p=25905\" class=\"more-link\">Sigue leyendo <span class=\"screen-reader-text\">La importancia de la luz en el dise\u00f1o y arquitectura protagoniz\u00f3 el evento \u2018Espacios deslumbrantes\u2019 de Simon<\/span><\/a><\/p>\n","protected":false},"author":1,"featured_media":0,"comment_status":"closed","ping_status":"closed","sticky":false,"template":"","format":"standard","meta":{"footnotes":""},"categories":[3],"tags":[],"class_list":["post-25905","post","type-post","status-publish","format-standard","hentry","category-casadomo-com"],"_links":{"self":[{"href":"https:\/\/domosistemas.com\/index.php?rest_route=\/wp\/v2\/posts\/25905","targetHints":{"allow":["GET"]}}],"collection":[{"href":"https:\/\/domosistemas.com\/index.php?rest_route=\/wp\/v2\/posts"}],"about":[{"href":"https:\/\/domosistemas.com\/index.php?rest_route=\/wp\/v2\/types\/post"}],"author":[{"embeddable":true,"href":"https:\/\/domosistemas.com\/index.php?rest_route=\/wp\/v2\/users\/1"}],"replies":[{"embeddable":true,"href":"https:\/\/domosistemas.com\/index.php?rest_route=%2Fwp%2Fv2%2Fcomments&post=25905"}],"version-history":[{"count":0,"href":"https:\/\/domosistemas.com\/index.php?rest_route=\/wp\/v2\/posts\/25905\/revisions"}],"wp:attachment":[{"href":"https:\/\/domosistemas.com\/index.php?rest_route=%2Fwp%2Fv2%2Fmedia&parent=25905"}],"wp:term":[{"taxonomy":"category","embeddable":true,"href":"https:\/\/domosistemas.com\/index.php?rest_route=%2Fwp%2Fv2%2Fcategories&post=25905"},{"taxonomy":"post_tag","embeddable":true,"href":"https:\/\/domosistemas.com\/index.php?rest_route=%2Fwp%2Fv2%2Ftags&post=25905"}],"curies":[{"name":"wp","href":"https:\/\/api.w.org\/{rel}","templated":true}]}}