{"id":25914,"date":"2024-10-09T13:09:16","date_gmt":"2024-10-09T13:09:16","guid":{"rendered":"https:\/\/domosistemas.com\/?p=25914"},"modified":"2024-10-09T13:09:16","modified_gmt":"2024-10-09T13:09:16","slug":"cuanta-luz-gasta-el-calefactor-portatil-del-bano-y-cuando-merece-la-pena-usarlo-para-que-no-se-dispare-la-factura-de-la-luz","status":"publish","type":"post","link":"https:\/\/domosistemas.com\/?p=25914","title":{"rendered":"Cu\u00e1nta luz gasta el calefactor port\u00e1til del ba\u00f1o y cu\u00e1ndo merece la pena usarlo para que no se dispare la factura de la luz"},"content":{"rendered":"<div>\n<p>\n      <img decoding=\"async\" src=\"https:\/\/i.blogs.es\/ad69a5\/1366_2000\/1024_2000.jpeg\" alt=\"Cu\u00e1nta luz gasta el calefactor port\u00e1til del ba\u00f1o y cu\u00e1ndo merece la pena usarlo para que no se dispare la factura de la luz  \">\n    <\/p>\n<p>Llega el oto\u00f1o y con \u00e9l los primeros fr\u00edos del a\u00f1o que nos animan a <a href=\"https:\/\/www.xatakahome.com\/iluminacion-y-energia\/te-explicamos-como-poner-a-punto-los-sistemas-de-calefaccion-de-casa-ante-la-llegada-de-los-primeros-frios\">poner a punto<\/a> y encender los <strong>sistemas de calefacci\u00f3n<\/strong> que tengamos en casa para adecuar la temperatura interior de la vivienda a un valor m\u00e1s confortable.<\/p>\n<p><!-- BREAK 1 --><\/p>\n<p>Uno de los m\u00e1s habituales en muchos domicilios son los t\u00edpicos <a href=\"https:\/\/www.xatakahome.com\/electrodomesticos-innovadores\/como-elegir-calefactor-compacto-portatil-para-hogar-caracteristicas-ventajas-inconvenientes-modelos-recomendados\">calefactores el\u00e9ctricos de aire port\u00e1tiles<\/a>, unos equipos que proporcionan <strong>calor instant\u00e1neo<\/strong> de forma c\u00f3moda y r\u00e1pida, pero no muy eficiente.<\/p>\n<p><!-- BREAK 2 --><\/p>\n<p>La clave est\u00e1 en que utilizan <strong>una o varias resistencias<\/strong> que se calientan con el paso de una corriente el\u00e9ctrica para generar esas calor\u00edas de forma inmediata, un sistema muy sencillo y barato de \u00a0fabricar pero que necesita grandes cantidades de energ\u00eda para funcionar.<\/p>\n<p><!-- BREAK 3 --><\/p>\n<p>Sin embargo, todav\u00eda <strong>siguen siendo muy \u00fatiles como equipos de apoyo<\/strong> que se utilizan de forma muy puntual, durante un tiempo muy limitado cada d\u00eda, en algunas habitaciones donde no llega bien la calefacci\u00f3n general de la vivienda, como por ejemplo los cuartos de ba\u00f1o.<\/p>\n<p><!-- BREAK 4 --><\/p>\n<div class=\"article-asset article-asset-normal article-asset-center\">\n<div class=\"desvio-container\">\n<div class=\"desvio\">\n<div class=\"desvio-figure js-desvio-figure\">\n    <a href=\"https:\/\/www.xatakahome.com\/electrodomesticos-innovadores\/como-elegir-calefactor-compacto-portatil-para-hogar-caracteristicas-ventajas-inconvenientes-modelos-recomendados\"><br \/>\n     <img loading=\"lazy\" decoding=\"async\" alt=\"C\u00f3mo elegir un calefactor compacto port\u00e1til para el hogar: caracter\u00edsticas, ventajas, inconvenientes y modelos recomendados\" width=\"375\" height=\"142\" src=\"https:\/\/i.blogs.es\/efbc97\/718qrmgoyvs._ac_sl1500_\/375_142.webp\" onerror='this.src=\"https:\/\/i.blogs.es\/efbc97\/718qrmgoyvs._ac_sl1500_\/375_142.jpg\"'><br \/>\n    <\/a>\n   <\/div>\n<div class=\"desvio-summary\">\n<div class=\"desvio-taxonomy js-desvio-taxonomy\">\n     <a href=\"https:\/\/www.xatakahome.com\/electrodomesticos-innovadores\/como-elegir-calefactor-compacto-portatil-para-hogar-caracteristicas-ventajas-inconvenientes-modelos-recomendados\" class=\"desvio-taxonomy-anchor\">Xataka Smart Home<\/a>\n    <\/div>\n<p>    <a href=\"https:\/\/www.xatakahome.com\/electrodomesticos-innovadores\/como-elegir-calefactor-compacto-portatil-para-hogar-caracteristicas-ventajas-inconvenientes-modelos-recomendados\" class=\"desvio-title js-desvio-title\">C\u00f3mo elegir un calefactor compacto port\u00e1til para el hogar: caracter\u00edsticas, ventajas, inconvenientes y modelos recomendados<\/a>\n   <\/div>\n<\/p><\/div>\n<\/p><\/div>\n<\/div>\n<h2>Cu\u00e1nto gastan los calefactores de ba\u00f1o port\u00e1tiles<\/h2>\n<div class=\"article-asset-image article-asset-normal article-asset-center\">\n<div class=\"asset-content\">\n<div class=\"caption-img \">\n<p>   <img decoding=\"async\" alt=\"calefactor\" class=\"centro_sinmarco\" src=\"https:\/\/i.blogs.es\/04fdcd\/1366_2000ufesa\/450_1000.webp\"><\/p>\n<p>        <span>Imagen: Ufesa<\/span>\n   <\/div>\n<\/p><\/div>\n<\/div>\n<p>A continuaci\u00f3n vamos a calcular cu\u00e1nto puede llegar a costarnos utilizarlos a diario este oto\u00f1o-invierno teniendo en cuenta algunas consideraciones previas y suponiendo que <strong>no tenemos placas solares que nos abaraten la factura<\/strong>:<\/p>\n<p><!-- BREAK 5 --><\/p>\n<ul>\n<li>Por ejemplo, vamos a considerar que contamos con un calefactor de gama media con un consumo variable y seleccionable por el usuario que oscila <strong>entre los 700 y 2.000 vatios<\/strong>, cifra que l\u00f3gicamente depender\u00e1 de la temperatura y potencia que marquemos en el mando de control.<\/li>\n<li>El termostato har\u00e1 que el equipo se encienda y apague autom\u00e1ticamente cuando alcance la temperatura objetivo, por lo que <strong>no estar\u00e1 siempre funcionando al m\u00e1ximo<\/strong> de su capacidad. Por ello para obtener un consumo m\u00e1s realista tomaremos una cifra intermedia de gasto el\u00e9ctrico medio de <strong>1.000 vatios cada hora<\/strong> (es decir, 1 kWh), dato que variar\u00e1 en funci\u00f3n del aislamiento de la vivienda, de la temperatura objetivo que le pidamos, de las dimensiones de las habitaciones, etc.<\/li>\n<li>Adem\u00e1s supondremos que vamos a utilizar el aparato <strong>como m\u00e1ximo durante una hora diaria<\/strong>, por ejemplo para calentar el ba\u00f1o o la habitaci\u00f3n por las ma\u00f1anas mientras nos duchamos, vestimos, etc.<\/li>\n<\/ul>\n<p>Lo primero que tenemos que hacer es averiguar el <strong>coste por cada kWh de la electricidad<\/strong> que vamos a consumir, cifra que varia cada hora del d\u00eda y que depender\u00e1 \u00a0de cada compa\u00f1\u00eda el\u00e9ctrica, pero que podemos promediar con los datos de \u00a0las \u00faltimas semanas para el horario diurno y atendiendo a lo marcado en \u00a0la <a rel=\"noopener, noreferrer\" href=\"https:\/\/www.esios.ree.es\/es\/pvpc\" data-id=\"noopener, noreferrer\">p\u00e1gina web de la Red El\u00e9ctrica Espa\u00f1ola<\/a> con un <strong>valor medio de unos 0,15\u20ac\/kWh<\/strong>, precio en bruto al que habr\u00e1 que sumar posteriormente impuestos cuando nos llegue el importe real en la factura.<\/p>\n<p><!-- BREAK 6 --><\/p>\n<p>Teniendo en cuenta todo esto, nuestro radiador con un consumo medio de 1 kWh supondremos que estar\u00e1 encendido cada d\u00eda una hora con un gasto de <strong>0,15\u20ac\/kWh<\/strong>, lo que nos produce un importe de <strong>0,15 euros diarios<\/strong>. Si multiplicamos por 30 d\u00edas hallamos el importe para el total del mes que asciende a unos <strong>4,5 euros<\/strong>.<\/p>\n<p><!-- BREAK 7 --><\/p>\n<p>Como vemos, el coste es significativo pero no se dispara en exceso, suponiendo que el uso del equipo sea espor\u00e1dico como hemos comentado anteriormente y <strong>que no lo pongamos al m\u00e1ximo de su capacidad<\/strong>, sino en un modo intermedio, ya que en algunos modelos podemos llegar a alcanzar los 2.000 vatios, con lo que que la cifra de gasto se duplica.<\/p>\n<p><!-- BREAK 8 --><\/p>\n<div class=\"article-asset-video article-asset-normal\">\n<div class=\"asset-content\">\n<div class=\"base-asset-video\">\n<div class=\"js-dailymotion\">\n    <script type=\"application\/json\">\n                          {\"videoId\":\"x81h7p2\",\"autoplay\":true,\"title\":\"NUEVA FACTURA DE LA LUZ: TODO LO QUE DEBES SABER para AHORRAR AL M\u00c1XIMO\", \"tag\":\"\", \"duration\":\"290\"}\n                  <\/script>\n   <\/div>\n<\/p><\/div>\n<\/p><\/div>\n<\/div>\n<p>Entonces, \u00bfmerece la pena usarlo a diario en casa? Pues si es para las tareas antes comentadas como calentar r\u00e1pidamente el cuarto de ba\u00f1o o la habitaci\u00f3n cuando nos levantamos para ducharnos, ba\u00f1ar a los ni\u00f1os, vestirnos, etc. es un sistema muy \u00fatil que <strong>nos puede ahorrar tener que conectar el sistema de calefacci\u00f3n general<\/strong> de la casa, sobre todo si vamos a salir y no regresaremos en unas cuantas horas.<\/p>\n<p><!-- BREAK 9 --><\/p>\n<p>Si por el contrario queremos usarlo como sistema principal para calentar la vivienda durante un periodo de 8 o 10 horas al d\u00eda, la cifra a pagar ya <strong>sobrepasar\u00e1 los 100 euros al mes<\/strong> y adem\u00e1s hay que tener en cuenta que la capacidad para generar calor de este tipo de equipos es limitada y no supera los 10-15 metros cuadrados, por lo que necesitar\u00edamos varios de ellos para lograr una temperatura confortable en la casa.<\/p>\n<p><!-- BREAK 10 --><\/p>\n<p>Imagen portada | Taurus<\/p>\n<p>En Xataka Smart Home | <a href=\"https:\/\/www.xatakahome.com\/electrodomesticos-innovadores\/como-elegir-calefactor-compacto-portatil-para-hogar-caracteristicas-ventajas-inconvenientes-modelos-recomendados\">C\u00f3mo elegir un calefactor compacto port\u00e1til para el hogar: caracter\u00edsticas, ventajas, inconvenientes y modelos recomendados<\/a><\/p>\n<p><script>\n (function() {\n  window._JS_MODULES = window._JS_MODULES || {};\n  var headElement = document.getElementsByTagName('head')[0];\n  if (_JS_MODULES.instagram) {\n   var instagramScript = document.createElement('script');\n   instagramScript.src = 'https:\/\/platform.instagram.com\/en_US\/embeds.js';\n   instagramScript.async = true;\n   instagramScript.defer = true;\n   headElement.appendChild(instagramScript);\n  }\n })();\n<\/script><\/p>\n<p> &#8211; <br \/> La noticia<br \/>\n      <a href=\"https:\/\/www.xatakahome.com\/hogar\/cuanta-luz-gasta-calefactor-portatil-bano-cuando-merece-pena-usarlo-no-se-dispare-factura-luz?utm_source=feedburner&amp;utm_medium=feed&amp;utm_campaign=09_Oct_2024\"><br \/>\n       <em> Cu\u00e1nta luz gasta el calefactor port\u00e1til del ba\u00f1o y cu\u00e1ndo merece la pena usarlo para que no se dispare la factura de la luz   <\/em><br \/>\n      <\/a><br \/>\n      fue publicada originalmente en<br \/>\n      <a href=\"https:\/\/www.xatakahome.com\/?utm_source=feedburner&amp;utm_medium=feed&amp;utm_campaign=09_Oct_2024\"><br \/>\n       <strong> Xataka Smart Home <\/strong><br \/>\n      <\/a><br \/>\n            por <a href=\"https:\/\/www.xatakahome.com\/autor\/paco-rodriguez?utm_source=feedburner&amp;utm_medium=feed&amp;utm_campaign=09_Oct_2024\"><br \/>\n       Paco Rodriguez<br \/>\n      <\/a><br \/>\n      . <\/p>\n<\/div>\n","protected":false},"excerpt":{"rendered":"<p>Llega el oto\u00f1o y con \u00e9l los primeros fr\u00edos del a\u00f1o que nos animan a poner a punto y encender los sistemas de calefacci\u00f3n que tengamos en casa para adecuar la temperatura interior de la vivienda a un valor m\u00e1s confortable. Uno de los m\u00e1s habituales en muchos domicilios son los t\u00edpicos calefactores el\u00e9ctricos de &hellip; <a href=\"https:\/\/domosistemas.com\/?p=25914\" class=\"more-link\">Sigue leyendo <span class=\"screen-reader-text\">Cu\u00e1nta luz gasta el calefactor port\u00e1til del ba\u00f1o y cu\u00e1ndo merece la pena usarlo para que no se dispare la factura de la luz<\/span><\/a><\/p>\n","protected":false},"author":1,"featured_media":0,"comment_status":"closed","ping_status":"closed","sticky":false,"template":"","format":"standard","meta":{"footnotes":""},"categories":[8],"tags":[],"class_list":["post-25914","post","type-post","status-publish","format-standard","hentry","category-xataka"],"_links":{"self":[{"href":"https:\/\/domosistemas.com\/index.php?rest_route=\/wp\/v2\/posts\/25914","targetHints":{"allow":["GET"]}}],"collection":[{"href":"https:\/\/domosistemas.com\/index.php?rest_route=\/wp\/v2\/posts"}],"about":[{"href":"https:\/\/domosistemas.com\/index.php?rest_route=\/wp\/v2\/types\/post"}],"author":[{"embeddable":true,"href":"https:\/\/domosistemas.com\/index.php?rest_route=\/wp\/v2\/users\/1"}],"replies":[{"embeddable":true,"href":"https:\/\/domosistemas.com\/index.php?rest_route=%2Fwp%2Fv2%2Fcomments&post=25914"}],"version-history":[{"count":0,"href":"https:\/\/domosistemas.com\/index.php?rest_route=\/wp\/v2\/posts\/25914\/revisions"}],"wp:attachment":[{"href":"https:\/\/domosistemas.com\/index.php?rest_route=%2Fwp%2Fv2%2Fmedia&parent=25914"}],"wp:term":[{"taxonomy":"category","embeddable":true,"href":"https:\/\/domosistemas.com\/index.php?rest_route=%2Fwp%2Fv2%2Fcategories&post=25914"},{"taxonomy":"post_tag","embeddable":true,"href":"https:\/\/domosistemas.com\/index.php?rest_route=%2Fwp%2Fv2%2Ftags&post=25914"}],"curies":[{"name":"wp","href":"https:\/\/api.w.org\/{rel}","templated":true}]}}