{"id":25919,"date":"2024-10-10T02:00:20","date_gmt":"2024-10-10T02:00:20","guid":{"rendered":"https:\/\/domosistemas.com\/?p=25919"},"modified":"2024-10-10T02:00:20","modified_gmt":"2024-10-10T02:00:20","slug":"kommerling-presenta-su-nueva-linea-de-sistemas-de-persianas-domotizados-konect-en-veteco","status":"publish","type":"post","link":"https:\/\/domosistemas.com\/?p=25919","title":{"rendered":"K\u00f6mmerling presenta su nueva l\u00ednea de sistemas de persianas domotizados K\u00f6nect en Veteco"},"content":{"rendered":"<div>\n<p>Del 5 al 8 de noviembre se celebrar\u00e1 en Ifema Madrid la feria Veteco, que coincidir\u00e1 con la Semana de la Construcci\u00f3n. A este evento asistir\u00e1 la compa\u00f1\u00eda <a href=\"https:\/\/www.kommerling.es\/\" target=\"_blank\" rel=\"noopener\">K\u00f6mmerling<\/a> para presentar su nueva l\u00ednea de sistemas de persianas domotizados K\u00f6nect y su especio de innovaci\u00f3n Reto K\u00f6mmerling, donde se impartir\u00e1n talleres pr\u00e1cticos sobre las \u00faltimas tendencias del sector.<\/p>\n<figure id=\"attachment_144095\" aria-describedby=\"caption-attachment-144095\" style=\"width: 800px\" class=\"wp-caption aligncenter\"><img loading=\"lazy\" decoding=\"async\" class=\"size-full wp-image-144095\" src=\"https:\/\/static.casadomo.com\/media\/2024\/10\/kommeerling-mostrara-veteco-soluciones-domoticas-automatizacion-persianas.png\" alt=\"Sistemas de automatismos persianas K\u00f6mmerling.\" width=\"800\" height=\"480\" srcset=\"https:\/\/static.casadomo.com\/media\/2024\/10\/kommeerling-mostrara-veteco-soluciones-domoticas-automatizacion-persianas.png 800w, https:\/\/static.casadomo.com\/media\/2024\/10\/kommeerling-mostrara-veteco-soluciones-domoticas-automatizacion-persianas-300x180.png 300w, https:\/\/static.casadomo.com\/media\/2024\/10\/kommeerling-mostrara-veteco-soluciones-domoticas-automatizacion-persianas-768x461.png 768w, https:\/\/static.casadomo.com\/media\/2024\/10\/kommeerling-mostrara-veteco-soluciones-domoticas-automatizacion-persianas-180x108.png 180w\" sizes=\"auto, (max-width: 800px) 100vw, 800px\"><figcaption id=\"caption-attachment-144095\" class=\"wp-caption-text\">En el stand de K\u00f6mmerling tambi\u00e9n habr\u00e1 otras novedades como una nueva versi\u00f3n de corredera y un nuevo caj\u00f3n de persiana.<\/figcaption><\/figure>\n<p>Con un stand de m\u00e1s de 500 m\u00b2, la marca pondr\u00e1 en primer plano la innovaci\u00f3n, la sostenibilidad y la eficiencia, continuando as\u00ed su compromiso con la transformaci\u00f3n del sector de la construcci\u00f3n.<\/p>\n<p>Conscientes del impacto del IoT y la dom\u00f3tica en el confort, la eficiencia energ\u00e9tica y la sostenibilidad de la vivienda, K\u00f6mmerling ha lanzado una completa gama de soluciones de dom\u00f3tica para persianas, con las que satisfacer diversas necesidades y llegar a cualquier usuario. As\u00ed, la persiana domotizada se convierte en un est\u00e1ndar de la marca.<\/p>\n<p>Esta gama de soluciones inteligentes culmina con el desarrollo de K\u00f6nect \u00c9lite, un dispositivo innovador que promete transformar el uso de la persiana en Espa\u00f1a. La marca lo presentar\u00e1 en exclusiva durante la Semana de la Construcci\u00f3n.<\/p>\n<h2>Otras novedades de K\u00f6mmerling para la construcci\u00f3n<\/h2>\n<p>Por otro lado, K\u00f6mmerling presentar\u00e1 en su stand un nuevo espacio de innovaci\u00f3n donde los visitantes podr\u00e1n explorar y conocer en detalle los nuevos prototipos y desarrollos de la marca. En el \u00e1rea de exposici\u00f3n, la marca alemana tambi\u00e9n presentar\u00e1 novedades destacadas como el sistema de capialzado RolaPlus K\u00f6nect, su nuevo modelo de caj\u00f3n de persiana; o la nueva versi\u00f3n de su corredera PremiLine, esta vez con nudo estrecho. Adem\u00e1s, K\u00f6mmerling sigue evolucionando su innovador sistema AluNext, un perfil h\u00edbrido que combina PVC y aluminio, presentando sus nuevas soluciones de puerta.<\/p>\n<p>Pensando en el punto de venta, K\u00f6mmerling contar\u00e1 en su propio stand con un modelo de tienda premium, que destaca por un dise\u00f1o disruptivo, elegante y que pone el foco en el producto. En ella se exhibir\u00e1n diferentes m\u00f3dulos de exposici\u00f3n desarrollados para resaltar las ventajas de las ventanas y todo el universo de posibilidades que ofrecen.<\/p>\n<h2>Stand sostenible<\/h2>\n<p>Desde hace a\u00f1os, K\u00f6mmerling ha transformado su proceso productivo, implementando un sistema circular basado en el reciclaje y la reducci\u00f3n de residuos. La sostenibilidad se ha integrado en el ADN de la marca, manifest\u00e1ndose en cada aspecto de su actividad.<\/p>\n<p>Este compromiso con la sostenibilidad tambi\u00e9n se ver\u00e1 reflejado en su participaci\u00f3n en la feria, donde los visitantes podr\u00e1n conocer m\u00e1s sobre los procesos productivos de la empresa a trav\u00e9s de diversos elementos del stand. Adem\u00e1s, el dise\u00f1o del stand ha sido pensado para que los m\u00f3dulos expositores puedan tener una segunda vida, reafirmando as\u00ed su enfoque hacia la sostenibilidad.<\/p>\n<p>La entrada <a href=\"https:\/\/www.casadomo.com\/2024\/10\/10\/kommerling-presenta-nueva-linea-sistemas-persianas-domotizados-konect-veteco\">K\u00f6mmerling presenta su nueva l\u00ednea de sistemas de persianas domotizados K\u00f6nect en Veteco<\/a> aparece primero en <a href=\"https:\/\/www.casadomo.com\/\">CASADOMO<\/a>.<\/p>\n<\/div>\n","protected":false},"excerpt":{"rendered":"<p>Del 5 al 8 de noviembre se celebrar\u00e1 en Ifema Madrid la feria Veteco, que coincidir\u00e1 con la Semana de la Construcci\u00f3n. A este evento asistir\u00e1 la compa\u00f1\u00eda K\u00f6mmerling para presentar su nueva l\u00ednea de sistemas de persianas domotizados K\u00f6nect y su especio de innovaci\u00f3n Reto K\u00f6mmerling, donde se impartir\u00e1n talleres pr\u00e1cticos sobre las \u00faltimas &hellip; <a href=\"https:\/\/domosistemas.com\/?p=25919\" class=\"more-link\">Sigue leyendo <span class=\"screen-reader-text\">K\u00f6mmerling presenta su nueva l\u00ednea de sistemas de persianas domotizados K\u00f6nect en Veteco<\/span><\/a><\/p>\n","protected":false},"author":1,"featured_media":0,"comment_status":"closed","ping_status":"closed","sticky":false,"template":"","format":"standard","meta":{"footnotes":""},"categories":[3],"tags":[],"class_list":["post-25919","post","type-post","status-publish","format-standard","hentry","category-casadomo-com"],"_links":{"self":[{"href":"https:\/\/domosistemas.com\/index.php?rest_route=\/wp\/v2\/posts\/25919","targetHints":{"allow":["GET"]}}],"collection":[{"href":"https:\/\/domosistemas.com\/index.php?rest_route=\/wp\/v2\/posts"}],"about":[{"href":"https:\/\/domosistemas.com\/index.php?rest_route=\/wp\/v2\/types\/post"}],"author":[{"embeddable":true,"href":"https:\/\/domosistemas.com\/index.php?rest_route=\/wp\/v2\/users\/1"}],"replies":[{"embeddable":true,"href":"https:\/\/domosistemas.com\/index.php?rest_route=%2Fwp%2Fv2%2Fcomments&post=25919"}],"version-history":[{"count":0,"href":"https:\/\/domosistemas.com\/index.php?rest_route=\/wp\/v2\/posts\/25919\/revisions"}],"wp:attachment":[{"href":"https:\/\/domosistemas.com\/index.php?rest_route=%2Fwp%2Fv2%2Fmedia&parent=25919"}],"wp:term":[{"taxonomy":"category","embeddable":true,"href":"https:\/\/domosistemas.com\/index.php?rest_route=%2Fwp%2Fv2%2Fcategories&post=25919"},{"taxonomy":"post_tag","embeddable":true,"href":"https:\/\/domosistemas.com\/index.php?rest_route=%2Fwp%2Fv2%2Ftags&post=25919"}],"curies":[{"name":"wp","href":"https:\/\/api.w.org\/{rel}","templated":true}]}}