{"id":25926,"date":"2024-10-10T08:36:42","date_gmt":"2024-10-10T08:36:42","guid":{"rendered":"https:\/\/domosistemas.com\/?p=25926"},"modified":"2024-10-10T08:36:42","modified_gmt":"2024-10-10T08:36:42","slug":"esta-camara-de-vigilancia-es-capaz-de-ver-en-la-oscuridad-total-y-no-necesita-enchufe","status":"publish","type":"post","link":"https:\/\/domosistemas.com\/?p=25926","title":{"rendered":"Est\u00e1 c\u00e1mara de vigilancia es capaz de ver en la oscuridad total y no necesita enchufe"},"content":{"rendered":"<div>\n<p><img decoding=\"async\" fetchpriority=\"high\" class=\"alignnone size-full wp-image-546144 first-post-image\" src=\"https:\/\/eloutput.com\/wp-content\/uploads\/2024\/10\/eufycam-s3-pro_0003_eufyCam-S3-Pro_22.jpg\" alt=\"EufyCam S3 Pro\" width=\"1268\" height=\"664\" srcset=\"https:\/\/eloutput.com\/wp-content\/uploads\/2024\/10\/eufycam-s3-pro_0003_eufyCam-S3-Pro_22.jpg 1268w, https:\/\/eloutput.com\/wp-content\/uploads\/2024\/10\/eufycam-s3-pro_0003_eufyCam-S3-Pro_22-300x157.jpg 300w, https:\/\/eloutput.com\/wp-content\/uploads\/2024\/10\/eufycam-s3-pro_0003_eufyCam-S3-Pro_22-1024x536.jpg 1024w, https:\/\/eloutput.com\/wp-content\/uploads\/2024\/10\/eufycam-s3-pro_0003_eufyCam-S3-Pro_22-768x402.jpg 768w, https:\/\/eloutput.com\/wp-content\/uploads\/2024\/10\/eufycam-s3-pro_0003_eufyCam-S3-Pro_22-1200x628.jpg 1200w, https:\/\/eloutput.com\/wp-content\/uploads\/2024\/10\/eufycam-s3-pro_0003_eufyCam-S3-Pro_22-400x209.jpg 400w, https:\/\/eloutput.com\/wp-content\/uploads\/2024\/10\/eufycam-s3-pro_0003_eufyCam-S3-Pro_22-500x262.jpg 500w, https:\/\/eloutput.com\/wp-content\/uploads\/2024\/10\/eufycam-s3-pro_0003_eufyCam-S3-Pro_22-420x220.jpg 420w, https:\/\/eloutput.com\/wp-content\/uploads\/2024\/10\/eufycam-s3-pro_0003_eufyCam-S3-Pro_22-840x440.jpg 840w, https:\/\/eloutput.com\/wp-content\/uploads\/2024\/10\/eufycam-s3-pro_0003_eufyCam-S3-Pro_22-150x79.jpg 150w\" sizes=\"(max-width: 1024px) 100vw, 860px\" data-no-lazy=\"true\"><\/p>\n<p>Eufy ha actualizado su cat\u00e1logo de c\u00e1maras de vigilancia con un modelo bastante atractivo. Se trata de la nueva <strong>eufyCam S3 Pro<\/strong>, una c\u00e1mara de vigilancia con recarga solar que promete una autonom\u00eda de 365 d\u00edas gracias su bater\u00eda de 13.000 mAh de capacidad, adem\u00e1s de contar con sensores capaz de ver en la oscuridad con total claridad.<\/p>\n<h2>H\u00e1gase la luz<\/h2>\n<p><img loading=\"lazy\" decoding=\"async\" class=\"alignnone size-full wp-image-546147\" src=\"https:\/\/eloutput.com\/wp-content\/uploads\/2024\/10\/eufycam-s3-pro_0000_eufyCam-S3-Pro_7.jpg\" alt=\"EufyCam S3 Pro\" width=\"1268\" height=\"664\" srcset=\"https:\/\/eloutput.com\/wp-content\/uploads\/2024\/10\/eufycam-s3-pro_0000_eufyCam-S3-Pro_7.jpg 1268w, https:\/\/eloutput.com\/wp-content\/uploads\/2024\/10\/eufycam-s3-pro_0000_eufyCam-S3-Pro_7-300x157.jpg 300w, https:\/\/eloutput.com\/wp-content\/uploads\/2024\/10\/eufycam-s3-pro_0000_eufyCam-S3-Pro_7-1024x536.jpg 1024w, https:\/\/eloutput.com\/wp-content\/uploads\/2024\/10\/eufycam-s3-pro_0000_eufyCam-S3-Pro_7-768x402.jpg 768w, https:\/\/eloutput.com\/wp-content\/uploads\/2024\/10\/eufycam-s3-pro_0000_eufyCam-S3-Pro_7-1200x628.jpg 1200w, https:\/\/eloutput.com\/wp-content\/uploads\/2024\/10\/eufycam-s3-pro_0000_eufyCam-S3-Pro_7-400x209.jpg 400w, https:\/\/eloutput.com\/wp-content\/uploads\/2024\/10\/eufycam-s3-pro_0000_eufyCam-S3-Pro_7-500x262.jpg 500w, https:\/\/eloutput.com\/wp-content\/uploads\/2024\/10\/eufycam-s3-pro_0000_eufyCam-S3-Pro_7-420x220.jpg 420w, https:\/\/eloutput.com\/wp-content\/uploads\/2024\/10\/eufycam-s3-pro_0000_eufyCam-S3-Pro_7-840x440.jpg 840w, https:\/\/eloutput.com\/wp-content\/uploads\/2024\/10\/eufycam-s3-pro_0000_eufyCam-S3-Pro_7-150x79.jpg 150w\" sizes=\"auto, (max-width: 1024px) 100vw, 860px\"><\/p>\n<p>La nueva eufyCam S3 Pro cuenta con un <strong>foco de luz ajustable<\/strong> autom\u00e1tico que se enciente en el momento que capta movimiento. Este<strong> movimiento es identificado con la ayuda de un radar y unos sensores infrarrojos pasivos<\/strong> colocados en el frontal, que funcionando junto a un algoritmo de \u00faltima generaci\u00f3n es capaz de desechar movimientos como el de insectos, la lluvia o el viento. Esto evita que la antorcha led se encienda por error, evitando el 99% de las se\u00f1ales falsas. Todo eso, unido a su sensor, devuelve im\u00e1genes nocturnas a todo color que <strong>permiten ver con total claridad en plena noche<\/strong>, algo ideal para detectar con detalle cualquier tipo de intromisi\u00f3n en el jard\u00edn.<\/p>\n<div class=\"video-container\"><iframe loading=\"lazy\" title=\"eufyCam S3 Pro Step 4: Install the Screw Mounting Base\" width=\"830\" height=\"467\" src=\"https:\/\/www.youtube.com\/embed\/uG4icKZ3Y7w?feature=oembed\" frameborder=\"0\" allow=\"accelerometer; autoplay; clipboard-write; encrypted-media; gyroscope; picture-in-picture; web-share\" referrerpolicy=\"strict-origin-when-cross-origin\" allowfullscreen><\/iframe><\/div>\n<h2>No necesita enchufe<\/h2>\n<p><img loading=\"lazy\" decoding=\"async\" class=\"alignnone size-full wp-image-546145\" src=\"https:\/\/eloutput.com\/wp-content\/uploads\/2024\/10\/eufycam-s3-pro_0002_eufyCam-S3-Pro_14.jpg\" alt=\"EufyCam S3 Pro\" width=\"1268\" height=\"664\" srcset=\"https:\/\/eloutput.com\/wp-content\/uploads\/2024\/10\/eufycam-s3-pro_0002_eufyCam-S3-Pro_14.jpg 1268w, https:\/\/eloutput.com\/wp-content\/uploads\/2024\/10\/eufycam-s3-pro_0002_eufyCam-S3-Pro_14-300x157.jpg 300w, https:\/\/eloutput.com\/wp-content\/uploads\/2024\/10\/eufycam-s3-pro_0002_eufyCam-S3-Pro_14-1024x536.jpg 1024w, https:\/\/eloutput.com\/wp-content\/uploads\/2024\/10\/eufycam-s3-pro_0002_eufyCam-S3-Pro_14-768x402.jpg 768w, https:\/\/eloutput.com\/wp-content\/uploads\/2024\/10\/eufycam-s3-pro_0002_eufyCam-S3-Pro_14-1200x628.jpg 1200w, https:\/\/eloutput.com\/wp-content\/uploads\/2024\/10\/eufycam-s3-pro_0002_eufyCam-S3-Pro_14-400x209.jpg 400w, https:\/\/eloutput.com\/wp-content\/uploads\/2024\/10\/eufycam-s3-pro_0002_eufyCam-S3-Pro_14-500x262.jpg 500w, https:\/\/eloutput.com\/wp-content\/uploads\/2024\/10\/eufycam-s3-pro_0002_eufyCam-S3-Pro_14-420x220.jpg 420w, https:\/\/eloutput.com\/wp-content\/uploads\/2024\/10\/eufycam-s3-pro_0002_eufyCam-S3-Pro_14-840x440.jpg 840w, https:\/\/eloutput.com\/wp-content\/uploads\/2024\/10\/eufycam-s3-pro_0002_eufyCam-S3-Pro_14-150x79.jpg 150w\" sizes=\"auto, (max-width: 1024px) 100vw, 860px\"><\/p>\n<p>Una de las mayores complicaciones a la hora de instalar una c\u00e1mara de vigilancia es encontrar el lugar adecuado para colocarla. Y no precisamente por el lugar a vigilar, sino m\u00e1s bien por encontrar una fuente de alimentaci\u00f3n con la que poder funcionar. Ese problema desaparece con ese modelo, ya que el sistema de <strong>carga solar SolarPlus 2.0<\/strong> que integra es capaz de mantener la c\u00e1mara encendida durante todo el d\u00eda con s\u00f3lo 1 hora de luz solar.<\/p>\n<p>Si la c\u00e1mara no recibe luz solar durante varios d\u00edas, una <strong>bater\u00eda integrada de 13.000 mAh<\/strong> ser\u00e1 capaz de hacerla funcionar hasta un total de 365 d\u00edas sin ning\u00fan tipo de carga adicional, aunque este tiempo variar\u00e1 dependiendo del tiempo de monitorizaci\u00f3n constante que tenga programado. Tambi\u00e9n se incluye una celda solar adicional que podremos colocar cerca del dispositivo y contar con recarga adicional.<\/p>\n<h2>Grabaciones personales y con inteligencia artificial<\/h2>\n<p><img loading=\"lazy\" decoding=\"async\" class=\"alignnone size-full wp-image-546146\" src=\"https:\/\/eloutput.com\/wp-content\/uploads\/2024\/10\/eufycam-s3-pro_0001_eufyCam-S3-Pro_17.jpg\" alt=\"EufyCam S3 Pro\" width=\"1268\" height=\"664\" srcset=\"https:\/\/eloutput.com\/wp-content\/uploads\/2024\/10\/eufycam-s3-pro_0001_eufyCam-S3-Pro_17.jpg 1268w, https:\/\/eloutput.com\/wp-content\/uploads\/2024\/10\/eufycam-s3-pro_0001_eufyCam-S3-Pro_17-300x157.jpg 300w, https:\/\/eloutput.com\/wp-content\/uploads\/2024\/10\/eufycam-s3-pro_0001_eufyCam-S3-Pro_17-1024x536.jpg 1024w, https:\/\/eloutput.com\/wp-content\/uploads\/2024\/10\/eufycam-s3-pro_0001_eufyCam-S3-Pro_17-768x402.jpg 768w, https:\/\/eloutput.com\/wp-content\/uploads\/2024\/10\/eufycam-s3-pro_0001_eufyCam-S3-Pro_17-1200x628.jpg 1200w, https:\/\/eloutput.com\/wp-content\/uploads\/2024\/10\/eufycam-s3-pro_0001_eufyCam-S3-Pro_17-400x209.jpg 400w, https:\/\/eloutput.com\/wp-content\/uploads\/2024\/10\/eufycam-s3-pro_0001_eufyCam-S3-Pro_17-500x262.jpg 500w, https:\/\/eloutput.com\/wp-content\/uploads\/2024\/10\/eufycam-s3-pro_0001_eufyCam-S3-Pro_17-420x220.jpg 420w, https:\/\/eloutput.com\/wp-content\/uploads\/2024\/10\/eufycam-s3-pro_0001_eufyCam-S3-Pro_17-840x440.jpg 840w, https:\/\/eloutput.com\/wp-content\/uploads\/2024\/10\/eufycam-s3-pro_0001_eufyCam-S3-Pro_17-150x79.jpg 150w\" sizes=\"auto, (max-width: 1024px) 100vw, 860px\"><\/p>\n<p>Las ventajas de los sistemas de vigilancia de Eufy es que no dependen de servicios en la nube con cuotas mensuales extra. Puedes almacenar los v\u00eddeos capturados en tarjetas microSD o en el <strong>sistema de almacenamiento en red HomeBase<\/strong> que la marca tambi\u00e9n tiene en su cat\u00e1logo, siendo esta \u00faltima opci\u00f3n la m\u00e1s interesante, ya que podr\u00e1s montar un completo sistema de vigilancia de varias c\u00e1maras en cuesti\u00f3n de segundos, disponiendo de tecnolog\u00edas como el reconocimiento facial.\u00a1<\/p>\n<h2>\u00bfCu\u00e1nto cuesta?<\/h2>\n<p>La nueva eufyCam S3 Pro tiene un precio de<strong> 279 euros<\/strong>, aunque tambi\u00e9n llega acompa\u00f1ada en formato pack, con dos c\u00e1maras y un HomeBase S380 por 649 euros, pudiendo tambi\u00e9n optar por opciones de 3 y 4 c\u00e1maras con Homebase por 849 y 999 euros respectivamente.<\/p>\n<div class=\"aawp aawp-widget\">\n<div class=\"aawp-product aawp-product--widget-vertical aawp-product--css-adjust-image-large\" data-aawp-product-asin=\"B0DDS93G87\" data-aawp-product-id=\"16844\" data-aawp-tracking-id=\"eloutput-21\" data-aawp-product-title=\"eufy Security S3 Pro Add on 4K Camara vigilancia WiFi Exterior Solar visi\u00f3n MaxColor energ\u00eda inagotable 2.0 reconocimiento Facial IA Almacenamiento Local Ampliable sin cuotas\" data-aawp-geotargeting=\"true\" data-aawp-click-tracking=\"title\">\n<p>    <a class=\"aawp-product__image-link\" href=\"https:\/\/www.amazon.es\/dp\/B0DDS93G87?tag=eloutput-21&amp;linkCode=ogi&amp;th=1&amp;psc=1\" title=\"eufy Security S3 Pro Add...\" rel=\"nofollow noopener\" target=\"_blank\"><br \/>\n        <img decoding=\"async\" class=\"aawp-product__image\" src=\"https:\/\/m.media-amazon.com\/images\/I\/21Fq17Fj7dL.jpg\" alt=\"eufy Security S3 Pro Add...\"><br \/>\n    <\/a><\/p>\n<div class=\"aawp-product__content\">\n        <a class=\"aawp-product__title\" href=\"https:\/\/www.amazon.es\/dp\/B0DDS93G87?tag=eloutput-21&amp;linkCode=ogi&amp;th=1&amp;psc=1\" title=\"eufy Security S3 Pro Add...\" rel=\"nofollow noopener\" target=\"_blank\"><br \/>\n            eufy Security S3 Pro Add&#8230;        <\/a><\/p>\n<div class=\"aawp-product__meta\">\n                                        <span class=\"aawp-product__no-rating\">No hay valoraciones<\/span>\n                                            <\/div>\n<\/p><\/div>\n<div class=\"aawp-product__footer\">\n<div class=\"aawp-product__pricing\">\n<p>                            <span class=\"aawp-product__price aawp-product__price--current\">279,00 \u20ac<\/span>\n                    <\/div>\n<p>        <a class=\"aawp-button aawp-button--buy aawp-button aawp-button--red aawp-button--icon aawp-button--icon-white\" href=\"https:\/\/www.amazon.es\/dp\/B0DDS93G87?tag=eloutput-21&amp;linkCode=ogi&amp;th=1&amp;psc=1\" title=\"Ver oferta\" target=\"_blank\" rel=\"nofollow noopener sponsored\">Ver oferta<\/a>        <a rel=\"nofollow noopener\" class=\"aawp-button aawp-button--dark\" href=\"https:\/\/www.amazon.es\/dp\/B0DDS93G87?tag=eloutput-21&amp;linkCode=ogi&amp;th=1&amp;psc=1\" title=\"Ver caracter\u00edsticas\" target=\"_self\" data-aawp-prevent-click-tracking=\"true\">Ver caracter\u00edsticas<\/a>\n            <\/div>\n<\/div>\n<\/div>\n<\/div>\n","protected":false},"excerpt":{"rendered":"<p>Eufy ha actualizado su cat\u00e1logo de c\u00e1maras de vigilancia con un modelo bastante atractivo. Se trata de la nueva eufyCam S3 Pro, una c\u00e1mara de vigilancia con recarga solar que promete una autonom\u00eda de 365 d\u00edas gracias su bater\u00eda de 13.000 mAh de capacidad, adem\u00e1s de contar con sensores capaz de ver en la oscuridad &hellip; <a href=\"https:\/\/domosistemas.com\/?p=25926\" class=\"more-link\">Sigue leyendo <span class=\"screen-reader-text\">Est\u00e1 c\u00e1mara de vigilancia es capaz de ver en la oscuridad total y no necesita enchufe<\/span><\/a><\/p>\n","protected":false},"author":1,"featured_media":0,"comment_status":"closed","ping_status":"closed","sticky":false,"template":"","format":"standard","meta":{"footnotes":""},"categories":[9],"tags":[],"class_list":["post-25926","post","type-post","status-publish","format-standard","hentry","category-eloutput-com"],"_links":{"self":[{"href":"https:\/\/domosistemas.com\/index.php?rest_route=\/wp\/v2\/posts\/25926","targetHints":{"allow":["GET"]}}],"collection":[{"href":"https:\/\/domosistemas.com\/index.php?rest_route=\/wp\/v2\/posts"}],"about":[{"href":"https:\/\/domosistemas.com\/index.php?rest_route=\/wp\/v2\/types\/post"}],"author":[{"embeddable":true,"href":"https:\/\/domosistemas.com\/index.php?rest_route=\/wp\/v2\/users\/1"}],"replies":[{"embeddable":true,"href":"https:\/\/domosistemas.com\/index.php?rest_route=%2Fwp%2Fv2%2Fcomments&post=25926"}],"version-history":[{"count":0,"href":"https:\/\/domosistemas.com\/index.php?rest_route=\/wp\/v2\/posts\/25926\/revisions"}],"wp:attachment":[{"href":"https:\/\/domosistemas.com\/index.php?rest_route=%2Fwp%2Fv2%2Fmedia&parent=25926"}],"wp:term":[{"taxonomy":"category","embeddable":true,"href":"https:\/\/domosistemas.com\/index.php?rest_route=%2Fwp%2Fv2%2Fcategories&post=25926"},{"taxonomy":"post_tag","embeddable":true,"href":"https:\/\/domosistemas.com\/index.php?rest_route=%2Fwp%2Fv2%2Ftags&post=25926"}],"curies":[{"name":"wp","href":"https:\/\/api.w.org\/{rel}","templated":true}]}}