{"id":25970,"date":"2024-10-14T08:09:57","date_gmt":"2024-10-14T08:09:57","guid":{"rendered":"https:\/\/domosistemas.com\/?p=25970"},"modified":"2024-10-14T08:09:57","modified_gmt":"2024-10-14T08:09:57","slug":"la-solucion-de-ikea-para-aislar-tus-ventanas-del-frio-y-la-luz-sin-usar-las-persianas-ni-cortinas-asi-es-fyrtur","status":"publish","type":"post","link":"https:\/\/domosistemas.com\/?p=25970","title":{"rendered":"La soluci\u00f3n de IKEA para aislar tus ventanas del fr\u00edo y la luz sin usar las persianas ni cortinas: as\u00ed es FYRTUR"},"content":{"rendered":"<div>\n<p>\n      <img decoding=\"async\" src=\"https:\/\/i.blogs.es\/711b07\/1366_2000\/1024_2000.jpeg\" alt=\"La soluci\u00f3n de IKEA para aislar tus ventanas del fr\u00edo y la luz sin usar las persianas ni cortinas: as\u00ed es FYRTUR \">\n    <\/p>\n<p><strong>IKEA sigue reforzando su cat\u00e1logo de productos<\/strong> y cuenta en sus estanter\u00edas con un interesante complemento para el hogar pensado para ayudarnos en esta \u00e9poca de fr\u00edo que se avecina, pero que tambi\u00e9n puede tener su utilidad en verano.<\/p>\n<p><!-- BREAK 1 --><\/p>\n<p>Se trata de <strong>FYRTUR, un estor opaco<\/strong> que viene para sustituir o complementar a las cl\u00e1sicas persianas y cortinas que muchos ya tenemos en casa, ofreciendo m\u00e1s versatilidad y funciones inteligentes.<\/p>\n<p><!-- BREAK 2 --><\/p>\n<div class=\"article-asset article-asset-normal article-asset-center\">\n<div class=\"desvio-container\">\n<div class=\"desvio\">\n<div class=\"desvio-figure js-desvio-figure\">\n    <a href=\"https:\/\/www.xatakahome.com\/seleccion\/este-nuevo-invento-ikea-para-olvidarte-persianas-cortinas-aisla-frio-no-necesita-obras-instalaciones\"><br \/>\n     <img loading=\"lazy\" decoding=\"async\" alt=\"Adi\u00f3s persianas y cortinas: IKEA tiene este genial invento sin obras para aislar tu casa del fr\u00edo\" width=\"375\" height=\"142\" src=\"https:\/\/i.blogs.es\/d097b7\/ofertas_cpa_v3-copia-39-\/375_142.webp\" onerror='this.src=\"https:\/\/i.blogs.es\/d097b7\/ofertas_cpa_v3-copia-39-\/375_142.jpeg\"'><br \/>\n    <\/a>\n   <\/div>\n<div class=\"desvio-summary\">\n<div class=\"desvio-taxonomy js-desvio-taxonomy\">\n     <a href=\"https:\/\/www.xatakahome.com\/seleccion\/este-nuevo-invento-ikea-para-olvidarte-persianas-cortinas-aisla-frio-no-necesita-obras-instalaciones\" class=\"desvio-taxonomy-anchor\">Xataka Smart Home<\/a>\n    <\/div>\n<p>    <a href=\"https:\/\/www.xatakahome.com\/seleccion\/este-nuevo-invento-ikea-para-olvidarte-persianas-cortinas-aisla-frio-no-necesita-obras-instalaciones\" class=\"desvio-title js-desvio-title\">Adi\u00f3s persianas y cortinas: IKEA tiene este genial invento sin obras para aislar tu casa del fr\u00edo<\/a>\n   <\/div>\n<\/p><\/div>\n<\/p><\/div>\n<\/div>\n<h2>Un estor inteligente, opaco e inal\u00e1mbrico<\/h2>\n<div class=\"article-asset-image article-asset-normal article-asset-center\">\n<div class=\"asset-content\">\n<p>   <img decoding=\"async\" alt=\"Ikea\" class=\"centro_sinmarco\" src=\"https:\/\/i.blogs.es\/2b11f7\/ikea\/450_1000.webp\"><\/p><\/div>\n<\/div>\n<p>FYRTUR es un <strong>estor inteligente inal\u00e1mbrico<\/strong> y de aspecto opaco que no deja pasar la luz solar, por lo que puede usarse para ayudarnos a dormir mejor evitando luces nocturnas del exterior y que nos moleste el sol cuando salga por la ma\u00f1ana a primera hora.<\/p>\n<p><!-- BREAK 3 --><\/p>\n<p>Puede usarse con el <strong>mando a distancia incluido o con el hub DIRIGERA<\/strong> y la aplicaci\u00f3n IKEA Home smart si quieres disponer de m\u00e1s opciones de control, no llevando cuerdas para la seguridad de los ni\u00f1os, para lo cual es necesario que el repetidor, incluido en el paquete, \u00a0est\u00e9 enchufado en una toma situada alrededor de 10 metros del estor.<\/p>\n<p><!-- BREAK 4 --><\/p>\n<div class=\"article-asset-image article-asset-normal article-asset-center\">\n<div class=\"asset-content\">\n<p>   <img decoding=\"async\" alt=\"Ikea4489\" class=\"centro_sinmarco\" src=\"https:\/\/i.blogs.es\/8000b1\/ikea4489\/450_1000.webp\"><\/p><\/div>\n<\/div>\n<p>La bater\u00eda BRAUNIT es la fuente de alimentaci\u00f3n de este <strong>estor enrollable inal\u00e1mbrico<\/strong>, permitiendo oscurecer el dormitorio con solo pulsar un bot\u00f3n del mando a distancia y a\u00f1adiendo una <strong>capa adicional de aislamiento en la ventana <\/strong>para evitar que entre el fr\u00edo en invierno o el calor en verano.<\/p>\n<p><!-- BREAK 5 --><\/p>\n<p>De hecho, si no contamos con buenas ventanas con doble acristalamiento, este tipo de soluciones pueden ayudarnos a <strong>ahorrar mucha calefacci\u00f3n en invierno y aire acondicionado en verano<\/strong>, sobre todo si las complementamos con una persiana exterior.<\/p>\n<p><!-- BREAK 6 --><\/p>\n<div class=\"article-asset-video article-asset-normal\">\n<div class=\"asset-content\">\n<div class=\"base-asset-video\">\n<div class=\"js-dailymotion\">\n    <script type=\"application\/json\">\n                          {\"videoId\":\"x8c12ag\",\"autoplay\":true,\"title\":\"Design Your Home   IKEA\", \"tag\":\"IKEA\", \"duration\":\"60\"}\n                  <\/script>\n   <\/div>\n<\/p><\/div>\n<\/p><\/div>\n<\/div>\n<h2>Precio y disponibilidad<\/h2>\n<p>La tela es 100 % poli\u00e9ster con la barra superior de aluminio anodizado y la tapa de policarbonato, estando disponible en dos tama\u00f1os diferentes de <strong>60&#215;195 cm<\/strong> por <a rel=\"nofollow, sponsored, noopener, noreferrer noopener\" target=\"_blank\" class=\"js-ecommerce\" href=\"https:\/\/www.xatakahome.com\/redirect?url=https%3A%2F%2Fwww.ikea.com%2Fes%2Fes%2Fp%2Ffyrtur-estor-opaco-inteligente-inalambrico-a-pilas-gris-40408196%2F%23content&amp;category=hogar&amp;ecomPostExpiration=perish&amp;postId=114538\" data-vars-affiliate-url=\"https:\/\/www.ikea.com\/es\/es\/p\/fyrtur-estor-opaco-inteligente-inalambrico-a-pilas-gris-40408196\/#content\">129 euros<\/a> y de <strong>80&#215;195 cm<\/strong> por <a rel=\"nofollow, sponsored, noopener, noreferrer noopener\" target=\"_blank\" class=\"js-ecommerce\" href=\"https:\/\/www.xatakahome.com\/redirect?url=https%3A%2F%2Fwww.ikea.com%2Fes%2Fes%2Fp%2Ffyrtur-estor-opaco-inteligente-inalambrico-a-pilas-gris-10408206%2F%23content&amp;category=hogar&amp;ecomPostExpiration=perish&amp;postId=114538\" data-vars-affiliate-url=\"https:\/\/www.ikea.com\/es\/es\/p\/fyrtur-estor-opaco-inteligente-inalambrico-a-pilas-gris-10408206\/#content\">139 euros<\/a>.<\/p>\n<p><!-- BREAK 7 --><!-- PIVOT START --><\/p>\n<div class=\"pivot-ecommerce-container m-pivot-ecommerce-redesign article-asset-normal article-asset-center\">\n<div class=\"pivot-ecommerce\">\n<div class=\"pivot-ecommerce-figure\">\n  <a rel=\"nofollow, sponsored, noopener, noreferrer noopener\" target=\"_blank\" href=\"https:\/\/www.xatakahome.com\/redirect?url=https%3A%2F%2Fwww.ikea.com%2Fes%2Fes%2Fp%2Ffyrtur-estor-opaco-inteligente-inalambrico-a-pilas-gris-40408196%2F%23content&amp;category=hogar&amp;pivot=1&amp;ecomPostExpiration=perish&amp;postId=114538\"><br \/>\n   <img loading=\"lazy\" decoding=\"async\" alt=\"FYRTUR Estor opaco, inteligente inal\u00e1mbrico\/a pilas gris, 60x195 cm\" width=\"1031\" height=\"1031\" src=\"https:\/\/i.blogs.es\/86daac\/blob\/original.webp\" onerror='this.src=\"https:\/\/i.blogs.es\/86daac\/blob\/original.jpeg\"'><br \/>\n  <\/a>\n  <\/div>\n<div class=\"pivot-ecommerce-summary\">\n<p class=\"pivot-ecommerce-desc\">FYRTUR Estor opaco, inteligente inal\u00e1mbrico\/a pilas gris, 60&#215;195 cm<\/p>\n<div class=\"pivot-actions \">\n<div class=\"pivot-actions-row\">\n <a rel=\"nofollow, sponsored, noopener, noreferrer noopener\" target=\"_blank\" data-asin=\"\" data-store=\"\" href=\"https:\/\/www.xatakahome.com\/redirect?url=https%3A%2F%2Fwww.ikea.com%2Fes%2Fes%2Fp%2Ffyrtur-estor-opaco-inteligente-inalambrico-a-pilas-gris-40408196%2F%23content&amp;category=hogar&amp;pivot=1&amp;ecomPostExpiration=perish&amp;postId=114538\" title=\"Precio de venta al p\u00fablico a fecha de publicaci\u00f3n\" class=\"pivot-action-btn pivot-action-primary\">PVP en IKEA \u2014 <strong>129,00<\/strong> \u20ac<\/a>\n <\/div>\n<\/p><\/div>\n<\/p><\/div>\n<\/p><\/div>\n<div class=\"pivot-link-msg\">* Alg\u00fan precio puede haber cambiado desde la \u00faltima revisi\u00f3n<\/div>\n<\/p><\/div>\n<p><!-- PIVOT END --><\/p>\n<p>M\u00e1s informaci\u00f3n e im\u00e1genes | <a rel=\"nofollow, sponsored, noopener, noreferrer noopener\" target=\"_blank\" class=\"js-ecommerce\" href=\"https:\/\/www.xatakahome.com\/redirect?url=https%3A%2F%2Fwww.ikea.com%2Fes%2Fes%2Fp%2Ffyrtur-estor-opaco-inteligente-inalambrico-a-pilas-gris-40408196%2F%23content&amp;category=hogar&amp;ecomPostExpiration=perish&amp;postId=114538\" data-vars-affiliate-url=\"https:\/\/www.ikea.com\/es\/es\/p\/fyrtur-estor-opaco-inteligente-inalambrico-a-pilas-gris-40408196\/#content\">IKEA<\/a><\/p>\n<p>En Xataka Smart Home | <a href=\"https:\/\/www.xatakahome.com\/altavoces\/ikea-ha-lanzado-su-novedosa-lampara-musical-asi-funciona-para-escuchar-musica-cables-cualquier-lugar\">IKEA ha lanzado su nuevo producto estrella para el verano. Una l\u00e1mpara para escuchar m\u00fasica sin cables en cualquier lugar<\/a><\/p>\n<p><em>Nota: algunos de los enlaces aqu\u00ed publicados son de afiliados y pueden reportar un beneficio.<\/em><\/p>\n<p><script>\n (function() {\n  window._JS_MODULES = window._JS_MODULES || {};\n  var headElement = document.getElementsByTagName('head')[0];\n  if (_JS_MODULES.instagram) {\n   var instagramScript = document.createElement('script');\n   instagramScript.src = 'https:\/\/platform.instagram.com\/en_US\/embeds.js';\n   instagramScript.async = true;\n   instagramScript.defer = true;\n   headElement.appendChild(instagramScript);\n  }\n })();\n<\/script><\/p>\n<p> &#8211; <br \/> La noticia<br \/>\n      <a href=\"https:\/\/www.xatakahome.com\/hogar\/solucion-ikea-para-aislar-tus-ventanas-frio-luz-usar-persianas-cortinas-asi-fyrtur?utm_source=feedburner&amp;utm_medium=feed&amp;utm_campaign=14_Oct_2024\"><br \/>\n       <em> La soluci\u00f3n de IKEA para aislar tus ventanas del fr\u00edo y la luz sin usar las persianas ni cortinas: as\u00ed es FYRTUR  <\/em><br \/>\n      <\/a><br \/>\n      fue publicada originalmente en<br \/>\n      <a href=\"https:\/\/www.xatakahome.com\/?utm_source=feedburner&amp;utm_medium=feed&amp;utm_campaign=14_Oct_2024\"><br \/>\n       <strong> Xataka Smart Home <\/strong><br \/>\n      <\/a><br \/>\n            por <a href=\"https:\/\/www.xatakahome.com\/autor\/paco-rodriguez?utm_source=feedburner&amp;utm_medium=feed&amp;utm_campaign=14_Oct_2024\"><br \/>\n       Paco Rodriguez<br \/>\n      <\/a><br \/>\n      . <\/p>\n<\/div>\n","protected":false},"excerpt":{"rendered":"<p>IKEA sigue reforzando su cat\u00e1logo de productos y cuenta en sus estanter\u00edas con un interesante complemento para el hogar pensado para ayudarnos en esta \u00e9poca de fr\u00edo que se avecina, pero que tambi\u00e9n puede tener su utilidad en verano. Se trata de FYRTUR, un estor opaco que viene para sustituir o complementar a las cl\u00e1sicas &hellip; <a href=\"https:\/\/domosistemas.com\/?p=25970\" class=\"more-link\">Sigue leyendo <span class=\"screen-reader-text\">La soluci\u00f3n de IKEA para aislar tus ventanas del fr\u00edo y la luz sin usar las persianas ni cortinas: as\u00ed es FYRTUR<\/span><\/a><\/p>\n","protected":false},"author":1,"featured_media":0,"comment_status":"closed","ping_status":"closed","sticky":false,"template":"","format":"standard","meta":{"footnotes":""},"categories":[8],"tags":[],"class_list":["post-25970","post","type-post","status-publish","format-standard","hentry","category-xataka"],"_links":{"self":[{"href":"https:\/\/domosistemas.com\/index.php?rest_route=\/wp\/v2\/posts\/25970","targetHints":{"allow":["GET"]}}],"collection":[{"href":"https:\/\/domosistemas.com\/index.php?rest_route=\/wp\/v2\/posts"}],"about":[{"href":"https:\/\/domosistemas.com\/index.php?rest_route=\/wp\/v2\/types\/post"}],"author":[{"embeddable":true,"href":"https:\/\/domosistemas.com\/index.php?rest_route=\/wp\/v2\/users\/1"}],"replies":[{"embeddable":true,"href":"https:\/\/domosistemas.com\/index.php?rest_route=%2Fwp%2Fv2%2Fcomments&post=25970"}],"version-history":[{"count":0,"href":"https:\/\/domosistemas.com\/index.php?rest_route=\/wp\/v2\/posts\/25970\/revisions"}],"wp:attachment":[{"href":"https:\/\/domosistemas.com\/index.php?rest_route=%2Fwp%2Fv2%2Fmedia&parent=25970"}],"wp:term":[{"taxonomy":"category","embeddable":true,"href":"https:\/\/domosistemas.com\/index.php?rest_route=%2Fwp%2Fv2%2Fcategories&post=25970"},{"taxonomy":"post_tag","embeddable":true,"href":"https:\/\/domosistemas.com\/index.php?rest_route=%2Fwp%2Fv2%2Ftags&post=25970"}],"curies":[{"name":"wp","href":"https:\/\/api.w.org\/{rel}","templated":true}]}}