{"id":25991,"date":"2024-10-15T12:08:47","date_gmt":"2024-10-15T12:08:47","guid":{"rendered":"https:\/\/domosistemas.com\/?p=25991"},"modified":"2024-10-15T12:08:47","modified_gmt":"2024-10-15T12:08:47","slug":"que-el-precio-de-la-luz-cambie-cada-15-minutos-se-hara-realidad-a-partir-de-diciembre-promete-abaratar-costes-para-los-usuarios","status":"publish","type":"post","link":"https:\/\/domosistemas.com\/?p=25991","title":{"rendered":"Que el precio de la luz cambie cada 15 minutos se har\u00e1 realidad a partir de diciembre: promete abaratar costes para los usuarios"},"content":{"rendered":"<div>\n<p>\n      <img decoding=\"async\" src=\"https:\/\/i.blogs.es\/cd69db\/light-structure-technology-white-gadget-lamp-1208089-pxhere.com\/1024_2000.jpeg\" alt=\"Que el precio de la luz cambie cada 15 minutos se har\u00e1 realidad a partir de diciembre: promete abaratar costes para los usuarios \">\n    <\/p>\n<p>El <strong>precio de la electricidad<\/strong> sigue siendo una de las principales preocupaciones de los hogares espa\u00f1oles, sobre todo tras la <a href=\"https:\/\/www.xatakahome.com\/iluminacion-y-energia\/suben-impuestos-luz-gas-pellets-este-iva-que-tendremos-que-pagar-2024\">subida (o vuelta progresiva) de los impuestos<\/a> que estrenamos con el nuevo a\u00f1o 2024 y con la llegada otra vez del fr\u00edo y el encendido de las calefacciones.<\/p>\n<p><!-- BREAK 1 --><\/p>\n<p>Aunque los famosos <a href=\"https:\/\/www.xatakahome.com\/iluminacion-y-energia\/tramos-horarios-tarifa-luz-no-sirven-como-saber-cuando-barata-electricidad-cada-dia\">tramos horarios<\/a> establecidos en 2021 para la <strong>tarifa PVPC<\/strong> han ido evolucionando estos \u00faltimos a\u00f1os, todav\u00eda siguen resultando algo liosos para muchos consumidores, que ya no tenemos siempre claro qu\u00e9 <a href=\"https:\/\/www.xatakahome.com\/a-fondo\/usas-tus-electrodomesticos-estas-dos-horas-tu-factura-sera-seis-veces-cara-esta-ahora-franja-horaria-barata\">horas son mucho m\u00e1s econ\u00f3micas<\/a> para usar nuestros electrodom\u00e9sticos.<\/p>\n<p><!-- BREAK 2 --><\/p>\n<p>Y la situaci\u00f3n de tramos bien diferenciados para las tarifas indexadas al mercado mayorista parece que est\u00e1 lejos de esclarecerse, ya que <strong>se avecinan cambios<\/strong> que har\u00e1n que conocer el precio de la luz resulte a\u00fan m\u00e1s complejo.<\/p>\n<p><!-- BREAK 3 --><\/p>\n<div class=\"article-asset article-asset-normal article-asset-center\">\n<div class=\"desvio-container\">\n<div class=\"desvio\">\n<div class=\"desvio-figure js-desvio-figure\">\n    <a href=\"https:\/\/www.xatakahome.com\/iluminacion-y-energia\/eras-poner-lavadora-madrugada-no-compensa-esta-mejor-hora-quieres-ahorrar-factura-luz\"><br \/>\n     <img loading=\"lazy\" decoding=\"async\" alt=\"Si eras de poner la lavadora de madrugada, ya no compensa: esta es la mejor hora si quieres ahorrar en la factura de la luz  \" width=\"375\" height=\"142\" src=\"https:\/\/i.blogs.es\/186046\/andrey-matveev-g6zb_h9482a-unsplash\/375_142.webp\" onerror='this.src=\"https:\/\/i.blogs.es\/186046\/andrey-matveev-g6zb_h9482a-unsplash\/375_142.jpeg\"'><br \/>\n    <\/a>\n   <\/div>\n<div class=\"desvio-summary\">\n<div class=\"desvio-taxonomy js-desvio-taxonomy\">\n     <a href=\"https:\/\/www.xatakahome.com\/iluminacion-y-energia\/eras-poner-lavadora-madrugada-no-compensa-esta-mejor-hora-quieres-ahorrar-factura-luz\" class=\"desvio-taxonomy-anchor\">Xataka Smart Home<\/a>\n    <\/div>\n<p>    <a href=\"https:\/\/www.xatakahome.com\/iluminacion-y-energia\/eras-poner-lavadora-madrugada-no-compensa-esta-mejor-hora-quieres-ahorrar-factura-luz\" class=\"desvio-title js-desvio-title\">Si eras de poner la lavadora de madrugada, ya no compensa: esta es la mejor hora si quieres ahorrar en la factura de la luz  <\/a>\n   <\/div>\n<\/p><\/div>\n<\/p><\/div>\n<\/div>\n<h2>Un precio de la luz diferente cada 15 minutos<\/h2>\n<p>Actualmente, los generadores y comercializadores <strong>negocian la compraventa de electricidad en una subasta diaria <\/strong>que se celebra de cara al d\u00eda siguiente, lo que nos permite <a href=\"https:\/\/www.xatakahome.com\/a-fondo\/como-saber-que-precio-tendra-luz-manana-tienes-tarifa-mercado-libre-como-regulado\">conocer con antelaci\u00f3n los precios de la luz<\/a> para el siguiente d\u00eda, dividida en <strong>periodos de una hora<\/strong>.<\/p>\n<p><!-- BREAK 4 --><\/p>\n<p>Sin embargo, el consumo y la generaci\u00f3n <strong>no son planos durante esos 60 minutos<\/strong>, sino que hay picos y valles. Esto provoca que haya diferencias entre el \u00a0resultado del mercado y la realidad puesto que se aplica una media en los precios v\u00e1lida para toda esa hora.<\/p>\n<p><!-- BREAK 5 --><\/p>\n<p>De ah\u00ed que se est\u00e9 planteando un cambio importante en el sector, como <a href=\"https:\/\/www.xatakahome.com\/iluminacion-y-energia\/tener-precios-luz-diferentes-cada-15-minutos-esta-nueva-propuesta-para-espana-que-promete-tarifas-baratas\">vimos a principios de a\u00f1o<\/a>, para adaptar estos precios a tramos de tiempo m\u00e1s peque\u00f1os donde pasaremos de<strong> 60 minutos a 15 minutos<\/strong>. Esto<strong> <\/strong>permitir\u00eda tener un dato m\u00e1s fiable del consumo y demanda real, as\u00ed como ajustar mejor las ofertas, reducir el coste de las multas que se pagan cuando hay <strong>desviaciones y, en teor\u00eda, precios m\u00e1s bajos para el consumidor final<\/strong>.<\/p>\n<p><!-- BREAK 6 --><\/p>\n<p>Seg\u00fan <a rel=\"noopener, noreferrer\" href=\"https:\/\/blog.cnmc.es\/2024\/10\/14\/el-camino-hacia-un-mercado-electrico-mayorista-con-precios-cada-cuarto-de-hora\/\">comenta la CNMC en su \u00faltima publicaci\u00f3n<\/a>, \u00abla Uni\u00f3n Europea nos reta a dar un paso m\u00e1s y evolucionar hacia un mundo el\u00e9ctrico cuarto-horario con el <a rel=\"noopener, noreferrer\" href=\"https:\/\/eur-lex.europa.eu\/legal-content\/ES\/TXT\/?uri=CELEX%3A32019R0943\">Reglamento del mercado interior de la electricidad<\/a>\u00ab. Esta normativa pretende incentivar la flexibilidad y facilitar la operaci\u00f3n del sistema el\u00e9ctrico, siendo especialmente importante con las energ\u00edas<strong> renovables,<\/strong> cuya producci\u00f3n es mucho m\u00e1s dif\u00edcil de predecir, seg\u00fan explica la <strong>Agencia Internacional de Energ\u00eda Renovables (IRENA).<\/strong><\/p>\n<p><!-- BREAK 7 --><\/p>\n<p>De hecho, la CNMC pone un ejemplo con las siguientes gr\u00e1ficas donde se puede observar para el mercado mayorista como esta elecci\u00f3n de <strong>tramos cada 15 minutos<\/strong> permite ajustar mucho m\u00e1s la demanda a la oferta disponible:<\/p>\n<p><!-- BREAK 8 --><\/p>\n<div class=\"article-asset-image article-asset-normal article-asset-center\">\n<div class=\"asset-content\">\n<div class=\"caption-img \">\n<p>   <img decoding=\"async\" alt=\"Figura1 2\" class=\"centro_sinmarco\" src=\"https:\/\/i.blogs.es\/88a243\/figura1-2\/450_1000.webp\"><\/p>\n<p>        <span>Imagen: CNMC<\/span>\n   <\/div>\n<\/p><\/div>\n<\/div>\n<p>Seg\u00fan explican, el cambio permitir\u00e1 reducir los desv\u00edos del sistema y, en consecuencia, los costes de operaci\u00f3n, algo que repercutir\u00e1 en beneficio de los sujetos que financian dichos costes: <strong>comercializadores y consumidores directos<\/strong>.<\/p>\n<p><!-- BREAK 9 --><\/p>\n<p><strong>\u00bfPara cuando llegar\u00e1 el cambio?<\/strong> El 3 de octubre de 2024 se ha dado un paso con la aprobaci\u00f3n por la CNMC de los <a rel=\"noopener, noreferrer\" href=\"https:\/\/www.boe.es\/diario_boe\/txt.php?id=BOE-A-2024-20995\">procedimientos de operaci\u00f3n<\/a><strong> <\/strong>que permitir\u00e1n la implementaci\u00f3n de la liquidaci\u00f3n cuarto-horaria del desv\u00edo (ISP15) este pr\u00f3ximo mes de <strong>diciembre de 2024<\/strong>.<\/p>\n<p><!-- BREAK 10 --><\/p>\n<p>El siguiente paso est\u00e1 previsto para el <strong>primer semestre de 2025<\/strong>, donde se realizar\u00e1 la migraci\u00f3n del resto de segmentos de mercado, el diario y el intradiario.<\/p>\n<p><!-- BREAK 11 --><\/p>\n<div class=\"article-asset-video article-asset-normal\">\n<div class=\"asset-content\">\n<div class=\"base-asset-video\">\n<div class=\"js-dailymotion\">\n    <script type=\"application\/json\">\n                          {\"videoId\":\"x81h7p2\",\"autoplay\":true,\"title\":\"NUEVA FACTURA DE LA LUZ: TODO LO QUE DEBES SABER para AHORRAR AL M\u00c1XIMO\", \"tag\":\"\", \"duration\":\"290\"}\n                  <\/script>\n   <\/div>\n<\/p><\/div>\n<\/p><\/div>\n<\/div>\n<p>En cuanto a los <strong>consumidores finales<\/strong>, por ahora los contadores seguir\u00e1n siendo horarios, pero en el largo plazo en una fecha a\u00fan por determinar el regulador espera que los comercializadores y usuarios \u00abaprendan a gestionar su actividad y la adapten a la variabilidad temporal del coste de la energ\u00eda que consumen.\u00bb<\/p>\n<p><!-- BREAK 12 --><\/p>\n<p>M\u00e1s informaci\u00f3n | <a rel=\"noopener, noreferrer\" href=\"https:\/\/blog.cnmc.es\/2024\/10\/14\/el-camino-hacia-un-mercado-electrico-mayorista-con-precios-cada-cuarto-de-hora\/\">CNMC<\/a><\/p>\n<p>Imagen portada | <a rel=\"noopener, noreferrer\" href=\"https:\/\/pxhere.com\/es\/photo\/1208089\">Pxhere<\/a><\/p>\n<p>En Xataka Smart Home | <a href=\"https:\/\/www.xatakahome.com\/a-fondo\/he-comprobado-cuales-realmente-horarios-baratos-caros-precio-luz-este-ha-sido-resultado-1\">He comprobado cu\u00e1les son realmente los horarios m\u00e1s baratos y caros en el precio de la luz: este ha sido el resultado<\/a><\/p>\n<p><script>\n (function() {\n  window._JS_MODULES = window._JS_MODULES || {};\n  var headElement = document.getElementsByTagName('head')[0];\n  if (_JS_MODULES.instagram) {\n   var instagramScript = document.createElement('script');\n   instagramScript.src = 'https:\/\/platform.instagram.com\/en_US\/embeds.js';\n   instagramScript.async = true;\n   instagramScript.defer = true;\n   headElement.appendChild(instagramScript);\n  }\n })();\n<\/script><\/p>\n<p> &#8211; <br \/> La noticia<br \/>\n      <a href=\"https:\/\/www.xatakahome.com\/iluminacion-y-energia\/que-precio-luz-cambie-cada-15-minutos-se-hara-realidad-a-partir-diciembre-promete-abaratar-costes-para-usuarios?utm_source=feedburner&amp;utm_medium=feed&amp;utm_campaign=15_Oct_2024\"><br \/>\n       <em> Que el precio de la luz cambie cada 15 minutos se har\u00e1 realidad a partir de diciembre: promete abaratar costes para los usuarios  <\/em><br \/>\n      <\/a><br \/>\n      fue publicada originalmente en<br \/>\n      <a href=\"https:\/\/www.xatakahome.com\/?utm_source=feedburner&amp;utm_medium=feed&amp;utm_campaign=15_Oct_2024\"><br \/>\n       <strong> Xataka Smart Home <\/strong><br \/>\n      <\/a><br \/>\n            por <a href=\"https:\/\/www.xatakahome.com\/autor\/paco-rodriguez?utm_source=feedburner&amp;utm_medium=feed&amp;utm_campaign=15_Oct_2024\"><br \/>\n       Paco Rodriguez<br \/>\n      <\/a><br \/>\n      . <\/p>\n<\/div>\n","protected":false},"excerpt":{"rendered":"<p>El precio de la electricidad sigue siendo una de las principales preocupaciones de los hogares espa\u00f1oles, sobre todo tras la subida (o vuelta progresiva) de los impuestos que estrenamos con el nuevo a\u00f1o 2024 y con la llegada otra vez del fr\u00edo y el encendido de las calefacciones. Aunque los famosos tramos horarios establecidos en &hellip; <a href=\"https:\/\/domosistemas.com\/?p=25991\" class=\"more-link\">Sigue leyendo <span class=\"screen-reader-text\">Que el precio de la luz cambie cada 15 minutos se har\u00e1 realidad a partir de diciembre: promete abaratar costes para los usuarios<\/span><\/a><\/p>\n","protected":false},"author":1,"featured_media":0,"comment_status":"closed","ping_status":"closed","sticky":false,"template":"","format":"standard","meta":{"footnotes":""},"categories":[8],"tags":[],"class_list":["post-25991","post","type-post","status-publish","format-standard","hentry","category-xataka"],"_links":{"self":[{"href":"https:\/\/domosistemas.com\/index.php?rest_route=\/wp\/v2\/posts\/25991","targetHints":{"allow":["GET"]}}],"collection":[{"href":"https:\/\/domosistemas.com\/index.php?rest_route=\/wp\/v2\/posts"}],"about":[{"href":"https:\/\/domosistemas.com\/index.php?rest_route=\/wp\/v2\/types\/post"}],"author":[{"embeddable":true,"href":"https:\/\/domosistemas.com\/index.php?rest_route=\/wp\/v2\/users\/1"}],"replies":[{"embeddable":true,"href":"https:\/\/domosistemas.com\/index.php?rest_route=%2Fwp%2Fv2%2Fcomments&post=25991"}],"version-history":[{"count":0,"href":"https:\/\/domosistemas.com\/index.php?rest_route=\/wp\/v2\/posts\/25991\/revisions"}],"wp:attachment":[{"href":"https:\/\/domosistemas.com\/index.php?rest_route=%2Fwp%2Fv2%2Fmedia&parent=25991"}],"wp:term":[{"taxonomy":"category","embeddable":true,"href":"https:\/\/domosistemas.com\/index.php?rest_route=%2Fwp%2Fv2%2Fcategories&post=25991"},{"taxonomy":"post_tag","embeddable":true,"href":"https:\/\/domosistemas.com\/index.php?rest_route=%2Fwp%2Fv2%2Ftags&post=25991"}],"curies":[{"name":"wp","href":"https:\/\/api.w.org\/{rel}","templated":true}]}}