{"id":25996,"date":"2024-10-16T02:00:12","date_gmt":"2024-10-16T02:00:12","guid":{"rendered":"https:\/\/domosistemas.com\/?p=25996"},"modified":"2024-10-16T02:00:12","modified_gmt":"2024-10-16T02:00:12","slug":"el-consejo-de-supervision-del-grupo-zumtobel-renueva-el-contrato-del-director-general-alfred-felder","status":"publish","type":"post","link":"https:\/\/domosistemas.com\/?p=25996","title":{"rendered":"El Consejo de Supervisi\u00f3n del Grupo Zumtobel renueva el contrato del director general Alfred Felder"},"content":{"rendered":"<div>\n<p>El Consejo de Supervisi\u00f3n del<a href=\"https:\/\/z.lighting\/en\/\" target=\"_blank\" rel=\"noopener sponsored\"> Grupo Zumtobel<\/a> ha prorrogado hasta el 30 de septiembre de 2027 el contrato del director general Alfred Felder, que vence el 31 de julio de 2025. Con la renovaci\u00f3n del contrato, el Consejo de Supervisi\u00f3n apuesta por la continuidad de la Junta Directiva del Grupo Zumtobel y reconoce los logros de Alfred Felder, que ha guiado a la empresa en tiempos dif\u00edciles.<\/p>\n<figure id=\"attachment_144400\" aria-describedby=\"caption-attachment-144400\" style=\"width: 800px\" class=\"wp-caption aligncenter\"><img loading=\"lazy\" decoding=\"async\" class=\"size-full wp-image-144400\" src=\"https:\/\/static.casadomo.com\/media\/2024\/10\/zumtobel-alfred-felder-renueva-contrato.director-general.png\" alt=\"Alfred Felder, CEO de Grupo Zumtobel.\" width=\"800\" height=\"431\" srcset=\"https:\/\/static.casadomo.com\/media\/2024\/10\/zumtobel-alfred-felder-renueva-contrato.director-general.png 800w, https:\/\/static.casadomo.com\/media\/2024\/10\/zumtobel-alfred-felder-renueva-contrato.director-general-300x162.png 300w, https:\/\/static.casadomo.com\/media\/2024\/10\/zumtobel-alfred-felder-renueva-contrato.director-general-768x414.png 768w, https:\/\/static.casadomo.com\/media\/2024\/10\/zumtobel-alfred-felder-renueva-contrato.director-general-180x97.png 180w\" sizes=\"auto, (max-width: 800px) 100vw, 800px\"><figcaption id=\"caption-attachment-144400\" class=\"wp-caption-text\">El contrato de Alfred Felder, director general del Grupo Zumtobel, estar\u00e1 vigente hasta septiembre de 2027.<\/figcaption><\/figure>\n<p>Seg\u00fan Karin Zumtobel-Chammah, presidenta del consejo de supervisi\u00f3n de Zumtobel Group AG, \u201ccon la ampliaci\u00f3n del contrato de Alfred Felder garantizamos que se respalden las iniciativas adoptadas para una orientaci\u00f3n estrat\u00e9gicamente sostenible y rentable y se garantice la continuidad del liderazgo de la empresa\u201d.<\/p>\n<h2>Carrera profesional de Alfred Felder<\/h2>\n<p>Felder es doctor en Ingenier\u00eda El\u00e9ctrica y comenz\u00f3 su carrera ocupando diversos puestos de especializaci\u00f3n y gesti\u00f3n en el Grupo Siemens y en Osram, su divisi\u00f3n de iluminaci\u00f3n en aquel momento. A lo largo de su carrera, pas\u00f3 por varias misiones de larga duraci\u00f3n en Jap\u00f3n, EE.UU. y China. Entre 2007 y 2012, sus actividades se centraron en la venta de semiconductores y luminarias, principalmente en Asia.<\/p>\n<p>Alfred Felder comenz\u00f3 su carrera en el Grupo <a href=\"https:\/\/www.casadomo.com\/empresas\/zumtobel\">Zumtobel<\/a> en noviembre de 2012. Como CEO de Tridonic, inicialmente fue responsable del negocio de componentes del Grupo Zumtobel. En abril de 2016, fue nombrado director de operaciones (COO) del Consejo de Administraci\u00f3n del Grupo Zumtobel.<\/p>\n<p>En febrero de 2018, Alfred Felder asumi\u00f3 el cargo de presidente en funciones de la Junta Directiva y fue nombrado director general (CEO) el junio de 2018.<\/p>\n<p>La entrada <a href=\"https:\/\/www.casadomo.com\/2024\/10\/16\/consejo-supervision-grupo-zumtobel-renueva-contrato-director-general-alfred-felder\">El Consejo de Supervisi\u00f3n del Grupo Zumtobel renueva el contrato del director general Alfred Felder<\/a> aparece primero en <a href=\"https:\/\/www.casadomo.com\/\">CASADOMO<\/a>.<\/p>\n<\/div>\n","protected":false},"excerpt":{"rendered":"<p>El Consejo de Supervisi\u00f3n del Grupo Zumtobel ha prorrogado hasta el 30 de septiembre de 2027 el contrato del director general Alfred Felder, que vence el 31 de julio de 2025. Con la renovaci\u00f3n del contrato, el Consejo de Supervisi\u00f3n apuesta por la continuidad de la Junta Directiva del Grupo Zumtobel y reconoce los logros &hellip; <a href=\"https:\/\/domosistemas.com\/?p=25996\" class=\"more-link\">Sigue leyendo <span class=\"screen-reader-text\">El Consejo de Supervisi\u00f3n del Grupo Zumtobel renueva el contrato del director general Alfred Felder<\/span><\/a><\/p>\n","protected":false},"author":1,"featured_media":0,"comment_status":"closed","ping_status":"closed","sticky":false,"template":"","format":"standard","meta":{"footnotes":""},"categories":[3],"tags":[],"class_list":["post-25996","post","type-post","status-publish","format-standard","hentry","category-casadomo-com"],"_links":{"self":[{"href":"https:\/\/domosistemas.com\/index.php?rest_route=\/wp\/v2\/posts\/25996","targetHints":{"allow":["GET"]}}],"collection":[{"href":"https:\/\/domosistemas.com\/index.php?rest_route=\/wp\/v2\/posts"}],"about":[{"href":"https:\/\/domosistemas.com\/index.php?rest_route=\/wp\/v2\/types\/post"}],"author":[{"embeddable":true,"href":"https:\/\/domosistemas.com\/index.php?rest_route=\/wp\/v2\/users\/1"}],"replies":[{"embeddable":true,"href":"https:\/\/domosistemas.com\/index.php?rest_route=%2Fwp%2Fv2%2Fcomments&post=25996"}],"version-history":[{"count":0,"href":"https:\/\/domosistemas.com\/index.php?rest_route=\/wp\/v2\/posts\/25996\/revisions"}],"wp:attachment":[{"href":"https:\/\/domosistemas.com\/index.php?rest_route=%2Fwp%2Fv2%2Fmedia&parent=25996"}],"wp:term":[{"taxonomy":"category","embeddable":true,"href":"https:\/\/domosistemas.com\/index.php?rest_route=%2Fwp%2Fv2%2Fcategories&post=25996"},{"taxonomy":"post_tag","embeddable":true,"href":"https:\/\/domosistemas.com\/index.php?rest_route=%2Fwp%2Fv2%2Ftags&post=25996"}],"curies":[{"name":"wp","href":"https:\/\/api.w.org\/{rel}","templated":true}]}}