{"id":26004,"date":"2024-10-16T08:18:51","date_gmt":"2024-10-16T08:18:51","guid":{"rendered":"https:\/\/domosistemas.com\/?p=26004"},"modified":"2024-10-16T08:18:51","modified_gmt":"2024-10-16T08:18:51","slug":"quiero-solicitar-los-250e-al-mes-de-ayuda-para-pagar-el-alquiler-estos-son-los-requisitos-del-bono-alquiler-joven","status":"publish","type":"post","link":"https:\/\/domosistemas.com\/?p=26004","title":{"rendered":"Quiero solicitar los 250\u20ac al mes de ayuda para pagar el alquiler: estos son los requisitos del Bono Alquiler Joven"},"content":{"rendered":"<div>\n<p>\n      <img decoding=\"async\" src=\"https:\/\/i.blogs.es\/c0cf0d\/architecture-town-building-city-downtown-europe-798117-pxhere.com\/1024_2000.jpeg\" alt=\"Quiero solicitar los 250\u20ac al mes de ayuda para pagar el alquiler: estos son los requisitos del Bono Alquiler Joven \">\n    <\/p>\n<p>El Gobierno ya lo anunci\u00f3 <a rel=\"noopener, noreferrer\" href=\"https:\/\/www.lamoncloa.gob.es\/serviciosdeprensa\/notasprensa\/vivienda-agenda-urbana\/paginas\/2024\/031024-rodriguez-conferencia-sectorial-vivienda.aspx\" data-id=\"noopener, noreferrer\">hace unas semanas<\/a> tras la Conferencia Sectorial de Vivienda y Agenda Urbana, y finalmente se ha aprobado ahora la llegada de una <strong>nueva convocatoria para el Bono Alquiler Joven<\/strong>.<\/p>\n<p><!-- BREAK 1 --><\/p>\n<p>Se trata de una inyecci\u00f3n de 200 millones de euros pensada para que los alquileres no asfixien tanto a los j\u00f3venes, que en algunos casos llegan a destinar incluso <a rel=\"noopener, noreferrer\" href=\"https:\/\/www.uso.es\/la-emancipacion-juvenil-se-lleva-el-939-de-su-salario\/#:~:text=Alquilar%20una%20vivienda%20se%20lleva,tolerable%20por%20un%20joven%20asalariado%E2%80%93.\" data-id=\"noopener, noreferrer\">m\u00e1s del 90%<\/a> de sus salarios a pagar las rentas a sus caseros.<\/p>\n<p><!-- BREAK 2 --><\/p>\n<p>Sin embargo, antes de ir como locos a pedir esta ayuda p\u00fablica es necesario conocer que existen una serie de <strong>requisitos que deberemos cumplir<\/strong> si queremos que nos la den y que el viaje no sea en vano.<\/p>\n<p><!-- BREAK 3 --><\/p>\n<div class=\"article-asset article-asset-normal article-asset-center\">\n<div class=\"desvio-container\">\n<div class=\"desvio\">\n<div class=\"desvio-figure js-desvio-figure\">\n    <a href=\"https:\/\/www.xatakahome.com\/a-fondo\/vivo-alquiler-esto-que-dice-ley-cuanto-puede-subirme-precio-dueno-piso-este-ano\"><br \/>\n     <img loading=\"lazy\" decoding=\"async\" alt=\"Vivo de alquiler y quiero saber cu\u00e1nto puede subirme el precio el due\u00f1o del piso: esto es lo que dice la Ley\" width=\"375\" height=\"142\" src=\"https:\/\/i.blogs.es\/eddc94\/sale-3701777_1920\/375_142.webp\" onerror='this.src=\"https:\/\/i.blogs.es\/eddc94\/sale-3701777_1920\/375_142.jpeg\"'><br \/>\n    <\/a>\n   <\/div>\n<div class=\"desvio-summary\">\n<div class=\"desvio-taxonomy js-desvio-taxonomy\">\n     <a href=\"https:\/\/www.xatakahome.com\/a-fondo\/vivo-alquiler-esto-que-dice-ley-cuanto-puede-subirme-precio-dueno-piso-este-ano\" class=\"desvio-taxonomy-anchor\">Xataka Smart Home<\/a>\n    <\/div>\n<p>    <a href=\"https:\/\/www.xatakahome.com\/a-fondo\/vivo-alquiler-esto-que-dice-ley-cuanto-puede-subirme-precio-dueno-piso-este-ano\" class=\"desvio-title js-desvio-title\">Vivo de alquiler y quiero saber cu\u00e1nto puede subirme el precio el due\u00f1o del piso: esto es lo que dice la Ley<\/a>\n   <\/div>\n<\/p><\/div>\n<\/p><\/div>\n<\/div>\n<h2>Requisitos para solicitar el Bono de Alquiler Joven<\/h2>\n<div class=\"article-asset-image article-asset-normal article-asset-center\">\n<div class=\"asset-content\">\n<p>   <img decoding=\"async\" alt=\"Bono Alquiler\" class=\"centro_sinmarco\" src=\"https:\/\/i.blogs.es\/b66145\/bono-alquiler\/450_1000.webp\"><\/p><\/div>\n<\/div>\n<p>Se trata de una <strong>ayuda de 250 euros mensuales<\/strong> condicionados a varios requisitos esenciales y a algunos que dependen de las Comunidades Aut\u00f3nomas donde vivamos. Pero comencemos por lo m\u00e1s importante y con lo que hay que cumplir en primer lugar s\u00ed o s\u00ed:<\/p>\n<p><!-- BREAK 4 --><\/p>\n<ul>\n<li><strong>Tener entre 18 y 35 a\u00f1os en el momento de rellenar la solicitud<\/strong><\/li>\n<li><strong>Acreditar rentas de trabajo.<\/strong><\/li>\n<li><strong>Que la vivienda objeto de la ayuda sea la vivienda habitual<\/strong>. Para ello hay que demostrarlo con un certificado o volante de empadronamiento y no sirven las t\u00edpicas facturas de la luz o el agua.<\/li>\n<li><strong>Que tus ingresos anuales por unidad de convivencia sean, con car\u00e1cter general, inferiores a 3 veces el IPREM<\/strong> o Indicador P\u00fablico de Renta de Efectos M\u00faltiples, que se sit\u00faa en 2024 en <a rel=\"noopener, noreferrer\" href=\"http:\/\/www.iprem.com.es\/\">600 euros mensuales<\/a>. La unidad de convivencia la componen los que tengan su domicilio en la misma vivienda; si lo que se alquila es una habitaci\u00f3n, solo cuentan las rentas del perceptor del bono.<\/li>\n<\/ul>\n<div class=\"article-asset-image article-asset-normal article-asset-center\">\n<div class=\"asset-content\">\n<div class=\"caption-img \">\n<p>   <img decoding=\"async\" alt=\"Bono Alquiler Infografia\" class=\"centro_sinmarco\" src=\"https:\/\/i.blogs.es\/b3f594\/bono-alquiler-infografia\/450_1000.webp\"><\/p>\n<p>        <span>Imagen: Ministerio de Vivienda y Agenda Urbana<\/span>\n   <\/div>\n<\/p><\/div>\n<\/div>\n<p>Muy bien, si cumplimos estos requisitos iniciales podemos dar el siguiente paso y seguir revisando las condiciones siguientes:<\/p>\n<ul>\n<li>Para empezar, la vivienda donde estemos alquilados tendr\u00e1 que tener una renta en general como mucho de <strong>600\u20ac\/mes<\/strong> o hasta <strong>300\u20ac\/mes<\/strong> si el alquiler es de una habitaci\u00f3n<\/li>\n<li>Estas cantidades pueden ser mayores dependiendo de la Comunidad Aut\u00f3noma, ya que algunas han fijado l\u00edmites superiores, de <strong>900 y 450 euros respectivamente<\/strong>, para las grandes ciudades. Para saber cu\u00e1l es el l\u00edmite en la nuestra podemos <a rel=\"noopener, noreferrer\" href=\"https:\/\/www.mivau.gob.es\/vivienda\/bono-alquiler-joven\">entrar aqu\u00ed<\/a> y en la parte inferior de la p\u00e1gina web acceder a la comunidad donde pensemos alquilar a trav\u00e9s del mapa situado a la derecha.<\/li>\n<li><strong>La ayuda es compatible con Plan Estatal<\/strong>. Hasta el 40% de la diferencia entre el alquiler de la vivienda y la ayuda del Bono Alquiler Joven, con el l\u00edmite conjunto del 75% de la renta del alquiler.<\/li>\n<\/ul>\n<div class=\"article-asset-video article-asset-normal\">\n<div class=\"asset-content\">\n<div class=\"base-asset-video\">\n<div class=\"js-dailymotion\">\n    <script type=\"application\/json\">\n                          {\"videoId\":\"x80zm7f\",\"autoplay\":true,\"title\":\"C\u00f3mo ha cambiado tu PUEBLO o CIUDAD en 40 a\u00f1os: as\u00ed es la NUEVA funci\u00f3n de GOOGLE EARTH\", \"tag\":\"\", \"duration\":\"135\"}\n                  <\/script>\n   <\/div>\n<\/p><\/div>\n<\/p><\/div>\n<\/div>\n<p>Si cumplimos todos estos requisitos podremos solicitar la ayuda de <strong>250\u20ac\/mes durante un plazo m\u00e1ximo de dos a\u00f1os<\/strong> (24 meses), con lo que el importe total ser\u00e1 de 6.000\u20ac sin posibilidad de pr\u00f3rroga.<\/p>\n<p><!-- BREAK 5 --><\/p>\n<p><strong>\u00bfD\u00f3nde se solicita la ayuda?<\/strong> Pues hay que dirigirse a las oficinas de nuestra Comunidad Aut\u00f3noma, ya que son estas administraciones p\u00fablicas las que se encargan de la gesti\u00f3n.<\/p>\n<p><!-- BREAK 6 --><\/p>\n<p><strong>\u00bfSe aplica a todas las Comunidades en Espa\u00f1a?<\/strong> Pues no. Seg\u00fan recoge la <a rel=\"noopener, noreferrer\" href=\"https:\/\/www.mivau.gob.es\/vivienda\/bono-alquiler-joven\">web del Ministerio<\/a>, quedan excluidas Pa\u00eds Vasco y Navarra, que tienen sus propios programas de ayudas.<\/p>\n<p><!-- BREAK 7 --><\/p>\n<p><strong>Si me mudo de ciudad y ya me han concedido la ayuda<\/strong>, \u00bfla sigo cobrando? Pues en este caso habr\u00e1 que notificarlo al \u00f3rgano que nos la concedi\u00f3 y volver a solicitarla en la Comunidad Aut\u00f3noma destino de la mudanza.<\/p>\n<p><!-- BREAK 8 --><\/p>\n<p>M\u00e1s informaci\u00f3n | <a rel=\"noopener, noreferrer\" href=\"https:\/\/www.boe.es\/boe\/dias\/2022\/01\/19\/pdfs\/BOE-A-2022-802.pdf\">BOE<\/a> | <a rel=\"noopener, noreferrer\" href=\"https:\/\/www.mivau.gob.es\/vivienda\/bono-alquiler-joven\">Ministerio de Vivienda y Agenda Urbana<\/a><\/p>\n<p>Imagen portada | <a rel=\"noopener, noreferrer\" href=\"https:\/\/pxhere.com\/es\/photo\/798117\">PxHere<\/a><\/p>\n<p>En Xataka Smart Home | <a href=\"https:\/\/www.xatakahome.com\/iluminacion-y-energia\/asi-puedes-solicitar-3-000-euros-ayudas-para-mejorar-aislamiento-casa-mejorar-climatizacion\">As\u00ed puedes solicitar hasta 3.000 euros en ayudas para mejorar el aislamiento de casa y mejorar la climatizaci\u00f3n<\/a><\/p>\n<p><script>\n (function() {\n  window._JS_MODULES = window._JS_MODULES || {};\n  var headElement = document.getElementsByTagName('head')[0];\n  if (_JS_MODULES.instagram) {\n   var instagramScript = document.createElement('script');\n   instagramScript.src = 'https:\/\/platform.instagram.com\/en_US\/embeds.js';\n   instagramScript.async = true;\n   instagramScript.defer = true;\n   headElement.appendChild(instagramScript);\n  }\n })();\n<\/script><\/p>\n<p> &#8211; <br \/> La noticia<br \/>\n      <a href=\"https:\/\/www.xatakahome.com\/hogar\/quiero-solicitar-250eur-al-mes-ayuda-para-pagar-alquiler-estos-requisitos-bono-alquiler-joven?utm_source=feedburner&amp;utm_medium=feed&amp;utm_campaign=16_Oct_2024\"><br \/>\n       <em> Quiero solicitar los 250\u20ac al mes de ayuda para pagar el alquiler: estos son los requisitos del Bono Alquiler Joven  <\/em><br \/>\n      <\/a><br \/>\n      fue publicada originalmente en<br \/>\n      <a href=\"https:\/\/www.xatakahome.com\/?utm_source=feedburner&amp;utm_medium=feed&amp;utm_campaign=16_Oct_2024\"><br \/>\n       <strong> Xataka Smart Home <\/strong><br \/>\n      <\/a><br \/>\n            por <a href=\"https:\/\/www.xatakahome.com\/autor\/paco-rodriguez?utm_source=feedburner&amp;utm_medium=feed&amp;utm_campaign=16_Oct_2024\"><br \/>\n       Paco Rodriguez<br \/>\n      <\/a><br \/>\n      . <\/p>\n<\/div>\n","protected":false},"excerpt":{"rendered":"<p>El Gobierno ya lo anunci\u00f3 hace unas semanas tras la Conferencia Sectorial de Vivienda y Agenda Urbana, y finalmente se ha aprobado ahora la llegada de una nueva convocatoria para el Bono Alquiler Joven. Se trata de una inyecci\u00f3n de 200 millones de euros pensada para que los alquileres no asfixien tanto a los j\u00f3venes, &hellip; <a href=\"https:\/\/domosistemas.com\/?p=26004\" class=\"more-link\">Sigue leyendo <span class=\"screen-reader-text\">Quiero solicitar los 250\u20ac al mes de ayuda para pagar el alquiler: estos son los requisitos del Bono Alquiler Joven<\/span><\/a><\/p>\n","protected":false},"author":1,"featured_media":0,"comment_status":"closed","ping_status":"closed","sticky":false,"template":"","format":"standard","meta":{"footnotes":""},"categories":[8],"tags":[],"class_list":["post-26004","post","type-post","status-publish","format-standard","hentry","category-xataka"],"_links":{"self":[{"href":"https:\/\/domosistemas.com\/index.php?rest_route=\/wp\/v2\/posts\/26004","targetHints":{"allow":["GET"]}}],"collection":[{"href":"https:\/\/domosistemas.com\/index.php?rest_route=\/wp\/v2\/posts"}],"about":[{"href":"https:\/\/domosistemas.com\/index.php?rest_route=\/wp\/v2\/types\/post"}],"author":[{"embeddable":true,"href":"https:\/\/domosistemas.com\/index.php?rest_route=\/wp\/v2\/users\/1"}],"replies":[{"embeddable":true,"href":"https:\/\/domosistemas.com\/index.php?rest_route=%2Fwp%2Fv2%2Fcomments&post=26004"}],"version-history":[{"count":0,"href":"https:\/\/domosistemas.com\/index.php?rest_route=\/wp\/v2\/posts\/26004\/revisions"}],"wp:attachment":[{"href":"https:\/\/domosistemas.com\/index.php?rest_route=%2Fwp%2Fv2%2Fmedia&parent=26004"}],"wp:term":[{"taxonomy":"category","embeddable":true,"href":"https:\/\/domosistemas.com\/index.php?rest_route=%2Fwp%2Fv2%2Fcategories&post=26004"},{"taxonomy":"post_tag","embeddable":true,"href":"https:\/\/domosistemas.com\/index.php?rest_route=%2Fwp%2Fv2%2Ftags&post=26004"}],"curies":[{"name":"wp","href":"https:\/\/api.w.org\/{rel}","templated":true}]}}