{"id":26017,"date":"2024-10-17T08:31:06","date_gmt":"2024-10-17T08:31:06","guid":{"rendered":"https:\/\/domosistemas.com\/?p=26017"},"modified":"2024-10-17T08:31:06","modified_gmt":"2024-10-17T08:31:06","slug":"ya-estoy-cansado-de-los-dias-de-lluvia-y-no-poder-secar-la-ropa-pero-este-invento-de-lidl-se-ha-convertido-en-mi-gran-aliado","status":"publish","type":"post","link":"https:\/\/domosistemas.com\/?p=26017","title":{"rendered":"Ya estoy cansado de los d\u00edas de lluvia y no poder secar la ropa, pero este invento de Lidl se ha convertido en mi gran aliado"},"content":{"rendered":"<div>\n<p>\n      <img decoding=\"async\" src=\"https:\/\/i.blogs.es\/9b74c1\/ofertas_cpa_v3-copia-78-\/1024_2000.jpeg\" alt=\"Ya estoy cansado de los d\u00edas de lluvia y no poder secar la ropa, pero este invento de Lidl se ha convertido en mi gran aliado\">\n    <\/p>\n<p>Si est\u00e1s cansado ya de los d\u00edas de lluvia y no poder secar la ropa en casa, Lidl tiene una soluci\u00f3n que est\u00e1 triunfando en su tienda online. Se trata de este <strong>tendedero el\u00e9ctrico con flujo de aire<\/strong> que ahora est\u00e1 en oferta por <a rel=\"nofollow, sponsored, noopener, noreferrer noopener\" target=\"_blank\" class=\"js-ecommerce\" href=\"https:\/\/www.xatakahome.com\/redirect?url=https%3A%2F%2Fwww.lidl.es%2Fes%2Frejilla-para-lavanderia-con-flujo-de-aire%2Fp69747&amp;category=seleccion&amp;ecomPostExpiration=perish&amp;postId=114594\" data-vars-affiliate-url=\"https:\/\/www.lidl.es\/es\/rejilla-para-lavanderia-con-flujo-de-aire\/p69747\">49,99 euros<\/a>.<\/p>\n<p><!-- BREAK 1 --><!-- PIVOT START --><\/p>\n<div class=\"pivot-ecommerce-container m-pivot-ecommerce-redesign article-asset-normal article-asset-center\">\n<div class=\"pivot-ecommerce\">\n<div class=\"pivot-ecommerce-figure\">\n  <a rel=\"nofollow, sponsored, noopener, noreferrer noopener\" target=\"_blank\" href=\"https:\/\/www.xatakahome.com\/redirect?url=https%3A%2F%2Fwww.lidl.es%2Fes%2Frejilla-para-lavanderia-con-flujo-de-aire%2Fp69747&amp;category=seleccion&amp;pivot=1&amp;ecomPostExpiration=perish&amp;postId=114594\"><br \/>\n   <img loading=\"lazy\" decoding=\"async\" alt=\"Rejilla para lavander\u00eda con flujo de aire\n\" width=\"600\" height=\"600\" src=\"https:\/\/i.blogs.es\/57ce97\/blob\/original.webp\" onerror='this.src=\"https:\/\/i.blogs.es\/57ce97\/blob\/original.jpeg\"'><br \/>\n  <\/a>\n  <\/div>\n<div class=\"pivot-ecommerce-summary\">\n<p class=\"pivot-ecommerce-desc\">Rejilla para lavander\u00eda con flujo de aire\n<\/p>\n<div class=\"pivot-actions \">\n<div class=\"pivot-actions-row\">\n <a rel=\"nofollow, sponsored, noopener, noreferrer noopener\" target=\"_blank\" data-asin=\"\" data-store=\"\" href=\"https:\/\/www.xatakahome.com\/redirect?url=https%3A%2F%2Fwww.lidl.es%2Fes%2Frejilla-para-lavanderia-con-flujo-de-aire%2Fp69747&amp;category=seleccion&amp;pivot=1&amp;ecomPostExpiration=perish&amp;postId=114594\" title=\"Precio de venta al p\u00fablico a fecha de publicaci\u00f3n\" class=\"pivot-action-btn pivot-action-primary\">PVP en Lidl \u2014 <strong>49,99<\/strong> \u20ac<\/a>\n <\/div>\n<\/p><\/div>\n<\/p><\/div>\n<\/p><\/div>\n<div class=\"pivot-link-msg\">* Alg\u00fan precio puede haber cambiado desde la \u00faltima revisi\u00f3n<\/div>\n<\/p><\/div>\n<p><!-- PIVOT END --><\/p>\n<h2>El invento perfecto para secar tu ropa el doble de r\u00e1pido<\/h2>\n<div class=\"article-asset-image article-asset-normal article-asset-center\">\n<div class=\"asset-content\">\n                    <a rel=\"nofollow, sponsored, noopener, noreferrer noopener\" target=\"_blank\" class=\"js-ecommerce\" href=\"https:\/\/www.xatakahome.com\/redirect?url=https%3A%2F%2Fwww.lidl.es%2Fes%2Frejilla-para-lavanderia-con-flujo-de-aire%2Fp69747&amp;category=seleccion&amp;ecomPostExpiration=perish&amp;postId=114594\" data-vars-affiliate-url=\"https:\/\/www.lidl.es\/es\/rejilla-para-lavanderia-con-flujo-de-aire\/p69747\"><\/p>\n<p>    <img decoding=\"async\" alt=\"tendedero el\u00e9ctrico con flujo de aire\" class=\"centro_sinmarco\" src=\"https:\/\/i.blogs.es\/56e058\/proyecto-nuevo-98-\/450_1000.webp\"><br \/>\n     <\/a><\/p><\/div>\n<\/div>\n<p>Frente a los 59,99 euros que costaba antes, ahora, este tendedero el\u00e9ctrico de Lidl <strong>superventas<\/strong> est\u00e1 disponible por <a rel=\"nofollow, sponsored, noopener, noreferrer noopener\" target=\"_blank\" class=\"js-ecommerce\" href=\"https:\/\/www.xatakahome.com\/redirect?url=https%3A%2F%2Fwww.lidl.es%2Fes%2Frejilla-para-lavanderia-con-flujo-de-aire%2Fp69747&amp;category=seleccion&amp;ecomPostExpiration=perish&amp;postId=114594\" data-vars-affiliate-url=\"https:\/\/www.lidl.es\/es\/rejilla-para-lavanderia-con-flujo-de-aire\/p69747\" data-id=\"noopener noreferrer\">49,99 euros<\/a>. Los gastos de env\u00edo tienen un coste de 3,99 euros y lo recibes en un plazo de 1 a 3 d\u00edas.<\/p>\n<p><!-- BREAK 2 --><\/p>\n<div class=\"article-asset article-asset-normal article-asset-center\">\n<div class=\"desvio-container\">\n<div class=\"desvio\">\n<div class=\"desvio-figure js-desvio-figure\">\n    <a href=\"https:\/\/www.compradiccion.com\/movilidad\/hace-2-anos-me-compre-bicicleta-electrica-ojala-alguien-me-hubiese-dicho-que-tambien-necesitaba-estos-complementos\" target=\"_blank\" rel=\"noopener\"><br \/>\n     <img loading=\"lazy\" decoding=\"async\" alt=\"Hace 2 a\u00f1os me compr\u00e9 una bicicleta el\u00e9ctrica. Ojal\u00e1 alguien me hubiese dicho que tambi\u00e9n necesitaba estos complementos\" width=\"375\" height=\"142\" src=\"https:\/\/i.blogs.es\/809976\/team-evelo-2f6u3kdhuqc-unsplash\/375_142.webp\" onerror='this.src=\"https:\/\/i.blogs.es\/809976\/team-evelo-2f6u3kdhuqc-unsplash\/375_142.jpeg\"'><br \/>\n    <\/a>\n   <\/div>\n<div class=\"desvio-summary\">\n<div class=\"desvio-taxonomy js-desvio-taxonomy\">\n     <a href=\"https:\/\/www.compradiccion.com\/movilidad\/hace-2-anos-me-compre-bicicleta-electrica-ojala-alguien-me-hubiese-dicho-que-tambien-necesitaba-estos-complementos\" class=\"desvio-taxonomy-anchor m-crosspost\" target=\"_blank\" rel=\"noopener\">Compradicci\u00f3n<\/a>\n    <\/div>\n<p>    <a href=\"https:\/\/www.compradiccion.com\/movilidad\/hace-2-anos-me-compre-bicicleta-electrica-ojala-alguien-me-hubiese-dicho-que-tambien-necesitaba-estos-complementos\" class=\"desvio-title js-desvio-title\" target=\"_blank\" rel=\"noopener\">Hace 2 a\u00f1os me compr\u00e9 una bicicleta el\u00e9ctrica. Ojal\u00e1 alguien me hubiese dicho que tambi\u00e9n necesitaba estos complementos<\/a>\n   <\/div>\n<\/p><\/div>\n<\/p><\/div>\n<\/div>\n<div class=\"article-asset-video article-asset-normal\">\n<div class=\"asset-content\">\n<div class=\"base-asset-video\">\n<div class=\"js-dailymotion\">\n    <script type=\"application\/json\">\n                          {\"videoId\":\"x81qnhf\",\"autoplay\":true,\"title\":\"\u00bfEs posible generar energ\u00eda a coste cero?\", \"tag\":\"Energ\u00eda\", \"duration\":\"109\"}\n                  <\/script>\n   <\/div>\n<\/p><\/div>\n<\/p><\/div>\n<\/div>\n<p>Este tendedero el\u00e9ctrico de Lidl es la forma m\u00e1s r\u00e1pida de secar la ropa en los d\u00edas lluviosos. Cuenta con <strong>12 varillas de aluminio<\/strong> y flujo de aire \u201cEASYmaxx\u201d, que permite secar la ropa el doble de r\u00e1pido que un tendedero tradicional.<\/p>\n<p><!-- BREAK 3 --><\/p>\n<p>Ofrece suficiente espacio para colgar numerosas prendas al mismo tiempo. Todas las varillas se pueden ajustar y extender de forma continua, como quieras. Adem\u00e1s, destaca por ser <strong>plegable y extremadamente ligero<\/strong>, pudi\u00e9ndolo almacenar en cualquier rinc\u00f3n de tu hogar. Sus medidas son de 92 x 68,5 x 150 cm y admite una capacidad m\u00e1xima de carga de 15 kg.<\/p>\n<p><!-- BREAK 4 --><\/p>\n<h2>Por si no llegas a tiempo<\/h2>\n<p>Este es un producto que suele agotarse en Lidl, as\u00ed que si no llegas a conseguirlo, en Amazon tienes otra alternativa. Por ejemplo, puedes comprar este tendedero el\u00e9ctrico de la firma FISHTEC, que cuenta con ocho barras y que est\u00e1 disponible por <a rel=\"nofollow, sponsored, noopener, noreferrer noopener\" target=\"_blank\" class=\"js-ecommerce\" href=\"https:\/\/www.xatakahome.com\/redirect?url=https%3A%2F%2Fwww.amazon.es%2FFISHTEC-Tendedero-El%25C3%25A9ctrico-Barras-Porta-Toallas%2Fdp%2FB009NGHUXC%2F&amp;category=seleccion&amp;ecomPostExpiration=perish&amp;postId=114594\" data-vars-affiliate-url=\"https:\/\/www.amazon.es\/FISHTEC-Tendedero-El%C3%A9ctrico-Barras-Porta-Toallas\/dp\/B009NGHUXC\/\">74,99 euros<\/a>.<\/p>\n<p><!-- BREAK 5 --><!-- PIVOT START --><\/p>\n<div class=\"pivot-ecommerce-container m-pivot-ecommerce-redesign article-asset-normal article-asset-center\">\n<div class=\"pivot-ecommerce\">\n<div class=\"pivot-ecommerce-figure\">\n  <a rel=\"nofollow, sponsored, noopener, noreferrer noopener\" target=\"_blank\" href=\"https:\/\/www.xatakahome.com\/redirect?url=https%3A%2F%2Fwww.amazon.es%2Fdp%2FB009NGHUXC%3Ftag%3Dxatakahome-21%26linkCode%3Dogi%26th%3D1%26psc%3D1&amp;category=seleccion&amp;pivot=1&amp;ecomPostExpiration=perish&amp;postId=114594\"><br \/>\n   <img loading=\"lazy\" decoding=\"async\" alt=\"FISHTEC Tendedero El\u00e9ctrico 8 Barras - Toallero El\u00e9ctrico - Porta-Toallas 95 X 63 X 74 cm - Aluminio Cepillado\" width=\"500\" height=\"500\" src=\"https:\/\/i.blogs.es\/7f6a11\/415wbnixbil._sl500_\/original.webp\" onerror='this.src=\"https:\/\/i.blogs.es\/7f6a11\/415wbnixbil._sl500_\/original.jpeg\"'><br \/>\n  <\/a>\n  <\/div>\n<div class=\"pivot-ecommerce-summary\">\n<p class=\"pivot-ecommerce-desc\">FISHTEC Tendedero El\u00e9ctrico 8 Barras &#8211; Toallero El\u00e9ctrico &#8211; Porta-Toallas 95 X 63 X 74 cm &#8211; Aluminio Cepillado<\/p>\n<div class=\"pivot-actions \">\n<div class=\"pivot-actions-row\">\n <a rel=\"nofollow, sponsored, noopener, noreferrer noopener\" target=\"_blank\" data-asin=\"B009NGHUXC\" data-store=\"Amazon\" href=\"https:\/\/www.xatakahome.com\/redirect?url=https%3A%2F%2Fwww.amazon.es%2Fdp%2FB009NGHUXC%3Ftag%3Dxatakahome-21%26linkCode%3Dogi%26th%3D1%26psc%3D1&amp;category=seleccion&amp;pivot=1&amp;ecomPostExpiration=perish&amp;postId=114594\" title=\"Precio actualizado hoy\" class=\"pivot-action-btn pivot-action-primary\">Amazon \u2014 <strong>74,99<\/strong> \u20ac<\/a>\n <\/div>\n<\/p><\/div>\n<\/p><\/div>\n<\/p><\/div>\n<div class=\"pivot-link-msg\">* Alg\u00fan precio puede haber cambiado desde la \u00faltima revisi\u00f3n<\/div>\n<\/p><\/div>\n<p><!-- PIVOT END --><\/p>\n<h2>Tambi\u00e9n te puede interesar<\/h2>\n<p><!-- PIVOT START --><\/p>\n<div class=\"pivot-ecommerce-container m-pivot-ecommerce-redesign article-asset-normal article-asset-center\">\n<div class=\"pivot-ecommerce\">\n<div class=\"pivot-ecommerce-figure\">\n  <a rel=\"nofollow, sponsored, noopener, noreferrer noopener\" target=\"_blank\" href=\"https:\/\/www.xatakahome.com\/redirect?url=https%3A%2F%2Fwww.amazon.es%2Fdp%2FB0D8ZNFPW1%3Ftag%3Dxatakahome-21%26linkCode%3Dogi%26th%3D1%26psc%3D1&amp;category=seleccion&amp;pivot=1&amp;ecomPostExpiration=perish&amp;postId=114594\"><br \/>\n   <img loading=\"lazy\" decoding=\"async\" alt=\"Wnqou Secador de calcetines plegable con 40 clavijas\" width=\"500\" height=\"410\" src=\"https:\/\/i.blogs.es\/e5117d\/41faiocn3ol._sl500_\/original.webp\" onerror='this.src=\"https:\/\/i.blogs.es\/e5117d\/41faiocn3ol._sl500_\/original.jpeg\"'><br \/>\n  <\/a>\n  <\/div>\n<div class=\"pivot-ecommerce-summary\">\n<p class=\"pivot-ecommerce-desc\">Wnqou Secador de calcetines plegable con 40 clavijas<\/p>\n<div class=\"pivot-actions \">\n<div class=\"pivot-actions-row\">\n <a rel=\"nofollow, sponsored, noopener, noreferrer noopener\" target=\"_blank\" data-asin=\"B0D8ZNFPW1\" data-store=\"Amazon\" href=\"https:\/\/www.xatakahome.com\/redirect?url=https%3A%2F%2Fwww.amazon.es%2Fdp%2FB0D8ZNFPW1%3Ftag%3Dxatakahome-21%26linkCode%3Dogi%26th%3D1%26psc%3D1&amp;category=seleccion&amp;pivot=1&amp;ecomPostExpiration=perish&amp;postId=114594\" title=\"Precio actualizado hoy\" class=\"pivot-action-btn pivot-action-primary\">Amazon \u2014 <strong>13,98<\/strong> \u20ac<\/a>\n <\/div>\n<\/p><\/div>\n<\/p><\/div>\n<\/p><\/div>\n<div class=\"pivot-link-msg\">* Alg\u00fan precio puede haber cambiado desde la \u00faltima revisi\u00f3n<\/div>\n<\/p><\/div>\n<p><!-- PIVOT END --><br \/>\n<!-- PIVOT START --><\/p>\n<div class=\"pivot-ecommerce-container m-pivot-ecommerce-redesign article-asset-normal article-asset-center\">\n<div class=\"pivot-ecommerce\">\n<div class=\"pivot-ecommerce-figure\">\n  <a rel=\"nofollow, sponsored, noopener, noreferrer noopener\" target=\"_blank\" href=\"https:\/\/www.xatakahome.com\/redirect?url=https%3A%2F%2Fwww.amazon.es%2Fdp%2FB01AWDZMWU%3Ftag%3Dxatakahome-21%26linkCode%3Dogi%26th%3D1%26psc%3D1&amp;category=seleccion&amp;pivot=1&amp;ecomPostExpiration=perish&amp;postId=114594\"><br \/>\n   <img loading=\"lazy\" decoding=\"async\" alt=\"Leifheit Set de 2 soportes para prendas peque\u00f1as\" width=\"500\" height=\"375\" src=\"https:\/\/i.blogs.es\/76cf78\/31ksrq-glwl._sl500_\/original.webp\" onerror='this.src=\"https:\/\/i.blogs.es\/76cf78\/31ksrq-glwl._sl500_\/original.jpeg\"'><br \/>\n  <\/a>\n  <\/div>\n<div class=\"pivot-ecommerce-summary\">\n<p class=\"pivot-ecommerce-desc\">Leifheit Set de 2 soportes para prendas peque\u00f1as<\/p>\n<div class=\"pivot-actions \">\n<div class=\"pivot-actions-row\">\n <a rel=\"nofollow, sponsored, noopener, noreferrer noopener\" target=\"_blank\" data-asin=\"B01AWDZMWU\" data-store=\"Amazon\" href=\"https:\/\/www.xatakahome.com\/redirect?url=https%3A%2F%2Fwww.amazon.es%2Fdp%2FB01AWDZMWU%3Ftag%3Dxatakahome-21%26linkCode%3Dogi%26th%3D1%26psc%3D1&amp;category=seleccion&amp;pivot=1&amp;ecomPostExpiration=perish&amp;postId=114594\" title=\"Precio actualizado hoy\" class=\"pivot-action-btn pivot-action-primary\">Amazon \u2014 <strong>9,99<\/strong> \u20ac<\/a>\n <\/div>\n<\/p><\/div>\n<\/p><\/div>\n<\/p><\/div>\n<div class=\"pivot-link-msg\">* Alg\u00fan precio puede haber cambiado desde la \u00faltima revisi\u00f3n<\/div>\n<\/p><\/div>\n<p><!-- PIVOT END --><\/p>\n<p><em>Nota: algunos de los enlaces aqu\u00ed publicados son de afiliados y pueden reportar un beneficio.<\/em><\/p>\n<p>Im\u00e1genes | Webedia y Lidl<\/p>\n<p>En Xataka Smart Home | <a href=\"https:\/\/www.xatakahome.com\/seleccion\/cinco-tendederos-electricos-plegables-que-seguir-tecnica-japonesa-secar-ropa-casa\" data-id=\"noopener noreferrer\">Cinco tendederos el\u00e9ctricos plegables con los que seguir la t\u00e9cnica japonesa de secar la ropa en casa<\/a><\/p>\n<p>En Xataka Smart Home | <a href=\"https:\/\/www.xatakahome.com\/seleccion\/miedo-a-lluvia-este-invierno-estos-cinco-tendederos-electricos-clave-para-secar-tu-ropa\" data-id=\"noopener noreferrer\">Sin miedo a la lluvia este invierno: estos cinco tendederos el\u00e9ctricos son la clave para secar tu ropa<\/a><\/p>\n<p><script>\n (function() {\n  window._JS_MODULES = window._JS_MODULES || {};\n  var headElement = document.getElementsByTagName('head')[0];\n  if (_JS_MODULES.instagram) {\n   var instagramScript = document.createElement('script');\n   instagramScript.src = 'https:\/\/platform.instagram.com\/en_US\/embeds.js';\n   instagramScript.async = true;\n   instagramScript.defer = true;\n   headElement.appendChild(instagramScript);\n  }\n })();\n<\/script><\/p>\n<p> &#8211; <br \/> La noticia<br \/>\n      <a href=\"https:\/\/www.xatakahome.com\/seleccion\/estoy-cansado-dias-lluvia-no-poder-secar-ropa-este-invento-lidl-se-ha-convertido-mi-gran-aliado?utm_source=feedburner&amp;utm_medium=feed&amp;utm_campaign=17_Oct_2024\"><br \/>\n       <em> Ya estoy cansado de los d\u00edas de lluvia y no poder secar la ropa, pero este invento de Lidl se ha convertido en mi gran aliado <\/em><br \/>\n      <\/a><br \/>\n      fue publicada originalmente en<br \/>\n      <a href=\"https:\/\/www.xatakahome.com\/?utm_source=feedburner&amp;utm_medium=feed&amp;utm_campaign=17_Oct_2024\"><br \/>\n       <strong> Xataka Smart Home <\/strong><br \/>\n      <\/a><br \/>\n            por <a href=\"https:\/\/www.xatakahome.com\/autor\/fran-leon?utm_source=feedburner&amp;utm_medium=feed&amp;utm_campaign=17_Oct_2024\"><br \/>\n       Fran Le\u00f3n<br \/>\n      <\/a><br \/>\n      . <\/p>\n<\/div>\n","protected":false},"excerpt":{"rendered":"<p>Si est\u00e1s cansado ya de los d\u00edas de lluvia y no poder secar la ropa en casa, Lidl tiene una soluci\u00f3n que est\u00e1 triunfando en su tienda online. Se trata de este tendedero el\u00e9ctrico con flujo de aire que ahora est\u00e1 en oferta por 49,99 euros. Rejilla para lavander\u00eda con flujo de aire PVP en &hellip; <a href=\"https:\/\/domosistemas.com\/?p=26017\" class=\"more-link\">Sigue leyendo <span class=\"screen-reader-text\">Ya estoy cansado de los d\u00edas de lluvia y no poder secar la ropa, pero este invento de Lidl se ha convertido en mi gran aliado<\/span><\/a><\/p>\n","protected":false},"author":1,"featured_media":0,"comment_status":"closed","ping_status":"closed","sticky":false,"template":"","format":"standard","meta":{"footnotes":""},"categories":[8],"tags":[],"class_list":["post-26017","post","type-post","status-publish","format-standard","hentry","category-xataka"],"_links":{"self":[{"href":"https:\/\/domosistemas.com\/index.php?rest_route=\/wp\/v2\/posts\/26017","targetHints":{"allow":["GET"]}}],"collection":[{"href":"https:\/\/domosistemas.com\/index.php?rest_route=\/wp\/v2\/posts"}],"about":[{"href":"https:\/\/domosistemas.com\/index.php?rest_route=\/wp\/v2\/types\/post"}],"author":[{"embeddable":true,"href":"https:\/\/domosistemas.com\/index.php?rest_route=\/wp\/v2\/users\/1"}],"replies":[{"embeddable":true,"href":"https:\/\/domosistemas.com\/index.php?rest_route=%2Fwp%2Fv2%2Fcomments&post=26017"}],"version-history":[{"count":0,"href":"https:\/\/domosistemas.com\/index.php?rest_route=\/wp\/v2\/posts\/26017\/revisions"}],"wp:attachment":[{"href":"https:\/\/domosistemas.com\/index.php?rest_route=%2Fwp%2Fv2%2Fmedia&parent=26017"}],"wp:term":[{"taxonomy":"category","embeddable":true,"href":"https:\/\/domosistemas.com\/index.php?rest_route=%2Fwp%2Fv2%2Fcategories&post=26017"},{"taxonomy":"post_tag","embeddable":true,"href":"https:\/\/domosistemas.com\/index.php?rest_route=%2Fwp%2Fv2%2Ftags&post=26017"}],"curies":[{"name":"wp","href":"https:\/\/api.w.org\/{rel}","templated":true}]}}