{"id":26950,"date":"2025-01-02T08:14:56","date_gmt":"2025-01-02T08:14:56","guid":{"rendered":"https:\/\/domosistemas.com\/?p=26950"},"modified":"2025-01-02T08:14:56","modified_gmt":"2025-01-02T08:14:56","slug":"estos-paneles-se-colocan-en-la-fachada-y-prometen-energia-gratis-aislamiento-termico-y-proteccion-contra-las-inclemencias","status":"publish","type":"post","link":"https:\/\/domosistemas.com\/?p=26950","title":{"rendered":"Estos paneles se colocan en la fachada y prometen energ\u00eda gratis, aislamiento t\u00e9rmico y protecci\u00f3n contra las inclemencias"},"content":{"rendered":"<div>\n<p>\n      <img decoding=\"async\" src=\"https:\/\/i.blogs.es\/0a8802\/bipv-modul_frontal\/1024_2000.jpeg\" alt=\"Estos paneles se colocan en la fachada y prometen energ\u00eda gratis, aislamiento t\u00e9rmico y protecci\u00f3n contra las inclemencias\">\n    <\/p>\n<p>Cada vez est\u00e1 m\u00e1s de moda el <a class=\"text-outboundlink\" href=\"https:\/\/www.xatakahome.com\/a-fondo\/que-al-autoconsumo-que-hace-falta-para-darse-alta-comenzar-a-ahorrar-factura-energetica\" data-vars-post-title=\"Qu\u00e9 es el autoconsumo y qu\u00e9 hace falta para darse de alta y comenzar a ahorrar en la factura energ\u00e9tica\" data-vars-post-url=\"https:\/\/www.xatakahome.com\/a-fondo\/que-al-autoconsumo-que-hace-falta-para-darse-alta-comenzar-a-ahorrar-factura-energetica\">autoconsumo energ\u00e9tico<\/a> o la capacidad para obtener la energ\u00eda necesaria instalando en el hogar <strong>paneles solares fotovoltaicos<\/strong> u otros sistemas de generaci\u00f3n renovable y as\u00ed no depender tanto de la red el\u00e9ctrica convencional.<\/p>\n<p><!-- BREAK 1 --><\/p>\n<p>Sin embargo, hacer una instalaci\u00f3n \u00abprofesional\u00bb en casa con las placas de gran capacidad en el tejado sigue siendo una opci\u00f3n cara que muchas familias no pueden afrontar y requiere l\u00f3gicamente que tengamos espacio disponible.<\/p>\n<p><!-- BREAK 2 --><\/p>\n<p>De ah\u00ed que est\u00e9n proliferando otras opciones como los denominados <strong>kits de paneles solares para terrazas, balcones o ventanas<\/strong> que prometen acercar a peque\u00f1a escala las ventajas de la energ\u00eda solar hasta nuestras viviendas o la alternativa que hoy traemos de la mano de <strong>Fraunhofer ISE.<\/strong><\/p>\n<p><!-- BREAK 3 --><\/p>\n<div class=\"article-asset article-asset-normal article-asset-center\">\n<div class=\"desvio-container\">\n<div class=\"desvio\">\n<div class=\"desvio-figure js-desvio-figure\">\n    <a href=\"https:\/\/www.xatakahome.com\/a-fondo\/paneles-solares-kit-para-balcon-terraza-esto-que-podemos-ahorrar-al-ano-factura-luz\" class=\"pivot-outboundlink\" data-vars-post-title=\"Paneles solares en kit para el balc\u00f3n o la terraza: esto es lo que podemos ahorrar al a\u00f1o en la factura de la luz \"><br \/>\n     <img loading=\"lazy\" decoding=\"async\" alt=\"Paneles solares en kit para el balc\u00f3n o la terraza: esto es lo que podemos ahorrar al a\u00f1o en la factura de la luz \" width=\"375\" height=\"142\" src=\"https:\/\/i.blogs.es\/0aee76\/paneles-balcon-4489tornasol4489\/375_142.webp\" onerror='this.src=\"https:\/\/i.blogs.es\/0aee76\/paneles-balcon-4489tornasol4489\/375_142.jpeg\"'><br \/>\n    <\/a>\n   <\/div>\n<div class=\"desvio-summary\">\n<div class=\"desvio-taxonomy js-desvio-taxonomy\">\n     <a href=\"https:\/\/www.xatakahome.com\/a-fondo\/paneles-solares-kit-para-balcon-terraza-esto-que-podemos-ahorrar-al-ano-factura-luz\" class=\"desvio-taxonomy-anchor pivot-outboundlink\" data-vars-post-title=\"Paneles solares en kit para el balc\u00f3n o la terraza: esto es lo que podemos ahorrar al a\u00f1o en la factura de la luz \">En Xataka Smart Home<\/a>\n    <\/div>\n<p>    <a href=\"https:\/\/www.xatakahome.com\/a-fondo\/paneles-solares-kit-para-balcon-terraza-esto-que-podemos-ahorrar-al-ano-factura-luz\" class=\"desvio-title js-desvio-title pivot-outboundlink\" data-vars-post-title=\"Paneles solares en kit para el balc\u00f3n o la terraza: esto es lo que podemos ahorrar al a\u00f1o en la factura de la luz \">Paneles solares en kit para el balc\u00f3n o la terraza: esto es lo que podemos ahorrar al a\u00f1o en la factura de la luz <\/a>\n   <\/div>\n<\/p><\/div>\n<\/p><\/div>\n<\/div>\n<h2>Unos paneles solares tres en uno<\/h2>\n<div class=\"article-asset-image article-asset-normal article-asset-center\">\n<div class=\"asset-content\">\n<p>   <img decoding=\"async\" alt=\"Bipv Modul Web\" class=\"centro_sinmarco\" src=\"https:\/\/i.blogs.es\/14a114\/bipv-modul-web\/450_1000.webp\"><\/p><\/div>\n<\/div>\n<p>Cient\u00edficos de esta organizaci\u00f3n han desarrollado un innovador tipo de <strong>panel para colocar en las fachadas<\/strong> de viviendas y edificios que promete ofrecer una triple funcionalidad: <strong>captar la energ\u00eda solar <\/strong>para transformarla en electricidad, servir de <strong>aislamiento t\u00e9rmico<\/strong> para la casa y <strong>proteger de las inclemencias<\/strong> del tiempo.<\/p>\n<p><!-- BREAK 4 --><\/p>\n<p>Lo interesante es que todo ello lo encontramos en un mismo elemento que no necesita de una estructura adicional para ser instalado, sino que <strong>viene todo integrado en el mismo panel<\/strong>, lo que ahorra costes y tiempo de instalaci\u00f3n.<\/p>\n<p><!-- BREAK 5 --><\/p>\n<p>Los investigadores han creado <strong>dos versiones distintas de estos paneles<\/strong>, una con material aislante de fibras de c\u00e1\u00f1amo y otra con un aislante producido a base de hongos que se pueden producir a partir de residuos agr\u00edcolas.<\/p>\n<p><!-- BREAK 6 --><\/p>\n<div class=\"article-asset-image article-asset-normal article-asset-center\">\n<div class=\"asset-content\">\n<p>   <img decoding=\"async\" alt=\"Bipv Modul Installation Web\" class=\"centro_sinmarco\" src=\"https:\/\/i.blogs.es\/5dd957\/bipv-modul-installation-web\/450_1000.webp\"><\/p><\/div>\n<\/div>\n<p>Las dos opciones tienen un tama\u00f1o de <strong>1,0 x 1,5 metros <\/strong>y est\u00e1n dise\u00f1adas para que los componentes puedan separarse y reciclarse en el futuro, cumpliendo con las normativas actuales de seguridad contra incendios en fachadas.<\/p>\n<p><!-- BREAK 7 --><\/p>\n<p>Seg\u00fan sus inventores, los elementos pueden desmontarse y acoplarse de manera r\u00e1pida e independiente, lo que facilita su uso en toda clase de edificios <strong>sin requerir subestructuras adicionales<\/strong>. Esto permite que sea posible colocar un m\u00f3dulo completo en menos de 1,5 horas sin necesitar sistemas de sujeci\u00f3n especiales.<\/p>\n<p><!-- BREAK 8 --><\/p>\n<div class=\"article-asset-video article-asset-normal\">\n<div class=\"asset-content\">\n<div class=\"base-asset-video\">\n<div class=\"js-dailymotion\">\n    <script type=\"application\/json\">\n                          {\"videoId\":\"x7znesx\",\"autoplay\":true,\"title\":\"Edificio de autoconsumo ASI\u0301 FUNCIONAN - Paneles solares en bloques de pisos\", \"tag\":\"solar\", \"duration\":\"564\"}\n                  <\/script>\n   <\/div>\n<\/p><\/div>\n<\/p><\/div>\n<\/div>\n<h2>Precio y disponibilidad<\/h2>\n<p>El primer prototipo ya ha sido instalado en octubre de 2024 en un edificio del Fraunhofer IBP en Holzkirchen y por el momento est\u00e1n siendo sometidos a diferentes pruebas para evaluar su rendimiento final el\u00e9ctrico, t\u00e9rmico y durabilidad, as\u00ed que falta tiempo para poder comprar algo as\u00ed en una tienda.<\/p>\n<p><!-- BREAK 9 --><\/p>\n<p>V\u00eda | <a rel=\"noopener, noreferrer\" href=\"https:\/\/ecoinventos.com\/sistema-de-fachada-prefabricado-con-integracion-fotovoltaica-que-combina-generacion-de-energia-aislamiento-termico-y-proteccion-climatica\/\">Ecoinventos<\/a><\/p>\n<p>M\u00e1s informaci\u00f3n e im\u00e1genes | <a rel=\"noopener, noreferrer\" href=\"https:\/\/www.ise.fraunhofer.de\/en\/press-media\/press-releases\/2024\/quick-to-install-and-thermally-insulated-bipv-facade-element.html\">Fraunhofer<\/a><\/p>\n<p>En Xataka Smart Home | <a class=\"text-outboundlink\" href=\"https:\/\/www.xatakahome.com\/a-fondo\/paneles-solares-kit-para-balcon-terraza-esto-que-podemos-ahorrar-al-ano-factura-luz\" data-vars-post-title=\"Paneles solares en kit para el balc\u00f3n o la terraza: esto es lo que podemos ahorrar al a\u00f1o en la factura de la luz \" data-vars-post-url=\"https:\/\/www.xatakahome.com\/a-fondo\/paneles-solares-kit-para-balcon-terraza-esto-que-podemos-ahorrar-al-ano-factura-luz\">Paneles solares en kit para el balc\u00f3n o la terraza: esto es lo que podemos ahorrar al a\u00f1o en la factura de la luz<\/a><\/p>\n<p><script>\n (function() {\n  window._JS_MODULES = window._JS_MODULES || {};\n  var headElement = document.getElementsByTagName('head')[0];\n  if (_JS_MODULES.instagram) {\n   var instagramScript = document.createElement('script');\n   instagramScript.src = 'https:\/\/platform.instagram.com\/en_US\/embeds.js';\n   instagramScript.async = true;\n   instagramScript.defer = true;\n   headElement.appendChild(instagramScript);\n  }\n })();\n<\/script><\/p>\n<p> &#8211; <br \/> La noticia<br \/>\n      <a href=\"https:\/\/www.xatakahome.com\/iluminacion-y-energia\/estos-paneles-se-colocan-fachada-prometen-energia-gratis-aislamiento-termico-proteccion-inclemencias?utm_source=feedburner&amp;utm_medium=feed&amp;utm_campaign=02_Jan_2025\"><br \/>\n       <em> Estos paneles se colocan en la fachada y prometen energ\u00eda gratis, aislamiento t\u00e9rmico y protecci\u00f3n contra las inclemencias <\/em><br \/>\n      <\/a><br \/>\n      fue publicada originalmente en<br \/>\n      <a href=\"https:\/\/www.xatakahome.com\/?utm_source=feedburner&amp;utm_medium=feed&amp;utm_campaign=02_Jan_2025\"><br \/>\n       <strong> Xataka Smart Home <\/strong><br \/>\n      <\/a><br \/>\n             por <a href=\"https:\/\/www.xatakahome.com\/autor\/paco-rodriguez?utm_source=feedburner&amp;utm_medium=feed&amp;utm_campaign=02_Jan_2025\"><br \/>\n        Paco Rodriguez<br \/>\n       <\/a><br \/>\n      . <\/p>\n<\/div>\n","protected":false},"excerpt":{"rendered":"<p>Cada vez est\u00e1 m\u00e1s de moda el autoconsumo energ\u00e9tico o la capacidad para obtener la energ\u00eda necesaria instalando en el hogar paneles solares fotovoltaicos u otros sistemas de generaci\u00f3n renovable y as\u00ed no depender tanto de la red el\u00e9ctrica convencional. Sin embargo, hacer una instalaci\u00f3n \u00abprofesional\u00bb en casa con las placas de gran capacidad en &hellip; <a href=\"https:\/\/domosistemas.com\/?p=26950\" class=\"more-link\">Sigue leyendo <span class=\"screen-reader-text\">Estos paneles se colocan en la fachada y prometen energ\u00eda gratis, aislamiento t\u00e9rmico y protecci\u00f3n contra las inclemencias<\/span><\/a><\/p>\n","protected":false},"author":1,"featured_media":0,"comment_status":"closed","ping_status":"closed","sticky":false,"template":"","format":"standard","meta":{"footnotes":""},"categories":[8],"tags":[],"class_list":["post-26950","post","type-post","status-publish","format-standard","hentry","category-xataka"],"_links":{"self":[{"href":"https:\/\/domosistemas.com\/index.php?rest_route=\/wp\/v2\/posts\/26950","targetHints":{"allow":["GET"]}}],"collection":[{"href":"https:\/\/domosistemas.com\/index.php?rest_route=\/wp\/v2\/posts"}],"about":[{"href":"https:\/\/domosistemas.com\/index.php?rest_route=\/wp\/v2\/types\/post"}],"author":[{"embeddable":true,"href":"https:\/\/domosistemas.com\/index.php?rest_route=\/wp\/v2\/users\/1"}],"replies":[{"embeddable":true,"href":"https:\/\/domosistemas.com\/index.php?rest_route=%2Fwp%2Fv2%2Fcomments&post=26950"}],"version-history":[{"count":0,"href":"https:\/\/domosistemas.com\/index.php?rest_route=\/wp\/v2\/posts\/26950\/revisions"}],"wp:attachment":[{"href":"https:\/\/domosistemas.com\/index.php?rest_route=%2Fwp%2Fv2%2Fmedia&parent=26950"}],"wp:term":[{"taxonomy":"category","embeddable":true,"href":"https:\/\/domosistemas.com\/index.php?rest_route=%2Fwp%2Fv2%2Fcategories&post=26950"},{"taxonomy":"post_tag","embeddable":true,"href":"https:\/\/domosistemas.com\/index.php?rest_route=%2Fwp%2Fv2%2Ftags&post=26950"}],"curies":[{"name":"wp","href":"https:\/\/api.w.org\/{rel}","templated":true}]}}