{"id":26951,"date":"2025-01-02T08:16:29","date_gmt":"2025-01-02T08:16:29","guid":{"rendered":"https:\/\/domosistemas.com\/?p=26951"},"modified":"2025-01-02T08:16:29","modified_gmt":"2025-01-02T08:16:29","slug":"tanto-si-tienes-tarifa-electrica-pvpc-como-en-el-mercado-libre-esto-es-lo-que-subira-tu-factura-de-la-luz-a-partir-de-enero-de-2025","status":"publish","type":"post","link":"https:\/\/domosistemas.com\/?p=26951","title":{"rendered":"Tanto si tienes tarifa el\u00e9ctrica PVPC como en el mercado libre, esto es lo que subir\u00e1 tu factura de la luz a partir de enero de 2025"},"content":{"rendered":"<div>\n<p>\n      <img decoding=\"async\" src=\"https:\/\/i.blogs.es\/dfc301\/light-structure-wheel-lamp-light-bulb-pear-1208087-pxhere.com\/1024_2000.jpeg\" alt=\"Tanto si tienes tarifa el\u00e9ctrica PVPC como en el mercado libre, esto es lo que subir\u00e1 tu factura de la luz a partir de enero de 2025\">\n    <\/p>\n<p>Para la mayor\u00eda de hogares espa\u00f1oles el <strong>precio de la electricidad<\/strong> sigue siendo una de las principales preocupaciones a la hora de ajustar el presupuesto familiar, ya que hacer uso de nuestros equipos y dispositivos es mas caro que nunca.<\/p>\n<p><!-- BREAK 1 --><\/p>\n<p>Y las cosas no parecen que vayan a relajarse este 2025, ya que las medidas aplicadas para mitigar los efectos de la crisis a partir de 2022 han llegado a su fin y adem\u00e1s se van a <strong>aplicar cambios importantes<\/strong> que incrementar\u00e1n a\u00fan m\u00e1s los costes.<\/p>\n<p><!-- BREAK 2 --><\/p>\n<div class=\"article-asset article-asset-normal article-asset-center\">\n<div class=\"desvio-container\">\n<div class=\"desvio\">\n<div class=\"desvio-figure js-desvio-figure\">\n    <a href=\"https:\/\/www.xatakahome.com\/iluminacion-y-energia\/tarifas-luz-baratas-diciembre-2024-asi-queda-pvpc-respecto-al-mercado-libre\" class=\"pivot-outboundlink\" data-vars-post-title=\"Las tarifas de la luz m\u00e1s baratas en diciembre de 2024: as\u00ed queda la PVPC con respecto al mercado libre\"><br \/>\n     <img loading=\"lazy\" decoding=\"async\" alt=\"Las tarifas de la luz m\u00e1s baratas en diciembre de 2024: as\u00ed queda la PVPC con respecto al mercado libre\" width=\"375\" height=\"142\" src=\"https:\/\/i.blogs.es\/353a5f\/anais-murith-t_pedvsmmtc-unsplash\/375_142.webp\" onerror='this.src=\"https:\/\/i.blogs.es\/353a5f\/anais-murith-t_pedvsmmtc-unsplash\/375_142.jpeg\"'><br \/>\n    <\/a>\n   <\/div>\n<div class=\"desvio-summary\">\n<div class=\"desvio-taxonomy js-desvio-taxonomy\">\n     <a href=\"https:\/\/www.xatakahome.com\/iluminacion-y-energia\/tarifas-luz-baratas-diciembre-2024-asi-queda-pvpc-respecto-al-mercado-libre\" class=\"desvio-taxonomy-anchor pivot-outboundlink\" data-vars-post-title=\"Las tarifas de la luz m\u00e1s baratas en diciembre de 2024: as\u00ed queda la PVPC con respecto al mercado libre\">En Xataka Smart Home<\/a>\n    <\/div>\n<p>    <a href=\"https:\/\/www.xatakahome.com\/iluminacion-y-energia\/tarifas-luz-baratas-diciembre-2024-asi-queda-pvpc-respecto-al-mercado-libre\" class=\"desvio-title js-desvio-title pivot-outboundlink\" data-vars-post-title=\"Las tarifas de la luz m\u00e1s baratas en diciembre de 2024: as\u00ed queda la PVPC con respecto al mercado libre\">Las tarifas de la luz m\u00e1s baratas en diciembre de 2024: as\u00ed queda la PVPC con respecto al mercado libre<\/a>\n   <\/div>\n<\/p><\/div>\n<\/p><\/div>\n<\/div>\n<h2>Cambios en la tarifa de la luz que subir\u00e1n su precio<\/h2>\n<p>En 2024 ya hemos ido viendo c\u00f3mo se ha ido produciendo la <a class=\"text-outboundlink\" href=\"https:\/\/www.xatakahome.com\/iluminacion-y-energia\/suben-impuestos-luz-gas-pellets-este-iva-que-tendremos-que-pagar-2024\" data-vars-post-title=\"Suben los impuestos de la luz, el gas y los pellets: este es el IVA que tendremos que pagar en 2024 \" data-vars-post-url=\"https:\/\/www.xatakahome.com\/iluminacion-y-energia\/suben-impuestos-luz-gas-pellets-este-iva-que-tendremos-que-pagar-2024\">vuelta progresiva de los impuestos<\/a> de las tarifas el\u00e9ctricas, como por ejemplo el IVA que se redujo al 10% y que se ha mantenido as\u00ed hasta el 31 de diciembre, siempre que el precio por MWh en el mercado mayorista fuera superior a 45 euros. Pero <strong>en enero de 2025 el IVA de la electricidad recupera su nivel habitual del 21%<\/strong>, lo que implica un importante incremento en las facturas.<\/p>\n<p><!-- BREAK 3 --><\/p>\n<p>Adem\u00e1s en los \u00faltimos meses ha habido varios cambios importantes en el sector energ\u00e9tico, como la <a class=\"text-outboundlink\" href=\"https:\/\/www.xatakahome.com\/iluminacion-y-energia\/usar-tus-electrodomesticos-horas-baratas-no-merecera-pena-esta-letra-pequena-nueva-tarifa-pvpc\" data-vars-post-title='Usar tus electrodom\u00e9sticos en las horas m\u00e1s baratas ya no merecer\u00e1 la pena: esta es la \"letra peque\u00f1a\" de la nueva tarifa PVPC' data-vars-post-url=\"https:\/\/www.xatakahome.com\/iluminacion-y-energia\/usar-tus-electrodomesticos-horas-baratas-no-merecera-pena-esta-letra-pequena-nueva-tarifa-pvpc\">nueva forma de calcular el precio de la luz<\/a> para la tarifa regulada que <strong>limita las diferencias entre horas caras y baratas<\/strong>. Esto hace que <a class=\"text-outboundlink\" href=\"https:\/\/www.xatakahome.com\/iluminacion-y-energia\/tarifas-luz-baratas-diciembre-2024-asi-queda-pvpc-respecto-al-mercado-libre\" data-vars-post-title=\"Las tarifas de la luz m\u00e1s baratas en diciembre de 2024: as\u00ed queda la PVPC con respecto al mercado libre\" data-vars-post-url=\"https:\/\/www.xatakahome.com\/iluminacion-y-energia\/tarifas-luz-baratas-diciembre-2024-asi-queda-pvpc-respecto-al-mercado-libre\">encontrar nuestra tarifa ideal<\/a> sea m\u00e1s importante que nunca para pagar menos.<\/p>\n<p><!-- BREAK 4 --><\/p>\n<p>Pero es que tambi\u00e9n <strong>llegar\u00e1n novedades este 2025<\/strong> que podr\u00edan hacer cambiar la forma en la que actualmente se distribuyen los costes en las facturas el\u00e9ctricas, lo que podr\u00eda traer importantes subidas en el importe final a pagar.<\/p>\n<p><!-- BREAK 5 --><\/p>\n<p>Y es que <a class=\"text-outboundlink\" href=\"https:\/\/www.xatakahome.com\/iluminacion-y-energia\/llegan-cambios-factura-luz-a-partir-enero-esto-que-subira-bajara-nuestros-recibos\" data-vars-post-title=\"Llegan cambios en la factura de la luz a partir de enero: esto es lo que subir\u00e1 y bajar\u00e1 en nuestros recibos\" data-vars-post-url=\"https:\/\/www.xatakahome.com\/iluminacion-y-energia\/llegan-cambios-factura-luz-a-partir-enero-esto-que-subira-bajara-nuestros-recibos\">el Ministerio para la Transici\u00f3n Ecol\u00f3gica ha propuesto<\/a> modificar los <strong>cargos del sistema el\u00e9ctrico<\/strong>, es decir la parte de la factura que se usa actualmente para financiar partidas como ciertas subvenciones a las renovables, el bono social o la deuda el\u00e9ctrica. El aumento propuesto por Transici\u00f3n supondr\u00eda <strong>hasta un 33%<\/strong>, aunque esto se aplica solo en esa parte del recibo, por lo que la factura total no subir\u00e1 un 33%, sino que se aplicar\u00e1 solo en la cuarta parte del importe total, es decir ser\u00eda ese 33% sobre un 25% del coste total de la factura.<\/p>\n<p><!-- BREAK 6 --><\/p>\n<p>Seg\u00fan los <a rel=\"noopener, noreferrer\" href=\"https:\/\/www.ocu.org\/vivienda-y-energia\/gas-luz\/noticias\/subida-cargos-regulados-2025\">c\u00e1lculos de la OCU<\/a>, el resultado <strong>para un hogar medio<\/strong> (4,6 kW y 3.500 kWh a\u00f1o de consumo) es que <strong>su factura se incrementar\u00e1 en 22,3 euros por este concepto<\/strong> (antes de impuestos).<\/p>\n<p><!-- BREAK 7 --><\/p>\n<p>Otra cosa que cambia es la <strong>financiaci\u00f3n del bono social<\/strong>, cuyos<strong> <\/strong>costes se han revisado este a\u00f1o y van sufrir una subida. <strong>Para las comercializadoras <\/strong>el coste anual <strong>pasa de 2,299 euros por cliente al a\u00f1o a 3,8 euros por cliente al a\u00f1o.<\/strong> Y para los usuarios <strong>este concepto pasar\u00e1 de 0,1915 euros a 0,3168 euros al mes<\/strong>.<\/p>\n<p><!-- BREAK 8 --><\/p>\n<p>En el caso de que tengamos<strong> tarifa PVPC<\/strong> a partir del 1 de enero el precio a pagar se equiparar\u00e1 con el resto de los consumidores y <strong>supondr\u00e1 un ahorro de 8,6 euros al a\u00f1o.<\/strong><\/p>\n<p><!-- BREAK 9 --><\/p>\n<div class=\"article-asset-video article-asset-normal\">\n<div class=\"asset-content\">\n<div class=\"base-asset-video\">\n<div class=\"js-dailymotion\">\n    <script type=\"application\/json\">\n                          {\"videoId\":\"x81h7p2\",\"autoplay\":true,\"title\":\"NUEVA FACTURA DE LA LUZ: TODO LO QUE DEBES SABER para AHORRAR AL M\u00c1XIMO\", \"tag\":\"\", \"duration\":\"290\"}\n                  <\/script>\n   <\/div>\n<\/p><\/div>\n<\/p><\/div>\n<\/div>\n<p>Con todos estos cambios, seg\u00fan los c\u00e1lculos de la OCU<strong> <\/strong>el resultado final es que<strong> la factura mensual para un hogar medio con la tarifa PVPC sufrir\u00e1<\/strong> un incremento de <strong>106 euros al a\u00f1o<\/strong>. Para los consumidores que est\u00e9n <strong>en el mercado libre <\/strong>el incremento ser\u00e1 incluso mayor, del 13,4%, lo que supondr\u00e1 unos <strong>118 euros al a\u00f1o<\/strong> gracias sobre todo al IVA.<\/p>\n<p><!-- BREAK 10 --><\/p>\n<p>Traducido a la factura mensual, solo hay que dividir esta cantidad entre 12 y nos salen unas cifras de <strong>entre 8,8 y 9,8 euros m\u00e1s al mes<\/strong> respectivamente para un hogar medio.<\/p>\n<p><!-- BREAK 11 --><\/p>\n<p>M\u00e1s informaci\u00f3n | <a rel=\"noopener, noreferrer\" href=\"https:\/\/www.ocu.org\/vivienda-y-energia\/gas-luz\/noticias\/subida-cargos-regulados-2025\">OCU<\/a><\/p>\n<p>Imagen portada | <a rel=\"noopener, noreferrer\" href=\"https:\/\/pxhere.com\/es\/photo\/1208087\">PxHere<\/a><\/p>\n<p>En Xataka Smart Home | <a class=\"text-outboundlink\" href=\"https:\/\/www.xatakahome.com\/iluminacion-y-energia\/mejor-peor-hora-para-encender-calefaccion-este-mes-diciembre-quieres-ahorrar-factura-luz\" data-vars-post-title=\"La mejor y peor hora para encender la calefacci\u00f3n este mes de diciembre si quieres ahorrar en la factura de la luz \" data-vars-post-url=\"https:\/\/www.xatakahome.com\/iluminacion-y-energia\/mejor-peor-hora-para-encender-calefaccion-este-mes-diciembre-quieres-ahorrar-factura-luz\">La mejor y peor hora para encender la calefacci\u00f3n este mes de diciembre si quieres ahorrar en la factura de la luz<\/a><\/p>\n<p><script>\n (function() {\n  window._JS_MODULES = window._JS_MODULES || {};\n  var headElement = document.getElementsByTagName('head')[0];\n  if (_JS_MODULES.instagram) {\n   var instagramScript = document.createElement('script');\n   instagramScript.src = 'https:\/\/platform.instagram.com\/en_US\/embeds.js';\n   instagramScript.async = true;\n   instagramScript.defer = true;\n   headElement.appendChild(instagramScript);\n  }\n })();\n<\/script><\/p>\n<p> &#8211; <br \/> La noticia<br \/>\n      <a href=\"https:\/\/www.xatakahome.com\/iluminacion-y-energia\/esto-que-subira-factura-luz-a-partir-enero-2025-tienes-tarifa-pvpc-como-mercado-libre?utm_source=feedburner&amp;utm_medium=feed&amp;utm_campaign=02_Jan_2025\"><br \/>\n       <em> Tanto si tienes tarifa el\u00e9ctrica PVPC como en el mercado libre, esto es lo que subir\u00e1 tu factura de la luz a partir de enero de 2025 <\/em><br \/>\n      <\/a><br \/>\n      fue publicada originalmente en<br \/>\n      <a href=\"https:\/\/www.xatakahome.com\/?utm_source=feedburner&amp;utm_medium=feed&amp;utm_campaign=02_Jan_2025\"><br \/>\n       <strong> Xataka Smart Home <\/strong><br \/>\n      <\/a><br \/>\n             por <a href=\"https:\/\/www.xatakahome.com\/autor\/paco-rodriguez?utm_source=feedburner&amp;utm_medium=feed&amp;utm_campaign=02_Jan_2025\"><br \/>\n        Paco Rodriguez<br \/>\n       <\/a><br \/>\n      . <\/p>\n<\/div>\n","protected":false},"excerpt":{"rendered":"<p>Para la mayor\u00eda de hogares espa\u00f1oles el precio de la electricidad sigue siendo una de las principales preocupaciones a la hora de ajustar el presupuesto familiar, ya que hacer uso de nuestros equipos y dispositivos es mas caro que nunca. Y las cosas no parecen que vayan a relajarse este 2025, ya que las medidas &hellip; <a href=\"https:\/\/domosistemas.com\/?p=26951\" class=\"more-link\">Sigue leyendo <span class=\"screen-reader-text\">Tanto si tienes tarifa el\u00e9ctrica PVPC como en el mercado libre, esto es lo que subir\u00e1 tu factura de la luz a partir de enero de 2025<\/span><\/a><\/p>\n","protected":false},"author":1,"featured_media":0,"comment_status":"closed","ping_status":"closed","sticky":false,"template":"","format":"standard","meta":{"footnotes":""},"categories":[8],"tags":[],"class_list":["post-26951","post","type-post","status-publish","format-standard","hentry","category-xataka"],"_links":{"self":[{"href":"https:\/\/domosistemas.com\/index.php?rest_route=\/wp\/v2\/posts\/26951","targetHints":{"allow":["GET"]}}],"collection":[{"href":"https:\/\/domosistemas.com\/index.php?rest_route=\/wp\/v2\/posts"}],"about":[{"href":"https:\/\/domosistemas.com\/index.php?rest_route=\/wp\/v2\/types\/post"}],"author":[{"embeddable":true,"href":"https:\/\/domosistemas.com\/index.php?rest_route=\/wp\/v2\/users\/1"}],"replies":[{"embeddable":true,"href":"https:\/\/domosistemas.com\/index.php?rest_route=%2Fwp%2Fv2%2Fcomments&post=26951"}],"version-history":[{"count":0,"href":"https:\/\/domosistemas.com\/index.php?rest_route=\/wp\/v2\/posts\/26951\/revisions"}],"wp:attachment":[{"href":"https:\/\/domosistemas.com\/index.php?rest_route=%2Fwp%2Fv2%2Fmedia&parent=26951"}],"wp:term":[{"taxonomy":"category","embeddable":true,"href":"https:\/\/domosistemas.com\/index.php?rest_route=%2Fwp%2Fv2%2Fcategories&post=26951"},{"taxonomy":"post_tag","embeddable":true,"href":"https:\/\/domosistemas.com\/index.php?rest_route=%2Fwp%2Fv2%2Ftags&post=26951"}],"curies":[{"name":"wp","href":"https:\/\/api.w.org\/{rel}","templated":true}]}}