{"id":26964,"date":"2025-01-03T09:29:39","date_gmt":"2025-01-03T09:29:39","guid":{"rendered":"https:\/\/domosistemas.com\/?p=26964"},"modified":"2025-01-03T09:29:39","modified_gmt":"2025-01-03T09:29:39","slug":"combinar-proyector-lampara-led-de-colores-y-altavoz-bluetooth-es-la-nueva-idea-de-lg-para-conquistar-nuestros-salones","status":"publish","type":"post","link":"https:\/\/domosistemas.com\/?p=26964","title":{"rendered":"Combinar proyector, l\u00e1mpara LED de colores y altavoz Bluetooth es la nueva idea de LG para conquistar nuestros salones"},"content":{"rendered":"<div>\n<p>\n      <img decoding=\"async\" src=\"https:\/\/i.blogs.es\/b760d0\/ambient_a\/1024_2000.jpeg\" alt=\"Combinar proyector, l\u00e1mpara LED de colores y altavoz Bluetooth es la nueva idea de LG para conquistar nuestros salones \">\n    <\/p>\n<p>Diciembre y enero suelen ser los meses donde los fabricantes de tecnolog\u00eda empiezan a adelantar las novedades que presentar\u00e1n oficialmente el resto del a\u00f1o, algo que ha querido hacer <strong>LG<\/strong> con la llegada de <a class=\"text-outboundlink\" href=\"https:\/\/www.xatakahome.com\/televisores\/lg-anuncia-su-nueva-gama-smart-tv-qned-evo-para-2025-inalambricos-ia-100-pulgadas\" data-vars-post-title=\"LG anuncia su nueva gama de Smart TV QNED evo para 2025: inal\u00e1mbricos, con IA y hasta 100 pulgadas \" data-vars-post-url=\"https:\/\/www.xatakahome.com\/televisores\/lg-anuncia-su-nueva-gama-smart-tv-qned-evo-para-2025-inalambricos-ia-100-pulgadas\">nueva generaci\u00f3n de Smart TV QNED<\/a> para 2025 y ahora con <strong>dos curiosos modelos de proyectores<\/strong>.<\/p>\n<p><!-- BREAK 1 --><\/p>\n<p>Se trata del <strong>PF600U<\/strong>, ganador del premio a la innovaci\u00f3n CES, un dispositivo \u00a0vers\u00e1til que a primera vista no pensar\u00edamos que es un proyector ni tan siquiera un equipo para cine en casa, sino m\u00e1s bien otro aparato como una l\u00e1mpara o similar. Y tambi\u00e9n del <strong>PU615U<\/strong>, su nuevo equipo 4K compacto de tiro ultracorto.<\/p>\n<p><!-- BREAK 2 --><\/p>\n<div class=\"article-asset article-asset-normal article-asset-center\">\n<div class=\"desvio-container\">\n<div class=\"desvio\">\n<div class=\"desvio-figure js-desvio-figure\">\n    <a href=\"https:\/\/www.xatakahome.com\/televisores\/lg-anuncia-su-nueva-gama-smart-tv-qned-evo-para-2025-inalambricos-ia-100-pulgadas\" class=\"pivot-outboundlink\" data-vars-post-title=\"LG anuncia su nueva gama de Smart TV QNED evo para 2025: inal\u00e1mbricos, con IA y hasta 100 pulgadas \"><br \/>\n     <img loading=\"lazy\" decoding=\"async\" alt=\"LG anuncia su nueva gama de Smart TV QNED evo para 2025: inal\u00e1mbricos, con IA y hasta 100 pulgadas \" width=\"375\" height=\"142\" src=\"https:\/\/i.blogs.es\/664a6f\/image-lg-qned\/375_142.webp\" onerror='this.src=\"https:\/\/i.blogs.es\/664a6f\/image-lg-qned\/375_142.jpeg\"'><br \/>\n    <\/a>\n   <\/div>\n<div class=\"desvio-summary\">\n<div class=\"desvio-taxonomy js-desvio-taxonomy\">\n     <a href=\"https:\/\/www.xatakahome.com\/televisores\/lg-anuncia-su-nueva-gama-smart-tv-qned-evo-para-2025-inalambricos-ia-100-pulgadas\" class=\"desvio-taxonomy-anchor pivot-outboundlink\" data-vars-post-title=\"LG anuncia su nueva gama de Smart TV QNED evo para 2025: inal\u00e1mbricos, con IA y hasta 100 pulgadas \">En Xataka Smart Home<\/a>\n    <\/div>\n<p>    <a href=\"https:\/\/www.xatakahome.com\/televisores\/lg-anuncia-su-nueva-gama-smart-tv-qned-evo-para-2025-inalambricos-ia-100-pulgadas\" class=\"desvio-title js-desvio-title pivot-outboundlink\" data-vars-post-title=\"LG anuncia su nueva gama de Smart TV QNED evo para 2025: inal\u00e1mbricos, con IA y hasta 100 pulgadas \">LG anuncia su nueva gama de Smart TV QNED evo para 2025: inal\u00e1mbricos, con IA y hasta 100 pulgadas <\/a>\n   <\/div>\n<\/p><\/div>\n<\/p><\/div>\n<\/div>\n<h2>\u00bfEs una l\u00e1mpara, es un altavoz? Es el nuevo proyector LG PF600U<\/h2>\n<div class=\"article-asset-image article-asset-normal article-asset-center\">\n<div class=\"asset-content\">\n<p>   <img decoding=\"async\" alt=\"Ambient B\" class=\"centro_sinmarco\" src=\"https:\/\/i.blogs.es\/84602f\/ambient_b\/450_1000.webp\"><\/p><\/div>\n<\/div>\n<p><strong>El PF600U<\/strong> es un dispositivo multifuncional que combina un <strong>proyector con un altavoz Bluetooth y una l\u00e1mpara de ambiente LED<\/strong>, un equipo todoterreno que sin duda llamar\u00e1 la atenci\u00f3n all\u00ed donde lo instalemos.<\/p>\n<p><!-- BREAK 3 --><\/p>\n<p>Seg\u00fan el fabricante es un modelo vers\u00e1til \u00abcompa\u00f1ero de estilo de vida 3 en 1 para espacios cotidianos\u00bb que puede adaptar el ambiente de cualquier habitaci\u00f3n a las preferencias del usuario. As\u00ed, esta pensado tanto para ver cine en diagonales de <strong>hasta 120 pulgadas<\/strong> como im\u00e1genes relajantes o disfrutar de una sesi\u00f3n de escucha musical con iluminaci\u00f3n ambiental.<\/p>\n<p><!-- BREAK 4 --><\/p>\n<p>Inspirado en una l\u00e1mpara de pie, el dise\u00f1o de poste permite seg\u00fan la marca una integraci\u00f3n \u00absin esfuerzo\u00bb en cualquier espacio, siempre que tengamos sitio disponible, claro. En cuanto a las especificaciones t\u00e9cnicas, cuenta con una <strong>resoluci\u00f3n Full HD<\/strong> (1920 x 1080 pixeles), 300 l\u00famenes ANSI de brillo (necesitaremos control total de la luz en la sala para disfrutarlo al m\u00e1ximo) y sistema operativo <strong>LG webOS<\/strong>.<\/p>\n<p><!-- BREAK 5 --><\/p>\n<div class=\"article-asset-image article-asset-normal article-asset-center\">\n<div class=\"asset-content\">\n<p>   <img decoding=\"async\" alt=\"Ambient Lifestyle 1\" class=\"centro_sinmarco\" src=\"https:\/\/i.blogs.es\/cfa152\/ambient_lifestyle-1\/450_1000.webp\"><\/p><\/div>\n<\/div>\n<p>Incorpora <strong>altavoces est\u00e9reo con radiadores pasivos y funci\u00f3n de l\u00e1mpara LED <\/strong>de ambiente con nueve colores y cinco niveles de brillo. Adem\u00e1s, gracias a su cabezal inclinable de 110 grados y la funci\u00f3n de ajuste autom\u00e1tico de la pantalla permite proyectar de forma m\u00e1s sencilla sobre casi cualquier superficie plana de la casa.<\/p>\n<p><!-- BREAK 6 --><\/p>\n<h2><strong>LG CineBeam S: su proyector UST 4K m\u00e1s compacto<\/strong><\/h2>\n<div class=\"article-asset-image article-asset-normal article-asset-center\">\n<div class=\"asset-content\">\n<p>   <img decoding=\"async\" alt=\"Cinebeam S Ambient\" class=\"centro_sinmarco\" src=\"https:\/\/i.blogs.es\/58788b\/cinebeam-s_ambient\/450_1000.webp\"><\/p><\/div>\n<\/div>\n<p>LG tambi\u00e9n ha aprovechado para anunciar al <strong>CineBeam S <\/strong>(modelo PU615U), el nuevo proyector de tiro ultracorto (UST) con resoluci\u00f3n 4K m\u00e1s peque\u00f1o del fabricante. A pesar de su tama\u00f1o compacto, ofrece una <strong>resoluci\u00f3n 4K UHD (3840 x 2160) y 500 l\u00famenes ANSI de brillo<\/strong> con una cobertura del 154 por ciento del espacio de color DCI-P3.<\/p>\n<p><!-- BREAK 7 --><\/p>\n<div class=\"article-asset-image article-asset-normal article-asset-center\">\n<div class=\"asset-content\">\n<p>   <img decoding=\"async\" alt=\"Cinebeam S Lifestyle\" class=\"centro_sinmarco\" src=\"https:\/\/i.blogs.es\/a40957\/cinebeam-s_lifestyle\/450_1000.webp\"><\/p><\/div>\n<\/div>\n<p>Su capacidad de proyecci\u00f3n ultracorta proyecta im\u00e1genes que van <strong>desde 40 a 100 \u00a0pulgadas<\/strong> con solo unos pocos cent\u00edmetros de espacio libre hasta la pared. Viene con sistema de sonido est\u00e9reo incorporado compatible con <strong>Dolby Atmos<\/strong> y sistema operativo <strong>LG webOS <\/strong>con funciones como el ajuste autom\u00e1tico de la pantalla, el ajuste del color de la pared y el cambio de escala\/desplazamiento de la pantalla.<\/p>\n<p><!-- BREAK 8 --><\/p>\n<div class=\"article-asset-video article-asset-normal\">\n<div class=\"asset-content\">\n<div class=\"base-asset-video\">\n<div class=\"js-dailymotion\">\n    <script type=\"application\/json\">\n                          {\"videoId\":\"x82yv7z\",\"autoplay\":true,\"title\":\"MEJORA EL SONIDO DE TU TV sin gastar UN SOLO EURO!!\", \"tag\":\"\", \"duration\":\"310\"}\n                  <\/script>\n   <\/div>\n<\/p><\/div>\n<\/p><\/div>\n<\/div>\n<h2>Precio y disponibilidad<\/h2>\n<p>Por el momento LG no ha dado m\u00e1s detalles sobre estos modelos, que presumiblemente ser\u00e1n mostrados con mayor profundidad en el <strong>CES 2025<\/strong> dentro de unos d\u00edas.<\/p>\n<p><!-- BREAK 9 --><\/p>\n<p>M\u00e1s informaci\u00f3n | <a rel=\"noopener, noreferrer\" href=\"https:\/\/www.lgnewsroom.com\/2025\/01\/lg-reveals-multifunctional-3-in-1-projector-combining-lighting-and-speaker-at-ces-2025\/\">LG<\/a><\/p>\n<p>En Xataka Smart Home | <a class=\"text-outboundlink\" href=\"https:\/\/www.xatakahome.com\/televisores\/lg-anuncia-su-nueva-gama-smart-tv-qned-evo-para-2025-inalambricos-ia-100-pulgadas\" data-vars-post-title=\"LG anuncia su nueva gama de Smart TV QNED evo para 2025: inal\u00e1mbricos, con IA y hasta 100 pulgadas \" data-vars-post-url=\"https:\/\/www.xatakahome.com\/televisores\/lg-anuncia-su-nueva-gama-smart-tv-qned-evo-para-2025-inalambricos-ia-100-pulgadas\">LG anuncia su nueva gama de Smart TV QNED evo para 2025: inal\u00e1mbricos, con IA y hasta 100 pulgadas<\/a><\/p>\n<p><script>\n (function() {\n  window._JS_MODULES = window._JS_MODULES || {};\n  var headElement = document.getElementsByTagName('head')[0];\n  if (_JS_MODULES.instagram) {\n   var instagramScript = document.createElement('script');\n   instagramScript.src = 'https:\/\/platform.instagram.com\/en_US\/embeds.js';\n   instagramScript.async = true;\n   instagramScript.defer = true;\n   headElement.appendChild(instagramScript);\n  }\n })();\n<\/script><\/p>\n<p> &#8211; <br \/> La noticia<br \/>\n      <a href=\"https:\/\/www.xatakahome.com\/televisores\/combinar-proyector-lampara-led-colores-altavoz-bluetooth-nueva-idea-lg-para-conquistar-nuestros-salones?utm_source=feedburner&amp;utm_medium=feed&amp;utm_campaign=03_Jan_2025\"><br \/>\n       <em> Combinar proyector, l\u00e1mpara LED de colores y altavoz Bluetooth es la nueva idea de LG para conquistar nuestros salones  <\/em><br \/>\n      <\/a><br \/>\n      fue publicada originalmente en<br \/>\n      <a href=\"https:\/\/www.xatakahome.com\/?utm_source=feedburner&amp;utm_medium=feed&amp;utm_campaign=03_Jan_2025\"><br \/>\n       <strong> Xataka Smart Home <\/strong><br \/>\n      <\/a><br \/>\n             por <a href=\"https:\/\/www.xatakahome.com\/autor\/paco-rodriguez?utm_source=feedburner&amp;utm_medium=feed&amp;utm_campaign=03_Jan_2025\"><br \/>\n        Paco Rodriguez<br \/>\n       <\/a><br \/>\n      . <\/p>\n<\/div>\n","protected":false},"excerpt":{"rendered":"<p>Diciembre y enero suelen ser los meses donde los fabricantes de tecnolog\u00eda empiezan a adelantar las novedades que presentar\u00e1n oficialmente el resto del a\u00f1o, algo que ha querido hacer LG con la llegada de nueva generaci\u00f3n de Smart TV QNED para 2025 y ahora con dos curiosos modelos de proyectores. Se trata del PF600U, ganador &hellip; <a href=\"https:\/\/domosistemas.com\/?p=26964\" class=\"more-link\">Sigue leyendo <span class=\"screen-reader-text\">Combinar proyector, l\u00e1mpara LED de colores y altavoz Bluetooth es la nueva idea de LG para conquistar nuestros salones<\/span><\/a><\/p>\n","protected":false},"author":1,"featured_media":0,"comment_status":"closed","ping_status":"closed","sticky":false,"template":"","format":"standard","meta":{"footnotes":""},"categories":[8],"tags":[],"class_list":["post-26964","post","type-post","status-publish","format-standard","hentry","category-xataka"],"_links":{"self":[{"href":"https:\/\/domosistemas.com\/index.php?rest_route=\/wp\/v2\/posts\/26964","targetHints":{"allow":["GET"]}}],"collection":[{"href":"https:\/\/domosistemas.com\/index.php?rest_route=\/wp\/v2\/posts"}],"about":[{"href":"https:\/\/domosistemas.com\/index.php?rest_route=\/wp\/v2\/types\/post"}],"author":[{"embeddable":true,"href":"https:\/\/domosistemas.com\/index.php?rest_route=\/wp\/v2\/users\/1"}],"replies":[{"embeddable":true,"href":"https:\/\/domosistemas.com\/index.php?rest_route=%2Fwp%2Fv2%2Fcomments&post=26964"}],"version-history":[{"count":0,"href":"https:\/\/domosistemas.com\/index.php?rest_route=\/wp\/v2\/posts\/26964\/revisions"}],"wp:attachment":[{"href":"https:\/\/domosistemas.com\/index.php?rest_route=%2Fwp%2Fv2%2Fmedia&parent=26964"}],"wp:term":[{"taxonomy":"category","embeddable":true,"href":"https:\/\/domosistemas.com\/index.php?rest_route=%2Fwp%2Fv2%2Fcategories&post=26964"},{"taxonomy":"post_tag","embeddable":true,"href":"https:\/\/domosistemas.com\/index.php?rest_route=%2Fwp%2Fv2%2Ftags&post=26964"}],"curies":[{"name":"wp","href":"https:\/\/api.w.org\/{rel}","templated":true}]}}