{"id":26973,"date":"2025-01-04T09:31:39","date_gmt":"2025-01-04T09:31:39","guid":{"rendered":"https:\/\/domosistemas.com\/?p=26973"},"modified":"2025-01-04T09:31:39","modified_gmt":"2025-01-04T09:31:39","slug":"mis-padres-ya-no-pasan-frio-en-la-cama-gracias-a-este-regalo-que-les-hice","status":"publish","type":"post","link":"https:\/\/domosistemas.com\/?p=26973","title":{"rendered":"Mis padres ya no pasan fr\u00edo en la cama gracias a este regalo que les hice"},"content":{"rendered":"<div>\n<p>\n      <img decoding=\"async\" src=\"https:\/\/i.blogs.es\/c9a631\/ofertas_cpa_v3-copia---2024-12-21t113940.462\/1024_2000.jpeg\" alt=\"Mis padres ya no pasan fr\u00edo en la cama gracias a este regalo que les hice\">\n    <\/p>\n<p>Cuando volv\u00ed a vivir a mi pueblo, descubr\u00ed lo que realmente significa que las casas parezcan igl\u00fas en invierno. Mis padres siempre me dec\u00edan que <strong>meterse en la cama era una experiencia insoportable<\/strong> por el fr\u00edo, pero hasta que no lo viv\u00ed en carne propia, no les di la raz\u00f3n. Decidido a que no pasaran m\u00e1s por esa situaci\u00f3n, me puse a investigar c\u00f3mo hacer que pudieran dormir calentitos, y encontr\u00e9 la soluci\u00f3n perfecta.<\/p>\n<p><!-- BREAK 1 --><\/p>\n<h2>Una soluci\u00f3n sencilla pero eficaz para el fr\u00edo en el dormitorio<\/h2>\n<div class=\"article-asset-image article-asset-normal article-asset-center\">\n<div class=\"asset-content\">\n                    <a rel=\"nofollow, sponsored, noopener, noreferrer\" target=\"_blank\" class=\"js-ecommerce\" id=\"link-ecommerce-1\" href=\"https:\/\/www.xatakahome.com\/redirect?url=https%3A%2F%2Fwww.amazon.es%2FMedisana-temperatura-protecci%25C3%25B3n-sobrecalentamiento-desconexi%25C3%25B3n%2Fdp%2FB00N5TOVAS%2F&amp;category=seleccion&amp;ecomPostExpiration=not_classified&amp;postId=115785\" data-vars-affiliate-url=\"https:\/\/www.amazon.es\/Medisana-temperatura-protecci%C3%B3n-sobrecalentamiento-desconexi%C3%B3n\/dp\/B00N5TOVAS\/\"><\/p>\n<p>    <img decoding=\"async\" alt=\"calienta camas Medisana HU 665\" class=\"centro_sinmarco\" src=\"https:\/\/i.blogs.es\/761398\/proyecto-nuevo---2024-12-21t115434.665\/450_1000.webp\"><br \/>\n     <\/a><\/p><\/div>\n<\/div>\n<p>Una amiga me hab\u00eda hablado hace tiempo de los calienta camas o mantas el\u00e9ctricas, as\u00ed que, ni corto ni perezoso, me puse a buscar informaci\u00f3n. Despu\u00e9s de leer muchas opiniones, el modelo <a rel=\"nofollow, sponsored, noopener, noreferrer\" target=\"_blank\" class=\"js-ecommerce\" id=\"link-ecommerce-2\" href=\"https:\/\/www.xatakahome.com\/redirect?url=https%3A%2F%2Fwww.amazon.es%2FMedisana-temperatura-protecci%25C3%25B3n-sobrecalentamiento-desconexi%25C3%25B3n%2Fdp%2FB00N5TOVAS%2F&amp;category=seleccion&amp;ecomPostExpiration=not_classified&amp;postId=115785\" data-vars-affiliate-url=\"https:\/\/www.amazon.es\/Medisana-temperatura-protecci%C3%B3n-sobrecalentamiento-desconexi%C3%B3n\/dp\/B00N5TOVAS\/\">Medisana HU 665<\/a> parec\u00eda ser el favorito de todos. Sin dudarlo, lo ped\u00ed como <strong>regalo para mis padres<\/strong>.<\/p>\n<p><!-- BREAK 2 --><\/p>\n<p>Cuando lleg\u00f3 el producto, aprovech\u00e9 un d\u00eda en que no estaban en casa (sab\u00eda que eran algo reticentes a usar algo enchufado en la cama) para instalar dos calienta camas en la suya de matrimonio. Compr\u00e9 dos porque las medidas de <strong>150 x 80 cm<\/strong> son ideales para camas individuales, pero en una de matrimonio es necesario colocar uno para cada lado.<\/p>\n<p><!-- BREAK 3 --><\/p>\n<p>Cuando regresaron, les cont\u00e9 sobre mi \u00abinvento\u00bb y les asegur\u00e9 que el fr\u00edo al meterse en la cama ser\u00eda cosa del pasado. Al principio, me dijeron: \u201cNo, Fran, no vamos a enchufar algo para dormir porque nos da miedo\u201d. Me cost\u00f3 convencerlos, pero les expliqu\u00e9 <strong>c\u00f3mo funcionaban las mantas el\u00e9ctricas<\/strong> y finalmente accedieron a probarlas.<\/p>\n<p><!-- BREAK 4 --><\/p>\n<div class=\"article-asset article-asset-normal article-asset-center\">\n<div class=\"desvio-container\">\n<div class=\"desvio\">\n<div class=\"desvio-figure js-desvio-figure\">\n    <a href=\"https:\/\/www.xataka.com\/seleccion\/carrefour-esta-liquidando-esta-smart-tv-qled-75-pulgadas-google-tv\" class=\"pivot-outboundlink\" target=\"_blank\" data-vars-post-title=\"Carrefour est\u00e1 liquidando esta smart TV QLED de 75 pulgadas con Google TV \"><br \/>\n     <img loading=\"lazy\" decoding=\"async\" alt=\"Carrefour est\u00e1 liquidando esta smart TV QLED de 75 pulgadas con Google TV \" width=\"375\" height=\"142\" src=\"https:\/\/i.blogs.es\/bdcd55\/ofertas_cpa_v3-copia---2024-12-20t102223.362\/375_142.webp\" onerror='this.src=\"https:\/\/i.blogs.es\/bdcd55\/ofertas_cpa_v3-copia---2024-12-20t102223.362\/375_142.jpeg\"'><br \/>\n    <\/a>\n   <\/div>\n<div class=\"desvio-summary\">\n<div class=\"desvio-taxonomy js-desvio-taxonomy\">\n     <a href=\"https:\/\/www.xataka.com\/seleccion\/carrefour-esta-liquidando-esta-smart-tv-qled-75-pulgadas-google-tv\" class=\"desvio-taxonomy-anchor pivot-outboundlink m-crosspost\" target=\"_blank\" data-vars-post-title=\"Carrefour est\u00e1 liquidando esta smart TV QLED de 75 pulgadas con Google TV \">En Xataka<\/a>\n    <\/div>\n<p>    <a href=\"https:\/\/www.xataka.com\/seleccion\/carrefour-esta-liquidando-esta-smart-tv-qled-75-pulgadas-google-tv\" class=\"desvio-title js-desvio-title pivot-outboundlink\" target=\"_blank\" data-vars-post-title=\"Carrefour est\u00e1 liquidando esta smart TV QLED de 75 pulgadas con Google TV \">Carrefour est\u00e1 liquidando esta smart TV QLED de 75 pulgadas con Google TV <\/a>\n   <\/div>\n<\/p><\/div>\n<\/p><\/div>\n<\/div>\n<div class=\"article-asset-video article-asset-normal\">\n<div class=\"asset-content\">\n<div class=\"base-asset-video\">\n<div class=\"js-dailymotion\">\n    <script type=\"application\/json\">\n                          {\"videoId\":\"x81qnhf\",\"autoplay\":true,\"title\":\"\u00bfEs posible generar energ\u00eda a coste cero?\", \"tag\":\"Energ\u00eda\", \"duration\":\"109\"}\n                  <\/script>\n   <\/div>\n<\/p><\/div>\n<\/p><\/div>\n<\/div>\n<p>Configurar el <a rel=\"nofollow, sponsored, noopener, noreferrer\" target=\"_blank\" class=\"js-ecommerce\" id=\"link-ecommerce-3\" href=\"https:\/\/www.xatakahome.com\/redirect?url=https%3A%2F%2Fwww.amazon.es%2FMedisana-temperatura-protecci%25C3%25B3n-sobrecalentamiento-desconexi%25C3%25B3n%2Fdp%2FB00N5TOVAS%2F&amp;category=seleccion&amp;ecomPostExpiration=not_classified&amp;postId=115785\" data-vars-affiliate-url=\"https:\/\/www.amazon.es\/Medisana-temperatura-protecci%C3%B3n-sobrecalentamiento-desconexi%C3%B3n\/dp\/B00N5TOVAS\/\">Medisana HU 665<\/a> es muy sencillo. Solo hay que colocarlo sobre el colch\u00f3n, conectarlo a un enchufe y usar el <strong>mando por cable<\/strong> para seleccionar la temperatura deseada. Funciona igual que una manta el\u00e9ctrica convencional, como las que usamos para dolores de espalda. A la ma\u00f1ana siguiente, mis padres me llamaron emocionados:<\/p>\n<p><!-- BREAK 5 --><\/p>\n<blockquote><p>Ten\u00edas raz\u00f3n, pens\u00e1bamos que esto no funcionar\u00eda, pero est\u00e1bamos equivocados. Lo encendimos media hora antes de meternos en la cama y, cuando fuimos a dormir, la cama estaba perfecta. Aunque lo apagamos al acostarnos, el calor dur\u00f3 bastante tiempo.<\/p><\/blockquote>\n<p>Desde entonces, est\u00e1n encantados y no paran de recomendar el calienta camas el\u00e9ctrico <a rel=\"nofollow, sponsored, noopener, noreferrer\" target=\"_blank\" class=\"js-ecommerce\" id=\"link-ecommerce-4\" href=\"https:\/\/www.xatakahome.com\/redirect?url=https%3A%2F%2Fwww.amazon.es%2FMedisana-temperatura-protecci%25C3%25B3n-sobrecalentamiento-desconexi%25C3%25B3n%2Fdp%2FB00N5TOVAS%2F&amp;category=seleccion&amp;ecomPostExpiration=not_classified&amp;postId=115785\" data-vars-affiliate-url=\"https:\/\/www.amazon.es\/Medisana-temperatura-protecci%C3%B3n-sobrecalentamiento-desconexi%C3%B3n\/dp\/B00N5TOVAS\/\">Medisana HU 665<\/a> a sus amigos. Incluso yo estoy pensando en <strong>comprarme uno para mi casa<\/strong>, porque es realmente un cambio de vida en invierno.<\/p>\n<p><!-- BREAK 6 --><!-- PIVOT START --><\/p>\n<div class=\"pivot-ecommerce-container m-pivot-ecommerce-redesign article-asset-normal article-asset-center\">\n<div class=\"pivot-ecommerce\">\n<div class=\"pivot-ecommerce-figure\">\n  <a rel=\"nofollow, sponsored, noopener, noreferrer\" target=\"_blank\" href=\"https:\/\/www.xatakahome.com\/redirect?url=https%3A%2F%2Fwww.amazon.es%2Fdp%2FB00N5TOVAS%3Ftag%3Dxatakahome-21%26linkCode%3Dogi%26th%3D1%26psc%3D1&amp;category=seleccion&amp;pivot=1&amp;ecomPostExpiration=not_classified&amp;postId=115785\"><br \/>\n   <img loading=\"lazy\" decoding=\"async\" alt=\"medisana HU 665 Calefacci\u00f3n bajo la cama, 150 x 80 cm\" width=\"500\" height=\"500\" src=\"https:\/\/i.blogs.es\/6fefbb\/31or1ql2j2l._sl500_\/original.webp\" onerror='this.src=\"https:\/\/i.blogs.es\/6fefbb\/31or1ql2j2l._sl500_\/original.jpeg\"'><br \/>\n  <\/a>\n  <\/div>\n<div class=\"pivot-ecommerce-summary\">\n<p class=\"pivot-ecommerce-desc\">medisana HU 665 Calefacci\u00f3n bajo la cama, 150 x 80 cm<\/p>\n<div class=\"pivot-actions \">\n<div class=\"pivot-actions-row\">\n <a rel=\"nofollow, sponsored, noopener, noreferrer\" target=\"_blank\" data-asin=\"B00N5TOVAS\" data-store=\"Amazon\" href=\"https:\/\/www.xatakahome.com\/redirect?url=https%3A%2F%2Fwww.amazon.es%2Fdp%2FB00N5TOVAS%3Ftag%3Dxatakahome-21%26linkCode%3Dogi%26th%3D1%26psc%3D1&amp;category=seleccion&amp;pivot=1&amp;ecomPostExpiration=not_classified&amp;postId=115785\" title=\"Precio actualizado hoy\" class=\"pivot-action-btn metrics-pivot-btn pivot-action-primary\">Hoy en Amazon \u2014 <strong><span class=\"js-deal-price\">24,95<\/span> \u20ac<\/strong><\/a>\n <\/div>\n<\/p><\/div>\n<\/p><\/div>\n<\/p><\/div>\n<div class=\"pivot-link-msg\">* Alg\u00fan precio puede haber cambiado desde la \u00faltima revisi\u00f3n<\/div>\n<\/p><\/div>\n<p><!-- PIVOT END --><\/p>\n<div class=\"article-asset article-asset-normal article-asset-center\">\n<div class=\"desvio-container\">\n<div class=\"desvio\">\n<div class=\"desvio-figure js-desvio-figure\">\n    <a href=\"https:\/\/www.xataka.com\/seleccion\/carrefour-hunde-precio-samsung-galaxy-s23-se-convierte-chollo-movil-para-regalar-esta-navidad\" class=\"pivot-outboundlink\" target=\"_blank\" data-vars-post-title=\"Carrefour hunde el precio del Samsung Galaxy S23 y se convierte en un chollo de m\u00f3vil para regalar esta Navidad\"><br \/>\n     <img loading=\"lazy\" decoding=\"async\" alt=\"Carrefour hunde el precio del Samsung Galaxy S23 y se convierte en un chollo de m\u00f3vil para regalar esta Navidad\" width=\"375\" height=\"142\" src=\"https:\/\/i.blogs.es\/bfbf0a\/ofertas_cpa_v3-copia---2024-12-20t131055.304\/375_142.webp\" onerror='this.src=\"https:\/\/i.blogs.es\/bfbf0a\/ofertas_cpa_v3-copia---2024-12-20t131055.304\/375_142.jpeg\"'><br \/>\n    <\/a>\n   <\/div>\n<div class=\"desvio-summary\">\n<div class=\"desvio-taxonomy js-desvio-taxonomy\">\n     <a href=\"https:\/\/www.xataka.com\/seleccion\/carrefour-hunde-precio-samsung-galaxy-s23-se-convierte-chollo-movil-para-regalar-esta-navidad\" class=\"desvio-taxonomy-anchor pivot-outboundlink m-crosspost\" target=\"_blank\" data-vars-post-title=\"Carrefour hunde el precio del Samsung Galaxy S23 y se convierte en un chollo de m\u00f3vil para regalar esta Navidad\">En Xataka<\/a>\n    <\/div>\n<p>    <a href=\"https:\/\/www.xataka.com\/seleccion\/carrefour-hunde-precio-samsung-galaxy-s23-se-convierte-chollo-movil-para-regalar-esta-navidad\" class=\"desvio-title js-desvio-title pivot-outboundlink\" target=\"_blank\" data-vars-post-title=\"Carrefour hunde el precio del Samsung Galaxy S23 y se convierte en un chollo de m\u00f3vil para regalar esta Navidad\">Carrefour hunde el precio del Samsung Galaxy S23 y se convierte en un chollo de m\u00f3vil para regalar esta Navidad<\/a>\n   <\/div>\n<\/p><\/div>\n<\/p><\/div>\n<\/div>\n<p><em>Nota: algunos de los enlaces aqu\u00ed publicados son de afiliados y pueden reportar un beneficio.<\/em><\/p>\n<p>Im\u00e1genes | Medisana<\/p>\n<p>En Xataka Smart Home | <a class=\"text-outboundlink\" href=\"https:\/\/www.xatakahome.com\/seleccion\/estufas-pellets-para-calentar-nuestro-hogar-invierno-cual-comprar-consejos-recomendaciones-1\" data-vars-post-title=\"Estufas de pellets para calentar nuestro hogar en invierno: \u00bfCu\u00e1l comprar? Consejos y recomendaciones\" data-vars-post-url=\"https:\/\/www.xatakahome.com\/seleccion\/estufas-pellets-para-calentar-nuestro-hogar-invierno-cual-comprar-consejos-recomendaciones-1\" data-id=\"noopener noreferrer\">Estufas de pellets para calentar nuestro hogar en invierno: \u00bfCu\u00e1l comprar? Consejos y recomendaciones<\/a><\/p>\n<p>En Xataka Smart Home | <a class=\"text-outboundlink\" href=\"https:\/\/www.xatakahome.com\/seleccion\/mejores-calefactores-consumo-cual-comprar-consejos-recomendaciones\" data-vars-post-title=\"Los mejores calefactores de bajo consumo: \u00bfCu\u00e1l comprar? Consejos y recomendaciones\" data-vars-post-url=\"https:\/\/www.xatakahome.com\/seleccion\/mejores-calefactores-consumo-cual-comprar-consejos-recomendaciones\" data-id=\"noopener noreferrer\">Los mejores calefactores de bajo consumo: \u00bfCu\u00e1l comprar? Consejos y recomendaciones<\/a><\/p>\n<p><script>\n (function() {\n  window._JS_MODULES = window._JS_MODULES || {};\n  var headElement = document.getElementsByTagName('head')[0];\n  if (_JS_MODULES.instagram) {\n   var instagramScript = document.createElement('script');\n   instagramScript.src = 'https:\/\/platform.instagram.com\/en_US\/embeds.js';\n   instagramScript.async = true;\n   instagramScript.defer = true;\n   headElement.appendChild(instagramScript);\n  }\n })();\n<\/script><\/p>\n<p> &#8211; <br \/> La noticia<br \/>\n      <a href=\"https:\/\/www.xatakahome.com\/seleccion\/mis-padres-no-pasan-frio-cama-gracias-a-este-regalo-que-les-hice?utm_source=feedburner&amp;utm_medium=feed&amp;utm_campaign=04_Jan_2025\"><br \/>\n       <em> Mis padres ya no pasan fr\u00edo en la cama gracias a este regalo que les hice <\/em><br \/>\n      <\/a><br \/>\n      fue publicada originalmente en<br \/>\n      <a href=\"https:\/\/www.xatakahome.com\/?utm_source=feedburner&amp;utm_medium=feed&amp;utm_campaign=04_Jan_2025\"><br \/>\n       <strong> Xataka Smart Home <\/strong><br \/>\n      <\/a><br \/>\n             por <a href=\"https:\/\/www.xatakahome.com\/autor\/fran-leon?utm_source=feedburner&amp;utm_medium=feed&amp;utm_campaign=04_Jan_2025\"><br \/>\n        Fran Le\u00f3n<br \/>\n       <\/a><br \/>\n      . <\/p>\n<\/div>\n","protected":false},"excerpt":{"rendered":"<p>Cuando volv\u00ed a vivir a mi pueblo, descubr\u00ed lo que realmente significa que las casas parezcan igl\u00fas en invierno. Mis padres siempre me dec\u00edan que meterse en la cama era una experiencia insoportable por el fr\u00edo, pero hasta que no lo viv\u00ed en carne propia, no les di la raz\u00f3n. Decidido a que no pasaran &hellip; <a href=\"https:\/\/domosistemas.com\/?p=26973\" class=\"more-link\">Sigue leyendo <span class=\"screen-reader-text\">Mis padres ya no pasan fr\u00edo en la cama gracias a este regalo que les hice<\/span><\/a><\/p>\n","protected":false},"author":1,"featured_media":0,"comment_status":"closed","ping_status":"closed","sticky":false,"template":"","format":"standard","meta":{"footnotes":""},"categories":[8],"tags":[],"class_list":["post-26973","post","type-post","status-publish","format-standard","hentry","category-xataka"],"_links":{"self":[{"href":"https:\/\/domosistemas.com\/index.php?rest_route=\/wp\/v2\/posts\/26973","targetHints":{"allow":["GET"]}}],"collection":[{"href":"https:\/\/domosistemas.com\/index.php?rest_route=\/wp\/v2\/posts"}],"about":[{"href":"https:\/\/domosistemas.com\/index.php?rest_route=\/wp\/v2\/types\/post"}],"author":[{"embeddable":true,"href":"https:\/\/domosistemas.com\/index.php?rest_route=\/wp\/v2\/users\/1"}],"replies":[{"embeddable":true,"href":"https:\/\/domosistemas.com\/index.php?rest_route=%2Fwp%2Fv2%2Fcomments&post=26973"}],"version-history":[{"count":0,"href":"https:\/\/domosistemas.com\/index.php?rest_route=\/wp\/v2\/posts\/26973\/revisions"}],"wp:attachment":[{"href":"https:\/\/domosistemas.com\/index.php?rest_route=%2Fwp%2Fv2%2Fmedia&parent=26973"}],"wp:term":[{"taxonomy":"category","embeddable":true,"href":"https:\/\/domosistemas.com\/index.php?rest_route=%2Fwp%2Fv2%2Fcategories&post=26973"},{"taxonomy":"post_tag","embeddable":true,"href":"https:\/\/domosistemas.com\/index.php?rest_route=%2Fwp%2Fv2%2Ftags&post=26973"}],"curies":[{"name":"wp","href":"https:\/\/api.w.org\/{rel}","templated":true}]}}