{"id":26981,"date":"2025-01-05T14:01:39","date_gmt":"2025-01-05T14:01:39","guid":{"rendered":"https:\/\/domosistemas.com\/?p=26981"},"modified":"2025-01-05T14:01:39","modified_gmt":"2025-01-05T14:01:39","slug":"adios-secadora-leroy-merlin-tiene-el-invento-perfecto-para-secar-la-ropa-en-casa-en-invierno-y-cuesta-menos-de-75-euros","status":"publish","type":"post","link":"https:\/\/domosistemas.com\/?p=26981","title":{"rendered":"Adi\u00f3s secadora: Leroy Merlin tiene el invento perfecto para secar la ropa en casa en invierno y cuesta menos de 75 euros"},"content":{"rendered":"<div>\n<p>\n      <img decoding=\"async\" src=\"https:\/\/i.blogs.es\/cf309b\/ofertas_cpa_v3-copia-20-\/1024_2000.jpeg\" alt=\"Adi\u00f3s secadora: Leroy Merlin tiene el invento perfecto para secar la ropa en casa en invierno y cuesta menos de 75 euros \">\n    <\/p>\n<p>Secar la ropa en invierno puede ser un aut\u00e9ntico desaf\u00edo en muchas zonas. Si no quieres usar la secadora y <a class=\"text-outboundlink\" href=\"https:\/\/www.xatakahome.com\/iluminacion-y-energia\/esto-que-hacemos-casa-para-ahorrar-factura-luz-calefaccion\" data-vars-post-title=\"Esto es lo que hacemos en casa para ahorrar en la factura de la luz y calefacci\u00f3n\" data-vars-post-url=\"https:\/\/www.xatakahome.com\/iluminacion-y-energia\/esto-que-hacemos-casa-para-ahorrar-factura-luz-calefaccion\">ahorrar en la factura de la luz<\/a>, Leroy Merlin tiene una soluci\u00f3n econ\u00f3mica. Se trata del <strong>secador de ropa rectangular Jocel<\/strong>, que tiene un precio de <a rel=\"nofollow, sponsored, noopener, noreferrer\" target=\"_blank\" class=\"js-ecommerce\" id=\"link-ecommerce-1\" href=\"https:\/\/www.xatakahome.com\/redirect?url=https%3A%2F%2Fwww.leroymerlin.es%2Fproductos%2Fcalefaccion-y-climatizacion%2Fcalefactores-y-radiadores-moviles%2Fsecadores-de-ropa-calienta-camas-y-otras-soluciones-de-calor%2Fsecador-de-ropa-rectangular-jocel-82073771.html&amp;category=seleccion&amp;ecomPostExpiration=perish&amp;postId=115856\" data-vars-affiliate-url=\"https:\/\/www.leroymerlin.es\/productos\/calefaccion-y-climatizacion\/calefactores-y-radiadores-moviles\/secadores-de-ropa-calienta-camas-y-otras-soluciones-de-calor\/secador-de-ropa-rectangular-jocel-82073771.html\">74,99 euros<\/a>.<\/p>\n<p><!-- BREAK 1 --><!-- PIVOT START --><\/p>\n<div class=\"pivot-ecommerce-container m-pivot-ecommerce-redesign article-asset-normal article-asset-center\">\n<div class=\"pivot-ecommerce\">\n<div class=\"pivot-ecommerce-figure\">\n  <a rel=\"nofollow, sponsored, noopener, noreferrer\" target=\"_blank\" href=\"https:\/\/www.xatakahome.com\/redirect?url=https%3A%2F%2Fwww.leroymerlin.es%2Fproductos%2Fcalefaccion-y-climatizacion%2Fcalefactores-y-radiadores-moviles%2Fsecadores-de-ropa-calienta-camas-y-otras-soluciones-de-calor%2Fsecador-de-ropa-rectangular-jocel-82073771.html&amp;category=seleccion&amp;pivot=1&amp;ecomPostExpiration=perish&amp;postId=115856\"><br \/>\n   <img loading=\"lazy\" decoding=\"async\" alt=\"Jocel Secador de Ropa JSR002228\" width=\"500\" height=\"500\" src=\"https:\/\/i.blogs.es\/91f303\/3156epxebas._sl500_\/original.webp\" onerror='this.src=\"https:\/\/i.blogs.es\/91f303\/3156epxebas._sl500_\/original.jpeg\"'><br \/>\n  <\/a>\n  <\/div>\n<div class=\"pivot-ecommerce-summary\">\n<p class=\"pivot-ecommerce-desc\">Jocel Secador de Ropa JSR002228<\/p>\n<div class=\"pivot-actions \">\n<div class=\"pivot-actions-row\">\n <a rel=\"nofollow, sponsored, noopener, noreferrer\" target=\"_blank\" data-asin=\"82073771\" data-store=\"Leroy Merlin\" href=\"https:\/\/www.xatakahome.com\/redirect?url=https%3A%2F%2Fwww.leroymerlin.es%2Fproductos%2Fcalefaccion-y-climatizacion%2Fcalefactores-y-radiadores-moviles%2Fsecadores-de-ropa-calienta-camas-y-otras-soluciones-de-calor%2Fsecador-de-ropa-rectangular-jocel-82073771.html&amp;category=seleccion&amp;pivot=1&amp;ecomPostExpiration=perish&amp;postId=115856\" title=\"Precio actualizado hoy\" class=\"pivot-action-btn metrics-pivot-btn pivot-action-primary\">Hoy en Leroy Merlin \u2014 <strong><span class=\"js-deal-price\">74,99<\/span> \u20ac<\/strong><\/a>\n <\/div>\n<\/p><\/div>\n<\/p><\/div>\n<\/p><\/div>\n<div class=\"pivot-link-msg\">* Alg\u00fan precio puede haber cambiado desde la \u00faltima revisi\u00f3n<\/div>\n<\/p><\/div>\n<p><!-- PIVOT END --><\/p>\n<h2>Comprar secador de ropa Jocel al mejor precio<\/h2>\n<div class=\"article-asset-image article-asset-normal article-asset-center\">\n<div class=\"asset-content\">\n                    <a rel=\"nofollow, sponsored, noopener, noreferrer\" target=\"_blank\" class=\"js-ecommerce\" id=\"link-ecommerce-2\" href=\"https:\/\/www.xatakahome.com\/redirect?url=https%3A%2F%2Fwww.leroymerlin.es%2Fproductos%2Fcalefaccion-y-climatizacion%2Fcalefactores-y-radiadores-moviles%2Fsecadores-de-ropa-calienta-camas-y-otras-soluciones-de-calor%2Fsecador-de-ropa-rectangular-jocel-82073771.html&amp;category=seleccion&amp;ecomPostExpiration=perish&amp;postId=115856\" data-vars-affiliate-url=\"https:\/\/www.leroymerlin.es\/productos\/calefaccion-y-climatizacion\/calefactores-y-radiadores-moviles\/secadores-de-ropa-calienta-camas-y-otras-soluciones-de-calor\/secador-de-ropa-rectangular-jocel-82073771.html\"><\/p>\n<p>    <img decoding=\"async\" alt=\"secador de ropa Jocel\" class=\"centro_sinmarco\" src=\"https:\/\/i.blogs.es\/c12847\/proyecto-nuevo-39-\/450_1000.webp\"><br \/>\n     <\/a><\/p><\/div>\n<\/div>\n<p>Con un precio de <a rel=\"nofollow, sponsored, noopener, noreferrer\" target=\"_blank\" class=\"js-ecommerce\" id=\"link-ecommerce-3\" href=\"https:\/\/www.xatakahome.com\/redirect?url=https%3A%2F%2Fwww.leroymerlin.es%2Fproductos%2Fcalefaccion-y-climatizacion%2Fcalefactores-y-radiadores-moviles%2Fsecadores-de-ropa-calienta-camas-y-otras-soluciones-de-calor%2Fsecador-de-ropa-rectangular-jocel-82073771.html&amp;category=seleccion&amp;ecomPostExpiration=perish&amp;postId=115856\" data-vars-affiliate-url=\"https:\/\/www.leroymerlin.es\/productos\/calefaccion-y-climatizacion\/calefactores-y-radiadores-moviles\/secadores-de-ropa-calienta-camas-y-otras-soluciones-de-calor\/secador-de-ropa-rectangular-jocel-82073771.html\" data-id=\"noopener noreferrer\">74,99 euros<\/a>, este secador de ropa Jocel es una muy buena alternativa para no tener que recurrir a la secadora para tener seca la colada. El secador de ropa rectangular Jocel es perfecto, ya que se adapta, a la perfecci\u00f3n, a cualquier espacio de tu hogar.<\/p>\n<p><!-- BREAK 2 --><\/p>\n<p>Se trata de una especie de tendedero el\u00e9ctrico con forma compacta y rectangular y que suele agotarse en la web de Leroy Merlin debido a su <strong>gran funcionalidad y el precio asequible<\/strong> que presenta.<\/p>\n<p><!-- BREAK 3 --><\/p>\n<div class=\"article-asset article-asset-normal article-asset-center\">\n<div class=\"desvio-container\">\n<div class=\"desvio\">\n<div class=\"desvio-figure js-desvio-figure\">\n    <a href=\"https:\/\/www.compradiccion.com\/moda-mujer\/cortefiel-esta-rebajas-estos-mejores-abrigos-60-descuento-para-llevar-este-invierno\" class=\"pivot-outboundlink\" target=\"_blank\" data-vars-post-title=\"Cortefiel ya est\u00e1 de rebajas y estos son los mejores abrigos con hasta un 60% de descuento para llevar este invierno  \"><br \/>\n     <img loading=\"lazy\" decoding=\"async\" alt=\"Cortefiel ya est\u00e1 de rebajas y estos son los mejores abrigos con hasta un 60% de descuento para llevar este invierno  \" width=\"375\" height=\"142\" src=\"https:\/\/i.blogs.es\/e01113\/cortefiel_s05_157-1-\/375_142.webp\" onerror='this.src=\"https:\/\/i.blogs.es\/e01113\/cortefiel_s05_157-1-\/375_142.jpeg\"'><br \/>\n    <\/a>\n   <\/div>\n<div class=\"desvio-summary\">\n<div class=\"desvio-taxonomy js-desvio-taxonomy\">\n     <a href=\"https:\/\/www.compradiccion.com\/moda-mujer\/cortefiel-esta-rebajas-estos-mejores-abrigos-60-descuento-para-llevar-este-invierno\" class=\"desvio-taxonomy-anchor pivot-outboundlink m-crosspost\" target=\"_blank\" data-vars-post-title=\"Cortefiel ya est\u00e1 de rebajas y estos son los mejores abrigos con hasta un 60% de descuento para llevar este invierno  \">En Compradicci\u00f3n<\/a>\n    <\/div>\n<p>    <a href=\"https:\/\/www.compradiccion.com\/moda-mujer\/cortefiel-esta-rebajas-estos-mejores-abrigos-60-descuento-para-llevar-este-invierno\" class=\"desvio-title js-desvio-title pivot-outboundlink\" target=\"_blank\" data-vars-post-title=\"Cortefiel ya est\u00e1 de rebajas y estos son los mejores abrigos con hasta un 60% de descuento para llevar este invierno  \">Cortefiel ya est\u00e1 de rebajas y estos son los mejores abrigos con hasta un 60% de descuento para llevar este invierno  <\/a>\n   <\/div>\n<\/p><\/div>\n<\/p><\/div>\n<\/div>\n<div class=\"article-asset-video article-asset-normal\">\n<div class=\"asset-content\">\n<div class=\"base-asset-video\">\n<div class=\"js-dailymotion\">\n    <script type=\"application\/json\">\n                          {\"videoId\":\"x80um4t\",\"autoplay\":true,\"title\":\"Las neveras y lavadoras M\u00c1S LOCAS y CARAS del IFA 2019\", \"tag\":\"lavadora\"}\n                  <\/script>\n   <\/div>\n<\/p><\/div>\n<\/p><\/div>\n<\/div>\n<p>Seca las prendas de vestir y la ropa de cama gracias a su <strong>potencia de 1.000 W<\/strong>. En cuanto a sus dimensiones, son 70 cm de ancho, 50 cm de largo y 160 cm de alto y soporta un peso m\u00e1ximo de 15 kg. Aunque puedes recogerlo en tienda, si decides recibirlo en casa, el env\u00edo cuesta 3,90 euros y te llegar\u00e1 entre 3 a 5 d\u00edas laborables.<\/p>\n<p><!-- BREAK 4 --><\/p>\n<h2>Otros dispositivos ideales para secar la ropa en casa f\u00e1cilmente<\/h2>\n<p><!-- PIVOT START --><\/p>\n<div class=\"pivot-ecommerce-container m-pivot-ecommerce-redesign article-asset-normal article-asset-center\">\n<div class=\"pivot-ecommerce\">\n<div class=\"pivot-ecommerce-figure\">\n  <a rel=\"nofollow, sponsored, noopener, noreferrer\" target=\"_blank\" href=\"https:\/\/www.xatakahome.com\/redirect?url=https%3A%2F%2Fwww.amazon.es%2Fdp%2FB07FM2GG9Z%3Ftag%3Dxatakahome-21%26linkCode%3Dogi%26th%3D1%26psc%3D1&amp;category=seleccion&amp;pivot=1&amp;ecomPostExpiration=perish&amp;postId=115856\"><br \/>\n   <img loading=\"lazy\" decoding=\"async\" alt=\"FISHTEC - Tendedero el\u00e9ctrico Plegable de Aluminio \" width=\"500\" height=\"500\" src=\"https:\/\/i.blogs.es\/560cc9\/41ofxrkizzl._sl500_\/original.webp\" onerror='this.src=\"https:\/\/i.blogs.es\/560cc9\/41ofxrkizzl._sl500_\/original.jpeg\"'><br \/>\n  <\/a>\n  <\/div>\n<div class=\"pivot-ecommerce-summary\">\n<p class=\"pivot-ecommerce-desc\">FISHTEC &#8211; Tendedero el\u00e9ctrico Plegable de Aluminio <\/p>\n<div class=\"pivot-actions \">\n<div class=\"pivot-actions-row\">\n <a rel=\"nofollow, sponsored, noopener, noreferrer\" target=\"_blank\" data-asin=\"B07FM2GG9Z\" data-store=\"Amazon\" href=\"https:\/\/www.xatakahome.com\/redirect?url=https%3A%2F%2Fwww.amazon.es%2Fdp%2FB07FM2GG9Z%3Ftag%3Dxatakahome-21%26linkCode%3Dogi%26th%3D1%26psc%3D1&amp;category=seleccion&amp;pivot=1&amp;ecomPostExpiration=perish&amp;postId=115856\" title=\"Precio actualizado hoy\" class=\"pivot-action-btn metrics-pivot-btn pivot-action-primary\">Hoy en Amazon \u2014 <strong><span class=\"js-deal-price\">89,99<\/span> \u20ac<\/strong><\/a><br \/>\n   <a rel=\"nofollow, sponsored, noopener, noreferrer\" target=\"_blank\" data-asin=\"84612105\" data-store=\"Leroy Merlin\" href=\"https:\/\/www.xatakahome.com\/redirect?url=https%3A%2F%2Fwww.leroymerlin.es%2Fproductos%2Fsecatoallas-electrico-plegable-de-aluminio-secatoallas-termico-de-bano-de-18-barras-230w-de-potencia-y-145cm-de-tamano-84612105.html%3FhighlightedOfferCode%3D1e8d4d53713c22ec914c5dfaa8508014400f62e2&amp;category=seleccion&amp;pivot=1&amp;ecomPostExpiration=perish&amp;postId=115856\" title=\"Precio actualizado hoy\" class=\"pivot-action-btn metrics-pivot-btn pivot-action-secondary\">Leroy Merlin \u2014 <strong><span class=\"js-deal-price\">125,99<\/span> \u20ac<\/strong><\/a>\n <\/div>\n<\/p><\/div>\n<\/p><\/div>\n<\/p><\/div>\n<div class=\"pivot-link-msg\">* Alg\u00fan precio puede haber cambiado desde la \u00faltima revisi\u00f3n<\/div>\n<\/p><\/div>\n<p><!-- PIVOT END --><br \/>\n<!-- PIVOT START --><\/p>\n<div class=\"pivot-ecommerce-container m-pivot-ecommerce-redesign article-asset-normal article-asset-center\">\n<div class=\"pivot-ecommerce\">\n<div class=\"pivot-ecommerce-figure\">\n  <a rel=\"nofollow, sponsored, noopener, noreferrer\" target=\"_blank\" href=\"https:\/\/www.xatakahome.com\/redirect?url=https%3A%2F%2Fwww.amazon.es%2Fdp%2FB0BW4KVZ5F%3Ftag%3Dxatakahome-21%26linkCode%3Dogi%26th%3D1%26psc%3D1&amp;category=seleccion&amp;pivot=1&amp;ecomPostExpiration=perish&amp;postId=115856\"><br \/>\n   <img loading=\"lazy\" decoding=\"async\" alt=\"Silvergear\u00ae Secador de Ropa El\u00e9ctrico Calentado\" width=\"500\" height=\"500\" src=\"https:\/\/i.blogs.es\/39aad0\/41qxglvx3nl._sl500_\/original.webp\" onerror='this.src=\"https:\/\/i.blogs.es\/39aad0\/41qxglvx3nl._sl500_\/original.jpeg\"'><br \/>\n  <\/a>\n  <\/div>\n<div class=\"pivot-ecommerce-summary\">\n<p class=\"pivot-ecommerce-desc\">Silvergear\u00ae Secador de Ropa El\u00e9ctrico Calentado<\/p>\n<div class=\"pivot-actions \">\n<div class=\"pivot-actions-row\">\n <a rel=\"nofollow, sponsored, noopener, noreferrer\" target=\"_blank\" data-asin=\"B0BW4KVZ5F\" data-store=\"Amazon\" href=\"https:\/\/www.xatakahome.com\/redirect?url=https%3A%2F%2Fwww.amazon.es%2Fdp%2FB0BW4KVZ5F%3Ftag%3Dxatakahome-21%26linkCode%3Dogi%26th%3D1%26psc%3D1&amp;category=seleccion&amp;pivot=1&amp;ecomPostExpiration=perish&amp;postId=115856\" title=\"Precio actualizado hoy\" class=\"pivot-action-btn metrics-pivot-btn pivot-action-primary\">Hoy en Amazon \u2014 <strong><span class=\"js-deal-price\">74,99<\/span> \u20ac<\/strong><\/a>\n <\/div>\n<\/p><\/div>\n<\/p><\/div>\n<\/p><\/div>\n<div class=\"pivot-link-msg\">* Alg\u00fan precio puede haber cambiado desde la \u00faltima revisi\u00f3n<\/div>\n<\/p><\/div>\n<p><!-- PIVOT END --><\/p>\n<p><em>Nota: algunos de los enlaces aqu\u00ed publicados son de afiliados y pueden reportar un beneficio.<\/em><\/p>\n<p>Im\u00e1genes | Jocel<\/p>\n<p>En Xataka Smart Home | <a class=\"text-outboundlink\" href=\"https:\/\/www.xatakahome.com\/seleccion\/cinco-tendederos-electricos-plegables-que-seguir-tecnica-japonesa-secar-ropa-casa\" data-vars-post-title=\"Cinco tendederos el\u00e9ctricos plegables con los que seguir la t\u00e9cnica japonesa de secar la ropa en casa \" data-vars-post-url=\"https:\/\/www.xatakahome.com\/seleccion\/cinco-tendederos-electricos-plegables-que-seguir-tecnica-japonesa-secar-ropa-casa\" data-id=\"noopener noreferrer\">Cinco tendederos el\u00e9ctricos plegables con los que seguir la t\u00e9cnica japonesa de secar la ropa en casa<\/a><\/p>\n<p>En Xataka Smart Home | <a class=\"text-outboundlink\" href=\"https:\/\/www.xatakahome.com\/seleccion\/miedo-a-lluvia-este-invierno-estos-cinco-tendederos-electricos-clave-para-secar-tu-ropa\" data-vars-post-title=\"Sin miedo a la lluvia este invierno: estos cinco tendederos el\u00e9ctricos son la clave para secar tu ropa  \" data-vars-post-url=\"https:\/\/www.xatakahome.com\/seleccion\/miedo-a-lluvia-este-invierno-estos-cinco-tendederos-electricos-clave-para-secar-tu-ropa\" data-id=\"noopener noreferrer\">Sin miedo a la lluvia este invierno: estos cinco tendederos el\u00e9ctricos son la clave para secar tu ropa<\/a><\/p>\n<p><script>\n (function() {\n  window._JS_MODULES = window._JS_MODULES || {};\n  var headElement = document.getElementsByTagName('head')[0];\n  if (_JS_MODULES.instagram) {\n   var instagramScript = document.createElement('script');\n   instagramScript.src = 'https:\/\/platform.instagram.com\/en_US\/embeds.js';\n   instagramScript.async = true;\n   instagramScript.defer = true;\n   headElement.appendChild(instagramScript);\n  }\n })();\n<\/script><\/p>\n<p> &#8211; <br \/> La noticia<br \/>\n      <a href=\"https:\/\/www.xatakahome.com\/seleccion\/adios-secadora-leroy-merlin-tiene-invento-perfecto-para-secar-ropa-casa-invierno-cuesta-75-euros?utm_source=feedburner&amp;utm_medium=feed&amp;utm_campaign=05_Jan_2025\"><br \/>\n       <em> Adi\u00f3s secadora: Leroy Merlin tiene el invento perfecto para secar la ropa en casa en invierno y cuesta menos de 75 euros  <\/em><br \/>\n      <\/a><br \/>\n      fue publicada originalmente en<br \/>\n      <a href=\"https:\/\/www.xatakahome.com\/?utm_source=feedburner&amp;utm_medium=feed&amp;utm_campaign=05_Jan_2025\"><br \/>\n       <strong> Xataka Smart Home <\/strong><br \/>\n      <\/a><br \/>\n             por <a href=\"https:\/\/www.xatakahome.com\/autor\/fran-leon?utm_source=feedburner&amp;utm_medium=feed&amp;utm_campaign=05_Jan_2025\"><br \/>\n        Fran Le\u00f3n<br \/>\n       <\/a><br \/>\n      . <\/p>\n<\/div>\n","protected":false},"excerpt":{"rendered":"<p>Secar la ropa en invierno puede ser un aut\u00e9ntico desaf\u00edo en muchas zonas. Si no quieres usar la secadora y ahorrar en la factura de la luz, Leroy Merlin tiene una soluci\u00f3n econ\u00f3mica. Se trata del secador de ropa rectangular Jocel, que tiene un precio de 74,99 euros. Jocel Secador de Ropa JSR002228 Hoy en &hellip; <a href=\"https:\/\/domosistemas.com\/?p=26981\" class=\"more-link\">Sigue leyendo <span class=\"screen-reader-text\">Adi\u00f3s secadora: Leroy Merlin tiene el invento perfecto para secar la ropa en casa en invierno y cuesta menos de 75 euros<\/span><\/a><\/p>\n","protected":false},"author":1,"featured_media":0,"comment_status":"closed","ping_status":"closed","sticky":false,"template":"","format":"standard","meta":{"footnotes":""},"categories":[8],"tags":[],"class_list":["post-26981","post","type-post","status-publish","format-standard","hentry","category-xataka"],"_links":{"self":[{"href":"https:\/\/domosistemas.com\/index.php?rest_route=\/wp\/v2\/posts\/26981","targetHints":{"allow":["GET"]}}],"collection":[{"href":"https:\/\/domosistemas.com\/index.php?rest_route=\/wp\/v2\/posts"}],"about":[{"href":"https:\/\/domosistemas.com\/index.php?rest_route=\/wp\/v2\/types\/post"}],"author":[{"embeddable":true,"href":"https:\/\/domosistemas.com\/index.php?rest_route=\/wp\/v2\/users\/1"}],"replies":[{"embeddable":true,"href":"https:\/\/domosistemas.com\/index.php?rest_route=%2Fwp%2Fv2%2Fcomments&post=26981"}],"version-history":[{"count":0,"href":"https:\/\/domosistemas.com\/index.php?rest_route=\/wp\/v2\/posts\/26981\/revisions"}],"wp:attachment":[{"href":"https:\/\/domosistemas.com\/index.php?rest_route=%2Fwp%2Fv2%2Fmedia&parent=26981"}],"wp:term":[{"taxonomy":"category","embeddable":true,"href":"https:\/\/domosistemas.com\/index.php?rest_route=%2Fwp%2Fv2%2Fcategories&post=26981"},{"taxonomy":"post_tag","embeddable":true,"href":"https:\/\/domosistemas.com\/index.php?rest_route=%2Fwp%2Fv2%2Ftags&post=26981"}],"curies":[{"name":"wp","href":"https:\/\/api.w.org\/{rel}","templated":true}]}}