{"id":26984,"date":"2025-01-06T07:09:39","date_gmt":"2025-01-06T07:09:39","guid":{"rendered":"https:\/\/domosistemas.com\/?p=26984"},"modified":"2025-01-06T07:09:39","modified_gmt":"2025-01-06T07:09:39","slug":"apagar-la-calefaccion-o-dejarla-al-minimo-cuando-salimos-de-casa-esto-es-lo-mejor-si-quieres-gastar-menos","status":"publish","type":"post","link":"https:\/\/domosistemas.com\/?p=26984","title":{"rendered":"Apagar la calefacci\u00f3n o dejarla al m\u00ednimo cuando salimos de casa: esto es lo mejor si quieres gastar menos"},"content":{"rendered":"<div>\n<p>\n      <img decoding=\"async\" src=\"https:\/\/i.blogs.es\/0f8d01\/pexels-dilrubasaricimen-7451228\/1024_2000.jpeg\" alt=\"Apagar la calefacci\u00f3n o dejarla al m\u00ednimo cuando salimos de casa: esto es lo mejor si quieres gastar menos \">\n    <\/p>\n<p>Con la llegada del <strong>fr\u00edo intenso <\/strong>la mayor\u00eda de hogares enciende sus <a class=\"text-outboundlink\" href=\"https:\/\/www.xatakahome.com\/a-fondo\/mejores-peores-tipos-calefaccion-quieres-gastar-poco-estas-opciones-eficientes-baratas-usar\" data-vars-post-title=\"Los mejores tipos de calefacci\u00f3n si quieres gastar poco: estas son las opciones m\u00e1s eficientes y baratas de usar\" data-vars-post-url=\"https:\/\/www.xatakahome.com\/a-fondo\/mejores-peores-tipos-calefaccion-quieres-gastar-poco-estas-opciones-eficientes-baratas-usar\">equipos de calefacci\u00f3n<\/a> y una de las dudas m\u00e1s habituales que suele surgir es qu\u00e9 conviene hacer con ellos cuando vamos a <strong>estar fuera de la vivienda un tiempo relativamente corto<\/strong>.<\/p>\n<p><!-- BREAK 1 --><\/p>\n<p>Est\u00e1 claro que si nos vamos a ir a trabajar o a estudiar fuera durante <strong>todo el d\u00eda,<\/strong> dejar puesta la calefacci\u00f3n sin nadie en casa es un desperdicio energ\u00e9tico, pero ya no lo est\u00e1 tanto si solo vamos a<strong> ausentarnos un rato<\/strong>, como mucho un par de horas por diferentes motivos.<\/p>\n<p><!-- BREAK 2 --><\/p>\n<p>Es por ejemplo algo algo habitual que sucede cuando tenemos que<strong> salir a la compra<\/strong> a una tienda cercana, vamos a dar una clase por la tarde, al gimnasio, a visitar un rato a un vecino o amigo, etc. \u00bfEs mejor <strong>apagar la calefacci\u00f3n por completo<\/strong> o <strong>dejarla conectada<\/strong> al m\u00ednimo?<\/p>\n<p><!-- BREAK 3 --><\/p>\n<div class=\"toc-container article-asset-normal\">\n<details>\n<summary class=\"toc-header \">\n   <span class=\"toc-heading\"><br \/>\n    <span>\u00cdndice de Contenidos (2)<\/span><br \/>\n   <\/span><br \/>\n   <span class=\"icon-folded\"><\/span><br \/>\n  <\/summary>\n<\/details>\n<div class=\"toc-list-wrap \">\n<div class=\"toc-list-item\">\n<ul class=\"toc-list\">\n<li class=\"toc-item\">\n       <a href=\"https:\/\/www.xatakahome.com\/hogar\/apagar-calefaccion-dejarla-al-minimo-cuando-salimos-casa-esto-mejor-quieres-gastar#apagar-completo-dejar-encendida-calefaccion-al-minimo-1\" class=\"toc-item-link\">Apagar por completo o dejar encendida la calefacci\u00f3n al m\u00ednimo<\/a>\n      <\/li>\n<li class=\"toc-item\">\n       <a href=\"https:\/\/www.xatakahome.com\/hogar\/apagar-calefaccion-dejarla-al-minimo-cuando-salimos-casa-esto-mejor-quieres-gastar#caso-particular-estufas-lena-pellets-2\" class=\"toc-item-link\">Un caso particular: estufas de le\u00f1a y pellets<\/a>\n      <\/li>\n<\/ul><\/div>\n<\/p><\/div>\n<\/div>\n<div class=\"article-asset article-asset-normal article-asset-center\">\n<div class=\"desvio-container\">\n<div class=\"desvio\">\n<div class=\"desvio-figure js-desvio-figure\">\n    <a href=\"https:\/\/www.xatakahome.com\/a-fondo\/tengo-calefaccion-puesta-a-temperatura-ideal-paso-frio-esta-clave-para-solucionarlo\" class=\"pivot-outboundlink\" data-vars-post-title='Tengo la calefacci\u00f3n puesta a la temperatura \"ideal\" y paso fr\u00edo: esta es la clave para solucionarlo  '><br \/>\n     <img loading=\"lazy\" decoding=\"async\" alt='Tengo la calefacci\u00f3n puesta a la temperatura \"ideal\" y paso fr\u00edo: esta es la clave para solucionarlo  ' width=\"375\" height=\"142\" src=\"https:\/\/i.blogs.es\/9029c9\/1366_2000jotpora\/375_142.webp\" onerror='this.src=\"https:\/\/i.blogs.es\/9029c9\/1366_2000jotpora\/375_142.jpeg\"'><br \/>\n    <\/a>\n   <\/div>\n<div class=\"desvio-summary\">\n<div class=\"desvio-taxonomy js-desvio-taxonomy\">\n     <a href=\"https:\/\/www.xatakahome.com\/a-fondo\/tengo-calefaccion-puesta-a-temperatura-ideal-paso-frio-esta-clave-para-solucionarlo\" class=\"desvio-taxonomy-anchor pivot-outboundlink\" data-vars-post-title='Tengo la calefacci\u00f3n puesta a la temperatura \"ideal\" y paso fr\u00edo: esta es la clave para solucionarlo  '>En Xataka Smart Home<\/a>\n    <\/div>\n<p>    <a href=\"https:\/\/www.xatakahome.com\/a-fondo\/tengo-calefaccion-puesta-a-temperatura-ideal-paso-frio-esta-clave-para-solucionarlo\" class=\"desvio-title js-desvio-title pivot-outboundlink\" data-vars-post-title='Tengo la calefacci\u00f3n puesta a la temperatura \"ideal\" y paso fr\u00edo: esta es la clave para solucionarlo  '>Tengo la calefacci\u00f3n puesta a la temperatura \u00abideal\u00bb y paso fr\u00edo: esta es la clave para solucionarlo  <\/a>\n   <\/div>\n<\/p><\/div>\n<\/p><\/div>\n<\/div>\n<h2 id=\"apagar-completo-dejar-encendida-calefaccion-al-minimo-1\" class=\"toc-enabled\"><span class=\"toc-shortcut-icon\" title=\"Ver \u00cdndice de contenido\"><\/span>Apagar por completo o dejar encendida la calefacci\u00f3n al m\u00ednimo<\/h2>\n<p><strong>Cada vivienda y cada grupo de convivencia ser\u00e1 un caso concreto<\/strong> que deber\u00edamos analizar teniendo en cuenta aspectos como en qu\u00e9 regi\u00f3n vivamos, la orientaci\u00f3n de las habitaciones, las dimensiones, el n\u00famero de ventanas, el tipo de aislamiento en las paredes, el sistema de calefacci\u00f3n que tengamos instalado y la <strong>inercia t\u00e9rmica de la casa<\/strong>.<\/p>\n<p><!-- BREAK 4 --><\/p>\n<p>Este \u00faltimo punto es fundamental y cada usuario sabr\u00e1 m\u00e1s o menos cu\u00e1l es la de su domicilio, ya que es b\u00e1sicamente el <strong>nivel de aislamiento t\u00e9rmico<\/strong> de la casa y c\u00f3mo var\u00eda <strong>la temperatura del interior<\/strong> al dejar de aportar calor en invierno o frio en verano.<\/p>\n<p><!-- BREAK 5 --><\/p>\n<p>En este sentido, expertos del <strong>Ministerio para la Transici\u00f3n Ecol\u00f3gica y el Reto Demogr\u00e1fico<\/strong> en su <a rel=\"noopener, noreferrer\" href=\"https:\/\/www.miteco.gob.es\/es\/ceneam\/carpeta-informativa-del-ceneam\/novedades\/ahorrar-calefaccion-medidas-efectivas-baratas.aspx\">p\u00e1gina web<\/a> y el <strong>IDAE<\/strong> (Instituto para la Diversificaci\u00f3n y el Ahorro Energ\u00e9tico) <a rel=\"noopener, noreferrer\" href=\"https:\/\/www.idae.es\/node\/301\">en este art\u00edculo<\/a> coinciden en que <strong>se gasta menos energ\u00eda apagando la calefacci\u00f3n al ausentamos<\/strong>, volviendo luego a conectarla de nuevo que dej\u00e1ndola todo el rato encendida.<\/p>\n<p><!-- BREAK 6 --><\/p>\n<div class=\"article-asset-image article-asset-normal article-asset-center\">\n<div class=\"asset-content\">\n<div class=\"caption-img \">\n                    <a rel=\"noopener, noreferrer\" href=\"https:\/\/unsplash.com\/es\/fotos\/un-radiador-blanco-en-una-habitacion-N6KVqGA44ZI\"><\/p>\n<p>    <img decoding=\"async\" alt=\"E24 N6kvqga44zi Unsplash\" class=\"centro_sinmarco\" src=\"https:\/\/i.blogs.es\/cc3000\/e24-n6kvqga44zi-unsplash\/450_1000.webp\"><br \/>\n     <\/a><\/p>\n<p>        <span>Imagen:e24<\/span>\n   <\/div>\n<\/p><\/div>\n<\/div>\n<p>La raz\u00f3n es que mantener dentro de casa una <strong>temperatura de confort \u00f3ptima de 20 o m\u00e1s grados cent\u00edgrados<\/strong> cuando el exterior est\u00e1 muy por debajo de esta cifra, en general <strong>exige un aporte continuo grande de energ\u00eda<\/strong> debido a las diferentes p\u00e9rdidas de calor de la vivienda producidas a trav\u00e9s de los muros, ventanas o techos. Pero esto es en el caso de que la inercia t\u00e9rmica de nuestra vivienda sea baja. Es decir, que el calor del interior se pierda r\u00e1pidamente. Seg\u00fan el IDAE expone <a rel=\"noopener, noreferrer\" href=\"https:\/\/www.idae.es\/node\/301\">en su web<\/a>:<\/p>\n<p><!-- BREAK 7 --><\/p>\n<blockquote><p>Conviene ajustar el encendido de la calefacci\u00f3n al <strong>horario real de ocupaci\u00f3n de las viviendas<\/strong> y apagarla por la noche, ya que cuando estas acostado y arropado no es necesaria la calefacci\u00f3n ya que con 15-17\u00baC es suficiente para dormir confortablemente.<\/p><\/blockquote>\n<blockquote><p>Como norma, <strong>apagar por la noche y encender unos minutos al levantarse<\/strong>, es mucho mas eficiente que dejarla encendida toda la noche.<\/p><\/blockquote>\n<p>Pero la situaci\u00f3n cambia si nuestra vivienda est\u00e1 bien aislada o si vamos a estar fuera poco rato. As\u00ed, si el tiempo que estamos fuera de casa es <strong>inferior al que tarda esta en enfriarse<\/strong> desde la temperatura de confort (entre 20-23 \u00baC) cuando dejamos de aportar calor hasta una temperatura que consideremos m\u00ednima soportable (por ejemplo 14-15 \u00baC), es mejor <strong>dejar la calefacci\u00f3n conectada<\/strong> aunque sea al m\u00ednimo o por lo menos <strong>bajando el termostato tres o cuatro grados<\/strong> para ahorrar.<\/p>\n<p><!-- BREAK 8 --><\/p>\n<p>As\u00ed nos evitaremos que al volver a casa y querer recuperar la temperatura de confort los equipos tengan que <strong>arrancar de cero<\/strong> y necesitar de nuevo un consumo energ\u00e9tico puntual o de pico m\u00e1s elevado, algo fundamental por ejemplo en los sistemas el\u00e9ctricos si estamos en las horas de mayor coste en nuestra tarifa el\u00e9ctrica que generalmente se sit\u00faa por la tarde.<\/p>\n<p><!-- BREAK 9 --><\/p>\n<div class=\"article-asset-video article-asset-normal\">\n<div class=\"asset-content\">\n<div class=\"base-asset-video\">\n<div class=\"js-dailymotion\">\n    <script type=\"application\/json\">\n                          {\"videoId\":\"x81h7p2\",\"autoplay\":true,\"title\":\"NUEVA FACTURA DE LA LUZ: TODO LO QUE DEBES SABER para AHORRAR AL M\u00c1XIMO\", \"tag\":\"\"}\n                  <\/script>\n   <\/div>\n<\/p><\/div>\n<\/p><\/div>\n<\/div>\n<h2 id=\"caso-particular-estufas-lena-pellets-2\" class=\"toc-enabled\"><span class=\"toc-shortcut-icon\" title=\"Ver \u00cdndice de contenido\"><\/span>Un caso particular: estufas de le\u00f1a y pellets<\/h2>\n<p>La recomendaci\u00f3n anterior sirve en general para sistemas de calefacci\u00f3n el\u00e9ctricos, de gas y gas\u00f3leo, pero hay un caso particular donde puede no est\u00e1 tan claro si es conveniente dejar todo apagado cada vez que salimos un rato: si tenemos <strong>estufas de le\u00f1a y pellets.<\/strong><\/p>\n<p><!-- BREAK 10 --><\/p>\n<p>Si en casa contamos con uno de esto sistemas de combusti\u00f3n<strong> <\/strong>no ser\u00e1 tan<strong> <\/strong>r\u00e1pido ni tan c\u00f3modo <strong>apagar por completo el fuego para luego volver a encenderlo<\/strong> nada m\u00e1s llegar a casa y recuperar la \u00abtemperatura crucero\u00bb, sobre todo en las estufas tradicionales donde al volver a casa habr\u00e1 que usar otra vez astillas, pastillas de encender, etc. que adem\u00e1s tienen un coste m\u00e1s elevado.<\/p>\n<p><!-- BREAK 11 --><\/p>\n<p>Si tenemos una <strong>estufa o chimenea de tipo kit <\/strong>con sus puertas y cristales de protecci\u00f3n que podemos cerrar completamente y vamos a <strong>salir un rato corto<\/strong>,<strong> <\/strong>lo recomendable es <strong>dejarla encendida con los tiros de la estufa casi cerrados <\/strong>para que la combusti\u00f3n sea m\u00e1s lenta y con combustible suficiente como para aguantar el tiempo que estaremos fuera de casa.<\/p>\n<p><!-- BREAK 12 --><\/p>\n<p>Si por el contrario tenemos es una<strong> estufa o chimenea de tipo abierto sin puertas ni cristales de seguridad, no conviene dejar el fuego encendido <\/strong>bajo ning\u00fan concepto<strong> <\/strong>si no vamos a poder estar para controlarlo.<\/p>\n<p><!-- BREAK 13 --><\/p>\n<p>Imagen portada | <a rel=\"noopener, noreferrer\" href=\"https:\/\/www.pexels.com\/es-es\/foto\/cafeina-cafe-taza-copa-7451228\/\">Dilruba Sar\u0131\u00e7imen<\/a><\/p>\n<p>En Xataka Smart Home | <a class=\"text-outboundlink\" href=\"https:\/\/www.xatakahome.com\/a-fondo\/tengo-puesta-calefaccion-a-temperatura-recomendada-expertos-asi-paso-frio-este-pequeno-detalle-clave\" data-vars-post-title='Tengo la calefacci\u00f3n puesta a la temperatura \"ideal\" y paso fr\u00edo: esta es la clave para solucionarlo' data-vars-post-url=\"https:\/\/www.xatakahome.com\/a-fondo\/tengo-puesta-calefaccion-a-temperatura-recomendada-expertos-asi-paso-frio-este-pequeno-detalle-clave\">Tengo la calefacci\u00f3n puesta a la temperatura \u00abideal\u00bb y paso fr\u00edo: esta es la clave para solucionarlo<\/a><\/p>\n<p><script>\n (function() {\n  window._JS_MODULES = window._JS_MODULES || {};\n  var headElement = document.getElementsByTagName('head')[0];\n  if (_JS_MODULES.instagram) {\n   var instagramScript = document.createElement('script');\n   instagramScript.src = 'https:\/\/platform.instagram.com\/en_US\/embeds.js';\n   instagramScript.async = true;\n   instagramScript.defer = true;\n   headElement.appendChild(instagramScript);\n  }\n })();\n<\/script><\/p>\n<p> &#8211; <br \/> La noticia<br \/>\n      <a href=\"https:\/\/www.xatakahome.com\/hogar\/apagar-calefaccion-dejarla-al-minimo-cuando-salimos-casa-esto-mejor-quieres-gastar?utm_source=feedburner&amp;utm_medium=feed&amp;utm_campaign=06_Jan_2025\"><br \/>\n       <em> Apagar la calefacci\u00f3n o dejarla al m\u00ednimo cuando salimos de casa: esto es lo mejor si quieres gastar menos  <\/em><br \/>\n      <\/a><br \/>\n      fue publicada originalmente en<br \/>\n      <a href=\"https:\/\/www.xatakahome.com\/?utm_source=feedburner&amp;utm_medium=feed&amp;utm_campaign=06_Jan_2025\"><br \/>\n       <strong> Xataka Smart Home <\/strong><br \/>\n      <\/a><br \/>\n             por <a href=\"https:\/\/www.xatakahome.com\/autor\/paco-rodriguez?utm_source=feedburner&amp;utm_medium=feed&amp;utm_campaign=06_Jan_2025\"><br \/>\n        Paco Rodriguez<br \/>\n       <\/a><br \/>\n      . <\/p>\n<\/div>\n","protected":false},"excerpt":{"rendered":"<p>Con la llegada del fr\u00edo intenso la mayor\u00eda de hogares enciende sus equipos de calefacci\u00f3n y una de las dudas m\u00e1s habituales que suele surgir es qu\u00e9 conviene hacer con ellos cuando vamos a estar fuera de la vivienda un tiempo relativamente corto. Est\u00e1 claro que si nos vamos a ir a trabajar o a &hellip; <a href=\"https:\/\/domosistemas.com\/?p=26984\" class=\"more-link\">Sigue leyendo <span class=\"screen-reader-text\">Apagar la calefacci\u00f3n o dejarla al m\u00ednimo cuando salimos de casa: esto es lo mejor si quieres gastar menos<\/span><\/a><\/p>\n","protected":false},"author":1,"featured_media":0,"comment_status":"closed","ping_status":"closed","sticky":false,"template":"","format":"standard","meta":{"footnotes":""},"categories":[8],"tags":[],"class_list":["post-26984","post","type-post","status-publish","format-standard","hentry","category-xataka"],"_links":{"self":[{"href":"https:\/\/domosistemas.com\/index.php?rest_route=\/wp\/v2\/posts\/26984","targetHints":{"allow":["GET"]}}],"collection":[{"href":"https:\/\/domosistemas.com\/index.php?rest_route=\/wp\/v2\/posts"}],"about":[{"href":"https:\/\/domosistemas.com\/index.php?rest_route=\/wp\/v2\/types\/post"}],"author":[{"embeddable":true,"href":"https:\/\/domosistemas.com\/index.php?rest_route=\/wp\/v2\/users\/1"}],"replies":[{"embeddable":true,"href":"https:\/\/domosistemas.com\/index.php?rest_route=%2Fwp%2Fv2%2Fcomments&post=26984"}],"version-history":[{"count":0,"href":"https:\/\/domosistemas.com\/index.php?rest_route=\/wp\/v2\/posts\/26984\/revisions"}],"wp:attachment":[{"href":"https:\/\/domosistemas.com\/index.php?rest_route=%2Fwp%2Fv2%2Fmedia&parent=26984"}],"wp:term":[{"taxonomy":"category","embeddable":true,"href":"https:\/\/domosistemas.com\/index.php?rest_route=%2Fwp%2Fv2%2Fcategories&post=26984"},{"taxonomy":"post_tag","embeddable":true,"href":"https:\/\/domosistemas.com\/index.php?rest_route=%2Fwp%2Fv2%2Ftags&post=26984"}],"curies":[{"name":"wp","href":"https:\/\/api.w.org\/{rel}","templated":true}]}}