{"id":27000,"date":"2025-01-07T07:15:19","date_gmt":"2025-01-07T07:15:19","guid":{"rendered":"https:\/\/domosistemas.com\/?p=27000"},"modified":"2025-01-07T07:15:19","modified_gmt":"2025-01-07T07:15:19","slug":"samsung-ya-tiene-listas-su-nueva-smart-tv-8k-para-2025-y-el-nuevo-televisor-the-frame-pro-esto-es-lo-que-ofrecen","status":"publish","type":"post","link":"https:\/\/domosistemas.com\/?p=27000","title":{"rendered":"Samsung ya tiene listas su nueva Smart TV 8K para 2025 y el nuevo televisor The Frame Pro: esto es lo que ofrecen"},"content":{"rendered":"<div>\n<p>\n      <img decoding=\"async\" src=\"https:\/\/i.blogs.es\/ce112a\/samsung-tvs-and-displays-ces-2025-samsung-vision-ai-and-display-lineups_main2\/1024_2000.jpeg\" alt=\"Samsung ya tiene listas su nueva Smart TV 8K para 2025 y el nuevo televisor The Frame Pro: esto es lo que ofrecen \">\n    <\/p>\n<p>Siguen las novedades en torno a <strong>Samsung<\/strong> y sus presentaciones con motivo del <a href=\"https:\/\/www.xatakahome.com\/tag\/ces-2025\">CES 2025<\/a> que se celebra esta semana. Tras el anuncio de la tecnolog\u00eda <a class=\"text-outboundlink\" href=\"https:\/\/www.xatakahome.com\/servicios-y-aplicaciones-de-audio\/samsung-quiere-llevar-sonido-3d-paso-alla-sus-smart-tv-barras-sonido-2025-asi-eclipsa-audio\" data-vars-post-title=\"Samsung quiere llevar el sonido 3D un paso m\u00e1s all\u00e1 en sus Smart TV y barras de sonido de 2025: as\u00ed es Eclipsa Audio \" data-vars-post-url=\"https:\/\/www.xatakahome.com\/servicios-y-aplicaciones-de-audio\/samsung-quiere-llevar-sonido-3d-paso-alla-sus-smart-tv-barras-sonido-2025-asi-eclipsa-audio\">Eclipsa Audio<\/a> y <a class=\"text-outboundlink\" href=\"https:\/\/www.xatakahome.com\/televisores\/samsung-quiere-llevar-a-sus-smart-tv-ventajas-inteligencia-artificial-asi-vision-ai\" data-vars-post-title=\"Samsung quiere llevar a sus Smart TV las ventajas de la inteligencia artificial: as\u00ed es Vision AI \" data-vars-post-url=\"https:\/\/www.xatakahome.com\/televisores\/samsung-quiere-llevar-a-sus-smart-tv-ventajas-inteligencia-artificial-asi-vision-ai\">Vision AI<\/a> ahora le llega el turno a sus televisores m\u00e1s punteros.<\/p>\n<p><!-- BREAK 1 --><\/p>\n<p>El fabricante ha querido avanzar algunas de las caracter\u00edsticas m\u00e1s destacadas de su nuevo buque insignia en el <strong>sector 8K<\/strong>, as\u00ed como de su pantalla enfocada a mostrar obras de arte. Vamos a ver qu\u00e9 ofrecen.<\/p>\n<p><!-- BREAK 2 --><\/p>\n<div class=\"article-asset article-asset-normal article-asset-center\">\n<div class=\"desvio-container\">\n<div class=\"desvio\">\n<div class=\"desvio-figure js-desvio-figure\">\n    <a href=\"https:\/\/www.xatakahome.com\/servicios-y-aplicaciones-de-audio\/samsung-quiere-llevar-sonido-3d-paso-alla-sus-smart-tv-barras-sonido-2025-asi-eclipsa-audio\" class=\"pivot-outboundlink\" data-vars-post-title=\"Samsung quiere llevar el sonido 3D un paso m\u00e1s all\u00e1 en sus Smart TV y barras de sonido de 2025: as\u00ed es Eclipsa Audio \"><br \/>\n     <img loading=\"lazy\" decoding=\"async\" alt=\"Samsung quiere llevar el sonido 3D un paso m\u00e1s all\u00e1 en sus Smart TV y barras de sonido de 2025: as\u00ed es Eclipsa Audio \" width=\"375\" height=\"142\" src=\"https:\/\/i.blogs.es\/295bb5\/samsung-tvs-and-displays-eclipsa-audio-3d-audio-google_main889\/375_142.webp\" onerror='this.src=\"https:\/\/i.blogs.es\/295bb5\/samsung-tvs-and-displays-eclipsa-audio-3d-audio-google_main889\/375_142.jpeg\"'><br \/>\n    <\/a>\n   <\/div>\n<div class=\"desvio-summary\">\n<div class=\"desvio-taxonomy js-desvio-taxonomy\">\n     <a href=\"https:\/\/www.xatakahome.com\/servicios-y-aplicaciones-de-audio\/samsung-quiere-llevar-sonido-3d-paso-alla-sus-smart-tv-barras-sonido-2025-asi-eclipsa-audio\" class=\"desvio-taxonomy-anchor pivot-outboundlink\" data-vars-post-title=\"Samsung quiere llevar el sonido 3D un paso m\u00e1s all\u00e1 en sus Smart TV y barras de sonido de 2025: as\u00ed es Eclipsa Audio \">En Xataka Smart Home<\/a>\n    <\/div>\n<p>    <a href=\"https:\/\/www.xatakahome.com\/servicios-y-aplicaciones-de-audio\/samsung-quiere-llevar-sonido-3d-paso-alla-sus-smart-tv-barras-sonido-2025-asi-eclipsa-audio\" class=\"desvio-title js-desvio-title pivot-outboundlink\" data-vars-post-title=\"Samsung quiere llevar el sonido 3D un paso m\u00e1s all\u00e1 en sus Smart TV y barras de sonido de 2025: as\u00ed es Eclipsa Audio \">Samsung quiere llevar el sonido 3D un paso m\u00e1s all\u00e1 en sus Smart TV y barras de sonido de 2025: as\u00ed es Eclipsa Audio <\/a>\n   <\/div>\n<\/p><\/div>\n<\/p><\/div>\n<\/div>\n<h2>Nuevo Samsung <strong>QN990F y <\/strong>The Frame Pro<\/h2>\n<div class=\"article-asset-image article-asset-normal article-asset-center\">\n<div class=\"asset-content\">\n<p>   <img decoding=\"async\" alt=\"Samsung Tvs And Displays Ces 2025 Samsung Vision Ai And Display Lineups Main889\" class=\"centro_sinmarco\" src=\"https:\/\/i.blogs.es\/072984\/samsung-tvs-and-displays-ces-2025-samsung-vision-ai-and-display-lineups_main889\/450_1000.webp\"><\/p><\/div>\n<\/div>\n<p>Samsung ha anunciado en el CES al nuevo<strong> televisor Neo QLED 8K QN990F<\/strong>, el que aseguran es el televisor m\u00e1s avanzado del fabricante hasta la fecha, impulsado por el \u00faltimo <strong>procesador NQ8 AI Gen3 <\/strong>para aprovechar un conjunto de <strong>funciones de IA en el dispositivo<\/strong> con las que mejorar la imagen, el sonido y la experiencia en general. Estas son las novedades m\u00e1s destacadas:<\/p>\n<p><!-- BREAK 3 --><\/p>\n<ul>\n<li><strong>8K AI Upscaling Pro:<\/strong> eleva los contenidos de menor resoluci\u00f3n a 8K<\/li>\n<li><strong>Auto HDR Remastering Pro:<\/strong> analiza el contenido fotograma a fotograma, aplicando una expansi\u00f3n del color adaptada a la escena para obtener im\u00e1genes que aseguran son m\u00e1s realistas y con colores m\u00e1s vibrantes incluso en escenas oscuras.<\/li>\n<li><strong>Adaptive Sound Pro:<\/strong> utiliza la inteligencia artificial para separar y optimizar los componentes de sonido, como la voz, la m\u00fasica y los efectos de sonido, ofreciendo seg\u00fan la marca un audio claro y equilibrado.<\/li>\n<li><strong>Color Booster Pro:<\/strong> promete enriquecer la expresi\u00f3n del color con el an\u00e1lisis de escenas basado en IA y el procesamiento de im\u00e1genes mejorado para cada fotograma.<\/li>\n<li><strong>AI Mode:<\/strong> optimiza de forma adaptativa la imagen y el sonido aprovechando el reconocimiento de contenidos basado en IA y el an\u00e1lisis del \u00e1rea de TV para una experiencia visual \u00f3ptima en cualquier entorno.<\/li>\n<\/ul>\n<p>El Samsung QN990F contar\u00e1 con un <strong>dise\u00f1o ultrafino y minimalista<\/strong>, aunque por ahora no han dado m\u00e1s detalles sobre tama\u00f1os disponibles ni precios. Lo que s\u00ed han avanzado es la nueva televisi\u00f3n <strong>The Frame Pro y la<\/strong> <strong>ampliaci\u00f3n de Samsung Art Store a m\u00e1s modelos de su gama.<\/strong><\/p>\n<p><!-- BREAK 4 --><\/p>\n<div class=\"article-asset-image article-asset-normal article-asset-center\">\n<div class=\"asset-content\">\n<p>   <img decoding=\"async\" alt=\"Samsung\" class=\"centro_sinmarco\" src=\"https:\/\/i.blogs.es\/f1d0ed\/2025-samsung-tv-x-art-basel-campaign-kv_16x9_unveiled_kv\/450_1000.webp\"><\/p><\/div>\n<\/div>\n<p><strong>Samsung Art Store<\/strong> cuenta ahora con m\u00e1s de 3.000 obras seleccionadas de socios internacionales, como el MoMA y los legados de Magritte y Basquiat. Para \u00a02025 esta colecci\u00f3n estar\u00e1 disponible no solo en las series The Frame y MICRO LED, sino tambi\u00e9n en los modelos, <strong>Neo QLED<\/strong> y <strong>QLED, <\/strong>ofreciendo \u00a0a los usuarios transformar sus pantallas en galer\u00edas de arte personalizadas.<\/p>\n<p><!-- BREAK 5 --><\/p>\n<div class=\"article-asset-image article-asset-normal article-asset-center\">\n<div class=\"asset-content\">\n<p>   <img decoding=\"async\" alt=\"Lydia Cho On Stage 2 2048x1365\" class=\"centro_sinmarco\" src=\"https:\/\/i.blogs.es\/856727\/lydia-cho_on-stage-2-2048x1365\/450_1000.webp\"><\/p><\/div>\n<\/div>\n<p><strong>El televisor The Frame Pro <\/strong>llegar\u00e1 esta temporada impulsado por el <strong>procesador NQ4 Gen3 AI <\/strong>y por la tecnolog\u00eda <strong>Wireless One Connect<\/strong>, que permite instalaciones m\u00e1s flexibles al tener la electr\u00f3nica en una caja aparte.<\/p>\n<p><!-- BREAK 6 --><\/p>\n<div class=\"article-asset-video article-asset-normal\">\n<div class=\"asset-content\">\n<div class=\"base-asset-video\">\n<div class=\"js-dailymotion\">\n    <script type=\"application\/json\">\n                          {\"videoId\":\"x7zw7r5\",\"autoplay\":true,\"title\":\"MicroLED, MiniLED, OLED, QLED... Aclarando el JALEO de TECNOLOGI\u0301AS de TV\", \"tag\":\"\", \"duration\":\"328\"}\n                  <\/script>\n   <\/div>\n<\/p><\/div>\n<\/p><\/div>\n<\/div>\n<h2>Precio y disponibilidad<\/h2>\n<p>Por el momento Samsung no ha facilitado m\u00e1s detalles sobre las fechas de lanzamiento ni precios de venta de estos televisores, aunque probablemente comenzar\u00e1n a llegar a las tiendas bien entrada la primavera.<\/p>\n<p><!-- BREAK 7 --><\/p>\n<p>M\u00e1s informaci\u00f3n e im\u00e1genes | <a rel=\"noopener, noreferrer\" href=\"https:\/\/news.samsung.com\/es\/samsung-electronics-presenta-samsung-vision-ai-y-sus-ultimas-innovaciones-en-el-evento-first-look-2025-transformando-pantallas-en-televisores-inteligentes-con-inteligencia-artificial-para-mejorar-la\">Samsung<\/a><\/p>\n<p>En Xataka Smart Home | <a class=\"text-outboundlink\" href=\"https:\/\/www.xatakahome.com\/servicios-y-aplicaciones-de-audio\/samsung-quiere-llevar-sonido-3d-paso-alla-sus-smart-tv-barras-sonido-2025-asi-eclipsa-audio\" data-vars-post-title=\"Samsung quiere llevar el sonido 3D un paso m\u00e1s all\u00e1 en sus Smart TV y barras de sonido de 2025: as\u00ed es Eclipsa Audio \" data-vars-post-url=\"https:\/\/www.xatakahome.com\/servicios-y-aplicaciones-de-audio\/samsung-quiere-llevar-sonido-3d-paso-alla-sus-smart-tv-barras-sonido-2025-asi-eclipsa-audio\">Samsung quiere llevar el sonido 3D un paso m\u00e1s all\u00e1 en sus Smart TV y barras de sonido de 2025: as\u00ed es Eclipsa Audio<\/a><\/p>\n<p><script>\n (function() {\n  window._JS_MODULES = window._JS_MODULES || {};\n  var headElement = document.getElementsByTagName('head')[0];\n  if (_JS_MODULES.instagram) {\n   var instagramScript = document.createElement('script');\n   instagramScript.src = 'https:\/\/platform.instagram.com\/en_US\/embeds.js';\n   instagramScript.async = true;\n   instagramScript.defer = true;\n   headElement.appendChild(instagramScript);\n  }\n })();\n<\/script><\/p>\n<p> &#8211; <br \/> La noticia<br \/>\n      <a href=\"https:\/\/www.xatakahome.com\/televisores\/samsung-tiene-listas-su-nueva-smart-tv-8k-para-2025-nuevo-televisor-the-frame-pro-esto-que-ofrecen?utm_source=feedburner&amp;utm_medium=feed&amp;utm_campaign=07_Jan_2025\"><br \/>\n       <em> Samsung ya tiene listas su nueva Smart TV 8K para 2025 y el nuevo televisor The Frame Pro: esto es lo que ofrecen  <\/em><br \/>\n      <\/a><br \/>\n      fue publicada originalmente en<br \/>\n      <a href=\"https:\/\/www.xatakahome.com\/?utm_source=feedburner&amp;utm_medium=feed&amp;utm_campaign=07_Jan_2025\"><br \/>\n       <strong> Xataka Smart Home <\/strong><br \/>\n      <\/a><br \/>\n             por <a href=\"https:\/\/www.xatakahome.com\/autor\/paco-rodriguez?utm_source=feedburner&amp;utm_medium=feed&amp;utm_campaign=07_Jan_2025\"><br \/>\n        Paco Rodriguez<br \/>\n       <\/a><br \/>\n      . <\/p>\n<\/div>\n","protected":false},"excerpt":{"rendered":"<p>Siguen las novedades en torno a Samsung y sus presentaciones con motivo del CES 2025 que se celebra esta semana. Tras el anuncio de la tecnolog\u00eda Eclipsa Audio y Vision AI ahora le llega el turno a sus televisores m\u00e1s punteros. El fabricante ha querido avanzar algunas de las caracter\u00edsticas m\u00e1s destacadas de su nuevo &hellip; <a href=\"https:\/\/domosistemas.com\/?p=27000\" class=\"more-link\">Sigue leyendo <span class=\"screen-reader-text\">Samsung ya tiene listas su nueva Smart TV 8K para 2025 y el nuevo televisor The Frame Pro: esto es lo que ofrecen<\/span><\/a><\/p>\n","protected":false},"author":1,"featured_media":0,"comment_status":"closed","ping_status":"closed","sticky":false,"template":"","format":"standard","meta":{"footnotes":""},"categories":[8],"tags":[],"class_list":["post-27000","post","type-post","status-publish","format-standard","hentry","category-xataka"],"_links":{"self":[{"href":"https:\/\/domosistemas.com\/index.php?rest_route=\/wp\/v2\/posts\/27000","targetHints":{"allow":["GET"]}}],"collection":[{"href":"https:\/\/domosistemas.com\/index.php?rest_route=\/wp\/v2\/posts"}],"about":[{"href":"https:\/\/domosistemas.com\/index.php?rest_route=\/wp\/v2\/types\/post"}],"author":[{"embeddable":true,"href":"https:\/\/domosistemas.com\/index.php?rest_route=\/wp\/v2\/users\/1"}],"replies":[{"embeddable":true,"href":"https:\/\/domosistemas.com\/index.php?rest_route=%2Fwp%2Fv2%2Fcomments&post=27000"}],"version-history":[{"count":0,"href":"https:\/\/domosistemas.com\/index.php?rest_route=\/wp\/v2\/posts\/27000\/revisions"}],"wp:attachment":[{"href":"https:\/\/domosistemas.com\/index.php?rest_route=%2Fwp%2Fv2%2Fmedia&parent=27000"}],"wp:term":[{"taxonomy":"category","embeddable":true,"href":"https:\/\/domosistemas.com\/index.php?rest_route=%2Fwp%2Fv2%2Fcategories&post=27000"},{"taxonomy":"post_tag","embeddable":true,"href":"https:\/\/domosistemas.com\/index.php?rest_route=%2Fwp%2Fv2%2Ftags&post=27000"}],"curies":[{"name":"wp","href":"https:\/\/api.w.org\/{rel}","templated":true}]}}