{"id":27001,"date":"2025-01-07T07:31:39","date_gmt":"2025-01-07T07:31:39","guid":{"rendered":"https:\/\/domosistemas.com\/?p=27001"},"modified":"2025-01-07T07:31:39","modified_gmt":"2025-01-07T07:31:39","slug":"adios-secadora-lidl-liquida-este-tendedero-con-el-que-secar-la-ropa-en-dias-de-lluvia-y-que-cuesta-menos-de-5-euros","status":"publish","type":"post","link":"https:\/\/domosistemas.com\/?p=27001","title":{"rendered":"Adi\u00f3s secadora: Lidl liquida este tendedero con el que secar la ropa en d\u00edas de lluvia y que cuesta menos de 5 euros"},"content":{"rendered":"<div>\n<p>\n      <img decoding=\"async\" src=\"https:\/\/i.blogs.es\/b6cba2\/ofertas_cpa_v3-copia---2025-01-07t080901.663\/1024_2000.jpeg\" alt=\"Adi\u00f3s secadora: Lidl liquida este tendedero con el que secar la ropa en d\u00edas de lluvia y que cuesta menos de 5 euros\">\n    <\/p>\n<p>Los d\u00edas de lluvia continuados son un total engorro para secar la ropa, incluso lograr tener secas prendas de ropa peque\u00f1as, puede ser una odisea. Si tienes poco espacio en casa, Lidl tiene la soluci\u00f3n ideal para poder tener la colada siempre lista. Se trata de este <strong>tendedero compacto de Vileda<\/strong> que cuesta <a rel=\"nofollow, sponsored, noopener, noreferrer\" target=\"_blank\" class=\"js-ecommerce\" id=\"link-ecommerce-1\" href=\"https:\/\/www.xatakahome.com\/redirect?url=https%3A%2F%2Fwww.lidl.es%2Fes%2Fvileda-tendedero-compacto%2Fp73622&amp;category=seleccion&amp;ecomPostExpiration=perish&amp;postId=115931\" data-vars-affiliate-url=\"https:\/\/www.lidl.es\/es\/vileda-tendedero-compacto\/p73622\">4,99 euros<\/a>.<\/p>\n<p><!-- BREAK 1 --><!-- PIVOT START --><\/p>\n<div class=\"pivot-ecommerce-container m-pivot-ecommerce-redesign article-asset-normal article-asset-center\">\n<div class=\"pivot-ecommerce\">\n<div class=\"pivot-ecommerce-figure\">\n  <a rel=\"nofollow, sponsored, noopener, noreferrer\" target=\"_blank\" href=\"https:\/\/www.xatakahome.com\/redirect?url=https%3A%2F%2Fwww.lidl.es%2Fes%2Fvileda-tendedero-compacto%2Fp73622&amp;category=seleccion&amp;pivot=1&amp;ecomPostExpiration=perish&amp;postId=115931\"><br \/>\n   <img loading=\"lazy\" decoding=\"async\" alt=\"Vileda Tendedero compacto\n\" width=\"500\" height=\"500\" src=\"https:\/\/i.blogs.es\/4aec4b\/41orfzospul._sl500_\/original.webp\" onerror='this.src=\"https:\/\/i.blogs.es\/4aec4b\/41orfzospul._sl500_\/original.jpeg\"'><br \/>\n  <\/a>\n  <\/div>\n<div class=\"pivot-ecommerce-summary\">\n<p class=\"pivot-ecommerce-desc\">Vileda Tendedero compacto\n<\/p>\n<div class=\"pivot-actions \">\n<div class=\"pivot-actions-row\">\n <a rel=\"nofollow, sponsored, noopener, noreferrer\" target=\"_blank\" data-asin=\"\" data-store=\"\" href=\"https:\/\/www.xatakahome.com\/redirect?url=https%3A%2F%2Fwww.lidl.es%2Fes%2Fvileda-tendedero-compacto%2Fp73622&amp;category=seleccion&amp;pivot=1&amp;ecomPostExpiration=perish&amp;postId=115931\" title=\"Precio de venta al p\u00fablico a fecha de publicaci\u00f3n\" class=\"pivot-action-btn pivot-action-primary\">PVP en Lidl \u2014 <strong><span class=\"js-deal-price\">4,99<\/span> \u20ac<\/strong><\/a><br \/>\n   <a rel=\"nofollow, sponsored, noopener, noreferrer\" target=\"_blank\" data-asin=\"B071DQF4JS\" data-store=\"Amazon\" href=\"https:\/\/www.xatakahome.com\/redirect?url=https%3A%2F%2Fwww.amazon.es%2Fdp%2FB071DQF4JS%3Ftag%3Dxatakahome-21%26linkCode%3Dogi%26th%3D1%26psc%3D1&amp;category=seleccion&amp;pivot=1&amp;ecomPostExpiration=perish&amp;postId=115931\" title=\"Precio actualizado hoy\" class=\"pivot-action-btn metrics-pivot-btn pivot-action-secondary\">Amazon \u2014 <strong><span class=\"js-deal-price\">10,95<\/span> \u20ac<\/strong><\/a><br \/>\n   <a rel=\"nofollow, sponsored, noopener, noreferrer\" target=\"_blank\" data-asin=\"001059534901992\" data-store=\"El Corte Ingl\u00e9s\" href=\"https:\/\/www.xatakahome.com\/redirect?url=https%3A%2F%2Fwww.elcorteingles.es%2Fhogar%2FA49265470-tendedero-de-radiador-express-vileda%2F&amp;category=seleccion&amp;pivot=1&amp;ecomPostExpiration=perish&amp;postId=115931\" title=\"Precio actualizado hoy\" class=\"pivot-action-btn metrics-pivot-btn pivot-action-secondary\">El Corte Ingl\u00e9s \u2014 <strong><span class=\"js-deal-price\">10,95<\/span> \u20ac<\/strong><\/a><br \/>\n   <a rel=\"nofollow, sponsored, noopener, noreferrer\" target=\"_blank\" data-asin=\"1539518\" data-store=\"MediaMarkt\" href=\"https:\/\/www.xatakahome.com\/redirect?url=https%3A%2F%2Fwww.mediamarkt.es%2Fes%2Fproduct%2F_tendedero-vileda-express-brazos-ajustables-negroblanco-1539518.html&amp;category=seleccion&amp;pivot=1&amp;ecomPostExpiration=perish&amp;postId=115931\" title=\"Precio actualizado hoy\" class=\"pivot-action-btn metrics-pivot-btn pivot-action-secondary\">MediaMarkt \u2014 <strong><span class=\"js-deal-price\">10,99<\/span> \u20ac<\/strong><\/a><br \/>\n   <a rel=\"nofollow, sponsored, noopener, noreferrer\" target=\"_blank\" data-asin=\"81896244\" data-store=\"Leroy Merlin\" href=\"https:\/\/www.xatakahome.com\/redirect?url=https%3A%2F%2Fwww.leroymerlin.es%2Fproductos%2Fferreteria-y-seguridad%2Flavado-y-planchado%2Ftendederos%2Ftendedero-express-espacio-de-tendido-3m-vileda-157334-81896244.html%3FhighlightedOfferCode%3De61cc98d0c6d7ecabd77a0a64b111f90b884857d&amp;category=seleccion&amp;pivot=1&amp;ecomPostExpiration=perish&amp;postId=115931\" title=\"Precio actualizado hoy\" class=\"pivot-action-btn metrics-pivot-btn pivot-action-secondary\">Leroy Merlin \u2014 <strong><span class=\"js-deal-price\">18,40<\/span> \u20ac<\/strong><\/a>\n <\/div>\n<\/p><\/div>\n<\/p><\/div>\n<\/p><\/div>\n<div class=\"pivot-link-msg\">* Alg\u00fan precio puede haber cambiado desde la \u00faltima revisi\u00f3n<\/div>\n<\/p><\/div>\n<p><!-- PIVOT END --><\/p>\n<h2>Un tendedero ideal para pisos peque\u00f1o<\/h2>\n<div class=\"article-asset-image article-asset-normal article-asset-center\">\n<div class=\"asset-content\">\n                    <a rel=\"nofollow, sponsored, noopener, noreferrer\" target=\"_blank\" class=\"js-ecommerce\" id=\"link-ecommerce-2\" href=\"https:\/\/www.xatakahome.com\/redirect?url=https%3A%2F%2Fwww.lidl.es%2Fes%2Fvileda-tendedero-compacto%2Fp73622&amp;category=seleccion&amp;ecomPostExpiration=perish&amp;postId=115931\" data-vars-affiliate-url=\"https:\/\/www.lidl.es\/es\/vileda-tendedero-compacto\/p73622\"><\/p>\n<p>    <img decoding=\"async\" alt=\"tendedero compacto Vileda Express\" class=\"centro_sinmarco\" src=\"https:\/\/i.blogs.es\/b09aec\/proyecto-nuevo---2025-01-07t081252.008\/450_1000.webp\"><br \/>\n     <\/a><\/p><\/div>\n<\/div>\n<p>Este tendedero compacto Vileda Express es perfecto para colocar en los radiadores. Est\u00e1 fabricada con acero y cuenta con <strong>brazos regulables de resina <\/strong>ultrarrobustos. Sobre todo, est\u00e1 indicado para secar prendas de ropa peque\u00f1as.<\/p>\n<p><!-- BREAK 2 --><\/p>\n<div class=\"article-asset article-asset-normal article-asset-center\">\n<div class=\"desvio-container\">\n<div class=\"desvio\">\n<div class=\"desvio-figure js-desvio-figure\">\n    <a href=\"https:\/\/www.directoalpaladar.com\/seleccion\/lidl-arrasa-desorden-armarios-cajones-cocina-este-sencillo-organizador\" class=\"pivot-outboundlink\" target=\"_blank\" data-vars-post-title=\"Lidl arrasa con el desorden de los armarios y cajones de cocina con este sencillo organizador \"><br \/>\n     <img loading=\"lazy\" decoding=\"async\" alt=\"Lidl arrasa con el desorden de los armarios y cajones de cocina con este sencillo organizador \" width=\"375\" height=\"142\" src=\"https:\/\/i.blogs.es\/fe3d92\/by-pvproductions------\/375_142.webp\" onerror='this.src=\"https:\/\/i.blogs.es\/fe3d92\/by-pvproductions------\/375_142.jpeg\"'><br \/>\n    <\/a>\n   <\/div>\n<div class=\"desvio-summary\">\n<div class=\"desvio-taxonomy js-desvio-taxonomy\">\n     <a href=\"https:\/\/www.directoalpaladar.com\/seleccion\/lidl-arrasa-desorden-armarios-cajones-cocina-este-sencillo-organizador\" class=\"desvio-taxonomy-anchor pivot-outboundlink m-crosspost\" target=\"_blank\" data-vars-post-title=\"Lidl arrasa con el desorden de los armarios y cajones de cocina con este sencillo organizador \">En Directo al Paladar<\/a>\n    <\/div>\n<p>    <a href=\"https:\/\/www.directoalpaladar.com\/seleccion\/lidl-arrasa-desorden-armarios-cajones-cocina-este-sencillo-organizador\" class=\"desvio-title js-desvio-title pivot-outboundlink\" target=\"_blank\" data-vars-post-title=\"Lidl arrasa con el desorden de los armarios y cajones de cocina con este sencillo organizador \">Lidl arrasa con el desorden de los armarios y cajones de cocina con este sencillo organizador <\/a>\n   <\/div>\n<\/p><\/div>\n<\/p><\/div>\n<\/div>\n<div class=\"article-asset-video article-asset-normal\">\n<div class=\"asset-content\">\n<div class=\"base-asset-video\">\n<div class=\"js-dailymotion\">\n    <script type=\"application\/json\">\n                          {\"videoId\":\"x7v9l84\",\"autoplay\":true,\"title\":\"[CH] Qu\u00e9 es la Lluvia S\u00f3lida, la lluvia en polvo para ahorrar el 90%  de agua\", \"tag\":\"LLUVIA S\u00d3LIDA\", \"duration\":\"161\"}\n                  <\/script>\n   <\/div>\n<\/p><\/div>\n<\/p><\/div>\n<\/div>\n<p>Gracias a la tecnolog\u00eda de nitr\u00f3geno, presenta mucha resistencia a la flexi\u00f3n y a la torsi\u00f3n. Adem\u00e1s, es <strong>muy vers\u00e1til<\/strong>, ya que podr\u00e1s adaptarlo a soportes m\u00e1s gruesos, tambi\u00e9n podr\u00e1s cerrar ambos brazos, deslizarlos hasta el extremo posterior y reabrirlos para usarlo.<\/p>\n<p><!-- BREAK 3 --><\/p>\n<p>Cerrado, tiene unas medidas de 52 x 34,5 x 2 cm, as\u00ed que podr\u00e1s guardarlo de forma muy f\u00e1cil en cualquier rinc\u00f3n. Una vez abierto, ofrece hasta tres metros de superficie para tender. Pesa menos de 500 gramos y es <strong>muy f\u00e1cil de limpiar<\/strong>, por lo que es un producto muy \u00fatil para tener la colada en perfecto estado en los d\u00edas de lluvia.<\/p>\n<p><!-- BREAK 4 --><\/p>\n<h2>Por si no llegas a tiempo a esta oferta<\/h2>\n<p>En Lidl, casi todos los productos que salen en oferta, acaban agot\u00e1ndose. Si no llegas a tiempo a conseguir este chollo, en Amazon, hemos encontrado otra opci\u00f3n. Se trata del <strong>Jata HTEN2403<\/strong>, que tambi\u00e9n ofrece 3 metros de superficie de secado y cuesta <a rel=\"nofollow, sponsored, noopener, noreferrer\" target=\"_blank\" class=\"js-ecommerce\" id=\"link-ecommerce-3\" href=\"https:\/\/www.xatakahome.com\/redirect?url=https%3A%2F%2Fwww.amazon.es%2FJata-HTEN2403-Tendedero-Radiador-Superficie%2Fdp%2FB0DRPDLSZG%2F&amp;category=seleccion&amp;ecomPostExpiration=perish&amp;postId=115931\" data-vars-affiliate-url=\"https:\/\/www.amazon.es\/Jata-HTEN2403-Tendedero-Radiador-Superficie\/dp\/B0DRPDLSZG\/\">10 euros<\/a>.<\/p>\n<p><!-- BREAK 5 --><!-- PIVOT START --><\/p>\n<div class=\"pivot-ecommerce-container m-pivot-ecommerce-redesign article-asset-normal article-asset-center\">\n<div class=\"pivot-ecommerce\">\n<div class=\"pivot-ecommerce-figure\">\n  <a rel=\"nofollow, sponsored, noopener, noreferrer\" target=\"_blank\" href=\"https:\/\/www.xatakahome.com\/redirect?url=https%3A%2F%2Fwww.amazon.es%2Fdp%2FB0DRPDLSZG%3Ftag%3Dxatakahome-21%26linkCode%3Dogi%26th%3D1%26psc%3D1&amp;category=seleccion&amp;pivot=1&amp;ecomPostExpiration=perish&amp;postId=115931\"><br \/>\n   <img loading=\"lazy\" decoding=\"async\" alt=\"Jata HTEN2403 - Tendedero Radiador\" width=\"525\" height=\"525\" src=\"https:\/\/i.blogs.es\/ac2951\/blob\/original.webp\" onerror='this.src=\"https:\/\/i.blogs.es\/ac2951\/blob\/original.jpeg\"'><br \/>\n  <\/a>\n  <\/div>\n<div class=\"pivot-ecommerce-summary\">\n<p class=\"pivot-ecommerce-desc\">Jata HTEN2403 &#8211; Tendedero Radiador<\/p>\n<div class=\"pivot-actions \">\n<div class=\"pivot-actions-row\">\n <a rel=\"nofollow, sponsored, noopener, noreferrer\" target=\"_blank\" data-asin=\"B0DRPDLSZG\" data-store=\"Amazon\" href=\"https:\/\/www.xatakahome.com\/redirect?url=https%3A%2F%2Fwww.amazon.es%2Fdp%2FB0DRPDLSZG%3Ftag%3Dxatakahome-21%26linkCode%3Dogi%26th%3D1%26psc%3D1&amp;category=seleccion&amp;pivot=1&amp;ecomPostExpiration=perish&amp;postId=115931\" title=\"Precio actualizado hoy\" class=\"pivot-action-btn metrics-pivot-btn pivot-action-primary\">Hoy en Amazon \u2014 <strong><span class=\"js-deal-price\">10,00<\/span> \u20ac<\/strong><\/a>\n <\/div>\n<\/p><\/div>\n<\/p><\/div>\n<\/p><\/div>\n<div class=\"pivot-link-msg\">* Alg\u00fan precio puede haber cambiado desde la \u00faltima revisi\u00f3n<\/div>\n<\/p><\/div>\n<p><!-- PIVOT END --><\/p>\n<h2>Otros accesorios que te pueden interesar para hacer la colada perfecta en tu hogar<\/h2>\n<p><!-- PIVOT START --><\/p>\n<div class=\"pivot-ecommerce-container m-pivot-ecommerce-redesign article-asset-normal article-asset-center\">\n<div class=\"pivot-ecommerce\">\n<div class=\"pivot-ecommerce-figure\">\n  <a rel=\"nofollow, sponsored, noopener, noreferrer\" target=\"_blank\" href=\"https:\/\/www.xatakahome.com\/redirect?url=https%3A%2F%2Fwww.amazon.es%2Fdp%2FB07QBCYNNC%3Ftag%3Dxatakahome-21%26linkCode%3Dogi%26th%3D1%26psc%3D1&amp;category=seleccion&amp;pivot=1&amp;ecomPostExpiration=perish&amp;postId=115931\"><br \/>\n   <img loading=\"lazy\" decoding=\"async\" alt=\"LAGUELLE - 60 Pinzas para la Ropa Antideslizantes \" width=\"500\" height=\"500\" src=\"https:\/\/i.blogs.es\/593c06\/51w-2-kbbhl._sl500_\/original.webp\" onerror='this.src=\"https:\/\/i.blogs.es\/593c06\/51w-2-kbbhl._sl500_\/original.jpeg\"'><br \/>\n  <\/a>\n  <\/div>\n<div class=\"pivot-ecommerce-summary\">\n<p class=\"pivot-ecommerce-desc\">LAGUELLE &#8211; 60 Pinzas para la Ropa Antideslizantes <\/p>\n<div class=\"pivot-actions \">\n<div class=\"pivot-actions-row\">\n <a rel=\"nofollow, sponsored, noopener, noreferrer\" target=\"_blank\" data-asin=\"B07QBCYNNC\" data-store=\"Amazon\" href=\"https:\/\/www.xatakahome.com\/redirect?url=https%3A%2F%2Fwww.amazon.es%2Fdp%2FB07QBCYNNC%3Ftag%3Dxatakahome-21%26linkCode%3Dogi%26th%3D1%26psc%3D1&amp;category=seleccion&amp;pivot=1&amp;ecomPostExpiration=perish&amp;postId=115931\" title=\"Precio actualizado hoy\" class=\"pivot-action-btn metrics-pivot-btn pivot-action-primary\">Hoy en Amazon \u2014 <strong><span class=\"js-deal-price\">18,90<\/span> \u20ac<\/strong><\/a>\n <\/div>\n<\/p><\/div>\n<\/p><\/div>\n<\/p><\/div>\n<div class=\"pivot-link-msg\">* Alg\u00fan precio puede haber cambiado desde la \u00faltima revisi\u00f3n<\/div>\n<\/p><\/div>\n<p><!-- PIVOT END --><br \/>\n<!-- PIVOT START --><\/p>\n<div class=\"pivot-ecommerce-container m-pivot-ecommerce-redesign article-asset-normal article-asset-center\">\n<div class=\"pivot-ecommerce\">\n<div class=\"pivot-ecommerce-figure\">\n  <a rel=\"nofollow, sponsored, noopener, noreferrer\" target=\"_blank\" href=\"https:\/\/www.xatakahome.com\/redirect?url=https%3A%2F%2Fwww.amazon.es%2Fdp%2FB087NC9BFG%3Ftag%3Dxatakahome-21%26linkCode%3Dogi%26th%3D1%26psc%3D1&amp;category=seleccion&amp;pivot=1&amp;ecomPostExpiration=perish&amp;postId=115931\"><br \/>\n   <img loading=\"lazy\" decoding=\"async\" alt=\"Lenor Unstoppables Perlas Suavizante Perfumadas, 93 Lavados (6 x 210g)\" width=\"500\" height=\"500\" src=\"https:\/\/i.blogs.es\/0fd39d\/51i960hm8il._sl500_\/original.webp\" onerror='this.src=\"https:\/\/i.blogs.es\/0fd39d\/51i960hm8il._sl500_\/original.jpeg\"'><br \/>\n  <\/a>\n  <\/div>\n<div class=\"pivot-ecommerce-summary\">\n<p class=\"pivot-ecommerce-desc\">Lenor Unstoppables Perlas Suavizante Perfumadas, 93 Lavados (6 x 210g)<\/p>\n<div class=\"pivot-actions \">\n<div class=\"pivot-actions-row\">\n <a rel=\"nofollow, sponsored, noopener, noreferrer\" target=\"_blank\" data-asin=\"B087NC9BFG\" data-store=\"Amazon\" href=\"https:\/\/www.xatakahome.com\/redirect?url=https%3A%2F%2Fwww.amazon.es%2Fdp%2FB087NC9BFG%3Ftag%3Dxatakahome-21%26linkCode%3Dogi%26th%3D1%26psc%3D1&amp;category=seleccion&amp;pivot=1&amp;ecomPostExpiration=perish&amp;postId=115931\" title=\"Precio actualizado hoy\" class=\"pivot-action-btn metrics-pivot-btn pivot-action-primary\">Hoy en Amazon \u2014 <strong><span class=\"js-deal-price\">24,12<\/span> \u20ac<\/strong><\/a>\n <\/div>\n<\/p><\/div>\n<\/p><\/div>\n<\/p><\/div>\n<div class=\"pivot-link-msg\">* Alg\u00fan precio puede haber cambiado desde la \u00faltima revisi\u00f3n<\/div>\n<\/p><\/div>\n<p><!-- PIVOT END --><\/p>\n<p><em>Nota: algunos de los enlaces aqu\u00ed publicados son de afiliados y pueden reportar un beneficio.<\/em><\/p>\n<p>Im\u00e1genes | Webedia y Vileda<\/p>\n<p>En Xataka Smart Home | <a class=\"text-outboundlink\" href=\"https:\/\/www.xatakahome.com\/seleccion\/cinco-tendederos-electricos-plegables-que-seguir-tecnica-japonesa-secar-ropa-casa\" data-vars-post-title=\"Cinco tendederos el\u00e9ctricos plegables con los que seguir la t\u00e9cnica japonesa de secar la ropa en casa \" data-vars-post-url=\"https:\/\/www.xatakahome.com\/seleccion\/cinco-tendederos-electricos-plegables-que-seguir-tecnica-japonesa-secar-ropa-casa\" data-id=\"noopener noreferrer\">Cinco tendederos el\u00e9ctricos plegables con los que seguir la t\u00e9cnica japonesa de secar la ropa en casa<\/a><\/p>\n<p>En Xataka Smart Home | <a class=\"text-outboundlink\" href=\"https:\/\/www.xatakahome.com\/seleccion\/miedo-a-lluvia-este-invierno-estos-cinco-tendederos-electricos-clave-para-secar-tu-ropa\" data-vars-post-title=\"Sin miedo a la lluvia este invierno: estos cinco tendederos el\u00e9ctricos son la clave para secar tu ropa  \" data-vars-post-url=\"https:\/\/www.xatakahome.com\/seleccion\/miedo-a-lluvia-este-invierno-estos-cinco-tendederos-electricos-clave-para-secar-tu-ropa\" data-id=\"noopener noreferrer\">Sin miedo a la lluvia este invierno: estos cinco tendederos el\u00e9ctricos son la clave para secar tu ropa<\/a><\/p>\n<p><script>\n (function() {\n  window._JS_MODULES = window._JS_MODULES || {};\n  var headElement = document.getElementsByTagName('head')[0];\n  if (_JS_MODULES.instagram) {\n   var instagramScript = document.createElement('script');\n   instagramScript.src = 'https:\/\/platform.instagram.com\/en_US\/embeds.js';\n   instagramScript.async = true;\n   instagramScript.defer = true;\n   headElement.appendChild(instagramScript);\n  }\n })();\n<\/script><\/p>\n<p> &#8211; <br \/> La noticia<br \/>\n      <a href=\"https:\/\/www.xatakahome.com\/seleccion\/adios-secadora-lidl-liquida-este-tendedero-que-secar-ropa-dias-lluvia-que-cuesta-5-euros?utm_source=feedburner&amp;utm_medium=feed&amp;utm_campaign=07_Jan_2025\"><br \/>\n       <em> Adi\u00f3s secadora: Lidl liquida este tendedero con el que secar la ropa en d\u00edas de lluvia y que cuesta menos de 5 euros <\/em><br \/>\n      <\/a><br \/>\n      fue publicada originalmente en<br \/>\n      <a href=\"https:\/\/www.xatakahome.com\/?utm_source=feedburner&amp;utm_medium=feed&amp;utm_campaign=07_Jan_2025\"><br \/>\n       <strong> Xataka Smart Home <\/strong><br \/>\n      <\/a><br \/>\n             por <a href=\"https:\/\/www.xatakahome.com\/autor\/fran-leon?utm_source=feedburner&amp;utm_medium=feed&amp;utm_campaign=07_Jan_2025\"><br \/>\n        Fran Le\u00f3n<br \/>\n       <\/a><br \/>\n      . <\/p>\n<\/div>\n","protected":false},"excerpt":{"rendered":"<p>Los d\u00edas de lluvia continuados son un total engorro para secar la ropa, incluso lograr tener secas prendas de ropa peque\u00f1as, puede ser una odisea. Si tienes poco espacio en casa, Lidl tiene la soluci\u00f3n ideal para poder tener la colada siempre lista. Se trata de este tendedero compacto de Vileda que cuesta 4,99 euros. &hellip; <a href=\"https:\/\/domosistemas.com\/?p=27001\" class=\"more-link\">Sigue leyendo <span class=\"screen-reader-text\">Adi\u00f3s secadora: Lidl liquida este tendedero con el que secar la ropa en d\u00edas de lluvia y que cuesta menos de 5 euros<\/span><\/a><\/p>\n","protected":false},"author":1,"featured_media":0,"comment_status":"closed","ping_status":"closed","sticky":false,"template":"","format":"standard","meta":{"footnotes":""},"categories":[8],"tags":[],"class_list":["post-27001","post","type-post","status-publish","format-standard","hentry","category-xataka"],"_links":{"self":[{"href":"https:\/\/domosistemas.com\/index.php?rest_route=\/wp\/v2\/posts\/27001","targetHints":{"allow":["GET"]}}],"collection":[{"href":"https:\/\/domosistemas.com\/index.php?rest_route=\/wp\/v2\/posts"}],"about":[{"href":"https:\/\/domosistemas.com\/index.php?rest_route=\/wp\/v2\/types\/post"}],"author":[{"embeddable":true,"href":"https:\/\/domosistemas.com\/index.php?rest_route=\/wp\/v2\/users\/1"}],"replies":[{"embeddable":true,"href":"https:\/\/domosistemas.com\/index.php?rest_route=%2Fwp%2Fv2%2Fcomments&post=27001"}],"version-history":[{"count":0,"href":"https:\/\/domosistemas.com\/index.php?rest_route=\/wp\/v2\/posts\/27001\/revisions"}],"wp:attachment":[{"href":"https:\/\/domosistemas.com\/index.php?rest_route=%2Fwp%2Fv2%2Fmedia&parent=27001"}],"wp:term":[{"taxonomy":"category","embeddable":true,"href":"https:\/\/domosistemas.com\/index.php?rest_route=%2Fwp%2Fv2%2Fcategories&post=27001"},{"taxonomy":"post_tag","embeddable":true,"href":"https:\/\/domosistemas.com\/index.php?rest_route=%2Fwp%2Fv2%2Ftags&post=27001"}],"curies":[{"name":"wp","href":"https:\/\/api.w.org\/{rel}","templated":true}]}}