{"id":27004,"date":"2025-01-07T09:10:00","date_gmt":"2025-01-07T09:10:00","guid":{"rendered":"https:\/\/domosistemas.com\/?p=27004"},"modified":"2025-01-07T09:10:00","modified_gmt":"2025-01-07T09:10:00","slug":"tengo-calefaccion-electrica-en-casa-y-esta-es-la-temperatura-que-pongo-para-estar-calentitos-ahorrando-en-el-recibo-de-la-luz","status":"publish","type":"post","link":"https:\/\/domosistemas.com\/?p=27004","title":{"rendered":"Tengo calefacci\u00f3n el\u00e9ctrica en casa y esta es la temperatura que pongo para estar calentitos ahorrando en el recibo de la luz"},"content":{"rendered":"<div>\n<p>\n      <img decoding=\"async\" src=\"https:\/\/i.blogs.es\/ce7237\/markus-winkler-5g_vwytfp8o-unsplash\/1024_2000.jpeg\" alt=\"Tengo calefacci\u00f3n el\u00e9ctrica en casa y esta es la temperatura que pongo para estar calentitos ahorrando en el recibo de la luz\">\n    <\/p>\n<p>Con el <a class=\"text-outboundlink\" href=\"https:\/\/www.xataka.com\/energia\/precio-electricidad-caro-historia-manana-tarde-se-pagara-a-700-eur-mwh\" data-vars-post-title=\"El precio de la electricidad m\u00e1s caro de la historia: ma\u00f1ana por la tarde se pagar\u00e1 a 700 \u20ac\/MWh\" data-vars-post-url=\"https:\/\/www.xataka.com\/energia\/precio-electricidad-caro-historia-manana-tarde-se-pagara-a-700-eur-mwh\">precio de la electricidad disparado<\/a>, el del gas y el gasoil por las nubes, los sistemas de calefacci\u00f3n tradicionales como las <strong>estufas de le\u00f1a<\/strong> o incluso las <strong>m\u00e1s modernas de pellets<\/strong> han ido creciendo en popularidad en los \u00faltimos a\u00f1os.<\/p>\n<p><!-- BREAK 1 --><\/p>\n<p>Sin embargo, si ya tienes un sistema de calefacci\u00f3n el\u00e9ctrico y no quieres cambiar por los elevados costes que supone, puedes seguir us\u00e1ndolo de forma inteligente para gastar lo menos posible, e incluso <a class=\"text-outboundlink\" href=\"https:\/\/www.xatakahome.com\/a-fondo\/combinar-calefaccion-electrica-caldera-gas-estufas-pellets-lena-asi-puedes-hacerlo-para-ahorrar-a-final-mes\" data-vars-post-title=\"Combinar calefacci\u00f3n el\u00e9ctrica con caldera de gas y estufas de pellets o le\u00f1a: as\u00ed puedes hacerlo para ahorrar a final de mes\" data-vars-post-url=\"https:\/\/www.xatakahome.com\/a-fondo\/combinar-calefaccion-electrica-caldera-gas-estufas-pellets-lena-asi-puedes-hacerlo-para-ahorrar-a-final-mes\">combinarlo con estas otras alternativas<\/a> basadas en combustibles tradicionales.<\/p>\n<p><!-- BREAK 2 --><\/p>\n<p>En ambos casos, <strong>elegir una temperatura adecuada<\/strong> es el primer punto esencial para no derrochar energ\u00eda y evitar que suba la factura a final de mes, algo que en casa tenemos muy presente en nuestro sistema de calefacci\u00f3n el\u00e9ctrico.<\/p>\n<p><!-- BREAK 3 --><\/p>\n<div class=\"article-asset article-asset-normal article-asset-center\">\n<div class=\"desvio-container\">\n<div class=\"desvio\">\n<div class=\"desvio-figure js-desvio-figure\">\n    <a href=\"https:\/\/www.xatakahome.com\/a-fondo\/termostato-tu-calefaccion-no-esta-ahi-adorno-como-puedes-usarlo-forma-inteligente-para-ahorrar-energia-pasar-frio\" class=\"pivot-outboundlink\" data-vars-post-title=\"El termostato de tu calefacci\u00f3n no est\u00e1 ah\u00ed de adorno: c\u00f3mo puedes usarlo de forma inteligente para ahorrar energ\u00eda sin pasar fr\u00edo\"><br \/>\n     <img loading=\"lazy\" decoding=\"async\" alt=\"El termostato de tu calefacci\u00f3n no est\u00e1 ah\u00ed de adorno: c\u00f3mo puedes usarlo de forma inteligente para ahorrar energ\u00eda sin pasar fr\u00edo\" width=\"375\" height=\"142\" src=\"https:\/\/i.blogs.es\/f0273b\/will-xst4n6jnlvu-unsplash\/375_142.webp\" onerror='this.src=\"https:\/\/i.blogs.es\/f0273b\/will-xst4n6jnlvu-unsplash\/375_142.jpeg\"'><br \/>\n    <\/a>\n   <\/div>\n<div class=\"desvio-summary\">\n<div class=\"desvio-taxonomy js-desvio-taxonomy\">\n     <a href=\"https:\/\/www.xatakahome.com\/a-fondo\/termostato-tu-calefaccion-no-esta-ahi-adorno-como-puedes-usarlo-forma-inteligente-para-ahorrar-energia-pasar-frio\" class=\"desvio-taxonomy-anchor pivot-outboundlink\" data-vars-post-title=\"El termostato de tu calefacci\u00f3n no est\u00e1 ah\u00ed de adorno: c\u00f3mo puedes usarlo de forma inteligente para ahorrar energ\u00eda sin pasar fr\u00edo\">En Xataka Smart Home<\/a>\n    <\/div>\n<p>    <a href=\"https:\/\/www.xatakahome.com\/a-fondo\/termostato-tu-calefaccion-no-esta-ahi-adorno-como-puedes-usarlo-forma-inteligente-para-ahorrar-energia-pasar-frio\" class=\"desvio-title js-desvio-title pivot-outboundlink\" data-vars-post-title=\"El termostato de tu calefacci\u00f3n no est\u00e1 ah\u00ed de adorno: c\u00f3mo puedes usarlo de forma inteligente para ahorrar energ\u00eda sin pasar fr\u00edo\">El termostato de tu calefacci\u00f3n no est\u00e1 ah\u00ed de adorno: c\u00f3mo puedes usarlo de forma inteligente para ahorrar energ\u00eda sin pasar fr\u00edo<\/a>\n   <\/div>\n<\/p><\/div>\n<\/p><\/div>\n<\/div>\n<h2>Esta es la temperatura que tenemos puesta en casa<\/h2>\n<p>En mi caso, tenemos ahora mismo para cubrir toda la vivienda instalados los modelos de aire acondicionado con bomba de calor <strong>Mitsubishi Electric<\/strong> <a rel=\"noopener, noreferrer\" href=\"https:\/\/www.mitsubishielectric.es\/aire-acondicionado\/series\/msz-ap\/\" data-id=\"noopener, noreferrer\">MSZ-AP35VG y dos MSZ-AP25VG<\/a>, ambos muy similares en cuanto a tecnolog\u00eda pero con especificaciones ligeramente diferentes, ya que el primero ofrece una potencia de fr\u00edo de <strong>3.010 frigor\u00edas hora<\/strong> frente a las <strong>2.150 frigor\u00edas hora<\/strong> de su hermano menor.<\/p>\n<p><!-- BREAK 4 --><\/p>\n<p>Tambi\u00e9n contamos con una <strong>estufa de le\u00f1a tradicional<\/strong> que encendemos los d\u00edas muy fr\u00edos, pero que no cuenta con termostato ni control de la temperatura de ning\u00fan tipo, por lo que solo es posible regular el calor en funci\u00f3n del combustible que eches y de la entrada de aire que permitas a la combusti\u00f3n.<\/p>\n<p><!-- BREAK 5 --><\/p>\n<div class=\"article-asset-image article-asset-normal article-asset-center\">\n<div class=\"asset-content\">\n<p>   <img decoding=\"async\" alt=\"calefaccion\" class=\"centro_sinmarco\" src=\"https:\/\/i.blogs.es\/4da389\/1366_2000\/450_1000.webp\"><\/p><\/div>\n<\/div>\n<p>No obstante en el d\u00eda a d\u00eda y salvo que haya alg\u00fan temporal con muy bajas temperaturas optamos solo por las <strong>bombas de calor el\u00e9ctricas<\/strong>. \u00bfA qu\u00e9 temperatura? Pues en principio intentamos elegir la <a class=\"text-outboundlink\" href=\"https:\/\/www.xatakahome.com\/hogar\/temperatura-minima-casa-para-tener-buena-salud-ideal-para-no-derrochar-calefaccion-durante-invierno\" data-vars-post-title=\"La temperatura m\u00ednima en casa para tener buena salud y la ideal para no derrochar calefacci\u00f3n durante el invierno \" data-vars-post-url=\"https:\/\/www.xatakahome.com\/hogar\/temperatura-minima-casa-para-tener-buena-salud-ideal-para-no-derrochar-calefaccion-durante-invierno\">temperatura ideal recomendada por diferentes estudios y expertos<\/a>, que se sit\u00faa en invierno <strong>entre los 21\u00b0C y los 23\u00b0C<\/strong> para el horario diurno y entre 15\u00b0C y 17\u00b0C en horario nocturno. Si sobrepasamos estos 23 grados el aire estar\u00e1 m\u00e1s reseco, aumentar\u00e1 la \u00a0incomodidad dentro de casa y dispararemos el consumo energ\u00e9tico en cuanto vayan bajando las temperaturas exteriores, sobre todo si nuestra vivienda no cuenta con un buen aislamiento.<\/p>\n<p><!-- BREAK 6 --><\/p>\n<p>Sin embargo, si ponemos directamente esa cifra en el mando a distancia de los aparatos<strong> nunca llegamos a conseguirla<\/strong> en el lugar donde solemos estar sentados o haciendo vida cotidiana.<\/p>\n<p><!-- BREAK 7 --><\/p>\n<p>El problema es que los termostatos de los aparatos est\u00e1n situados bajo su carcasa a una altura de casi 2 metros, por lo que <strong>detectan siempre el aire m\u00e1s caliente del que hay realmente<\/strong> en la zona inferior de la sala, por lo que en la pr\u00e1ctica tenemos de dos a cuatro grados menos donde estamos sentados.<\/p>\n<p><!-- BREAK 8 --><\/p>\n<div class=\"article-asset-video article-asset-normal\">\n<div class=\"asset-content\">\n<div class=\"base-asset-video\">\n<div class=\"js-dailymotion\">\n    <script type=\"application\/json\">\n                          {\"videoId\":\"x88tf3k\",\"autoplay\":true,\"title\":\"AHORRA EN TU FACTURA DE LA LUZ: Las MEJORES OPCIONES para conocer los PRECIOS EN TU M\u00d3VIL\", \"tag\":\"webedia-prod\", \"duration\":\"258\"}\n                  <\/script>\n   <\/div>\n<\/p><\/div>\n<\/p><\/div>\n<\/div>\n<p>Esto puede hacer que si por ejemplo tenemos seleccionada en la m\u00e1quina una temperatura objetivo de <strong>20-21 grados<\/strong>, que a priori ser\u00eda suficiente para estar confortables con ropa de cierto abrigo, en la pr\u00e1ctica la que estaremos teniendo a nuestro alrededor si la medimos con un term\u00f3metro aparte mientras estamos sentados en el sill\u00f3n es de <strong>17-18 grados.<\/strong><\/p>\n<p><!-- BREAK 9 --><\/p>\n<p>Por ello la temperatura ideal que seleccionemos en el mando a distancia <strong>nunca parece llegar a alcanzarse y estaremos siempre con sensaci\u00f3n de fr\u00edo<\/strong> a no ser que subamos varios varios grados el termostato. \u00bfCu\u00e1l seleccionamos entonces? Pues en mi caso hacemos dos distinciones, en funci\u00f3n de si el d\u00eda es de \u00abfr\u00edo normal\u00bb o \u00abmuy fr\u00edo\u00bb.<\/p>\n<p><!-- BREAK 10 --><\/p>\n<p>En el primer caso solemos poner un valor de unos <strong>23 \u00baC<\/strong> en los termostatos de los mandos, suficiente para lograr cerca de <strong>20 grados reales<\/strong> en la zona de habitabilidad. En el segundo caso, cuando hace un d\u00eda de mucho m\u00e1s fr\u00edo y la diferencia t\u00e9rmica entre suelo y techos es mayor, tenemos que elevar uno o dos grados el termostato seleccionando unos <strong>24-25 \u00baC<\/strong> en el mando para tener esos <strong>20 grados reales<\/strong> en la zona inferior.<\/p>\n<p><!-- BREAK 11 --><\/p>\n<p>Imagen portada | <a rel=\"noopener, noreferrer\" href=\"https:\/\/unsplash.com\/es\/@markuswinkler\">Markus Winkler<\/a><\/p>\n<p>En Xataka Samrt Home | <a class=\"text-outboundlink\" href=\"https:\/\/www.xatakahome.com\/a-fondo\/estas-temperatura-minima-ideal-queremos-buena-salud-no-derrochar-energia-casa\" data-vars-post-title=\"La temperatura m\u00ednima en casa para tener buena salud y la ideal para no derrochar calefacci\u00f3n durante el invierno\" data-vars-post-url=\"https:\/\/www.xatakahome.com\/a-fondo\/estas-temperatura-minima-ideal-queremos-buena-salud-no-derrochar-energia-casa\">La temperatura m\u00ednima en casa para tener buena salud y la ideal para no derrochar calefacci\u00f3n durante el invierno<\/a><\/p>\n<p><script>\n (function() {\n  window._JS_MODULES = window._JS_MODULES || {};\n  var headElement = document.getElementsByTagName('head')[0];\n  if (_JS_MODULES.instagram) {\n   var instagramScript = document.createElement('script');\n   instagramScript.src = 'https:\/\/platform.instagram.com\/en_US\/embeds.js';\n   instagramScript.async = true;\n   instagramScript.defer = true;\n   headElement.appendChild(instagramScript);\n  }\n })();\n<\/script><\/p>\n<p> &#8211; <br \/> La noticia<br \/>\n      <a href=\"https:\/\/www.xatakahome.com\/hogar\/tengo-calefaccion-electrica-casa-esta-temperatura-que-pongo-para-estar-calentitos-ahorrando-recibo-luz?utm_source=feedburner&amp;utm_medium=feed&amp;utm_campaign=07_Jan_2025\"><br \/>\n       <em> Tengo calefacci\u00f3n el\u00e9ctrica en casa y esta es la temperatura que pongo para estar calentitos ahorrando en el recibo de la luz <\/em><br \/>\n      <\/a><br \/>\n      fue publicada originalmente en<br \/>\n      <a href=\"https:\/\/www.xatakahome.com\/?utm_source=feedburner&amp;utm_medium=feed&amp;utm_campaign=07_Jan_2025\"><br \/>\n       <strong> Xataka Smart Home <\/strong><br \/>\n      <\/a><br \/>\n             por <a href=\"https:\/\/www.xatakahome.com\/autor\/paco-rodriguez?utm_source=feedburner&amp;utm_medium=feed&amp;utm_campaign=07_Jan_2025\"><br \/>\n        Paco Rodriguez<br \/>\n       <\/a><br \/>\n      . <\/p>\n<\/div>\n","protected":false},"excerpt":{"rendered":"<p>Con el precio de la electricidad disparado, el del gas y el gasoil por las nubes, los sistemas de calefacci\u00f3n tradicionales como las estufas de le\u00f1a o incluso las m\u00e1s modernas de pellets han ido creciendo en popularidad en los \u00faltimos a\u00f1os. Sin embargo, si ya tienes un sistema de calefacci\u00f3n el\u00e9ctrico y no quieres &hellip; <a href=\"https:\/\/domosistemas.com\/?p=27004\" class=\"more-link\">Sigue leyendo <span class=\"screen-reader-text\">Tengo calefacci\u00f3n el\u00e9ctrica en casa y esta es la temperatura que pongo para estar calentitos ahorrando en el recibo de la luz<\/span><\/a><\/p>\n","protected":false},"author":1,"featured_media":0,"comment_status":"closed","ping_status":"closed","sticky":false,"template":"","format":"standard","meta":{"footnotes":""},"categories":[8],"tags":[],"class_list":["post-27004","post","type-post","status-publish","format-standard","hentry","category-xataka"],"_links":{"self":[{"href":"https:\/\/domosistemas.com\/index.php?rest_route=\/wp\/v2\/posts\/27004","targetHints":{"allow":["GET"]}}],"collection":[{"href":"https:\/\/domosistemas.com\/index.php?rest_route=\/wp\/v2\/posts"}],"about":[{"href":"https:\/\/domosistemas.com\/index.php?rest_route=\/wp\/v2\/types\/post"}],"author":[{"embeddable":true,"href":"https:\/\/domosistemas.com\/index.php?rest_route=\/wp\/v2\/users\/1"}],"replies":[{"embeddable":true,"href":"https:\/\/domosistemas.com\/index.php?rest_route=%2Fwp%2Fv2%2Fcomments&post=27004"}],"version-history":[{"count":0,"href":"https:\/\/domosistemas.com\/index.php?rest_route=\/wp\/v2\/posts\/27004\/revisions"}],"wp:attachment":[{"href":"https:\/\/domosistemas.com\/index.php?rest_route=%2Fwp%2Fv2%2Fmedia&parent=27004"}],"wp:term":[{"taxonomy":"category","embeddable":true,"href":"https:\/\/domosistemas.com\/index.php?rest_route=%2Fwp%2Fv2%2Fcategories&post=27004"},{"taxonomy":"post_tag","embeddable":true,"href":"https:\/\/domosistemas.com\/index.php?rest_route=%2Fwp%2Fv2%2Ftags&post=27004"}],"curies":[{"name":"wp","href":"https:\/\/api.w.org\/{rel}","templated":true}]}}