{"id":27009,"date":"2025-01-07T14:08:23","date_gmt":"2025-01-07T14:08:23","guid":{"rendered":"https:\/\/domosistemas.com\/?p=27009"},"modified":"2025-01-07T14:08:23","modified_gmt":"2025-01-07T14:08:23","slug":"asi-es-como-tcl-quiere-mejorar-sus-smart-tv-miniled-este-2025-el-control-de-la-retroiluminacion-es-la-clave","status":"publish","type":"post","link":"https:\/\/domosistemas.com\/?p=27009","title":{"rendered":"As\u00ed es como TCL quiere mejorar sus Smart TV miniLED este 2025: el control de la retroiluminaci\u00f3n es la clave"},"content":{"rendered":"<div>\n<p>\n      <img decoding=\"async\" src=\"https:\/\/i.blogs.es\/1ac66b\/1-qm6k-landingpage1600x780-4k-ultra-hd-resolution\/1024_2000.jpeg\" alt=\"As\u00ed es como TCL quiere mejorar sus Smart TV miniLED este 2025: el control de la retroiluminaci\u00f3n es la clave  \">\n    <\/p>\n<p>Hace unos d\u00edas habl\u00e1bamos del nuevo <strong>televisor de gama media de TCL<\/strong>, el <a class=\"text-outboundlink\" href=\"https:\/\/www.xatakahome.com\/televisores\/nuevo-televisor-tcl-llega-panel-miniled-ultima-generacion-sonido-bang-olufsen-3000-nits-brillo\" data-vars-post-title=\"El nuevo televisor de TCL llega con panel miniLED de \u00faltima generaci\u00f3n, sonido Bang &amp; Olufsen y hasta 3000 nits de brillo \" data-vars-post-url=\"https:\/\/www.xatakahome.com\/televisores\/nuevo-televisor-tcl-llega-panel-miniled-ultima-generacion-sonido-bang-olufsen-3000-nits-brillo\">C11K<\/a>, para el mercado chino, un modelo que ser\u00eda la antesala de una serie de novedades que anunciar\u00edan en el <a href=\"https:\/\/www.xatakahome.com\/tag\/ces-2025\">CES 2025<\/a>.<\/p>\n<p><!-- BREAK 1 --><\/p>\n<p>Pues dicho y hecho, finalmente el fabricante ha estado presente en una interesante conferencia en el CES donde han avanzado algunas de las <strong>tecnolog\u00edas que llegar\u00e1n este a\u00f1o a sus televisores inteligentes<\/strong>, y m\u00e1s concretamente a la gama <a class=\"text-outboundlink\" href=\"https:\/\/www.xatakahome.com\/televisores\/televisores-lcd-miniled-que-ventajas-ofrecen-respecto-a-lcd-tradicionales-que-debes-fijarte-al-comprar-uno\" data-vars-post-title=\"Televisores LCD-miniLED: qu\u00e9 ventajas ofrecen con respecto a los LCD tradicionales y en qu\u00e9 conviene fijarse al comprar uno\" data-vars-post-url=\"https:\/\/www.xatakahome.com\/televisores\/televisores-lcd-miniled-que-ventajas-ofrecen-respecto-a-lcd-tradicionales-que-debes-fijarte-al-comprar-uno\">miniLED<\/a>.<\/p>\n<p><!-- BREAK 2 --><\/p>\n<div class=\"article-asset article-asset-normal article-asset-center\">\n<div class=\"desvio-container\">\n<div class=\"desvio\">\n<div class=\"desvio-figure js-desvio-figure\">\n    <a href=\"https:\/\/www.xatakahome.com\/televisores\/adios-a-que-teles-lcd-se-vean-peor-lados-esta-tecnologia-tcl-promete-solucionarlo-a-partir-proximo-ano\" class=\"pivot-outboundlink\" data-vars-post-title=\"Adi\u00f3s a que las teles LCD se vean peor desde los lados: esta tecnolog\u00eda de TCL promete solucionarlo a partir del pr\u00f3ximo a\u00f1o \"><br \/>\n     <img loading=\"lazy\" decoding=\"async\" alt=\"Adi\u00f3s a que las teles LCD se vean peor desde los lados: esta tecnolog\u00eda de TCL promete solucionarlo a partir del pr\u00f3ximo a\u00f1o \" width=\"375\" height=\"142\" src=\"https:\/\/i.blogs.es\/68b308\/paneles-teles\/375_142.webp\" onerror='this.src=\"https:\/\/i.blogs.es\/68b308\/paneles-teles\/375_142.jpeg\"'><br \/>\n    <\/a>\n   <\/div>\n<div class=\"desvio-summary\">\n<div class=\"desvio-taxonomy js-desvio-taxonomy\">\n     <a href=\"https:\/\/www.xatakahome.com\/televisores\/adios-a-que-teles-lcd-se-vean-peor-lados-esta-tecnologia-tcl-promete-solucionarlo-a-partir-proximo-ano\" class=\"desvio-taxonomy-anchor pivot-outboundlink\" data-vars-post-title=\"Adi\u00f3s a que las teles LCD se vean peor desde los lados: esta tecnolog\u00eda de TCL promete solucionarlo a partir del pr\u00f3ximo a\u00f1o \">En Xataka Smart Home<\/a>\n    <\/div>\n<p>    <a href=\"https:\/\/www.xatakahome.com\/televisores\/adios-a-que-teles-lcd-se-vean-peor-lados-esta-tecnologia-tcl-promete-solucionarlo-a-partir-proximo-ano\" class=\"desvio-title js-desvio-title pivot-outboundlink\" data-vars-post-title=\"Adi\u00f3s a que las teles LCD se vean peor desde los lados: esta tecnolog\u00eda de TCL promete solucionarlo a partir del pr\u00f3ximo a\u00f1o \">Adi\u00f3s a que las teles LCD se vean peor desde los lados: esta tecnolog\u00eda de TCL promete solucionarlo a partir del pr\u00f3ximo a\u00f1o <\/a>\n   <\/div>\n<\/p><\/div>\n<\/p><\/div>\n<\/div>\n<h2>As\u00ed mejorar\u00e1 TCL sus teles miniLED en 2025<\/h2>\n<div class=\"article-asset-image article-asset-normal article-asset-center\">\n<div class=\"asset-content\">\n<p>   <img decoding=\"async\" alt=\"TCL\" class=\"centro_sinmarco\" src=\"https:\/\/i.blogs.es\/6d4900\/2-qm6k-landingpagehalo-1440x817\/450_1000.webp\"><\/p><\/div>\n<\/div>\n<p>TCL ha detallado parte de su tecnolog\u00eda <strong>LCD miniLED de pr\u00f3xima generaci\u00f3n<\/strong> en el CES 2025, describiendo su sistema de retroiluminaci\u00f3n de pr\u00f3xima generaci\u00f3n para televisores LCD que esta temporada vendr\u00e1 con importantes mejoras.<\/p>\n<p><!-- BREAK 3 --><\/p>\n<p>El fabricante explic\u00f3 que su nuevo controlador de retroiluminaci\u00f3n de <strong>23 bits<\/strong> ofrecer\u00e1 m\u00e1s de <strong>65.000 niveles de control<\/strong> de luminancia en los paneles miniLED, con una eficiencia mejorada del 10% y <strong>hasta un 53% m\u00e1s de brillo<\/strong>, todo ello gracias a un nuevo chip de control para el sistema de iluminaci\u00f3n.<\/p>\n<p><!-- BREAK 4 --><\/p>\n<div class=\"article-asset-image article-asset-normal article-asset-center\">\n<div class=\"asset-content\">\n<p>   <img decoding=\"async\" alt=\"Tcl9989\" class=\"centro_sinmarco\" src=\"https:\/\/i.blogs.es\/f38bd8\/tcl9989\/450_1000.webp\"><\/p><\/div>\n<\/div>\n<p>Otra innovaci\u00f3n para 2025 es el sistema &#8216;<strong>Zero Delay Transient Response<\/strong>&#8216; de TCL, que seg\u00fan la compa\u00f1\u00eda ofrece \u00abpr\u00e1cticamente ning\u00fan retraso entre la se\u00f1al de entrada y la respuesta de la luz de fondo\u00bb. Con ello consiguen, seg\u00fan han comentado, eliminar los retrasos en las zonas miniLED al pasar de im\u00e1genes muy oscuras a muy brillantes para obtener negros m\u00e1s profundos y un brillo m\u00e1ximo m\u00e1s preciso.<\/p>\n<p><!-- BREAK 5 --><\/p>\n<p>El n\u00famero de zonas de atenuaci\u00f3n miniLED aumentar\u00e1 en 2025, pero depender\u00e1 del modelo de TV y no han concretado cu\u00e1ntas tendr\u00e1n. Otras mejoras incluyen una <strong>distancia \u00f3ptica a\u00fan m\u00e1s reducida<\/strong> para lograr una mejora del 86% en la uniformidad de la luz de fondo, as\u00ed como el uso de microlentes para enfocar la luz de cada LED, reduciendo el efecto blooming.<\/p>\n<p><!-- BREAK 6 --><\/p>\n<div class=\"article-asset-image article-asset-normal article-asset-center\">\n<div class=\"asset-content\">\n<p>   <img decoding=\"async\" alt=\"TCL\" class=\"centro_sinmarco\" src=\"https:\/\/i.blogs.es\/bd15b3\/3-qm6k-landingpageqd-mini-led-1440x817\/450_1000.webp\"><\/p><\/div>\n<\/div>\n<p>El panel LCD miniLED de 2025 tambi\u00e9n contar\u00e1 con una <strong>nueva pel\u00edcula de puntos cu\u00e1nticos<\/strong> que ofrece una <strong>cobertura de color DCI-P3 de hasta el 98 %<\/strong> para pel\u00edculas y juegos HDR (los modelos actuales de TCL ofrecen alrededor del 95 % del espacio DCI-P3).<\/p>\n<p><!-- BREAK 7 --><\/p>\n<p>Adem\u00e1s, TCL insinu\u00f3 que algunos modelos de 2025 contar\u00e1n con un panel LCD con <strong>\u00e1ngulos de visi\u00f3n m\u00e1s amplios<\/strong>, lo que aparentemente confirma los rumores sobre el debut del <a class=\"text-outboundlink\" href=\"https:\/\/www.xatakahome.com\/televisores\/adios-a-que-teles-lcd-se-vean-peor-lados-esta-tecnologia-tcl-promete-solucionarlo-a-partir-proximo-ano\" data-vars-post-title=\"Adi\u00f3s a que las teles LCD se vean peor desde los lados: esta tecnolog\u00eda de TCL promete solucionarlo a partir del pr\u00f3ximo a\u00f1o \" data-vars-post-url=\"https:\/\/www.xatakahome.com\/televisores\/adios-a-que-teles-lcd-se-vean-peor-lados-esta-tecnologia-tcl-promete-solucionarlo-a-partir-proximo-ano\">panel LCD WHVA<\/a> que ya comentamos hace meses, manteniendo los estupendos <strong>contrastes nativos de hasta 7000:1<\/strong>, seg\u00fan modelo.<\/p>\n<p><!-- BREAK 8 --><\/p>\n<h2>Nueva Smart TV TCL QM6K y <strong>QM7K<\/strong><\/h2>\n<div class=\"article-asset-image article-asset-normal article-asset-center\">\n<div class=\"asset-content\">\n<p>   <img decoding=\"async\" alt=\"Tcl98988899\" class=\"centro_sinmarco\" src=\"https:\/\/i.blogs.es\/24c011\/tcl98988899\/450_1000.webp\"><\/p><\/div>\n<\/div>\n<p>Estos avances se integrar\u00e1n por primera vez en el <strong>televisor QM6K<\/strong> con el lema que TCL denomina &#8216;Precise Dimming&#8217;. Se lanzar\u00e1 en Am\u00e9rica del Norte en el primer trimestre en tama\u00f1os que van desde <strong>50 a 98 pulgadas<\/strong> y alrededor de <strong>500 zonas de atenuaci\u00f3n<\/strong>, lo que la situar\u00e1 en la gama media.<\/p>\n<p><!-- BREAK 9 --><\/p>\n<p>Ofrecer\u00e1 un panel <strong>LCD 4K de 144 Hz<\/strong> con un modo VRR de media resoluci\u00f3n de 288 Hz, sistema operativo <strong>Google TV<\/strong>, compatibilidad con Dolby Vision y Dolby Atmos con un sistema de sonido 2.1 firmado por Onkyo.<\/p>\n<p><!-- BREAK 10 --><\/p>\n<div class=\"article-asset-image article-asset-normal article-asset-center\">\n<div class=\"asset-content\">\n<p>   <img decoding=\"async\" alt=\"Tcl89\" class=\"centro_sinmarco\" src=\"https:\/\/i.blogs.es\/c53dd0\/tcl89\/450_1000.webp\"><\/p><\/div>\n<\/div>\n<p>El QM6K de TCL estar\u00e1 disponible en <strong>50 pulgadas por 750 d\u00f3lares<\/strong>, 55 pulgadas por 800 d\u00f3lares, 65 pulgadas por 1000 d\u00f3lares, 75 pulgadas por 1300 d\u00f3lares, 85 pulgadas por 2000 d\u00f3lares y 98 pulgadas por 3500 d\u00f3lares.<\/p>\n<p><!-- BREAK 11 --><\/p>\n<p>TCL tambi\u00e9n anunci\u00f3 un <strong>nuevo modelo QM7K<\/strong>, que estar\u00e1 disponible en tama\u00f1os de hasta <strong>115 pulgadas <\/strong>y que reemplaza al actual QM891G de 115 pulgadas, aunque no ha se\u00f1alado precios ni fechas de lanzamiento.<\/p>\n<p><!-- BREAK 12 --><\/p>\n<p>M\u00e1s informaci\u00f3n | <a rel=\"noopener, noreferrer\" href=\"https:\/\/www.tcl.com\/us\/en\/press-releases\/tcl-next-gen-qd-mini-led-qm6k\">TCL<\/a><\/p>\n<p>En Xataka Smart Home | <a class=\"text-outboundlink\" href=\"https:\/\/www.xatakahome.com\/televisores\/problemas-defectos-e-imperfecciones-importantes-televisores-paneles-lcd-oled-actuales-1\" data-vars-post-title=\"Problemas, defectos e imperfecciones m\u00e1s importantes de los televisores con paneles LCD y OLED actuales\" data-vars-post-url=\"https:\/\/www.xatakahome.com\/televisores\/problemas-defectos-e-imperfecciones-importantes-televisores-paneles-lcd-oled-actuales-1\">Problemas, defectos e imperfecciones m\u00e1s importantes de los televisores con paneles LCD y OLED actuales<\/a><\/p>\n<p><script>\n (function() {\n  window._JS_MODULES = window._JS_MODULES || {};\n  var headElement = document.getElementsByTagName('head')[0];\n  if (_JS_MODULES.instagram) {\n   var instagramScript = document.createElement('script');\n   instagramScript.src = 'https:\/\/platform.instagram.com\/en_US\/embeds.js';\n   instagramScript.async = true;\n   instagramScript.defer = true;\n   headElement.appendChild(instagramScript);\n  }\n })();\n<\/script><\/p>\n<p> &#8211; <br \/> La noticia<br \/>\n      <a href=\"https:\/\/www.xatakahome.com\/televisores\/asi-como-tcl-quiere-mejorar-sus-smart-tv-miniled-este-2025-control-retroiluminacion-clave?utm_source=feedburner&amp;utm_medium=feed&amp;utm_campaign=07_Jan_2025\"><br \/>\n       <em> As\u00ed es como TCL quiere mejorar sus Smart TV miniLED este 2025: el control de la retroiluminaci\u00f3n es la clave   <\/em><br \/>\n      <\/a><br \/>\n      fue publicada originalmente en<br \/>\n      <a href=\"https:\/\/www.xatakahome.com\/?utm_source=feedburner&amp;utm_medium=feed&amp;utm_campaign=07_Jan_2025\"><br \/>\n       <strong> Xataka Smart Home <\/strong><br \/>\n      <\/a><br \/>\n             por <a href=\"https:\/\/www.xatakahome.com\/autor\/paco-rodriguez?utm_source=feedburner&amp;utm_medium=feed&amp;utm_campaign=07_Jan_2025\"><br \/>\n        Paco Rodriguez<br \/>\n       <\/a><br \/>\n      . <\/p>\n<\/div>\n","protected":false},"excerpt":{"rendered":"<p>Hace unos d\u00edas habl\u00e1bamos del nuevo televisor de gama media de TCL, el C11K, para el mercado chino, un modelo que ser\u00eda la antesala de una serie de novedades que anunciar\u00edan en el CES 2025. Pues dicho y hecho, finalmente el fabricante ha estado presente en una interesante conferencia en el CES donde han avanzado &hellip; <a href=\"https:\/\/domosistemas.com\/?p=27009\" class=\"more-link\">Sigue leyendo <span class=\"screen-reader-text\">As\u00ed es como TCL quiere mejorar sus Smart TV miniLED este 2025: el control de la retroiluminaci\u00f3n es la clave<\/span><\/a><\/p>\n","protected":false},"author":1,"featured_media":0,"comment_status":"closed","ping_status":"closed","sticky":false,"template":"","format":"standard","meta":{"footnotes":""},"categories":[8],"tags":[],"class_list":["post-27009","post","type-post","status-publish","format-standard","hentry","category-xataka"],"_links":{"self":[{"href":"https:\/\/domosistemas.com\/index.php?rest_route=\/wp\/v2\/posts\/27009","targetHints":{"allow":["GET"]}}],"collection":[{"href":"https:\/\/domosistemas.com\/index.php?rest_route=\/wp\/v2\/posts"}],"about":[{"href":"https:\/\/domosistemas.com\/index.php?rest_route=\/wp\/v2\/types\/post"}],"author":[{"embeddable":true,"href":"https:\/\/domosistemas.com\/index.php?rest_route=\/wp\/v2\/users\/1"}],"replies":[{"embeddable":true,"href":"https:\/\/domosistemas.com\/index.php?rest_route=%2Fwp%2Fv2%2Fcomments&post=27009"}],"version-history":[{"count":0,"href":"https:\/\/domosistemas.com\/index.php?rest_route=\/wp\/v2\/posts\/27009\/revisions"}],"wp:attachment":[{"href":"https:\/\/domosistemas.com\/index.php?rest_route=%2Fwp%2Fv2%2Fmedia&parent=27009"}],"wp:term":[{"taxonomy":"category","embeddable":true,"href":"https:\/\/domosistemas.com\/index.php?rest_route=%2Fwp%2Fv2%2Fcategories&post=27009"},{"taxonomy":"post_tag","embeddable":true,"href":"https:\/\/domosistemas.com\/index.php?rest_route=%2Fwp%2Fv2%2Ftags&post=27009"}],"curies":[{"name":"wp","href":"https:\/\/api.w.org\/{rel}","templated":true}]}}