{"id":27015,"date":"2025-01-08T03:00:01","date_gmt":"2025-01-08T03:00:01","guid":{"rendered":"https:\/\/domosistemas.com\/?p=27015"},"modified":"2025-01-08T03:00:01","modified_gmt":"2025-01-08T03:00:01","slug":"la-septima-edicion-de-la-revista-niessen-design-incluye-el-ultimo-lanzamiento-de-alba","status":"publish","type":"post","link":"https:\/\/domosistemas.com\/?p=27015","title":{"rendered":"La s\u00e9ptima edici\u00f3n de la revista Niessen Design incluye el \u00faltimo lanzamiento de ALBA"},"content":{"rendered":"<div>\n<p>En la s\u00e9ptima edici\u00f3n de la revista Niessen Design, se celebra el 110 aniversario de <a href=\"https:\/\/new.abb.com\/low-voltage\/es\/productos\/niessen\" target=\"_blank\" rel=\"noopener sponsored\">Niessen<\/a>, coincidiendo con la renovaci\u00f3n de su imagen y el lanzamiento de ALBA Infinity y Zenit S. La nueva edici\u00f3n muestra las \u00faltimas tendencias en dise\u00f1o, eficiencia energ\u00e9tica y sostenibilidad de la mano de profesionales del sector.<\/p>\n<figure id=\"attachment_147826\" aria-describedby=\"caption-attachment-147826\" style=\"width: 800px\" class=\"wp-caption aligncenter\"><img loading=\"lazy\" decoding=\"async\" class=\"wp-image-147826 size-full\" src=\"https:\/\/static.casadomo.com\/media\/2025\/01\/revista-niessen-design.png\" alt=\"La s\u00e9ptima edici\u00f3n de la revista Niessen Design incluye las \u00faltimas tendencias en dise\u00f1o, eficiencia energ\u00e9tica y sostenibilidad\" width=\"800\" height=\"420\" srcset=\"https:\/\/static.casadomo.com\/media\/2025\/01\/revista-niessen-design.png 800w, https:\/\/static.casadomo.com\/media\/2025\/01\/revista-niessen-design-300x158.png 300w, https:\/\/static.casadomo.com\/media\/2025\/01\/revista-niessen-design-768x403.png 768w, https:\/\/static.casadomo.com\/media\/2025\/01\/revista-niessen-design-180x95.png 180w\" sizes=\"auto, (max-width: 800px) 100vw, 800px\"><figcaption id=\"caption-attachment-147826\" class=\"wp-caption-text\">La s\u00e9ptima edici\u00f3n de la revista Niessen Design incluye el lanzamiento de ALBA Infinity y Zenit S como novedades importantes.<\/figcaption><\/figure>\n<p>En esta ocasi\u00f3n, la compa\u00f1\u00eda ha contado con la colaboraci\u00f3n de referentes del interiorismo, como Fran Cassinello, H\u00e9ctor Ruiz Vel\u00e1zquez o Amaia Studio. Asimismo, la revista incluye una entrevista a Nerea Vesga, creadora de la colecci\u00f3n ALBA y ALBA Infinity.<\/p>\n<p>Adem\u00e1s, en la nueva edici\u00f3n de la revista se muestra una selecci\u00f3n de proyectos destacados, como la experiencia de Skala con el sistema DALI y ABB-free@home de Niessen; un recorrido junto a \u00d3scar Alonso, gerente del estudio Kefren, en la transformaci\u00f3n de espacios con Niessen; o la presentaci\u00f3n del proyecto Aurum Cambrils con las soluciones de Niessen, entre otros.<\/p>\n<p>En la secci\u00f3n de actualidad, se presentan las innovaciones de ABB para mejorar la calidad del aire interior de los espacios y se destacan productos como <a href=\"https:\/\/www.casadomo.com\/2024\/05\/27\/mejora-calidad-aire-interior-hogares-espacios-comerciales-abb-tenton\">ABB Tenton<\/a>, ALBA y <a href=\"https:\/\/www.casadomo.com\/2024\/10\/21\/niessen-presenta-nueva-gama-mecanismos-alba-infinity-110-aniversario\">ALBA Infinity<\/a>, o la colecci\u00f3n<a href=\"https:\/\/www.casadomo.com\/2024\/07\/16\/niessen-lanza-nueva-gama-interruptores-ecodisenada-zenit-s-mas-150-funciones\"> Zenit S<\/a>.<\/p>\n<h2>Consejos y tendencias<\/h2>\n<p>Por otro lado, la s\u00e9ptima edici\u00f3n de la revista de Niessen, marca perteneciente a <a href=\"https:\/\/www.casadomo.com\/empresas\/abb\">ABB<\/a>, incluye consejos y nuevas tendencias gracias a la visi\u00f3n de expertos de referencia en el sector, como Fran Cassinello, interiorista y CEO de Mandalay interiorismo. Los lectores tambi\u00e9n podr\u00e1n conocer la evoluci\u00f3n de la iluminaci\u00f3n a lo largo de los a\u00f1os y las caracter\u00edsticas de la vivienda del futuro.<\/p>\n<p>Asimismo, la revista incorpora diferentes c\u00f3digos QR donde se pueden consultar productos y lanzamientos. Los interesados en conocer las soluciones tecnol\u00f3gicas de Niessen y las tendencias de este a\u00f1o pueden descargarse la revista en el siguiente <a href=\"https:\/\/campaign-el.abb.com\/l\/961032\/2024-12-18\/6jx61\" target=\"_blank\" rel=\"noopener sponsored\">enlace<\/a>.<\/p>\n<p>La entrada <a href=\"https:\/\/www.casadomo.com\/2025\/01\/08\/septima-edicion-revista-niessen-design-incluye-ultimo-lanzamiento-alba\">La s\u00e9ptima edici\u00f3n de la revista Niessen Design incluye el \u00faltimo lanzamiento de ALBA<\/a> aparece primero en <a href=\"https:\/\/www.casadomo.com\/\">CASADOMO<\/a>.<\/p>\n<\/div>\n","protected":false},"excerpt":{"rendered":"<p>En la s\u00e9ptima edici\u00f3n de la revista Niessen Design, se celebra el 110 aniversario de Niessen, coincidiendo con la renovaci\u00f3n de su imagen y el lanzamiento de ALBA Infinity y Zenit S. La nueva edici\u00f3n muestra las \u00faltimas tendencias en dise\u00f1o, eficiencia energ\u00e9tica y sostenibilidad de la mano de profesionales del sector. La s\u00e9ptima edici\u00f3n &hellip; <a href=\"https:\/\/domosistemas.com\/?p=27015\" class=\"more-link\">Sigue leyendo <span class=\"screen-reader-text\">La s\u00e9ptima edici\u00f3n de la revista Niessen Design incluye el \u00faltimo lanzamiento de ALBA<\/span><\/a><\/p>\n","protected":false},"author":1,"featured_media":0,"comment_status":"closed","ping_status":"closed","sticky":false,"template":"","format":"standard","meta":{"footnotes":""},"categories":[3],"tags":[],"class_list":["post-27015","post","type-post","status-publish","format-standard","hentry","category-casadomo-com"],"_links":{"self":[{"href":"https:\/\/domosistemas.com\/index.php?rest_route=\/wp\/v2\/posts\/27015","targetHints":{"allow":["GET"]}}],"collection":[{"href":"https:\/\/domosistemas.com\/index.php?rest_route=\/wp\/v2\/posts"}],"about":[{"href":"https:\/\/domosistemas.com\/index.php?rest_route=\/wp\/v2\/types\/post"}],"author":[{"embeddable":true,"href":"https:\/\/domosistemas.com\/index.php?rest_route=\/wp\/v2\/users\/1"}],"replies":[{"embeddable":true,"href":"https:\/\/domosistemas.com\/index.php?rest_route=%2Fwp%2Fv2%2Fcomments&post=27015"}],"version-history":[{"count":0,"href":"https:\/\/domosistemas.com\/index.php?rest_route=\/wp\/v2\/posts\/27015\/revisions"}],"wp:attachment":[{"href":"https:\/\/domosistemas.com\/index.php?rest_route=%2Fwp%2Fv2%2Fmedia&parent=27015"}],"wp:term":[{"taxonomy":"category","embeddable":true,"href":"https:\/\/domosistemas.com\/index.php?rest_route=%2Fwp%2Fv2%2Fcategories&post=27015"},{"taxonomy":"post_tag","embeddable":true,"href":"https:\/\/domosistemas.com\/index.php?rest_route=%2Fwp%2Fv2%2Ftags&post=27015"}],"curies":[{"name":"wp","href":"https:\/\/api.w.org\/{rel}","templated":true}]}}