{"id":27019,"date":"2025-01-08T03:00:43","date_gmt":"2025-01-08T03:00:43","guid":{"rendered":"https:\/\/domosistemas.com\/?p=27019"},"modified":"2025-01-08T03:00:43","modified_gmt":"2025-01-08T03:00:43","slug":"la-comision-europea-busca-expertos-para-definir-las-tecnologias-y-capacidades-digitales-en-la-ue","status":"publish","type":"post","link":"https:\/\/domosistemas.com\/?p=27019","title":{"rendered":"La Comisi\u00f3n Europea busca expertos para definir las tecnolog\u00edas y capacidades digitales en la UE"},"content":{"rendered":"<div>\n<p>La <a href=\"https:\/\/digital-strategy.ec.europa.eu\/\" target=\"_blank\" rel=\"noopener\">Comisi\u00f3n Europea<\/a> <span data-teams=\"true\">ha lanzado una convocatoria de manifestaciones de inter\u00e9s dirigida a expertos en tecnolog\u00edas y capacidades digitales para contribuir a dos estudios en curso sobre la necesidad de apoyar la investigaci\u00f3n, el desarrollo y el despliegue de tecnolog\u00edas y capacidades digitales cr\u00edticas y emergentes en Europa en el periodo 2028-2040.<\/span><\/p>\n<figure id=\"attachment_147792\" aria-describedby=\"caption-attachment-147792\" style=\"width: 800px\" class=\"wp-caption aligncenter\"><img fetchpriority=\"high\" decoding=\"async\" class=\"size-full wp-image-147792\" src=\"https:\/\/static.casadomo.com\/media\/2025\/01\/ce-convocatoria-manifestacion-interes-capacidades-digitales.png\" alt=\"Manifestaci\u00f3n inter\u00e9s de la Comisi\u00f3n Europea.\" width=\"800\" height=\"321\" srcset=\"https:\/\/static.casadomo.com\/media\/2025\/01\/ce-convocatoria-manifestacion-interes-capacidades-digitales.png 800w, https:\/\/static.casadomo.com\/media\/2025\/01\/ce-convocatoria-manifestacion-interes-capacidades-digitales-300x120.png 300w, https:\/\/static.casadomo.com\/media\/2025\/01\/ce-convocatoria-manifestacion-interes-capacidades-digitales-768x308.png 768w, https:\/\/static.casadomo.com\/media\/2025\/01\/ce-convocatoria-manifestacion-interes-capacidades-digitales-180x72.png 180w\" sizes=\"(max-width: 800px) 100vw, 800px\"><figcaption id=\"caption-attachment-147792\" class=\"wp-caption-text\">Hasta el 20 de enero se podr\u00e1 enviar la solicitud para formar parte del grupo de expertos en tecnolog\u00edas y capacidades digitales de la UE.<\/figcaption><\/figure>\n<p>Las tecnolog\u00edas digitales cr\u00edticas y emergentes abarcan semiconductores, fot\u00f3nica, inteligencia artificial, datos, rob\u00f3tica, cu\u00e1ntica, computaci\u00f3n de alto rendimiento, conectividad avanzada, Internet de pr\u00f3xima generaci\u00f3n, mundos virtuales, nube, edge, IoT, comunicaci\u00f3n digital avanzada, seguridad, tecnolog\u00eda gubernamental e interoperabilidad, entre otras.<\/p>\n<p>En este sentido, la Comisi\u00f3n Europea ha encargado dos estudios para obtener m\u00e1s conocimientos y evidencia. Por un lado, el estudio titulado \u2018El despliegue de capacidades digitales cr\u00edticas de la UE m\u00e1s all\u00e1 de 2027\u2019 se centra en la integraci\u00f3n, aplicaci\u00f3n y puesta en marcha de tecnolog\u00edas e infraestructuras digitales y en el desarrollo de capacidades relacionadas. Por otro lado, el estudio \u2018Consideraciones clave para las tecnolog\u00edas digitales estrat\u00e9gicas para el FP10\u2019 pone el foco en la I+D+i en tecnolog\u00edas digitales estrat\u00e9gicas.<\/p>\n<h2>Tecnolog\u00edas y capacidades digitales en la UE<\/h2>\n<p>La <a href=\"https:\/\/ec.europa.eu\/eusurvey\/runner\/CNECT_Experts\" target=\"_blank\" rel=\"nofollow noopener\">convocatoria de manifestaciones de inter\u00e9s<\/a> busca cubrir un amplio espectro de partes interesadas, incluidos investigadores, innovadores, expertos del mercado y de la industria, ONGs y usuarios de tecnolog\u00eda. En total, se seleccionar\u00e1 un grupo de 50 a 80 expertos individuales en base a su experiencia, conocimiento demostrado, comprensi\u00f3n del ecosistema industrial y de investigaci\u00f3n, y su conocimiento del posicionamiento competitivo de la Uni\u00f3n Europea a nivel global.<\/p>\n<p>Los expertos seleccionados tendr\u00e1n la oportunidad de contribuir con sus ideas y conocimientos a trav\u00e9s de tres procesos secuenciales. A finales de febrero de 2025, se organizar\u00e1 un grupo de debate para perfeccionar la lista de tecnolog\u00edas y capacidades estrat\u00e9gicas y emergentes relevantes para las inversiones a nivel de la UE.<\/p>\n<p>Adem\u00e1s, se realizar\u00e1 una encuesta Delphi en dos rondas en marzo y abril de 2025. El objetivo es recopilar y definir las opiniones de los expertos sobre las tendencias y perspectivas futuras en torno a la generaci\u00f3n y el despliegue de tecnolog\u00edas y capacidades digitales y sus ecosistemas relacionados para los horizontes de 2028, 2034 y 2040, as\u00ed como sobre los factores contextuales que impactar\u00e1n estos desarrollos.<\/p>\n<p>Asimismo, cinco talleres prospectivos tendr\u00e1n lugar en la primavera y el oto\u00f1o de 2025 para desarrollar opciones de inversi\u00f3n para los programas de financiaci\u00f3n de la UE para el periodo 2028-2034. Se explorar\u00e1 un amplio espectro de futuras posibilidades para la generaci\u00f3n y el despliegue de tecnolog\u00edas y capacidades digitales, con ejercicios de construcci\u00f3n de escenarios y retrospectivas.<\/p>\n<p>La entrada <a href=\"https:\/\/www.casadomo.com\/2025\/01\/08\/comision-europea-busca-expertos-definir-tecnologias-capacidades-digitales-ue\">La Comisi\u00f3n Europea busca expertos para definir las tecnolog\u00edas y capacidades digitales en la UE<\/a> aparece primero en <a href=\"https:\/\/www.casadomo.com\/\">CASADOMO<\/a>.<\/p>\n<\/div>\n","protected":false},"excerpt":{"rendered":"<p>La Comisi\u00f3n Europea ha lanzado una convocatoria de manifestaciones de inter\u00e9s dirigida a expertos en tecnolog\u00edas y capacidades digitales para contribuir a dos estudios en curso sobre la necesidad de apoyar la investigaci\u00f3n, el desarrollo y el despliegue de tecnolog\u00edas y capacidades digitales cr\u00edticas y emergentes en Europa en el periodo 2028-2040. Hasta el 20 &hellip; <a href=\"https:\/\/domosistemas.com\/?p=27019\" class=\"more-link\">Sigue leyendo <span class=\"screen-reader-text\">La Comisi\u00f3n Europea busca expertos para definir las tecnolog\u00edas y capacidades digitales en la UE<\/span><\/a><\/p>\n","protected":false},"author":1,"featured_media":0,"comment_status":"closed","ping_status":"closed","sticky":false,"template":"","format":"standard","meta":{"footnotes":""},"categories":[3],"tags":[],"class_list":["post-27019","post","type-post","status-publish","format-standard","hentry","category-casadomo-com"],"_links":{"self":[{"href":"https:\/\/domosistemas.com\/index.php?rest_route=\/wp\/v2\/posts\/27019","targetHints":{"allow":["GET"]}}],"collection":[{"href":"https:\/\/domosistemas.com\/index.php?rest_route=\/wp\/v2\/posts"}],"about":[{"href":"https:\/\/domosistemas.com\/index.php?rest_route=\/wp\/v2\/types\/post"}],"author":[{"embeddable":true,"href":"https:\/\/domosistemas.com\/index.php?rest_route=\/wp\/v2\/users\/1"}],"replies":[{"embeddable":true,"href":"https:\/\/domosistemas.com\/index.php?rest_route=%2Fwp%2Fv2%2Fcomments&post=27019"}],"version-history":[{"count":0,"href":"https:\/\/domosistemas.com\/index.php?rest_route=\/wp\/v2\/posts\/27019\/revisions"}],"wp:attachment":[{"href":"https:\/\/domosistemas.com\/index.php?rest_route=%2Fwp%2Fv2%2Fmedia&parent=27019"}],"wp:term":[{"taxonomy":"category","embeddable":true,"href":"https:\/\/domosistemas.com\/index.php?rest_route=%2Fwp%2Fv2%2Fcategories&post=27019"},{"taxonomy":"post_tag","embeddable":true,"href":"https:\/\/domosistemas.com\/index.php?rest_route=%2Fwp%2Fv2%2Ftags&post=27019"}],"curies":[{"name":"wp","href":"https:\/\/api.w.org\/{rel}","templated":true}]}}