{"id":27037,"date":"2025-01-09T09:30:37","date_gmt":"2025-01-09T09:30:37","guid":{"rendered":"https:\/\/domosistemas.com\/?p=27037"},"modified":"2025-01-09T09:30:37","modified_gmt":"2025-01-09T09:30:37","slug":"leroy-merlin-arrasa-con-este-invento-de-menos-de-75-euros-para-poder-secar-la-ropa-en-casa-en-los-dias-de-lluvia","status":"publish","type":"post","link":"https:\/\/domosistemas.com\/?p=27037","title":{"rendered":"Leroy Merlin arrasa con este invento de menos de 75 euros para poder secar la ropa en casa en los d\u00edas de lluvia"},"content":{"rendered":"<div>\n<p>\n      <img decoding=\"async\" src=\"https:\/\/i.blogs.es\/168fa4\/ofertas_cpa_v3-copia---2025-01-09t092955.456\/1024_2000.jpeg\" alt=\"Leroy Merlin arrasa con este invento de menos de 75 euros para poder secar la ropa en casa en los d\u00edas de lluvia\">\n    <\/p>\n<p>En muchas zonas del pa\u00eds con lluvias frecuentes y humedad, secar al ropa en invierno es todo un desaf\u00edo. Si est\u00e1s pensando en c\u00f3mo secarla y <a class=\"text-outboundlink\" href=\"https:\/\/www.xatakahome.com\/iluminacion-y-energia\/esto-que-hacemos-casa-para-ahorrar-factura-luz-calefaccion\" data-vars-post-title=\"Esto es lo que hacemos en casa para ahorrar en la factura de la luz y calefacci\u00f3n\" data-vars-post-url=\"https:\/\/www.xatakahome.com\/iluminacion-y-energia\/esto-que-hacemos-casa-para-ahorrar-factura-luz-calefaccion\">ahorrar en la factura de la luz<\/a>, Leroy Merlin tiene la soluci\u00f3n ideal: esta <strong>secadora de ropa rectangular Jocel<\/strong> que cuesta <a rel=\"nofollow, sponsored, noopener, noreferrer\" target=\"_blank\" class=\"js-ecommerce\" id=\"link-ecommerce-1\" href=\"https:\/\/www.xatakahome.com\/redirect?url=https%3A%2F%2Fwww.leroymerlin.es%2Fproductos%2Fcalefaccion-y-climatizacion%2Fcalefactores-y-radiadores-moviles%2Fsecadores-de-ropa-calienta-camas-y-otras-soluciones-de-calor%2Fsecador-de-ropa-rectangular-jocel-82073771.html&amp;category=seleccion&amp;ecomPostExpiration=perish&amp;postId=115967\" data-vars-affiliate-url=\"https:\/\/www.leroymerlin.es\/productos\/calefaccion-y-climatizacion\/calefactores-y-radiadores-moviles\/secadores-de-ropa-calienta-camas-y-otras-soluciones-de-calor\/secador-de-ropa-rectangular-jocel-82073771.html\">74,99 euros<\/a>.<\/p>\n<p><!-- BREAK 1 --><!-- PIVOT START --><\/p>\n<div class=\"pivot-ecommerce-container m-pivot-ecommerce-redesign article-asset-normal article-asset-center\">\n<div class=\"pivot-ecommerce\">\n<div class=\"pivot-ecommerce-figure\">\n  <a rel=\"nofollow, sponsored, noopener, noreferrer\" target=\"_blank\" href=\"https:\/\/www.xatakahome.com\/redirect?url=https%3A%2F%2Fwww.leroymerlin.es%2Fproductos%2Fcalefaccion-y-climatizacion%2Fcalefactores-y-radiadores-moviles%2Fsecadores-de-ropa-calienta-camas-y-otras-soluciones-de-calor%2Fsecador-de-ropa-rectangular-jocel-82073771.html&amp;category=seleccion&amp;pivot=1&amp;ecomPostExpiration=perish&amp;postId=115967\"><br \/>\n   <img loading=\"lazy\" decoding=\"async\" alt=\"Jocel Secador de Ropa JSR002228\" width=\"500\" height=\"500\" src=\"https:\/\/i.blogs.es\/91f303\/3156epxebas._sl500_\/original.webp\" onerror='this.src=\"https:\/\/i.blogs.es\/91f303\/3156epxebas._sl500_\/original.jpeg\"'><br \/>\n  <\/a>\n  <\/div>\n<div class=\"pivot-ecommerce-summary\">\n<p class=\"pivot-ecommerce-desc\">Jocel Secador de Ropa JSR002228<\/p>\n<div class=\"pivot-actions \">\n<div class=\"pivot-actions-row\">\n <a rel=\"nofollow, sponsored, noopener, noreferrer\" target=\"_blank\" data-asin=\"82073771\" data-store=\"Leroy Merlin\" href=\"https:\/\/www.xatakahome.com\/redirect?url=https%3A%2F%2Fwww.leroymerlin.es%2Fproductos%2Fcalefaccion-y-climatizacion%2Fcalefactores-y-radiadores-moviles%2Fsecadores-de-ropa-calienta-camas-y-otras-soluciones-de-calor%2Fsecador-de-ropa-rectangular-jocel-82073771.html&amp;category=seleccion&amp;pivot=1&amp;ecomPostExpiration=perish&amp;postId=115967\" title=\"Precio actualizado hoy\" class=\"pivot-action-btn metrics-pivot-btn pivot-action-primary\">Hoy en Leroy Merlin \u2014 <strong><span class=\"js-deal-price\">74,99<\/span> \u20ac<\/strong><\/a>\n <\/div>\n<\/p><\/div>\n<\/p><\/div>\n<\/p><\/div>\n<div class=\"pivot-link-msg\">* Alg\u00fan precio puede haber cambiado desde la \u00faltima revisi\u00f3n<\/div>\n<\/p><\/div>\n<p><!-- PIVOT END --><\/p>\n<h2>Una soluci\u00f3n perfecta para los d\u00edas de lluvia incluso en pisos peque\u00f1os<\/h2>\n<div class=\"article-asset-image article-asset-normal article-asset-center\">\n<div class=\"asset-content\">\n                    <a rel=\"nofollow, sponsored, noopener, noreferrer\" target=\"_blank\" class=\"js-ecommerce\" id=\"link-ecommerce-2\" href=\"https:\/\/www.xatakahome.com\/redirect?url=https%3A%2F%2Fwww.leroymerlin.es%2Fproductos%2Fcalefaccion-y-climatizacion%2Fcalefactores-y-radiadores-moviles%2Fsecadores-de-ropa-calienta-camas-y-otras-soluciones-de-calor%2Fsecador-de-ropa-rectangular-jocel-82073771.html&amp;category=seleccion&amp;ecomPostExpiration=perish&amp;postId=115967\" data-vars-affiliate-url=\"https:\/\/www.leroymerlin.es\/productos\/calefaccion-y-climatizacion\/calefactores-y-radiadores-moviles\/secadores-de-ropa-calienta-camas-y-otras-soluciones-de-calor\/secador-de-ropa-rectangular-jocel-82073771.html\"><\/p>\n<p>    <img decoding=\"async\" alt=\"secador de ropa Jocel\" class=\"centro_sinmarco\" src=\"https:\/\/i.blogs.es\/c12847\/proyecto-nuevo-39-\/450_1000.webp\"><br \/>\n     <\/a><\/p><\/div>\n<\/div>\n<p>Este dispositivo es una especie de tendedero el\u00e9ctrico con una gran funcionalidad. Presenta una <strong>forma rectangular y compacta<\/strong> y, gracias al precio asequible que presenta, normalmente se suele agotar en la web de Leroy Merlin.<\/p>\n<p><!-- BREAK 2 --><\/p>\n<div class=\"article-asset article-asset-normal article-asset-center\">\n<div class=\"desvio-container\">\n<div class=\"desvio\">\n<div class=\"desvio-figure js-desvio-figure\">\n    <a href=\"https:\/\/www.xataka.com\/seleccion\/lidl-liquida-su-barra-sonido-vendida-deja-a-mitad-precio\" class=\"pivot-outboundlink\" target=\"_blank\" data-vars-post-title=\"Lidl liquida su barra de sonido m\u00e1s vendida y la deja a mitad de precio \"><br \/>\n     <img loading=\"lazy\" decoding=\"async\" alt=\"Lidl liquida su barra de sonido m\u00e1s vendida y la deja a mitad de precio \" width=\"375\" height=\"142\" src=\"https:\/\/i.blogs.es\/5f9140\/ofertas_cpa_v3-copia---2025-01-08t142628.241\/375_142.webp\" onerror='this.src=\"https:\/\/i.blogs.es\/5f9140\/ofertas_cpa_v3-copia---2025-01-08t142628.241\/375_142.jpeg\"'><br \/>\n    <\/a>\n   <\/div>\n<div class=\"desvio-summary\">\n<div class=\"desvio-taxonomy js-desvio-taxonomy\">\n     <a href=\"https:\/\/www.xataka.com\/seleccion\/lidl-liquida-su-barra-sonido-vendida-deja-a-mitad-precio\" class=\"desvio-taxonomy-anchor pivot-outboundlink m-crosspost\" target=\"_blank\" data-vars-post-title=\"Lidl liquida su barra de sonido m\u00e1s vendida y la deja a mitad de precio \">En Xataka<\/a>\n    <\/div>\n<p>    <a href=\"https:\/\/www.xataka.com\/seleccion\/lidl-liquida-su-barra-sonido-vendida-deja-a-mitad-precio\" class=\"desvio-title js-desvio-title pivot-outboundlink\" target=\"_blank\" data-vars-post-title=\"Lidl liquida su barra de sonido m\u00e1s vendida y la deja a mitad de precio \">Lidl liquida su barra de sonido m\u00e1s vendida y la deja a mitad de precio <\/a>\n   <\/div>\n<\/p><\/div>\n<\/p><\/div>\n<\/div>\n<div class=\"article-asset-video article-asset-normal\">\n<div class=\"asset-content\">\n<div class=\"base-asset-video\">\n<div class=\"js-dailymotion\">\n    <script type=\"application\/json\">\n                          {\"videoId\":\"x81qnhf\",\"autoplay\":true,\"title\":\"\u00bfEs posible generar energ\u00eda a coste cero?\", \"tag\":\"Energ\u00eda\", \"duration\":\"109\"}\n                  <\/script>\n   <\/div>\n<\/p><\/div>\n<\/p><\/div>\n<\/div>\n<p>Funciona con una <strong>potencia de 1.000 W<\/strong> y permite secar tanto prendas de ropa como ropa de cama. En cuanto a sus dimensiones, mide 70 cm de ancho, 50 cm de largo y 160 cm de alto. Adem\u00e1s, soporta un peso m\u00e1ximo de 15 kg, m\u00e1s que suficiente para secar la colada entera.<\/p>\n<p><!-- BREAK 3 --><\/p>\n<p>Cuenta con elemento calefactor PTC, diferente al m\u00e9todo de calentamiento tradicional y tarda <strong>entre 1 a 3 horas<\/strong> en secar la ropa. Montarlo es muy sencillo, al igual que su funcionamiento, ya que el ventilador sopla aire para crear una presi\u00f3n positiva dentro de la zona envolvente en la que est\u00e1 la ropa.<\/p>\n<p><!-- BREAK 4 --><\/p>\n<h2>Algunos tendederos el\u00e9ctricos para secar la ropa en casa en invierno<\/h2>\n<p><!-- PIVOT START --><\/p>\n<div class=\"pivot-ecommerce-container m-pivot-ecommerce-redesign article-asset-normal article-asset-center\">\n<div class=\"pivot-ecommerce\">\n<div class=\"pivot-ecommerce-figure\">\n  <a rel=\"nofollow, sponsored, noopener, noreferrer\" target=\"_blank\" href=\"https:\/\/www.xatakahome.com\/redirect?url=https%3A%2F%2Fwww.amazon.es%2Fdp%2FB07FM2GG9Z%3Ftag%3Dxatakahome-21%26linkCode%3Dogi%26th%3D1%26psc%3D1&amp;category=seleccion&amp;pivot=1&amp;ecomPostExpiration=perish&amp;postId=115967\"><br \/>\n   <img loading=\"lazy\" decoding=\"async\" alt=\"FISHTEC - Tendedero el\u00e9ctrico Plegable de Aluminio - 18 Barras\" width=\"500\" height=\"500\" src=\"https:\/\/i.blogs.es\/a257a5\/41ofxrkizzl._sl500_\/original.webp\" onerror='this.src=\"https:\/\/i.blogs.es\/a257a5\/41ofxrkizzl._sl500_\/original.jpeg\"'><br \/>\n  <\/a>\n  <\/div>\n<div class=\"pivot-ecommerce-summary\">\n<p class=\"pivot-ecommerce-desc\">FISHTEC &#8211; Tendedero el\u00e9ctrico Plegable de Aluminio &#8211; 18 Barras<\/p>\n<div class=\"pivot-actions \">\n<div class=\"pivot-actions-row\">\n <a rel=\"nofollow, sponsored, noopener, noreferrer\" target=\"_blank\" data-asin=\"B07FM2GG9Z\" data-store=\"Amazon\" href=\"https:\/\/www.xatakahome.com\/redirect?url=https%3A%2F%2Fwww.amazon.es%2Fdp%2FB07FM2GG9Z%3Ftag%3Dxatakahome-21%26linkCode%3Dogi%26th%3D1%26psc%3D1&amp;category=seleccion&amp;pivot=1&amp;ecomPostExpiration=perish&amp;postId=115967\" title=\"Precio actualizado hoy\" class=\"pivot-action-btn metrics-pivot-btn pivot-action-primary\">Hoy en Amazon \u2014 <strong><span class=\"js-deal-price\">89,99<\/span> \u20ac<\/strong><\/a><br \/>\n   <a rel=\"nofollow, sponsored, noopener, noreferrer\" target=\"_blank\" data-asin=\"84612105\" data-store=\"Leroy Merlin\" href=\"https:\/\/www.xatakahome.com\/redirect?url=https%3A%2F%2Fwww.leroymerlin.es%2Fproductos%2Fsecatoallas-electrico-plegable-de-aluminio-secatoallas-termico-de-bano-de-18-barras-230w-de-potencia-y-145cm-de-tamano-84612105.html%3FhighlightedOfferCode%3D1e8d4d53713c22ec914c5dfaa8508014400f62e2&amp;category=seleccion&amp;pivot=1&amp;ecomPostExpiration=perish&amp;postId=115967\" title=\"Precio actualizado hoy\" class=\"pivot-action-btn metrics-pivot-btn pivot-action-secondary\">Leroy Merlin \u2014 <strong><span class=\"js-deal-price\">125,99<\/span> \u20ac<\/strong><\/a>\n <\/div>\n<\/p><\/div>\n<\/p><\/div>\n<\/p><\/div>\n<div class=\"pivot-link-msg\">* Alg\u00fan precio puede haber cambiado desde la \u00faltima revisi\u00f3n<\/div>\n<\/p><\/div>\n<p><!-- PIVOT END --><br \/>\n<!-- PIVOT START --><\/p>\n<div class=\"pivot-ecommerce-container m-pivot-ecommerce-redesign article-asset-normal article-asset-center\">\n<div class=\"pivot-ecommerce\">\n<div class=\"pivot-ecommerce-figure\">\n  <a rel=\"nofollow, sponsored, noopener, noreferrer\" target=\"_blank\" href=\"https:\/\/www.xatakahome.com\/redirect?url=https%3A%2F%2Fwww.pccomponentes.com%2Finnovagoods-dryak-tendedero-electrico-plegable-8-barras-f-120w&amp;category=seleccion&amp;pivot=1&amp;ecomPostExpiration=perish&amp;postId=115967\"><br \/>\n   <img loading=\"lazy\" decoding=\"async\" alt=\"InnovaGoods\u00ae Tendedero El\u00e9ctrico Plegable Dryak, 8 Barras Calefactadas\" width=\"500\" height=\"500\" src=\"https:\/\/i.blogs.es\/70bddd\/311e7jql5rl._sl500_\/original.webp\" onerror='this.src=\"https:\/\/i.blogs.es\/70bddd\/311e7jql5rl._sl500_\/original.jpeg\"'><br \/>\n  <\/a>\n  <\/div>\n<div class=\"pivot-ecommerce-summary\">\n<p class=\"pivot-ecommerce-desc\">InnovaGoods\u00ae Tendedero El\u00e9ctrico Plegable Dryak, 8 Barras Calefactadas<\/p>\n<div class=\"pivot-actions \">\n<div class=\"pivot-actions-row\">\n <a rel=\"nofollow, sponsored, noopener, noreferrer\" target=\"_blank\" data-asin=\"10800285\" data-store=\"PcComponentes\" href=\"https:\/\/www.xatakahome.com\/redirect?url=https%3A%2F%2Fwww.pccomponentes.com%2Finnovagoods-dryak-tendedero-electrico-plegable-8-barras-f-120w&amp;category=seleccion&amp;pivot=1&amp;ecomPostExpiration=perish&amp;postId=115967\" title=\"Precio actualizado hoy\" class=\"pivot-action-btn metrics-pivot-btn pivot-action-primary\">Hoy en PcComponentes \u2014 <strong><span class=\"js-deal-price\">59,89<\/span> \u20ac<\/strong><\/a><br \/>\n   <a rel=\"nofollow, sponsored, noopener, noreferrer\" target=\"_blank\" data-asin=\"B0CHYCKVTR\" data-store=\"Amazon\" href=\"https:\/\/www.xatakahome.com\/redirect?url=https%3A%2F%2Fwww.amazon.es%2Fdp%2FB0CHYCKVTR%3Ftag%3Dxatakahome-21%26linkCode%3Dogi%26th%3D1%26psc%3D1&amp;category=seleccion&amp;pivot=1&amp;ecomPostExpiration=perish&amp;postId=115967\" title=\"Precio actualizado hoy\" class=\"pivot-action-btn metrics-pivot-btn pivot-action-secondary\">Amazon \u2014 <strong><span class=\"js-deal-price\">59,90<\/span> \u20ac<\/strong><\/a>\n <\/div>\n<\/p><\/div>\n<\/p><\/div>\n<\/p><\/div>\n<div class=\"pivot-link-msg\">* Alg\u00fan precio puede haber cambiado desde la \u00faltima revisi\u00f3n<\/div>\n<\/p><\/div>\n<p><!-- PIVOT END --><\/p>\n<p><em>Nota: algunos de los enlaces aqu\u00ed publicados son de afiliados y pueden reportar un beneficio.<\/em><\/p>\n<p>Im\u00e1genes | Webedia y Jocel<\/p>\n<p>En Xataka Smart Home | <a class=\"text-outboundlink\" href=\"https:\/\/www.xatakahome.com\/seleccion\/cinco-tendederos-electricos-plegables-que-seguir-tecnica-japonesa-secar-ropa-casa\" data-vars-post-title=\"Cinco tendederos el\u00e9ctricos plegables con los que seguir la t\u00e9cnica japonesa de secar la ropa en casa \" data-vars-post-url=\"https:\/\/www.xatakahome.com\/seleccion\/cinco-tendederos-electricos-plegables-que-seguir-tecnica-japonesa-secar-ropa-casa\" data-id=\"noopener noreferrer\">Cinco tendederos el\u00e9ctricos plegables con los que seguir la t\u00e9cnica japonesa de secar la ropa en casa<\/a><\/p>\n<p>En Xataka Smart Home | <a class=\"text-outboundlink\" href=\"https:\/\/www.xatakahome.com\/seleccion\/miedo-a-lluvia-este-invierno-estos-cinco-tendederos-electricos-clave-para-secar-tu-ropa\" data-vars-post-title=\"Sin miedo a la lluvia este invierno: estos cinco tendederos el\u00e9ctricos son la clave para secar tu ropa  \" data-vars-post-url=\"https:\/\/www.xatakahome.com\/seleccion\/miedo-a-lluvia-este-invierno-estos-cinco-tendederos-electricos-clave-para-secar-tu-ropa\" data-id=\"noopener noreferrer\">Sin miedo a la lluvia este invierno: estos cinco tendederos el\u00e9ctricos son la clave para secar tu ropa<\/a><\/p>\n<p><script>\n (function() {\n  window._JS_MODULES = window._JS_MODULES || {};\n  var headElement = document.getElementsByTagName('head')[0];\n  if (_JS_MODULES.instagram) {\n   var instagramScript = document.createElement('script');\n   instagramScript.src = 'https:\/\/platform.instagram.com\/en_US\/embeds.js';\n   instagramScript.async = true;\n   instagramScript.defer = true;\n   headElement.appendChild(instagramScript);\n  }\n })();\n<\/script><\/p>\n<p> &#8211; <br \/> La noticia<br \/>\n      <a href=\"https:\/\/www.xatakahome.com\/seleccion\/que-lluvia-no-te-impida-secar-ropa-casa-leroy-merlin-tiene-invento-ideal-cuesta-75-euros?utm_source=feedburner&amp;utm_medium=feed&amp;utm_campaign=09_Jan_2025\"><br \/>\n       <em> Leroy Merlin arrasa con este invento de menos de 75 euros para poder secar la ropa en casa en los d\u00edas de lluvia <\/em><br \/>\n      <\/a><br \/>\n      fue publicada originalmente en<br \/>\n      <a href=\"https:\/\/www.xatakahome.com\/?utm_source=feedburner&amp;utm_medium=feed&amp;utm_campaign=09_Jan_2025\"><br \/>\n       <strong> Xataka Smart Home <\/strong><br \/>\n      <\/a><br \/>\n             por <a href=\"https:\/\/www.xatakahome.com\/autor\/fran-leon?utm_source=feedburner&amp;utm_medium=feed&amp;utm_campaign=09_Jan_2025\"><br \/>\n        Fran Le\u00f3n<br \/>\n       <\/a><br \/>\n      . <\/p>\n<\/div>\n","protected":false},"excerpt":{"rendered":"<p>En muchas zonas del pa\u00eds con lluvias frecuentes y humedad, secar al ropa en invierno es todo un desaf\u00edo. Si est\u00e1s pensando en c\u00f3mo secarla y ahorrar en la factura de la luz, Leroy Merlin tiene la soluci\u00f3n ideal: esta secadora de ropa rectangular Jocel que cuesta 74,99 euros. Jocel Secador de Ropa JSR002228 Hoy &hellip; <a href=\"https:\/\/domosistemas.com\/?p=27037\" class=\"more-link\">Sigue leyendo <span class=\"screen-reader-text\">Leroy Merlin arrasa con este invento de menos de 75 euros para poder secar la ropa en casa en los d\u00edas de lluvia<\/span><\/a><\/p>\n","protected":false},"author":1,"featured_media":0,"comment_status":"closed","ping_status":"closed","sticky":false,"template":"","format":"standard","meta":{"footnotes":""},"categories":[8],"tags":[],"class_list":["post-27037","post","type-post","status-publish","format-standard","hentry","category-xataka"],"_links":{"self":[{"href":"https:\/\/domosistemas.com\/index.php?rest_route=\/wp\/v2\/posts\/27037","targetHints":{"allow":["GET"]}}],"collection":[{"href":"https:\/\/domosistemas.com\/index.php?rest_route=\/wp\/v2\/posts"}],"about":[{"href":"https:\/\/domosistemas.com\/index.php?rest_route=\/wp\/v2\/types\/post"}],"author":[{"embeddable":true,"href":"https:\/\/domosistemas.com\/index.php?rest_route=\/wp\/v2\/users\/1"}],"replies":[{"embeddable":true,"href":"https:\/\/domosistemas.com\/index.php?rest_route=%2Fwp%2Fv2%2Fcomments&post=27037"}],"version-history":[{"count":0,"href":"https:\/\/domosistemas.com\/index.php?rest_route=\/wp\/v2\/posts\/27037\/revisions"}],"wp:attachment":[{"href":"https:\/\/domosistemas.com\/index.php?rest_route=%2Fwp%2Fv2%2Fmedia&parent=27037"}],"wp:term":[{"taxonomy":"category","embeddable":true,"href":"https:\/\/domosistemas.com\/index.php?rest_route=%2Fwp%2Fv2%2Fcategories&post=27037"},{"taxonomy":"post_tag","embeddable":true,"href":"https:\/\/domosistemas.com\/index.php?rest_route=%2Fwp%2Fv2%2Ftags&post=27037"}],"curies":[{"name":"wp","href":"https:\/\/api.w.org\/{rel}","templated":true}]}}