{"id":27047,"date":"2025-01-09T20:03:34","date_gmt":"2025-01-09T20:03:34","guid":{"rendered":"https:\/\/domosistemas.com\/?p=27047"},"modified":"2025-01-09T20:03:34","modified_gmt":"2025-01-09T20:03:34","slug":"vivo-en-un-piso-alquilado-asi-sabre-con-tiempo-cuanto-me-pueden-subir-el-alquiler-este-ano-con-lo-nuevo-del-gobierno","status":"publish","type":"post","link":"https:\/\/domosistemas.com\/?p=27047","title":{"rendered":"Vivo en un piso alquilado: as\u00ed sabr\u00e9 con tiempo cu\u00e1nto me pueden subir el alquiler este a\u00f1o con lo nuevo del Gobierno"},"content":{"rendered":"<div>\n<p>\n      <img decoding=\"async\" src=\"https:\/\/i.blogs.es\/477a26\/pexels-alishalubben-2305747\/1024_2000.jpeg\" alt=\"Vivo en un piso alquilado: as\u00ed sabr\u00e9 con tiempo cu\u00e1nto me pueden subir el alquiler este a\u00f1o con lo nuevo del Gobierno \">\n    <\/p>\n<p>Hemos comenzado el a\u00f1o hace tan solo unos d\u00edas y, junto con las rebajas y el aumento en el precio de algunos productos, tambi\u00e9n llega una modificaci\u00f3n que afecta a uno de los problemas m\u00e1s importantes para la mayor\u00eda de la poblaci\u00f3n: <strong>el acceso a la vivienda.<\/strong><\/p>\n<p><!-- BREAK 1 --><\/p>\n<p>Con 2025, Espa\u00f1a estrena un nuevo sistema para <strong>regular el precio de los alquileres<\/strong>. En un pa\u00eds donde, en muchas ocasiones, <a class=\"text-outboundlink\" href=\"https:\/\/www.xatakahome.com\/hogar\/precio-vivienda-esta-imposible-espana-viena-envidia-europa-asi-logra-que-alquiler-sea-barato\" data-vars-post-title=\"El precio de la vivienda est\u00e1 imposible en Espa\u00f1a, pero Viena es la envidia de Europa: as\u00ed logra que el alquiler sea barato \" data-vars-post-url=\"https:\/\/www.xatakahome.com\/hogar\/precio-vivienda-esta-imposible-espana-viena-envidia-europa-asi-logra-que-alquiler-sea-barato\">alquilar<\/a> resulta m\u00e1s caro que comprar, el gobierno se ha propuesto establecer par\u00e1metros m\u00e1s definidos para controlar los precios de los alquileres. El IPC queda relegado al pasado, y este nuevo mecanismo ser\u00e1 el encargado de determinar <a class=\"text-outboundlink\" href=\"https:\/\/www.xatakahome.com\/a-fondo\/vivo-alquiler-esto-que-dice-ley-cuanto-puede-subirme-precio-dueno-piso-este-ano\" data-vars-post-title=\"Vivo de alquiler y quiero saber cu\u00e1nto puede subirme el precio el due\u00f1o del piso: esto es lo que dice la Ley\" data-vars-post-url=\"https:\/\/www.xatakahome.com\/a-fondo\/vivo-alquiler-esto-que-dice-ley-cuanto-puede-subirme-precio-dueno-piso-este-ano\">cu\u00e1nto pueden incrementarse los alquileres<\/a> cada a\u00f1o.<\/p>\n<p><!-- BREAK 2 --><\/p>\n<h2>El alquiler bajo la lupa<\/h2>\n<div class=\"article-asset-image article-asset-large article-asset-center\">\n<div class=\"asset-content\">\n<p>   <img decoding=\"async\" alt=\"Alquila\" class=\"\" src=\"https:\/\/i.blogs.es\/d747c2\/alquila\/450_1000.webp\"><\/p><\/div>\n<\/div>\n<p>El gobierno liderado por Pedro S\u00e1nchez se ha planteado como objetivo para este a\u00f1o mantener los precios de los <a class=\"text-outboundlink\" href=\"https:\/\/www.xatakahome.com\/hogar\/voy-a-alquilar-piso-esto-todo-que-voy-a-revisar-lupa-para-no-llevarme-sustos\" data-vars-post-title=\"Voy a alquilar un piso. Esto es todo lo que voy a revisar con lupa para no llevarme sustos\" data-vars-post-url=\"https:\/\/www.xatakahome.com\/hogar\/voy-a-alquilar-piso-esto-todo-que-voy-a-revisar-lupa-para-no-llevarme-sustos\">alquileres<\/a> <strong>dentro de un rango razonable<\/strong> (aunque lograrlo es otra cuesti\u00f3n). En las grandes ciudades, el problema del alquiler y, en general, el acceso a la vivienda se ha convertido en <strong>una de las principales preocupaciones de los ciudadanos<\/strong>, motivo por el cual los pol\u00edticos han priorizado este tema en sus agendas.<\/p>\n<p><!-- BREAK 3 --><\/p>\n<p>Adem\u00e1s de medidas como el bono de <a class=\"text-outboundlink\" href=\"https:\/\/www.xatakahome.com\/hogar\/quiero-solicitar-250eur-al-mes-ayuda-para-pagar-alquiler-estos-requisitos-bono-alquiler-joven\" data-vars-post-title=\"Quiero solicitar los 250\u20ac al mes de ayuda para pagar el alquiler: estos son los requisitos del Bono Alquiler Joven \" data-vars-post-url=\"https:\/\/www.xatakahome.com\/hogar\/quiero-solicitar-250eur-al-mes-ayuda-para-pagar-alquiler-estos-requisitos-bono-alquiler-joven\">alquiler joven<\/a> o los avales ICO para la compra de la primera vivienda, el Ejecutivo <strong>ha puesto en marcha una nueva iniciativa<\/strong> para regular el precio de los alquileres en Espa\u00f1a. Con esta medida, el \u00cdndice de Precios al Consumo (IPC), que durante a\u00f1os fue el indicador clave para actualizar las rentas, ha quedado desplazado.<\/p>\n<p><!-- BREAK 4 --><\/p>\n<div class=\"article-asset-video article-asset-normal\">\n<div class=\"asset-content\">\n<div class=\"base-asset-video\">\n<div class=\"js-dailymotion\">\n    <script type=\"application\/json\">\n                          {\"videoId\":\"x7znesx\",\"autoplay\":true,\"title\":\"Edificio de autoconsumo ASI\u0301 FUNCIONAN - Paneles solares en bloques de pisos\", \"tag\":\"solar\", \"duration\":\"564\"}\n                  <\/script>\n   <\/div>\n<\/p><\/div>\n<\/p><\/div>\n<\/div>\n<p>Tradicionalmente, <strong>el IPC se utilizaba para ajustar los precios<\/strong> de los alquileres (y en general todos los precios) seg\u00fan la evoluci\u00f3n del costo de vida y la inflaci\u00f3n. Muchos contratos inclu\u00edan una cl\u00e1usula que permit\u00eda a los propietarios actualizar la renta anualmente en base al IPC, siempre y cuando estuviera estipulado en el contrato. En caso contrario, el aumento solo pod\u00eda realizarse con un acuerdo entre ambas partes, tomando como referencia la variaci\u00f3n interanual del IPC publicada por el Instituto Nacional de Estad\u00edstica (INE) en el mes de revisi\u00f3n.<\/p>\n<p><!-- BREAK 5 --><\/p>\n<p>Sin embargo, debido a la elevada inflaci\u00f3n, <strong>el Gobierno limit\u00f3 los aumentos al 2% y 3% entre 2022 y 2024<\/strong>, con la intenci\u00f3n de frenar el crecimiento descontrolado de los precios del alquiler. Aunque esta medida buscaba aliviar la situaci\u00f3n, no logr\u00f3 contener la escalada de precios en el mercado inmobiliario. Es en este contexto donde entra en juego el IRAV, el nuevo mecanismo destinado a reemplazar al IPC para regular los alquileres en el pa\u00eds.<\/p>\n<p><!-- BREAK 6 --><\/p>\n<h2>Qu\u00e9 es el IRAV<\/h2>\n<div class=\"article-asset-image article-asset-large article-asset-center\">\n<div class=\"asset-content\">\n<div class=\"caption-img \">\n                    <a rel=\"noopener, noreferrer\" href=\"https:\/\/www.pexels.com\/es-es\/foto\/persona-que-firma-el-papel-del-documento-618158\/\"><\/p>\n<p>    <img decoding=\"async\" alt=\"Pexels Matthiaszomer 618158\" class=\"\" src=\"https:\/\/i.blogs.es\/9fda67\/pexels-matthiaszomer-618158\/450_1000.webp\"><br \/>\n     <\/a><\/p>\n<p>        <span>Foto de Matthias Zomer<\/span>\n   <\/div>\n<\/p><\/div>\n<\/div>\n<p>En virtud de la <a rel=\"noopener, noreferrer\" href=\"https:\/\/www.boe.es\/buscar\/act.php?id=BOE-A-2023-12203#dt-4\">Ley 12\/2023, de 24 de mayo<\/a>, por el derecho a la vivienda y para darle forma, el ejecutivo de Pedro Sanchez ha lanzado el IRAV o lo que es lo mismo, el <strong>\u00cdndice de Referencia para la Actualizaci\u00f3n de Vivienda<\/strong>.<\/p>\n<p><!-- BREAK 7 --><\/p>\n<div class=\"article-asset article-asset-normal article-asset-center\">\n<div class=\"desvio-container\">\n<div class=\"desvio\">\n<div class=\"desvio-figure js-desvio-figure\">\n    <a href=\"https:\/\/www.xatakahome.com\/hogar\/voy-a-alquilar-piso-esto-todo-que-voy-a-revisar-lupa-para-no-llevarme-sustos\" class=\"pivot-outboundlink\" data-vars-post-title=\"Voy a alquilar un piso. Esto es todo lo que voy a revisar con lupa para no llevarme sustos\"><br \/>\n     <img loading=\"lazy\" decoding=\"async\" alt=\"Voy a alquilar un piso. Esto es todo lo que voy a revisar con lupa para no llevarme sustos\" width=\"375\" height=\"142\" src=\"https:\/\/i.blogs.es\/228013\/pexels-evgeniy-grozev-933969\/375_142.webp\" onerror='this.src=\"https:\/\/i.blogs.es\/228013\/pexels-evgeniy-grozev-933969\/375_142.jpeg\"'><br \/>\n    <\/a>\n   <\/div>\n<div class=\"desvio-summary\">\n<div class=\"desvio-taxonomy js-desvio-taxonomy\">\n     <a href=\"https:\/\/www.xatakahome.com\/hogar\/voy-a-alquilar-piso-esto-todo-que-voy-a-revisar-lupa-para-no-llevarme-sustos\" class=\"desvio-taxonomy-anchor pivot-outboundlink\" data-vars-post-title=\"Voy a alquilar un piso. Esto es todo lo que voy a revisar con lupa para no llevarme sustos\">En Xataka Smart Home<\/a>\n    <\/div>\n<p>    <a href=\"https:\/\/www.xatakahome.com\/hogar\/voy-a-alquilar-piso-esto-todo-que-voy-a-revisar-lupa-para-no-llevarme-sustos\" class=\"desvio-title js-desvio-title pivot-outboundlink\" data-vars-post-title=\"Voy a alquilar un piso. Esto es todo lo que voy a revisar con lupa para no llevarme sustos\">Voy a alquilar un piso. Esto es todo lo que voy a revisar con lupa para no llevarme sustos<\/a>\n   <\/div>\n<\/p><\/div>\n<\/p><\/div>\n<\/div>\n<p>Este \u00edndice constituye un nuevo mecanismo <strong>dise\u00f1ado para regular los alquileres de manera m\u00e1s equitativa<\/strong>. Seg\u00fan la definici\u00f3n proporcionada por el INE, el IRAV se calcula como \u201cvalor m\u00ednimo entre la tasa de variaci\u00f3n anual del \u00cdndice de Precios de Consumo (IPC), la tasa de variaci\u00f3n anual del \u00cdndice de Precios de Consumo subyacente y las tasas de variaci\u00f3n anual media ajustada del IPC y del IPC subyacente, medidas como la diferencia entre las tasas de crecimiento anual tanto del \u00cdndice de Precios de Consumo como del \u00cdndice de Precios de Consumo subyacente de cada mes y un par\u00e1metro de referencia que representa la inflaci\u00f3n esperada a medio plazo, ajustadas con un coeficiente moderador\u201d.<\/p>\n<p><!-- BREAK 8 --><\/p>\n<div class=\"article-asset-summary article-asset-normal article-asset-center\">\n<div class=\"asset-content\">\n<div class=\"sumario\">Desde 2025, el IRAV sustituir\u00e1 al IPC como referencia para actualizar alquileres, con un tope del 2,20% anual<\/div>\n<\/p><\/div>\n<\/div>\n<p><strong>Este nuevo sistema reemplazar\u00e1 al IPC como referencia<\/strong> para la actualizaci\u00f3n de las rentas en contratos firmados a partir del 25 de mayo de 2023. No obstante, los contratos firmados antes de la entrada en vigor de esta ley podr\u00e1n continuar utilizando el IPC, salvo que se acuerde lo contrario entre las partes. Para facilitar este proceso, el Ministerio de Vivienda ha puesto a disposici\u00f3n herramientas que permiten calcular las actualizaciones de manera precisa y conforme a la normativa vigente.<\/p>\n<p><!-- BREAK 9 --><\/p>\n<h2>C\u00f3mo afecta al precio del alquiler<\/h2>\n<div class=\"article-asset-image article-asset-large article-asset-center\">\n<div class=\"asset-content\">\n<div class=\"caption-img \">\n                    <a rel=\"noopener, noreferrer\" href=\"https:\/\/pixabay.com\/es\/users\/geralt-9301\/?utm_source=link-attribution&amp;utm_medium=referral&amp;utm_campaign=image&amp;utm_content=3701777\"><\/p>\n<p>    <img decoding=\"async\" alt=\"Alquiler\" class=\"\" src=\"https:\/\/i.blogs.es\/580e52\/captura-de-pantalla-2024-12-04-a-las-8.18.25\/450_1000.webp\"><br \/>\n     <\/a><\/p>\n<p>        <span>Imagen | Gerd Altmann en Pixabay<\/span>\n   <\/div>\n<\/p><\/div>\n<\/div>\n<p>Si tomamos en cuenta el \u00cdndice de Referencia para la Actualizaci\u00f3n de Vivienda (IRAV), los alquileres que deban revisarse en enero de 2025 podr\u00e1n ajustarse hasta un m\u00e1ximo del 2,20%. <strong>Estas revisiones son de car\u00e1cter anual<\/strong>, permitiendo a los propietarios aplicar este porcentaje de incremento en las rentas, siempre que se encuentren dentro de los t\u00e9rminos legales. Asimismo, los contratos pueden prorrogarse por un periodo de 5 a\u00f1os si el arrendador es un particular, o hasta 7 a\u00f1os en el caso de grandes tenedores.<\/p>\n<p><!-- BREAK 10 --><\/p>\n<p>Por ejemplo, un contrato firmado en enero de 2024 con una renta de 900 euros al mes podr\u00eda revisarse tras su primer a\u00f1o, aumentando hasta un m\u00e1ximo del 2,20%. Esto supondr\u00eda un incremento de 19,8 euros, resultando en una nueva renta de 919,80 euros mensuales. Este l\u00edmite <strong>asegura que las actualizaciones se realicen de manera controlada<\/strong>, ofreciendo seguridad tanto para los inquilinos como para los propietarios.<\/p>\n<p><!-- BREAK 11 --><\/p>\n<p>En los contratos anteriores a la entrada en vigor de la Ley de Vivienda, <strong>continuar\u00e1 aplic\u00e1ndose el m\u00e9todo basado en el IPC<\/strong> como \u00edndice de referencia para calcular los incrementos m\u00e1ximos permitidos. Sin embargo, propietarios e inquilinos pueden acordar de forma voluntaria la adopci\u00f3n del nuevo \u00edndice para regular las revisiones de la renta.<\/p>\n<p><!-- BREAK 12 --><\/p>\n<h2>Cuanto me puede subir el alquiler<\/h2>\n<div class=\"article-asset-image article-asset-large article-asset-center\">\n<div class=\"asset-content\">\n<div class=\"caption-img \">\n                    <a rel=\"noopener, noreferrer\" href=\"https:\/\/www.pexels.com\/es-es\/foto\/lote-de-billetes-en-euros-259251\/\"><\/p>\n<p>    <img decoding=\"async\" alt=\"Pexels Pixabay 259251\" class=\"\" src=\"https:\/\/i.blogs.es\/ebbc28\/pexels-pixabay-259251\/450_1000.webp\"><br \/>\n     <\/a><\/p>\n<p>        <span>Foto de Pixabay en Pexels<\/span>\n   <\/div>\n<\/p><\/div>\n<\/div>\n<p>Ya conocemos la teor\u00eda pero ahora queda ver c\u00f3mo se materializa y es que lo importante es conocer <strong>cu\u00e1nto puede subir el alquiler<\/strong> y como se ver\u00e1 reflejado en la factura cada mes.<\/p>\n<p><!-- BREAK 13 --><\/p>\n<p>Para simplificar este proceso y garantizar que ambas partes tengan claridad sobre el importe m\u00e1ximo a pagar, el Ministerio de Vivienda <strong>ha implementado una calculadora online<\/strong> (la tienes en <a rel=\"noopener, noreferrer\" href=\"https:\/\/www.mivau.gob.es\/vivienda\/calculadora-precio-alquiler\">este enlace<\/a>). Esta plataforma permite calcular el precio actualizado de la renta considerando tanto el IPC como el IRAV.<\/p>\n<p><!-- BREAK 14 --><\/p>\n<div class=\"article-asset article-asset-normal article-asset-center\">\n<div class=\"desvio-container\">\n<div class=\"desvio\">\n<div class=\"desvio-figure js-desvio-figure\">\n    <a href=\"https:\/\/www.xatakahome.com\/a-fondo\/vivo-alquiler-toca-pasar-revision-gas-caldera-esto-que-dice-ley-quien-debe-pagarla\" class=\"pivot-outboundlink\" data-vars-post-title=\"Vivo de alquiler y toca pasar la revisi\u00f3n del gas y de la caldera. Esto es lo que dice la Ley sobre qui\u00e9n debe pagarla \"><br \/>\n     <img loading=\"lazy\" decoding=\"async\" alt=\"Vivo de alquiler y toca pasar la revisi\u00f3n del gas y de la caldera. Esto es lo que dice la Ley sobre qui\u00e9n debe pagarla \" width=\"375\" height=\"142\" src=\"https:\/\/i.blogs.es\/26260f\/contador\/375_142.webp\" onerror='this.src=\"https:\/\/i.blogs.es\/26260f\/contador\/375_142.jpeg\"'><br \/>\n    <\/a>\n   <\/div>\n<div class=\"desvio-summary\">\n<div class=\"desvio-taxonomy js-desvio-taxonomy\">\n     <a href=\"https:\/\/www.xatakahome.com\/a-fondo\/vivo-alquiler-toca-pasar-revision-gas-caldera-esto-que-dice-ley-quien-debe-pagarla\" class=\"desvio-taxonomy-anchor pivot-outboundlink\" data-vars-post-title=\"Vivo de alquiler y toca pasar la revisi\u00f3n del gas y de la caldera. Esto es lo que dice la Ley sobre qui\u00e9n debe pagarla \">En Xataka Smart Home<\/a>\n    <\/div>\n<p>    <a href=\"https:\/\/www.xatakahome.com\/a-fondo\/vivo-alquiler-toca-pasar-revision-gas-caldera-esto-que-dice-ley-quien-debe-pagarla\" class=\"desvio-title js-desvio-title pivot-outboundlink\" data-vars-post-title=\"Vivo de alquiler y toca pasar la revisi\u00f3n del gas y de la caldera. Esto es lo que dice la Ley sobre qui\u00e9n debe pagarla \">Vivo de alquiler y toca pasar la revisi\u00f3n del gas y de la caldera. Esto es lo que dice la Ley sobre qui\u00e9n debe pagarla <\/a>\n   <\/div>\n<\/p><\/div>\n<\/p><\/div>\n<\/div>\n<p>La herramienta est\u00e1 dise\u00f1ada para realizar c\u00e1lculos precisos en funci\u00f3n del m\u00e9todo de actualizaci\u00f3n establecido en el contrato de arrendamiento. Introduciendo la renta actual, el sistema genera autom\u00e1ticamente el valor m\u00e1ximo permitido, proporcionando una soluci\u00f3n eficiente y transparente. Con ello, <strong>se facilita el cumplimiento de la normativa<\/strong> y se asegura que las actualizaciones de los alquileres respeten los l\u00edmites legales establecidos.<\/p>\n<p><!-- BREAK 15 --><\/p>\n<p>Por ejemplo, <strong>para un precio de 900 euros de renta<\/strong>, aplicando el IRAV el precio que se puede exigir es de 919,80 euros mientras que usando el IPC el precio es de 921,60 euros.<\/p>\n<p><!-- BREAK 16 --><\/p>\n<div class=\"article-asset-image article-asset-large article-asset-center\">\n<div class=\"asset-content\">\n<div class=\"caption-img \">\n<p>   <img decoding=\"async\" alt=\"IRAV\" class=\"\" src=\"https:\/\/i.blogs.es\/1bcaa4\/captura-de-pantalla-2025-01-09-a-las-10.30.55\/450_1000.webp\"><\/p>\n<p>        <span>Aplicando el IRAV<\/span>\n   <\/div>\n<\/p><\/div>\n<\/div>\n<p>Con este sistema, gobierno <strong>pretende controlar la escalada de precios<\/strong> en el precio del alquiler de la vivienda, manteniendo la subida en rangos razonables ante la escalada continuada del IPC en los \u00faltimos a\u00f1os.<\/p>\n<p><!-- BREAK 17 --><\/p>\n<p>Imagen portada | <a rel=\"noopener, noreferrer\" href=\"https:\/\/www.pexels.com\/es-es\/foto\/vista-panoramica-de-la-ciudad-2305747\/\">Alisha Lubben<\/a><\/p>\n<p>En Xataka SmartHome | <a class=\"text-outboundlink\" href=\"https:\/\/www.xatakahome.com\/a-fondo\/casero-debera-prolongar-alquiler-no-quiera-asi-protege-ley-arrendamientos-urbanos-al-inquilino\" data-vars-post-title=\"El casero deber\u00e1 prolongar el alquiler aunque no quiera. As\u00ed protege la Ley de Arrendamientos Urbanos al inquilino \" data-vars-post-url=\"https:\/\/www.xatakahome.com\/a-fondo\/casero-debera-prolongar-alquiler-no-quiera-asi-protege-ley-arrendamientos-urbanos-al-inquilino\">El casero deber\u00e1 prolongar el alquiler aunque no quiera. As\u00ed protege la Ley de Arrendamientos Urbanos al inquilino<\/a><\/p>\n<p><script>\n (function() {\n  window._JS_MODULES = window._JS_MODULES || {};\n  var headElement = document.getElementsByTagName('head')[0];\n  if (_JS_MODULES.instagram) {\n   var instagramScript = document.createElement('script');\n   instagramScript.src = 'https:\/\/platform.instagram.com\/en_US\/embeds.js';\n   instagramScript.async = true;\n   instagramScript.defer = true;\n   headElement.appendChild(instagramScript);\n  }\n })();\n<\/script><\/p>\n<p> &#8211; <br \/> La noticia<br \/>\n      <a href=\"https:\/\/www.xatakahome.com\/a-fondo\/vivo-piso-alquilado-asi-sabre-tiempo-cuanto-me-pueden-subir-alquiler-este-ano-nuevo-gobierno?utm_source=feedburner&amp;utm_medium=feed&amp;utm_campaign=09_Jan_2025\"><br \/>\n       <em> Vivo en un piso alquilado: as\u00ed sabr\u00e9 con tiempo cu\u00e1nto me pueden subir el alquiler este a\u00f1o con lo nuevo del Gobierno  <\/em><br \/>\n      <\/a><br \/>\n      fue publicada originalmente en<br \/>\n      <a href=\"https:\/\/www.xatakahome.com\/?utm_source=feedburner&amp;utm_medium=feed&amp;utm_campaign=09_Jan_2025\"><br \/>\n       <strong> Xataka Smart Home <\/strong><br \/>\n      <\/a><br \/>\n             por <a href=\"https:\/\/www.xatakahome.com\/autor\/jose-antonio-carmona?utm_source=feedburner&amp;utm_medium=feed&amp;utm_campaign=09_Jan_2025\"><br \/>\n        Jose Antonio Carmona<br \/>\n       <\/a><br \/>\n      . <\/p>\n<\/div>\n","protected":false},"excerpt":{"rendered":"<p>Hemos comenzado el a\u00f1o hace tan solo unos d\u00edas y, junto con las rebajas y el aumento en el precio de algunos productos, tambi\u00e9n llega una modificaci\u00f3n que afecta a uno de los problemas m\u00e1s importantes para la mayor\u00eda de la poblaci\u00f3n: el acceso a la vivienda. Con 2025, Espa\u00f1a estrena un nuevo sistema para &hellip; <a href=\"https:\/\/domosistemas.com\/?p=27047\" class=\"more-link\">Sigue leyendo <span class=\"screen-reader-text\">Vivo en un piso alquilado: as\u00ed sabr\u00e9 con tiempo cu\u00e1nto me pueden subir el alquiler este a\u00f1o con lo nuevo del Gobierno<\/span><\/a><\/p>\n","protected":false},"author":1,"featured_media":0,"comment_status":"closed","ping_status":"closed","sticky":false,"template":"","format":"standard","meta":{"footnotes":""},"categories":[8],"tags":[],"class_list":["post-27047","post","type-post","status-publish","format-standard","hentry","category-xataka"],"_links":{"self":[{"href":"https:\/\/domosistemas.com\/index.php?rest_route=\/wp\/v2\/posts\/27047","targetHints":{"allow":["GET"]}}],"collection":[{"href":"https:\/\/domosistemas.com\/index.php?rest_route=\/wp\/v2\/posts"}],"about":[{"href":"https:\/\/domosistemas.com\/index.php?rest_route=\/wp\/v2\/types\/post"}],"author":[{"embeddable":true,"href":"https:\/\/domosistemas.com\/index.php?rest_route=\/wp\/v2\/users\/1"}],"replies":[{"embeddable":true,"href":"https:\/\/domosistemas.com\/index.php?rest_route=%2Fwp%2Fv2%2Fcomments&post=27047"}],"version-history":[{"count":0,"href":"https:\/\/domosistemas.com\/index.php?rest_route=\/wp\/v2\/posts\/27047\/revisions"}],"wp:attachment":[{"href":"https:\/\/domosistemas.com\/index.php?rest_route=%2Fwp%2Fv2%2Fmedia&parent=27047"}],"wp:term":[{"taxonomy":"category","embeddable":true,"href":"https:\/\/domosistemas.com\/index.php?rest_route=%2Fwp%2Fv2%2Fcategories&post=27047"},{"taxonomy":"post_tag","embeddable":true,"href":"https:\/\/domosistemas.com\/index.php?rest_route=%2Fwp%2Fv2%2Ftags&post=27047"}],"curies":[{"name":"wp","href":"https:\/\/api.w.org\/{rel}","templated":true}]}}