{"id":27053,"date":"2025-01-10T07:08:37","date_gmt":"2025-01-10T07:08:37","guid":{"rendered":"https:\/\/domosistemas.com\/?p=27053"},"modified":"2025-01-10T07:08:37","modified_gmt":"2025-01-10T07:08:37","slug":"las-rebajas-de-enero-llegan-con-los-mejores-descuentos-en-smart-tv-barras-de-sonido-calefaccion-hogar-conectado-y-mas-cazando-gangas","status":"publish","type":"post","link":"https:\/\/domosistemas.com\/?p=27053","title":{"rendered":"Las rebajas de enero llegan con los mejores descuentos en Smart TV, barras de sonido, calefacci\u00f3n, hogar conectado y m\u00e1s: Cazando gangas"},"content":{"rendered":"<div>\n<p>\n      <img decoding=\"async\" src=\"https:\/\/i.blogs.es\/2f976f\/asset_mms_1449736568899\/1024_2000.jpeg\" alt=\"Las rebajas de enero llegan con los mejores descuentos en Smart TV, barras de sonido, calefacci\u00f3n, hogar conectado y m\u00e1s: Cazando gangas \">\n    <\/p>\n<p>Ha llegado el viernes, el d\u00eda ideal para repasar los descuentos en televisores inteligentes, equipos y barras de sonido, dispositivos para el hogar conectado y m\u00e1s. Comienza nuestro <strong>Cazando gangas.<\/strong><\/p>\n<p><!-- BREAK 1 --><\/p>\n<h2>Televisores, proyectores, multimedia y barras de sonido<\/h2>\n<h3>Hisense U8N<\/h3>\n<div class=\"article-asset-image article-asset-small article-asset-center\">\n<div class=\"asset-content\">\n<p>   <img decoding=\"async\" alt=\"hisense\" class=\"centro_sinmarco\" src=\"https:\/\/i.blogs.es\/594b39\/81r3enxhfvl._ac_sl1500_\/450_1000.webp\"><\/p><\/div>\n<\/div>\n<p>El <strong>Hisense U8N<\/strong> es uno de los <a class=\"text-outboundlink\" href=\"https:\/\/www.xatakahome.com\/a-fondo\/mejores-televisores-cual-comprar-modelos-recomendados-para-tener-imagen-sonido-cine\" data-vars-post-title=\"Los mejores televisores de 2024: cu\u00e1l comprar y Smart TV recomendadas para tener una imagen y sonido de cine\" data-vars-post-url=\"https:\/\/www.xatakahome.com\/a-fondo\/mejores-televisores-cual-comprar-modelos-recomendados-para-tener-imagen-sonido-cine\" data-id=\"noopener noreferrer\">mejores televisores de 2024<\/a>, el nuevo modelo de gama alta de la marca que llega este a\u00f1o con un <strong>brillo de hasta 3.000 nits<\/strong>, considerablemente por encima del modelo equivalente del a\u00f1o pasado. Estamos ante un televisor LED que adem\u00e1s incorpora como novedad un modo AI Sports, que promete una experiencia inmersiva en competiciones deportivas, adaptando los colores, el contraste, el brillo y el sonido durante los partidos.<\/p>\n<p><!-- BREAK 2 --><\/p>\n<p>El U8N es un <strong>miniLED con<\/strong> <strong>1.600 zonas de atenuaci\u00f3n FALD<\/strong> en su modelo de 65 pulgadas, ofrece compatibilidad con Dolby Vision IQ, HDR10+ y cuenta con IMAX Enhanced. Podemos encontrarlo hoy por unos <a rel=\"nofollow, sponsored, noopener, noreferrer\" target=\"_blank\" class=\"js-ecommerce\" id=\"link-ecommerce-1\" href=\"https:\/\/www.xatakahome.com\/redirect?url=https%3A%2F%2Fwww.amazon.es%2FHisense-65U8NQ-Televisor-multicanal-Procesador%2Fdp%2FB0D35H4YWY&amp;category=seleccion&amp;ecomPostExpiration=perish&amp;postId=115923\" data-vars-affiliate-url=\"https:\/\/www.amazon.es\/Hisense-65U8NQ-Televisor-multicanal-Procesador\/dp\/B0D35H4YWY\" data-id=\"noopener noreferrer\">999 euros<\/a> frente a los 1.499 euros habituales.<\/p>\n<p><!-- BREAK 3 --><!-- PIVOT START --><\/p>\n<div class=\"pivot-ecommerce-container m-pivot-ecommerce-redesign article-asset-normal article-asset-center\">\n<div class=\"pivot-ecommerce\">\n<div class=\"pivot-ecommerce-figure\">\n  <a rel=\"nofollow, sponsored, noopener, noreferrer\" target=\"_blank\" href=\"https:\/\/www.xatakahome.com\/redirect?url=https%3A%2F%2Fwww.amazon.es%2Fdp%2FB0D35H4YWY%3Ftag%3Dxatakahome-21%26linkCode%3Dogi%26th%3D1%26psc%3D1&amp;category=seleccion&amp;pivot=1&amp;ecomPostExpiration=perish&amp;postId=115923\"><br \/>\n   <img loading=\"lazy\" decoding=\"async\" alt=\"Hisense 65U8NQ - Mini-LED Televisor, 65 Pulgadas,con Quantum Dot Colour, 2.1.2 Sonido multicanal, Modo Juego de 144Hz VRR 240 fps, Dolby Vision IQ &amp; Dolby Atmos, Procesador Hi-View Engine (Nuevo 2024)\" width=\"500\" height=\"500\" src=\"https:\/\/i.blogs.es\/ea8c94\/41nmhhuos3l._sl500_\/original.webp\" onerror='this.src=\"https:\/\/i.blogs.es\/ea8c94\/41nmhhuos3l._sl500_\/original.jpeg\"'><br \/>\n  <\/a>\n  <\/div>\n<div class=\"pivot-ecommerce-summary\">\n<p class=\"pivot-ecommerce-desc\">Hisense 65U8NQ &#8211; Mini-LED Televisor, 65 Pulgadas,con Quantum Dot Colour, 2.1.2 Sonido multicanal, Modo Juego de 144Hz VRR 240 fps, Dolby Vision IQ &amp; Dolby Atmos, Procesador Hi-View Engine (Nuevo 2024)<\/p>\n<div class=\"pivot-actions \">\n<div class=\"pivot-actions-row\">\n <a rel=\"nofollow, sponsored, noopener, noreferrer\" target=\"_blank\" data-asin=\"B0D35H4YWY\" data-store=\"Amazon\" href=\"https:\/\/www.xatakahome.com\/redirect?url=https%3A%2F%2Fwww.amazon.es%2Fdp%2FB0D35H4YWY%3Ftag%3Dxatakahome-21%26linkCode%3Dogi%26th%3D1%26psc%3D1&amp;category=seleccion&amp;pivot=1&amp;ecomPostExpiration=perish&amp;postId=115923\" title=\"Precio actualizado hoy\" class=\"pivot-action-btn metrics-pivot-btn pivot-action-primary\">Hoy en Amazon \u2014 <strong><span class=\"js-deal-price\">999,00<\/span> \u20ac<\/strong><\/a><br \/>\n   <a rel=\"nofollow, sponsored, noopener, noreferrer\" target=\"_blank\" data-asin=\"001014842412299\" data-store=\"El Corte Ingl\u00e9s\" href=\"https:\/\/www.xatakahome.com\/redirect?url=https%3A%2F%2Fwww.elcorteingles.es%2Felectronica%2FA51556691-tv-miniled-165cm-65-hisense-65u8nq-uhd-4k-smart-tv%2F&amp;category=seleccion&amp;pivot=1&amp;ecomPostExpiration=perish&amp;postId=115923\" title=\"Precio actualizado hoy\" class=\"pivot-action-btn metrics-pivot-btn pivot-action-secondary\">El Corte Ingl\u00e9s \u2014 <strong><span class=\"js-deal-price\">999,00<\/span> \u20ac<\/strong><\/a><br \/>\n   <a rel=\"nofollow, sponsored, noopener, noreferrer\" target=\"_blank\" data-asin=\"10825525\" data-store=\"PcComponentes\" href=\"https:\/\/www.xatakahome.com\/redirect?url=https%3A%2F%2Fwww.pccomponentes.com%2Fhisense-65u8nq-65-mini-led-pro-ultrahd-4k-144hz-quantum-dot-colour-dolby-vision&amp;category=seleccion&amp;pivot=1&amp;ecomPostExpiration=perish&amp;postId=115923\" title=\"Precio actualizado hoy\" class=\"pivot-action-btn metrics-pivot-btn pivot-action-secondary\">PcComponentes \u2014 <strong><span class=\"js-deal-price\">1.499,00<\/span> \u20ac<\/strong><\/a>\n <\/div>\n<\/p><\/div>\n<\/p><\/div>\n<\/p><\/div>\n<div class=\"pivot-link-msg\">* Alg\u00fan precio puede haber cambiado desde la \u00faltima revisi\u00f3n<\/div>\n<\/p><\/div>\n<p><!-- PIVOT END --><\/p>\n<h3>Samsung TQ65Q80DATXXC<\/h3>\n<div class=\"article-asset-image article-asset-small article-asset-center\">\n<div class=\"asset-content\">\n<p>   <img decoding=\"async\" alt=\"Samsung\" class=\"centro_sinmarco\" src=\"https:\/\/i.blogs.es\/398e78\/00114842412794____9__1200x1200\/450_1000.webp\"><\/p><\/div>\n<\/div>\n<p>Si buscas un televisor de gama media con diagonal de 65 pulgadas, este modelo <strong>Q80DATXXC de Samsung<\/strong> est\u00e1 hoy a mitad de precio. Ofrece un panel LCD QLED con resoluci\u00f3n 4K a 120 Hz y sistema operativo Tizen con acceso a las aplicaciones m\u00e1s populares. Su precio es de <a rel=\"nofollow, sponsored, noopener, noreferrer\" target=\"_blank\" class=\"js-ecommerce\" id=\"link-ecommerce-2\" href=\"https:\/\/www.xatakahome.com\/redirect?url=https%3A%2F%2Fwww.elcorteingles.es%2Felectronica%2FA51827140-tv-qled-165-cm-65-samsung-tq65q80datxxc-uhd-4k-upscalling-smart-tv%2F%3FparentCategoryId%3D999.51570013%26color%3DGris&amp;category=seleccion&amp;ecomPostExpiration=perish&amp;postId=115923\" data-vars-affiliate-url=\"https:\/\/www.elcorteingles.es\/electronica\/A51827140-tv-qled-165-cm-65-samsung-tq65q80datxxc-uhd-4k-upscalling-smart-tv\/?parentCategoryId=999.51570013&amp;color=Gris\">999 euros<\/a> frente a los 1.999 euros habituales.<\/p>\n<p><!-- BREAK 4 --><!-- PIVOT START --><\/p>\n<div class=\"pivot-ecommerce-container m-pivot-ecommerce-redesign article-asset-normal article-asset-center\">\n<div class=\"pivot-ecommerce\">\n<div class=\"pivot-ecommerce-figure\">\n  <a rel=\"nofollow, sponsored, noopener, noreferrer\" target=\"_blank\" href=\"https:\/\/www.xatakahome.com\/redirect?url=https%3A%2F%2Fwww.elcorteingles.es%2Felectronica%2FA51827140-tv-qled-165-cm-65-samsung-tq65q80datxxc-uhd-4k-upscalling-smart-tv%2F%3FparentCategoryId%3D999.51570013%26color%3DGris&amp;category=seleccion&amp;pivot=1&amp;ecomPostExpiration=perish&amp;postId=115923\"><br \/>\n   <img loading=\"lazy\" decoding=\"async\" alt='TV QLED 165 cm (65\") Samsung TQ65Q80DATXXC, UHD 4K Upscalling' width=\"900\" height=\"900\" src=\"https:\/\/i.blogs.es\/0326d9\/blob\/original.webp\" onerror='this.src=\"https:\/\/i.blogs.es\/0326d9\/blob\/original.jpeg\"'><br \/>\n  <\/a>\n  <\/div>\n<div class=\"pivot-ecommerce-summary\">\n<p class=\"pivot-ecommerce-desc\">TV QLED 165 cm (65&#8243;) Samsung TQ65Q80DATXXC, UHD 4K Upscalling<\/p>\n<div class=\"pivot-actions \">\n<div class=\"pivot-actions-row\">\n <a rel=\"nofollow, sponsored, noopener, noreferrer\" target=\"_blank\" data-asin=\"\" data-store=\"\" href=\"https:\/\/www.xatakahome.com\/redirect?url=https%3A%2F%2Fwww.elcorteingles.es%2Felectronica%2FA51827140-tv-qled-165-cm-65-samsung-tq65q80datxxc-uhd-4k-upscalling-smart-tv%2F%3FparentCategoryId%3D999.51570013%26color%3DGris&amp;category=seleccion&amp;pivot=1&amp;ecomPostExpiration=perish&amp;postId=115923\" title=\"Precio de venta al p\u00fablico a fecha de publicaci\u00f3n\" class=\"pivot-action-btn pivot-action-primary\">PVP en El Corte Ingl\u00e9s \u2014 <strong><span class=\"js-deal-price\">999,00<\/span> \u20ac<\/strong><\/a>\n <\/div>\n<\/p><\/div>\n<\/p><\/div>\n<\/p><\/div>\n<div class=\"pivot-link-msg\">* Alg\u00fan precio puede haber cambiado desde la \u00faltima revisi\u00f3n<\/div>\n<\/p><\/div>\n<p><!-- PIVOT END --><\/p>\n<h3>LG 65QNED866<\/h3>\n<div class=\"article-asset-image article-asset-small article-asset-center\">\n<div class=\"asset-content\">\n<p>   <img decoding=\"async\" alt=\"Lg\" class=\"centro_sinmarco\" src=\"https:\/\/i.blogs.es\/24f6bc\/lg\/450_1000.webp\"><\/p><\/div>\n<\/div>\n<p>Otro modelo con interesante descuento esta semana es este de LG, una tele perteneciente a su gama <strong>LCD miniLED QNED<\/strong> compatible con Dolby Vision, Dolby Atmos y con Smart TV webOS23. La versi\u00f3n de 65 pulgadas tiene una rebaja del 50% pasando a costar <a rel=\"nofollow, sponsored, noopener, noreferrer\" target=\"_blank\" class=\"js-ecommerce\" id=\"link-ecommerce-3\" href=\"https:\/\/www.xatakahome.com\/redirect?url=https%3A%2F%2Fwww.elcorteingles.es%2Felectronica%2FA47613735-tv-qned-miniled-164-cm-65-lg-65qned866-4k-dolby-vision-dolby-atmos-smart-tv-webos23%2F%3FparentCategoryId%3D999.51570013%26color%3DTitanio&amp;category=seleccion&amp;ecomPostExpiration=perish&amp;postId=115923\" data-vars-affiliate-url=\"https:\/\/www.elcorteingles.es\/electronica\/A47613735-tv-qned-miniled-164-cm-65-lg-65qned866-4k-dolby-vision-dolby-atmos-smart-tv-webos23\/?parentCategoryId=999.51570013&amp;color=Titanio\">999 euros<\/a> frente a los 1.999 euros habituales.<\/p>\n<p><!-- BREAK 5 --><!-- PIVOT START --><\/p>\n<div class=\"pivot-ecommerce-container m-pivot-ecommerce-redesign article-asset-normal article-asset-center\">\n<div class=\"pivot-ecommerce\">\n<div class=\"pivot-ecommerce-figure\">\n  <a rel=\"nofollow, sponsored, noopener, noreferrer\" target=\"_blank\" href=\"https:\/\/www.xatakahome.com\/redirect?url=https%3A%2F%2Fwww.elcorteingles.es%2Felectronica%2FA47613735-tv-qned-miniled-164-cm-65-lg-65qned866-4k-dolby-vision-dolby-atmos-smart-tv-webos23%2F%3FparentCategoryId%3D999.51570013%26color%3DTitanio&amp;category=seleccion&amp;pivot=1&amp;ecomPostExpiration=perish&amp;postId=115923\"><br \/>\n   <img loading=\"lazy\" decoding=\"async\" alt='TV QNED MiniLED 164 cm (65\") LG 65QNED866 4K, Dolby Vision, Dolby ATMOS, Smart TV, webOS23' width=\"807\" height=\"807\" src=\"https:\/\/i.blogs.es\/4ce20a\/blob\/original.webp\" onerror='this.src=\"https:\/\/i.blogs.es\/4ce20a\/blob\/original.jpeg\"'><br \/>\n  <\/a>\n  <\/div>\n<div class=\"pivot-ecommerce-summary\">\n<p class=\"pivot-ecommerce-desc\">TV QNED MiniLED 164 cm (65&#8243;) LG 65QNED866 4K, Dolby Vision, Dolby ATMOS, Smart TV, webOS23<\/p>\n<div class=\"pivot-actions \">\n<div class=\"pivot-actions-row\">\n <a rel=\"nofollow, sponsored, noopener, noreferrer\" target=\"_blank\" data-asin=\"\" data-store=\"\" href=\"https:\/\/www.xatakahome.com\/redirect?url=https%3A%2F%2Fwww.elcorteingles.es%2Felectronica%2FA47613735-tv-qned-miniled-164-cm-65-lg-65qned866-4k-dolby-vision-dolby-atmos-smart-tv-webos23%2F%3FparentCategoryId%3D999.51570013%26color%3DTitanio&amp;category=seleccion&amp;pivot=1&amp;ecomPostExpiration=perish&amp;postId=115923\" title=\"Precio de venta al p\u00fablico a fecha de publicaci\u00f3n\" class=\"pivot-action-btn pivot-action-primary\">PVP en El Corte Ingl\u00e9s \u2014 <strong><span class=\"js-deal-price\">999,00<\/span> \u20ac<\/strong><\/a>\n <\/div>\n<\/p><\/div>\n<\/p><\/div>\n<\/p><\/div>\n<div class=\"pivot-link-msg\">* Alg\u00fan precio puede haber cambiado desde la \u00faltima revisi\u00f3n<\/div>\n<\/p><\/div>\n<p><!-- PIVOT END --><\/p>\n<h3><strong>LG 65UT80006LA<\/strong><\/h3>\n<div class=\"article-asset-image article-asset-small article-asset-center\">\n<div class=\"asset-content\">\n                    <a rel=\"nofollow, sponsored, noopener, noreferrer\" target=\"_blank\" class=\"js-ecommerce\" id=\"link-ecommerce-4\" href=\"https:\/\/www.xatakahome.com\/redirect?url=https%3A%2F%2Fwww.mediamarkt.es%2Fes%2Fproduct%2F_tv-led-65-lg-65ut80006la-uhd-4k-procesador-inteligente-4k-a5-gen7-smart-tv-dvb-t2-h265-negro-1572256.html&amp;category=seleccion&amp;ecomPostExpiration=perish&amp;postId=115923\" data-vars-affiliate-url=\"https:\/\/www.mediamarkt.es\/es\/product\/_tv-led-65-lg-65ut80006la-uhd-4k-procesador-inteligente-4k-a5-gen7-smart-tv-dvb-t2-h265-negro-1572256.html\"><\/p>\n<p>    <img decoding=\"async\" alt=\"LG 65UT80006LA\" class=\"centro_sinmarco\" src=\"https:\/\/i.blogs.es\/4b660d\/proyecto-nuevo---2025-01-08t150211.090\/450_1000.webp\"><br \/>\n     <\/a><\/p><\/div>\n<\/div>\n<p>Si te gusta el plan de ver pel\u00edculas y series en casa y quieres hacerlo en una pantalla grande, esta <strong>smart TV LG 65UT80006LA<\/strong> es una buena opci\u00f3n a tener en cuenta. Ahora, durante los LG Days de MediaMarkt puedes comprarla en oferta, por <a rel=\"nofollow, sponsored, noopener, noreferrer\" target=\"_blank\" class=\"js-ecommerce\" id=\"link-ecommerce-5\" href=\"https:\/\/www.xatakahome.com\/redirect?url=https%3A%2F%2Fwww.mediamarkt.es%2Fes%2Fproduct%2F_tv-led-65-lg-65ut80006la-uhd-4k-procesador-inteligente-4k-a5-gen7-smart-tv-dvb-t2-h265-negro-1572256.html&amp;category=seleccion&amp;ecomPostExpiration=perish&amp;postId=115923\" data-vars-affiliate-url=\"https:\/\/www.mediamarkt.es\/es\/product\/_tv-led-65-lg-65ut80006la-uhd-4k-procesador-inteligente-4k-a5-gen7-smart-tv-dvb-t2-h265-negro-1572256.html\" data-id=\"noopener noreferrer\">579 euros<\/a> frente a los 894 euros que suele costar.<\/p>\n<p><!-- BREAK 6 --><!-- PIVOT START --><\/p>\n<div class=\"pivot-ecommerce-container m-pivot-ecommerce-redesign article-asset-normal article-asset-center\">\n<div class=\"pivot-ecommerce\">\n<div class=\"pivot-ecommerce-figure\">\n  <a rel=\"nofollow, sponsored, noopener, noreferrer\" target=\"_blank\" href=\"https:\/\/www.xatakahome.com\/redirect?url=https%3A%2F%2Fwww.mediamarkt.es%2Fes%2Fproduct%2F_tv-led-65-lg-65ut80006la-uhd-4k-procesador-inteligente-4k-a5-gen7-smart-tv-dvb-t2-h265-negro-1572256.html&amp;category=seleccion&amp;pivot=1&amp;ecomPostExpiration=perish&amp;postId=115923\"><br \/>\n   <img loading=\"lazy\" decoding=\"async\" alt='LG 65UT80006LA 65 \"' width=\"600\" height=\"600\" src=\"https:\/\/i.blogs.es\/f456e7\/blob\/original.webp\" onerror='this.src=\"https:\/\/i.blogs.es\/f456e7\/blob\/original.jpeg\"'><br \/>\n  <\/a>\n  <\/div>\n<div class=\"pivot-ecommerce-summary\">\n<p class=\"pivot-ecommerce-desc\">LG 65UT80006LA 65 \u00ab<\/p>\n<div class=\"pivot-actions \">\n<div class=\"pivot-actions-row\">\n <a rel=\"nofollow, sponsored, noopener, noreferrer\" target=\"_blank\" data-asin=\"\" data-store=\"\" href=\"https:\/\/www.xatakahome.com\/redirect?url=https%3A%2F%2Fwww.mediamarkt.es%2Fes%2Fproduct%2F_tv-led-65-lg-65ut80006la-uhd-4k-procesador-inteligente-4k-a5-gen7-smart-tv-dvb-t2-h265-negro-1572256.html&amp;category=seleccion&amp;pivot=1&amp;ecomPostExpiration=perish&amp;postId=115923\" title=\"Precio de venta al p\u00fablico a fecha de publicaci\u00f3n\" class=\"pivot-action-btn pivot-action-primary\">PVP en MediaMarkt \u2014 <strong><span class=\"js-deal-price\">579,00<\/span> \u20ac<\/strong><\/a><br \/>\n   <a rel=\"nofollow, sponsored, noopener, noreferrer\" target=\"_blank\" data-asin=\"\" data-store=\"\" href=\"https:\/\/www.xatakahome.com\/redirect?url=https%3A%2F%2Fwww.amazon.es%2Fdp%2FB0CY5HFKV3&amp;category=seleccion&amp;pivot=1&amp;ecomPostExpiration=perish&amp;postId=115923\" title=\"Precio de venta al p\u00fablico a fecha de publicaci\u00f3n\" class=\"pivot-action-btn pivot-action-secondary\">Amazon \u2014 <strong><span class=\"js-deal-price\">589,00<\/span> \u20ac<\/strong><\/a><br \/>\n   <a rel=\"nofollow, sponsored, noopener, noreferrer\" target=\"_blank\" data-asin=\"\" data-store=\"\" href=\"https:\/\/www.xatakahome.com\/redirect?url=https%3A%2F%2Fwww.pccomponentes.com%2Ftv-lg-65ut80006la-65-led-ultrahd-4k-hdr10&amp;category=seleccion&amp;pivot=1&amp;ecomPostExpiration=perish&amp;postId=115923\" title=\"Precio de venta al p\u00fablico a fecha de publicaci\u00f3n\" class=\"pivot-action-btn pivot-action-secondary\">PcComponentes \u2014 <strong><span class=\"js-deal-price\">679,00<\/span> \u20ac<\/strong><\/a>\n <\/div>\n<\/p><\/div>\n<\/p><\/div>\n<\/p><\/div>\n<div class=\"pivot-link-msg\">* Alg\u00fan precio puede haber cambiado desde la \u00faltima revisi\u00f3n<\/div>\n<\/p><\/div>\n<p><!-- PIVOT END --><\/p>\n<h3>Panasonic HTB490<\/h3>\n<div class=\"article-asset-image article-asset-small article-asset-center\">\n<div class=\"asset-content\">\n<p>   <img decoding=\"async\" alt=\"Panasonic\" class=\"centro_sinmarco\" src=\"https:\/\/i.blogs.es\/8aa09b\/panasonic\/450_1000.webp\"><\/p><\/div>\n<\/div>\n<p>Si buscas mejorar el sonido de tu televisor plano y no quieres gastar mucho presupuesto, esta <strong>barra de sonido Panasonic<\/strong> es una estupenda opci\u00f3n, contando con un subwoofer inal\u00e1mbrico aparte y nada menos que 160 W de potencia. Ofrece cinco modos de sonido espec\u00edficos (Est\u00e1ndar, Cine, Deporte, M\u00fasica y Noticias) y est\u00e1 rebajada costando <a rel=\"nofollow, sponsored, noopener, noreferrer\" target=\"_blank\" class=\"js-ecommerce\" id=\"link-ecommerce-6\" href=\"https:\/\/www.xatakahome.com\/redirect?url=https%3A%2F%2Fwww.elcorteingles.es%2Felectronica%2FA39883412-barra-de-sonido-panasonic-htb490-subwoofer-bluetooth%2F%3FparentCategoryId%3D999.53000013%26color%3DNegro&amp;category=seleccion&amp;ecomPostExpiration=perish&amp;postId=115923\" data-vars-affiliate-url=\"https:\/\/www.elcorteingles.es\/electronica\/A39883412-barra-de-sonido-panasonic-htb490-subwoofer-bluetooth\/?parentCategoryId=999.53000013&amp;color=Negro\">199 euros<\/a> frente a los 349 euros habituales.<\/p>\n<p><!-- BREAK 7 --><!-- PIVOT START --><\/p>\n<div class=\"pivot-ecommerce-container m-pivot-ecommerce-redesign article-asset-normal article-asset-center\">\n<div class=\"pivot-ecommerce\">\n<div class=\"pivot-ecommerce-figure\">\n  <a rel=\"nofollow, sponsored, noopener, noreferrer\" target=\"_blank\" href=\"https:\/\/www.xatakahome.com\/redirect?url=https%3A%2F%2Fwww.ebay.es%2Fitm%2FPanasonic-SC-HTB490-320W-Soundbar-Nero-SCHTB490EGK-%2F394474746417&amp;category=seleccion&amp;pivot=1&amp;ecomPostExpiration=perish&amp;postId=115923\"><br \/>\n   <img loading=\"lazy\" decoding=\"async\" alt=\"Panasonic SC-HTB490 320W Soundbar - Nero (SCHTB490EGK)\" width=\"140\" height=\"138\" src=\"https:\/\/i.blogs.es\/6f19da\/s-l140\/original.webp\" onerror='this.src=\"https:\/\/i.blogs.es\/6f19da\/s-l140\/original.jpeg\"'><br \/>\n  <\/a>\n  <\/div>\n<div class=\"pivot-ecommerce-summary\">\n<p class=\"pivot-ecommerce-desc\">Panasonic SC-HTB490 320W Soundbar &#8211; Nero (SCHTB490EGK)<\/p>\n<div class=\"pivot-actions \">\n<div class=\"pivot-actions-row\">\n <a rel=\"nofollow, sponsored, noopener, noreferrer\" target=\"_blank\" data-asin=\"394474746417\" data-store=\"Ebay\" href=\"https:\/\/www.xatakahome.com\/redirect?url=https%3A%2F%2Fwww.ebay.es%2Fitm%2FPanasonic-SC-HTB490-320W-Soundbar-Nero-SCHTB490EGK-%2F394474746417&amp;category=seleccion&amp;pivot=1&amp;ecomPostExpiration=perish&amp;postId=115923\" title=\"Precio actualizado hoy\" class=\"pivot-action-btn metrics-pivot-btn pivot-action-primary\">Hoy en Ebay \u2014 <strong><span class=\"js-deal-price\">179,90<\/span> \u20ac<\/strong><\/a><br \/>\n   <a rel=\"nofollow, sponsored, noopener, noreferrer\" target=\"_blank\" data-asin=\"001011411405191\" data-store=\"El Corte Ingl\u00e9s\" href=\"https:\/\/www.xatakahome.com\/redirect?url=https%3A%2F%2Fwww.elcorteingles.es%2Felectronica%2FA39883412-barra-de-sonido-panasonic-htb490-subwoofer-bluetooth%2F&amp;category=seleccion&amp;pivot=1&amp;ecomPostExpiration=perish&amp;postId=115923\" title=\"Precio actualizado hoy\" class=\"pivot-action-btn metrics-pivot-btn pivot-action-secondary\">El Corte Ingl\u00e9s \u2014 <strong><span class=\"js-deal-price\">199,99<\/span> \u20ac<\/strong><\/a><br \/>\n   <a rel=\"nofollow, sponsored, noopener, noreferrer\" target=\"_blank\" data-asin=\"588135\" data-store=\"PcComponentes\" href=\"https:\/\/www.xatakahome.com\/redirect?url=https%3A%2F%2Fwww.pccomponentes.com%2Fpanasonic-sc-htb490-barra-21-320w-negra&amp;category=seleccion&amp;pivot=1&amp;ecomPostExpiration=perish&amp;postId=115923\" title=\"Precio actualizado hoy\" class=\"pivot-action-btn metrics-pivot-btn pivot-action-secondary\">PcComponentes \u2014 <strong><span class=\"js-deal-price\">261,90<\/span> \u20ac<\/strong><\/a>\n <\/div>\n<\/p><\/div>\n<\/p><\/div>\n<\/p><\/div>\n<div class=\"pivot-link-msg\">* Alg\u00fan precio puede haber cambiado desde la \u00faltima revisi\u00f3n<\/div>\n<\/p><\/div>\n<p><!-- PIVOT END --><\/p>\n<h3>LG OLED48B46LA<\/h3>\n<div class=\"article-asset-image article-asset-small article-asset-center\">\n<div class=\"asset-content\">\n<p>   <img decoding=\"async\" alt=\"Asset Mms 145280969\" class=\"centro_sinmarco\" src=\"https:\/\/i.blogs.es\/41327e\/asset_mms_145280969\/450_1000.webp\"><\/p><\/div>\n<\/div>\n<p>Si quieres una <strong>tele OLED<\/strong> de gama de entrada pero a la \u00faltima y en tama\u00f1o compacto esta semana cuenta con un buen descuento este <strong>modelo B4 de LG<\/strong>, una Smart TV 4K con procesador inteligente \u03b18 y <strong>48 pulgadas<\/strong> por <a rel=\"nofollow, sponsored, noopener, noreferrer\" target=\"_blank\" class=\"js-ecommerce\" id=\"link-ecommerce-7\" href=\"https:\/\/www.xatakahome.com\/redirect?url=https%3A%2F%2Fwww.mediamarkt.es%2Fes%2Fproduct%2F_tv-oled-48-lg-oled48b46la-oled-4k-procesador-inteligente-4k-a8-smart-tv-dvb-t2-h265-negro-dark-meteor-titan-1581638.html&amp;category=seleccion&amp;ecomPostExpiration=perish&amp;postId=115923\" data-vars-affiliate-url=\"https:\/\/www.mediamarkt.es\/es\/product\/_tv-oled-48-lg-oled48b46la-oled-4k-procesador-inteligente-4k-a8-smart-tv-dvb-t2-h265-negro-dark-meteor-titan-1581638.html\" data-id=\"noopener noreferrer\">829 euros<\/a> frente a los 1091 habituales.<\/p>\n<p><!-- BREAK 8 --><!-- PIVOT START --><\/p>\n<div class=\"pivot-ecommerce-container m-pivot-ecommerce-redesign article-asset-normal article-asset-center\">\n<div class=\"pivot-ecommerce\">\n<div class=\"pivot-ecommerce-figure\">\n  <a rel=\"nofollow, sponsored, noopener, noreferrer\" target=\"_blank\" href=\"https:\/\/www.xatakahome.com\/redirect?url=https%3A%2F%2Fwww.mediamarkt.es%2Fes%2Fproduct%2F_tv-oled-48-lg-oled48b46la-oled-4k-procesador-inteligente-4k-a8-smart-tv-dvb-t2-h265-negro-dark-meteor-titan-1581638.html&amp;category=seleccion&amp;pivot=1&amp;ecomPostExpiration=perish&amp;postId=115923\"><br \/>\n   <img loading=\"lazy\" decoding=\"async\" alt='TV OLED 48\" - LG OLED48B46LA, OLED 4K, Procesador Inteligente 4K \u03b18, Smart TV, DVB-T2 (H.265), Negro Dark Meteor Titan' width=\"1251\" height=\"1251\" src=\"https:\/\/i.blogs.es\/0f3968\/blob\/original.webp\" onerror='this.src=\"https:\/\/i.blogs.es\/0f3968\/blob\/original.jpeg\"'><br \/>\n  <\/a>\n  <\/div>\n<div class=\"pivot-ecommerce-summary\">\n<p class=\"pivot-ecommerce-desc\">TV OLED 48&#8243; &#8211; LG OLED48B46LA, OLED 4K, Procesador Inteligente 4K \u03b18, Smart TV, DVB-T2 (H.265), Negro Dark Meteor Titan<\/p>\n<div class=\"pivot-actions \">\n<div class=\"pivot-actions-row\">\n <a rel=\"nofollow, sponsored, noopener, noreferrer\" target=\"_blank\" data-asin=\"\" data-store=\"\" href=\"https:\/\/www.xatakahome.com\/redirect?url=https%3A%2F%2Fwww.mediamarkt.es%2Fes%2Fproduct%2F_tv-oled-48-lg-oled48b46la-oled-4k-procesador-inteligente-4k-a8-smart-tv-dvb-t2-h265-negro-dark-meteor-titan-1581638.html&amp;category=seleccion&amp;pivot=1&amp;ecomPostExpiration=perish&amp;postId=115923\" title=\"Precio de venta al p\u00fablico a fecha de publicaci\u00f3n\" class=\"pivot-action-btn pivot-action-primary\">PVP en MediaMarkt \u2014 <strong><span class=\"js-deal-price\">829,00<\/span> \u20ac<\/strong><\/a>\n <\/div>\n<\/p><\/div>\n<\/p><\/div>\n<\/p><\/div>\n<div class=\"pivot-link-msg\">* Alg\u00fan precio puede haber cambiado desde la \u00faltima revisi\u00f3n<\/div>\n<\/p><\/div>\n<p><!-- PIVOT END --><\/p>\n<h3>Samsung TQ65Q80DATXXC<\/h3>\n<div class=\"article-asset-image article-asset-small article-asset-center\">\n<div class=\"asset-content\">\n                    <a rel=\"nofollow, sponsored, noopener, noreferrer\" target=\"_blank\" class=\"js-ecommerce\" id=\"link-ecommerce-8\" href=\"https:\/\/www.xatakahome.com\/redirect?url=https%3A%2F%2Fwww.elcorteingles.es%2Felectronica%2FA51827140-tv-qled-165-cm-65-samsung-tq65q80datxxc-uhd-4k-upscalling-smart-tv%2F&amp;category=seleccion&amp;ecomPostExpiration=perish&amp;postId=115923\" data-vars-affiliate-url=\"https:\/\/www.elcorteingles.es\/electronica\/A51827140-tv-qled-165-cm-65-samsung-tq65q80datxxc-uhd-4k-upscalling-smart-tv\/\"><\/p>\n<p>    <img decoding=\"async\" alt=\"Samsung TQ65Q80DATXXC\" class=\"centro_sinmarco\" src=\"https:\/\/i.blogs.es\/81e8b1\/proyecto-nuevo---2024-10-24t144719.273\/450_1000.webp\"><br \/>\n     <\/a><\/p><\/div>\n<\/div>\n<p>Esta smart TV de la firma coreana monta un panel QLED e integra un <strong>procesador Quantum 4K<\/strong>. El sistema operativo que trae es <a class=\"text-outboundlink\" href=\"https:\/\/www.xataka.com\/basics\/mejores-apps-para-tu-smart-tv-samsung-tizen\" data-vars-post-title=\"Las mejores apps para tu Smart TV Samsung con Tizen\" data-vars-post-url=\"https:\/\/www.xataka.com\/basics\/mejores-apps-para-tu-smart-tv-samsung-tizen\" data-id=\"noopener noreferrer\">Tizen<\/a> y en el apartado sonido cuenta con dos altavoces con 40 W de potencia y \u00a0Dolby Atmos. Ofrece cuatro HDMI, WiFi, Bluetooth y entrada RF. Su precio habitual es de 1.999 euros pero est\u00e1 a mitad de precio, por <a href=\"https:\/\/www.xatakahome.com\/redirect?url=https%3A%2F%2Fwww.elcorteingles.es%2Felectronica%2FA51827140-tv-qled-165-cm-65-samsung-tq65q80datxxc-uhd-4k-upscalling-smart-tv%2F&amp;category=seleccion&amp;ecomPostExpiration=perish&amp;postId=-OAq5Y-T52o7of3ObVLc\" data-id=\"noopener noreferrer\">999 euros<\/a>.<\/p>\n<p><!-- BREAK 9 --><!-- PIVOT START --><\/p>\n<div class=\"pivot-ecommerce-container m-pivot-ecommerce-redesign article-asset-normal article-asset-center\">\n<div class=\"pivot-ecommerce\">\n<div class=\"pivot-ecommerce-figure\">\n  <a rel=\"nofollow, sponsored, noopener, noreferrer\" target=\"_blank\" href=\"https:\/\/www.xatakahome.com\/redirect?url=https%3A%2F%2Fwww.elcorteingles.es%2Felectronica%2FA51827140-tv-qled-165-cm-65-samsung-tq65q80datxxc-uhd-4k-upscalling-smart-tv%2F&amp;category=seleccion&amp;pivot=1&amp;ecomPostExpiration=perish&amp;postId=115923\"><br \/>\n   <img loading=\"lazy\" decoding=\"async\" alt='SAMSUNG TV QLED 4K 2024 65Q80D Smart TV de 65\" con Imagen y Sonido mejorados' width=\"500\" height=\"500\" src=\"https:\/\/i.blogs.es\/47b05c\/41fxff6mrsl._sl500_\/original.webp\" onerror='this.src=\"https:\/\/i.blogs.es\/47b05c\/41fxff6mrsl._sl500_\/original.jpeg\"'><br \/>\n  <\/a>\n  <\/div>\n<div class=\"pivot-ecommerce-summary\">\n<p class=\"pivot-ecommerce-desc\">SAMSUNG TV QLED 4K 2024 65Q80D Smart TV de 65&#8243; con Imagen y Sonido mejorados<\/p>\n<div class=\"pivot-actions \">\n<div class=\"pivot-actions-row\">\n <a rel=\"nofollow, sponsored, noopener, noreferrer\" target=\"_blank\" data-asin=\"001014842412794\" data-store=\"El Corte Ingl\u00e9s\" href=\"https:\/\/www.xatakahome.com\/redirect?url=https%3A%2F%2Fwww.elcorteingles.es%2Felectronica%2FA51827140-tv-qled-165-cm-65-samsung-tq65q80datxxc-uhd-4k-upscalling-smart-tv%2F&amp;category=seleccion&amp;pivot=1&amp;ecomPostExpiration=perish&amp;postId=115923\" title=\"Precio actualizado hoy\" class=\"pivot-action-btn metrics-pivot-btn pivot-action-primary\">Hoy en El Corte Ingl\u00e9s \u2014 <strong><span class=\"js-deal-price\">999,00<\/span> \u20ac<\/strong><\/a><br \/>\n   <a rel=\"nofollow, sponsored, noopener, noreferrer\" target=\"_blank\" data-asin=\"TQ65Q80DATXXC\" data-store=\"Samsung\" href=\"https:\/\/ad.doubleclick.net\/ddm\/clk\/491391911;298633069;t?https:\/\/www.samsung.com\/es\/tvs\/qled-tv\/q80d-65-inch-qled-4k-tizen-os-smart-tv-tq65q80datxxc\/?cid=es_pd_affiliate_awin_av_hot_awinao2021_text_est%C3%A1ndar1x1-20210315_ipes\" title=\"Precio actualizado hoy\" class=\"pivot-action-btn metrics-pivot-btn pivot-action-secondary\">Samsung \u2014 <strong><span class=\"js-deal-price\">1.049,00<\/span> \u20ac<\/strong><\/a><br \/>\n   <a rel=\"nofollow, sponsored, noopener, noreferrer\" target=\"_blank\" data-asin=\"\" data-store=\"\" href=\"https:\/\/www.xatakahome.com\/redirect?url=https%3A%2F%2Fwww.fnac.es%2FTV-OLED-65-Samsung-TQ65Q80D-4K-UHD-Smart-TV-TV-TV-LED%2Fa11024911&amp;category=seleccion&amp;pivot=1&amp;ecomPostExpiration=perish&amp;postId=115923\" title=\"Precio de venta al p\u00fablico a fecha de publicaci\u00f3n\" class=\"pivot-action-btn pivot-action-secondary\">FNAC \u2014 <strong><span class=\"js-deal-price\">1.599,00<\/span> \u20ac<\/strong><\/a>\n <\/div>\n<\/p><\/div>\n<\/p><\/div>\n<\/p><\/div>\n<div class=\"pivot-link-msg\">* Alg\u00fan precio puede haber cambiado desde la \u00faltima revisi\u00f3n<\/div>\n<\/p><\/div>\n<p><!-- PIVOT END --><\/p>\n<h3>Xiaomi A PRO 2025<\/h3>\n<div class=\"article-asset-image article-asset-small article-asset-center\">\n<div class=\"asset-content\">\n<p>   <img decoding=\"async\" alt=\"Asset Mms 140008380\" class=\"centro_sinmarco\" src=\"https:\/\/i.blogs.es\/7c53c1\/asset_mms_140008380\/450_1000.webp\"><\/p><\/div>\n<\/div>\n<p>En la gama de entrada nos encontramos con este televisor inteligente de <strong>Xiaomi gobernado por Google TV<\/strong>, con resoluci\u00f3n 4K panel LCD QLED, Dolby Audio y 55 pulgadas. Su precio es de <a rel=\"nofollow, sponsored, noopener, noreferrer\" target=\"_blank\" class=\"js-ecommerce\" id=\"link-ecommerce-9\" href=\"https:\/\/www.xatakahome.com\/redirect?url=https%3A%2F%2Fwww.mediamarkt.es%2Fes%2Fproduct%2F_tv-qled-55-xiaomi-a-pro-2025-55-qled-4k-smart-tv-google-tv-dolby-vision-control-por-voz-black-1571504.html&amp;category=seleccion&amp;ecomPostExpiration=perish&amp;postId=115923\" data-vars-affiliate-url=\"https:\/\/www.mediamarkt.es\/es\/product\/_tv-qled-55-xiaomi-a-pro-2025-55-qled-4k-smart-tv-google-tv-dolby-vision-control-por-voz-black-1571504.html\" data-id=\"noopener noreferrer\">379 euros<\/a> frente a los 499 habituales.<\/p>\n<p><!-- BREAK 10 --><!-- PIVOT START --><\/p>\n<div class=\"pivot-ecommerce-container m-pivot-ecommerce-redesign article-asset-normal article-asset-center\">\n<div class=\"pivot-ecommerce\">\n<div class=\"pivot-ecommerce-figure\">\n  <a rel=\"nofollow, sponsored, noopener, noreferrer\" target=\"_blank\" href=\"https:\/\/www.xatakahome.com\/redirect?url=https%3A%2F%2Fwww.mediamarkt.es%2Fes%2Fproduct%2F_tv-qled-55-xiaomi-a-pro-2025-55-qled-4k-smart-tv-google-tv-dolby-vision-control-por-voz-black-1571504.html&amp;category=seleccion&amp;pivot=1&amp;ecomPostExpiration=perish&amp;postId=115923\"><br \/>\n   <img loading=\"lazy\" decoding=\"async\" alt='TV QLED 55\" - Xiaomi A PRO 2025 55, QLED 4K, Smart TV (Google TV), Dolby Audio, Control por voz, Black' width=\"1177\" height=\"1177\" src=\"https:\/\/i.blogs.es\/f2ac5b\/blob\/original.webp\" onerror='this.src=\"https:\/\/i.blogs.es\/f2ac5b\/blob\/original.jpeg\"'><br \/>\n  <\/a>\n  <\/div>\n<div class=\"pivot-ecommerce-summary\">\n<p class=\"pivot-ecommerce-desc\">TV QLED 55&#8243; &#8211; Xiaomi A PRO 2025 55, QLED 4K, Smart TV (Google TV), Dolby Audio, Control por voz, Black<\/p>\n<div class=\"pivot-actions \">\n<div class=\"pivot-actions-row\">\n <a rel=\"nofollow, sponsored, noopener, noreferrer\" target=\"_blank\" data-asin=\"\" data-store=\"\" href=\"https:\/\/www.xatakahome.com\/redirect?url=https%3A%2F%2Fwww.mediamarkt.es%2Fes%2Fproduct%2F_tv-qled-55-xiaomi-a-pro-2025-55-qled-4k-smart-tv-google-tv-dolby-vision-control-por-voz-black-1571504.html&amp;category=seleccion&amp;pivot=1&amp;ecomPostExpiration=perish&amp;postId=115923\" title=\"Precio de venta al p\u00fablico a fecha de publicaci\u00f3n\" class=\"pivot-action-btn pivot-action-primary\">PVP en MediaMarkt \u2014 <strong><span class=\"js-deal-price\">349,00<\/span> \u20ac<\/strong><\/a>\n <\/div>\n<\/p><\/div>\n<\/p><\/div>\n<\/p><\/div>\n<div class=\"pivot-link-msg\">* Alg\u00fan precio puede haber cambiado desde la \u00faltima revisi\u00f3n<\/div>\n<\/p><\/div>\n<p><!-- PIVOT END --><\/p>\n<h3>TCL QM8B<\/h3>\n<div class=\"article-asset-image article-asset-small article-asset-center\">\n<div class=\"asset-content\">\n<p>   <img decoding=\"async\" alt=\"TCL\" class=\"centro_sinmarco\" src=\"https:\/\/i.blogs.es\/b3e095\/71ujytxugol._ac_sl1500_\/450_1000.webp\"><\/p><\/div>\n<\/div>\n<p>Esta semana tiene un ofert\u00f3n el modelo <strong>QM8B de TCL <\/strong>(mismo modelo que la popular TCL C805, que tenemos entre los mejores <a class=\"text-outboundlink\" href=\"https:\/\/www.xatakahome.com\/a-fondo\/mejores-televisores-cual-comprar-modelos-recomendados-para-tener-imagen-sonido-cine\" data-vars-post-title=\"Los mejores televisores de 2024: cu\u00e1l comprar y Smart TV recomendadas para tener una imagen y sonido de cine\" data-vars-post-url=\"https:\/\/www.xatakahome.com\/a-fondo\/mejores-televisores-cual-comprar-modelos-recomendados-para-tener-imagen-sonido-cine\">televisores de 2024<\/a>) en su versi\u00f3n de <strong>65 pulgadas<\/strong>, una pantalla 4K HDR con panel a 144 Hz, sistema operativo Dolby Vision IQ y sonido Dolby Atmos afinado por Onkyo. Podemos encontrarlo con descuento despu\u00e9s del Black Friday en Amazon por un importe de <a rel=\"nofollow, sponsored, noopener, noreferrer\" target=\"_blank\" class=\"js-ecommerce\" id=\"link-ecommerce-10\" href=\"https:\/\/www.xatakahome.com\/redirect?url=https%3A%2F%2Fwww.amazon.es%2FTCL-55QM8B-1300nits-Assistant-Incorporado%2Fdp%2FB0CF2QM6GY&amp;category=seleccion&amp;ecomPostExpiration=perish&amp;postId=115923\" data-vars-affiliate-url=\"https:\/\/www.amazon.es\/TCL-55QM8B-1300nits-Assistant-Incorporado\/dp\/B0CF2QM6GY\" data-id=\"noopener noreferrer\">696 euros<\/a>, casi a mitad de precio.<\/p>\n<p><!-- BREAK 11 --><!-- PIVOT START --><\/p>\n<div class=\"pivot-ecommerce-container m-pivot-ecommerce-redesign article-asset-normal article-asset-center\">\n<div class=\"pivot-ecommerce\">\n<div class=\"pivot-ecommerce-figure\">\n  <a rel=\"nofollow, sponsored, noopener, noreferrer\" target=\"_blank\" href=\"https:\/\/www.xatakahome.com\/redirect?url=https%3A%2F%2Fwww.amazon.es%2Fdp%2FB0CF2QM6GY%3Ftag%3Dxatakahome-21%26linkCode%3Dogi%26th%3D1%26psc%3D1&amp;category=seleccion&amp;pivot=1&amp;ecomPostExpiration=perish&amp;postId=115923\"><br \/>\n   <img loading=\"lazy\" decoding=\"async\" alt=\"TCL 65QM8B TV MiniLED 65\u201d, QLED, 144Hz, 4K HDR Premium 1300nits, Google TV, Dolby Vision IQ &amp; Atmos, Onkyo, Google Assistant Incorporado y Game Master Pro 2.0\" width=\"500\" height=\"344\" src=\"https:\/\/i.blogs.es\/75a5da\/41iudqasjhl._sl500_\/original.webp\" onerror='this.src=\"https:\/\/i.blogs.es\/75a5da\/41iudqasjhl._sl500_\/original.jpeg\"'><br \/>\n  <\/a>\n  <\/div>\n<div class=\"pivot-ecommerce-summary\">\n<p class=\"pivot-ecommerce-desc\">TCL 65QM8B TV MiniLED 65\u201d, QLED, 144Hz, 4K HDR Premium 1300nits, Google TV, Dolby Vision IQ &amp; Atmos, Onkyo, Google Assistant Incorporado y Game Master Pro 2.0<\/p>\n<div class=\"pivot-actions \">\n<div class=\"pivot-actions-row\">\n <a rel=\"nofollow, sponsored, noopener, noreferrer\" target=\"_blank\" data-asin=\"B0CF2QM6GY\" data-store=\"Amazon\" href=\"https:\/\/www.xatakahome.com\/redirect?url=https%3A%2F%2Fwww.amazon.es%2Fdp%2FB0CF2QM6GY%3Ftag%3Dxatakahome-21%26linkCode%3Dogi%26th%3D1%26psc%3D1&amp;category=seleccion&amp;pivot=1&amp;ecomPostExpiration=perish&amp;postId=115923\" title=\"Precio actualizado hoy\" class=\"pivot-action-btn metrics-pivot-btn pivot-action-primary\">Hoy en Amazon \u2014 <strong><span class=\"js-deal-price\">699,00<\/span> \u20ac<\/strong><\/a>\n <\/div>\n<\/p><\/div>\n<\/p><\/div>\n<\/p><\/div>\n<div class=\"pivot-link-msg\">* Alg\u00fan precio puede haber cambiado desde la \u00faltima revisi\u00f3n<\/div>\n<\/p><\/div>\n<p><!-- PIVOT END --><\/p>\n<h3><strong>Samsung HW-Q600C<\/strong><\/h3>\n<div class=\"article-asset-image article-asset-small article-asset-center\">\n<div class=\"asset-content\">\n                    <a rel=\"nofollow, sponsored, noopener, noreferrer\" target=\"_blank\" class=\"js-ecommerce\" id=\"link-ecommerce-11\" href=\"https:\/\/www.xatakahome.com\/redirect?url=https%3A%2F%2Fwww.elcorteingles.es%2Felectronica%2FA48220004-barra-de-sonido-samsung-2023-hw-q600c-con-dolby-atmos-y-dts-x-q-symphony-312-ch-360w-subwoofer-inalambrico%2F%3Fcolor%3DNegro&amp;category=seleccion&amp;ecomPostExpiration=perish&amp;postId=115923\" data-vars-affiliate-url=\"https:\/\/www.elcorteingles.es\/electronica\/A48220004-barra-de-sonido-samsung-2023-hw-q600c-con-dolby-atmos-y-dts-x-q-symphony-312-ch-360w-subwoofer-inalambrico\/?color=Negro\"><\/p>\n<p>    <img decoding=\"async\" alt=\"Barra de sonido Samsung 2023 HW-Q600C\" class=\"centro_sinmarco\" src=\"https:\/\/i.blogs.es\/a87db8\/00111411406322____1__1200x1200-1-\/450_1000.webp\"><br \/>\n     <\/a><\/p><\/div>\n<\/div>\n<p>El Corte Ingl\u00e9s tiene la HW-Q600C de Samsung a un precio genial: <a rel=\"nofollow, sponsored, noopener, noreferrer\" target=\"_blank\" class=\"js-ecommerce\" id=\"link-ecommerce-12\" href=\"https:\/\/www.xatakahome.com\/redirect?url=https%3A%2F%2Fwww.elcorteingles.es%2Felectronica%2FA48220004-barra-de-sonido-samsung-2023-hw-q600c-con-dolby-atmos-y-dts-x-q-symphony-312-ch-360w-subwoofer-inalambrico%2F%3Fcolor%3DNegro&amp;category=seleccion&amp;ecomPostExpiration=perish&amp;postId=115923\" data-vars-affiliate-url=\"https:\/\/www.elcorteingles.es\/electronica\/A48220004-barra-de-sonido-samsung-2023-hw-q600c-con-dolby-atmos-y-dts-x-q-symphony-312-ch-360w-subwoofer-inalambrico\/?color=Negro\" data-id=\"noopener noreferrer\">299 euros<\/a>. Se trata de una barra de sonido que ofrece 360 W de potencia y que est\u00e1 acompa\u00f1ada de un subwoofer de 160 W. <strong>Es compatible con Dolby Atmos y DTS:X<\/strong>, y por supuesto le sacaremos el m\u00e1ximo partido si la acompa\u00f1amos de la tecnolog\u00eda Q-Symphony de Samsung.<\/p>\n<p><!-- BREAK 12 --><!-- PIVOT START --><\/p>\n<div class=\"pivot-ecommerce-container m-pivot-ecommerce-redesign article-asset-normal article-asset-center\">\n<div class=\"pivot-ecommerce\">\n<div class=\"pivot-ecommerce-figure\">\n  <a rel=\"nofollow, sponsored, noopener, noreferrer\" target=\"_blank\" href=\"https:\/\/www.xatakahome.com\/redirect?url=https%3A%2F%2Fwww.elcorteingles.es%2Felectronica%2FA48220004-barra-de-sonido-samsung-2023-hw-q600c-con-dolby-atmos-y-dts-x-q-symphony-312-ch-360w-subwoofer-inalambrico%2F%3Fcolor%3DNegro&amp;category=seleccion&amp;pivot=1&amp;ecomPostExpiration=perish&amp;postId=115923\"><br \/>\n   <img loading=\"lazy\" decoding=\"async\" alt=\"Barra de sonido Samsung 2023 HW-Q600C con Dolby Atmos y DTS: X, Q-Symphony, 3.1.2 ch, 360W, Subwoofer inal\u00e1mbrico\" width=\"1200\" height=\"1200\" src=\"https:\/\/i.blogs.es\/9d0025\/blob\/original.webp\" onerror='this.src=\"https:\/\/i.blogs.es\/9d0025\/blob\/original.jpeg\"'><br \/>\n  <\/a>\n  <\/div>\n<div class=\"pivot-ecommerce-summary\">\n<p class=\"pivot-ecommerce-desc\">Barra de sonido Samsung 2023 HW-Q600C con Dolby Atmos y DTS: X, Q-Symphony, 3.1.2 ch, 360W, Subwoofer inal\u00e1mbrico<\/p>\n<div class=\"pivot-actions \">\n<div class=\"pivot-actions-row\">\n <a rel=\"nofollow, sponsored, noopener, noreferrer\" target=\"_blank\" data-asin=\"\" data-store=\"\" href=\"https:\/\/www.xatakahome.com\/redirect?url=https%3A%2F%2Fwww.elcorteingles.es%2Felectronica%2FA48220004-barra-de-sonido-samsung-2023-hw-q600c-con-dolby-atmos-y-dts-x-q-symphony-312-ch-360w-subwoofer-inalambrico%2F%3Fcolor%3DNegro&amp;category=seleccion&amp;pivot=1&amp;ecomPostExpiration=perish&amp;postId=115923\" title=\"Precio de venta al p\u00fablico a fecha de publicaci\u00f3n\" class=\"pivot-action-btn pivot-action-primary\">PVP en El Corte Ingl\u00e9s \u2014 <strong><span class=\"js-deal-price\">319,00<\/span> \u20ac<\/strong><\/a>\n <\/div>\n<\/p><\/div>\n<\/p><\/div>\n<\/p><\/div>\n<div class=\"pivot-link-msg\">* Alg\u00fan precio puede haber cambiado desde la \u00faltima revisi\u00f3n<\/div>\n<\/p><\/div>\n<p><!-- PIVOT END --><\/p>\n<h3>Sony HT-S2000<\/h3>\n<div class=\"article-asset-image article-asset-small article-asset-center\">\n<div class=\"asset-content\">\n<p>   <img decoding=\"async\" alt=\"Sony\" class=\"centro_sinmarco\" src=\"https:\/\/i.blogs.es\/db9097\/614yqsy9rkl._ac_sl1500_\/450_1000.webp\"><\/p><\/div>\n<\/div>\n<p>La <strong>Sony HT-S2000 es una barra de sonido con 3.1 canales compatible con Dolby Atmos y DTS:X<\/strong>. Cuenta con un altavoz central para ofrecer un di\u00e1logo m\u00e1s claro y con un doble subwoofer integrado que se encarga de los graves.<\/p>\n<p><!-- BREAK 13 --><\/p>\n<p>Ofrece las <strong>tecnolog\u00edas Vertical Surround Engine y S-Force PRO Front Surround para<\/strong> crear un sonido envolvente mucho m\u00e1s efectista, y si necesitamos m\u00e1s potencia en graves es posible comprar luego un subwoofer compatible de Sony aparte. Su precio es de <a rel=\"nofollow, sponsored, noopener, noreferrer\" target=\"_blank\" class=\"js-ecommerce\" id=\"link-ecommerce-13\" href=\"https:\/\/www.xatakahome.com\/redirect?url=https%3A%2F%2Fwww.amazon.es%2Fdp%2FB0C5GBXZZN&amp;category=seleccion&amp;ecomPostExpiration=perish&amp;postId=115923\" data-vars-affiliate-url=\"https:\/\/www.amazon.es\/dp\/B0C5GBXZZN\" data-id=\"noopener noreferrer\">299 euros<\/a>.<\/p>\n<p><!-- BREAK 14 --><!-- PIVOT START --><\/p>\n<div class=\"pivot-ecommerce-container m-pivot-ecommerce-redesign article-asset-normal article-asset-center\">\n<div class=\"pivot-ecommerce\">\n<div class=\"pivot-ecommerce-figure\">\n  <a rel=\"nofollow, sponsored, noopener, noreferrer\" target=\"_blank\" href=\"https:\/\/www.xatakahome.com\/redirect?url=https%3A%2F%2Fwww.amazon.es%2Fdp%2FB0C5GBXZZN%3Ftag%3Dxatakahome-21%26linkCode%3Dogi%26th%3D1%26psc%3D1&amp;category=seleccion&amp;pivot=1&amp;ecomPostExpiration=perish&amp;postId=115923\"><br \/>\n   <img loading=\"lazy\" decoding=\"async\" alt=\"Sony HT-S2000 Barra de Sonido TV con Bluetooth, peque\u00f1a y compacta, Dolby Atmos, 3.1 Canales\" width=\"500\" height=\"500\" src=\"https:\/\/i.blogs.es\/24a5fc\/21nwrhio6ul._sl500_\/original.webp\" onerror='this.src=\"https:\/\/i.blogs.es\/24a5fc\/21nwrhio6ul._sl500_\/original.jpeg\"'><br \/>\n  <\/a>\n  <\/div>\n<div class=\"pivot-ecommerce-summary\">\n<p class=\"pivot-ecommerce-desc\">Sony HT-S2000 Barra de Sonido TV con Bluetooth, peque\u00f1a y compacta, Dolby Atmos, 3.1 Canales<\/p>\n<div class=\"pivot-actions \">\n<div class=\"pivot-actions-row\">\n <a rel=\"nofollow, sponsored, noopener, noreferrer\" target=\"_blank\" data-asin=\"B0C5GBXZZN\" data-store=\"Amazon\" href=\"https:\/\/www.xatakahome.com\/redirect?url=https%3A%2F%2Fwww.amazon.es%2Fdp%2FB0C5GBXZZN%3Ftag%3Dxatakahome-21%26linkCode%3Dogi%26th%3D1%26psc%3D1&amp;category=seleccion&amp;pivot=1&amp;ecomPostExpiration=perish&amp;postId=115923\" title=\"Precio actualizado hoy\" class=\"pivot-action-btn metrics-pivot-btn pivot-action-primary\">Hoy en Amazon \u2014 <strong><span class=\"js-deal-price\">287,00<\/span> \u20ac<\/strong><\/a><br \/>\n   <a rel=\"nofollow, sponsored, noopener, noreferrer\" target=\"_blank\" data-asin=\"1553803\" data-store=\"MediaMarkt\" href=\"https:\/\/www.xatakahome.com\/redirect?url=https%3A%2F%2Fwww.mediamarkt.es%2Fes%2Fproduct%2F_barra-de-sonido-sony-ht-s2000-31-canales-dolby-atmos-dtsx-bluetooth-subwoofer-integrado-dual-350-w-sonido-envolvente-hdmi-negro-1553803.html&amp;category=seleccion&amp;pivot=1&amp;ecomPostExpiration=perish&amp;postId=115923\" title=\"Precio actualizado hoy\" class=\"pivot-action-btn metrics-pivot-btn pivot-action-secondary\">MediaMarkt \u2014 <strong><span class=\"js-deal-price\">287,00<\/span> \u20ac<\/strong><\/a><br \/>\n   <a rel=\"nofollow, sponsored, noopener, noreferrer\" target=\"_blank\" data-asin=\"001011411406272\" data-store=\"El Corte Ingl\u00e9s\" href=\"https:\/\/www.xatakahome.com\/redirect?url=https%3A%2F%2Fwww.elcorteingles.es%2Felectronica%2FA48047209-barra-de-sonido-sony-ht-s2000-31-dolby-atmos%2F&amp;category=seleccion&amp;pivot=1&amp;ecomPostExpiration=perish&amp;postId=115923\" title=\"Precio actualizado hoy\" class=\"pivot-action-btn metrics-pivot-btn pivot-action-secondary\">El Corte Ingl\u00e9s \u2014 <strong><span class=\"js-deal-price\">287,37<\/span> \u20ac<\/strong><\/a><br \/>\n   <a rel=\"nofollow, sponsored, noopener, noreferrer\" target=\"_blank\" data-asin=\"10734229\" data-store=\"PcComponentes\" href=\"https:\/\/www.xatakahome.com\/redirect?url=https%3A%2F%2Fwww.pccomponentes.com%2Fsony-ht-s2000-barra-de-sonido-31-canales-dolby-atmos-dtsx&amp;category=seleccion&amp;pivot=1&amp;ecomPostExpiration=perish&amp;postId=115923\" title=\"Precio actualizado hoy\" class=\"pivot-action-btn metrics-pivot-btn pivot-action-secondary\">PcComponentes \u2014 <strong><span class=\"js-deal-price\">318,43<\/span> \u20ac<\/strong><\/a>\n <\/div>\n<\/p><\/div>\n<\/p><\/div>\n<\/p><\/div>\n<div class=\"pivot-link-msg\">* Alg\u00fan precio puede haber cambiado desde la \u00faltima revisi\u00f3n<\/div>\n<\/p><\/div>\n<p><!-- PIVOT END --><\/p>\n<h3><strong>Bose TV Speaker<\/strong><\/h3>\n<div class=\"article-asset-image article-asset-small article-asset-center\">\n<div class=\"asset-content\">\n                    <a rel=\"nofollow, sponsored, noopener, noreferrer\" target=\"_blank\" class=\"js-ecommerce\" id=\"link-ecommerce-14\" href=\"https:\/\/www.xatakahome.com\/redirect?url=https%3A%2F%2Fwww.amazon.es%2FBose-Speaker-compacta-conectividad-Bluetooth%2Fdp%2FB086KKZYP1%2F&amp;category=seleccion&amp;ecomPostExpiration=perish&amp;postId=115923\" data-vars-affiliate-url=\"https:\/\/www.amazon.es\/Bose-Speaker-compacta-conectividad-Bluetooth\/dp\/B086KKZYP1\/\"><\/p>\n<p>    <img decoding=\"async\" alt=\"Bose TV Speaker\" class=\"centro_sinmarco\" src=\"https:\/\/i.blogs.es\/9fe6a9\/proyecto-nuevo-51-\/450_1000.webp\"><br \/>\n     <\/a><\/p><\/div>\n<\/div>\n<p>Para quienes quieren disfrutar de una aut\u00e9ntica experiencia cinematogr\u00e1fica en casa, la barra de sonido es uno de los complementos imprescindibles para su Smart TV. En Amazon, puedes conseguir hoy en oferta esta <strong>Bose TV Speaker <\/strong>por<strong> <\/strong><a rel=\"nofollow, sponsored, noopener, noreferrer\" target=\"_blank\" class=\"js-ecommerce\" id=\"link-ecommerce-15\" href=\"https:\/\/www.xatakahome.com\/redirect?url=https%3A%2F%2Fwww.amazon.es%2Fdp%2FB0D1CR2C3J&amp;category=seleccion&amp;ecomPostExpiration=perish&amp;postId=115923\" data-vars-affiliate-url=\"https:\/\/www.amazon.es\/dp\/B0D1CR2C3J\" data-id=\"noopener noreferrer\">199 euros<\/a>.<\/p>\n<p><!-- BREAK 15 --><!-- PIVOT START --><\/p>\n<div class=\"pivot-ecommerce-container m-pivot-ecommerce-redesign article-asset-normal article-asset-center\">\n<div class=\"pivot-ecommerce\">\n<div class=\"pivot-ecommerce-figure\">\n  <a rel=\"nofollow, sponsored, noopener, noreferrer\" target=\"_blank\" href=\"https:\/\/www.xatakahome.com\/redirect?url=https%3A%2F%2Fwww.amazon.es%2Fdp%2FB086KKZYP1%3Ftag%3Dxatakahome-21%26linkCode%3Dogi%26th%3D1%26psc%3D1&amp;category=seleccion&amp;pivot=1&amp;ecomPostExpiration=perish&amp;postId=115923\"><br \/>\n   <img loading=\"lazy\" decoding=\"async\" alt=\"Bose TV Speaker Barra de Sonido compacta con conectividad Bluetooth\" width=\"500\" height=\"500\" src=\"https:\/\/i.blogs.es\/fd0875\/31-vmdcovnl._sl500_\/original.webp\" onerror='this.src=\"https:\/\/i.blogs.es\/fd0875\/31-vmdcovnl._sl500_\/original.jpeg\"'><br \/>\n  <\/a>\n  <\/div>\n<div class=\"pivot-ecommerce-summary\">\n<p class=\"pivot-ecommerce-desc\">Bose TV Speaker Barra de Sonido compacta con conectividad Bluetooth<\/p>\n<div class=\"pivot-actions \">\n<div class=\"pivot-actions-row\">\n <a rel=\"nofollow, sponsored, noopener, noreferrer\" target=\"_blank\" data-asin=\"B086KKZYP1\" data-store=\"Amazon\" href=\"https:\/\/www.xatakahome.com\/redirect?url=https%3A%2F%2Fwww.amazon.es%2Fdp%2FB086KKZYP1%3Ftag%3Dxatakahome-21%26linkCode%3Dogi%26th%3D1%26psc%3D1&amp;category=seleccion&amp;pivot=1&amp;ecomPostExpiration=perish&amp;postId=115923\" title=\"Precio actualizado hoy\" class=\"pivot-action-btn metrics-pivot-btn pivot-action-primary\">Hoy en Amazon \u2014 <strong><span class=\"js-deal-price\">219,00<\/span> \u20ac<\/strong><\/a><br \/>\n   <a rel=\"nofollow, sponsored, noopener, noreferrer\" target=\"_blank\" data-asin=\"001011411404780\" data-store=\"El Corte Ingl\u00e9s\" href=\"https:\/\/www.xatakahome.com\/redirect?url=https%3A%2F%2Fwww.elcorteingles.es%2Felectronica%2FA35758124-barra-de-sonido-bose-tv-speaker-bluetooth%2F&amp;category=seleccion&amp;pivot=1&amp;ecomPostExpiration=perish&amp;postId=115923\" title=\"Precio actualizado hoy\" class=\"pivot-action-btn metrics-pivot-btn pivot-action-secondary\">El Corte Ingl\u00e9s \u2014 <strong><span class=\"js-deal-price\">251,49<\/span> \u20ac<\/strong><\/a><br \/>\n   <a rel=\"nofollow, sponsored, noopener, noreferrer\" target=\"_blank\" data-asin=\"1482639\" data-store=\"MediaMarkt\" href=\"https:\/\/www.xatakahome.com\/redirect?url=https%3A%2F%2Fwww.mediamarkt.es%2Fes%2Fproduct%2F_barra-de-sonido-bose-tv-speaker-no-100-w-google-assistant-negro-1482639.html&amp;category=seleccion&amp;pivot=1&amp;ecomPostExpiration=perish&amp;postId=115923\" title=\"Precio actualizado hoy\" class=\"pivot-action-btn metrics-pivot-btn pivot-action-secondary\">MediaMarkt \u2014 <strong><span class=\"js-deal-price\">299,00<\/span> \u20ac<\/strong><\/a><br \/>\n   <a rel=\"nofollow, sponsored, noopener, noreferrer\" target=\"_blank\" data-asin=\"309352\" data-store=\"PcComponentes\" href=\"https:\/\/www.xatakahome.com\/redirect?url=https%3A%2F%2Fwww.pccomponentes.com%2Fbose-tv-speaker-barra-de-sonido-con-conectividad-bluetooth&amp;category=seleccion&amp;pivot=1&amp;ecomPostExpiration=perish&amp;postId=115923\" title=\"Precio actualizado hoy\" class=\"pivot-action-btn metrics-pivot-btn pivot-action-secondary\">PcComponentes \u2014 <strong><span class=\"js-deal-price\">299,00<\/span> \u20ac<\/strong><\/a>\n <\/div>\n<\/p><\/div>\n<\/p><\/div>\n<\/p><\/div>\n<div class=\"pivot-link-msg\">* Alg\u00fan precio puede haber cambiado desde la \u00faltima revisi\u00f3n<\/div>\n<\/p><\/div>\n<p><!-- PIVOT END --><\/p>\n<div class=\"article-asset article-asset-normal article-asset-center\">\n<div class=\"desvio-container\">\n<div class=\"desvio\">\n<div class=\"desvio-figure js-desvio-figure\">\n    <a href=\"https:\/\/www.xataka.com\/televisores\/tecnologias-panel-tendencias-televisores-que-llegan-2022-explicadas\" class=\"pivot-outboundlink\" target=\"_blank\" data-vars-post-title=\"Las tecnolog\u00edas de panel y las tendencias en televisores que llegan en 2022, explicadas\"><br \/>\n     <img loading=\"lazy\" decoding=\"async\" alt=\"Las tecnolog\u00edas de panel y las tendencias en televisores que llegan en 2022, explicadas\" width=\"375\" height=\"142\" src=\"https:\/\/i.blogs.es\/7e36db\/micro-led_1\/375_142.webp\" onerror='this.src=\"https:\/\/i.blogs.es\/7e36db\/micro-led_1\/375_142.jpeg\"'><br \/>\n    <\/a>\n   <\/div>\n<div class=\"desvio-summary\">\n<div class=\"desvio-taxonomy js-desvio-taxonomy\">\n     <a href=\"https:\/\/www.xataka.com\/televisores\/tecnologias-panel-tendencias-televisores-que-llegan-2022-explicadas\" class=\"desvio-taxonomy-anchor pivot-outboundlink m-crosspost\" target=\"_blank\" data-vars-post-title=\"Las tecnolog\u00edas de panel y las tendencias en televisores que llegan en 2022, explicadas\">En Xataka<\/a>\n    <\/div>\n<p>    <a href=\"https:\/\/www.xataka.com\/televisores\/tecnologias-panel-tendencias-televisores-que-llegan-2022-explicadas\" class=\"desvio-title js-desvio-title pivot-outboundlink\" target=\"_blank\" data-vars-post-title=\"Las tecnolog\u00edas de panel y las tendencias en televisores que llegan en 2022, explicadas\">Las tecnolog\u00edas de panel y las tendencias en televisores que llegan en 2022, explicadas<\/a>\n   <\/div>\n<\/p><\/div>\n<\/p><\/div>\n<\/div>\n<h2>Electrodom\u00e9sticos, climatizaci\u00f3n y hogar inteligente<\/h2>\n<h3>Estufa de bioetanol Siena<\/h3>\n<div class=\"article-asset-image article-asset-small article-asset-center\">\n<div class=\"asset-content\">\n                    <a rel=\"nofollow, sponsored, noopener, noreferrer\" target=\"_blank\" class=\"js-ecommerce\" id=\"link-ecommerce-16\" href=\"https:\/\/www.xatakahome.com\/redirect?url=https%3A%2F%2Fwww.leroymerlin.es%2Fproductos%2Fchimenea-de-bioetanol-de-pared-siena-negro-l-90-x-p-12-x-h-40-85340417.html&amp;category=seleccion&amp;ecomPostExpiration=perish&amp;postId=115923\" data-vars-affiliate-url=\"https:\/\/www.leroymerlin.es\/productos\/chimenea-de-bioetanol-de-pared-siena-negro-l-90-x-p-12-x-h-40-85340417.html\"><\/p>\n<p>    <img decoding=\"async\" alt=\"estufa de bioetanol de pared Siena\" class=\"centro_sinmarco\" src=\"https:\/\/i.blogs.es\/6a526f\/proyecto-nuevo---2025-01-07t153248.853\/450_1000.webp\"><br \/>\n     <\/a><\/p><\/div>\n<\/div>\n<p>Frente a las estufas de pellets y radiadores, las chimeneas de bioetanol han ido ganando popularidad desde hace un tiempo. Si le hab\u00edas echado un ojo a alguna, ahora, en el outlet de Leroy Merlin, tienes disponible esta <strong>estufa de bioetanol de pared Siena<\/strong> por <a rel=\"nofollow, sponsored, noopener, noreferrer\" target=\"_blank\" class=\"js-ecommerce\" id=\"link-ecommerce-17\" href=\"https:\/\/www.xatakahome.com\/redirect?url=https%3A%2F%2Fwww.leroymerlin.es%2Fproductos%2Fchimenea-de-bioetanol-de-pared-siena-negro-l-90-x-p-12-x-h-40-85340417.html&amp;category=seleccion&amp;ecomPostExpiration=perish&amp;postId=115923\" data-vars-affiliate-url=\"https:\/\/www.leroymerlin.es\/productos\/chimenea-de-bioetanol-de-pared-siena-negro-l-90-x-p-12-x-h-40-85340417.html\" data-id=\"noopener noreferrer\">258 euros<\/a>, frente a los 401 euros que suele costar habitualmente.<\/p>\n<p><!-- BREAK 16 --><!-- PIVOT START --><\/p>\n<div class=\"pivot-ecommerce-container m-pivot-ecommerce-redesign article-asset-normal article-asset-center\">\n<div class=\"pivot-ecommerce\">\n<div class=\"pivot-ecommerce-figure\">\n  <a rel=\"nofollow, sponsored, noopener, noreferrer\" target=\"_blank\" href=\"https:\/\/www.xatakahome.com\/redirect?url=https%3A%2F%2Fwww.leroymerlin.es%2Fproductos%2Fchimenea-de-bioetanol-de-pared-siena-negro-l-90-x-p-12-x-h-40-85340417.html&amp;category=seleccion&amp;pivot=1&amp;ecomPostExpiration=perish&amp;postId=115923\"><br \/>\n   <img loading=\"lazy\" decoding=\"async\" alt=\"Chimenea de bioetanol de pared Siena Negro L 90 x P 12 x H 40\n\" width=\"600\" height=\"600\" src=\"https:\/\/i.blogs.es\/a2437c\/blob\/original.webp\" onerror='this.src=\"https:\/\/i.blogs.es\/a2437c\/blob\/original.jpeg\"'><br \/>\n  <\/a>\n  <\/div>\n<div class=\"pivot-ecommerce-summary\">\n<p class=\"pivot-ecommerce-desc\">Chimenea de bioetanol de pared Siena Negro L 90 x P 12 x H 40\n<\/p>\n<div class=\"pivot-actions \">\n<div class=\"pivot-actions-row\">\n <a rel=\"nofollow, sponsored, noopener, noreferrer\" target=\"_blank\" data-asin=\"\" data-store=\"\" href=\"https:\/\/www.xatakahome.com\/redirect?url=https%3A%2F%2Fwww.leroymerlin.es%2Fproductos%2Fchimenea-de-bioetanol-de-pared-siena-negro-l-90-x-p-12-x-h-40-85340417.html&amp;category=seleccion&amp;pivot=1&amp;ecomPostExpiration=perish&amp;postId=115923\" title=\"Precio de venta al p\u00fablico a fecha de publicaci\u00f3n\" class=\"pivot-action-btn pivot-action-primary\">PVP en Leroy Merlin \u2014 <strong><span class=\"js-deal-price\">258,00<\/span> \u20ac<\/strong><\/a>\n <\/div>\n<\/p><\/div>\n<\/p><\/div>\n<\/p><\/div>\n<div class=\"pivot-link-msg\">* Alg\u00fan precio puede haber cambiado desde la \u00faltima revisi\u00f3n<\/div>\n<\/p><\/div>\n<p><!-- PIVOT END --><\/p>\n<h3>L\u00e1mpara Livarno Home<\/h3>\n<div class=\"article-asset-image article-asset-small article-asset-center\">\n<div class=\"asset-content\">\n                    <a rel=\"nofollow, sponsored, noopener, noreferrer\" target=\"_blank\" class=\"js-ecommerce\" id=\"link-ecommerce-18\" href=\"https:\/\/www.xatakahome.com\/redirect?url=https%3A%2F%2Fwww.lidl.es%2Fes%2Flampara-led-de-pie-cuadrado%2Fp51490&amp;category=seleccion&amp;ecomPostExpiration=perish&amp;postId=115923\" data-vars-affiliate-url=\"https:\/\/www.lidl.es\/es\/lampara-led-de-pie-cuadrado\/p51490\"><\/p>\n<p>    <img decoding=\"async\" alt=\"l\u00e1mpara de pie con luz LED de Livarno Home\" class=\"centro_sinmarco\" src=\"https:\/\/i.blogs.es\/5776ec\/proyecto-nuevo---2025-01-08t095740.279\/450_1000.webp\"><br \/>\n     <\/a><\/p><\/div>\n<\/div>\n<p>En Lidl hemos descubierto una <strong>l\u00e1mpara de pie con luz LED de Livarno Home <\/strong>que est\u00e1 disponible por <a rel=\"nofollow, sponsored, noopener, noreferrer\" target=\"_blank\" class=\"js-ecommerce\" id=\"link-ecommerce-19\" href=\"https:\/\/www.xatakahome.com\/redirect?url=https%3A%2F%2Fwww.lidl.es%2Fes%2Flampara-led-de-pie-cuadrado%2Fp51490&amp;category=seleccion&amp;ecomPostExpiration=perish&amp;postId=115923\" data-vars-affiliate-url=\"https:\/\/www.lidl.es\/es\/lampara-led-de-pie-cuadrado\/p51490\" data-id=\"noopener noreferrer\">67,99 euros<\/a>. Cuando la veas, seguro que la vas a querer para tu sal\u00f3n.<\/p>\n<p><!-- BREAK 17 --><!-- PIVOT START --><\/p>\n<div class=\"pivot-ecommerce-container m-pivot-ecommerce-redesign article-asset-normal article-asset-center\">\n<div class=\"pivot-ecommerce\">\n<div class=\"pivot-ecommerce-figure\">\n  <a rel=\"nofollow, sponsored, noopener, noreferrer\" target=\"_blank\" href=\"https:\/\/www.xatakahome.com\/redirect?url=https%3A%2F%2Fwww.lidl.es%2Fes%2Flampara-led-de-pie-cuadrado%2Fp51490&amp;category=seleccion&amp;pivot=1&amp;ecomPostExpiration=perish&amp;postId=115923\"><br \/>\n   <img loading=\"lazy\" decoding=\"async\" alt=\"L\u00e1mpara LED de pie cuadrado\n\" width=\"600\" height=\"600\" src=\"https:\/\/i.blogs.es\/8d9b44\/blob\/original.webp\" onerror='this.src=\"https:\/\/i.blogs.es\/8d9b44\/blob\/original.jpeg\"'><br \/>\n  <\/a>\n  <\/div>\n<div class=\"pivot-ecommerce-summary\">\n<p class=\"pivot-ecommerce-desc\">L\u00e1mpara LED de pie cuadrado\n<\/p>\n<div class=\"pivot-actions \">\n<div class=\"pivot-actions-row\">\n <a rel=\"nofollow, sponsored, noopener, noreferrer\" target=\"_blank\" data-asin=\"\" data-store=\"\" href=\"https:\/\/www.xatakahome.com\/redirect?url=https%3A%2F%2Fwww.lidl.es%2Fes%2Flampara-led-de-pie-cuadrado%2Fp51490&amp;category=seleccion&amp;pivot=1&amp;ecomPostExpiration=perish&amp;postId=115923\" title=\"Precio de venta al p\u00fablico a fecha de publicaci\u00f3n\" class=\"pivot-action-btn pivot-action-primary\">PVP en Lidl \u2014 <strong><span class=\"js-deal-price\">67,99<\/span> \u20ac<\/strong><\/a>\n <\/div>\n<\/p><\/div>\n<\/p><\/div>\n<\/p><\/div>\n<div class=\"pivot-link-msg\">* Alg\u00fan precio puede haber cambiado desde la \u00faltima revisi\u00f3n<\/div>\n<\/p><\/div>\n<p><!-- PIVOT END --><\/p>\n<h3>Tendedero Vileda<\/h3>\n<div class=\"article-asset-image article-asset-small article-asset-center\">\n<div class=\"asset-content\">\n                    <a rel=\"nofollow, sponsored, noopener, noreferrer\" target=\"_blank\" class=\"js-ecommerce\" id=\"link-ecommerce-20\" href=\"https:\/\/www.xatakahome.com\/redirect?url=https%3A%2F%2Fwww.lidl.es%2Fes%2Fvileda-tendedero-compacto%2Fp73622&amp;category=seleccion&amp;ecomPostExpiration=perish&amp;postId=115923\" data-vars-affiliate-url=\"https:\/\/www.lidl.es\/es\/vileda-tendedero-compacto\/p73622\"><\/p>\n<p>    <img decoding=\"async\" alt=\"tendedero compacto Vileda Express\" class=\"centro_sinmarco\" src=\"https:\/\/i.blogs.es\/b09aec\/proyecto-nuevo---2025-01-07t081252.008\/450_1000.webp\"><br \/>\n     <\/a><\/p><\/div>\n<\/div>\n<p>Los d\u00edas de lluvia continuados son un total engorro para secar la ropa, incluso lograr tener secas prendas de ropa peque\u00f1as, puede ser una odisea. Si tienes poco espacio en casa, Lidl tiene la soluci\u00f3n ideal para poder tener la colada siempre lista. Se trata de este <strong>tendedero compacto de Vileda<\/strong> que cuesta <a rel=\"nofollow, sponsored, noopener, noreferrer\" target=\"_blank\" class=\"js-ecommerce\" id=\"link-ecommerce-21\" href=\"https:\/\/www.xatakahome.com\/redirect?url=https%3A%2F%2Fwww.lidl.es%2Fes%2Fvileda-tendedero-compacto%2Fp73622&amp;category=seleccion&amp;ecomPostExpiration=perish&amp;postId=115923\" data-vars-affiliate-url=\"https:\/\/www.lidl.es\/es\/vileda-tendedero-compacto\/p73622\" data-id=\"noopener noreferrer\">4,99 euros<\/a>.<\/p>\n<p><!-- BREAK 18 --><!-- PIVOT START --><\/p>\n<div class=\"pivot-ecommerce-container m-pivot-ecommerce-redesign article-asset-normal article-asset-center\">\n<div class=\"pivot-ecommerce\">\n<div class=\"pivot-ecommerce-figure\">\n  <a rel=\"nofollow, sponsored, noopener, noreferrer\" target=\"_blank\" href=\"https:\/\/www.xatakahome.com\/redirect?url=https%3A%2F%2Fwww.lidl.es%2Fes%2Fvileda-tendedero-compacto%2Fp73622&amp;category=seleccion&amp;pivot=1&amp;ecomPostExpiration=perish&amp;postId=115923\"><br \/>\n   <img loading=\"lazy\" decoding=\"async\" alt=\"Vileda Tendedero compacto\n\" width=\"500\" height=\"500\" src=\"https:\/\/i.blogs.es\/4aec4b\/41orfzospul._sl500_\/original.webp\" onerror='this.src=\"https:\/\/i.blogs.es\/4aec4b\/41orfzospul._sl500_\/original.jpeg\"'><br \/>\n  <\/a>\n  <\/div>\n<div class=\"pivot-ecommerce-summary\">\n<p class=\"pivot-ecommerce-desc\">Vileda Tendedero compacto\n<\/p>\n<div class=\"pivot-actions \">\n<div class=\"pivot-actions-row\">\n <a rel=\"nofollow, sponsored, noopener, noreferrer\" target=\"_blank\" data-asin=\"\" data-store=\"\" href=\"https:\/\/www.xatakahome.com\/redirect?url=https%3A%2F%2Fwww.lidl.es%2Fes%2Fvileda-tendedero-compacto%2Fp73622&amp;category=seleccion&amp;pivot=1&amp;ecomPostExpiration=perish&amp;postId=115923\" title=\"Precio de venta al p\u00fablico a fecha de publicaci\u00f3n\" class=\"pivot-action-btn pivot-action-primary\">PVP en Lidl \u2014 <strong><span class=\"js-deal-price\">4,99<\/span> \u20ac<\/strong><\/a><br \/>\n   <a rel=\"nofollow, sponsored, noopener, noreferrer\" target=\"_blank\" data-asin=\"B071DQF4JS\" data-store=\"Amazon\" href=\"https:\/\/www.xatakahome.com\/redirect?url=https%3A%2F%2Fwww.amazon.es%2Fdp%2FB071DQF4JS%3Ftag%3Dxatakahome-21%26linkCode%3Dogi%26th%3D1%26psc%3D1&amp;category=seleccion&amp;pivot=1&amp;ecomPostExpiration=perish&amp;postId=115923\" title=\"Precio actualizado hoy\" class=\"pivot-action-btn metrics-pivot-btn pivot-action-secondary\">Amazon \u2014 <strong><span class=\"js-deal-price\">10,95<\/span> \u20ac<\/strong><\/a><br \/>\n   <a rel=\"nofollow, sponsored, noopener, noreferrer\" target=\"_blank\" data-asin=\"001059534901992\" data-store=\"El Corte Ingl\u00e9s\" href=\"https:\/\/www.xatakahome.com\/redirect?url=https%3A%2F%2Fwww.elcorteingles.es%2Fhogar%2FA49265470-tendedero-de-radiador-express-vileda%2F&amp;category=seleccion&amp;pivot=1&amp;ecomPostExpiration=perish&amp;postId=115923\" title=\"Precio actualizado hoy\" class=\"pivot-action-btn metrics-pivot-btn pivot-action-secondary\">El Corte Ingl\u00e9s \u2014 <strong><span class=\"js-deal-price\">10,95<\/span> \u20ac<\/strong><\/a><br \/>\n   <a rel=\"nofollow, sponsored, noopener, noreferrer\" target=\"_blank\" data-asin=\"81896244\" data-store=\"Leroy Merlin\" href=\"https:\/\/www.xatakahome.com\/redirect?url=https%3A%2F%2Fwww.leroymerlin.es%2Fproductos%2Fferreteria-y-seguridad%2Flavado-y-planchado%2Ftendederos%2Ftendedero-express-espacio-de-tendido-3m-vileda-157334-81896244.html%3FhighlightedOfferCode%3De61cc98d0c6d7ecabd77a0a64b111f90b884857d&amp;category=seleccion&amp;pivot=1&amp;ecomPostExpiration=perish&amp;postId=115923\" title=\"Precio actualizado hoy\" class=\"pivot-action-btn metrics-pivot-btn pivot-action-secondary\">Leroy Merlin \u2014 <strong><span class=\"js-deal-price\">18,40<\/span> \u20ac<\/strong><\/a>\n <\/div>\n<\/p><\/div>\n<\/p><\/div>\n<\/p><\/div>\n<div class=\"pivot-link-msg\">* Alg\u00fan precio puede haber cambiado desde la \u00faltima revisi\u00f3n<\/div>\n<\/p><\/div>\n<p><!-- PIVOT END --><\/p>\n<h3>Cosori CP158-AF<\/h3>\n<div class=\"article-asset-image article-asset-small article-asset-center\">\n<div class=\"asset-content\">\n                    <a rel=\"nofollow, sponsored, noopener, noreferrer\" target=\"_blank\" class=\"js-ecommerce\" id=\"link-ecommerce-22\" href=\"https:\/\/www.xatakahome.com\/redirect?url=https%3A%2F%2Fwww.amazon.es%2FCOSORI-Freidora-Caliente-Programas-Temporizador%2Fdp%2FB07N8N6C85%2F&amp;category=seleccion&amp;ecomPostExpiration=perish&amp;postId=115923\" data-vars-affiliate-url=\"https:\/\/www.amazon.es\/COSORI-Freidora-Caliente-Programas-Temporizador\/dp\/B07N8N6C85\/\"><\/p>\n<p>    <img decoding=\"async\" alt=\"freidora de aire Cosori\" class=\"centro_sinmarco\" src=\"https:\/\/i.blogs.es\/46694c\/proyecto-nuevo---2024-12-19t155244.465\/450_1000.webp\"><br \/>\n     <\/a><\/p><\/div>\n<\/div>\n<p>Aunque lleva unos a\u00f1os a la venta, esta freidora de aire <a rel=\"nofollow, sponsored, noopener, noreferrer\" target=\"_blank\" class=\"js-ecommerce\" id=\"link-ecommerce-23\" href=\"https:\/\/www.xatakahome.com\/redirect?url=https%3A%2F%2Fwww.amazon.es%2FCOSORI-Freidora-Caliente-Programas-Temporizador%2Fdp%2FB0832WLDLC%2F&amp;category=seleccion&amp;ecomPostExpiration=perish&amp;postId=115923\" data-vars-affiliate-url=\"https:\/\/www.amazon.es\/COSORI-Freidora-Caliente-Programas-Temporizador\/dp\/B0832WLDLC\/\" data-id=\"noopener noreferrer\">Cosori CP158-AF<\/a> sigue siendo la aut\u00e9ntica reina del sector. La capacidad de este modelo es de <strong>5,5 litros<\/strong>, m\u00e1s que suficiente para cocinar una cantidad abundantes de alimentos. Si no sabes cocinar, no te preocupes porque viene con 11 modos autom\u00e1ticos, para elaborar carne, fritos, postres o pescados con solo pulsar un bot\u00f3n. Tiene un precio de <a rel=\"nofollow, sponsored, noopener, noreferrer\" target=\"_blank\" class=\"js-ecommerce\" id=\"link-ecommerce-24\" href=\"https:\/\/www.xatakahome.com\/redirect?url=https%3A%2F%2Fwww.amazon.es%2FCOSORI-Freidora-Caliente-Programas-Temporizador%2Fdp%2FB0832WLDLC&amp;category=seleccion&amp;ecomPostExpiration=perish&amp;postId=115923\" data-vars-affiliate-url=\"https:\/\/www.amazon.es\/COSORI-Freidora-Caliente-Programas-Temporizador\/dp\/B0832WLDLC\">99 euros<\/a>.<\/p>\n<p><!-- BREAK 19 --><!-- PIVOT START --><\/p>\n<div class=\"pivot-ecommerce-container m-pivot-ecommerce-redesign article-asset-normal article-asset-center\">\n<div class=\"pivot-ecommerce\">\n<div class=\"pivot-ecommerce-figure\">\n  <a rel=\"nofollow, sponsored, noopener, noreferrer\" target=\"_blank\" href=\"https:\/\/www.xatakahome.com\/redirect?url=https%3A%2F%2Fwww.mediamarkt.es%2Fes%2Fproduct%2F_freidora-de-aire-cosori-kosp0028eun-premium-ii-chef-edition-1700-w-temporizador-12-funciones-negro-1575757.html&amp;category=seleccion&amp;pivot=1&amp;ecomPostExpiration=perish&amp;postId=115923\"><br \/>\n   <img loading=\"lazy\" decoding=\"async\" alt=\"COSORI Freidora de Aire Duradera 5.5\u202fL Air Fryer 1700W\" width=\"500\" height=\"500\" src=\"https:\/\/i.blogs.es\/6e2bb1\/51jciy3b6ml._sl500_\/original.webp\" onerror='this.src=\"https:\/\/i.blogs.es\/6e2bb1\/51jciy3b6ml._sl500_\/original.jpeg\"'><br \/>\n  <\/a>\n  <\/div>\n<div class=\"pivot-ecommerce-summary\">\n<p class=\"pivot-ecommerce-desc\">COSORI Freidora de Aire Duradera 5.5\u202fL Air Fryer 1700W<\/p>\n<div class=\"pivot-actions \">\n<div class=\"pivot-actions-row\">\n <a rel=\"nofollow, sponsored, noopener, noreferrer\" target=\"_blank\" data-asin=\"\" data-store=\"\" href=\"https:\/\/www.xatakahome.com\/redirect?url=https%3A%2F%2Fwww.mediamarkt.es%2Fes%2Fproduct%2F_freidora-de-aire-cosori-kosp0028eun-premium-ii-chef-edition-1700-w-temporizador-12-funciones-negro-1575757.html&amp;category=seleccion&amp;pivot=1&amp;ecomPostExpiration=perish&amp;postId=115923\" title=\"Precio de venta al p\u00fablico a fecha de publicaci\u00f3n\" class=\"pivot-action-btn pivot-action-primary\">PVP en MediaMarkt \u2014 <strong><span class=\"js-deal-price\">89,99<\/span> \u20ac<\/strong><\/a><br \/>\n   <a rel=\"nofollow, sponsored, noopener, noreferrer\" target=\"_blank\" data-asin=\"B07N8N6C85\" data-store=\"Amazon\" href=\"https:\/\/www.xatakahome.com\/redirect?url=https%3A%2F%2Fwww.amazon.es%2Fdp%2FB07N8N6C85%3Ftag%3Dxataka-21%26linkCode%3Dogi%26th%3D1%26psc%3D1&amp;category=seleccion&amp;pivot=1&amp;ecomPostExpiration=perish&amp;postId=115923\" title=\"Precio actualizado hoy\" class=\"pivot-action-btn metrics-pivot-btn pivot-action-secondary\">Amazon \u2014 <strong><span class=\"js-deal-price\">99,99<\/span> \u20ac<\/strong><\/a><br \/>\n   <a rel=\"nofollow, sponsored, noopener, noreferrer\" target=\"_blank\" data-asin=\"10292027\" data-store=\"PcComponentes\" href=\"https:\/\/www.xatakahome.com\/redirect?url=https%3A%2F%2Fwww.pccomponentes.com%2Fcosori-pro-cp158-af-freidora-de-aire-55l-1700w-negra&amp;category=seleccion&amp;pivot=1&amp;ecomPostExpiration=perish&amp;postId=115923\" title=\"Precio actualizado hoy\" class=\"pivot-action-btn metrics-pivot-btn pivot-action-secondary\">PcComponentes \u2014 <strong><span class=\"js-deal-price\">144,76<\/span> \u20ac<\/strong><\/a>\n <\/div>\n<\/p><\/div>\n<\/p><\/div>\n<\/p><\/div>\n<div class=\"pivot-link-msg\">* Alg\u00fan precio puede haber cambiado desde la \u00faltima revisi\u00f3n<\/div>\n<\/p><\/div>\n<p><!-- PIVOT END --><\/p>\n<h3><strong>Cecotec ReadyWarm 2050<\/strong><\/h3>\n<div class=\"article-asset-image article-asset-small article-asset-center\">\n<div class=\"asset-content\">\n                    <a rel=\"nofollow, sponsored, noopener, noreferrer\" target=\"_blank\" class=\"js-ecommerce\" id=\"link-ecommerce-25\" href=\"https:\/\/www.xatakahome.com\/redirect?url=https%3A%2F%2Fwww.mediamarkt.es%2Fes%2Fproduct%2F_calefactor-cecotec-calefactor-ceramico-readywarm-2050-max-ceramic-rotate-smart-ceramico-20-m-oscila-60o-3-modos-panel-digital-mando-negro-1581155.html&amp;category=seleccion&amp;ecomPostExpiration=perish&amp;postId=115923\" data-vars-affiliate-url=\"https:\/\/www.mediamarkt.es\/es\/product\/_calefactor-cecotec-calefactor-ceramico-readywarm-2050-max-ceramic-rotate-smart-ceramico-20-m-oscila-60o-3-modos-panel-digital-mando-negro-1581155.html\"><\/p>\n<p>    <img decoding=\"async\" alt=\"Calefactor cer\u00e1mico ReadyWarm 2050 Max Ceramic Rotate Smart\" class=\"centro_sinmarco\" src=\"https:\/\/i.blogs.es\/e88d05\/proyecto-nuevo---2024-12-23t082355.354\/450_1000.webp\"><br \/>\n     <\/a><\/p><\/div>\n<\/div>\n<p>Si no tienes calefacci\u00f3n central en casa, tendr\u00e1s que calentar cada habitaci\u00f3n con un dispositivo diferente. Ahora, en MediaMarkt, hemos encontrado en oferta este calefactor cer\u00e1mico <strong>ReadyWarm 2050 Max Ceramic Rotate Smart de Cecotec<\/strong> que cuesta <a rel=\"nofollow, sponsored, noopener, noreferrer\" target=\"_blank\" class=\"js-ecommerce\" id=\"link-ecommerce-26\" href=\"https:\/\/www.xatakahome.com\/redirect?url=https%3A%2F%2Fwww.mediamarkt.es%2Fes%2Fproduct%2F_calefactor-cecotec-calefactor-ceramico-readywarm-2050-max-ceramic-rotate-smart-ceramico-20-m-oscila-60o-3-modos-panel-digital-mando-negro-1581155.html&amp;category=seleccion&amp;ecomPostExpiration=perish&amp;postId=115923\" data-vars-affiliate-url=\"https:\/\/www.mediamarkt.es\/es\/product\/_calefactor-cecotec-calefactor-ceramico-readywarm-2050-max-ceramic-rotate-smart-ceramico-20-m-oscila-60o-3-modos-panel-digital-mando-negro-1581155.html\" data-id=\"noopener noreferrer\">44 euros<\/a> y ofrece muy buenas prestaciones.<\/p>\n<p><!-- BREAK 20 --><!-- PIVOT START --><\/p>\n<div class=\"pivot-ecommerce-container m-pivot-ecommerce-redesign article-asset-normal article-asset-center\">\n<div class=\"pivot-ecommerce\">\n<div class=\"pivot-ecommerce-figure\">\n  <a rel=\"nofollow, sponsored, noopener, noreferrer\" target=\"_blank\" href=\"https:\/\/www.xatakahome.com\/redirect?url=https%3A%2F%2Fwww.mediamarkt.es%2Fes%2Fproduct%2F_calefactor-cecotec-calefactor-ceramico-readywarm-2050-max-ceramic-rotate-smart-ceramico-20-m-oscila-60o-3-modos-panel-digital-mando-negro-1581155.html&amp;category=seleccion&amp;pivot=1&amp;ecomPostExpiration=perish&amp;postId=115923\"><br \/>\n   <img loading=\"lazy\" decoding=\"async\" alt=\"Cecotec Calefactor cer\u00e1mico ReadyWarm 2050 Max Ceramic Rotate Smart\" width=\"402\" height=\"402\" src=\"https:\/\/i.blogs.es\/4d11b5\/blob\/original.webp\" onerror='this.src=\"https:\/\/i.blogs.es\/4d11b5\/blob\/original.jpeg\"'><br \/>\n  <\/a>\n  <\/div>\n<div class=\"pivot-ecommerce-summary\">\n<p class=\"pivot-ecommerce-desc\">Cecotec Calefactor cer\u00e1mico ReadyWarm 2050 Max Ceramic Rotate Smart<\/p>\n<div class=\"pivot-actions \">\n<div class=\"pivot-actions-row\">\n <a rel=\"nofollow, sponsored, noopener, noreferrer\" target=\"_blank\" data-asin=\"\" data-store=\"\" href=\"https:\/\/www.xatakahome.com\/redirect?url=https%3A%2F%2Fwww.mediamarkt.es%2Fes%2Fproduct%2F_calefactor-cecotec-calefactor-ceramico-readywarm-2050-max-ceramic-rotate-smart-ceramico-20-m-oscila-60o-3-modos-panel-digital-mando-negro-1581155.html&amp;category=seleccion&amp;pivot=1&amp;ecomPostExpiration=perish&amp;postId=115923\" title=\"Precio de venta al p\u00fablico a fecha de publicaci\u00f3n\" class=\"pivot-action-btn pivot-action-primary\">PVP en MediaMarkt \u2014 <strong><span class=\"js-deal-price\">44,00<\/span> \u20ac<\/strong><\/a><br \/>\n   <a rel=\"nofollow, sponsored, noopener, noreferrer\" target=\"_blank\" data-asin=\"\" data-store=\"\" href=\"https:\/\/www.xatakahome.com\/redirect?url=https%3A%2F%2Fwww.carrefour.es%2Fcalefactor-ceramico-cecotec-readywarm-2050-max-ceramic-rotate-smart%2FVC4A-24203352%2Fp&amp;category=seleccion&amp;pivot=1&amp;ecomPostExpiration=perish&amp;postId=115923\" title=\"Precio de venta al p\u00fablico a fecha de publicaci\u00f3n\" class=\"pivot-action-btn pivot-action-secondary\">Carrefour \u2014 <strong><span class=\"js-deal-price\">49,99<\/span> \u20ac<\/strong><\/a>\n <\/div>\n<\/p><\/div>\n<\/p><\/div>\n<\/p><\/div>\n<div class=\"pivot-link-msg\">* Alg\u00fan precio puede haber cambiado desde la \u00faltima revisi\u00f3n<\/div>\n<\/p><\/div>\n<p><!-- PIVOT END --><\/p>\n<h3>L\u00e1mpara Lidl Ledvance<\/h3>\n<div class=\"article-asset-image article-asset-small article-asset-center\">\n<div class=\"asset-content\">\n                    <a rel=\"nofollow, sponsored, noopener, noreferrer\" target=\"_blank\" class=\"js-ecommerce\" id=\"link-ecommerce-27\" href=\"https:\/\/www.xatakahome.com\/redirect?url=https%3A%2F%2Fwww.lidl.es%2Fes%2Fledvance-panel-led-60-x-30-cm%2Fp51067&amp;category=seleccion&amp;ecomPostExpiration=perish&amp;postId=115923\" data-vars-affiliate-url=\"https:\/\/www.lidl.es\/es\/ledvance-panel-led-60-x-30-cm\/p51067\"><\/p>\n<p>    <img decoding=\"async\" alt=\"panel LED Ledvance 60 x 30\" class=\"centro_sinmarco\" src=\"https:\/\/i.blogs.es\/e066b7\/proyecto-nuevo---2024-12-30t184611.167\/450_1000.webp\"><br \/>\n     <\/a><\/p><\/div>\n<\/div>\n<p>Lidl ha logrado colarse en nuestros hogares con un sinf\u00edn de productos dedicados a todos los aspectos de la casa. En la iluminaci\u00f3n, ahora hemos encontrado un panel LED que ha llamado nuestra atenci\u00f3n y se acabar\u00e1 agotando. Se trata del <strong>panel LED Ledvance<\/strong> que cuesta <a rel=\"nofollow, sponsored, noopener, noreferrer\" target=\"_blank\" class=\"js-ecommerce\" id=\"link-ecommerce-28\" href=\"https:\/\/www.xatakahome.com\/redirect?url=https%3A%2F%2Fwww.lidl.es%2Fes%2Fledvance-panel-led-60-x-30-cm%2Fp51067&amp;category=seleccion&amp;ecomPostExpiration=perish&amp;postId=115923\" data-vars-affiliate-url=\"https:\/\/www.lidl.es\/es\/ledvance-panel-led-60-x-30-cm\/p51067\" data-id=\"noopener noreferrer\">39,99 euros<\/a>.<\/p>\n<p><!-- BREAK 21 --><!-- PIVOT START --><\/p>\n<div class=\"pivot-ecommerce-container m-pivot-ecommerce-redesign article-asset-normal article-asset-center\">\n<div class=\"pivot-ecommerce\">\n<div class=\"pivot-ecommerce-figure\">\n  <a rel=\"nofollow, sponsored, noopener, noreferrer\" target=\"_blank\" href=\"https:\/\/www.xatakahome.com\/redirect?url=https%3A%2F%2Fwww.lidl.es%2Fes%2Fledvance-panel-led-60-x-30-cm%2Fp51067&amp;category=seleccion&amp;pivot=1&amp;ecomPostExpiration=perish&amp;postId=115923\"><br \/>\n   <img loading=\"lazy\" decoding=\"async\" alt=\"Ledvance Panel LED 60 x 30 cm\n\" width=\"600\" height=\"600\" src=\"https:\/\/i.blogs.es\/836a80\/blob\/original.webp\" onerror='this.src=\"https:\/\/i.blogs.es\/836a80\/blob\/original.jpeg\"'><br \/>\n  <\/a>\n  <\/div>\n<div class=\"pivot-ecommerce-summary\">\n<p class=\"pivot-ecommerce-desc\">Ledvance Panel LED 60 x 30 cm\n<\/p>\n<div class=\"pivot-actions \">\n<div class=\"pivot-actions-row\">\n <a rel=\"nofollow, sponsored, noopener, noreferrer\" target=\"_blank\" data-asin=\"\" data-store=\"\" href=\"https:\/\/www.xatakahome.com\/redirect?url=https%3A%2F%2Fwww.lidl.es%2Fes%2Fledvance-panel-led-60-x-30-cm%2Fp51067&amp;category=seleccion&amp;pivot=1&amp;ecomPostExpiration=perish&amp;postId=115923\" title=\"Precio de venta al p\u00fablico a fecha de publicaci\u00f3n\" class=\"pivot-action-btn pivot-action-primary\">PVP en Lidl \u2014 <strong><span class=\"js-deal-price\">39,99<\/span> \u20ac<\/strong><\/a>\n <\/div>\n<\/p><\/div>\n<\/p><\/div>\n<\/p><\/div>\n<div class=\"pivot-link-msg\">* Alg\u00fan precio puede haber cambiado desde la \u00faltima revisi\u00f3n<\/div>\n<\/p><\/div>\n<p><!-- PIVOT END --><\/p>\n<h3>IKEA <strong>SAMBORD<\/strong><\/h3>\n<div class=\"article-asset-image article-asset-small article-asset-center\">\n<div class=\"asset-content\">\n                    <a rel=\"nofollow, sponsored, noopener, noreferrer\" target=\"_blank\" class=\"js-ecommerce\" id=\"link-ecommerce-29\" href=\"https:\/\/www.xatakahome.com\/redirect?url=https%3A%2F%2Fwww.ikea.com%2Fes%2Fes%2Fp%2Fsambord-lampara-pie-lectura-negro-blanco-60549402%2F&amp;category=seleccion&amp;ecomPostExpiration=perish&amp;postId=115923\" data-vars-affiliate-url=\"https:\/\/www.ikea.com\/es\/es\/p\/sambord-lampara-pie-lectura-negro-blanco-60549402\/\"><\/p>\n<p>    <img decoding=\"async\" alt=\"l\u00e1mpara de pie SAMBORD\" class=\"centro_sinmarco\" src=\"https:\/\/i.blogs.es\/825411\/proyecto-nuevo---2024-12-30t092221.360\/450_1000.webp\"><br \/>\n     <\/a><\/p><\/div>\n<\/div>\n<p>Si quieres transformar tu sal\u00f3n o un rinc\u00f3n de tu dormitorio, IKEA tiene una soluci\u00f3n barata e ideal si quieres aportarle un toque minimalista a una estancia. Se trata de la <strong>l\u00e1mpara de pie SAMBORD<\/strong>, que solo cuesta <a rel=\"nofollow, sponsored, noopener, noreferrer\" target=\"_blank\" class=\"js-ecommerce\" id=\"link-ecommerce-30\" href=\"https:\/\/www.xatakahome.com\/redirect?url=https%3A%2F%2Fwww.ikea.com%2Fes%2Fes%2Fp%2Fsambord-lampara-pie-lectura-negro-blanco-60549402%2F&amp;category=seleccion&amp;ecomPostExpiration=perish&amp;postId=115923\" data-vars-affiliate-url=\"https:\/\/www.ikea.com\/es\/es\/p\/sambord-lampara-pie-lectura-negro-blanco-60549402\/\" data-id=\"noopener noreferrer\">19,99 euros<\/a>.<\/p>\n<p><!-- BREAK 22 --><!-- PIVOT START --><\/p>\n<div class=\"pivot-ecommerce-container m-pivot-ecommerce-redesign article-asset-normal article-asset-center\">\n<div class=\"pivot-ecommerce\">\n<div class=\"pivot-ecommerce-figure\">\n  <a rel=\"nofollow, sponsored, noopener, noreferrer\" target=\"_blank\" href=\"https:\/\/www.xatakahome.com\/redirect?url=https%3A%2F%2Fwww.ikea.com%2Fes%2Fes%2Fp%2Fsambord-lampara-pie-lectura-negro-blanco-60549402%2F&amp;category=seleccion&amp;pivot=1&amp;ecomPostExpiration=perish&amp;postId=115923\"><br \/>\n   <img loading=\"lazy\" decoding=\"async\" alt=\"SAMBORD L\u00e1mpara de pie\/lectura, negro\/blanco\" width=\"600\" height=\"600\" src=\"https:\/\/i.blogs.es\/86c1f2\/blob\/original.webp\" onerror='this.src=\"https:\/\/i.blogs.es\/86c1f2\/blob\/original.jpeg\"'><br \/>\n  <\/a>\n  <\/div>\n<div class=\"pivot-ecommerce-summary\">\n<p class=\"pivot-ecommerce-desc\">SAMBORD L\u00e1mpara de pie\/lectura, negro\/blanco<\/p>\n<div class=\"pivot-actions \">\n<div class=\"pivot-actions-row\">\n <a rel=\"nofollow, sponsored, noopener, noreferrer\" target=\"_blank\" data-asin=\"\" data-store=\"\" href=\"https:\/\/www.xatakahome.com\/redirect?url=https%3A%2F%2Fwww.ikea.com%2Fes%2Fes%2Fp%2Fsambord-lampara-pie-lectura-negro-blanco-60549402%2F&amp;category=seleccion&amp;pivot=1&amp;ecomPostExpiration=perish&amp;postId=115923\" title=\"Precio de venta al p\u00fablico a fecha de publicaci\u00f3n\" class=\"pivot-action-btn pivot-action-primary\">PVP en IKEA \u2014 <strong><span class=\"js-deal-price\">19,99<\/span> \u20ac<\/strong><\/a>\n <\/div>\n<\/p><\/div>\n<\/p><\/div>\n<\/p><\/div>\n<div class=\"pivot-link-msg\">* Alg\u00fan precio puede haber cambiado desde la \u00faltima revisi\u00f3n<\/div>\n<\/p><\/div>\n<p><!-- PIVOT END --><\/p>\n<h3>Aislante Leroy Merlin<\/h3>\n<div class=\"article-asset-image article-asset-small article-asset-center\">\n<div class=\"asset-content\">\n                    <a rel=\"nofollow, sponsored, noopener, noreferrer\" target=\"_blank\" class=\"js-ecommerce\" id=\"link-ecommerce-31\" href=\"https:\/\/www.xatakahome.com\/redirect?url=https%3A%2F%2Fwww.leroymerlin.es%2Fproductos%2Fkit-aislante-de-cajon-de-persianas-1-2x0-25-m-18053315.html&amp;category=seleccion&amp;ecomPostExpiration=perish&amp;postId=115923\" data-vars-affiliate-url=\"https:\/\/www.leroymerlin.es\/productos\/kit-aislante-de-cajon-de-persianas-1-2x0-25-m-18053315.html\"><\/p>\n<p>    <img decoding=\"async\" alt=\"kit aislante para caj\u00f3n de persiana\" class=\"centro_sinmarco\" src=\"https:\/\/i.blogs.es\/31e031\/proyecto-nuevo---2024-12-27t185558.430\/450_1000.webp\"><br \/>\n     <\/a><\/p><\/div>\n<\/div>\n<p>En los meses de invierno, el fr\u00edo se instala y es dif\u00edcil estar c\u00f3modo en casa sin tener encendida la calefacci\u00f3n u otro m\u00e9todo de climatizaci\u00f3n como una estufa de pellets o los <a class=\"text-outboundlink\" href=\"https:\/\/www.xatakahome.com\/seleccion\/mejores-calefactores-consumo-cual-comprar-consejos-recomendaciones\" data-vars-post-title=\"Los mejores calefactores de bajo consumo: \u00bfCu\u00e1l comprar? Consejos y recomendaciones\" data-vars-post-url=\"https:\/\/www.xatakahome.com\/seleccion\/mejores-calefactores-consumo-cual-comprar-consejos-recomendaciones\" data-id=\"noopener noreferrer\">calefactores<\/a>. Muchas casas no est\u00e1n bien aisladas frente al fr\u00edo y, ahora, con este invento de Leroy Merlin se puede cambiar esta situaci\u00f3n. Se trata de un <strong>kit aislante de caj\u00f3n de persianas<\/strong> que cuesta <a rel=\"nofollow, sponsored, noopener, noreferrer\" target=\"_blank\" class=\"js-ecommerce\" id=\"link-ecommerce-32\" href=\"https:\/\/www.xatakahome.com\/redirect?url=https%3A%2F%2Fwww.leroymerlin.es%2Fproductos%2Fkit-aislante-de-cajon-de-persianas-1-2x0-25-m-18053315.html&amp;category=seleccion&amp;ecomPostExpiration=perish&amp;postId=115923\" data-vars-affiliate-url=\"https:\/\/www.leroymerlin.es\/productos\/kit-aislante-de-cajon-de-persianas-1-2x0-25-m-18053315.html\" data-id=\"noopener noreferrer\">9,29 euros<\/a>.<\/p>\n<p><!-- BREAK 23 --><!-- PIVOT START --><\/p>\n<div class=\"pivot-ecommerce-container m-pivot-ecommerce-redesign article-asset-normal article-asset-center\">\n<div class=\"pivot-ecommerce\">\n<div class=\"pivot-ecommerce-figure\">\n  <a rel=\"nofollow, sponsored, noopener, noreferrer\" target=\"_blank\" href=\"https:\/\/www.xatakahome.com\/redirect?url=https%3A%2F%2Fwww.leroymerlin.es%2Fproductos%2Fkit-aislante-de-cajon-de-persianas-1-2x0-25-m-18053315.html&amp;category=seleccion&amp;pivot=1&amp;ecomPostExpiration=perish&amp;postId=115923\"><br \/>\n   <img loading=\"lazy\" decoding=\"async\" alt=\"Kit aislante de caj\u00f3n de persianas 1,2x0,25 m\n\" width=\"600\" height=\"600\" src=\"https:\/\/i.blogs.es\/4b95fe\/blob\/original.webp\" onerror='this.src=\"https:\/\/i.blogs.es\/4b95fe\/blob\/original.jpeg\"'><br \/>\n  <\/a>\n  <\/div>\n<div class=\"pivot-ecommerce-summary\">\n<p class=\"pivot-ecommerce-desc\">Kit aislante de caj\u00f3n de persianas 1,2&#215;0,25 m\n<\/p>\n<div class=\"pivot-actions \">\n<div class=\"pivot-actions-row\">\n <a rel=\"nofollow, sponsored, noopener, noreferrer\" target=\"_blank\" data-asin=\"\" data-store=\"\" href=\"https:\/\/www.xatakahome.com\/redirect?url=https%3A%2F%2Fwww.leroymerlin.es%2Fproductos%2Fkit-aislante-de-cajon-de-persianas-1-2x0-25-m-18053315.html&amp;category=seleccion&amp;pivot=1&amp;ecomPostExpiration=perish&amp;postId=115923\" title=\"Precio de venta al p\u00fablico a fecha de publicaci\u00f3n\" class=\"pivot-action-btn pivot-action-primary\">PVP en Leroy Merlin \u2014 <strong><span class=\"js-deal-price\">9,29<\/span> \u20ac<\/strong><\/a>\n <\/div>\n<\/p><\/div>\n<\/p><\/div>\n<\/p><\/div>\n<div class=\"pivot-link-msg\">* Alg\u00fan precio puede haber cambiado desde la \u00faltima revisi\u00f3n<\/div>\n<\/p><\/div>\n<p><!-- PIVOT END --><\/p>\n<h3>Freidora de aire Silvercrest<\/h3>\n<div class=\"article-asset-image article-asset-small article-asset-center\">\n<div class=\"asset-content\">\n                    <a rel=\"nofollow, sponsored, noopener, noreferrer\" target=\"_blank\" class=\"js-ecommerce\" id=\"link-ecommerce-33\" href=\"https:\/\/www.xatakahome.com\/redirect?url=https%3A%2F%2Fwww.lidl.es%2Fes%2Ffreidora-de-aire-digital-1400-w-2-2-l%2Fp55355&amp;category=seleccion&amp;ecomPostExpiration=perish&amp;postId=115923\" data-vars-affiliate-url=\"https:\/\/www.lidl.es\/es\/freidora-de-aire-digital-1400-w-2-2-l\/p55355\"><\/p>\n<p>    <img decoding=\"async\" alt=\"freidora de aire Silvercrest\" class=\"centro_sinmarco\" src=\"https:\/\/i.blogs.es\/7a3c13\/proyecto-nuevo---2024-12-23t133308.258\/450_1000.webp\"><br \/>\n     <\/a><\/p><\/div>\n<\/div>\n<p>Las <strong>freidoras de aire<\/strong> se han convertido ya en uno de esos peque\u00f1os electrodom\u00e9sticos imprescindibles en cualquier cocina. Si a\u00fan no tienes una y estabas pensando comprarla, esta Silvercrest de Lidl es una de las m\u00e1s baratas del mercado, ya que ahora cuesta <a rel=\"nofollow, sponsored, noopener, noreferrer\" target=\"_blank\" class=\"js-ecommerce\" id=\"link-ecommerce-34\" href=\"https:\/\/www.xatakahome.com\/redirect?url=https%3A%2F%2Fwww.lidl.es%2Fes%2Ffreidora-de-aire-digital-1400-w-2-2-l%2Fp55355&amp;category=seleccion&amp;ecomPostExpiration=perish&amp;postId=115923\" data-vars-affiliate-url=\"https:\/\/www.lidl.es\/es\/freidora-de-aire-digital-1400-w-2-2-l\/p55355\" data-id=\"noopener noreferrer\">29,99 euros<\/a>.<\/p>\n<p><!-- BREAK 24 --><!-- PIVOT START --><\/p>\n<div class=\"pivot-ecommerce-container m-pivot-ecommerce-redesign article-asset-normal article-asset-center\">\n<div class=\"pivot-ecommerce\">\n<div class=\"pivot-ecommerce-figure\">\n  <a rel=\"nofollow, sponsored, noopener, noreferrer\" target=\"_blank\" href=\"https:\/\/www.xatakahome.com\/redirect?url=https%3A%2F%2Fwww.lidl.es%2Fes%2Ffreidora-de-aire-digital-1400-w-2-2-l%2Fp55355&amp;category=seleccion&amp;pivot=1&amp;ecomPostExpiration=perish&amp;postId=115923\"><br \/>\n   <img loading=\"lazy\" decoding=\"async\" alt=\"Freidora de aire digital 1400 W 2,2 L\n\" width=\"600\" height=\"600\" src=\"https:\/\/i.blogs.es\/9efca3\/blob\/original.webp\" onerror='this.src=\"https:\/\/i.blogs.es\/9efca3\/blob\/original.jpeg\"'><br \/>\n  <\/a>\n  <\/div>\n<div class=\"pivot-ecommerce-summary\">\n<p class=\"pivot-ecommerce-desc\">Freidora de aire digital 1400 W 2,2 L\n<\/p>\n<div class=\"pivot-actions \">\n<div class=\"pivot-actions-row\">\n <a rel=\"nofollow, sponsored, noopener, noreferrer\" target=\"_blank\" data-asin=\"\" data-store=\"\" href=\"https:\/\/www.xatakahome.com\/redirect?url=https%3A%2F%2Fwww.lidl.es%2Fes%2Ffreidora-de-aire-digital-1400-w-2-2-l%2Fp55355&amp;category=seleccion&amp;pivot=1&amp;ecomPostExpiration=perish&amp;postId=115923\" title=\"Precio de venta al p\u00fablico a fecha de publicaci\u00f3n\" class=\"pivot-action-btn pivot-action-primary\">PVP en Lidl \u2014 <strong><span class=\"js-deal-price\">29,99<\/span> \u20ac<\/strong><\/a>\n <\/div>\n<\/p><\/div>\n<\/p><\/div>\n<\/p><\/div>\n<div class=\"pivot-link-msg\">* Alg\u00fan precio puede haber cambiado desde la \u00faltima revisi\u00f3n<\/div>\n<\/p><\/div>\n<p><!-- PIVOT END --><\/p>\n<h3><strong>Saivod FH-09<\/strong><\/h3>\n<div class=\"article-asset-image article-asset-small article-asset-center\">\n<div class=\"asset-content\">\n                    <a rel=\"nofollow, sponsored, noopener, noreferrer\" target=\"_blank\" class=\"js-ecommerce\" id=\"link-ecommerce-35\" href=\"https:\/\/www.xatakahome.com\/redirect?url=https%3A%2F%2Fwww.elcorteingles.es%2Felectrodomesticos%2FA15594683-termoventilador-saivod-fh-09-con-selector-de-2-niveles%2F&amp;category=seleccion&amp;ecomPostExpiration=perish&amp;postId=115923\" data-vars-affiliate-url=\"https:\/\/www.elcorteingles.es\/electrodomesticos\/A15594683-termoventilador-saivod-fh-09-con-selector-de-2-niveles\/\"><\/p>\n<p>    <img decoding=\"async\" alt=\"Termoventilador Saivod FH-09\" class=\"centro_sinmarco\" src=\"https:\/\/i.blogs.es\/70eee0\/proyecto-nuevo---2024-12-14t114616.959\/450_1000.webp\"><br \/>\n     <\/a><\/p><\/div>\n<\/div>\n<p>Aunque los <a class=\"text-outboundlink\" href=\"https:\/\/www.xatakahome.com\/seleccion\/mejores-calefactores-consumo-cual-comprar-consejos-recomendaciones\" data-vars-post-title=\"Los mejores calefactores de bajo consumo: \u00bfCu\u00e1l comprar? Consejos y recomendaciones\" data-vars-post-url=\"https:\/\/www.xatakahome.com\/seleccion\/mejores-calefactores-consumo-cual-comprar-consejos-recomendaciones\" data-id=\"noopener noreferrer\">calefactores de bajo consumo<\/a> son los principales dispositivos que utilizamos para calentar nuestro hogar en invierno, El Corte Ingl\u00e9s ahora tiene una soluci\u00f3n mucho m\u00e1s econ\u00f3mica para lograrlo. Se trata de este <strong>termoventilador Saivod FH-09<\/strong> que cuesta <a rel=\"nofollow, sponsored, noopener, noreferrer\" target=\"_blank\" class=\"js-ecommerce\" id=\"link-ecommerce-36\" href=\"https:\/\/www.xatakahome.com\/redirect?url=https%3A%2F%2Fwww.elcorteingles.es%2Felectrodomesticos%2FA15594683-termoventilador-saivod-fh-09-con-selector-de-2-niveles%2F&amp;category=seleccion&amp;ecomPostExpiration=perish&amp;postId=115923\" data-vars-affiliate-url=\"https:\/\/www.elcorteingles.es\/electrodomesticos\/A15594683-termoventilador-saivod-fh-09-con-selector-de-2-niveles\/\" data-id=\"noopener noreferrer\">18,90 euros<\/a>.<\/p>\n<p><!-- BREAK 25 --><!-- PIVOT START --><\/p>\n<div class=\"pivot-ecommerce-container m-pivot-ecommerce-redesign article-asset-normal article-asset-center\">\n<div class=\"pivot-ecommerce\">\n<div class=\"pivot-ecommerce-figure\">\n  <a rel=\"nofollow, sponsored, noopener, noreferrer\" target=\"_blank\" href=\"https:\/\/www.xatakahome.com\/redirect?url=https%3A%2F%2Fwww.elcorteingles.es%2Felectrodomesticos%2FA15594683-termoventilador-saivod-fh-09-con-selector-de-2-niveles%2F&amp;category=seleccion&amp;pivot=1&amp;ecomPostExpiration=perish&amp;postId=115923\"><br \/>\n   <img loading=\"lazy\" decoding=\"async\" alt=\"Saivod - Termoventilador Saivod FH-09 con selector de 2 niveles.\" width=\"600\" height=\"600\" src=\"https:\/\/i.blogs.es\/0b6465\/blob\/original.webp\" onerror='this.src=\"https:\/\/i.blogs.es\/0b6465\/blob\/original.jpeg\"'><br \/>\n  <\/a>\n  <\/div>\n<div class=\"pivot-ecommerce-summary\">\n<p class=\"pivot-ecommerce-desc\">Saivod &#8211; Termoventilador Saivod FH-09 con selector de 2 niveles.<\/p>\n<div class=\"pivot-actions \">\n<div class=\"pivot-actions-row\">\n <a rel=\"nofollow, sponsored, noopener, noreferrer\" target=\"_blank\" data-asin=\"001007762520810\" data-store=\"El Corte Ingl\u00e9s\" href=\"https:\/\/www.xatakahome.com\/redirect?url=https%3A%2F%2Fwww.elcorteingles.es%2Felectrodomesticos%2FA15594683-termoventilador-saivod-fh-09-con-selector-de-2-niveles%2F&amp;category=seleccion&amp;pivot=1&amp;ecomPostExpiration=perish&amp;postId=115923\" title=\"Precio actualizado hoy\" class=\"pivot-action-btn metrics-pivot-btn pivot-action-primary\">Hoy en El Corte Ingl\u00e9s \u2014 <strong><span class=\"js-deal-price\">29,00<\/span> \u20ac<\/strong><\/a>\n <\/div>\n<\/p><\/div>\n<\/p><\/div>\n<\/p><\/div>\n<div class=\"pivot-link-msg\">* Alg\u00fan precio puede haber cambiado desde la \u00faltima revisi\u00f3n<\/div>\n<\/p><\/div>\n<p><!-- PIVOT END --><\/p>\n<h3>Dyson V11 Advanced<\/h3>\n<div class=\"article-asset-image article-asset-small article-asset-center\">\n<div class=\"asset-content\">\n                    <a rel=\"nofollow, sponsored, noopener, noreferrer\" target=\"_blank\" class=\"js-ecommerce\" id=\"link-ecommerce-37\" href=\"https:\/\/www.xatakahome.com\/redirect?url=https%3A%2F%2Fwww.dyson.es%2Faspiradoras%2Fsin-cable%2Fv11%2Fadvanced-niquel-morado&amp;category=seleccion&amp;ecomPostExpiration=perish&amp;postId=115923\" data-vars-affiliate-url=\"https:\/\/www.dyson.es\/aspiradoras\/sin-cable\/v11\/advanced-niquel-morado\"><\/p>\n<p>    <img decoding=\"async\" alt=\"Dyson V11 Advanced\" class=\"centro_sinmarco\" src=\"https:\/\/i.blogs.es\/2f6efd\/proyecto-nuevo---2024-12-17t162720.762\/450_1000.webp\"><br \/>\n     <\/a><\/p><\/div>\n<\/div>\n<p>Dyson es sin\u00f3nimo de excelencia en lo que a dispositivos de limpieza se refiere. Si estabas pensando en comparar una aspiradora de esta marca, en la tienda oficial de Dyson, puedes encontrar el modelo Dyson V11 Advanced en oferta, por <a rel=\"nofollow, sponsored, noopener, noreferrer\" target=\"_blank\" class=\"js-ecommerce\" id=\"link-ecommerce-38\" href=\"https:\/\/www.xatakahome.com\/redirect?url=https%3A%2F%2Fwww.dyson.es%2Faspiradoras%2Fsin-cable%2Fv11%2Fadvanced-niquel-morado&amp;category=seleccion&amp;ecomPostExpiration=perish&amp;postId=115923\" data-vars-affiliate-url=\"https:\/\/www.dyson.es\/aspiradoras\/sin-cable\/v11\/advanced-niquel-morado\" data-id=\"noopener noreferrer\">399 euros<\/a>. En MediaMarkt, tambi\u00e9n est\u00e1 disponible rebajada, por <a rel=\"nofollow, sponsored, noopener, noreferrer\" target=\"_blank\" class=\"js-ecommerce\" id=\"link-ecommerce-39\" href=\"https:\/\/www.xatakahome.com\/redirect?url=https%3A%2F%2Fwww.mediamarkt.es%2Fes%2Fproduct%2F_aspirador-escoba-dyson-v11tm-advanced-potencia-200-w-autonomia-60-min-accesorios-3-modos-azul-1572884.html&amp;category=seleccion&amp;ecomPostExpiration=perish&amp;postId=115923\" data-vars-affiliate-url=\"https:\/\/www.mediamarkt.es\/es\/product\/_aspirador-escoba-dyson-v11tm-advanced-potencia-200-w-autonomia-60-min-accesorios-3-modos-azul-1572884.html\" data-id=\"noopener noreferrer\">399 euros<\/a>, por si no llegaras a tiempo al anterior chollo.<\/p>\n<p><!-- BREAK 26 --><!-- PIVOT START --><\/p>\n<div class=\"pivot-ecommerce-container m-pivot-ecommerce-redesign article-asset-normal article-asset-center\">\n<div class=\"pivot-ecommerce\">\n<div class=\"pivot-ecommerce-figure\">\n  <a rel=\"nofollow, sponsored, noopener, noreferrer\" target=\"_blank\" href=\"https:\/\/www.xatakahome.com\/redirect?url=https%3A%2F%2Fwww.dyson.es%2Faspiradoras%2Fsin-cable%2Fv11%2Fadvanced-niquel-morado&amp;category=seleccion&amp;pivot=1&amp;ecomPostExpiration=perish&amp;postId=115923\"><br \/>\n   <img loading=\"lazy\" decoding=\"async\" alt=\"Dyson V11 Advanced\" width=\"333\" height=\"500\" src=\"https:\/\/i.blogs.es\/4c479b\/21cyy58g4ml._sl500_\/original.webp\" onerror='this.src=\"https:\/\/i.blogs.es\/4c479b\/21cyy58g4ml._sl500_\/original.jpeg\"'><br \/>\n  <\/a>\n  <\/div>\n<div class=\"pivot-ecommerce-summary\">\n<p class=\"pivot-ecommerce-desc\">Dyson V11 Advanced<\/p>\n<div class=\"pivot-actions \">\n<div class=\"pivot-actions-row\">\n <a rel=\"nofollow, sponsored, noopener, noreferrer\" target=\"_blank\" data-asin=\"\" data-store=\"\" href=\"https:\/\/www.xatakahome.com\/redirect?url=https%3A%2F%2Fwww.dyson.es%2Faspiradoras%2Fsin-cable%2Fv11%2Fadvanced-niquel-morado&amp;category=seleccion&amp;pivot=1&amp;ecomPostExpiration=perish&amp;postId=115923\" title=\"Precio de venta al p\u00fablico a fecha de publicaci\u00f3n\" class=\"pivot-action-btn pivot-action-primary\">PVP en Dyson \u2014 <strong><span class=\"js-deal-price\">399,00<\/span> \u20ac<\/strong><\/a><br \/>\n   <a rel=\"nofollow, sponsored, noopener, noreferrer\" target=\"_blank\" data-asin=\"\" data-store=\"\" href=\"https:\/\/www.xatakahome.com\/redirect?url=https%3A%2F%2Fwww.mediamarkt.es%2Fes%2Fproduct%2F_aspirador-escoba-dyson-v11tm-advanced-potencia-200-w-autonomia-60-min-accesorios-3-modos-azul-1572884.html&amp;category=seleccion&amp;pivot=1&amp;ecomPostExpiration=perish&amp;postId=115923\" title=\"Precio de venta al p\u00fablico a fecha de publicaci\u00f3n\" class=\"pivot-action-btn pivot-action-secondary\">MediaMarkt \u2014 <strong><span class=\"js-deal-price\">399,00<\/span> \u20ac<\/strong><\/a><br \/>\n   <a rel=\"nofollow, sponsored, noopener, noreferrer\" target=\"_blank\" data-asin=\"10804790\" data-store=\"PcComponentes\" href=\"https:\/\/www.xatakahome.com\/redirect?url=https%3A%2F%2Fwww.pccomponentes.com%2Fdyson-v11-aspiradora-escoba-mano-sin-cable-185aw-niquel-azul&amp;category=seleccion&amp;pivot=1&amp;ecomPostExpiration=perish&amp;postId=115923\" title=\"Precio actualizado hoy\" class=\"pivot-action-btn metrics-pivot-btn pivot-action-secondary\">PcComponentes \u2014 <strong><span class=\"js-deal-price\">599,00<\/span> \u20ac<\/strong><\/a><br \/>\n   <a rel=\"nofollow, sponsored, noopener, noreferrer\" target=\"_blank\" data-asin=\"89860472\" data-store=\"Leroy Merlin\" href=\"https:\/\/www.xatakahome.com\/redirect?url=https%3A%2F%2Fwww.leroymerlin.es%2Fproductos%2Fherramientas%2Faspiradoras%2Faspiradora-de-mano%2Fdyson-v11-aspiradora-de-mano-niquel-azul-2023-89860472.html%3FhighlightedOfferCode%3De4c1037514197dc1fb1fe9c3bdae27c51e85afb4&amp;category=seleccion&amp;pivot=1&amp;ecomPostExpiration=perish&amp;postId=115923\" title=\"Precio actualizado hoy\" class=\"pivot-action-btn metrics-pivot-btn pivot-action-secondary\">Leroy Merlin \u2014 <strong><span class=\"js-deal-price\">713,87<\/span> \u20ac<\/strong><\/a>\n <\/div>\n<\/p><\/div>\n<\/p><\/div>\n<\/p><\/div>\n<div class=\"pivot-link-msg\">* Alg\u00fan precio puede haber cambiado desde la \u00faltima revisi\u00f3n<\/div>\n<\/p><\/div>\n<p><!-- PIVOT END --><\/p>\n<h3><strong>Freidora de aire dual Salter<\/strong><\/h3>\n<div class=\"article-asset-image article-asset-small article-asset-center\">\n<div class=\"asset-content\">\n                    <a rel=\"nofollow, sponsored, noopener, noreferrer\" target=\"_blank\" class=\"js-ecommerce\" id=\"link-ecommerce-40\" href=\"https:\/\/www.xatakahome.com\/redirect?url=https%3A%2F%2Fwww.lidl.es%2Fes%2Fsalter-freidora-de-aire-dual-wiew-7-l-2300-w%2Fp67947&amp;category=seleccion&amp;ecomPostExpiration=perish&amp;postId=115923\" data-vars-affiliate-url=\"https:\/\/www.lidl.es\/es\/salter-freidora-de-aire-dual-wiew-7-l-2300-w\/p67947\"><\/p>\n<p>    <img decoding=\"async\" alt=\"freidora de aire dual Salter\" class=\"centro_sinmarco\" src=\"https:\/\/i.blogs.es\/dc41b7\/proyecto-nuevo---2024-12-17t101821.826\/450_1000.webp\"><br \/>\n     <\/a><\/p><\/div>\n<\/div>\n<p><strong>La freidora de aire dual Salter<\/strong> est\u00e1 en oferta en Lidl por <a rel=\"nofollow, sponsored, noopener, noreferrer\" target=\"_blank\" class=\"js-ecommerce\" id=\"link-ecommerce-41\" href=\"https:\/\/www.xatakahome.com\/redirect?url=https%3A%2F%2Fwww.lidl.es%2Fes%2Fsalter-freidora-de-aire-dual-wiew-7-l-2300-w%2Fp67947&amp;category=seleccion&amp;ecomPostExpiration=perish&amp;postId=115923\" data-vars-affiliate-url=\"https:\/\/www.lidl.es\/es\/salter-freidora-de-aire-dual-wiew-7-l-2300-w\/p67947\" data-id=\"noopener noreferrer\">79,99 euros<\/a>. Adem\u00e1s, con el c\u00f3digo \u2018<strong>ALOSREZAGADOS<\/strong>\u2019 te la puedes llevar con un 10% de descuento extra. Cuenta con una gran capacidad de 7 litros y permite elaborar grandes platos a varias recetas a la vez. Funciona con una <strong>potencia de 2.300 W<\/strong> y cuenta con circulaci\u00f3n de aire de alta velocidad, para cocinar m\u00e1s r\u00e1pido que el horno tradicional.<\/p>\n<p><!-- BREAK 27 --><!-- PIVOT START --><\/p>\n<div class=\"pivot-ecommerce-container m-pivot-ecommerce-redesign article-asset-normal article-asset-center\">\n<div class=\"pivot-ecommerce\">\n<div class=\"pivot-ecommerce-figure\">\n  <a rel=\"nofollow, sponsored, noopener, noreferrer\" target=\"_blank\" href=\"https:\/\/www.xatakahome.com\/redirect?url=https%3A%2F%2Fwww.lidl.es%2Fes%2Fsalter-freidora-de-aire-dual-wiew-7-l-2300-w%2Fp67947&amp;category=seleccion&amp;pivot=1&amp;ecomPostExpiration=perish&amp;postId=115923\"><br \/>\n   <img loading=\"lazy\" decoding=\"async\" alt=\"Salter \u00ae Freidora de aire Dual Wiew 7 L 2300 W\n\" width=\"600\" height=\"600\" src=\"https:\/\/i.blogs.es\/333ebf\/blob\/original.webp\" onerror='this.src=\"https:\/\/i.blogs.es\/333ebf\/blob\/original.jpeg\"'><br \/>\n  <\/a>\n  <\/div>\n<div class=\"pivot-ecommerce-summary\">\n<p class=\"pivot-ecommerce-desc\">Salter \u00ae Freidora de aire Dual Wiew 7 L 2300 W\n<\/p>\n<div class=\"pivot-actions \">\n<div class=\"pivot-actions-row\">\n <a rel=\"nofollow, sponsored, noopener, noreferrer\" target=\"_blank\" data-asin=\"\" data-store=\"\" href=\"https:\/\/www.xatakahome.com\/redirect?url=https%3A%2F%2Fwww.lidl.es%2Fes%2Fsalter-freidora-de-aire-dual-wiew-7-l-2300-w%2Fp67947&amp;category=seleccion&amp;pivot=1&amp;ecomPostExpiration=perish&amp;postId=115923\" title=\"Precio de venta al p\u00fablico a fecha de publicaci\u00f3n\" class=\"pivot-action-btn pivot-action-primary\">PVP en Lidl \u2014 <strong><span class=\"js-deal-price\">79,99<\/span> \u20ac<\/strong><\/a>\n <\/div>\n<\/p><\/div>\n<\/p><\/div>\n<\/p><\/div>\n<div class=\"pivot-link-msg\">* Alg\u00fan precio puede haber cambiado desde la \u00faltima revisi\u00f3n<\/div>\n<\/p><\/div>\n<p><!-- PIVOT END --><\/p>\n<h3>Cubrecolch\u00f3n el\u00e9ctrico<\/h3>\n<div class=\"article-asset-image article-asset-small article-asset-center\">\n<div class=\"asset-content\">\n                    <a rel=\"nofollow, sponsored, noopener, noreferrer\" target=\"_blank\" class=\"js-ecommerce\" id=\"link-ecommerce-42\" href=\"https:\/\/www.xatakahome.com\/redirect?url=https%3A%2F%2Fwww.lidl.es%2Fes%2Fcubrecolchon-electrico-60-w%2Fp70948&amp;category=seleccion&amp;ecomPostExpiration=perish&amp;postId=115923\" data-vars-affiliate-url=\"https:\/\/www.lidl.es\/es\/cubrecolchon-electrico-60-w\/p70948\"><\/p>\n<p>    <img decoding=\"async\" alt=\"cubrecolch\u00f3n el\u00e9ctrico Lidl\" class=\"centro_sinmarco\" src=\"https:\/\/i.blogs.es\/9ef6c7\/proyecto-nuevo---2024-12-10t093129.048\/450_1000.webp\"><br \/>\n     <\/a><\/p><\/div>\n<\/div>\n<p>Con el invierno, uno de los principales temores de todo el mundo es el momento de meterse en la cama sin morirse de fr\u00edo. Ahora, Lidl, le ha puesto soluci\u00f3n con este <strong>cubrecolch\u00f3n el\u00e9ctrico<\/strong>, que est\u00e1 arrasando entre los m\u00e1s frioleros. Su precio es de <a rel=\"nofollow, sponsored, noopener, noreferrer\" target=\"_blank\" class=\"js-ecommerce\" id=\"link-ecommerce-43\" href=\"https:\/\/www.xatakahome.com\/redirect?url=https%3A%2F%2Fwww.lidl.es%2Fes%2Fcubrecolchon-electrico-60-w%2Fp70948&amp;category=seleccion&amp;ecomPostExpiration=perish&amp;postId=115923\" data-vars-affiliate-url=\"https:\/\/www.lidl.es\/es\/cubrecolchon-electrico-60-w\/p70948\" data-id=\"noopener noreferrer\">22,99 euros<\/a>.<\/p>\n<p><!-- BREAK 28 --><!-- PIVOT START --><\/p>\n<div class=\"pivot-ecommerce-container m-pivot-ecommerce-redesign article-asset-normal article-asset-center\">\n<div class=\"pivot-ecommerce\">\n<div class=\"pivot-ecommerce-figure\">\n  <a rel=\"nofollow, sponsored, noopener, noreferrer\" target=\"_blank\" href=\"https:\/\/www.xatakahome.com\/redirect?url=https%3A%2F%2Fwww.lidl.es%2Fes%2Fcubrecolchon-electrico-60-w%2Fp70948&amp;category=seleccion&amp;pivot=1&amp;ecomPostExpiration=perish&amp;postId=115923\"><br \/>\n   <img loading=\"lazy\" decoding=\"async\" alt=\"Cubrecolch\u00f3n el\u00e9ctrico 60 W\n\" width=\"600\" height=\"600\" src=\"https:\/\/i.blogs.es\/995d1e\/blob\/original.webp\" onerror='this.src=\"https:\/\/i.blogs.es\/995d1e\/blob\/original.jpeg\"'><br \/>\n  <\/a>\n  <\/div>\n<div class=\"pivot-ecommerce-summary\">\n<p class=\"pivot-ecommerce-desc\">Cubrecolch\u00f3n el\u00e9ctrico 60 W\n<\/p>\n<div class=\"pivot-actions \">\n<div class=\"pivot-actions-row\">\n <a rel=\"nofollow, sponsored, noopener, noreferrer\" target=\"_blank\" data-asin=\"\" data-store=\"\" href=\"https:\/\/www.xatakahome.com\/redirect?url=https%3A%2F%2Fwww.lidl.es%2Fes%2Fcubrecolchon-electrico-60-w%2Fp70948&amp;category=seleccion&amp;pivot=1&amp;ecomPostExpiration=perish&amp;postId=115923\" title=\"Precio de venta al p\u00fablico a fecha de publicaci\u00f3n\" class=\"pivot-action-btn pivot-action-primary\">PVP en Lidl \u2014 <strong><span class=\"js-deal-price\">22,99<\/span> \u20ac<\/strong><\/a>\n <\/div>\n<\/p><\/div>\n<\/p><\/div>\n<\/p><\/div>\n<div class=\"pivot-link-msg\">* Alg\u00fan precio puede haber cambiado desde la \u00faltima revisi\u00f3n<\/div>\n<\/p><\/div>\n<p><!-- PIVOT END --><\/p>\n<h3>Chimenea el\u00e9ctrica Lidl<\/h3>\n<div class=\"article-asset-image article-asset-small article-asset-center\">\n<div class=\"asset-content\">\n                    <a rel=\"nofollow, sponsored, noopener, noreferrer\" target=\"_blank\" class=\"js-ecommerce\" id=\"link-ecommerce-44\" href=\"https:\/\/www.xatakahome.com\/redirect?url=https%3A%2F%2Fwww.lidl.es%2Fes%2Fchimenea-electrica-1950-w%2Fp49115&amp;category=seleccion&amp;ecomPostExpiration=perish&amp;postId=115923\" data-vars-affiliate-url=\"https:\/\/www.lidl.es\/es\/chimenea-electrica-1950-w\/p49115\"><\/p>\n<p>    <img decoding=\"async\" alt=\"chimenea el\u00e9ctrica de Lidl\" class=\"centro_sinmarco\" src=\"https:\/\/i.blogs.es\/16cea8\/new-project-59-\/450_1000.webp\"><br \/>\n     <\/a><\/p><\/div>\n<\/div>\n<p>Esta <strong>chimenea el\u00e9ctrica de Lidl <\/strong>est\u00e1 de oferta por solo <a rel=\"nofollow, sponsored, noopener, noreferrer\" target=\"_blank\" class=\"js-ecommerce\" id=\"link-ecommerce-45\" href=\"https:\/\/www.xatakahome.com\/redirect?url=https%3A%2F%2Fwww.lidl.es%2Fes%2Fchimenea-electrica-1950-w%2Fp49115&amp;category=seleccion&amp;ecomPostExpiration=perish&amp;postId=115923\" data-vars-affiliate-url=\"https:\/\/www.lidl.es\/es\/chimenea-electrica-1950-w\/p49115\" data-id=\"noopener noreferrer\">59,99 euros<\/a>. Se trata de un modelo con estilo retro y que cuenta con una pantalla LED. En ella, podemos proyectar la<strong> imagen de troncos de le\u00f1a ardiendo<\/strong>. Adem\u00e1s, puedes utilizar dicho efecto solo, sin necesidad de tener que encender el calefactor.<\/p>\n<p><!-- BREAK 29 --><\/p>\n<p>Est\u00e1 disponible en color blanco o negro y funciona con una <strong>potencia de hasta 1.950 W<\/strong>, la cual es regulable hasta en tres niveles. Cuenta tambi\u00e9n con termostato regulable y protecci\u00f3n contra sobrecalentamiento. Sus medidas son muy reducidas, ya que solo mide 38 x 23 x 50 cm.<\/p>\n<p><!-- BREAK 30 --><!-- PIVOT START --><\/p>\n<div class=\"pivot-ecommerce-container m-pivot-ecommerce-redesign article-asset-normal article-asset-center\">\n<div class=\"pivot-ecommerce\">\n<div class=\"pivot-ecommerce-figure\">\n  <a rel=\"nofollow, sponsored, noopener, noreferrer\" target=\"_blank\" href=\"https:\/\/www.xatakahome.com\/redirect?url=https%3A%2F%2Fwww.lidl.es%2Fes%2Fchimenea-electrica-1950-w%2Fp49115&amp;category=seleccion&amp;pivot=1&amp;ecomPostExpiration=perish&amp;postId=115923\"><br \/>\n   <img loading=\"lazy\" decoding=\"async\" alt=\"Chimenea el\u00e9ctrica 1950 W\" width=\"600\" height=\"600\" src=\"https:\/\/i.blogs.es\/dcd314\/blob\/original.webp\" onerror='this.src=\"https:\/\/i.blogs.es\/dcd314\/blob\/original.jpeg\"'><br \/>\n  <\/a>\n  <\/div>\n<div class=\"pivot-ecommerce-summary\">\n<p class=\"pivot-ecommerce-desc\">Chimenea el\u00e9ctrica 1950 W<\/p>\n<div class=\"pivot-actions \">\n<div class=\"pivot-actions-row\">\n <a rel=\"nofollow, sponsored, noopener, noreferrer\" target=\"_blank\" data-asin=\"\" data-store=\"\" href=\"https:\/\/www.xatakahome.com\/redirect?url=https%3A%2F%2Fwww.lidl.es%2Fes%2Fchimenea-electrica-1950-w%2Fp49115&amp;category=seleccion&amp;pivot=1&amp;ecomPostExpiration=perish&amp;postId=115923\" title=\"Precio de venta al p\u00fablico a fecha de publicaci\u00f3n\" class=\"pivot-action-btn pivot-action-primary\">PVP en Lidl \u2014 <strong><span class=\"js-deal-price\">59,99<\/span> \u20ac<\/strong><\/a>\n <\/div>\n<\/p><\/div>\n<\/p><\/div>\n<\/p><\/div>\n<div class=\"pivot-link-msg\">* Alg\u00fan precio puede haber cambiado desde la \u00faltima revisi\u00f3n<\/div>\n<\/p><\/div>\n<p><!-- PIVOT END --><\/p>\n<h3><strong>Gridinlux WiFi Warm 2000<\/strong><\/h3>\n<div class=\"article-asset-image article-asset-small article-asset-center\">\n<div class=\"asset-content\">\n                    <a rel=\"nofollow, sponsored, noopener, noreferrer\" target=\"_blank\" class=\"js-ecommerce\" id=\"link-ecommerce-46\" href=\"https:\/\/www.xatakahome.com\/redirect?url=https%3A%2F%2Fwww.mediamarkt.es%2Fes%2Fproduct%2F_radiador-elctrico-wifi-warm-2000-gridinlux-b-92513994.html&amp;category=seleccion&amp;ecomPostExpiration=perish&amp;postId=115923\" data-vars-affiliate-url=\"https:\/\/www.mediamarkt.es\/es\/product\/_radiador-elctrico-wifi-warm-2000-gridinlux-b-92513994.html\"><\/p>\n<p>    <img decoding=\"async\" alt=\"radiador el\u00e9ctrico Gridinlux WiFi Warm 2000\" class=\"centro_sinmarco\" src=\"https:\/\/i.blogs.es\/99879b\/proyecto-nuevo---2024-12-03t120917.311\/450_1000.webp\"><br \/>\n     <\/a><\/p><\/div>\n<\/div>\n<p>Este radiador el\u00e9ctrico <strong>Gridinlux WiFi Warm 2000<\/strong> est\u00e1 rebajado y se puede conseguir por <a rel=\"nofollow, sponsored, noopener, noreferrer\" target=\"_blank\" class=\"js-ecommerce\" id=\"link-ecommerce-47\" href=\"https:\/\/www.xatakahome.com\/redirect?url=https%3A%2F%2Fwww.mediamarkt.es%2Fes%2Fproduct%2F_radiador-elctrico-wifi-warm-2000-gridinlux-b-92513994.html&amp;category=seleccion&amp;ecomPostExpiration=perish&amp;postId=115923\" data-vars-affiliate-url=\"https:\/\/www.mediamarkt.es\/es\/product\/_radiador-elctrico-wifi-warm-2000-gridinlux-b-92513994.html\" data-id=\"noopener noreferrer\">87,79 euros<\/a>. Destaca su <strong>cubierta de cristal templado moderno<\/strong>, que aporta un toque de distinci\u00f3n a la estancia en la que lo coloques.<\/p>\n<p><!-- BREAK 31 --><\/p>\n<p>Es ultrafino, ligero y compacto, por lo que es muy f\u00e1cil de transportar. Funciona a dos niveles de potencia diferentes: <strong>1.000 y 2.000 W<\/strong>. Adem\u00e1s, ofrece una autogesti\u00f3n eficiente de la temperatura, entre 5 y 40\u00ba C.<\/p>\n<p><!-- BREAK 32 --><!-- PIVOT START --><\/p>\n<div class=\"pivot-ecommerce-container m-pivot-ecommerce-redesign article-asset-normal article-asset-center\">\n<div class=\"pivot-ecommerce\">\n<div class=\"pivot-ecommerce-figure\">\n  <a rel=\"nofollow, sponsored, noopener, noreferrer\" target=\"_blank\" href=\"https:\/\/www.xatakahome.com\/redirect?url=https%3A%2F%2Fwww.mediamarkt.es%2Fes%2Fproduct%2F_radiador-elctrico-wifi-warm-2000-gridinlux-b-92513994.html&amp;category=seleccion&amp;pivot=1&amp;ecomPostExpiration=perish&amp;postId=115923\"><br \/>\n   <img loading=\"lazy\" decoding=\"async\" alt=\"Gridinlux | Radiador El\u00e9ctrico Silencioso Programable | Control M\u00f3vil App y WIFI | 2 Potencias | Resistencia IP24 | Apto para Ba\u00f1os | Homely WiFi Warm 2000W\" width=\"500\" height=\"500\" src=\"https:\/\/i.blogs.es\/a68364\/31djruipmpl._sl500_\/original.webp\" onerror='this.src=\"https:\/\/i.blogs.es\/a68364\/31djruipmpl._sl500_\/original.jpeg\"'><br \/>\n  <\/a>\n  <\/div>\n<div class=\"pivot-ecommerce-summary\">\n<p class=\"pivot-ecommerce-desc\">Gridinlux | Radiador El\u00e9ctrico Silencioso Programable | Control M\u00f3vil App y WIFI | 2 Potencias | Resistencia IP24 | Apto para Ba\u00f1os | Homely WiFi Warm 2000W<\/p>\n<div class=\"pivot-actions \">\n<div class=\"pivot-actions-row\">\n <a rel=\"nofollow, sponsored, noopener, noreferrer\" target=\"_blank\" data-asin=\"\" data-store=\"\" href=\"https:\/\/www.xatakahome.com\/redirect?url=https%3A%2F%2Fwww.mediamarkt.es%2Fes%2Fproduct%2F_radiador-elctrico-wifi-warm-2000-gridinlux-b-92513994.html&amp;category=seleccion&amp;pivot=1&amp;ecomPostExpiration=perish&amp;postId=115923\" title=\"Precio de venta al p\u00fablico a fecha de publicaci\u00f3n\" class=\"pivot-action-btn pivot-action-primary\">PVP en MediaMarkt \u2014 <strong><span class=\"js-deal-price\">89,79<\/span> \u20ac<\/strong><\/a><br \/>\n   <a rel=\"nofollow, sponsored, noopener, noreferrer\" target=\"_blank\" data-asin=\"B0843BS66Q\" data-store=\"Amazon\" href=\"https:\/\/www.xatakahome.com\/redirect?url=https%3A%2F%2Fwww.amazon.es%2Fdp%2FB0843BS66Q%3Ftag%3Dxatakahome-21%26linkCode%3Dogi%26th%3D1%26psc%3D1&amp;category=seleccion&amp;pivot=1&amp;ecomPostExpiration=perish&amp;postId=115923\" title=\"Precio actualizado hoy\" class=\"pivot-action-btn metrics-pivot-btn pivot-action-secondary\">Amazon \u2014 <strong><span class=\"js-deal-price\">89,79<\/span> \u20ac<\/strong><\/a><br \/>\n   <a rel=\"nofollow, sponsored, noopener, noreferrer\" target=\"_blank\" data-asin=\"86275165\" data-store=\"Leroy Merlin\" href=\"https:\/\/www.xatakahome.com\/redirect?url=https%3A%2F%2Fwww.leroymerlin.es%2Fproductos%2Fofertas%2Fblack-friday%2Fblack-friday-calefaccion-y-climatizacion%2Fcalefactores-black-friday%2Fradiador-electrico-convector-cristal-2000w-calefaccion-wifi-app-gridinlux-86275165.html%3FhighlightedOfferCode%3D0fc085d8274c54ddf8c0bfbe54d9aadecf8a39f5&amp;category=seleccion&amp;pivot=1&amp;ecomPostExpiration=perish&amp;postId=115923\" title=\"Precio actualizado hoy\" class=\"pivot-action-btn metrics-pivot-btn pivot-action-secondary\">Leroy Merlin \u2014 <strong><span class=\"js-deal-price\">99,79<\/span> \u20ac<\/strong><\/a>\n <\/div>\n<\/p><\/div>\n<\/p><\/div>\n<\/p><\/div>\n<div class=\"pivot-link-msg\">* Alg\u00fan precio puede haber cambiado desde la \u00faltima revisi\u00f3n<\/div>\n<\/p><\/div>\n<p><!-- PIVOT END --><\/p>\n<h3><strong>Estufa de le\u00f1a Eco Ronde<\/strong><\/h3>\n<div class=\"article-asset-image article-asset-small article-asset-center\">\n<div class=\"asset-content\">\n                    <a rel=\"nofollow, sponsored, noopener, noreferrer\" target=\"_blank\" class=\"js-ecommerce\" id=\"link-ecommerce-48\" href=\"https:\/\/www.xatakahome.com\/redirect?url=https%3A%2F%2Fwww.leroymerlin.es%2Fproductos%2Fcalefaccion-y-climatizacion%2Festufas%2Festufas-de-lena%2Festufa-de-lena-eco-ronde-6-3-kw-negro-92610510.html&amp;category=seleccion&amp;ecomPostExpiration=perish&amp;postId=115923\" data-vars-affiliate-url=\"https:\/\/www.leroymerlin.es\/productos\/calefaccion-y-climatizacion\/estufas\/estufas-de-lena\/estufa-de-lena-eco-ronde-6-3-kw-negro-92610510.html\"><\/p>\n<p>    <img decoding=\"async\" alt=\"Estufa de le\u00f1a ECO RONDE\" class=\"centro_sinmarco\" src=\"https:\/\/i.blogs.es\/28adaf\/proyecto-nuevo---2024-10-21t094500.451\/450_1000.webp\"><br \/>\n     <\/a><\/p><\/div>\n<\/div>\n<p>Aunque a\u00fan no hay temperaturas propias de invierno, este es un buen momento para empezar a pensar en comprar aparatos de climatizaci\u00f3n para esta \u00e9poca del a\u00f1o. Si estabas buscando una <strong>estufa de le\u00f1a Eco Ronde<\/strong> es un chollo en el outlet de Leroy Merlin. Concretamente, puedes comprarla por <a rel=\"nofollow, sponsored, noopener, noreferrer\" target=\"_blank\" class=\"js-ecommerce\" id=\"link-ecommerce-49\" href=\"https:\/\/www.xatakahome.com\/redirect?url=https%3A%2F%2Fwww.leroymerlin.es%2Fproductos%2Fcalefaccion-y-climatizacion%2Festufas%2Festufas-de-lena%2Festufa-de-lena-eco-ronde-6-3-kw-negro-92610510.html&amp;category=seleccion&amp;ecomPostExpiration=perish&amp;postId=115923\" data-vars-affiliate-url=\"https:\/\/www.leroymerlin.es\/productos\/calefaccion-y-climatizacion\/estufas\/estufas-de-lena\/estufa-de-lena-eco-ronde-6-3-kw-negro-92610510.html\" data-id=\"noopener noreferrer\">559 euros<\/a>.<\/p>\n<p><!-- BREAK 33 --><!-- PIVOT START --><\/p>\n<div class=\"pivot-ecommerce-container m-pivot-ecommerce-redesign article-asset-normal article-asset-center\">\n<div class=\"pivot-ecommerce\">\n<div class=\"pivot-ecommerce-figure\">\n  <a rel=\"nofollow, sponsored, noopener, noreferrer\" target=\"_blank\" href=\"https:\/\/www.xatakahome.com\/redirect?url=https%3A%2F%2Fwww.leroymerlin.es%2Fproductos%2Fcalefaccion-y-climatizacion%2Festufas%2Festufas-de-lena%2Festufa-de-lena-eco-ronde-6-3-kw-negro-92610510.html%3FhighlightedOfferCode%3Dc00de60ca60ff1512eef382e52144ee884e84ec9&amp;category=seleccion&amp;pivot=1&amp;ecomPostExpiration=perish&amp;postId=115923\"><br \/>\n   <img loading=\"lazy\" decoding=\"async\" alt=\"EIDER BIOMASA - Ronde - Estufa de Le\u00f1a \" width=\"500\" height=\"500\" src=\"https:\/\/i.blogs.es\/620551\/31bklmeu5vl._sl500_\/original.webp\" onerror='this.src=\"https:\/\/i.blogs.es\/620551\/31bklmeu5vl._sl500_\/original.jpeg\"'><br \/>\n  <\/a>\n  <\/div>\n<div class=\"pivot-ecommerce-summary\">\n<p class=\"pivot-ecommerce-desc\">EIDER BIOMASA &#8211; Ronde &#8211; Estufa de Le\u00f1a <\/p>\n<div class=\"pivot-actions \">\n<div class=\"pivot-actions-row\">\n <a rel=\"nofollow, sponsored, noopener, noreferrer\" target=\"_blank\" data-asin=\"92610510\" data-store=\"Leroy Merlin\" href=\"https:\/\/www.xatakahome.com\/redirect?url=https%3A%2F%2Fwww.leroymerlin.es%2Fproductos%2Fcalefaccion-y-climatizacion%2Festufas%2Festufas-de-lena%2Festufa-de-lena-eco-ronde-6-3-kw-negro-92610510.html%3FhighlightedOfferCode%3Dc00de60ca60ff1512eef382e52144ee884e84ec9&amp;category=seleccion&amp;pivot=1&amp;ecomPostExpiration=perish&amp;postId=115923\" title=\"Precio actualizado hoy\" class=\"pivot-action-btn metrics-pivot-btn pivot-action-primary\">Hoy en Leroy Merlin \u2014 <strong><span class=\"js-deal-price\">559,00<\/span> \u20ac<\/strong><\/a><br \/>\n   <a rel=\"nofollow, sponsored, noopener, noreferrer\" target=\"_blank\" data-asin=\"B0DGB9P2MB\" data-store=\"Amazon\" href=\"https:\/\/www.xatakahome.com\/redirect?url=https%3A%2F%2Fwww.amazon.es%2Fdp%2FB0DGB9P2MB%3Ftag%3Dxatakahome-21%26linkCode%3Dosi%26th%3D1%26psc%3D1&amp;category=seleccion&amp;pivot=1&amp;ecomPostExpiration=perish&amp;postId=115923\" title=\"Precio actualizado hoy\" class=\"pivot-action-btn metrics-pivot-btn pivot-action-secondary\">Amazon \u2014 <strong><span class=\"js-deal-price\">735,00<\/span> \u20ac<\/strong><\/a><br \/>\n   <a rel=\"nofollow, sponsored, noopener, noreferrer\" target=\"_blank\" data-asin=\"001051705200759\" data-store=\"El Corte Ingl\u00e9s\" href=\"https:\/\/www.xatakahome.com\/redirect?url=https%3A%2F%2Fwww.elcorteingles.es%2Fbricor%2FA48416925-estufa-lena-ronde-79-kw%2F&amp;category=seleccion&amp;pivot=1&amp;ecomPostExpiration=perish&amp;postId=115923\" title=\"Precio actualizado hoy\" class=\"pivot-action-btn metrics-pivot-btn pivot-action-secondary\">El Corte Ingl\u00e9s \u2014 <strong><span class=\"js-deal-price\">1.199,00<\/span> \u20ac<\/strong><\/a>\n <\/div>\n<\/p><\/div>\n<\/p><\/div>\n<\/p><\/div>\n<div class=\"pivot-link-msg\">* Alg\u00fan precio puede haber cambiado desde la \u00faltima revisi\u00f3n<\/div>\n<\/p><\/div>\n<p><!-- PIVOT END --><\/p>\n<h3><strong>Secador de ropa rectangular Jocel<\/strong><\/h3>\n<div class=\"article-asset-image article-asset-small article-asset-center\">\n<div class=\"asset-content\">\n                    <a rel=\"nofollow, sponsored, noopener, noreferrer\" target=\"_blank\" class=\"js-ecommerce\" id=\"link-ecommerce-50\" href=\"https:\/\/www.xatakahome.com\/redirect?url=https%3A%2F%2Fwww.leroymerlin.es%2Fproductos%2Fcalefaccion-y-climatizacion%2Fcalefactores-y-radiadores-moviles%2Fsecadores-de-ropa-calienta-camas-y-otras-soluciones-de-calor%2Fsecador-de-ropa-rectangular-jocel-82073771.html&amp;category=seleccion&amp;ecomPostExpiration=perish&amp;postId=115923\" data-vars-affiliate-url=\"https:\/\/www.leroymerlin.es\/productos\/calefaccion-y-climatizacion\/calefactores-y-radiadores-moviles\/secadores-de-ropa-calienta-camas-y-otras-soluciones-de-calor\/secador-de-ropa-rectangular-jocel-82073771.html\"><\/p>\n<p>    <img decoding=\"async\" alt=\"secador de ropa Jocel\" class=\"centro_sinmarco\" src=\"https:\/\/i.blogs.es\/c12847\/proyecto-nuevo-39-\/450_1000.webp\"><br \/>\n     <\/a><\/p><\/div>\n<\/div>\n<p>Con la lluvia presente desde hace unos d\u00edas, es normal que tengamos en mente una de las principales preocupaciones en el hogar: \u00bfC\u00f3mo secar la ropa? Ahora, en Leroy Merlin hemos encontrado este <strong>secador de ropa rectangular Jocel<\/strong> que est\u00e1 arrasando y que cuesta solo <a rel=\"nofollow, sponsored, noopener, noreferrer\" target=\"_blank\" class=\"js-ecommerce\" id=\"link-ecommerce-51\" href=\"https:\/\/www.xatakahome.com\/redirect?url=https%3A%2F%2Fwww.leroymerlin.es%2Fproductos%2Fferreteria-y-seguridad%2Flavado-y-planchado%2Ftendederos%2Ftendedero-electrico%2Fsecador-de-ropa-rectangular-jocel-82073771.html&amp;category=seleccion&amp;ecomPostExpiration=perish&amp;postId=115923\" data-vars-affiliate-url=\"https:\/\/www.leroymerlin.es\/productos\/ferreteria-y-seguridad\/lavado-y-planchado\/tendederos\/tendedero-electrico\/secador-de-ropa-rectangular-jocel-82073771.html\" data-id=\"noopener noreferrer\">74,99 euros<\/a>.<\/p>\n<p><!-- BREAK 34 --><!-- PIVOT START --><\/p>\n<div class=\"pivot-ecommerce-container m-pivot-ecommerce-redesign article-asset-normal article-asset-center\">\n<div class=\"pivot-ecommerce\">\n<div class=\"pivot-ecommerce-figure\">\n  <a rel=\"nofollow, sponsored, noopener, noreferrer\" target=\"_blank\" href=\"https:\/\/www.xatakahome.com\/redirect?url=https%3A%2F%2Fwww.leroymerlin.es%2Fproductos%2Fcalefaccion-y-climatizacion%2Fcalefactores-y-radiadores-moviles%2Fsecadores-de-ropa-calienta-camas-y-otras-soluciones-de-calor%2Fsecador-de-ropa-rectangular-jocel-82073771.html&amp;category=seleccion&amp;pivot=1&amp;ecomPostExpiration=perish&amp;postId=115923\"><br \/>\n   <img loading=\"lazy\" decoding=\"async\" alt=\"Jocel Secador de Ropa JSR002228\" width=\"500\" height=\"500\" src=\"https:\/\/i.blogs.es\/91f303\/3156epxebas._sl500_\/original.webp\" onerror='this.src=\"https:\/\/i.blogs.es\/91f303\/3156epxebas._sl500_\/original.jpeg\"'><br \/>\n  <\/a>\n  <\/div>\n<div class=\"pivot-ecommerce-summary\">\n<p class=\"pivot-ecommerce-desc\">Jocel Secador de Ropa JSR002228<\/p>\n<div class=\"pivot-actions \">\n<div class=\"pivot-actions-row\">\n <a rel=\"nofollow, sponsored, noopener, noreferrer\" target=\"_blank\" data-asin=\"82073771\" data-store=\"Leroy Merlin\" href=\"https:\/\/www.xatakahome.com\/redirect?url=https%3A%2F%2Fwww.leroymerlin.es%2Fproductos%2Fcalefaccion-y-climatizacion%2Fcalefactores-y-radiadores-moviles%2Fsecadores-de-ropa-calienta-camas-y-otras-soluciones-de-calor%2Fsecador-de-ropa-rectangular-jocel-82073771.html&amp;category=seleccion&amp;pivot=1&amp;ecomPostExpiration=perish&amp;postId=115923\" title=\"Precio actualizado hoy\" class=\"pivot-action-btn metrics-pivot-btn pivot-action-primary\">Hoy en Leroy Merlin \u2014 <strong><span class=\"js-deal-price\">74,99<\/span> \u20ac<\/strong><\/a>\n <\/div>\n<\/p><\/div>\n<\/p><\/div>\n<\/p><\/div>\n<div class=\"pivot-link-msg\">* Alg\u00fan precio puede haber cambiado desde la \u00faltima revisi\u00f3n<\/div>\n<\/p><\/div>\n<p><!-- PIVOT END --><\/p>\n<h3><strong>Mi Wi-Fi Range Extender Pro<\/strong><\/h3>\n<div class=\"article-asset-image article-asset-small article-asset-center\">\n<div class=\"asset-content\">\n                    <a rel=\"nofollow, sponsored, noopener, noreferrer\" target=\"_blank\" class=\"js-ecommerce\" id=\"link-ecommerce-52\" href=\"https:\/\/www.xatakahome.com\/redirect?url=https%3A%2F%2Fwww.mi.com%2Fes%2Fproduct%2Fmi-wifi-range-extender-pro%2F&amp;category=seleccion&amp;ecomPostExpiration=perish&amp;postId=115923\" data-vars-affiliate-url=\"https:\/\/www.mi.com\/es\/product\/mi-wifi-range-extender-pro\/\"><\/p>\n<p>    <img decoding=\"async\" alt=\"amplificador WiFi Xiaomi\" class=\"centro_sinmarco\" src=\"https:\/\/i.blogs.es\/806f4a\/proyecto-nuevo-34-\/450_1000.webp\"><br \/>\n     <\/a><\/p><\/div>\n<\/div>\n<p>Seguro que m\u00e1s de una vez, has tenido problemas en la conexi\u00f3n WiFi de tu hogar. Esto es algo para lo que Xiaomi tiene la soluci\u00f3n (y es econ\u00f3mica) ya que ahora est\u00e1 disponible el amplificador <strong>Mi Wi-Fi Range Extender Pro<\/strong> en su tienda online en oferta, por <a rel=\"nofollow, sponsored, noopener, noreferrer\" target=\"_blank\" class=\"js-ecommerce\" id=\"link-ecommerce-53\" href=\"https:\/\/www.xatakahome.com\/redirect?url=https%3A%2F%2Fwww.mi.com%2Fes%2Fproduct%2Fmi-wifi-range-extender-pro%2F&amp;category=seleccion&amp;ecomPostExpiration=perish&amp;postId=115923\" data-vars-affiliate-url=\"https:\/\/www.mi.com\/es\/product\/mi-wifi-range-extender-pro\/\" data-id=\"noopener noreferrer\">12,99 euros<\/a>.<\/p>\n<p><!-- BREAK 35 --><!-- PIVOT START --><\/p>\n<div class=\"pivot-ecommerce-container m-pivot-ecommerce-redesign article-asset-normal article-asset-center\">\n<div class=\"pivot-ecommerce\">\n<div class=\"pivot-ecommerce-figure\">\n  <a rel=\"nofollow, sponsored, noopener, noreferrer\" target=\"_blank\" href=\"https:\/\/www.xatakahome.com\/redirect?url=https%3A%2F%2Fwww.mi.com%2Fes%2Fproduct%2Fmi-wifi-range-extender-pro%2F%3Fskupanel%3D1%26gid%3D4223703853&amp;category=seleccion&amp;pivot=1&amp;ecomPostExpiration=perish&amp;postId=115923\"><br \/>\n   <img loading=\"lazy\" decoding=\"async\" alt=\"Xiaomi\u00ae Amplificador de wifi\n\" width=\"600\" height=\"600\" src=\"https:\/\/i.blogs.es\/51faa6\/blob\/original.webp\" onerror='this.src=\"https:\/\/i.blogs.es\/51faa6\/blob\/original.jpeg\"'><br \/>\n  <\/a>\n  <\/div>\n<div class=\"pivot-ecommerce-summary\">\n<p class=\"pivot-ecommerce-desc\">Xiaomi\u00ae Amplificador de wifi\n<\/p>\n<div class=\"pivot-actions \">\n<div class=\"pivot-actions-row\">\n <a rel=\"nofollow, sponsored, noopener, noreferrer\" target=\"_blank\" data-asin=\"43371\" data-store=\"Xiaomi\" href=\"https:\/\/www.xatakahome.com\/redirect?url=https%3A%2F%2Fwww.mi.com%2Fes%2Fproduct%2Fmi-wifi-range-extender-pro%2F%3Fskupanel%3D1%26gid%3D4223703853&amp;category=seleccion&amp;pivot=1&amp;ecomPostExpiration=perish&amp;postId=115923\" title=\"Precio actualizado hoy\" class=\"pivot-action-btn metrics-pivot-btn pivot-action-primary\">Hoy en Xiaomi \u2014 <strong><span class=\"js-deal-price\">12,99<\/span> \u20ac<\/strong><\/a><br \/>\n   <a rel=\"nofollow, sponsored, noopener, noreferrer\" target=\"_blank\" data-asin=\"10812945\" data-store=\"PcComponentes\" href=\"https:\/\/www.xatakahome.com\/redirect?url=https%3A%2F%2Fwww.pccomponentes.com%2Fxiaomi-mi-wi-fi-range-extender-pro-repetidor-wifi-300mbps&amp;category=seleccion&amp;pivot=1&amp;ecomPostExpiration=perish&amp;postId=115923\" title=\"Precio actualizado hoy\" class=\"pivot-action-btn metrics-pivot-btn pivot-action-secondary\">PcComponentes \u2014 <strong><span class=\"js-deal-price\">14,14<\/span> \u20ac<\/strong><\/a><br \/>\n   <a rel=\"nofollow, sponsored, noopener, noreferrer\" target=\"_blank\" data-asin=\"B0CLP35S4M\" data-store=\"Amazon\" href=\"https:\/\/www.xatakahome.com\/redirect?url=https%3A%2F%2Fwww.amazon.es%2Fdp%2FB0CLP35S4M%3Ftag%3Dxatakahome-21%26linkCode%3Dosi%26th%3D1%26psc%3D1&amp;category=seleccion&amp;pivot=1&amp;ecomPostExpiration=perish&amp;postId=115923\" title=\"Precio actualizado hoy\" class=\"pivot-action-btn metrics-pivot-btn pivot-action-secondary\">Amazon \u2014 <strong><span class=\"js-deal-price\">15,67<\/span> \u20ac<\/strong><\/a>\n <\/div>\n<\/p><\/div>\n<\/p><\/div>\n<\/p><\/div>\n<div class=\"pivot-link-msg\">* Alg\u00fan precio puede haber cambiado desde la \u00faltima revisi\u00f3n<\/div>\n<\/p><\/div>\n<p><!-- PIVOT END --><\/p>\n<h3><strong>Mopa el\u00e9ctrica con bater\u00eda K\u00e4rcher<\/strong><\/h3>\n<div class=\"article-asset-image article-asset-small article-asset-center\">\n<div class=\"asset-content\">\n                    <a rel=\"nofollow, sponsored, noopener, noreferrer\" target=\"_blank\" class=\"js-ecommerce\" id=\"link-ecommerce-54\" href=\"https:\/\/www.xatakahome.com\/redirect?url=https%3A%2F%2Fwww.lidl.es%2Fes%2Fkaercher-mopa-electrica-con-bateria%2Fp50032&amp;category=seleccion&amp;ecomPostExpiration=perish&amp;postId=115923\" data-vars-affiliate-url=\"https:\/\/www.lidl.es\/es\/kaercher-mopa-electrica-con-bateria\/p50032\"><\/p>\n<p>    <img decoding=\"async\" alt=\"mopa el\u00e9ctrica con bater\u00eda K\u00e4rcher\" class=\"centro_sinmarco\" src=\"https:\/\/i.blogs.es\/5b9e1a\/proyecto-nuevo-27-\/450_1000.webp\"><br \/>\n     <\/a><\/p><\/div>\n<\/div>\n<p>Si est\u00e1s harto de pasar la fregona cada vez que ves una mancha en el suelo, Lidl tiene ahora una soluci\u00f3n que pretende jubilar a este instrumento. Se trata de la <strong>mopa el\u00e9ctrica con bater\u00eda K\u00e4rcher<\/strong> que, ahora, adem\u00e1s, se encuentra rebajada a <a rel=\"nofollow, sponsored, noopener, noreferrer\" target=\"_blank\" class=\"js-ecommerce\" id=\"link-ecommerce-55\" href=\"https:\/\/www.xatakahome.com\/redirect?url=https%3A%2F%2Fwww.lidl.es%2Fes%2Fkaercher-mopa-electrica-con-bateria%2Fp50032&amp;category=seleccion&amp;ecomPostExpiration=perish&amp;postId=115923\" data-vars-affiliate-url=\"https:\/\/www.lidl.es\/es\/kaercher-mopa-electrica-con-bateria\/p50032\" data-id=\"noopener noreferrer\">169,99 euros<\/a>.<\/p>\n<p><!-- BREAK 36 --><!-- PIVOT START --><\/p>\n<div class=\"pivot-ecommerce-container m-pivot-ecommerce-redesign article-asset-normal article-asset-center\">\n<div class=\"pivot-ecommerce\">\n<div class=\"pivot-ecommerce-figure\">\n  <a rel=\"nofollow, sponsored, noopener, noreferrer\" target=\"_blank\" href=\"https:\/\/www.xatakahome.com\/redirect?url=https%3A%2F%2Fwww.lidl.es%2Fes%2Fkaercher-mopa-electrica-con-bateria%2Fp50032&amp;category=seleccion&amp;pivot=1&amp;ecomPostExpiration=perish&amp;postId=115923\"><br \/>\n   <img loading=\"lazy\" decoding=\"async\" alt=\"Mopa el\u00e9ctrica con bater\u00eda K\u00e4rcher\" width=\"600\" height=\"600\" src=\"https:\/\/i.blogs.es\/89dfd5\/blob\/original.webp\" onerror='this.src=\"https:\/\/i.blogs.es\/89dfd5\/blob\/original.jpeg\"'><br \/>\n  <\/a>\n  <\/div>\n<div class=\"pivot-ecommerce-summary\">\n<p class=\"pivot-ecommerce-desc\">Mopa el\u00e9ctrica con bater\u00eda K\u00e4rcher<\/p>\n<div class=\"pivot-actions \">\n<div class=\"pivot-actions-row\">\n <a rel=\"nofollow, sponsored, noopener, noreferrer\" target=\"_blank\" data-asin=\"\" data-store=\"\" href=\"https:\/\/www.xatakahome.com\/redirect?url=https%3A%2F%2Fwww.lidl.es%2Fes%2Fkaercher-mopa-electrica-con-bateria%2Fp50032&amp;category=seleccion&amp;pivot=1&amp;ecomPostExpiration=perish&amp;postId=115923\" title=\"Precio de venta al p\u00fablico a fecha de publicaci\u00f3n\" class=\"pivot-action-btn pivot-action-primary\">PVP en Lidl \u2014 <strong><span class=\"js-deal-price\">169,99<\/span> \u20ac<\/strong><\/a>\n <\/div>\n<\/p><\/div>\n<\/p><\/div>\n<\/p><\/div>\n<div class=\"pivot-link-msg\">* Alg\u00fan precio puede haber cambiado desde la \u00faltima revisi\u00f3n<\/div>\n<\/p><\/div>\n<p><!-- PIVOT END --><\/p>\n<h3>Calefactor hal\u00f3geno SilverCrest<\/h3>\n<div class=\"article-asset-image article-asset-small article-asset-center\">\n<div class=\"asset-content\">\n                    <a rel=\"nofollow, sponsored, noopener, noreferrer\" target=\"_blank\" class=\"js-ecommerce\" id=\"link-ecommerce-56\" href=\"https:\/\/www.xatakahome.com\/redirect?url=https%3A%2F%2Fwww.lidl.es%2Fes%2Fcalefactor-halogeno-de-pie-1200-w%2Fp49152&amp;category=seleccion&amp;ecomPostExpiration=perish&amp;postId=115923\" data-vars-affiliate-url=\"https:\/\/www.lidl.es\/es\/calefactor-halogeno-de-pie-1200-w\/p49152\"><\/p>\n<p>    <img decoding=\"async\" alt=\"calefactor hal\u00f3geno SilverCrest\" class=\"centro_sinmarco\" src=\"https:\/\/i.blogs.es\/05d743\/proyecto-nuevo-6-\/450_1000.webp\"><br \/>\n     <\/a><\/p><\/div>\n<\/div>\n<p>El invierno est\u00e1 a la vuelta de la esquina y es por eso por lo que es el momento perfecto para prepara nuestro hogar frente a las g\u00e9lidas temperaturas. Ahora, en Lidl, hemos encontrado este <strong>calefactor hal\u00f3geno de pie SilverCrest<\/strong> que est\u00e1 en oferta disponible por <a rel=\"nofollow, sponsored, noopener, noreferrer\" target=\"_blank\" class=\"js-ecommerce\" id=\"link-ecommerce-57\" href=\"https:\/\/www.xatakahome.com\/redirect?url=https%3A%2F%2Fwww.lidl.es%2Fes%2Fcalefactor-halogeno-de-pie-1200-w%2Fp49152&amp;category=seleccion&amp;ecomPostExpiration=perish&amp;postId=115923\" data-vars-affiliate-url=\"https:\/\/www.lidl.es\/es\/calefactor-halogeno-de-pie-1200-w\/p49152\" data-id=\"noopener noreferrer\">69,99 euros<\/a>.<\/p>\n<p><!-- BREAK 37 --><!-- PIVOT START --><\/p>\n<div class=\"pivot-ecommerce-container m-pivot-ecommerce-redesign article-asset-normal article-asset-center\">\n<div class=\"pivot-ecommerce\">\n<div class=\"pivot-ecommerce-figure\">\n  <a rel=\"nofollow, sponsored, noopener, noreferrer\" target=\"_blank\" href=\"https:\/\/www.xatakahome.com\/redirect?url=https%3A%2F%2Fwww.lidl.es%2Fes%2Fcalefactor-halogeno-de-pie-1200-w%2Fp49152&amp;category=seleccion&amp;pivot=1&amp;ecomPostExpiration=perish&amp;postId=115923\"><br \/>\n   <img loading=\"lazy\" decoding=\"async\" alt=\"Calefactor hal\u00f3geno de pie 1200 W\" width=\"600\" height=\"600\" src=\"https:\/\/i.blogs.es\/9e319d\/blob\/original.webp\" onerror='this.src=\"https:\/\/i.blogs.es\/9e319d\/blob\/original.jpeg\"'><br \/>\n  <\/a>\n  <\/div>\n<div class=\"pivot-ecommerce-summary\">\n<p class=\"pivot-ecommerce-desc\">Calefactor hal\u00f3geno de pie 1200 W<\/p>\n<div class=\"pivot-actions \">\n<div class=\"pivot-actions-row\">\n <a rel=\"nofollow, sponsored, noopener, noreferrer\" target=\"_blank\" data-asin=\"\" data-store=\"\" href=\"https:\/\/www.xatakahome.com\/redirect?url=https%3A%2F%2Fwww.lidl.es%2Fes%2Fcalefactor-halogeno-de-pie-1200-w%2Fp49152&amp;category=seleccion&amp;pivot=1&amp;ecomPostExpiration=perish&amp;postId=115923\" title=\"Precio de venta al p\u00fablico a fecha de publicaci\u00f3n\" class=\"pivot-action-btn pivot-action-primary\">PVP en Lidl \u2014 <strong><span class=\"js-deal-price\">69,99<\/span> \u20ac<\/strong><\/a>\n <\/div>\n<\/p><\/div>\n<\/p><\/div>\n<\/p><\/div>\n<div class=\"pivot-link-msg\">* Alg\u00fan precio puede haber cambiado desde la \u00faltima revisi\u00f3n<\/div>\n<\/p><\/div>\n<p><!-- PIVOT END --><\/p>\n<h3><strong>Enchufe inteligente GHome ESP8285 Wlan<\/strong><\/h3>\n<div class=\"article-asset-image article-asset-small article-asset-center\">\n<div class=\"asset-content\">\n                    <a rel=\"nofollow, sponsored, noopener, noreferrer\" target=\"_blank\" class=\"js-ecommerce\" id=\"link-ecommerce-58\" href=\"https:\/\/www.xatakahome.com\/redirect?url=https%3A%2F%2Fwww.amazon.es%2Fdp%2FB09Q5K34NV&amp;category=seleccion&amp;ecomPostExpiration=perish&amp;postId=115923\" data-vars-affiliate-url=\"https:\/\/www.amazon.es\/dp\/B09Q5K34NV\"><\/p>\n<p>    <img decoding=\"async\" alt=\"enchufe inteligente GHome ESP8285 Wlan\" class=\"centro_sinmarco\" src=\"https:\/\/i.blogs.es\/baa62c\/proyecto-nuevo-13-\/450_1000.webp\"><br \/>\n     <\/a><\/p><\/div>\n<\/div>\n<p>El precio de la luz cada vez es m\u00e1s elevado, por lo que ahorrar en la factura es una prioridad para muchos. Si no sabes c\u00f3mo hacerlo, puedes empezar a domotizar tu hogar. A ello puede ayudarte este <strong>enchufe inteligente GHome ESP8285 Wlan<\/strong> que est\u00e1 en oferta en Amazon por <a rel=\"nofollow, sponsored, noopener, noreferrer\" target=\"_blank\" class=\"js-ecommerce\" id=\"link-ecommerce-59\" href=\"https:\/\/www.xatakahome.com\/redirect?url=https%3A%2F%2Fwww.amazon.es%2Fdp%2FB09Q5K34NV&amp;category=seleccion&amp;ecomPostExpiration=perish&amp;postId=115923\" data-vars-affiliate-url=\"https:\/\/www.amazon.es\/dp\/B09Q5K34NV\" data-id=\"noopener noreferrer\">8,99 euros<\/a>.<\/p>\n<p><!-- BREAK 38 --><!-- PIVOT START --><\/p>\n<div class=\"pivot-ecommerce-container m-pivot-ecommerce-redesign article-asset-normal article-asset-center\">\n<div class=\"pivot-ecommerce\">\n<div class=\"pivot-ecommerce-figure\">\n  <a rel=\"nofollow, sponsored, noopener, noreferrer\" target=\"_blank\" href=\"https:\/\/www.xatakahome.com\/redirect?url=https%3A%2F%2Fwww.amazon.es%2Fdp%2FB09Q5K34NV%3Ftag%3Dxatakahome-21%26linkCode%3Dogi%26th%3D1%26psc%3D1&amp;category=seleccion&amp;pivot=1&amp;ecomPostExpiration=perish&amp;postId=115923\"><br \/>\n   <img loading=\"lazy\" decoding=\"async\" alt=\"Enchufe inteligente GHome ESP8285 Wlan\" width=\"500\" height=\"500\" src=\"https:\/\/i.blogs.es\/f1aadd\/41ojanfpcsl._sl500_\/original.webp\" onerror='this.src=\"https:\/\/i.blogs.es\/f1aadd\/41ojanfpcsl._sl500_\/original.jpeg\"'><br \/>\n  <\/a>\n  <\/div>\n<div class=\"pivot-ecommerce-summary\">\n<p class=\"pivot-ecommerce-desc\">Enchufe inteligente GHome ESP8285 Wlan<\/p>\n<div class=\"pivot-actions \">\n<div class=\"pivot-actions-row\">\n <a rel=\"nofollow, sponsored, noopener, noreferrer\" target=\"_blank\" data-asin=\"B09Q5K34NV\" data-store=\"Amazon\" href=\"https:\/\/www.xatakahome.com\/redirect?url=https%3A%2F%2Fwww.amazon.es%2Fdp%2FB09Q5K34NV%3Ftag%3Dxatakahome-21%26linkCode%3Dogi%26th%3D1%26psc%3D1&amp;category=seleccion&amp;pivot=1&amp;ecomPostExpiration=perish&amp;postId=115923\" title=\"Precio actualizado hoy\" class=\"pivot-action-btn metrics-pivot-btn pivot-action-primary\">Hoy en Amazon \u2014 <strong><span class=\"js-deal-price\">8,99<\/span> \u20ac<\/strong><\/a>\n <\/div>\n<\/p><\/div>\n<\/p><\/div>\n<\/p><\/div>\n<div class=\"pivot-link-msg\">* Alg\u00fan precio puede haber cambiado desde la \u00faltima revisi\u00f3n<\/div>\n<\/p><\/div>\n<p><!-- PIVOT END --><\/p>\n<div class=\"article-asset-video article-asset-normal\">\n<div class=\"asset-content\">\n<div class=\"base-asset-video\">\n<div class=\"js-dailymotion\">\n    <script type=\"application\/json\">\n                          {\"videoId\":\"x7zmt9g\",\"autoplay\":true,\"title\":\"Antes de comprar una TV por menos de 500\u20ac \u00a1mira esto! - CARACTER\u00cdSTICAS DE LA TELEVISI\u00d3N PERFECTA\", \"tag\":\"tv\"}\n                  <\/script>\n   <\/div>\n<\/p><\/div>\n<\/p><\/div>\n<\/div>\n<h2>M\u00e1s ofertas<\/h2>\n<p>Y si tras todo esto nuestra secci\u00f3n de los viernes se te queda corta, puedes estar al d\u00eda y en cada momento informado de las principales ofertas y novedades de Xataka Selecci\u00f3n en nuestro canal de <a rel=\"noopener, noreferrer\" href=\"https:\/\/t.me\/xatakaseleccion\">Telegram<\/a> o en nuestros perfiles de <a rel=\"noopener, noreferrer\" href=\"https:\/\/twitter.com\/xatakaseleccion\">Twitter<\/a>, <a rel=\"noopener, noreferrer\" href=\"https:\/\/www.facebook.com\/XatakaSeleccion\/\">Facebook<\/a> y la revista <a rel=\"noopener, noreferrer\" href=\"https:\/\/flipboard.com\/@xataka\/cazando-gangas-4tsdshjjz\">Flipboard<\/a>. Puedes echar un vistazo tambi\u00e9n a los cazando gangas de <a href=\"https:\/\/www.xatakamovil.com\/tag\/cazando-gangas\">Xataka M\u00f3vil<\/a>, <a href=\"https:\/\/www.xatakandroid.com\/tag\/cazando-gangas\">Xataka Android<\/a>, <a href=\"https:\/\/www.xatakafoto.com\/tag\/cazando-gangas\">Xataka Foto<\/a>, <a href=\"https:\/\/www.vidaextra.com\/tag\/cazando-gangas\">Vida Extra<\/a>, <a href=\"https:\/\/www.espinof.com\/tag\/cazando-gangas\">Espinof<\/a> y <a href=\"https:\/\/www.applesfera.com\/tag\/cazando-gangas-applesfera\">Applesfera<\/a>, as\u00ed como con nuestros compa\u00f1eros de <a href=\"https:\/\/www.compradiccion.com\/\">Compradicci\u00f3n<\/a>. Puedes ver todas las gangas que publican en <a rel=\"noopener, noreferrer\" href=\"http:\/\/twitter.com\/compradiccion_\">Twitter<\/a> y <a rel=\"noopener, noreferrer\" href=\"https:\/\/www.facebook.com\/Compradiccion\/\">Facebook<\/a>, e incluso suscribirte a sus avisos v\u00eda <a rel=\"noopener, noreferrer\" href=\"http:\/\/telegram.me\/compradiccion\">Telegram<\/a>.<\/p>\n<p><!-- BREAK 39 --><\/p>\n<p><em>Nota: Algunos de los enlaces de este art\u00edculo son afiliados y pueden reportar un beneficio a Xataka Home<\/em><\/p>\n<p><script>\n (function() {\n  window._JS_MODULES = window._JS_MODULES || {};\n  var headElement = document.getElementsByTagName('head')[0];\n  if (_JS_MODULES.instagram) {\n   var instagramScript = document.createElement('script');\n   instagramScript.src = 'https:\/\/platform.instagram.com\/en_US\/embeds.js';\n   instagramScript.async = true;\n   instagramScript.defer = true;\n   headElement.appendChild(instagramScript);\n  }\n })();\n<\/script><\/p>\n<p> &#8211; <br \/> La noticia<br \/>\n      <a href=\"https:\/\/www.xatakahome.com\/seleccion\/rebajas-enero-llegan-mejores-descuentos-smart-tv-barras-sonido-calefaccion-hogar-conectado-cazando-gangas?utm_source=feedburner&amp;utm_medium=feed&amp;utm_campaign=10_Jan_2025\"><br \/>\n       <em> Las rebajas de enero llegan con los mejores descuentos en Smart TV, barras de sonido, calefacci\u00f3n, hogar conectado y m\u00e1s: Cazando gangas  <\/em><br \/>\n      <\/a><br \/>\n      fue publicada originalmente en<br \/>\n      <a href=\"https:\/\/www.xatakahome.com\/?utm_source=feedburner&amp;utm_medium=feed&amp;utm_campaign=10_Jan_2025\"><br \/>\n       <strong> Xataka Smart Home <\/strong><br \/>\n      <\/a><br \/>\n             por <a href=\"https:\/\/www.xatakahome.com\/autor\/paco-rodriguez?utm_source=feedburner&amp;utm_medium=feed&amp;utm_campaign=10_Jan_2025\"><br \/>\n        Paco Rodriguez<br \/>\n       <\/a><br \/>\n      . <\/p>\n<\/div>\n","protected":false},"excerpt":{"rendered":"<p>Ha llegado el viernes, el d\u00eda ideal para repasar los descuentos en televisores inteligentes, equipos y barras de sonido, dispositivos para el hogar conectado y m\u00e1s. Comienza nuestro Cazando gangas. Televisores, proyectores, multimedia y barras de sonido Hisense U8N El Hisense U8N es uno de los mejores televisores de 2024, el nuevo modelo de gama &hellip; <a href=\"https:\/\/domosistemas.com\/?p=27053\" class=\"more-link\">Sigue leyendo <span class=\"screen-reader-text\">Las rebajas de enero llegan con los mejores descuentos en Smart TV, barras de sonido, calefacci\u00f3n, hogar conectado y m\u00e1s: Cazando gangas<\/span><\/a><\/p>\n","protected":false},"author":1,"featured_media":0,"comment_status":"closed","ping_status":"closed","sticky":false,"template":"","format":"standard","meta":{"footnotes":""},"categories":[8],"tags":[],"class_list":["post-27053","post","type-post","status-publish","format-standard","hentry","category-xataka"],"_links":{"self":[{"href":"https:\/\/domosistemas.com\/index.php?rest_route=\/wp\/v2\/posts\/27053","targetHints":{"allow":["GET"]}}],"collection":[{"href":"https:\/\/domosistemas.com\/index.php?rest_route=\/wp\/v2\/posts"}],"about":[{"href":"https:\/\/domosistemas.com\/index.php?rest_route=\/wp\/v2\/types\/post"}],"author":[{"embeddable":true,"href":"https:\/\/domosistemas.com\/index.php?rest_route=\/wp\/v2\/users\/1"}],"replies":[{"embeddable":true,"href":"https:\/\/domosistemas.com\/index.php?rest_route=%2Fwp%2Fv2%2Fcomments&post=27053"}],"version-history":[{"count":0,"href":"https:\/\/domosistemas.com\/index.php?rest_route=\/wp\/v2\/posts\/27053\/revisions"}],"wp:attachment":[{"href":"https:\/\/domosistemas.com\/index.php?rest_route=%2Fwp%2Fv2%2Fmedia&parent=27053"}],"wp:term":[{"taxonomy":"category","embeddable":true,"href":"https:\/\/domosistemas.com\/index.php?rest_route=%2Fwp%2Fv2%2Fcategories&post=27053"},{"taxonomy":"post_tag","embeddable":true,"href":"https:\/\/domosistemas.com\/index.php?rest_route=%2Fwp%2Fv2%2Ftags&post=27053"}],"curies":[{"name":"wp","href":"https:\/\/api.w.org\/{rel}","templated":true}]}}