{"id":27081,"date":"2025-01-13T15:33:48","date_gmt":"2025-01-13T15:33:48","guid":{"rendered":"https:\/\/domosistemas.com\/?p=27081"},"modified":"2025-01-13T15:33:48","modified_gmt":"2025-01-13T15:33:48","slug":"la-subida-de-precios-de-movistar-para-2025-es-efectiva-a-partir-de-hoy-asi-quedan-todos-los-planes","status":"publish","type":"post","link":"https:\/\/domosistemas.com\/?p=27081","title":{"rendered":"La subida de precios de Movistar para 2025 es efectiva a partir de hoy: as\u00ed quedan todos los planes"},"content":{"rendered":"<div>\n<p>\n      <img decoding=\"async\" src=\"https:\/\/i.blogs.es\/c72089\/original\/1024_2000.jpeg\" alt=\"La subida de precios de Movistar para 2025 es efectiva a partir de hoy: as\u00ed quedan todos los planes\">\n    <\/p>\n<p>Tal y como <a class=\"text-outboundlink\" href=\"https:\/\/www.xatakahome.com\/la-red-local\/movistar-anuncia-nueva-subida-precio-sus-tarifas-para-2025-asi-quedan-todos-sus-planes-a-partir-enero\" data-vars-post-title=\"Movistar anuncia una nueva subida de precio en sus tarifas para 2025: as\u00ed quedan todos sus planes a partir de enero \" data-vars-post-url=\"https:\/\/www.xatakahome.com\/la-red-local\/movistar-anuncia-nueva-subida-precio-sus-tarifas-para-2025-asi-quedan-todos-sus-planes-a-partir-enero\">adelant\u00e1bamos<\/a> el pasado mes de noviembre, <strong>Movistar iba a subir el precio de todas sus tarifas<\/strong> a comienzos de a\u00f1o. Lamentablemente, esta situaci\u00f3n se ha convertido en una norma, con otras operadoras como <a class=\"text-outboundlink\" href=\"https:\/\/www.xatakamovil.com\/vodafone\/nueva-vodafone-tambien-subira-tarifas-2025-no-para-todos-sus-clientes\" data-vars-post-title=\"La nueva Vodafone tambi\u00e9n subir\u00e1 precios en 2025, aunque no para todos sus clientes\" data-vars-post-url=\"https:\/\/www.xatakamovil.com\/vodafone\/nueva-vodafone-tambien-subira-tarifas-2025-no-para-todos-sus-clientes\">Vodafone<\/a> y <a class=\"text-outboundlink\" href=\"https:\/\/www.xatakamovil.com\/yoigo\/yoigo-sube-precios-gigas-asi-quedan-nuevas-tarifas-fibra-movil-al-completo\" data-vars-post-title=\"Yoigo sube precios y gigas: as\u00ed quedan las nuevas tarifas de fibra y m\u00f3vil al completo\" data-vars-post-url=\"https:\/\/www.xatakamovil.com\/yoigo\/yoigo-sube-precios-gigas-asi-quedan-nuevas-tarifas-fibra-movil-al-completo\">Yoigo<\/a> que tambi\u00e9n se han sumado a esta estrategia.<\/p>\n<p><!-- BREAK 1 --><\/p>\n<p>A pesar de que Movistar comenz\u00f3 a avisar a sus clientes el pasado mes de noviembre, no ha sido hasta hoy mismo, 13 de enero, cuando <a class=\"text-outboundlink\" href=\"https:\/\/www.xataka.com\/servicios\/entra-vigor-subida-precios-movistar-para-2025-estas-todas-tarifas-afectadas-a-partir-hoy\" data-vars-post-title=\"Entra en vigor la subida de precios de Movistar para 2025: estas son todas las tarifas afectadas a partir de hoy \" data-vars-post-url=\"https:\/\/www.xataka.com\/servicios\/entra-vigor-subida-precios-movistar-para-2025-estas-todas-tarifas-afectadas-a-partir-hoy\">han entrado en vigor todas las subidas<\/a>. Si eres cliente de Movistar y todo esto te ha pillado por sorpresa, bajo estas l\u00edneas te contamos <strong>todos los cambios en las tarifas de fibra, m\u00f3vil y televisi\u00f3n<\/strong> de la compa\u00f1\u00eda.<\/p>\n<p><!-- BREAK 2 --><\/p>\n<div class=\"toc-container article-asset-normal\">\n<details>\n<summary class=\"toc-header \">\n   <span class=\"toc-heading\"><br \/>\n    <span>\u00cdndice de Contenidos (4)<\/span><br \/>\n   <\/span><br \/>\n   <span class=\"icon-folded\"><\/span><br \/>\n  <\/summary>\n<\/details>\n<div class=\"toc-list-wrap \">\n<div class=\"toc-list-item\">\n<ul class=\"toc-list\">\n<li class=\"toc-item\">\n       <a href=\"https:\/\/www.xatakahome.com\/la-red-local\/subida-precios-movistar-para-2025-queda-efectiva-a-partir-hoy-asi-quedan-todos-planes#subidas-movistar-que-entran-vigor-hoy-13-enero-1\" class=\"toc-item-link\">Subidas de Movistar que entran en vigor hoy 13 de enero<\/a>\n      <\/li>\n<li class=\"toc-item\">\n       <a href=\"https:\/\/www.xatakahome.com\/la-red-local\/subida-precios-movistar-para-2025-queda-efectiva-a-partir-hoy-asi-quedan-todos-planes#subida-precios-tarifas-solo-fibra-solo-movil-2\" class=\"toc-item-link\">Subida de precios de las tarifas S\u00f3lo Fibra y S\u00f3lo M\u00f3vil<\/a>\n      <\/li>\n<li class=\"toc-item\">\n       <a href=\"https:\/\/www.xatakahome.com\/la-red-local\/subida-precios-movistar-para-2025-queda-efectiva-a-partir-hoy-asi-quedan-todos-planes#subida-precios-tarifas-mimovistar-3\" class=\"toc-item-link\">Subida de precios de las tarifas miMovistar<\/a>\n      <\/li>\n<li class=\"toc-item\">\n       <a href=\"https:\/\/www.xatakahome.com\/la-red-local\/subida-precios-movistar-para-2025-queda-efectiva-a-partir-hoy-asi-quedan-todos-planes#subida-precio-tarifas-movistar-plus-4\" class=\"toc-item-link\">Subida de precio en las tarifas de Movistar Plus+<\/a>\n      <\/li>\n<\/ul><\/div>\n<\/p><\/div>\n<\/div>\n<h2 id=\"subidas-movistar-que-entran-vigor-hoy-13-enero-1\" class=\"toc-enabled\"><span class=\"toc-shortcut-icon\" title=\"Ver \u00cdndice de contenido\"><\/span>Subidas de Movistar que entran en vigor hoy 13 de enero<\/h2>\n<p>Para Movistar, el incremento en los precios de sus tarifas ha sido necesario debido al aumento en los costes de los proveedores de televisi\u00f3n (como <a class=\"text-outboundlink\" href=\"https:\/\/www.xatakahome.com\/servicios-de-smart-tv\/netflix-sube-precio-espana-hoy-al-tiempo-que-anuncia-record-beneficios\" data-vars-post-title=\"Netflix sube de precio en Espa\u00f1a desde hoy mismo: uno de sus planes ser\u00e1 un 27% m\u00e1s caro\" data-vars-post-url=\"https:\/\/www.xatakahome.com\/servicios-de-smart-tv\/netflix-sube-precio-espana-hoy-al-tiempo-que-anuncia-record-beneficios\">las subidas de precio de Netflix<\/a>), y como justificaci\u00f3n para las mejoras que la compa\u00f1\u00eda dice haber aplicado durante 2024.<\/p>\n<p><!-- BREAK 3 --><\/p>\n<p>La subida de precio en las tarifas de Movistar afecta a algunos planes de fibra, m\u00f3vil y otras tantas tarifas que combinan estas vertientes junto a su oferta de televisi\u00f3n a trav\u00e9s de los paquetes de miMovistar. De esta forma, <strong>dependiendo de qu\u00e9 planes y paquetes tengamos contratados en casa, pagaremos m\u00e1s o menos<\/strong> en nuestra factura. Bajo estas l\u00edneas te dejamos con todas las subidas.<\/p>\n<p><!-- BREAK 4 --><\/p>\n<div class=\"article-asset-video article-asset-normal\">\n<div class=\"asset-content\">\n<div class=\"base-asset-video\">\n<div class=\"js-dailymotion\">\n    <script type=\"application\/json\">\n                          {\"videoId\":\"x7zmxm2\",\"autoplay\":true,\"title\":\"CONSEJOS para elegir LA MEJOR TARIFA de FIBRA y MO\u0301VIL\", \"tag\":\"\", \"duration\":\"274\"}\n                  <\/script>\n   <\/div>\n<\/p><\/div>\n<\/p><\/div>\n<\/div>\n<h2 id=\"subida-precios-tarifas-solo-fibra-solo-movil-2\" class=\"toc-enabled\"><span class=\"toc-shortcut-icon\" title=\"Ver \u00cdndice de contenido\"><\/span>Subida de precios de las tarifas S\u00f3lo Fibra y S\u00f3lo M\u00f3vil<\/h2>\n<ul>\n<li><strong>Movistar S\u00f3lo Fibra 300 Mbps<\/strong>: sube de 31,90 a 34 euros al mes (2,10 euros m\u00e1s al mes).<\/li>\n<li><strong>Movistar S\u00f3lo Fibra 600 Mbps<\/strong>: sube de 35,90 a 38 euros al mes (2,10 euros m\u00e1s al mes).<\/li>\n<li><strong>Movistar S\u00f3lo Fibra 1 Gbps<\/strong>: sube de 45,90 a 48 euros al mes (2,10 euros m\u00e1s al mes).<\/li>\n<li><strong>Movistar S\u00f3lo M\u00f3vil 20 GB<\/strong>: sube de 16,95 a 18 euros al mes (1,05 euros m\u00e1s al mes).<\/li>\n<li><strong>Movistar S\u00f3lo M\u00f3vil 50 GB<\/strong>: sube de 27,95 a 29 euros al mes (1,05 euros m\u00e1s al mes).<\/li>\n<li><strong>Movistar S\u00f3lo M\u00f3vil Ilimitada<\/strong>: sube de 36,95 a 38 euros al mes (1,05 euros m\u00e1s al mes).<\/li>\n<li><strong>Movistar S\u00f3lo M\u00f3vil Dos l\u00edneas Ilimitadas<\/strong>: sube de 49,95 a 51 euros al mes (1,05 euros m\u00e1s al mes).<\/li>\n<li><strong>L\u00ednea adicional 20 GB<\/strong>: sube de 7,90 a 8 euros al mes (10 c\u00e9ntimos m\u00e1s al mes).<\/li>\n<li><strong>L\u00ednea adicional 50 GB<\/strong>: sube de 15,90 a 16 euros al mes (10 c\u00e9ntimos m\u00e1s al mes).<\/li>\n<li><strong>L\u00ednea adicional Ilimitada<\/strong>: sube de 20,90 a 21 euros al mes (10 c\u00e9ntimos m\u00e1s al mes).<\/li>\n<\/ul>\n<p>Adem\u00e1s de esta subida en las tarifas de m\u00f3vil, el establecimiento de llamada en aquellas tarifas donde no se incluye <strong>pasar\u00e1 de 35 a 55 c\u00e9ntimos<\/strong> para llamar de fijo a m\u00f3vil y 50 c\u00e9ntimos para llamar entre m\u00f3viles.<\/p>\n<p><!-- BREAK 5 --><\/p>\n<div class=\"article-asset article-asset-normal article-asset-center\">\n<div class=\"desvio-container\">\n<div class=\"desvio\">\n<div class=\"desvio-figure js-desvio-figure\">\n    <a href=\"https:\/\/www.xatakahome.com\/servicios-de-smart-tv\/nuevos-canales-tv-movistar-plus-tienen-fecha-nombre-estos-que-llegan-que-desaparece-su-parrilla\" class=\"pivot-outboundlink\" data-vars-post-title=\"Los nuevos canales de TV de Movistar Plus+ ya tienen fecha y nombre: estos son los que llegan y el que desaparece de su parrilla \"><br \/>\n     <img loading=\"lazy\" decoding=\"async\" alt=\"Los nuevos canales de TV de Movistar Plus+ ya tienen fecha y nombre: estos son los que llegan y el que desaparece de su parrilla \" width=\"375\" height=\"142\" src=\"https:\/\/i.blogs.es\/403349\/movistar\/375_142.webp\" onerror='this.src=\"https:\/\/i.blogs.es\/403349\/movistar\/375_142.jpeg\"'><br \/>\n    <\/a>\n   <\/div>\n<div class=\"desvio-summary\">\n<div class=\"desvio-taxonomy js-desvio-taxonomy\">\n     <a href=\"https:\/\/www.xatakahome.com\/servicios-de-smart-tv\/nuevos-canales-tv-movistar-plus-tienen-fecha-nombre-estos-que-llegan-que-desaparece-su-parrilla\" class=\"desvio-taxonomy-anchor pivot-outboundlink\" data-vars-post-title=\"Los nuevos canales de TV de Movistar Plus+ ya tienen fecha y nombre: estos son los que llegan y el que desaparece de su parrilla \">En Xataka Smart Home<\/a>\n    <\/div>\n<p>    <a href=\"https:\/\/www.xatakahome.com\/servicios-de-smart-tv\/nuevos-canales-tv-movistar-plus-tienen-fecha-nombre-estos-que-llegan-que-desaparece-su-parrilla\" class=\"desvio-title js-desvio-title pivot-outboundlink\" data-vars-post-title=\"Los nuevos canales de TV de Movistar Plus+ ya tienen fecha y nombre: estos son los que llegan y el que desaparece de su parrilla \">Los nuevos canales de TV de Movistar Plus+ ya tienen fecha y nombre: estos son los que llegan y el que desaparece de su parrilla <\/a>\n   <\/div>\n<\/p><\/div>\n<\/p><\/div>\n<\/div>\n<h2 id=\"subida-precios-tarifas-mimovistar-3\" class=\"toc-enabled\"><span class=\"toc-shortcut-icon\" title=\"Ver \u00cdndice de contenido\"><\/span>Subida de precios de las tarifas miMovistar<\/h2>\n<ul>\n<li><strong>miMovistar Base<\/strong>: sube de 52,90 a 53 euros al mes (10 c\u00e9ntimos m\u00e1s al mes).<\/li>\n<li><strong>miMovistar Max<\/strong>: sube de 59,90 a 63 euros al mes (3,10 euros m\u00e1s al mes).<\/li>\n<li><strong>miMovistar Ilimitado<\/strong>: sube de 76,90 a 80 euros al mes (3,10 euros m\u00e1s al mes).<\/li>\n<li><strong>miMovistar Ilimitado x2<\/strong>: sube de 93,90 a 96 euros al mes (2,10 euros m\u00e1s al mes).<\/li>\n<li><strong>miMovistar Ilimitado x4<\/strong>: sube de 123,90 a 126 euros al mes (2,10 euros m\u00e1s al mes).<\/li>\n<li><strong>Fibra FTTR<\/strong>: sube de 9,90 a 10 euros al mes (10 c\u00e9ntimos m\u00e1s al mes).<\/li>\n<\/ul>\n<h2 id=\"subida-precio-tarifas-movistar-plus-4\" class=\"toc-enabled\"><span class=\"toc-shortcut-icon\" title=\"Ver \u00cdndice de contenido\"><\/span>Subida de precio en las tarifas de Movistar Plus+<\/h2>\n<ul>\n<li><strong>Movistar Plus+ con decodificador incluido<\/strong>: sube de 12 a 13 euros al mes (1 euro m\u00e1s al mes). La OTT de Movistar Plus+ por 9,99 euros al mes para clientes de cualquier operador, por el momento, se queda como est\u00e1.<\/li>\n<li><strong>Paquete LaLiga<\/strong>: sube de 32 a 35 euros al mes (3 euros m\u00e1s al mes).<\/li>\n<li><strong>Paquete Champions<\/strong>: sube de 21 a 23 euros al mes (2 euros m\u00e1s al mes).<\/li>\n<li><strong>Paquete F\u00fatbol Total<\/strong>: sube de 45 a 49 euros al mes (4 euros m\u00e1s al mes).<\/li>\n<li><strong>Paquete Ficci\u00f3n Total<\/strong>: sube de 16 a 19 euros al mes (3 euros m\u00e1s al mes).<\/li>\n<li><strong>Paquete Ficci\u00f3n Total con Netflix Est\u00e1ndar<\/strong>: sube de 26 a 31 euros al mes (5 euros m\u00e1s al mes).<\/li>\n<li><strong>Paquete Ficci\u00f3n Total con Netflix Premium<\/strong>: sube de 31 a 37 euros al mes (6 euros m\u00e1s al mes).<\/li>\n<li><strong>Disney Plus+<\/strong>: sube de 4 a 7 euros al mes (3 euros m\u00e1s al mes).<\/li>\n<\/ul>\n<div class=\"article-asset article-asset-normal article-asset-center\">\n<div class=\"desvio-container\">\n<div class=\"desvio\">\n<div class=\"desvio-figure js-desvio-figure\">\n    <a href=\"https:\/\/www.xatakahome.com\/a-fondo\/llevo-seis-anos-como-cliente-movistar-plus-estas-tres-cosas-que-me-gustan-su-interfaz-usuario\" class=\"pivot-outboundlink\" data-vars-post-title=\"Llevo seis a\u00f1os como cliente de Movistar Plus+ y estas son las tres cosas que menos me gustan de su interfaz de usuario \"><br \/>\n     <img loading=\"lazy\" decoding=\"async\" alt=\"Llevo seis a\u00f1os como cliente de Movistar Plus+ y estas son las tres cosas que menos me gustan de su interfaz de usuario \" width=\"375\" height=\"142\" src=\"https:\/\/i.blogs.es\/05d4b1\/llevo-movistar448\/375_142.webp\" onerror='this.src=\"https:\/\/i.blogs.es\/05d4b1\/llevo-movistar448\/375_142.jpeg\"'><br \/>\n    <\/a>\n   <\/div>\n<div class=\"desvio-summary\">\n<div class=\"desvio-taxonomy js-desvio-taxonomy\">\n     <a href=\"https:\/\/www.xatakahome.com\/a-fondo\/llevo-seis-anos-como-cliente-movistar-plus-estas-tres-cosas-que-me-gustan-su-interfaz-usuario\" class=\"desvio-taxonomy-anchor pivot-outboundlink\" data-vars-post-title=\"Llevo seis a\u00f1os como cliente de Movistar Plus+ y estas son las tres cosas que menos me gustan de su interfaz de usuario \">En Xataka Smart Home<\/a>\n    <\/div>\n<p>    <a href=\"https:\/\/www.xatakahome.com\/a-fondo\/llevo-seis-anos-como-cliente-movistar-plus-estas-tres-cosas-que-me-gustan-su-interfaz-usuario\" class=\"desvio-title js-desvio-title pivot-outboundlink\" data-vars-post-title=\"Llevo seis a\u00f1os como cliente de Movistar Plus+ y estas son las tres cosas que menos me gustan de su interfaz de usuario \">Llevo seis a\u00f1os como cliente de Movistar Plus+ y estas son las tres cosas que menos me gustan de su interfaz de usuario <\/a>\n   <\/div>\n<\/p><\/div>\n<\/p><\/div>\n<\/div>\n<p>Adem\u00e1s de la subida de precio en los respectivos planes de la compa\u00f1\u00eda, tambi\u00e9n <strong>se ha incrementado el precio de los canales a la carta<\/strong>. Por ejemplo, los canales Cl\u00e1ssica, Mezzo, Playboy TV y Adultos suben 1 euro al mes, y <a class=\"text-outboundlink\" href=\"https:\/\/www.xatakahome.com\/servicios-de-smart-tv\/nuevo-canal-television-axn-movies-ha-llegado-esto-que-ofrece-asi-puedes-verlo-movistar-vodafone-orange\" data-vars-post-title=\"El nuevo canal de televisi\u00f3n AXN Movies ya ha llegado: esto es lo que ofrece y as\u00ed puedes verlo en Movistar, Vodafone y Orange \" data-vars-post-url=\"https:\/\/www.xatakahome.com\/servicios-de-smart-tv\/nuevo-canal-television-axn-movies-ha-llegado-esto-que-ofrece-asi-puedes-verlo-movistar-vodafone-orange\">AXN Movies<\/a> sube 51 c\u00e9ntimos, pasando de 1,49 a 2 euros al mes.<\/p>\n<p><!-- BREAK 6 --><\/p>\n<p>Tal y como se especifica, <strong>el incremento en el precio de tu factura ir\u00e1 ligado a la tarifa que tengas contratada<\/strong> junto a los paquetes adicionales que hayas a\u00f1adido a tu plan miMovistar. De esta manera, la subida en tu factura puede tratarse de unos pocos c\u00e9ntimos solamente, a varios euros.<\/p>\n<p><!-- BREAK 7 --><\/p>\n<p>Lo bueno de todo es que las tarifas de la compa\u00f1\u00eda <strong>no tienen permanencia<\/strong> (a no ser que hayas adquirido uno de sus dispositivos a 0\u20ac o de pago a plazos unido a tu tarifa miMovistar), por lo que si no est\u00e1s contento con tu tarifa, puedes echarle un vistazo al resto de alternativas que ofrecen otras teleoperadoras. Por otra parte, si ya ten\u00edas un descuento aplicado en tu tarifa, \u00e9ste seguir\u00e1 vigente hasta el fin de la promoci\u00f3n.<\/p>\n<p><!-- BREAK 8 --><\/p>\n<p>En Xataka Smart Home | <a class=\"text-outboundlink\" href=\"https:\/\/www.xatakahome.com\/la-red-local\/cables-ethernet-plc-movistar-ahora-lleva-fibra-optica-todas-habitaciones-casa-nuevo-servicio-fibra-fttr-1\" data-vars-post-title=\"Sin cables Ethernet ni PLC: Movistar lleva la fibra \u00f3ptica hasta todas las habitaciones de la casa con el servicio Fibra FTTR\" data-vars-post-url=\"https:\/\/www.xatakahome.com\/la-red-local\/cables-ethernet-plc-movistar-ahora-lleva-fibra-optica-todas-habitaciones-casa-nuevo-servicio-fibra-fttr-1\">Sin cables Ethernet ni PLC: Movistar lleva la fibra \u00f3ptica hasta todas las habitaciones de la casa con el servicio Fibra FTTR<\/a><\/p>\n<p><script>\n (function() {\n  window._JS_MODULES = window._JS_MODULES || {};\n  var headElement = document.getElementsByTagName('head')[0];\n  if (_JS_MODULES.instagram) {\n   var instagramScript = document.createElement('script');\n   instagramScript.src = 'https:\/\/platform.instagram.com\/en_US\/embeds.js';\n   instagramScript.async = true;\n   instagramScript.defer = true;\n   headElement.appendChild(instagramScript);\n  }\n })();\n<\/script><\/p>\n<p> &#8211; <br \/> La noticia<br \/>\n      <a href=\"https:\/\/www.xatakahome.com\/la-red-local\/subida-precios-movistar-para-2025-queda-efectiva-a-partir-hoy-asi-quedan-todos-planes?utm_source=feedburner&amp;utm_medium=feed&amp;utm_campaign=13_Jan_2025\"><br \/>\n       <em> La subida de precios de Movistar para 2025 es efectiva a partir de hoy: as\u00ed quedan todos los planes <\/em><br \/>\n      <\/a><br \/>\n      fue publicada originalmente en<br \/>\n      <a href=\"https:\/\/www.xatakahome.com\/?utm_source=feedburner&amp;utm_medium=feed&amp;utm_campaign=13_Jan_2025\"><br \/>\n       <strong> Xataka Smart Home <\/strong><br \/>\n      <\/a><br \/>\n             por <a href=\"https:\/\/www.xatakahome.com\/autor\/antonio-vallejo?utm_source=feedburner&amp;utm_medium=feed&amp;utm_campaign=13_Jan_2025\"><br \/>\n        Antonio Vallejo<br \/>\n       <\/a><br \/>\n      . <\/p>\n<\/div>\n","protected":false},"excerpt":{"rendered":"<p>Tal y como adelant\u00e1bamos el pasado mes de noviembre, Movistar iba a subir el precio de todas sus tarifas a comienzos de a\u00f1o. Lamentablemente, esta situaci\u00f3n se ha convertido en una norma, con otras operadoras como Vodafone y Yoigo que tambi\u00e9n se han sumado a esta estrategia. A pesar de que Movistar comenz\u00f3 a avisar &hellip; <a href=\"https:\/\/domosistemas.com\/?p=27081\" class=\"more-link\">Sigue leyendo <span class=\"screen-reader-text\">La subida de precios de Movistar para 2025 es efectiva a partir de hoy: as\u00ed quedan todos los planes<\/span><\/a><\/p>\n","protected":false},"author":1,"featured_media":0,"comment_status":"closed","ping_status":"closed","sticky":false,"template":"","format":"standard","meta":{"footnotes":""},"categories":[8],"tags":[],"class_list":["post-27081","post","type-post","status-publish","format-standard","hentry","category-xataka"],"_links":{"self":[{"href":"https:\/\/domosistemas.com\/index.php?rest_route=\/wp\/v2\/posts\/27081","targetHints":{"allow":["GET"]}}],"collection":[{"href":"https:\/\/domosistemas.com\/index.php?rest_route=\/wp\/v2\/posts"}],"about":[{"href":"https:\/\/domosistemas.com\/index.php?rest_route=\/wp\/v2\/types\/post"}],"author":[{"embeddable":true,"href":"https:\/\/domosistemas.com\/index.php?rest_route=\/wp\/v2\/users\/1"}],"replies":[{"embeddable":true,"href":"https:\/\/domosistemas.com\/index.php?rest_route=%2Fwp%2Fv2%2Fcomments&post=27081"}],"version-history":[{"count":0,"href":"https:\/\/domosistemas.com\/index.php?rest_route=\/wp\/v2\/posts\/27081\/revisions"}],"wp:attachment":[{"href":"https:\/\/domosistemas.com\/index.php?rest_route=%2Fwp%2Fv2%2Fmedia&parent=27081"}],"wp:term":[{"taxonomy":"category","embeddable":true,"href":"https:\/\/domosistemas.com\/index.php?rest_route=%2Fwp%2Fv2%2Fcategories&post=27081"},{"taxonomy":"post_tag","embeddable":true,"href":"https:\/\/domosistemas.com\/index.php?rest_route=%2Fwp%2Fv2%2Ftags&post=27081"}],"curies":[{"name":"wp","href":"https:\/\/api.w.org\/{rel}","templated":true}]}}