{"id":27209,"date":"2025-01-24T03:00:16","date_gmt":"2025-01-24T03:00:16","guid":{"rendered":"https:\/\/domosistemas.com\/?p=27209"},"modified":"2025-01-24T03:00:16","modified_gmt":"2025-01-24T03:00:16","slug":"el-distribuidor-electronica-olfer-celebra-su-50-aniversario-en-el-sector-de-la-electronica-e-iluminacion","status":"publish","type":"post","link":"https:\/\/domosistemas.com\/?p=27209","title":{"rendered":"El distribuidor Electr\u00f3nica OLFER celebra su 50 aniversario en el sector de la electr\u00f3nica e iluminaci\u00f3n"},"content":{"rendered":"<div>\n<p>El distribuidor en Espa\u00f1a y Portugal <a href=\"https:\/\/www.olfer.com\/\" target=\"_blank\" rel=\"noopener sponsored\">Electr\u00f3nica OLFER<\/a> ha cumplido sus primeros 50 a\u00f1os en este mes de enero. Durante su medio siglo de trayectoria, la compa\u00f1\u00eda se ha consolidado en el sector de la electr\u00f3nica de potencia e iluminaci\u00f3n, al tiempo que se ha adaptado a la evoluci\u00f3n tecnol\u00f3gica y se ha expandido.<\/p>\n<figure id=\"attachment_148848\" aria-describedby=\"caption-attachment-148848\" style=\"width: 800px\" class=\"wp-caption aligncenter\"><img loading=\"lazy\" decoding=\"async\" class=\"size-full wp-image-148848\" src=\"https:\/\/static.casadomo.com\/media\/2025\/01\/electronica-olfer-50-aniversario.png\" alt=\"Equipo de Electr\u00f3nica OLFER.\" width=\"800\" height=\"455\" srcset=\"https:\/\/static.casadomo.com\/media\/2025\/01\/electronica-olfer-50-aniversario.png 800w, https:\/\/static.casadomo.com\/media\/2025\/01\/electronica-olfer-50-aniversario-300x171.png 300w, https:\/\/static.casadomo.com\/media\/2025\/01\/electronica-olfer-50-aniversario-768x437.png 768w, https:\/\/static.casadomo.com\/media\/2025\/01\/electronica-olfer-50-aniversario-180x102.png 180w\" sizes=\"auto, (max-width: 800px) 100vw, 800px\"><figcaption id=\"caption-attachment-148848\" class=\"wp-caption-text\">El equipo de Electr\u00f3nica OLFER celebra medio siglo de trayectoria, en el que han sabido adaptarse a la evoluci\u00f3n tecnol\u00f3gica.<\/figcaption><\/figure>\n<p>El legado ha pasado de padre a hijo, pues Fernando Garc\u00eda Gimeno puso en marcha <a href=\"https:\/\/www.casadomo.com\/empresas\/electronica-olfer\">Electr\u00f3nica OLFER<\/a> el 15 de enero de 1975. Tras su jubilaci\u00f3n, fue su hijo Fernando Garc\u00eda quien cogi\u00f3 las riendas de la empresa.<\/p>\n<p>Desde entonces, la empresa ha mantenido su compromiso de ofrecer soluciones de calidad que han acompa\u00f1ado a generaciones de consumidores y profesionales en su d\u00eda a d\u00eda.<\/p>\n<h2>Adaptaci\u00f3n a la evoluci\u00f3n tecnol\u00f3gica<\/h2>\n<p>A lo largo de estos 50 a\u00f1os, Electr\u00f3nica OLFER se ha adaptado a los cambios de la industria producidos por la evoluci\u00f3n tecnol\u00f3gica con el prop\u00f3sito de ofrecer soluciones y componentes de alta calidad a sus clientes. En este sentido, ha trabajado con reconocidas marcas del mercado, ofreciendo productos que cumplen con altos est\u00e1ndares de rendimiento y durabilidad.<\/p>\n<p>Adem\u00e1s, en este tiempo la empresa se ha expandido y se ha convertido en un referente en el sector de la electr\u00f3nica a nivel nacional. Este crecimiento ha sido posible gracias a la constante b\u00fasqueda de nuevas oportunidades para avanzar, al compromiso de su equipo y a la confianza de sus clientes, con los que ha logrado generar relaciones cercanas y de confianza.<\/p>\n<p>La entrada <a href=\"https:\/\/www.casadomo.com\/2025\/01\/24\/distribuidor-electronica-olfer-celebra-50-aniversario-sector-electronica-iluminacion\">El distribuidor Electr\u00f3nica OLFER celebra su 50 aniversario en el sector de la electr\u00f3nica e iluminaci\u00f3n<\/a> aparece primero en <a href=\"https:\/\/www.casadomo.com\/\">CASADOMO<\/a>.<\/p>\n<\/div>\n","protected":false},"excerpt":{"rendered":"<p>El distribuidor en Espa\u00f1a y Portugal Electr\u00f3nica OLFER ha cumplido sus primeros 50 a\u00f1os en este mes de enero. Durante su medio siglo de trayectoria, la compa\u00f1\u00eda se ha consolidado en el sector de la electr\u00f3nica de potencia e iluminaci\u00f3n, al tiempo que se ha adaptado a la evoluci\u00f3n tecnol\u00f3gica y se ha expandido. El &hellip; <a href=\"https:\/\/domosistemas.com\/?p=27209\" class=\"more-link\">Sigue leyendo <span class=\"screen-reader-text\">El distribuidor Electr\u00f3nica OLFER celebra su 50 aniversario en el sector de la electr\u00f3nica e iluminaci\u00f3n<\/span><\/a><\/p>\n","protected":false},"author":1,"featured_media":0,"comment_status":"closed","ping_status":"closed","sticky":false,"template":"","format":"standard","meta":{"footnotes":""},"categories":[3],"tags":[],"class_list":["post-27209","post","type-post","status-publish","format-standard","hentry","category-casadomo-com"],"_links":{"self":[{"href":"https:\/\/domosistemas.com\/index.php?rest_route=\/wp\/v2\/posts\/27209","targetHints":{"allow":["GET"]}}],"collection":[{"href":"https:\/\/domosistemas.com\/index.php?rest_route=\/wp\/v2\/posts"}],"about":[{"href":"https:\/\/domosistemas.com\/index.php?rest_route=\/wp\/v2\/types\/post"}],"author":[{"embeddable":true,"href":"https:\/\/domosistemas.com\/index.php?rest_route=\/wp\/v2\/users\/1"}],"replies":[{"embeddable":true,"href":"https:\/\/domosistemas.com\/index.php?rest_route=%2Fwp%2Fv2%2Fcomments&post=27209"}],"version-history":[{"count":0,"href":"https:\/\/domosistemas.com\/index.php?rest_route=\/wp\/v2\/posts\/27209\/revisions"}],"wp:attachment":[{"href":"https:\/\/domosistemas.com\/index.php?rest_route=%2Fwp%2Fv2%2Fmedia&parent=27209"}],"wp:term":[{"taxonomy":"category","embeddable":true,"href":"https:\/\/domosistemas.com\/index.php?rest_route=%2Fwp%2Fv2%2Fcategories&post=27209"},{"taxonomy":"post_tag","embeddable":true,"href":"https:\/\/domosistemas.com\/index.php?rest_route=%2Fwp%2Fv2%2Ftags&post=27209"}],"curies":[{"name":"wp","href":"https:\/\/api.w.org\/{rel}","templated":true}]}}