{"id":27214,"date":"2025-01-24T07:09:12","date_gmt":"2025-01-24T07:09:12","guid":{"rendered":"https:\/\/domosistemas.com\/?p=27214"},"modified":"2025-01-24T07:09:12","modified_gmt":"2025-01-24T07:09:12","slug":"la-cuesta-de-enero-se-lleva-mejor-con-estas-ofertas-en-smart-tv-barras-de-sonido-calefaccion-hogar-conectado-y-mas-cazando-gangas","status":"publish","type":"post","link":"https:\/\/domosistemas.com\/?p=27214","title":{"rendered":"La cuesta de enero se lleva mejor con estas ofertas en Smart TV, barras de sonido, calefacci\u00f3n, hogar conectado y m\u00e1s: Cazando gangas"},"content":{"rendered":"<div>\n<p>\n      <img decoding=\"async\" src=\"https:\/\/i.blogs.es\/2cda5f\/tele898s989\/1024_2000.jpeg\" alt=\"La cuesta de enero se lleva mejor con estas ofertas en Smart TV, barras de sonido, calefacci\u00f3n, hogar conectado y m\u00e1s: Cazando gangas\">\n    <\/p>\n<p>Ha llegado el viernes, el d\u00eda ideal para repasar los descuentos en televisores inteligentes, equipos y barras de sonido, dispositivos para el hogar conectado y m\u00e1s. Comienza nuestro <strong>Cazando gangas.<\/strong><\/p>\n<p><!-- BREAK 1 --><\/p>\n<h2>Televisores, proyectores, multimedia y barras de sonido<\/h2>\n<h3>Philips 65PML9636\/12<\/h3>\n<div class=\"article-asset-image article-asset-small article-asset-center\">\n<div class=\"asset-content\">\n<p>   <img decoding=\"async\" alt=\"Teles\" class=\"centro_sinmarco\" src=\"https:\/\/i.blogs.es\/c56532\/teles\/450_1000.webp\"><\/p><\/div>\n<\/div>\n<p>Este <strong>televisor miniLED de Philips<\/strong> tiene un gran descuento esta semana. Se trata de un modelo de hace ya tres a\u00f1os pero que cuenta en su haber con que incorpora una estupenda <strong>barra de sonido de Bowers &amp; Wilkins<\/strong>. Es compatible con Dolby Atmos, Dolby Vision, tiene sistema Ambilight y en su versi\u00f3n de <strong>65 pulgadas<\/strong> cuesta <a rel=\"nofollow, sponsored, noopener, noreferrer\" target=\"_blank\" class=\"js-ecommerce\" id=\"link-ecommerce-1\" href=\"https:\/\/www.xatakahome.com\/redirect?url=https%3A%2F%2Fwww.elcorteingles.es%2Felectronica%2FA39530159-tv-miniled-164-cm-65-philips-65pml963612-uhd-4k-android-tv-inteligencia-artificial-hdr10-dolby-vision-and-dolby-atmos%2F%3FparentCategoryId%3D999.51570013%26color%3DPlata&amp;category=seleccion&amp;ecomPostExpiration=perish&amp;postId=116092\" data-vars-affiliate-url=\"https:\/\/www.elcorteingles.es\/electronica\/A39530159-tv-miniled-164-cm-65-philips-65pml963612-uhd-4k-android-tv-inteligencia-artificial-hdr10-dolby-vision-and-dolby-atmos\/?parentCategoryId=999.51570013&amp;color=Plata\">1.535 euros<\/a> frente a los 3.000 habituales.<\/p>\n<p><!-- BREAK 2 --><!-- PIVOT START --><\/p>\n<div class=\"pivot-ecommerce-container m-pivot-ecommerce-redesign article-asset-normal article-asset-center\">\n<div class=\"pivot-ecommerce\">\n<div class=\"pivot-ecommerce-figure\">\n  <a rel=\"nofollow, sponsored, noopener, noreferrer\" target=\"_blank\" href=\"https:\/\/www.xatakahome.com\/redirect?url=https%3A%2F%2Fwww.elcorteingles.es%2Felectronica%2FA39530159-tv-miniled-164-cm-65-philips-65pml963612-uhd-4k-android-tv-inteligencia-artificial-hdr10-dolby-vision-and-dolby-atmos%2F%3FparentCategoryId%3D999.51570013%26color%3DPlata&amp;category=seleccion&amp;pivot=1&amp;ecomPostExpiration=perish&amp;postId=116092\"><br \/>\n   <img loading=\"lazy\" decoding=\"async\" alt='TV MINILED 164 cm (65\") Philips 65PML9636\/12 UHD 4K, Android TV Inteligencia Artificial, HDR10+, Dolby Vision &amp; Dolby Atmos' width=\"651\" height=\"651\" src=\"https:\/\/i.blogs.es\/8befe3\/blob\/original.webp\" onerror='this.src=\"https:\/\/i.blogs.es\/8befe3\/blob\/original.jpeg\"'><br \/>\n  <\/a>\n  <\/div>\n<div class=\"pivot-ecommerce-summary\">\n<p class=\"pivot-ecommerce-desc\">TV MINILED 164 cm (65&#8243;) Philips 65PML9636\/12 UHD 4K, Android TV Inteligencia Artificial, HDR10+, Dolby Vision &amp; Dolby Atmos<\/p>\n<div class=\"pivot-actions \">\n<div class=\"pivot-actions-row\">\n <a rel=\"nofollow, sponsored, noopener, noreferrer\" target=\"_blank\" data-asin=\"\" data-store=\"\" href=\"https:\/\/www.xatakahome.com\/redirect?url=https%3A%2F%2Fwww.elcorteingles.es%2Felectronica%2FA39530159-tv-miniled-164-cm-65-philips-65pml963612-uhd-4k-android-tv-inteligencia-artificial-hdr10-dolby-vision-and-dolby-atmos%2F%3FparentCategoryId%3D999.51570013%26color%3DPlata&amp;category=seleccion&amp;pivot=1&amp;ecomPostExpiration=perish&amp;postId=116092\" title=\"Precio de venta al p\u00fablico a fecha de publicaci\u00f3n\" class=\"pivot-action-btn pivot-action-primary\">PVP en El Corte Ingl\u00e9s \u2014 <strong><span class=\"js-deal-price\">1.535,00<\/span> \u20ac<\/strong><\/a>\n <\/div>\n<\/p><\/div>\n<\/p><\/div>\n<\/p><\/div>\n<div class=\"pivot-link-msg\">* Alg\u00fan precio puede haber cambiado desde la \u00faltima revisi\u00f3n<\/div>\n<\/p><\/div>\n<p><!-- PIVOT END --><\/p>\n<h3>Panasonic TV-55Z80AE<\/h3>\n<div class=\"article-asset-image article-asset-small article-asset-center\">\n<div class=\"asset-content\">\n<p>   <img decoding=\"async\" alt=\"Panasonic\" class=\"centro_sinmarco\" src=\"https:\/\/i.blogs.es\/5f0ecf\/00114842330590____2__1200x1200\/450_1000.webp\"><\/p><\/div>\n<\/div>\n<p>Si lo que queremos es un <strong>modelo OLED econ\u00f3mico<\/strong>, esta semana tenemos de oferta este estupendo Smart TV de <strong>Panasonic de 55 pulgadas<\/strong> con Dolby Vision IQ, Procesador HCX y sistema operativo Fire TV integrado. Su precio es de <a rel=\"nofollow, sponsored, noopener, noreferrer\" target=\"_blank\" class=\"js-ecommerce\" id=\"link-ecommerce-2\" href=\"https:\/\/www.xatakahome.com\/redirect?url=https%3A%2F%2Fwww.elcorteingles.es%2Felectronica%2FA52336821-tv-oled-139-cm-55-panasonic-tv-55z80aez-uhd-4k-dolby-vision-iq-smart-tv%2F%3FparentCategoryId%3D999.51570013%26color%3DNegro&amp;category=seleccion&amp;ecomPostExpiration=perish&amp;postId=116092\" data-vars-affiliate-url=\"https:\/\/www.elcorteingles.es\/electronica\/A52336821-tv-oled-139-cm-55-panasonic-tv-55z80aez-uhd-4k-dolby-vision-iq-smart-tv\/?parentCategoryId=999.51570013&amp;color=Negro\">999 euros<\/a> frente a los 1.800 euros habituales.<\/p>\n<p><!-- BREAK 3 --><!-- PIVOT START --><\/p>\n<div class=\"pivot-ecommerce-container m-pivot-ecommerce-redesign article-asset-normal article-asset-center\">\n<div class=\"pivot-ecommerce\">\n<div class=\"pivot-ecommerce-figure\">\n  <a rel=\"nofollow, sponsored, noopener, noreferrer\" target=\"_blank\" href=\"https:\/\/www.xatakahome.com\/redirect?url=https%3A%2F%2Fwww.elcorteingles.es%2Felectronica%2FA52336821-tv-oled-139-cm-55-panasonic-tv-55z80aez-uhd-4k-dolby-vision-iq-smart-tv%2F%3FparentCategoryId%3D999.51570013%26color%3DNegro&amp;category=seleccion&amp;pivot=1&amp;ecomPostExpiration=perish&amp;postId=116092\"><br \/>\n   <img loading=\"lazy\" decoding=\"async\" alt='TV OLED 139 cm (55\") Panasonic TV-55Z80AEZ, UHD 4K, Dolby Vision IQ, Smart TV' width=\"900\" height=\"900\" src=\"https:\/\/i.blogs.es\/57a8d4\/blob\/original.webp\" onerror='this.src=\"https:\/\/i.blogs.es\/57a8d4\/blob\/original.jpeg\"'><br \/>\n  <\/a>\n  <\/div>\n<div class=\"pivot-ecommerce-summary\">\n<p class=\"pivot-ecommerce-desc\">TV OLED 139 cm (55&#8243;) Panasonic TV-55Z80AEZ, UHD 4K, Dolby Vision IQ, Smart TV<\/p>\n<div class=\"pivot-actions \">\n<div class=\"pivot-actions-row\">\n <a rel=\"nofollow, sponsored, noopener, noreferrer\" target=\"_blank\" data-asin=\"\" data-store=\"\" href=\"https:\/\/www.xatakahome.com\/redirect?url=https%3A%2F%2Fwww.elcorteingles.es%2Felectronica%2FA52336821-tv-oled-139-cm-55-panasonic-tv-55z80aez-uhd-4k-dolby-vision-iq-smart-tv%2F%3FparentCategoryId%3D999.51570013%26color%3DNegro&amp;category=seleccion&amp;pivot=1&amp;ecomPostExpiration=perish&amp;postId=116092\" title=\"Precio de venta al p\u00fablico a fecha de publicaci\u00f3n\" class=\"pivot-action-btn pivot-action-primary\">PVP en El Corte Ingl\u00e9s \u2014 <strong><span class=\"js-deal-price\">999,00<\/span> \u20ac<\/strong><\/a>\n <\/div>\n<\/p><\/div>\n<\/p><\/div>\n<\/p><\/div>\n<div class=\"pivot-link-msg\">* Alg\u00fan precio puede haber cambiado desde la \u00faltima revisi\u00f3n<\/div>\n<\/p><\/div>\n<p><!-- PIVOT END --><\/p>\n<h3>Samsung TQ65Q80DATXXC<\/h3>\n<div class=\"article-asset-image article-asset-small article-asset-center\">\n<div class=\"asset-content\">\n<p>   <img decoding=\"async\" alt=\"Samsung\" class=\"centro_sinmarco\" src=\"https:\/\/i.blogs.es\/398e78\/00114842412794____9__1200x1200\/450_1000.webp\"><\/p><\/div>\n<\/div>\n<p>Si buscas un televisor de gama media con diagonal de 65 pulgadas, este modelo <strong>Q80DATXXC de Samsung<\/strong> est\u00e1 hoy a mitad de precio. Ofrece un panel LCD QLED con resoluci\u00f3n 4K a 120 Hz y sistema operativo Tizen con acceso a las aplicaciones m\u00e1s populares. Su precio es de <a rel=\"nofollow, sponsored, noopener, noreferrer\" target=\"_blank\" class=\"js-ecommerce\" id=\"link-ecommerce-3\" href=\"https:\/\/www.xatakahome.com\/redirect?url=https%3A%2F%2Fwww.elcorteingles.es%2Felectronica%2FA51827140-tv-qled-165-cm-65-samsung-tq65q80datxxc-uhd-4k-upscalling-smart-tv%2F%3FparentCategoryId%3D999.51570013%26color%3DGris&amp;category=seleccion&amp;ecomPostExpiration=perish&amp;postId=116092\" data-vars-affiliate-url=\"https:\/\/www.elcorteingles.es\/electronica\/A51827140-tv-qled-165-cm-65-samsung-tq65q80datxxc-uhd-4k-upscalling-smart-tv\/?parentCategoryId=999.51570013&amp;color=Gris\" data-id=\"noopener noreferrer\">899 euros<\/a> frente a los 1.999 euros habituales.<\/p>\n<p><!-- BREAK 4 --><!-- PIVOT START --><\/p>\n<div class=\"pivot-ecommerce-container m-pivot-ecommerce-redesign article-asset-normal article-asset-center\">\n<div class=\"pivot-ecommerce\">\n<div class=\"pivot-ecommerce-figure\">\n  <a rel=\"nofollow, sponsored, noopener, noreferrer\" target=\"_blank\" href=\"https:\/\/www.xatakahome.com\/redirect?url=https%3A%2F%2Fwww.elcorteingles.es%2Felectronica%2FA51827140-tv-qled-165-cm-65-samsung-tq65q80datxxc-uhd-4k-upscalling-smart-tv%2F&amp;category=seleccion&amp;pivot=1&amp;ecomPostExpiration=perish&amp;postId=116092\"><br \/>\n   <img loading=\"lazy\" decoding=\"async\" alt='SAMSUNG TV QLED 4K 2024 65Q80D Smart TV de 65\" con Imagen y Sonido mejorados' width=\"500\" height=\"500\" src=\"https:\/\/i.blogs.es\/47b05c\/41fxff6mrsl._sl500_\/original.webp\" onerror='this.src=\"https:\/\/i.blogs.es\/47b05c\/41fxff6mrsl._sl500_\/original.jpeg\"'><br \/>\n  <\/a>\n  <\/div>\n<div class=\"pivot-ecommerce-summary\">\n<p class=\"pivot-ecommerce-desc\">SAMSUNG TV QLED 4K 2024 65Q80D Smart TV de 65&#8243; con Imagen y Sonido mejorados<\/p>\n<div class=\"pivot-actions \">\n<div class=\"pivot-actions-row\">\n <a rel=\"nofollow, sponsored, noopener, noreferrer\" target=\"_blank\" data-asin=\"001014842412794\" data-store=\"El Corte Ingl\u00e9s\" href=\"https:\/\/www.xatakahome.com\/redirect?url=https%3A%2F%2Fwww.elcorteingles.es%2Felectronica%2FA51827140-tv-qled-165-cm-65-samsung-tq65q80datxxc-uhd-4k-upscalling-smart-tv%2F&amp;category=seleccion&amp;pivot=1&amp;ecomPostExpiration=perish&amp;postId=116092\" title=\"Precio actualizado hoy\" class=\"pivot-action-btn metrics-pivot-btn pivot-action-primary\">Hoy en El Corte Ingl\u00e9s \u2014 <strong><span class=\"js-deal-price\">899,00<\/span> \u20ac<\/strong><\/a><br \/>\n   <a rel=\"nofollow, sponsored, noopener, noreferrer\" target=\"_blank\" data-asin=\"TQ65Q80DATXXC\" data-store=\"Samsung\" href=\"https:\/\/ad.doubleclick.net\/ddm\/clk\/491391911;298633069;t?https:\/\/www.samsung.com\/es\/tvs\/qled-tv\/q80d-65-inch-qled-4k-tizen-os-smart-tv-tq65q80datxxc\/?cid=es_pd_affiliate_awin_av_hot_awinao2021_text_est%C3%A1ndar1x1-20210315_ipes\" title=\"Precio actualizado hoy\" class=\"pivot-action-btn metrics-pivot-btn pivot-action-secondary\">Samsung \u2014 <strong><span class=\"js-deal-price\">1.009,00<\/span> \u20ac<\/strong><\/a><br \/>\n   <a rel=\"nofollow, sponsored, noopener, noreferrer\" target=\"_blank\" data-asin=\"1572064\" data-store=\"MediaMarkt\" href=\"https:\/\/www.xatakahome.com\/redirect?url=https%3A%2F%2Fwww.mediamarkt.es%2Fes%2Fproduct%2F_tv-qled-65-samsung-tq65q80datxxc-qled-4k-procesador-nq4-ai-gen2-smart-tv-dvb-t2-h265-eclipse-silver-1572064.html&amp;category=seleccion&amp;pivot=1&amp;ecomPostExpiration=perish&amp;postId=116092\" title=\"Precio actualizado hoy\" class=\"pivot-action-btn metrics-pivot-btn pivot-action-secondary\">MediaMarkt \u2014 <strong><span class=\"js-deal-price\">1.121,00<\/span> \u20ac<\/strong><\/a><br \/>\n   <a rel=\"nofollow, sponsored, noopener, noreferrer\" target=\"_blank\" data-asin=\"\" data-store=\"\" href=\"https:\/\/www.xatakahome.com\/redirect?url=https%3A%2F%2Fwww.fnac.es%2FTV-OLED-65-Samsung-TQ65Q80D-4K-UHD-Smart-TV-TV-TV-LED%2Fa11024911&amp;category=seleccion&amp;pivot=1&amp;ecomPostExpiration=perish&amp;postId=116092\" title=\"Precio de venta al p\u00fablico a fecha de publicaci\u00f3n\" class=\"pivot-action-btn pivot-action-secondary\">FNAC \u2014 <strong><span class=\"js-deal-price\">1.599,00<\/span> \u20ac<\/strong><\/a>\n <\/div>\n<\/p><\/div>\n<\/p><\/div>\n<\/p><\/div>\n<div class=\"pivot-link-msg\">* Alg\u00fan precio puede haber cambiado desde la \u00faltima revisi\u00f3n<\/div>\n<\/p><\/div>\n<p><!-- PIVOT END --><\/p>\n<h3><strong>Xiaomi Smart Projector L1<\/strong><\/h3>\n<div class=\"article-asset-image article-asset-small article-asset-center\">\n<div class=\"asset-content\">\n                    <a rel=\"nofollow, sponsored, noopener, noreferrer\" target=\"_blank\" class=\"js-ecommerce\" id=\"link-ecommerce-4\" href=\"https:\/\/www.xatakahome.com\/redirect?url=https%3A%2F%2Fwww.powerplanetonline.com%2Fes%2Fxiaomi-smart-projector-l1&amp;category=seleccion&amp;ecomPostExpiration=perish&amp;postId=116092\" data-vars-affiliate-url=\"https:\/\/www.powerplanetonline.com\/es\/xiaomi-smart-projector-l1\"><\/p>\n<p>    <img decoding=\"async\" alt=\"proyectores Xiaomi L1\" class=\"centro_sinmarco\" src=\"https:\/\/i.blogs.es\/52276c\/proyecto-nuevo---2025-01-22t142850.064\/450_1000.webp\"><br \/>\n     <\/a><\/p><\/div>\n<\/div>\n<p>Aunque hace un mes aproximadamente que <a class=\"text-outboundlink\" href=\"https:\/\/www.xatakahome.com\/televisores\/xiaomi-smart-projector-l1-caracteristicas-precio-ficha-tecnica\" data-vars-post-title=\"Xiaomi anuncia un proyector compacto y ligero para que tengamos un pantall\u00f3n en cualquier habitaci\u00f3n: con 120 pulgadas y Google TV\" data-vars-post-url=\"https:\/\/www.xatakahome.com\/televisores\/xiaomi-smart-projector-l1-caracteristicas-precio-ficha-tecnica\" data-id=\"noopener noreferrer\">Xiaomi anunci\u00f3 que lanzar\u00eda dos nuevos proyectores port\u00e1tiles<\/a>, no ha sido hasta hace dos d\u00edas cuando se han puesto a la venta. Concretamente, est\u00e1n disponibles en Powerplanet. Se trata del <strong>Xiaomi Smart Projector L1<\/strong> (que cuesta <a rel=\"nofollow, sponsored, noopener, noreferrer\" target=\"_blank\" class=\"js-ecommerce\" id=\"link-ecommerce-5\" href=\"https:\/\/www.xatakahome.com\/redirect?url=https%3A%2F%2Fwww.powerplanetonline.com%2Fes%2Fxiaomi-smart-projector-l1&amp;category=seleccion&amp;ecomPostExpiration=perish&amp;postId=116092\" data-vars-affiliate-url=\"https:\/\/www.powerplanetonline.com\/es\/xiaomi-smart-projector-l1\" data-id=\"noopener noreferrer\">249,95 euros<\/a>) y la versi\u00f3n <strong>Pro<\/strong>, a la venta por <a rel=\"nofollow, sponsored, noopener, noreferrer\" target=\"_blank\" class=\"js-ecommerce\" id=\"link-ecommerce-6\" href=\"https:\/\/www.xatakahome.com\/redirect?url=https%3A%2F%2Fwww.powerplanetonline.com%2Fes%2Fxiaomi-smart-projector-l1-pro&amp;category=seleccion&amp;ecomPostExpiration=perish&amp;postId=116092\" data-vars-affiliate-url=\"https:\/\/www.powerplanetonline.com\/es\/xiaomi-smart-projector-l1-pro\" data-id=\"noopener noreferrer\">329 euros<\/a>.<\/p>\n<p><!-- BREAK 5 --><!-- PIVOT START --><\/p>\n<div class=\"pivot-ecommerce-container m-pivot-ecommerce-redesign article-asset-normal article-asset-center\">\n<div class=\"pivot-ecommerce\">\n<div class=\"pivot-ecommerce-figure\">\n  <a rel=\"nofollow, sponsored, noopener, noreferrer\" target=\"_blank\" href=\"https:\/\/www.xatakahome.com\/redirect?url=https%3A%2F%2Fwww.powerplanetonline.com%2Fes%2Fxiaomi-smart-projector-l1&amp;category=seleccion&amp;pivot=1&amp;ecomPostExpiration=perish&amp;postId=116092\"><br \/>\n   <img loading=\"lazy\" decoding=\"async\" alt=\"Xiaomi Smart Projector L1\" width=\"600\" height=\"600\" src=\"https:\/\/i.blogs.es\/183c49\/blob\/original.webp\" onerror='this.src=\"https:\/\/i.blogs.es\/183c49\/blob\/original.jpeg\"'><br \/>\n  <\/a>\n  <\/div>\n<div class=\"pivot-ecommerce-summary\">\n<p class=\"pivot-ecommerce-desc\">Xiaomi Smart Projector L1<\/p>\n<div class=\"pivot-actions \">\n<div class=\"pivot-actions-row\">\n <a rel=\"nofollow, sponsored, noopener, noreferrer\" target=\"_blank\" data-asin=\"\" data-store=\"\" href=\"https:\/\/www.xatakahome.com\/redirect?url=https%3A%2F%2Fwww.powerplanetonline.com%2Fes%2Fxiaomi-smart-projector-l1&amp;category=seleccion&amp;pivot=1&amp;ecomPostExpiration=perish&amp;postId=116092\" title=\"Precio de venta al p\u00fablico a fecha de publicaci\u00f3n\" class=\"pivot-action-btn pivot-action-primary\">PVP en Powerplanetonline \u2014 <strong><span class=\"js-deal-price\">249,95<\/span> \u20ac<\/strong><\/a>\n <\/div>\n<\/p><\/div>\n<\/p><\/div>\n<\/p><\/div>\n<div class=\"pivot-link-msg\">* Alg\u00fan precio puede haber cambiado desde la \u00faltima revisi\u00f3n<\/div>\n<\/p><\/div>\n<p><!-- PIVOT END --><\/p>\n<h3><strong>Xiaomi TV A<\/strong><\/h3>\n<div class=\"article-asset-image article-asset-small article-asset-center\">\n<div class=\"asset-content\">\n                    <a rel=\"nofollow, sponsored, noopener, noreferrer\" target=\"_blank\" class=\"js-ecommerce\" id=\"link-ecommerce-7\" href=\"https:\/\/www.xatakahome.com\/redirect?url=https%3A%2F%2Fes.aliexpress.com%2Fitem%2F1005007039303552.html&amp;category=seleccion&amp;ecomPostExpiration=perish&amp;postId=116092\" data-vars-affiliate-url=\"https:\/\/es.aliexpress.com\/item\/1005007039303552.html\"><\/p>\n<p>    <img decoding=\"async\" alt=\"Xiaomi TV A 43\" class=\"centro_sinmarco\" src=\"https:\/\/i.blogs.es\/82631e\/proyecto-nuevo---2025-01-23t113345.503\/450_1000.webp\"><br \/>\n     <\/a><\/p><\/div>\n<\/div>\n<p>Esta <strong>Xiaomi TV A de 43 pulgadas<\/strong> es una buena opci\u00f3n en estos momentos. En AliExpress est\u00e1 a un precio irrepetible y puedes conseguirla por <a rel=\"nofollow, sponsored, noopener, noreferrer\" target=\"_blank\" class=\"js-ecommerce\" id=\"link-ecommerce-8\" href=\"https:\/\/www.xatakahome.com\/redirect?url=https%3A%2F%2Fes.aliexpress.com%2Fitem%2F1005007039303552.html&amp;category=seleccion&amp;ecomPostExpiration=perish&amp;postId=116092\" data-vars-affiliate-url=\"https:\/\/es.aliexpress.com\/item\/1005007039303552.html\" data-id=\"noopener noreferrer\">205,73 euros<\/a>. Adem\u00e1s, el env\u00edo es desde Espa\u00f1a, por lo que la recibir\u00e1s en unos d\u00edas en tu hogar.<\/p>\n<p><!-- BREAK 6 --><!-- PIVOT START --><\/p>\n<div class=\"pivot-ecommerce-container m-pivot-ecommerce-redesign article-asset-normal article-asset-center\">\n<div class=\"pivot-ecommerce\">\n<div class=\"pivot-ecommerce-figure\">\n  <a rel=\"nofollow, sponsored, noopener, noreferrer\" target=\"_blank\" href=\"https:\/\/www.xatakahome.com\/redirect?url=https%3A%2F%2Fes.aliexpress.com%2Fitem%2F1005007039303552.html&amp;category=seleccion&amp;pivot=1&amp;ecomPostExpiration=perish&amp;postId=116092\"><br \/>\n   <img loading=\"lazy\" decoding=\"async\" alt='Xiaomi TV A 2025 43\"' width=\"600\" height=\"600\" src=\"https:\/\/i.blogs.es\/5976d2\/blob\/original.webp\" onerror='this.src=\"https:\/\/i.blogs.es\/5976d2\/blob\/original.jpeg\"'><br \/>\n  <\/a>\n  <\/div>\n<div class=\"pivot-ecommerce-summary\">\n<p class=\"pivot-ecommerce-desc\">Xiaomi TV A 2025 43&#8243;<\/p>\n<div class=\"pivot-actions \">\n<div class=\"pivot-actions-row\">\n <a rel=\"nofollow, sponsored, noopener, noreferrer\" target=\"_blank\" data-asin=\"\" data-store=\"\" href=\"https:\/\/www.xatakahome.com\/redirect?url=https%3A%2F%2Fes.aliexpress.com%2Fitem%2F1005007039303552.html&amp;category=seleccion&amp;pivot=1&amp;ecomPostExpiration=perish&amp;postId=116092\" title=\"Precio de venta al p\u00fablico a fecha de publicaci\u00f3n\" class=\"pivot-action-btn pivot-action-primary\">PVP en AliExpress \u2014 <strong><span class=\"js-deal-price\">205,73<\/span> \u20ac<\/strong><\/a><br \/>\n   <a rel=\"nofollow, sponsored, noopener, noreferrer\" target=\"_blank\" data-asin=\"\" data-store=\"\" href=\"https:\/\/www.xatakahome.com\/redirect?url=https%3A%2F%2Fwww.amazon.es%2Fdp%2FB0CYZQGMYV&amp;category=seleccion&amp;pivot=1&amp;ecomPostExpiration=perish&amp;postId=116092\" title=\"Precio de venta al p\u00fablico a fecha de publicaci\u00f3n\" class=\"pivot-action-btn pivot-action-secondary\">Amazon \u2014 <strong><span class=\"js-deal-price\">249,21<\/span> \u20ac<\/strong><\/a><br \/>\n   <a rel=\"nofollow, sponsored, noopener, noreferrer\" target=\"_blank\" data-asin=\"\" data-store=\"\" href=\"https:\/\/www.xatakahome.com\/redirect?url=https%3A%2F%2Fwww.pccomponentes.com%2Fxiaomi-a-2025-43-led-ultrahd-4k-dolby-atmos-google-tv&amp;category=seleccion&amp;pivot=1&amp;ecomPostExpiration=perish&amp;postId=116092\" title=\"Precio de venta al p\u00fablico a fecha de publicaci\u00f3n\" class=\"pivot-action-btn pivot-action-secondary\">PcComponentes \u2014 <strong><span class=\"js-deal-price\">249,21<\/span> \u20ac<\/strong><\/a><br \/>\n   <a rel=\"nofollow, sponsored, noopener, noreferrer\" target=\"_blank\" data-asin=\"\" data-store=\"\" href=\"https:\/\/www.xatakahome.com\/redirect?url=https%3A%2F%2Fwww.mi.com%2Fes%2Fproduct%2Fxiaomi-tv-a-43-2025%2F&amp;category=seleccion&amp;pivot=1&amp;ecomPostExpiration=perish&amp;postId=116092\" title=\"Precio de venta al p\u00fablico a fecha de publicaci\u00f3n\" class=\"pivot-action-btn pivot-action-secondary\">Xiaomi \u2014 <strong><span class=\"js-deal-price\">259,00<\/span> \u20ac<\/strong><\/a><br \/>\n   <a rel=\"nofollow, sponsored, noopener, noreferrer\" target=\"_blank\" data-asin=\"\" data-store=\"\" href=\"https:\/\/www.xatakahome.com\/redirect?url=https%3A%2F%2Fwww.mediamarkt.es%2Fes%2Fproduct%2F_tv-qled-43-xiaomi-a-pro-2025-43-qled-4k-smart-tv-google-tv-dolby-vision-control-por-voz-black-1571503.html&amp;category=seleccion&amp;pivot=1&amp;ecomPostExpiration=perish&amp;postId=116092\" title=\"Precio de venta al p\u00fablico a fecha de publicaci\u00f3n\" class=\"pivot-action-btn pivot-action-secondary\">MediaMarkt \u2014 <strong><span class=\"js-deal-price\">269,00<\/span> \u20ac<\/strong><\/a>\n <\/div>\n<\/p><\/div>\n<\/p><\/div>\n<\/p><\/div>\n<div class=\"pivot-link-msg\">* Alg\u00fan precio puede haber cambiado desde la \u00faltima revisi\u00f3n<\/div>\n<\/p><\/div>\n<p><!-- PIVOT END --><\/p>\n<h3><strong>Panasonic TB-55W60AEZ<\/strong><\/h3>\n<div class=\"article-asset-image article-asset-small article-asset-center\">\n<div class=\"asset-content\">\n                    <a rel=\"nofollow, sponsored, noopener, noreferrer\" target=\"_blank\" class=\"js-ecommerce\" id=\"link-ecommerce-9\" href=\"https:\/\/www.xatakahome.com\/redirect?url=https%3A%2F%2Fwww.elcorteingles.es%2Felectronica%2FA52336886-tv-led-139-cm-55-panasonic-tb-55w60aez-uhd-4k-dolby-vision-high-contrast-smart-tv%2F&amp;category=seleccion&amp;ecomPostExpiration=perish&amp;postId=116092\" data-vars-affiliate-url=\"https:\/\/www.elcorteingles.es\/electronica\/A52336886-tv-led-139-cm-55-panasonic-tb-55w60aez-uhd-4k-dolby-vision-high-contrast-smart-tv\/\"><\/p>\n<p>    <img decoding=\"async\" alt=\"smart TV Panasonic TB-55W60AEZ\" class=\"centro_sinmarco\" src=\"https:\/\/i.blogs.es\/db3bad\/proyecto-nuevo---2025-01-14t131630.700\/450_1000.webp\"><br \/>\n     <\/a><\/p><\/div>\n<\/div>\n<p>Si est\u00e1s buscando una nueva tele para tu sal\u00f3n sin tener que gastar mucho dinero, El Corte Ingl\u00e9s tiene la soluci\u00f3n ideal. Ahora, en estos grandes almacenes, puedes conseguir esta <strong>Panasonic TB-55W60AEZ<\/strong> a un precio imbatible, por <a rel=\"nofollow, sponsored, noopener, noreferrer\" target=\"_blank\" class=\"js-ecommerce\" id=\"link-ecommerce-10\" href=\"https:\/\/www.xatakahome.com\/redirect?url=https%3A%2F%2Fwww.elcorteingles.es%2Felectronica%2FA52336886-tv-led-139-cm-55-panasonic-tb-55w60aez-uhd-4k-dolby-vision-high-contrast-smart-tv%2F&amp;category=seleccion&amp;ecomPostExpiration=perish&amp;postId=116092\" data-vars-affiliate-url=\"https:\/\/www.elcorteingles.es\/electronica\/A52336886-tv-led-139-cm-55-panasonic-tb-55w60aez-uhd-4k-dolby-vision-high-contrast-smart-tv\/\" data-id=\"noopener noreferrer\">399 euros<\/a>. Obtienes un <strong>descuento de 200 euros<\/strong> respecto a su precio habitual.<\/p>\n<p><!-- BREAK 7 --><!-- PIVOT START --><\/p>\n<div class=\"pivot-ecommerce-container m-pivot-ecommerce-redesign article-asset-normal article-asset-center\">\n<div class=\"pivot-ecommerce\">\n<div class=\"pivot-ecommerce-figure\">\n  <a rel=\"nofollow, sponsored, noopener, noreferrer\" target=\"_blank\" href=\"https:\/\/www.xatakahome.com\/redirect?url=https%3A%2F%2Fwww.amazon.es%2Fdp%2FB0D9KGZJP8%3Ftag%3Dxatakahome-21%26linkCode%3Dogi%26th%3D1%26psc%3D1&amp;category=seleccion&amp;pivot=1&amp;ecomPostExpiration=perish&amp;postId=116092\"><br \/>\n   <img loading=\"lazy\" decoding=\"async\" alt=\"Panasonic TB-55W60AEZ, W60 Series 55 Pulgadas 4K Ultra HD \" width=\"500\" height=\"500\" src=\"https:\/\/i.blogs.es\/be02d0\/31ehjbuaz5l._sl500_\/original.webp\" onerror='this.src=\"https:\/\/i.blogs.es\/be02d0\/31ehjbuaz5l._sl500_\/original.jpeg\"'><br \/>\n  <\/a>\n  <\/div>\n<div class=\"pivot-ecommerce-summary\">\n<p class=\"pivot-ecommerce-desc\">Panasonic TB-55W60AEZ, W60 Series 55 Pulgadas 4K Ultra HD <\/p>\n<div class=\"pivot-actions \">\n<div class=\"pivot-actions-row\">\n <a rel=\"nofollow, sponsored, noopener, noreferrer\" target=\"_blank\" data-asin=\"B0D9KGZJP8\" data-store=\"Amazon\" href=\"https:\/\/www.xatakahome.com\/redirect?url=https%3A%2F%2Fwww.amazon.es%2Fdp%2FB0D9KGZJP8%3Ftag%3Dxatakahome-21%26linkCode%3Dogi%26th%3D1%26psc%3D1&amp;category=seleccion&amp;pivot=1&amp;ecomPostExpiration=perish&amp;postId=116092\" title=\"Precio actualizado hoy\" class=\"pivot-action-btn metrics-pivot-btn pivot-action-primary\">Hoy en Amazon \u2014 <strong><span class=\"js-deal-price\">398,00<\/span> \u20ac<\/strong><\/a><br \/>\n   <a rel=\"nofollow, sponsored, noopener, noreferrer\" target=\"_blank\" data-asin=\"001014842330665\" data-store=\"El Corte Ingl\u00e9s\" href=\"https:\/\/www.xatakahome.com\/redirect?url=https%3A%2F%2Fwww.elcorteingles.es%2Felectronica%2FA52336886-tv-led-139-cm-55-panasonic-tb-55w60aez-uhd-4k-dolby-vision-high-contrast-smart-tv%2F&amp;category=seleccion&amp;pivot=1&amp;ecomPostExpiration=perish&amp;postId=116092\" title=\"Precio actualizado hoy\" class=\"pivot-action-btn metrics-pivot-btn pivot-action-secondary\">El Corte Ingl\u00e9s \u2014 <strong><span class=\"js-deal-price\">599,00<\/span> \u20ac<\/strong><\/a>\n <\/div>\n<\/p><\/div>\n<\/p><\/div>\n<\/p><\/div>\n<div class=\"pivot-link-msg\">* Alg\u00fan precio puede haber cambiado desde la \u00faltima revisi\u00f3n<\/div>\n<\/p><\/div>\n<p><!-- PIVOT END --><\/p>\n<h3>Sony BRAVIA XR-55A84L<\/h3>\n<div class=\"article-asset-image article-asset-small article-asset-center\">\n<div class=\"asset-content\">\n<p>   <img decoding=\"async\" alt=\"Qrono Pr Image8899\" class=\"centro_sinmarco\" src=\"https:\/\/i.blogs.es\/a137e8\/qrono_pr_image8899\/450_1000.webp\"><\/p><\/div>\n<\/div>\n<p>Si buscamos un televisor a la \u00faltima en funcionalidades y prestaciones esta semana cuenta con un buen descuento el <strong>Sony BRAVIA XR-55A84L<\/strong>, un modelo con panel OLED de 120 Hz y sistema de sonido Acoustic Surface Audio+ con Google TV como sistema operativo. Tiene un precio en la versi\u00f3n de 55 pulgadas de <a rel=\"nofollow, sponsored, noopener, noreferrer\" target=\"_blank\" class=\"js-ecommerce\" id=\"link-ecommerce-11\" href=\"https:\/\/www.xatakahome.com\/redirect?url=https%3A%2F%2Fwww.elcorteingles.es%2Felectronica%2FA47710918-tv-oled-139-cm-55-sony-bravia-xr-55a84l-4k-hdr-google-tv-eco-pack-bravia-core-perfecto-para-playstation5-diseno-integral%2F%3FparentCategoryId%3D997.46303038011%26color%3Ddefault&amp;category=seleccion&amp;ecomPostExpiration=perish&amp;postId=116092\" data-vars-affiliate-url=\"https:\/\/www.elcorteingles.es\/electronica\/A47710918-tv-oled-139-cm-55-sony-bravia-xr-55a84l-4k-hdr-google-tv-eco-pack-bravia-core-perfecto-para-playstation5-diseno-integral\/?parentCategoryId=997.46303038011&amp;color=default\" data-id=\"noopener noreferrer\">1.499 euros<\/a> frente a los 2.499 euros habituales.<\/p>\n<p><!-- BREAK 8 --><!-- PIVOT START --><\/p>\n<div class=\"pivot-ecommerce-container m-pivot-ecommerce-redesign article-asset-normal article-asset-center\">\n<div class=\"pivot-ecommerce\">\n<div class=\"pivot-ecommerce-figure\">\n  <a rel=\"nofollow, sponsored, noopener, noreferrer\" target=\"_blank\" href=\"https:\/\/www.xatakahome.com\/redirect?url=https%3A%2F%2Fwww.elcorteingles.es%2Felectronica%2FA47710918-tv-oled-139-cm-55-sony-bravia-xr-55a84l-4k-hdr-google-tv-eco-pack-bravia-core-perfecto-para-playstation5-diseno-integral%2F&amp;category=seleccion&amp;pivot=1&amp;ecomPostExpiration=perish&amp;postId=116092\"><br \/>\n   <img loading=\"lazy\" decoding=\"async\" alt=\"Sony - TV OLED 139 cm (55')   Sony BRAVIA XR-55A84L, 4K HDR, Google TV, Eco Pack, BRAVIA Core, Perfecto para PlayStation5, Dise\u00f1o integral.\" width=\"579\" height=\"579\" src=\"https:\/\/i.blogs.es\/45dfc0\/blob\/original.webp\" onerror='this.src=\"https:\/\/i.blogs.es\/45dfc0\/blob\/original.jpeg\"'><br \/>\n  <\/a>\n  <\/div>\n<div class=\"pivot-ecommerce-summary\">\n<p class=\"pivot-ecommerce-desc\">Sony &#8211; TV OLED 139 cm (55&#8242;)   Sony BRAVIA XR-55A84L, 4K HDR, Google TV, Eco Pack, BRAVIA Core, Perfecto para PlayStation5, Dise\u00f1o integral.<\/p>\n<div class=\"pivot-actions \">\n<div class=\"pivot-actions-row\">\n <a rel=\"nofollow, sponsored, noopener, noreferrer\" target=\"_blank\" data-asin=\"001014842329097\" data-store=\"El Corte Ingl\u00e9s\" href=\"https:\/\/www.xatakahome.com\/redirect?url=https%3A%2F%2Fwww.elcorteingles.es%2Felectronica%2FA47710918-tv-oled-139-cm-55-sony-bravia-xr-55a84l-4k-hdr-google-tv-eco-pack-bravia-core-perfecto-para-playstation5-diseno-integral%2F&amp;category=seleccion&amp;pivot=1&amp;ecomPostExpiration=perish&amp;postId=116092\" title=\"Precio actualizado hoy\" class=\"pivot-action-btn metrics-pivot-btn pivot-action-primary\">Hoy en El Corte Ingl\u00e9s \u2014 <strong><span class=\"js-deal-price\">1.499,00<\/span> \u20ac<\/strong><\/a>\n <\/div>\n<\/p><\/div>\n<\/p><\/div>\n<\/p><\/div>\n<div class=\"pivot-link-msg\">* Alg\u00fan precio puede haber cambiado desde la \u00faltima revisi\u00f3n<\/div>\n<\/p><\/div>\n<p><!-- PIVOT END --><\/p>\n<h3><strong>Toshiba 40LV2463DG<\/strong><\/h3>\n<div class=\"article-asset-image article-asset-small article-asset-center\">\n<div class=\"asset-content\">\n<p>   <img decoding=\"async\" alt=\"tele\" class=\"centro_sinmarco\" src=\"https:\/\/i.blogs.es\/6b2063\/497271_00_1\/450_1000.webp\"><\/p><\/div>\n<\/div>\n<p>Si est\u00e1s pensando renovar la vieja tele del dormitorio o la cocina, en el mercado existen numerosas alternativas baratas. Ahora, en Carrefour, por ejemplo, puedes conseguir esta <strong>smart TV Toshiba 40LV2463DG<\/strong> de 40 pulgadas rebajada, por <a rel=\"nofollow, sponsored, noopener, noreferrer\" target=\"_blank\" class=\"js-ecommerce\" id=\"link-ecommerce-12\" href=\"https:\/\/www.xatakahome.com\/redirect?url=https%3A%2F%2Fwww.carrefour.es%2Ftv-led-40-100-cm-toshiba-40lv2463dg-fhd-tru-resolution-smart-tv-hdr-dolby-audio%2FVC4A-29246334%2Fp&amp;category=seleccion&amp;ecomPostExpiration=perish&amp;postId=116092\" data-vars-affiliate-url=\"https:\/\/www.carrefour.es\/tv-led-40-100-cm-toshiba-40lv2463dg-fhd-tru-resolution-smart-tv-hdr-dolby-audio\/VC4A-29246334\/p\" data-id=\"noopener noreferrer\">199 euros<\/a>.<\/p>\n<p><!-- BREAK 9 --><!-- PIVOT START --><\/p>\n<div class=\"pivot-ecommerce-container m-pivot-ecommerce-redesign article-asset-normal article-asset-center\">\n<div class=\"pivot-ecommerce\">\n<div class=\"pivot-ecommerce-figure\">\n  <a rel=\"nofollow, sponsored, noopener, noreferrer\" target=\"_blank\" href=\"https:\/\/www.xatakahome.com\/redirect?url=https%3A%2F%2Fwww.carrefour.es%2Ftv-led-40-100-cm-toshiba-40lv2463dg-fhd-tru-resolution-smart-tv-hdr-dolby-audio%2FVC4A-29246334%2Fp&amp;category=seleccion&amp;pivot=1&amp;ecomPostExpiration=perish&amp;postId=116092\"><br \/>\n   <img loading=\"lazy\" decoding=\"async\" alt='Toshiba 40LV2463DG 40\" DLED FullHD VIDAA' width=\"600\" height=\"600\" src=\"https:\/\/i.blogs.es\/2c06e5\/blob\/original.webp\" onerror='this.src=\"https:\/\/i.blogs.es\/2c06e5\/blob\/original.jpeg\"'><br \/>\n  <\/a>\n  <\/div>\n<div class=\"pivot-ecommerce-summary\">\n<p class=\"pivot-ecommerce-desc\">Toshiba 40LV2463DG 40&#8243; DLED FullHD VIDAA<\/p>\n<div class=\"pivot-actions \">\n<div class=\"pivot-actions-row\">\n <a rel=\"nofollow, sponsored, noopener, noreferrer\" target=\"_blank\" data-asin=\"\" data-store=\"\" href=\"https:\/\/www.xatakahome.com\/redirect?url=https%3A%2F%2Fwww.carrefour.es%2Ftv-led-40-100-cm-toshiba-40lv2463dg-fhd-tru-resolution-smart-tv-hdr-dolby-audio%2FVC4A-29246334%2Fp&amp;category=seleccion&amp;pivot=1&amp;ecomPostExpiration=perish&amp;postId=116092\" title=\"Precio de venta al p\u00fablico a fecha de publicaci\u00f3n\" class=\"pivot-action-btn pivot-action-primary\">PVP en Carrefour \u2014 <strong><span class=\"js-deal-price\">199,00<\/span> \u20ac<\/strong><\/a><br \/>\n   <a rel=\"nofollow, sponsored, noopener, noreferrer\" target=\"_blank\" data-asin=\"10859592\" data-store=\"PcComponentes\" href=\"https:\/\/www.xatakahome.com\/redirect?url=https%3A%2F%2Fwww.pccomponentes.com%2Ftv-toshiba-40lv2463dg-40-dled-fullhd-vidaa&amp;category=seleccion&amp;pivot=1&amp;ecomPostExpiration=perish&amp;postId=116092\" title=\"Precio actualizado hoy\" class=\"pivot-action-btn metrics-pivot-btn pivot-action-secondary\">PcComponentes \u2014 <strong><span class=\"js-deal-price\">269,00<\/span> \u20ac<\/strong><\/a>\n <\/div>\n<\/p><\/div>\n<\/p><\/div>\n<\/p><\/div>\n<div class=\"pivot-link-msg\">* Alg\u00fan precio puede haber cambiado desde la \u00faltima revisi\u00f3n<\/div>\n<\/p><\/div>\n<p><!-- PIVOT END --><\/p>\n<h3><strong>LG 65UT80006LA<\/strong><\/h3>\n<div class=\"article-asset-image article-asset-small article-asset-center\">\n<div class=\"asset-content\">\n                    <a rel=\"nofollow, sponsored, noopener, noreferrer\" target=\"_blank\" class=\"js-ecommerce\" id=\"link-ecommerce-13\" href=\"https:\/\/www.xatakahome.com\/redirect?url=https%3A%2F%2Fwww.mediamarkt.es%2Fes%2Fproduct%2F_tv-led-65-lg-65ut80006la-uhd-4k-procesador-inteligente-4k-a5-gen7-smart-tv-dvb-t2-h265-negro-1572256.html&amp;category=seleccion&amp;ecomPostExpiration=perish&amp;postId=116092\" data-vars-affiliate-url=\"https:\/\/www.mediamarkt.es\/es\/product\/_tv-led-65-lg-65ut80006la-uhd-4k-procesador-inteligente-4k-a5-gen7-smart-tv-dvb-t2-h265-negro-1572256.html\"><\/p>\n<p>    <img decoding=\"async\" alt=\"LG 65UT80006LA\" class=\"centro_sinmarco\" src=\"https:\/\/i.blogs.es\/4b660d\/proyecto-nuevo---2025-01-08t150211.090\/450_1000.webp\"><br \/>\n     <\/a><\/p><\/div>\n<\/div>\n<p>Si te gusta el plan de ver pel\u00edculas y series en casa y quieres hacerlo en una pantalla grande, esta <strong>smart TV LG 65UT80006LA<\/strong> es una buena opci\u00f3n a tener en cuenta. Ahora, durante los LG Days de MediaMarkt puedes comprarla en oferta, por <a rel=\"nofollow, sponsored, noopener, noreferrer\" target=\"_blank\" class=\"js-ecommerce\" id=\"link-ecommerce-14\" href=\"https:\/\/www.xatakahome.com\/redirect?url=https%3A%2F%2Fwww.mediamarkt.es%2Fes%2Fproduct%2F_tv-led-65-lg-65ut80006la-uhd-4k-procesador-inteligente-4k-a5-gen7-smart-tv-dvb-t2-h265-negro-1572256.html&amp;category=seleccion&amp;ecomPostExpiration=perish&amp;postId=116092\" data-vars-affiliate-url=\"https:\/\/www.mediamarkt.es\/es\/product\/_tv-led-65-lg-65ut80006la-uhd-4k-procesador-inteligente-4k-a5-gen7-smart-tv-dvb-t2-h265-negro-1572256.html\" data-id=\"noopener noreferrer\">579 euros<\/a> frente a los 894 euros que suele costar.<\/p>\n<p><!-- BREAK 10 --><!-- PIVOT START --><\/p>\n<div class=\"pivot-ecommerce-container m-pivot-ecommerce-redesign article-asset-normal article-asset-center\">\n<div class=\"pivot-ecommerce\">\n<div class=\"pivot-ecommerce-figure\">\n  <a rel=\"nofollow, sponsored, noopener, noreferrer\" target=\"_blank\" href=\"https:\/\/www.xatakahome.com\/redirect?url=https%3A%2F%2Fwww.mediamarkt.es%2Fes%2Fproduct%2F_tv-led-65-lg-65ut80006la-uhd-4k-procesador-inteligente-4k-a5-gen7-smart-tv-dvb-t2-h265-negro-1572256.html&amp;category=seleccion&amp;pivot=1&amp;ecomPostExpiration=perish&amp;postId=116092\"><br \/>\n   <img loading=\"lazy\" decoding=\"async\" alt='LG 65UT80006LA 65 \"' width=\"600\" height=\"600\" src=\"https:\/\/i.blogs.es\/f456e7\/blob\/original.webp\" onerror='this.src=\"https:\/\/i.blogs.es\/f456e7\/blob\/original.jpeg\"'><br \/>\n  <\/a>\n  <\/div>\n<div class=\"pivot-ecommerce-summary\">\n<p class=\"pivot-ecommerce-desc\">LG 65UT80006LA 65 \u00ab<\/p>\n<div class=\"pivot-actions \">\n<div class=\"pivot-actions-row\">\n <a rel=\"nofollow, sponsored, noopener, noreferrer\" target=\"_blank\" data-asin=\"\" data-store=\"\" href=\"https:\/\/www.xatakahome.com\/redirect?url=https%3A%2F%2Fwww.mediamarkt.es%2Fes%2Fproduct%2F_tv-led-65-lg-65ut80006la-uhd-4k-procesador-inteligente-4k-a5-gen7-smart-tv-dvb-t2-h265-negro-1572256.html&amp;category=seleccion&amp;pivot=1&amp;ecomPostExpiration=perish&amp;postId=116092\" title=\"Precio de venta al p\u00fablico a fecha de publicaci\u00f3n\" class=\"pivot-action-btn pivot-action-primary\">PVP en MediaMarkt \u2014 <strong><span class=\"js-deal-price\">579,00<\/span> \u20ac<\/strong><\/a><br \/>\n   <a rel=\"nofollow, sponsored, noopener, noreferrer\" target=\"_blank\" data-asin=\"\" data-store=\"\" href=\"https:\/\/www.xatakahome.com\/redirect?url=https%3A%2F%2Fwww.amazon.es%2Fdp%2FB0CY5HFKV3&amp;category=seleccion&amp;pivot=1&amp;ecomPostExpiration=perish&amp;postId=116092\" title=\"Precio de venta al p\u00fablico a fecha de publicaci\u00f3n\" class=\"pivot-action-btn pivot-action-secondary\">Amazon \u2014 <strong><span class=\"js-deal-price\">589,00<\/span> \u20ac<\/strong><\/a><br \/>\n   <a rel=\"nofollow, sponsored, noopener, noreferrer\" target=\"_blank\" data-asin=\"\" data-store=\"\" href=\"https:\/\/www.xatakahome.com\/redirect?url=https%3A%2F%2Fwww.pccomponentes.com%2Ftv-lg-65ut80006la-65-led-ultrahd-4k-hdr10&amp;category=seleccion&amp;pivot=1&amp;ecomPostExpiration=perish&amp;postId=116092\" title=\"Precio de venta al p\u00fablico a fecha de publicaci\u00f3n\" class=\"pivot-action-btn pivot-action-secondary\">PcComponentes \u2014 <strong><span class=\"js-deal-price\">679,00<\/span> \u20ac<\/strong><\/a>\n <\/div>\n<\/p><\/div>\n<\/p><\/div>\n<\/p><\/div>\n<div class=\"pivot-link-msg\">* Alg\u00fan precio puede haber cambiado desde la \u00faltima revisi\u00f3n<\/div>\n<\/p><\/div>\n<p><!-- PIVOT END --><\/p>\n<h3>LG OLED48B46LA<\/h3>\n<div class=\"article-asset-image article-asset-small article-asset-center\">\n<div class=\"asset-content\">\n<p>   <img decoding=\"async\" alt=\"Asset Mms 145280969\" class=\"centro_sinmarco\" src=\"https:\/\/i.blogs.es\/41327e\/asset_mms_145280969\/450_1000.webp\"><\/p><\/div>\n<\/div>\n<p>Si quieres una <strong>tele OLED<\/strong> de gama de entrada pero a la \u00faltima y en tama\u00f1o compacto esta semana cuenta con un buen descuento este <strong>modelo B4 de LG<\/strong>, una Smart TV 4K con procesador inteligente \u03b18 y <strong>48 pulgadas<\/strong> por <a rel=\"nofollow, sponsored, noopener, noreferrer\" target=\"_blank\" class=\"js-ecommerce\" id=\"link-ecommerce-15\" href=\"https:\/\/www.xatakahome.com\/redirect?url=https%3A%2F%2Fwww.mediamarkt.es%2Fes%2Fproduct%2F_tv-oled-48-lg-oled48b46la-oled-4k-procesador-inteligente-4k-a8-smart-tv-dvb-t2-h265-negro-dark-meteor-titan-1581638.html&amp;category=seleccion&amp;ecomPostExpiration=perish&amp;postId=116092\" data-vars-affiliate-url=\"https:\/\/www.mediamarkt.es\/es\/product\/_tv-oled-48-lg-oled48b46la-oled-4k-procesador-inteligente-4k-a8-smart-tv-dvb-t2-h265-negro-dark-meteor-titan-1581638.html\" data-id=\"noopener noreferrer\">829 euros<\/a> frente a los 1091 habituales.<\/p>\n<p><!-- BREAK 11 --><!-- PIVOT START --><\/p>\n<div class=\"pivot-ecommerce-container m-pivot-ecommerce-redesign article-asset-normal article-asset-center\">\n<div class=\"pivot-ecommerce\">\n<div class=\"pivot-ecommerce-figure\">\n  <a rel=\"nofollow, sponsored, noopener, noreferrer\" target=\"_blank\" href=\"https:\/\/www.xatakahome.com\/redirect?url=https%3A%2F%2Fwww.mediamarkt.es%2Fes%2Fproduct%2F_tv-oled-48-lg-oled48b46la-oled-4k-procesador-inteligente-4k-a8-smart-tv-dvb-t2-h265-negro-dark-meteor-titan-1581638.html&amp;category=seleccion&amp;pivot=1&amp;ecomPostExpiration=perish&amp;postId=116092\"><br \/>\n   <img loading=\"lazy\" decoding=\"async\" alt='TV OLED 48\" - LG OLED48B46LA, OLED 4K, Procesador Inteligente 4K \u03b18, Smart TV, DVB-T2 (H.265), Negro Dark Meteor Titan' width=\"1251\" height=\"1251\" src=\"https:\/\/i.blogs.es\/0f3968\/blob\/original.webp\" onerror='this.src=\"https:\/\/i.blogs.es\/0f3968\/blob\/original.jpeg\"'><br \/>\n  <\/a>\n  <\/div>\n<div class=\"pivot-ecommerce-summary\">\n<p class=\"pivot-ecommerce-desc\">TV OLED 48&#8243; &#8211; LG OLED48B46LA, OLED 4K, Procesador Inteligente 4K \u03b18, Smart TV, DVB-T2 (H.265), Negro Dark Meteor Titan<\/p>\n<div class=\"pivot-actions \">\n<div class=\"pivot-actions-row\">\n <a rel=\"nofollow, sponsored, noopener, noreferrer\" target=\"_blank\" data-asin=\"\" data-store=\"\" href=\"https:\/\/www.xatakahome.com\/redirect?url=https%3A%2F%2Fwww.mediamarkt.es%2Fes%2Fproduct%2F_tv-oled-48-lg-oled48b46la-oled-4k-procesador-inteligente-4k-a8-smart-tv-dvb-t2-h265-negro-dark-meteor-titan-1581638.html&amp;category=seleccion&amp;pivot=1&amp;ecomPostExpiration=perish&amp;postId=116092\" title=\"Precio de venta al p\u00fablico a fecha de publicaci\u00f3n\" class=\"pivot-action-btn pivot-action-primary\">PVP en MediaMarkt \u2014 <strong><span class=\"js-deal-price\">829,00<\/span> \u20ac<\/strong><\/a>\n <\/div>\n<\/p><\/div>\n<\/p><\/div>\n<\/p><\/div>\n<div class=\"pivot-link-msg\">* Alg\u00fan precio puede haber cambiado desde la \u00faltima revisi\u00f3n<\/div>\n<\/p><\/div>\n<p><!-- PIVOT END --><\/p>\n<h3>Xiaomi A PRO 2025<\/h3>\n<div class=\"article-asset-image article-asset-small article-asset-center\">\n<div class=\"asset-content\">\n<p>   <img decoding=\"async\" alt=\"Asset Mms 140008380\" class=\"centro_sinmarco\" src=\"https:\/\/i.blogs.es\/7c53c1\/asset_mms_140008380\/450_1000.webp\"><\/p><\/div>\n<\/div>\n<p>En la gama de entrada nos encontramos con este televisor inteligente de <strong>Xiaomi gobernado por Google TV<\/strong>, con resoluci\u00f3n 4K panel LCD QLED, Dolby Audio y 55 pulgadas. Su precio es de <a rel=\"nofollow, sponsored, noopener, noreferrer\" target=\"_blank\" class=\"js-ecommerce\" id=\"link-ecommerce-16\" href=\"https:\/\/www.xatakahome.com\/redirect?url=https%3A%2F%2Fwww.mediamarkt.es%2Fes%2Fproduct%2F_tv-qled-55-xiaomi-a-pro-2025-55-qled-4k-smart-tv-google-tv-dolby-vision-control-por-voz-black-1571504.html&amp;category=seleccion&amp;ecomPostExpiration=perish&amp;postId=116092\" data-vars-affiliate-url=\"https:\/\/www.mediamarkt.es\/es\/product\/_tv-qled-55-xiaomi-a-pro-2025-55-qled-4k-smart-tv-google-tv-dolby-vision-control-por-voz-black-1571504.html\" data-id=\"noopener noreferrer\">379 euros<\/a> frente a los 499 habituales.<\/p>\n<p><!-- BREAK 12 --><!-- PIVOT START --><\/p>\n<div class=\"pivot-ecommerce-container m-pivot-ecommerce-redesign article-asset-normal article-asset-center\">\n<div class=\"pivot-ecommerce\">\n<div class=\"pivot-ecommerce-figure\">\n  <a rel=\"nofollow, sponsored, noopener, noreferrer\" target=\"_blank\" href=\"https:\/\/www.xatakahome.com\/redirect?url=https%3A%2F%2Fwww.mediamarkt.es%2Fes%2Fproduct%2F_tv-qled-55-xiaomi-a-pro-2025-55-qled-4k-smart-tv-google-tv-dolby-vision-control-por-voz-black-1571504.html&amp;category=seleccion&amp;pivot=1&amp;ecomPostExpiration=perish&amp;postId=116092\"><br \/>\n   <img loading=\"lazy\" decoding=\"async\" alt='TV QLED 55\" - Xiaomi A PRO 2025 55, QLED 4K, Smart TV (Google TV), Dolby Audio, Control por voz, Black' width=\"1177\" height=\"1177\" src=\"https:\/\/i.blogs.es\/f2ac5b\/blob\/original.webp\" onerror='this.src=\"https:\/\/i.blogs.es\/f2ac5b\/blob\/original.jpeg\"'><br \/>\n  <\/a>\n  <\/div>\n<div class=\"pivot-ecommerce-summary\">\n<p class=\"pivot-ecommerce-desc\">TV QLED 55&#8243; &#8211; Xiaomi A PRO 2025 55, QLED 4K, Smart TV (Google TV), Dolby Audio, Control por voz, Black<\/p>\n<div class=\"pivot-actions \">\n<div class=\"pivot-actions-row\">\n <a rel=\"nofollow, sponsored, noopener, noreferrer\" target=\"_blank\" data-asin=\"\" data-store=\"\" href=\"https:\/\/www.xatakahome.com\/redirect?url=https%3A%2F%2Fwww.mediamarkt.es%2Fes%2Fproduct%2F_tv-qled-55-xiaomi-a-pro-2025-55-qled-4k-smart-tv-google-tv-dolby-vision-control-por-voz-black-1571504.html&amp;category=seleccion&amp;pivot=1&amp;ecomPostExpiration=perish&amp;postId=116092\" title=\"Precio de venta al p\u00fablico a fecha de publicaci\u00f3n\" class=\"pivot-action-btn pivot-action-primary\">PVP en MediaMarkt \u2014 <strong><span class=\"js-deal-price\">349,00<\/span> \u20ac<\/strong><\/a>\n <\/div>\n<\/p><\/div>\n<\/p><\/div>\n<\/p><\/div>\n<div class=\"pivot-link-msg\">* Alg\u00fan precio puede haber cambiado desde la \u00faltima revisi\u00f3n<\/div>\n<\/p><\/div>\n<p><!-- PIVOT END --><\/p>\n<h3>TCL QM8B<\/h3>\n<div class=\"article-asset-image article-asset-small article-asset-center\">\n<div class=\"asset-content\">\n<p>   <img decoding=\"async\" alt=\"TCL\" class=\"centro_sinmarco\" src=\"https:\/\/i.blogs.es\/b3e095\/71ujytxugol._ac_sl1500_\/450_1000.webp\"><\/p><\/div>\n<\/div>\n<p>Esta semana tiene un ofert\u00f3n el modelo <strong>QM8B de TCL <\/strong>(mismo modelo que la popular TCL C805, que tenemos entre los mejores <a class=\"text-outboundlink\" href=\"https:\/\/www.xatakahome.com\/a-fondo\/mejores-televisores-cual-comprar-modelos-recomendados-para-tener-imagen-sonido-cine\" data-vars-post-title=\"Los mejores televisores de 2024: cu\u00e1l comprar y Smart TV recomendadas para tener una imagen y sonido de cine\" data-vars-post-url=\"https:\/\/www.xatakahome.com\/a-fondo\/mejores-televisores-cual-comprar-modelos-recomendados-para-tener-imagen-sonido-cine\">televisores de 2024<\/a>) en su versi\u00f3n de <strong>65 pulgadas<\/strong>, una pantalla 4K HDR con panel a 144 Hz, sistema operativo Dolby Vision IQ y sonido Dolby Atmos afinado por Onkyo. Podemos encontrarlo con descuento despu\u00e9s del Black Friday en Amazon por un importe de <a rel=\"nofollow, sponsored, noopener, noreferrer\" target=\"_blank\" class=\"js-ecommerce\" id=\"link-ecommerce-17\" href=\"https:\/\/www.xatakahome.com\/redirect?url=https%3A%2F%2Fwww.amazon.es%2FTCL-55QM8B-1300nits-Assistant-Incorporado%2Fdp%2FB0CF2QM6GY&amp;category=seleccion&amp;ecomPostExpiration=perish&amp;postId=116092\" data-vars-affiliate-url=\"https:\/\/www.amazon.es\/TCL-55QM8B-1300nits-Assistant-Incorporado\/dp\/B0CF2QM6GY\" data-id=\"noopener noreferrer\">688 euros<\/a>, casi a mitad de precio.<\/p>\n<p><!-- BREAK 13 --><!-- PIVOT START --><\/p>\n<div class=\"pivot-ecommerce-container m-pivot-ecommerce-redesign article-asset-normal article-asset-center\">\n<div class=\"pivot-ecommerce\">\n<div class=\"pivot-ecommerce-figure\">\n  <a rel=\"nofollow, sponsored, noopener, noreferrer\" target=\"_blank\" href=\"https:\/\/www.xatakahome.com\/redirect?url=https%3A%2F%2Fwww.amazon.es%2Fdp%2FB0CF2QM6GY%3Ftag%3Dxatakahome-21%26linkCode%3Dogi%26th%3D1%26psc%3D1&amp;category=seleccion&amp;pivot=1&amp;ecomPostExpiration=perish&amp;postId=116092\"><br \/>\n   <img loading=\"lazy\" decoding=\"async\" alt=\"TCL 65QM8B TV MiniLED 65\u201d, QLED, 144Hz, 4K HDR Premium 1300nits, Google TV, Dolby Vision IQ &amp; Atmos, Onkyo, Google Assistant Incorporado y Game Master Pro 2.0\" width=\"500\" height=\"344\" src=\"https:\/\/i.blogs.es\/75a5da\/41iudqasjhl._sl500_\/original.webp\" onerror='this.src=\"https:\/\/i.blogs.es\/75a5da\/41iudqasjhl._sl500_\/original.jpeg\"'><br \/>\n  <\/a>\n  <\/div>\n<div class=\"pivot-ecommerce-summary\">\n<p class=\"pivot-ecommerce-desc\">TCL 65QM8B TV MiniLED 65\u201d, QLED, 144Hz, 4K HDR Premium 1300nits, Google TV, Dolby Vision IQ &amp; Atmos, Onkyo, Google Assistant Incorporado y Game Master Pro 2.0<\/p>\n<div class=\"pivot-actions \">\n<div class=\"pivot-actions-row\">\n <a rel=\"nofollow, sponsored, noopener, noreferrer\" target=\"_blank\" data-asin=\"B0CF2QM6GY\" data-store=\"Amazon\" href=\"https:\/\/www.xatakahome.com\/redirect?url=https%3A%2F%2Fwww.amazon.es%2Fdp%2FB0CF2QM6GY%3Ftag%3Dxatakahome-21%26linkCode%3Dogi%26th%3D1%26psc%3D1&amp;category=seleccion&amp;pivot=1&amp;ecomPostExpiration=perish&amp;postId=116092\" title=\"Precio actualizado hoy\" class=\"pivot-action-btn metrics-pivot-btn pivot-action-primary\">Hoy en Amazon \u2014 <strong><span class=\"js-deal-price\">689,00<\/span> \u20ac<\/strong><\/a>\n <\/div>\n<\/p><\/div>\n<\/p><\/div>\n<\/p><\/div>\n<div class=\"pivot-link-msg\">* Alg\u00fan precio puede haber cambiado desde la \u00faltima revisi\u00f3n<\/div>\n<\/p><\/div>\n<p><!-- PIVOT END --><\/p>\n<h3><strong>Bose TV Speaker<\/strong><\/h3>\n<div class=\"article-asset-image article-asset-small article-asset-center\">\n<div class=\"asset-content\">\n                    <a rel=\"nofollow, sponsored, noopener, noreferrer\" target=\"_blank\" class=\"js-ecommerce\" id=\"link-ecommerce-18\" href=\"https:\/\/www.xatakahome.com\/redirect?url=https%3A%2F%2Fwww.amazon.es%2FBose-Speaker-compacta-conectividad-Bluetooth%2Fdp%2FB086KKZYP1%2F&amp;category=seleccion&amp;ecomPostExpiration=perish&amp;postId=116092\" data-vars-affiliate-url=\"https:\/\/www.amazon.es\/Bose-Speaker-compacta-conectividad-Bluetooth\/dp\/B086KKZYP1\/\"><\/p>\n<p>    <img decoding=\"async\" alt=\"Bose TV Speaker\" class=\"centro_sinmarco\" src=\"https:\/\/i.blogs.es\/9fe6a9\/proyecto-nuevo-51-\/450_1000.webp\"><br \/>\n     <\/a><\/p><\/div>\n<\/div>\n<p>Para quienes quieren disfrutar de una aut\u00e9ntica experiencia cinematogr\u00e1fica en casa, la barra de sonido es uno de los complementos imprescindibles para su Smart TV. En Amazon, puedes conseguir hoy en oferta esta <strong>Bose TV Speaker <\/strong>por<strong> <\/strong><a rel=\"nofollow, sponsored, noopener, noreferrer\" target=\"_blank\" class=\"js-ecommerce\" id=\"link-ecommerce-19\" href=\"https:\/\/www.xatakahome.com\/redirect?url=https%3A%2F%2Fwww.amazon.es%2Fdp%2FB0D1CR2C3J&amp;category=seleccion&amp;ecomPostExpiration=perish&amp;postId=116092\" data-vars-affiliate-url=\"https:\/\/www.amazon.es\/dp\/B0D1CR2C3J\" data-id=\"noopener noreferrer\">199 euros<\/a>.<\/p>\n<p><!-- BREAK 14 --><!-- PIVOT START --><\/p>\n<div class=\"pivot-ecommerce-container m-pivot-ecommerce-redesign article-asset-normal article-asset-center\">\n<div class=\"pivot-ecommerce\">\n<div class=\"pivot-ecommerce-figure\">\n  <a rel=\"nofollow, sponsored, noopener, noreferrer\" target=\"_blank\" href=\"https:\/\/www.xatakahome.com\/redirect?url=https%3A%2F%2Fwww.amazon.es%2Fdp%2FB086KKZYP1%3Ftag%3Dxatakahome-21%26linkCode%3Dogi%26th%3D1%26psc%3D1&amp;category=seleccion&amp;pivot=1&amp;ecomPostExpiration=perish&amp;postId=116092\"><br \/>\n   <img loading=\"lazy\" decoding=\"async\" alt=\"Bose TV Speaker Barra de Sonido compacta con conectividad Bluetooth\" width=\"500\" height=\"500\" src=\"https:\/\/i.blogs.es\/fd0875\/31-vmdcovnl._sl500_\/original.webp\" onerror='this.src=\"https:\/\/i.blogs.es\/fd0875\/31-vmdcovnl._sl500_\/original.jpeg\"'><br \/>\n  <\/a>\n  <\/div>\n<div class=\"pivot-ecommerce-summary\">\n<p class=\"pivot-ecommerce-desc\">Bose TV Speaker Barra de Sonido compacta con conectividad Bluetooth<\/p>\n<div class=\"pivot-actions \">\n<div class=\"pivot-actions-row\">\n <a rel=\"nofollow, sponsored, noopener, noreferrer\" target=\"_blank\" data-asin=\"B086KKZYP1\" data-store=\"Amazon\" href=\"https:\/\/www.xatakahome.com\/redirect?url=https%3A%2F%2Fwww.amazon.es%2Fdp%2FB086KKZYP1%3Ftag%3Dxatakahome-21%26linkCode%3Dogi%26th%3D1%26psc%3D1&amp;category=seleccion&amp;pivot=1&amp;ecomPostExpiration=perish&amp;postId=116092\" title=\"Precio actualizado hoy\" class=\"pivot-action-btn metrics-pivot-btn pivot-action-primary\">Hoy en Amazon \u2014 <strong><span class=\"js-deal-price\">219,00<\/span> \u20ac<\/strong><\/a><br \/>\n   <a rel=\"nofollow, sponsored, noopener, noreferrer\" target=\"_blank\" data-asin=\"001011411404780\" data-store=\"El Corte Ingl\u00e9s\" href=\"https:\/\/www.xatakahome.com\/redirect?url=https%3A%2F%2Fwww.elcorteingles.es%2Felectronica%2FA35758124-barra-de-sonido-bose-tv-speaker-bluetooth%2F&amp;category=seleccion&amp;pivot=1&amp;ecomPostExpiration=perish&amp;postId=116092\" title=\"Precio actualizado hoy\" class=\"pivot-action-btn metrics-pivot-btn pivot-action-secondary\">El Corte Ingl\u00e9s \u2014 <strong><span class=\"js-deal-price\">299,00<\/span> \u20ac<\/strong><\/a><br \/>\n   <a rel=\"nofollow, sponsored, noopener, noreferrer\" target=\"_blank\" data-asin=\"309352\" data-store=\"PcComponentes\" href=\"https:\/\/www.xatakahome.com\/redirect?url=https%3A%2F%2Fwww.pccomponentes.com%2Fbose-tv-speaker-barra-de-sonido-con-conectividad-bluetooth&amp;category=seleccion&amp;pivot=1&amp;ecomPostExpiration=perish&amp;postId=116092\" title=\"Precio actualizado hoy\" class=\"pivot-action-btn metrics-pivot-btn pivot-action-secondary\">PcComponentes \u2014 <strong><span class=\"js-deal-price\">299,00<\/span> \u20ac<\/strong><\/a>\n <\/div>\n<\/p><\/div>\n<\/p><\/div>\n<\/p><\/div>\n<div class=\"pivot-link-msg\">* Alg\u00fan precio puede haber cambiado desde la \u00faltima revisi\u00f3n<\/div>\n<\/p><\/div>\n<p><!-- PIVOT END --><\/p>\n<div class=\"article-asset article-asset-normal article-asset-center\">\n<div class=\"desvio-container\">\n<div class=\"desvio\">\n<div class=\"desvio-figure js-desvio-figure\">\n    <a href=\"https:\/\/www.xataka.com\/televisores\/tecnologias-panel-tendencias-televisores-que-llegan-2022-explicadas\" class=\"pivot-outboundlink\" target=\"_blank\" data-vars-post-title=\"Las tecnolog\u00edas de panel y las tendencias en televisores que llegan en 2022, explicadas\"><br \/>\n     <img loading=\"lazy\" decoding=\"async\" alt=\"Las tecnolog\u00edas de panel y las tendencias en televisores que llegan en 2022, explicadas\" width=\"375\" height=\"142\" src=\"https:\/\/i.blogs.es\/7e36db\/micro-led_1\/375_142.webp\" onerror='this.src=\"https:\/\/i.blogs.es\/7e36db\/micro-led_1\/375_142.jpeg\"'><br \/>\n    <\/a>\n   <\/div>\n<div class=\"desvio-summary\">\n<div class=\"desvio-taxonomy js-desvio-taxonomy\">\n     <a href=\"https:\/\/www.xataka.com\/televisores\/tecnologias-panel-tendencias-televisores-que-llegan-2022-explicadas\" class=\"desvio-taxonomy-anchor pivot-outboundlink m-crosspost\" target=\"_blank\" data-vars-post-title=\"Las tecnolog\u00edas de panel y las tendencias en televisores que llegan en 2022, explicadas\">En Xataka<\/a>\n    <\/div>\n<p>    <a href=\"https:\/\/www.xataka.com\/televisores\/tecnologias-panel-tendencias-televisores-que-llegan-2022-explicadas\" class=\"desvio-title js-desvio-title pivot-outboundlink\" target=\"_blank\" data-vars-post-title=\"Las tecnolog\u00edas de panel y las tendencias en televisores que llegan en 2022, explicadas\">Las tecnolog\u00edas de panel y las tendencias en televisores que llegan en 2022, explicadas<\/a>\n   <\/div>\n<\/p><\/div>\n<\/p><\/div>\n<\/div>\n<h2>Electrodom\u00e9sticos, climatizaci\u00f3n y hogar inteligente<\/h2>\n<h3><strong>Mellerware Cristal Warmy<\/strong><\/h3>\n<div class=\"article-asset-image article-asset-small article-asset-center\">\n<div class=\"asset-content\">\n                    <a rel=\"nofollow, sponsored, noopener, noreferrer\" target=\"_blank\" class=\"js-ecommerce\" id=\"link-ecommerce-20\" href=\"https:\/\/www.xatakahome.com\/redirect?url=https%3A%2F%2Fwww.miravia.es%2Fp%2Fi1364388455740375-s2081707002352599.html&amp;category=seleccion&amp;ecomPostExpiration=perish&amp;postId=116092\" data-vars-affiliate-url=\"https:\/\/www.miravia.es\/p\/i1364388455740375-s2081707002352599.html\"><\/p>\n<p>    <img decoding=\"async\" alt=\"convector Mellerware Cristal Warmy\" class=\"centro_sinmarco\" src=\"https:\/\/i.blogs.es\/92b196\/proyecto-nuevo---2025-01-21t125548.899\/450_1000.webp\"><br \/>\n     <\/a><\/p><\/div>\n<\/div>\n<p>Si est\u00e1s cansado de que tu casa parezca un igl\u00fa, pero tampoco quieres que tu factura de la luz te dej\u00e9 arruinado, este <strong>convector Mellerware Cristal Warmy<\/strong> es un buen dispositivo a tener en cuenta. Ahora, est\u00e1 rebajado en Miravia y lo puedes comprar por <a rel=\"nofollow, sponsored, noopener, noreferrer\" target=\"_blank\" class=\"js-ecommerce\" id=\"link-ecommerce-21\" href=\"https:\/\/www.xatakahome.com\/redirect?url=https%3A%2F%2Fwww.miravia.es%2Fp%2Fi1364388455740375-s2081707002352599.html&amp;category=seleccion&amp;ecomPostExpiration=perish&amp;postId=116092\" data-vars-affiliate-url=\"https:\/\/www.miravia.es\/p\/i1364388455740375-s2081707002352599.html\" data-id=\"noopener noreferrer\">73,03 euros<\/a>.<\/p>\n<p><!-- BREAK 15 --><!-- PIVOT START --><\/p>\n<div class=\"pivot-ecommerce-container m-pivot-ecommerce-redesign article-asset-normal article-asset-center\">\n<div class=\"pivot-ecommerce\">\n<div class=\"pivot-ecommerce-figure\">\n  <a rel=\"nofollow, sponsored, noopener, noreferrer\" target=\"_blank\" href=\"https:\/\/www.xatakahome.com\/redirect?url=https%3A%2F%2Fwww.miravia.es%2Fp%2Fi1366686640458644-s2084124798122900.html&amp;category=seleccion&amp;pivot=1&amp;ecomPostExpiration=perish&amp;postId=116092\"><br \/>\n   <img loading=\"lazy\" decoding=\"async\" alt=\"Mellerware - Convector El\u00e9ctrico WIFI Cristal Warmy 2000W\" width=\"600\" height=\"600\" src=\"https:\/\/i.blogs.es\/f0de16\/blob\/original.webp\" onerror='this.src=\"https:\/\/i.blogs.es\/f0de16\/blob\/original.jpeg\"'><br \/>\n  <\/a>\n  <\/div>\n<div class=\"pivot-ecommerce-summary\">\n<p class=\"pivot-ecommerce-desc\">Mellerware &#8211; Convector El\u00e9ctrico WIFI Cristal Warmy 2000W<\/p>\n<div class=\"pivot-actions \">\n<div class=\"pivot-actions-row\">\n <a rel=\"nofollow, sponsored, noopener, noreferrer\" target=\"_blank\" data-asin=\"\" data-store=\"\" href=\"https:\/\/www.xatakahome.com\/redirect?url=https%3A%2F%2Fwww.miravia.es%2Fp%2Fi1366686640458644-s2084124798122900.html&amp;category=seleccion&amp;pivot=1&amp;ecomPostExpiration=perish&amp;postId=116092\" title=\"Precio de venta al p\u00fablico a fecha de publicaci\u00f3n\" class=\"pivot-action-btn pivot-action-primary\">PVP en Miravia \u2014 <strong><span class=\"js-deal-price\">73,03<\/span> \u20ac<\/strong><\/a>\n <\/div>\n<\/p><\/div>\n<\/p><\/div>\n<\/p><\/div>\n<div class=\"pivot-link-msg\">* Alg\u00fan precio puede haber cambiado desde la \u00faltima revisi\u00f3n<\/div>\n<\/p><\/div>\n<p><!-- PIVOT END --><\/p>\n<p><strong>MERCATOOLS MT-01565<\/strong><\/p>\n<div class=\"article-asset-image article-asset-small article-asset-center\">\n<div class=\"asset-content\">\n                    <a rel=\"nofollow, sponsored, noopener, noreferrer\" target=\"_blank\" class=\"js-ecommerce\" id=\"link-ecommerce-22\" href=\"https:\/\/www.xatakahome.com\/redirect?url=https%3A%2F%2Fwww.leroymerlin.es%2Fproductos%2Fsecador-de-ropa-mercatools-mt-01565-17867143.html&amp;category=seleccion&amp;ecomPostExpiration=perish&amp;postId=116092\" data-vars-affiliate-url=\"https:\/\/www.leroymerlin.es\/productos\/secador-de-ropa-mercatools-mt-01565-17867143.html\"><\/p>\n<p>    <img decoding=\"async\" alt=\"Secador de ropa MERCATOOLS MT-01565\" class=\"centro_sinmarco\" src=\"https:\/\/i.blogs.es\/c02c37\/proyecto-nuevo---2025-01-20t093831.955\/450_1000.webp\"><br \/>\n     <\/a><\/p><\/div>\n<\/div>\n<p>Cuando se avecina una semana como esta, en la que los d\u00edas de lluvia van a ser seguidos, llega uno de los principales problemas en cualquier hogar: secar la ropa. Ahora, Leroy Merlin tiene una soluci\u00f3n perfecta para lograrlo y es este <strong>secador de ropa MERCATOOLS MT-01565<\/strong>, que est\u00e1 disponible por <a rel=\"nofollow, sponsored, noopener, noreferrer\" target=\"_blank\" class=\"js-ecommerce\" id=\"link-ecommerce-23\" href=\"https:\/\/www.xatakahome.com\/redirect?url=https%3A%2F%2Fwww.leroymerlin.es%2Fproductos%2Fsecador-de-ropa-mercatools-mt-01565-17867143.html&amp;category=seleccion&amp;ecomPostExpiration=perish&amp;postId=116092\" data-vars-affiliate-url=\"https:\/\/www.leroymerlin.es\/productos\/secador-de-ropa-mercatools-mt-01565-17867143.html\" data-id=\"noopener noreferrer\">44,99 euros<\/a>.<\/p>\n<p><!-- BREAK 16 --><!-- PIVOT START --><\/p>\n<div class=\"pivot-ecommerce-container m-pivot-ecommerce-redesign article-asset-normal article-asset-center\">\n<div class=\"pivot-ecommerce\">\n<div class=\"pivot-ecommerce-figure\">\n  <a rel=\"nofollow, sponsored, noopener, noreferrer\" target=\"_blank\" href=\"https:\/\/www.xatakahome.com\/redirect?url=https%3A%2F%2Fwww.leroymerlin.es%2Fproductos%2Fsecador-de-ropa-mercatools-mt-01565-17867143.html&amp;category=seleccion&amp;pivot=1&amp;ecomPostExpiration=perish&amp;postId=116092\"><br \/>\n   <img loading=\"lazy\" decoding=\"async\" alt=\"MERCATOOLS Secador de ropa el\u00e9ctrico 1000W\" width=\"220\" height=\"500\" src=\"https:\/\/i.blogs.es\/f8dec8\/31eekc75hkl._sl500_\/original.webp\" onerror='this.src=\"https:\/\/i.blogs.es\/f8dec8\/31eekc75hkl._sl500_\/original.jpeg\"'><br \/>\n  <\/a>\n  <\/div>\n<div class=\"pivot-ecommerce-summary\">\n<p class=\"pivot-ecommerce-desc\">MERCATOOLS Secador de ropa el\u00e9ctrico 1000W<\/p>\n<div class=\"pivot-actions \">\n<div class=\"pivot-actions-row\">\n <a rel=\"nofollow, sponsored, noopener, noreferrer\" target=\"_blank\" data-asin=\"\" data-store=\"\" href=\"https:\/\/www.xatakahome.com\/redirect?url=https%3A%2F%2Fwww.leroymerlin.es%2Fproductos%2Fsecador-de-ropa-mercatools-mt-01565-17867143.html&amp;category=seleccion&amp;pivot=1&amp;ecomPostExpiration=perish&amp;postId=116092\" title=\"Precio de venta al p\u00fablico a fecha de publicaci\u00f3n\" class=\"pivot-action-btn pivot-action-primary\">PVP en Leroy Merlin \u2014 <strong><span class=\"js-deal-price\">44,99<\/span> \u20ac<\/strong><\/a><br \/>\n   <a rel=\"nofollow, sponsored, noopener, noreferrer\" target=\"_blank\" data-asin=\"B01LW46LT5\" data-store=\"Amazon\" href=\"https:\/\/www.xatakahome.com\/redirect?url=https%3A%2F%2Fwww.amazon.es%2Fdp%2FB01LW46LT5%3Ftag%3Dxatakahome-21%26linkCode%3Dogi%26th%3D1%26psc%3D1&amp;category=seleccion&amp;pivot=1&amp;ecomPostExpiration=perish&amp;postId=116092\" title=\"Precio actualizado hoy\" class=\"pivot-action-btn metrics-pivot-btn pivot-action-secondary\">Amazon \u2014 <strong><span class=\"js-deal-price\">76,69<\/span> \u20ac<\/strong><\/a>\n <\/div>\n<\/p><\/div>\n<\/p><\/div>\n<\/p><\/div>\n<div class=\"pivot-link-msg\">* Alg\u00fan precio puede haber cambiado desde la \u00faltima revisi\u00f3n<\/div>\n<\/p><\/div>\n<p><!-- PIVOT END --><\/p>\n<h3><strong>Monsieur Cuisine Plus<\/strong><\/h3>\n<div class=\"article-asset-image article-asset-small article-asset-center\">\n<div class=\"asset-content\">\n                    <a rel=\"nofollow, sponsored, noopener, noreferrer\" target=\"_blank\" class=\"js-ecommerce\" id=\"link-ecommerce-24\" href=\"https:\/\/www.xatakahome.com\/redirect?url=https%3A%2F%2Fwww.lidl.es%2Fes%2Frobot-de-cocina-monsieur-cuisine-plus%2Fp33674&amp;category=seleccion&amp;ecomPostExpiration=perish&amp;postId=116092\" data-vars-affiliate-url=\"https:\/\/www.lidl.es\/es\/robot-de-cocina-monsieur-cuisine-plus\/p33674\"><\/p>\n<p>    <img decoding=\"async\" alt=\"robot de cocina Monsieur Cuisine Plus\" class=\"centro_sinmarco\" src=\"https:\/\/i.blogs.es\/e5e51c\/proyecto-nuevo---2025-01-20t145129.631\/450_1000.webp\"><br \/>\n     <\/a><\/p><\/div>\n<\/div>\n<p>Lidl tiene en oferta el robot de cocina <strong>Monsieur Cuisine Plus<\/strong>, que ahora est\u00e1 disponible por <a rel=\"nofollow, sponsored, noopener, noreferrer\" target=\"_blank\" class=\"js-ecommerce\" id=\"link-ecommerce-25\" href=\"https:\/\/www.xatakahome.com\/redirect?url=https%3A%2F%2Fwww.lidl.es%2Fes%2Frobot-de-cocina-monsieur-cuisine-plus%2Fp33674&amp;category=seleccion&amp;ecomPostExpiration=perish&amp;postId=116092\" data-vars-affiliate-url=\"https:\/\/www.lidl.es\/es\/robot-de-cocina-monsieur-cuisine-plus\/p33674\" data-id=\"noopener noreferrer\">119,99 euros<\/a>. Cuenta con <strong>programas autom\u00e1ticos<\/strong> de salteado, amasado y cocin\u00f3 al vapor. Viene con una jarra batidora, accesorio mezclador, accesorio de cocci\u00f3n al vapor, accesorio de cocci\u00f3n, cuchillo y esp\u00e1tula. Adem\u00e1s, destaca por <strong>integrar una b\u00e1scula <\/strong>en la que podr\u00e1s pesar los ingredientes de las recetas que vayas a elaborar.<\/p>\n<p><!-- BREAK 17 --><!-- PIVOT START --><\/p>\n<div class=\"pivot-ecommerce-container m-pivot-ecommerce-redesign article-asset-normal article-asset-center\">\n<div class=\"pivot-ecommerce\">\n<div class=\"pivot-ecommerce-figure\">\n  <a rel=\"nofollow, sponsored, noopener, noreferrer\" target=\"_blank\" href=\"https:\/\/www.xatakahome.com\/redirect?url=https%3A%2F%2Fwww.lidl.es%2Fes%2Frobot-de-cocina-monsieur-cuisine-plus%2Fp33674&amp;category=seleccion&amp;pivot=1&amp;ecomPostExpiration=perish&amp;postId=116092\"><br \/>\n   <img loading=\"lazy\" decoding=\"async\" alt=\"Robot de cocina Monsieur Cuisine Plus\n\" width=\"600\" height=\"600\" src=\"https:\/\/i.blogs.es\/387709\/blob\/original.webp\" onerror='this.src=\"https:\/\/i.blogs.es\/387709\/blob\/original.jpeg\"'><br \/>\n  <\/a>\n  <\/div>\n<div class=\"pivot-ecommerce-summary\">\n<p class=\"pivot-ecommerce-desc\">Robot de cocina Monsieur Cuisine Plus\n<\/p>\n<div class=\"pivot-actions \">\n<div class=\"pivot-actions-row\">\n <a rel=\"nofollow, sponsored, noopener, noreferrer\" target=\"_blank\" data-asin=\"\" data-store=\"\" href=\"https:\/\/www.xatakahome.com\/redirect?url=https%3A%2F%2Fwww.lidl.es%2Fes%2Frobot-de-cocina-monsieur-cuisine-plus%2Fp33674&amp;category=seleccion&amp;pivot=1&amp;ecomPostExpiration=perish&amp;postId=116092\" title=\"Precio de venta al p\u00fablico a fecha de publicaci\u00f3n\" class=\"pivot-action-btn pivot-action-primary\">PVP en Lidl \u2014 <strong><span class=\"js-deal-price\">119,99<\/span> \u20ac<\/strong><\/a>\n <\/div>\n<\/p><\/div>\n<\/p><\/div>\n<\/p><\/div>\n<div class=\"pivot-link-msg\">* Alg\u00fan precio puede haber cambiado desde la \u00faltima revisi\u00f3n<\/div>\n<\/p><\/div>\n<p><!-- PIVOT END --><\/p>\n<h3>Foco solar Lidl<\/h3>\n<div class=\"article-asset-image article-asset-small article-asset-center\">\n<div class=\"asset-content\">\n                    <a rel=\"nofollow, sponsored, noopener, noreferrer\" target=\"_blank\" class=\"js-ecommerce\" id=\"link-ecommerce-26\" href=\"https:\/\/www.xatakahome.com\/redirect?url=https%3A%2F%2Fwww.lidl.es%2Fes%2Ffoco-solar-led-con-sensor-de-movimiento%2Fp74964&amp;category=seleccion&amp;ecomPostExpiration=perish&amp;postId=116092\" data-vars-affiliate-url=\"https:\/\/www.lidl.es\/es\/foco-solar-led-con-sensor-de-movimiento\/p74964\"><\/p>\n<p>    <img decoding=\"async\" alt=\"foco solar LED con sensor de movimiento\" class=\"centro_sinmarco\" src=\"https:\/\/i.blogs.es\/625cdc\/proyecto-nuevo---2025-01-22t100026.086\/450_1000.webp\"><br \/>\n     <\/a><\/p><\/div>\n<\/div>\n<p>Lidl ha lanzado un <strong>foco solar LED<\/strong> perfecto para la iluminaci\u00f3n exterior de tu hogar. Se trata de una soluci\u00f3n s\u00faper pr\u00e1ctica, sin tener que depender de la red el\u00e9ctrica. Adem\u00e1s, ha llamado la atenci\u00f3n por su precio, ya que solo cuesta <a rel=\"nofollow, sponsored, noopener, noreferrer\" target=\"_blank\" class=\"js-ecommerce\" id=\"link-ecommerce-27\" href=\"https:\/\/www.xatakahome.com\/redirect?url=https%3A%2F%2Fwww.lidl.es%2Fes%2Ffoco-solar-led-con-sensor-de-movimiento%2Fp74964&amp;category=seleccion&amp;ecomPostExpiration=perish&amp;postId=116092\" data-vars-affiliate-url=\"https:\/\/www.lidl.es\/es\/foco-solar-led-con-sensor-de-movimiento\/p74964\" data-id=\"noopener noreferrer\">7,99 euros<\/a>.<\/p>\n<p><!-- BREAK 18 --><!-- PIVOT START --><\/p>\n<div class=\"pivot-ecommerce-container m-pivot-ecommerce-redesign article-asset-normal article-asset-center\">\n<div class=\"pivot-ecommerce\">\n<div class=\"pivot-ecommerce-figure\">\n  <a rel=\"nofollow, sponsored, noopener, noreferrer\" target=\"_blank\" href=\"https:\/\/www.xatakahome.com\/redirect?url=https%3A%2F%2Fwww.lidl.es%2Fes%2Ffoco-solar-led-con-sensor-de-movimiento%2Fp74964&amp;category=seleccion&amp;pivot=1&amp;ecomPostExpiration=perish&amp;postId=116092\"><br \/>\n   <img loading=\"lazy\" decoding=\"async\" alt=\"Foco solar LED con sensor de movimiento\n\" width=\"600\" height=\"600\" src=\"https:\/\/i.blogs.es\/4a7d89\/blob\/original.webp\" onerror='this.src=\"https:\/\/i.blogs.es\/4a7d89\/blob\/original.jpeg\"'><br \/>\n  <\/a>\n  <\/div>\n<div class=\"pivot-ecommerce-summary\">\n<p class=\"pivot-ecommerce-desc\">Foco solar LED con sensor de movimiento\n<\/p>\n<div class=\"pivot-actions \">\n<div class=\"pivot-actions-row\">\n <a rel=\"nofollow, sponsored, noopener, noreferrer\" target=\"_blank\" data-asin=\"\" data-store=\"\" href=\"https:\/\/www.xatakahome.com\/redirect?url=https%3A%2F%2Fwww.lidl.es%2Fes%2Ffoco-solar-led-con-sensor-de-movimiento%2Fp74964&amp;category=seleccion&amp;pivot=1&amp;ecomPostExpiration=perish&amp;postId=116092\" title=\"Precio de venta al p\u00fablico a fecha de publicaci\u00f3n\" class=\"pivot-action-btn pivot-action-primary\">PVP en Lidl \u2014 <strong><span class=\"js-deal-price\">7,99<\/span> \u20ac<\/strong><\/a>\n <\/div>\n<\/p><\/div>\n<\/p><\/div>\n<\/p><\/div>\n<div class=\"pivot-link-msg\">* Alg\u00fan precio puede haber cambiado desde la \u00faltima revisi\u00f3n<\/div>\n<\/p><\/div>\n<p><!-- PIVOT END --><\/p>\n<h3>Aplique LED Lidl<\/h3>\n<div class=\"article-asset-image article-asset-small article-asset-center\">\n<div class=\"asset-content\">\n                    <a rel=\"nofollow, sponsored, noopener, noreferrer\" target=\"_blank\" class=\"js-ecommerce\" id=\"link-ecommerce-28\" href=\"https:\/\/www.xatakahome.com\/redirect?url=https%3A%2F%2Fwww.lidl.es%2Fes%2Faplique-led-recargable-de-pared%2Fp74440&amp;category=seleccion&amp;ecomPostExpiration=perish&amp;postId=116092\" data-vars-affiliate-url=\"https:\/\/www.lidl.es\/es\/aplique-led-recargable-de-pared\/p74440\"><\/p>\n<p>    <img decoding=\"async\" alt=\"Aplique LED recargable de pared\" class=\"centro_sinmarco\" src=\"https:\/\/i.blogs.es\/be69ea\/proyecto-nuevo---2025-01-13t150035.742\/450_1000.webp\"><br \/>\n     <\/a><\/p><\/div>\n<\/div>\n<p>Lidl ya no solo vende alimentaci\u00f3n y bebida, ahora se ha convertido en todo un referente a la hora de buscar dispositivos para nuestro hogar. Si quieres renovar la forma de iluminar tu casa, Este revolucionario <strong>aplique LED recargable de pared<\/strong> es todo un chollo y cuesta solo <a rel=\"nofollow, sponsored, noopener, noreferrer\" target=\"_blank\" class=\"js-ecommerce\" id=\"link-ecommerce-29\" href=\"https:\/\/www.xatakahome.com\/redirect?url=https%3A%2F%2Fwww.lidl.es%2Fes%2Faplique-led-recargable-de-pared%2Fp74440&amp;category=seleccion&amp;ecomPostExpiration=perish&amp;postId=116092\" data-vars-affiliate-url=\"https:\/\/www.lidl.es\/es\/aplique-led-recargable-de-pared\/p74440\" data-id=\"noopener noreferrer\">6,99 euros<\/a>.<\/p>\n<p><!-- BREAK 19 --><!-- PIVOT START --><\/p>\n<div class=\"pivot-ecommerce-container m-pivot-ecommerce-redesign article-asset-normal article-asset-center\">\n<div class=\"pivot-ecommerce\">\n<div class=\"pivot-ecommerce-figure\">\n  <a rel=\"nofollow, sponsored, noopener, noreferrer\" target=\"_blank\" href=\"https:\/\/www.xatakahome.com\/redirect?url=https%3A%2F%2Fwww.lidl.es%2Fes%2Faplique-led-recargable-de-pared%2Fp74440&amp;category=seleccion&amp;pivot=1&amp;ecomPostExpiration=perish&amp;postId=116092\"><br \/>\n   <img loading=\"lazy\" decoding=\"async\" alt=\"Aplique LED recargable de pared\n\" width=\"600\" height=\"600\" src=\"https:\/\/i.blogs.es\/dd021a\/blob\/original.webp\" onerror='this.src=\"https:\/\/i.blogs.es\/dd021a\/blob\/original.jpeg\"'><br \/>\n  <\/a>\n  <\/div>\n<div class=\"pivot-ecommerce-summary\">\n<p class=\"pivot-ecommerce-desc\">Aplique LED recargable de pared\n<\/p>\n<div class=\"pivot-actions \">\n<div class=\"pivot-actions-row\">\n <a rel=\"nofollow, sponsored, noopener, noreferrer\" target=\"_blank\" data-asin=\"\" data-store=\"\" href=\"https:\/\/www.xatakahome.com\/redirect?url=https%3A%2F%2Fwww.lidl.es%2Fes%2Faplique-led-recargable-de-pared%2Fp74440&amp;category=seleccion&amp;pivot=1&amp;ecomPostExpiration=perish&amp;postId=116092\" title=\"Precio de venta al p\u00fablico a fecha de publicaci\u00f3n\" class=\"pivot-action-btn pivot-action-primary\">PVP en Lidl \u2014 <strong><span class=\"js-deal-price\">6,99<\/span> \u20ac<\/strong><\/a>\n <\/div>\n<\/p><\/div>\n<\/p><\/div>\n<\/p><\/div>\n<div class=\"pivot-link-msg\">* Alg\u00fan precio puede haber cambiado desde la \u00faltima revisi\u00f3n<\/div>\n<\/p><\/div>\n<p><!-- PIVOT END --><\/p>\n<h3>Estufa de bioetanol Siena<\/h3>\n<div class=\"article-asset-image article-asset-small article-asset-center\">\n<div class=\"asset-content\">\n                    <a rel=\"nofollow, sponsored, noopener, noreferrer\" target=\"_blank\" class=\"js-ecommerce\" id=\"link-ecommerce-30\" href=\"https:\/\/www.xatakahome.com\/redirect?url=https%3A%2F%2Fwww.leroymerlin.es%2Fproductos%2Fchimenea-de-bioetanol-de-pared-siena-negro-l-90-x-p-12-x-h-40-85340417.html&amp;category=seleccion&amp;ecomPostExpiration=perish&amp;postId=116092\" data-vars-affiliate-url=\"https:\/\/www.leroymerlin.es\/productos\/chimenea-de-bioetanol-de-pared-siena-negro-l-90-x-p-12-x-h-40-85340417.html\"><\/p>\n<p>    <img decoding=\"async\" alt=\"estufa de bioetanol de pared Siena\" class=\"centro_sinmarco\" src=\"https:\/\/i.blogs.es\/6a526f\/proyecto-nuevo---2025-01-07t153248.853\/450_1000.webp\"><br \/>\n     <\/a><\/p><\/div>\n<\/div>\n<p>Frente a las estufas de pellets y radiadores, las chimeneas de bioetanol han ido ganando popularidad desde hace un tiempo. Si le hab\u00edas echado un ojo a alguna, ahora, en el outlet de Leroy Merlin, tienes disponible esta <strong>estufa de bioetanol de pared Siena<\/strong> por <a rel=\"nofollow, sponsored, noopener, noreferrer\" target=\"_blank\" class=\"js-ecommerce\" id=\"link-ecommerce-31\" href=\"https:\/\/www.xatakahome.com\/redirect?url=https%3A%2F%2Fwww.leroymerlin.es%2Fproductos%2Fchimenea-de-bioetanol-de-pared-siena-negro-l-90-x-p-12-x-h-40-85340417.html&amp;category=seleccion&amp;ecomPostExpiration=perish&amp;postId=116092\" data-vars-affiliate-url=\"https:\/\/www.leroymerlin.es\/productos\/chimenea-de-bioetanol-de-pared-siena-negro-l-90-x-p-12-x-h-40-85340417.html\" data-id=\"noopener noreferrer\">258 euros<\/a>, frente a los 401 euros que suele costar habitualmente.<\/p>\n<p><!-- BREAK 20 --><!-- PIVOT START --><\/p>\n<div class=\"pivot-ecommerce-container m-pivot-ecommerce-redesign article-asset-normal article-asset-center\">\n<div class=\"pivot-ecommerce\">\n<div class=\"pivot-ecommerce-figure\">\n  <a rel=\"nofollow, sponsored, noopener, noreferrer\" target=\"_blank\" href=\"https:\/\/www.xatakahome.com\/redirect?url=https%3A%2F%2Fwww.leroymerlin.es%2Fproductos%2Fchimenea-de-bioetanol-de-pared-siena-negro-l-90-x-p-12-x-h-40-85340417.html&amp;category=seleccion&amp;pivot=1&amp;ecomPostExpiration=perish&amp;postId=116092\"><br \/>\n   <img loading=\"lazy\" decoding=\"async\" alt=\"Chimenea de bioetanol de pared Siena Negro L 90 x P 12 x H 40\n\" width=\"600\" height=\"600\" src=\"https:\/\/i.blogs.es\/a2437c\/blob\/original.webp\" onerror='this.src=\"https:\/\/i.blogs.es\/a2437c\/blob\/original.jpeg\"'><br \/>\n  <\/a>\n  <\/div>\n<div class=\"pivot-ecommerce-summary\">\n<p class=\"pivot-ecommerce-desc\">Chimenea de bioetanol de pared Siena Negro L 90 x P 12 x H 40\n<\/p>\n<div class=\"pivot-actions \">\n<div class=\"pivot-actions-row\">\n <a rel=\"nofollow, sponsored, noopener, noreferrer\" target=\"_blank\" data-asin=\"\" data-store=\"\" href=\"https:\/\/www.xatakahome.com\/redirect?url=https%3A%2F%2Fwww.leroymerlin.es%2Fproductos%2Fchimenea-de-bioetanol-de-pared-siena-negro-l-90-x-p-12-x-h-40-85340417.html&amp;category=seleccion&amp;pivot=1&amp;ecomPostExpiration=perish&amp;postId=116092\" title=\"Precio de venta al p\u00fablico a fecha de publicaci\u00f3n\" class=\"pivot-action-btn pivot-action-primary\">PVP en Leroy Merlin \u2014 <strong><span class=\"js-deal-price\">258,00<\/span> \u20ac<\/strong><\/a>\n <\/div>\n<\/p><\/div>\n<\/p><\/div>\n<\/p><\/div>\n<div class=\"pivot-link-msg\">* Alg\u00fan precio puede haber cambiado desde la \u00faltima revisi\u00f3n<\/div>\n<\/p><\/div>\n<p><!-- PIVOT END --><\/p>\n<h3>Chimenea Silvercrest<\/h3>\n<div class=\"article-asset-image article-asset-small article-asset-center\">\n<div class=\"asset-content\">\n                    <a rel=\"nofollow, sponsored, noopener, noreferrer\" target=\"_blank\" class=\"js-ecommerce\" id=\"link-ecommerce-32\" href=\"https:\/\/www.xatakahome.com\/redirect?url=https%3A%2F%2Fwww.lidl.es%2Fes%2Fchimenea-electrica-con-compartimento-de-almacenamiento-1900-w%2Fp51558&amp;category=seleccion&amp;ecomPostExpiration=perish&amp;postId=116092\" data-vars-affiliate-url=\"https:\/\/www.lidl.es\/es\/chimenea-electrica-con-compartimento-de-almacenamiento-1900-w\/p51558\"><\/p>\n<p>    <img decoding=\"async\" alt=\"chimenea el\u00e9ctrica Silvercrest\" class=\"centro_sinmarco\" src=\"https:\/\/i.blogs.es\/c21785\/proyecto-nuevo-57-\/450_1000.webp\"><br \/>\n     <\/a><\/p><\/div>\n<\/div>\n<p>Para muchos, su sue\u00f1o es tener una chimenea en casa para disfrutar del invierno c\u00e1lidamente. Aunque si no quieres hacer obras y olvidarte de tener que comprar le\u00f1a, en Lidl, tienen esta <strong>chimenea el\u00e9ctrica Silvercrest<\/strong> en oferta, por <a rel=\"nofollow, sponsored, noopener, noreferrer\" target=\"_blank\" class=\"js-ecommerce\" id=\"link-ecommerce-33\" href=\"https:\/\/www.xatakahome.com\/redirect?url=https%3A%2F%2Fwww.lidl.es%2Fes%2Fchimenea-electrica-con-compartimento-de-almacenamiento-1900-w%2Fp51558&amp;category=seleccion&amp;ecomPostExpiration=perish&amp;postId=116092\" data-vars-affiliate-url=\"https:\/\/www.lidl.es\/es\/chimenea-electrica-con-compartimento-de-almacenamiento-1900-w\/p51558\" data-id=\"noopener noreferrer\">164,99 euros<\/a>.<\/p>\n<p><!-- BREAK 21 --><!-- PIVOT START --><\/p>\n<div class=\"pivot-ecommerce-container m-pivot-ecommerce-redesign article-asset-normal article-asset-center\">\n<div class=\"pivot-ecommerce\">\n<div class=\"pivot-ecommerce-figure\">\n  <a rel=\"nofollow, sponsored, noopener, noreferrer\" target=\"_blank\" href=\"https:\/\/www.xatakahome.com\/redirect?url=https%3A%2F%2Fwww.lidl.es%2Fes%2Fchimenea-electrica-con-compartimento-de-almacenamiento-1900-w%2Fp51558&amp;category=seleccion&amp;pivot=1&amp;ecomPostExpiration=perish&amp;postId=116092\"><br \/>\n   <img loading=\"lazy\" decoding=\"async\" alt=\"Chimenea el\u00e9ctrica con compartimento de almacenamiento 1900 W\" width=\"600\" height=\"600\" src=\"https:\/\/i.blogs.es\/c47e31\/blob\/original.webp\" onerror='this.src=\"https:\/\/i.blogs.es\/c47e31\/blob\/original.jpeg\"'><br \/>\n  <\/a>\n  <\/div>\n<div class=\"pivot-ecommerce-summary\">\n<p class=\"pivot-ecommerce-desc\">Chimenea el\u00e9ctrica con compartimento de almacenamiento 1900 W<\/p>\n<div class=\"pivot-actions \">\n<div class=\"pivot-actions-row\">\n <a rel=\"nofollow, sponsored, noopener, noreferrer\" target=\"_blank\" data-asin=\"\" data-store=\"\" href=\"https:\/\/www.xatakahome.com\/redirect?url=https%3A%2F%2Fwww.lidl.es%2Fes%2Fchimenea-electrica-con-compartimento-de-almacenamiento-1900-w%2Fp51558&amp;category=seleccion&amp;pivot=1&amp;ecomPostExpiration=perish&amp;postId=116092\" title=\"Precio de venta al p\u00fablico a fecha de publicaci\u00f3n\" class=\"pivot-action-btn pivot-action-primary\">PVP en Lidl \u2014 <strong><span class=\"js-deal-price\">164,99<\/span> \u20ac<\/strong><\/a>\n <\/div>\n<\/p><\/div>\n<\/p><\/div>\n<\/p><\/div>\n<div class=\"pivot-link-msg\">* Alg\u00fan precio puede haber cambiado desde la \u00faltima revisi\u00f3n<\/div>\n<\/p><\/div>\n<p><!-- PIVOT END --><\/p>\n<h3>L\u00e1mpara Livarno Home<\/h3>\n<div class=\"article-asset-image article-asset-small article-asset-center\">\n<div class=\"asset-content\">\n                    <a rel=\"nofollow, sponsored, noopener, noreferrer\" target=\"_blank\" class=\"js-ecommerce\" id=\"link-ecommerce-34\" href=\"https:\/\/www.xatakahome.com\/redirect?url=https%3A%2F%2Fwww.lidl.es%2Fes%2Flampara-led-de-pie-cuadrado%2Fp51490&amp;category=seleccion&amp;ecomPostExpiration=perish&amp;postId=116092\" data-vars-affiliate-url=\"https:\/\/www.lidl.es\/es\/lampara-led-de-pie-cuadrado\/p51490\"><\/p>\n<p>    <img decoding=\"async\" alt=\"l\u00e1mpara de pie con luz LED de Livarno Home\" class=\"centro_sinmarco\" src=\"https:\/\/i.blogs.es\/5776ec\/proyecto-nuevo---2025-01-08t095740.279\/450_1000.webp\"><br \/>\n     <\/a><\/p><\/div>\n<\/div>\n<p>En Lidl hemos descubierto una <strong>l\u00e1mpara de pie con luz LED de Livarno Home <\/strong>que est\u00e1 disponible por <a rel=\"nofollow, sponsored, noopener, noreferrer\" target=\"_blank\" class=\"js-ecommerce\" id=\"link-ecommerce-35\" href=\"https:\/\/www.xatakahome.com\/redirect?url=https%3A%2F%2Fwww.lidl.es%2Fes%2Flampara-led-de-pie-cuadrado%2Fp51490&amp;category=seleccion&amp;ecomPostExpiration=perish&amp;postId=116092\" data-vars-affiliate-url=\"https:\/\/www.lidl.es\/es\/lampara-led-de-pie-cuadrado\/p51490\" data-id=\"noopener noreferrer\">67,99 euros<\/a>. Cuando la veas, seguro que la vas a querer para tu sal\u00f3n.<\/p>\n<p><!-- BREAK 22 --><!-- PIVOT START --><\/p>\n<div class=\"pivot-ecommerce-container m-pivot-ecommerce-redesign article-asset-normal article-asset-center\">\n<div class=\"pivot-ecommerce\">\n<div class=\"pivot-ecommerce-figure\">\n  <a rel=\"nofollow, sponsored, noopener, noreferrer\" target=\"_blank\" href=\"https:\/\/www.xatakahome.com\/redirect?url=https%3A%2F%2Fwww.lidl.es%2Fes%2Flampara-led-de-pie-cuadrado%2Fp51490&amp;category=seleccion&amp;pivot=1&amp;ecomPostExpiration=perish&amp;postId=116092\"><br \/>\n   <img loading=\"lazy\" decoding=\"async\" alt=\"L\u00e1mpara LED de pie cuadrado\n\" width=\"600\" height=\"600\" src=\"https:\/\/i.blogs.es\/8d9b44\/blob\/original.webp\" onerror='this.src=\"https:\/\/i.blogs.es\/8d9b44\/blob\/original.jpeg\"'><br \/>\n  <\/a>\n  <\/div>\n<div class=\"pivot-ecommerce-summary\">\n<p class=\"pivot-ecommerce-desc\">L\u00e1mpara LED de pie cuadrado\n<\/p>\n<div class=\"pivot-actions \">\n<div class=\"pivot-actions-row\">\n <a rel=\"nofollow, sponsored, noopener, noreferrer\" target=\"_blank\" data-asin=\"\" data-store=\"\" href=\"https:\/\/www.xatakahome.com\/redirect?url=https%3A%2F%2Fwww.lidl.es%2Fes%2Flampara-led-de-pie-cuadrado%2Fp51490&amp;category=seleccion&amp;pivot=1&amp;ecomPostExpiration=perish&amp;postId=116092\" title=\"Precio de venta al p\u00fablico a fecha de publicaci\u00f3n\" class=\"pivot-action-btn pivot-action-primary\">PVP en Lidl \u2014 <strong><span class=\"js-deal-price\">67,99<\/span> \u20ac<\/strong><\/a>\n <\/div>\n<\/p><\/div>\n<\/p><\/div>\n<\/p><\/div>\n<div class=\"pivot-link-msg\">* Alg\u00fan precio puede haber cambiado desde la \u00faltima revisi\u00f3n<\/div>\n<\/p><\/div>\n<p><!-- PIVOT END --><\/p>\n<h3>Tendedero Vileda<\/h3>\n<div class=\"article-asset-image article-asset-small article-asset-center\">\n<div class=\"asset-content\">\n                    <a rel=\"nofollow, sponsored, noopener, noreferrer\" target=\"_blank\" class=\"js-ecommerce\" id=\"link-ecommerce-36\" href=\"https:\/\/www.xatakahome.com\/redirect?url=https%3A%2F%2Fwww.lidl.es%2Fes%2Fvileda-tendedero-compacto%2Fp73622&amp;category=seleccion&amp;ecomPostExpiration=perish&amp;postId=116092\" data-vars-affiliate-url=\"https:\/\/www.lidl.es\/es\/vileda-tendedero-compacto\/p73622\"><\/p>\n<p>    <img decoding=\"async\" alt=\"tendedero compacto Vileda Express\" class=\"centro_sinmarco\" src=\"https:\/\/i.blogs.es\/b09aec\/proyecto-nuevo---2025-01-07t081252.008\/450_1000.webp\"><br \/>\n     <\/a><\/p><\/div>\n<\/div>\n<p>Los d\u00edas de lluvia continuados son un total engorro para secar la ropa, incluso lograr tener secas prendas de ropa peque\u00f1as, puede ser una odisea. Si tienes poco espacio en casa, Lidl tiene la soluci\u00f3n ideal para poder tener la colada siempre lista. Se trata de este <strong>tendedero compacto de Vileda<\/strong> que cuesta <a rel=\"nofollow, sponsored, noopener, noreferrer\" target=\"_blank\" class=\"js-ecommerce\" id=\"link-ecommerce-37\" href=\"https:\/\/www.xatakahome.com\/redirect?url=https%3A%2F%2Fwww.lidl.es%2Fes%2Fvileda-tendedero-compacto%2Fp73622&amp;category=seleccion&amp;ecomPostExpiration=perish&amp;postId=116092\" data-vars-affiliate-url=\"https:\/\/www.lidl.es\/es\/vileda-tendedero-compacto\/p73622\" data-id=\"noopener noreferrer\">4,99 euros<\/a>.<\/p>\n<p><!-- BREAK 23 --><!-- PIVOT START --><\/p>\n<div class=\"pivot-ecommerce-container m-pivot-ecommerce-redesign article-asset-normal article-asset-center\">\n<div class=\"pivot-ecommerce\">\n<div class=\"pivot-ecommerce-figure\">\n  <a rel=\"nofollow, sponsored, noopener, noreferrer\" target=\"_blank\" href=\"https:\/\/www.xatakahome.com\/redirect?url=https%3A%2F%2Fwww.lidl.es%2Fes%2Fvileda-tendedero-compacto%2Fp73622&amp;category=seleccion&amp;pivot=1&amp;ecomPostExpiration=perish&amp;postId=116092\"><br \/>\n   <img loading=\"lazy\" decoding=\"async\" alt=\"Vileda Tendedero compacto\n\" width=\"500\" height=\"500\" src=\"https:\/\/i.blogs.es\/4aec4b\/41orfzospul._sl500_\/original.webp\" onerror='this.src=\"https:\/\/i.blogs.es\/4aec4b\/41orfzospul._sl500_\/original.jpeg\"'><br \/>\n  <\/a>\n  <\/div>\n<div class=\"pivot-ecommerce-summary\">\n<p class=\"pivot-ecommerce-desc\">Vileda Tendedero compacto\n<\/p>\n<div class=\"pivot-actions \">\n<div class=\"pivot-actions-row\">\n <a rel=\"nofollow, sponsored, noopener, noreferrer\" target=\"_blank\" data-asin=\"\" data-store=\"\" href=\"https:\/\/www.xatakahome.com\/redirect?url=https%3A%2F%2Fwww.lidl.es%2Fes%2Fvileda-tendedero-compacto%2Fp73622&amp;category=seleccion&amp;pivot=1&amp;ecomPostExpiration=perish&amp;postId=116092\" title=\"Precio de venta al p\u00fablico a fecha de publicaci\u00f3n\" class=\"pivot-action-btn pivot-action-primary\">PVP en Lidl \u2014 <strong><span class=\"js-deal-price\">4,99<\/span> \u20ac<\/strong><\/a><br \/>\n   <a rel=\"nofollow, sponsored, noopener, noreferrer\" target=\"_blank\" data-asin=\"B071DQF4JS\" data-store=\"Amazon\" href=\"https:\/\/www.xatakahome.com\/redirect?url=https%3A%2F%2Fwww.amazon.es%2Fdp%2FB071DQF4JS%3Ftag%3Dxatakahome-21%26linkCode%3Dogi%26th%3D1%26psc%3D1&amp;category=seleccion&amp;pivot=1&amp;ecomPostExpiration=perish&amp;postId=116092\" title=\"Precio actualizado hoy\" class=\"pivot-action-btn metrics-pivot-btn pivot-action-secondary\">Amazon \u2014 <strong><span class=\"js-deal-price\">10,95<\/span> \u20ac<\/strong><\/a><br \/>\n   <a rel=\"nofollow, sponsored, noopener, noreferrer\" target=\"_blank\" data-asin=\"001059534901992\" data-store=\"El Corte Ingl\u00e9s\" href=\"https:\/\/www.xatakahome.com\/redirect?url=https%3A%2F%2Fwww.elcorteingles.es%2Fhogar%2FA49265470-tendedero-de-radiador-express-vileda%2F&amp;category=seleccion&amp;pivot=1&amp;ecomPostExpiration=perish&amp;postId=116092\" title=\"Precio actualizado hoy\" class=\"pivot-action-btn metrics-pivot-btn pivot-action-secondary\">El Corte Ingl\u00e9s \u2014 <strong><span class=\"js-deal-price\">10,95<\/span> \u20ac<\/strong><\/a><br \/>\n   <a rel=\"nofollow, sponsored, noopener, noreferrer\" target=\"_blank\" data-asin=\"1539518\" data-store=\"MediaMarkt\" href=\"https:\/\/www.xatakahome.com\/redirect?url=https%3A%2F%2Fwww.mediamarkt.es%2Fes%2Fproduct%2F_tendedero-vileda-express-brazos-ajustables-negroblanco-1539518.html&amp;category=seleccion&amp;pivot=1&amp;ecomPostExpiration=perish&amp;postId=116092\" title=\"Precio actualizado hoy\" class=\"pivot-action-btn metrics-pivot-btn pivot-action-secondary\">MediaMarkt \u2014 <strong><span class=\"js-deal-price\">12,99<\/span> \u20ac<\/strong><\/a><br \/>\n   <a rel=\"nofollow, sponsored, noopener, noreferrer\" target=\"_blank\" data-asin=\"81896244\" data-store=\"Leroy Merlin\" href=\"https:\/\/www.xatakahome.com\/redirect?url=https%3A%2F%2Fwww.leroymerlin.es%2Fproductos%2Fferreteria-y-seguridad%2Flavado-y-planchado%2Ftendederos%2Ftendedero-express-espacio-de-tendido-3m-vileda-157334-81896244.html%3FhighlightedOfferCode%3De61cc98d0c6d7ecabd77a0a64b111f90b884857d&amp;category=seleccion&amp;pivot=1&amp;ecomPostExpiration=perish&amp;postId=116092\" title=\"Precio actualizado hoy\" class=\"pivot-action-btn metrics-pivot-btn pivot-action-secondary\">Leroy Merlin \u2014 <strong><span class=\"js-deal-price\">18,40<\/span> \u20ac<\/strong><\/a>\n <\/div>\n<\/p><\/div>\n<\/p><\/div>\n<\/p><\/div>\n<div class=\"pivot-link-msg\">* Alg\u00fan precio puede haber cambiado desde la \u00faltima revisi\u00f3n<\/div>\n<\/p><\/div>\n<p><!-- PIVOT END --><\/p>\n<h3>Cosori CP158-AF<\/h3>\n<div class=\"article-asset-image article-asset-small article-asset-center\">\n<div class=\"asset-content\">\n                    <a rel=\"nofollow, sponsored, noopener, noreferrer\" target=\"_blank\" class=\"js-ecommerce\" id=\"link-ecommerce-38\" href=\"https:\/\/www.xatakahome.com\/redirect?url=https%3A%2F%2Fwww.amazon.es%2FCOSORI-Freidora-Caliente-Programas-Temporizador%2Fdp%2FB07N8N6C85%2F&amp;category=seleccion&amp;ecomPostExpiration=perish&amp;postId=116092\" data-vars-affiliate-url=\"https:\/\/www.amazon.es\/COSORI-Freidora-Caliente-Programas-Temporizador\/dp\/B07N8N6C85\/\"><\/p>\n<p>    <img decoding=\"async\" alt=\"freidora de aire Cosori\" class=\"centro_sinmarco\" src=\"https:\/\/i.blogs.es\/46694c\/proyecto-nuevo---2024-12-19t155244.465\/450_1000.webp\"><br \/>\n     <\/a><\/p><\/div>\n<\/div>\n<p>Aunque lleva unos a\u00f1os a la venta, esta freidora de aire <a rel=\"nofollow, sponsored, noopener, noreferrer\" target=\"_blank\" class=\"js-ecommerce\" id=\"link-ecommerce-39\" href=\"https:\/\/www.xatakahome.com\/redirect?url=https%3A%2F%2Fwww.amazon.es%2FCOSORI-Freidora-Caliente-Programas-Temporizador%2Fdp%2FB0832WLDLC%2F&amp;category=seleccion&amp;ecomPostExpiration=perish&amp;postId=116092\" data-vars-affiliate-url=\"https:\/\/www.amazon.es\/COSORI-Freidora-Caliente-Programas-Temporizador\/dp\/B0832WLDLC\/\" data-id=\"noopener noreferrer\">Cosori CP158-AF<\/a> sigue siendo la aut\u00e9ntica reina del sector. La capacidad de este modelo es de <strong>5,5 litros<\/strong>, m\u00e1s que suficiente para cocinar una cantidad abundantes de alimentos. Si no sabes cocinar, no te preocupes porque viene con 11 modos autom\u00e1ticos, para elaborar carne, fritos, postres o pescados con solo pulsar un bot\u00f3n. Tiene un precio de <a rel=\"nofollow, sponsored, noopener, noreferrer\" target=\"_blank\" class=\"js-ecommerce\" id=\"link-ecommerce-40\" href=\"https:\/\/www.xatakahome.com\/redirect?url=https%3A%2F%2Fwww.amazon.es%2FCOSORI-Freidora-Caliente-Programas-Temporizador%2Fdp%2FB0832WLDLC&amp;category=seleccion&amp;ecomPostExpiration=perish&amp;postId=116092\" data-vars-affiliate-url=\"https:\/\/www.amazon.es\/COSORI-Freidora-Caliente-Programas-Temporizador\/dp\/B0832WLDLC\">84 euros<\/a>.<\/p>\n<p><!-- BREAK 24 --><!-- PIVOT START --><\/p>\n<div class=\"pivot-ecommerce-container m-pivot-ecommerce-redesign article-asset-normal article-asset-center\">\n<div class=\"pivot-ecommerce\">\n<div class=\"pivot-ecommerce-figure\">\n  <a rel=\"nofollow, sponsored, noopener, noreferrer\" target=\"_blank\" href=\"https:\/\/www.xatakahome.com\/redirect?url=https%3A%2F%2Fwww.amazon.es%2Fdp%2FB07N8N6C85%3Ftag%3Dxataka-21%26linkCode%3Dogi%26th%3D1%26psc%3D1&amp;category=seleccion&amp;pivot=1&amp;ecomPostExpiration=perish&amp;postId=116092\"><br \/>\n   <img loading=\"lazy\" decoding=\"async\" alt=\"COSORI Freidora de Aire Duradera 5.5\u202fL Air Fryer 1700W\" width=\"500\" height=\"500\" src=\"https:\/\/i.blogs.es\/6e2bb1\/51jciy3b6ml._sl500_\/original.webp\" onerror='this.src=\"https:\/\/i.blogs.es\/6e2bb1\/51jciy3b6ml._sl500_\/original.jpeg\"'><br \/>\n  <\/a>\n  <\/div>\n<div class=\"pivot-ecommerce-summary\">\n<p class=\"pivot-ecommerce-desc\">COSORI Freidora de Aire Duradera 5.5\u202fL Air Fryer 1700W<\/p>\n<div class=\"pivot-actions \">\n<div class=\"pivot-actions-row\">\n <a rel=\"nofollow, sponsored, noopener, noreferrer\" target=\"_blank\" data-asin=\"B07N8N6C85\" data-store=\"Amazon\" href=\"https:\/\/www.xatakahome.com\/redirect?url=https%3A%2F%2Fwww.amazon.es%2Fdp%2FB07N8N6C85%3Ftag%3Dxataka-21%26linkCode%3Dogi%26th%3D1%26psc%3D1&amp;category=seleccion&amp;pivot=1&amp;ecomPostExpiration=perish&amp;postId=116092\" title=\"Precio actualizado hoy\" class=\"pivot-action-btn metrics-pivot-btn pivot-action-primary\">Hoy en Amazon \u2014 <strong><span class=\"js-deal-price\">84,99<\/span> \u20ac<\/strong><\/a><br \/>\n   <a rel=\"nofollow, sponsored, noopener, noreferrer\" target=\"_blank\" data-asin=\"\" data-store=\"\" href=\"https:\/\/www.xatakahome.com\/redirect?url=https%3A%2F%2Fwww.mediamarkt.es%2Fes%2Fproduct%2F_freidora-de-aire-cosori-kosp0028eun-premium-ii-chef-edition-1700-w-temporizador-12-funciones-negro-1575757.html&amp;category=seleccion&amp;pivot=1&amp;ecomPostExpiration=perish&amp;postId=116092\" title=\"Precio de venta al p\u00fablico a fecha de publicaci\u00f3n\" class=\"pivot-action-btn pivot-action-secondary\">MediaMarkt \u2014 <strong><span class=\"js-deal-price\">89,99<\/span> \u20ac<\/strong><\/a><br \/>\n   <a rel=\"nofollow, sponsored, noopener, noreferrer\" target=\"_blank\" data-asin=\"10292027\" data-store=\"PcComponentes\" href=\"https:\/\/www.xatakahome.com\/redirect?url=https%3A%2F%2Fwww.pccomponentes.com%2Fcosori-pro-cp158-af-freidora-de-aire-55l-1700w-negra&amp;category=seleccion&amp;pivot=1&amp;ecomPostExpiration=perish&amp;postId=116092\" title=\"Precio actualizado hoy\" class=\"pivot-action-btn metrics-pivot-btn pivot-action-secondary\">PcComponentes \u2014 <strong><span class=\"js-deal-price\">139,99<\/span> \u20ac<\/strong><\/a>\n <\/div>\n<\/p><\/div>\n<\/p><\/div>\n<\/p><\/div>\n<div class=\"pivot-link-msg\">* Alg\u00fan precio puede haber cambiado desde la \u00faltima revisi\u00f3n<\/div>\n<\/p><\/div>\n<p><!-- PIVOT END --><\/p>\n<h3><strong>Cecotec ReadyWarm 2050<\/strong><\/h3>\n<div class=\"article-asset-image article-asset-small article-asset-center\">\n<div class=\"asset-content\">\n                    <a rel=\"nofollow, sponsored, noopener, noreferrer\" target=\"_blank\" class=\"js-ecommerce\" id=\"link-ecommerce-41\" href=\"https:\/\/www.xatakahome.com\/redirect?url=https%3A%2F%2Fwww.mediamarkt.es%2Fes%2Fproduct%2F_calefactor-cecotec-calefactor-ceramico-readywarm-2050-max-ceramic-rotate-smart-ceramico-20-m-oscila-60o-3-modos-panel-digital-mando-negro-1581155.html&amp;category=seleccion&amp;ecomPostExpiration=perish&amp;postId=116092\" data-vars-affiliate-url=\"https:\/\/www.mediamarkt.es\/es\/product\/_calefactor-cecotec-calefactor-ceramico-readywarm-2050-max-ceramic-rotate-smart-ceramico-20-m-oscila-60o-3-modos-panel-digital-mando-negro-1581155.html\"><\/p>\n<p>    <img decoding=\"async\" alt=\"Calefactor cer\u00e1mico ReadyWarm 2050 Max Ceramic Rotate Smart\" class=\"centro_sinmarco\" src=\"https:\/\/i.blogs.es\/e88d05\/proyecto-nuevo---2024-12-23t082355.354\/450_1000.webp\"><br \/>\n     <\/a><\/p><\/div>\n<\/div>\n<p>Si no tienes calefacci\u00f3n central en casa, tendr\u00e1s que calentar cada habitaci\u00f3n con un dispositivo diferente. Ahora, en MediaMarkt, hemos encontrado en oferta este calefactor cer\u00e1mico <strong>ReadyWarm 2050 Max Ceramic Rotate Smart de Cecotec<\/strong> que cuesta <a rel=\"nofollow, sponsored, noopener, noreferrer\" target=\"_blank\" class=\"js-ecommerce\" id=\"link-ecommerce-42\" href=\"https:\/\/www.xatakahome.com\/redirect?url=https%3A%2F%2Fwww.mediamarkt.es%2Fes%2Fproduct%2F_calefactor-cecotec-calefactor-ceramico-readywarm-2050-max-ceramic-rotate-smart-ceramico-20-m-oscila-60o-3-modos-panel-digital-mando-negro-1581155.html&amp;category=seleccion&amp;ecomPostExpiration=perish&amp;postId=116092\" data-vars-affiliate-url=\"https:\/\/www.mediamarkt.es\/es\/product\/_calefactor-cecotec-calefactor-ceramico-readywarm-2050-max-ceramic-rotate-smart-ceramico-20-m-oscila-60o-3-modos-panel-digital-mando-negro-1581155.html\" data-id=\"noopener noreferrer\">44 euros<\/a> y ofrece muy buenas prestaciones.<\/p>\n<p><!-- BREAK 25 --><!-- PIVOT START --><\/p>\n<div class=\"pivot-ecommerce-container m-pivot-ecommerce-redesign article-asset-normal article-asset-center\">\n<div class=\"pivot-ecommerce\">\n<div class=\"pivot-ecommerce-figure\">\n  <a rel=\"nofollow, sponsored, noopener, noreferrer\" target=\"_blank\" href=\"https:\/\/www.xatakahome.com\/redirect?url=https%3A%2F%2Fwww.mediamarkt.es%2Fes%2Fproduct%2F_calefactor-cecotec-calefactor-ceramico-readywarm-2050-max-ceramic-rotate-smart-ceramico-20-m-oscila-60o-3-modos-panel-digital-mando-negro-1581155.html&amp;category=seleccion&amp;pivot=1&amp;ecomPostExpiration=perish&amp;postId=116092\"><br \/>\n   <img loading=\"lazy\" decoding=\"async\" alt=\"Cecotec Calefactor cer\u00e1mico ReadyWarm 2050 Max Ceramic Rotate Smart\" width=\"402\" height=\"402\" src=\"https:\/\/i.blogs.es\/4d11b5\/blob\/original.webp\" onerror='this.src=\"https:\/\/i.blogs.es\/4d11b5\/blob\/original.jpeg\"'><br \/>\n  <\/a>\n  <\/div>\n<div class=\"pivot-ecommerce-summary\">\n<p class=\"pivot-ecommerce-desc\">Cecotec Calefactor cer\u00e1mico ReadyWarm 2050 Max Ceramic Rotate Smart<\/p>\n<div class=\"pivot-actions \">\n<div class=\"pivot-actions-row\">\n <a rel=\"nofollow, sponsored, noopener, noreferrer\" target=\"_blank\" data-asin=\"\" data-store=\"\" href=\"https:\/\/www.xatakahome.com\/redirect?url=https%3A%2F%2Fwww.mediamarkt.es%2Fes%2Fproduct%2F_calefactor-cecotec-calefactor-ceramico-readywarm-2050-max-ceramic-rotate-smart-ceramico-20-m-oscila-60o-3-modos-panel-digital-mando-negro-1581155.html&amp;category=seleccion&amp;pivot=1&amp;ecomPostExpiration=perish&amp;postId=116092\" title=\"Precio de venta al p\u00fablico a fecha de publicaci\u00f3n\" class=\"pivot-action-btn pivot-action-primary\">PVP en MediaMarkt \u2014 <strong><span class=\"js-deal-price\">44,00<\/span> \u20ac<\/strong><\/a><br \/>\n   <a rel=\"nofollow, sponsored, noopener, noreferrer\" target=\"_blank\" data-asin=\"\" data-store=\"\" href=\"https:\/\/www.xatakahome.com\/redirect?url=https%3A%2F%2Fwww.carrefour.es%2Fcalefactor-ceramico-cecotec-readywarm-2050-max-ceramic-rotate-smart%2FVC4A-24203352%2Fp&amp;category=seleccion&amp;pivot=1&amp;ecomPostExpiration=perish&amp;postId=116092\" title=\"Precio de venta al p\u00fablico a fecha de publicaci\u00f3n\" class=\"pivot-action-btn pivot-action-secondary\">Carrefour \u2014 <strong><span class=\"js-deal-price\">49,99<\/span> \u20ac<\/strong><\/a>\n <\/div>\n<\/p><\/div>\n<\/p><\/div>\n<\/p><\/div>\n<div class=\"pivot-link-msg\">* Alg\u00fan precio puede haber cambiado desde la \u00faltima revisi\u00f3n<\/div>\n<\/p><\/div>\n<p><!-- PIVOT END --><\/p>\n<h3>IKEA <strong>SAMBORD<\/strong><\/h3>\n<div class=\"article-asset-image article-asset-small article-asset-center\">\n<div class=\"asset-content\">\n                    <a rel=\"nofollow, sponsored, noopener, noreferrer\" target=\"_blank\" class=\"js-ecommerce\" id=\"link-ecommerce-43\" href=\"https:\/\/www.xatakahome.com\/redirect?url=https%3A%2F%2Fwww.ikea.com%2Fes%2Fes%2Fp%2Fsambord-lampara-pie-lectura-negro-blanco-60549402%2F&amp;category=seleccion&amp;ecomPostExpiration=perish&amp;postId=116092\" data-vars-affiliate-url=\"https:\/\/www.ikea.com\/es\/es\/p\/sambord-lampara-pie-lectura-negro-blanco-60549402\/\"><\/p>\n<p>    <img decoding=\"async\" alt=\"l\u00e1mpara de pie SAMBORD\" class=\"centro_sinmarco\" src=\"https:\/\/i.blogs.es\/825411\/proyecto-nuevo---2024-12-30t092221.360\/450_1000.webp\"><br \/>\n     <\/a><\/p><\/div>\n<\/div>\n<p>Si quieres transformar tu sal\u00f3n o un rinc\u00f3n de tu dormitorio, IKEA tiene una soluci\u00f3n barata e ideal si quieres aportarle un toque minimalista a una estancia. Se trata de la <strong>l\u00e1mpara de pie SAMBORD<\/strong>, que solo cuesta <a rel=\"nofollow, sponsored, noopener, noreferrer\" target=\"_blank\" class=\"js-ecommerce\" id=\"link-ecommerce-44\" href=\"https:\/\/www.xatakahome.com\/redirect?url=https%3A%2F%2Fwww.ikea.com%2Fes%2Fes%2Fp%2Fsambord-lampara-pie-lectura-negro-blanco-60549402%2F&amp;category=seleccion&amp;ecomPostExpiration=perish&amp;postId=116092\" data-vars-affiliate-url=\"https:\/\/www.ikea.com\/es\/es\/p\/sambord-lampara-pie-lectura-negro-blanco-60549402\/\" data-id=\"noopener noreferrer\">19,99 euros<\/a>.<\/p>\n<p><!-- BREAK 26 --><!-- PIVOT START --><\/p>\n<div class=\"pivot-ecommerce-container m-pivot-ecommerce-redesign article-asset-normal article-asset-center\">\n<div class=\"pivot-ecommerce\">\n<div class=\"pivot-ecommerce-figure\">\n  <a rel=\"nofollow, sponsored, noopener, noreferrer\" target=\"_blank\" href=\"https:\/\/www.xatakahome.com\/redirect?url=https%3A%2F%2Fwww.ikea.com%2Fes%2Fes%2Fp%2Fsambord-lampara-pie-lectura-negro-blanco-60549402%2F&amp;category=seleccion&amp;pivot=1&amp;ecomPostExpiration=perish&amp;postId=116092\"><br \/>\n   <img loading=\"lazy\" decoding=\"async\" alt=\"SAMBORD L\u00e1mpara de pie\/lectura, negro\/blanco\" width=\"600\" height=\"600\" src=\"https:\/\/i.blogs.es\/86c1f2\/blob\/original.webp\" onerror='this.src=\"https:\/\/i.blogs.es\/86c1f2\/blob\/original.jpeg\"'><br \/>\n  <\/a>\n  <\/div>\n<div class=\"pivot-ecommerce-summary\">\n<p class=\"pivot-ecommerce-desc\">SAMBORD L\u00e1mpara de pie\/lectura, negro\/blanco<\/p>\n<div class=\"pivot-actions \">\n<div class=\"pivot-actions-row\">\n <a rel=\"nofollow, sponsored, noopener, noreferrer\" target=\"_blank\" data-asin=\"\" data-store=\"\" href=\"https:\/\/www.xatakahome.com\/redirect?url=https%3A%2F%2Fwww.ikea.com%2Fes%2Fes%2Fp%2Fsambord-lampara-pie-lectura-negro-blanco-60549402%2F&amp;category=seleccion&amp;pivot=1&amp;ecomPostExpiration=perish&amp;postId=116092\" title=\"Precio de venta al p\u00fablico a fecha de publicaci\u00f3n\" class=\"pivot-action-btn pivot-action-primary\">PVP en IKEA \u2014 <strong><span class=\"js-deal-price\">19,99<\/span> \u20ac<\/strong><\/a>\n <\/div>\n<\/p><\/div>\n<\/p><\/div>\n<\/p><\/div>\n<div class=\"pivot-link-msg\">* Alg\u00fan precio puede haber cambiado desde la \u00faltima revisi\u00f3n<\/div>\n<\/p><\/div>\n<p><!-- PIVOT END --><\/p>\n<h3>Freidora de aire Silvercrest<\/h3>\n<div class=\"article-asset-image article-asset-small article-asset-center\">\n<div class=\"asset-content\">\n                    <a rel=\"nofollow, sponsored, noopener, noreferrer\" target=\"_blank\" class=\"js-ecommerce\" id=\"link-ecommerce-45\" href=\"https:\/\/www.xatakahome.com\/redirect?url=https%3A%2F%2Fwww.lidl.es%2Fes%2Ffreidora-de-aire-digital-1400-w-2-2-l%2Fp55355&amp;category=seleccion&amp;ecomPostExpiration=perish&amp;postId=116092\" data-vars-affiliate-url=\"https:\/\/www.lidl.es\/es\/freidora-de-aire-digital-1400-w-2-2-l\/p55355\"><\/p>\n<p>    <img decoding=\"async\" alt=\"freidora de aire Silvercrest\" class=\"centro_sinmarco\" src=\"https:\/\/i.blogs.es\/7a3c13\/proyecto-nuevo---2024-12-23t133308.258\/450_1000.webp\"><br \/>\n     <\/a><\/p><\/div>\n<\/div>\n<p>Las <strong>freidoras de aire<\/strong> se han convertido ya en uno de esos peque\u00f1os electrodom\u00e9sticos imprescindibles en cualquier cocina. Si a\u00fan no tienes una y estabas pensando comprarla, esta Silvercrest de Lidl es una de las m\u00e1s baratas del mercado, ya que ahora cuesta <a rel=\"nofollow, sponsored, noopener, noreferrer\" target=\"_blank\" class=\"js-ecommerce\" id=\"link-ecommerce-46\" href=\"https:\/\/www.xatakahome.com\/redirect?url=https%3A%2F%2Fwww.lidl.es%2Fes%2Ffreidora-de-aire-digital-1400-w-2-2-l%2Fp55355&amp;category=seleccion&amp;ecomPostExpiration=perish&amp;postId=116092\" data-vars-affiliate-url=\"https:\/\/www.lidl.es\/es\/freidora-de-aire-digital-1400-w-2-2-l\/p55355\" data-id=\"noopener noreferrer\">29,99 euros<\/a>.<\/p>\n<p><!-- BREAK 27 --><!-- PIVOT START --><\/p>\n<div class=\"pivot-ecommerce-container m-pivot-ecommerce-redesign article-asset-normal article-asset-center\">\n<div class=\"pivot-ecommerce\">\n<div class=\"pivot-ecommerce-figure\">\n  <a rel=\"nofollow, sponsored, noopener, noreferrer\" target=\"_blank\" href=\"https:\/\/www.xatakahome.com\/redirect?url=https%3A%2F%2Fwww.lidl.es%2Fes%2Ffreidora-de-aire-digital-1400-w-2-2-l%2Fp55355&amp;category=seleccion&amp;pivot=1&amp;ecomPostExpiration=perish&amp;postId=116092\"><br \/>\n   <img loading=\"lazy\" decoding=\"async\" alt=\"Freidora de aire digital 1400 W 2,2 L\n\" width=\"600\" height=\"600\" src=\"https:\/\/i.blogs.es\/9efca3\/blob\/original.webp\" onerror='this.src=\"https:\/\/i.blogs.es\/9efca3\/blob\/original.jpeg\"'><br \/>\n  <\/a>\n  <\/div>\n<div class=\"pivot-ecommerce-summary\">\n<p class=\"pivot-ecommerce-desc\">Freidora de aire digital 1400 W 2,2 L\n<\/p>\n<div class=\"pivot-actions \">\n<div class=\"pivot-actions-row\">\n <a rel=\"nofollow, sponsored, noopener, noreferrer\" target=\"_blank\" data-asin=\"\" data-store=\"\" href=\"https:\/\/www.xatakahome.com\/redirect?url=https%3A%2F%2Fwww.lidl.es%2Fes%2Ffreidora-de-aire-digital-1400-w-2-2-l%2Fp55355&amp;category=seleccion&amp;pivot=1&amp;ecomPostExpiration=perish&amp;postId=116092\" title=\"Precio de venta al p\u00fablico a fecha de publicaci\u00f3n\" class=\"pivot-action-btn pivot-action-primary\">PVP en Lidl \u2014 <strong><span class=\"js-deal-price\">29,99<\/span> \u20ac<\/strong><\/a>\n <\/div>\n<\/p><\/div>\n<\/p><\/div>\n<\/p><\/div>\n<div class=\"pivot-link-msg\">* Alg\u00fan precio puede haber cambiado desde la \u00faltima revisi\u00f3n<\/div>\n<\/p><\/div>\n<p><!-- PIVOT END --><\/p>\n<h3><strong>Saivod FH-09<\/strong><\/h3>\n<div class=\"article-asset-image article-asset-small article-asset-center\">\n<div class=\"asset-content\">\n                    <a rel=\"nofollow, sponsored, noopener, noreferrer\" target=\"_blank\" class=\"js-ecommerce\" id=\"link-ecommerce-47\" href=\"https:\/\/www.xatakahome.com\/redirect?url=https%3A%2F%2Fwww.elcorteingles.es%2Felectrodomesticos%2FA15594683-termoventilador-saivod-fh-09-con-selector-de-2-niveles%2F&amp;category=seleccion&amp;ecomPostExpiration=perish&amp;postId=116092\" data-vars-affiliate-url=\"https:\/\/www.elcorteingles.es\/electrodomesticos\/A15594683-termoventilador-saivod-fh-09-con-selector-de-2-niveles\/\"><\/p>\n<p>    <img decoding=\"async\" alt=\"Termoventilador Saivod FH-09\" class=\"centro_sinmarco\" src=\"https:\/\/i.blogs.es\/70eee0\/proyecto-nuevo---2024-12-14t114616.959\/450_1000.webp\"><br \/>\n     <\/a><\/p><\/div>\n<\/div>\n<p>Aunque los <a class=\"text-outboundlink\" href=\"https:\/\/www.xatakahome.com\/seleccion\/mejores-calefactores-consumo-cual-comprar-consejos-recomendaciones\" data-vars-post-title=\"Los mejores calefactores de bajo consumo: \u00bfCu\u00e1l comprar? Consejos y recomendaciones\" data-vars-post-url=\"https:\/\/www.xatakahome.com\/seleccion\/mejores-calefactores-consumo-cual-comprar-consejos-recomendaciones\" data-id=\"noopener noreferrer\">calefactores de bajo consumo<\/a> son los principales dispositivos que utilizamos para calentar nuestro hogar en invierno, El Corte Ingl\u00e9s ahora tiene una soluci\u00f3n mucho m\u00e1s econ\u00f3mica para lograrlo. Se trata de este <strong>termoventilador Saivod FH-09<\/strong> que cuesta <a rel=\"nofollow, sponsored, noopener, noreferrer\" target=\"_blank\" class=\"js-ecommerce\" id=\"link-ecommerce-48\" href=\"https:\/\/www.xatakahome.com\/redirect?url=https%3A%2F%2Fwww.elcorteingles.es%2Felectrodomesticos%2FA15594683-termoventilador-saivod-fh-09-con-selector-de-2-niveles%2F&amp;category=seleccion&amp;ecomPostExpiration=perish&amp;postId=116092\" data-vars-affiliate-url=\"https:\/\/www.elcorteingles.es\/electrodomesticos\/A15594683-termoventilador-saivod-fh-09-con-selector-de-2-niveles\/\" data-id=\"noopener noreferrer\">18,90 euros<\/a>.<\/p>\n<p><!-- BREAK 28 --><!-- PIVOT START --><\/p>\n<div class=\"pivot-ecommerce-container m-pivot-ecommerce-redesign article-asset-normal article-asset-center\">\n<div class=\"pivot-ecommerce\">\n<div class=\"pivot-ecommerce-figure\">\n  <a rel=\"nofollow, sponsored, noopener, noreferrer\" target=\"_blank\" href=\"https:\/\/www.xatakahome.com\/redirect?url=https%3A%2F%2Fwww.elcorteingles.es%2Felectrodomesticos%2FA15594683-termoventilador-saivod-fh-09-con-selector-de-2-niveles%2F&amp;category=seleccion&amp;pivot=1&amp;ecomPostExpiration=perish&amp;postId=116092\"><br \/>\n   <img loading=\"lazy\" decoding=\"async\" alt=\"Saivod - Termoventilador Saivod FH-09 con selector de 2 niveles.\" width=\"600\" height=\"600\" src=\"https:\/\/i.blogs.es\/0b6465\/blob\/original.webp\" onerror='this.src=\"https:\/\/i.blogs.es\/0b6465\/blob\/original.jpeg\"'><br \/>\n  <\/a>\n  <\/div>\n<div class=\"pivot-ecommerce-summary\">\n<p class=\"pivot-ecommerce-desc\">Saivod &#8211; Termoventilador Saivod FH-09 con selector de 2 niveles.<\/p>\n<div class=\"pivot-actions \">\n<div class=\"pivot-actions-row\">\n <a rel=\"nofollow, sponsored, noopener, noreferrer\" target=\"_blank\" data-asin=\"001007762520810\" data-store=\"El Corte Ingl\u00e9s\" href=\"https:\/\/www.xatakahome.com\/redirect?url=https%3A%2F%2Fwww.elcorteingles.es%2Felectrodomesticos%2FA15594683-termoventilador-saivod-fh-09-con-selector-de-2-niveles%2F&amp;category=seleccion&amp;pivot=1&amp;ecomPostExpiration=perish&amp;postId=116092\" title=\"Precio actualizado hoy\" class=\"pivot-action-btn metrics-pivot-btn pivot-action-primary\">Hoy en El Corte Ingl\u00e9s \u2014 <strong><span class=\"js-deal-price\">18,90<\/span> \u20ac<\/strong><\/a>\n <\/div>\n<\/p><\/div>\n<\/p><\/div>\n<\/p><\/div>\n<div class=\"pivot-link-msg\">* Alg\u00fan precio puede haber cambiado desde la \u00faltima revisi\u00f3n<\/div>\n<\/p><\/div>\n<p><!-- PIVOT END --><\/p>\n<h3><strong>Freidora de aire dual Salter<\/strong><\/h3>\n<div class=\"article-asset-image article-asset-small article-asset-center\">\n<div class=\"asset-content\">\n                    <a rel=\"nofollow, sponsored, noopener, noreferrer\" target=\"_blank\" class=\"js-ecommerce\" id=\"link-ecommerce-49\" href=\"https:\/\/www.xatakahome.com\/redirect?url=https%3A%2F%2Fwww.lidl.es%2Fes%2Fsalter-freidora-de-aire-dual-wiew-7-l-2300-w%2Fp67947&amp;category=seleccion&amp;ecomPostExpiration=perish&amp;postId=116092\" data-vars-affiliate-url=\"https:\/\/www.lidl.es\/es\/salter-freidora-de-aire-dual-wiew-7-l-2300-w\/p67947\"><\/p>\n<p>    <img decoding=\"async\" alt=\"freidora de aire dual Salter\" class=\"centro_sinmarco\" src=\"https:\/\/i.blogs.es\/dc41b7\/proyecto-nuevo---2024-12-17t101821.826\/450_1000.webp\"><br \/>\n     <\/a><\/p><\/div>\n<\/div>\n<p><strong>La freidora de aire dual Salter<\/strong> est\u00e1 en oferta en Lidl por <a rel=\"nofollow, sponsored, noopener, noreferrer\" target=\"_blank\" class=\"js-ecommerce\" id=\"link-ecommerce-50\" href=\"https:\/\/www.xatakahome.com\/redirect?url=https%3A%2F%2Fwww.lidl.es%2Fes%2Fsalter-freidora-de-aire-dual-wiew-7-l-2300-w%2Fp67947&amp;category=seleccion&amp;ecomPostExpiration=perish&amp;postId=116092\" data-vars-affiliate-url=\"https:\/\/www.lidl.es\/es\/salter-freidora-de-aire-dual-wiew-7-l-2300-w\/p67947\" data-id=\"noopener noreferrer\">79,99 euros<\/a>. Adem\u00e1s, con el c\u00f3digo \u2018<strong>ALOSREZAGADOS<\/strong>\u2019 te la puedes llevar con un 10% de descuento extra. Cuenta con una gran capacidad de 7 litros y permite elaborar grandes platos a varias recetas a la vez. Funciona con una <strong>potencia de 2.300 W<\/strong> y cuenta con circulaci\u00f3n de aire de alta velocidad, para cocinar m\u00e1s r\u00e1pido que el horno tradicional.<\/p>\n<p><!-- BREAK 29 --><!-- PIVOT START --><\/p>\n<div class=\"pivot-ecommerce-container m-pivot-ecommerce-redesign article-asset-normal article-asset-center\">\n<div class=\"pivot-ecommerce\">\n<div class=\"pivot-ecommerce-figure\">\n  <a rel=\"nofollow, sponsored, noopener, noreferrer\" target=\"_blank\" href=\"https:\/\/www.xatakahome.com\/redirect?url=https%3A%2F%2Fwww.lidl.es%2Fes%2Fsalter-freidora-de-aire-dual-wiew-7-l-2300-w%2Fp67947&amp;category=seleccion&amp;pivot=1&amp;ecomPostExpiration=perish&amp;postId=116092\"><br \/>\n   <img loading=\"lazy\" decoding=\"async\" alt=\"Salter \u00ae Freidora de aire Dual Wiew 7 L 2300 W\n\" width=\"600\" height=\"600\" src=\"https:\/\/i.blogs.es\/333ebf\/blob\/original.webp\" onerror='this.src=\"https:\/\/i.blogs.es\/333ebf\/blob\/original.jpeg\"'><br \/>\n  <\/a>\n  <\/div>\n<div class=\"pivot-ecommerce-summary\">\n<p class=\"pivot-ecommerce-desc\">Salter \u00ae Freidora de aire Dual Wiew 7 L 2300 W\n<\/p>\n<div class=\"pivot-actions \">\n<div class=\"pivot-actions-row\">\n <a rel=\"nofollow, sponsored, noopener, noreferrer\" target=\"_blank\" data-asin=\"\" data-store=\"\" href=\"https:\/\/www.xatakahome.com\/redirect?url=https%3A%2F%2Fwww.lidl.es%2Fes%2Fsalter-freidora-de-aire-dual-wiew-7-l-2300-w%2Fp67947&amp;category=seleccion&amp;pivot=1&amp;ecomPostExpiration=perish&amp;postId=116092\" title=\"Precio de venta al p\u00fablico a fecha de publicaci\u00f3n\" class=\"pivot-action-btn pivot-action-primary\">PVP en Lidl \u2014 <strong><span class=\"js-deal-price\">79,99<\/span> \u20ac<\/strong><\/a>\n <\/div>\n<\/p><\/div>\n<\/p><\/div>\n<\/p><\/div>\n<div class=\"pivot-link-msg\">* Alg\u00fan precio puede haber cambiado desde la \u00faltima revisi\u00f3n<\/div>\n<\/p><\/div>\n<p><!-- PIVOT END --><\/p>\n<h3><strong>Estufa de le\u00f1a Eco Ronde<\/strong><\/h3>\n<div class=\"article-asset-image article-asset-small article-asset-center\">\n<div class=\"asset-content\">\n                    <a rel=\"nofollow, sponsored, noopener, noreferrer\" target=\"_blank\" class=\"js-ecommerce\" id=\"link-ecommerce-51\" href=\"https:\/\/www.xatakahome.com\/redirect?url=https%3A%2F%2Fwww.leroymerlin.es%2Fproductos%2Fcalefaccion-y-climatizacion%2Festufas%2Festufas-de-lena%2Festufa-de-lena-eco-ronde-6-3-kw-negro-92610510.html&amp;category=seleccion&amp;ecomPostExpiration=perish&amp;postId=116092\" data-vars-affiliate-url=\"https:\/\/www.leroymerlin.es\/productos\/calefaccion-y-climatizacion\/estufas\/estufas-de-lena\/estufa-de-lena-eco-ronde-6-3-kw-negro-92610510.html\"><\/p>\n<p>    <img decoding=\"async\" alt=\"Estufa de le\u00f1a ECO RONDE\" class=\"centro_sinmarco\" src=\"https:\/\/i.blogs.es\/28adaf\/proyecto-nuevo---2024-10-21t094500.451\/450_1000.webp\"><br \/>\n     <\/a><\/p><\/div>\n<\/div>\n<p>Aunque a\u00fan no hay temperaturas propias de invierno, este es un buen momento para empezar a pensar en comprar aparatos de climatizaci\u00f3n para esta \u00e9poca del a\u00f1o. Si estabas buscando una <strong>estufa de le\u00f1a Eco Ronde<\/strong> es un chollo en el outlet de Leroy Merlin. Concretamente, puedes comprarla por <a rel=\"nofollow, sponsored, noopener, noreferrer\" target=\"_blank\" class=\"js-ecommerce\" id=\"link-ecommerce-52\" href=\"https:\/\/www.xatakahome.com\/redirect?url=https%3A%2F%2Fwww.leroymerlin.es%2Fproductos%2Fcalefaccion-y-climatizacion%2Festufas%2Festufas-de-lena%2Festufa-de-lena-eco-ronde-6-3-kw-negro-92610510.html&amp;category=seleccion&amp;ecomPostExpiration=perish&amp;postId=116092\" data-vars-affiliate-url=\"https:\/\/www.leroymerlin.es\/productos\/calefaccion-y-climatizacion\/estufas\/estufas-de-lena\/estufa-de-lena-eco-ronde-6-3-kw-negro-92610510.html\" data-id=\"noopener noreferrer\">559 euros<\/a>.<\/p>\n<p><!-- BREAK 30 --><!-- PIVOT START --><\/p>\n<div class=\"pivot-ecommerce-container m-pivot-ecommerce-redesign article-asset-normal article-asset-center\">\n<div class=\"pivot-ecommerce\">\n<div class=\"pivot-ecommerce-figure\">\n  <a rel=\"nofollow, sponsored, noopener, noreferrer\" target=\"_blank\" href=\"https:\/\/www.xatakahome.com\/redirect?url=https%3A%2F%2Fwww.leroymerlin.es%2Fproductos%2Fcalefaccion-y-climatizacion%2Festufas%2Festufas-de-lena%2Festufa-de-lena-eco-ronde-6-3-kw-negro-92610510.html%3FhighlightedOfferCode%3Dc00de60ca60ff1512eef382e52144ee884e84ec9&amp;category=seleccion&amp;pivot=1&amp;ecomPostExpiration=perish&amp;postId=116092\"><br \/>\n   <img loading=\"lazy\" decoding=\"async\" alt=\"EIDER BIOMASA - Ronde - Estufa de Le\u00f1a \" width=\"500\" height=\"500\" src=\"https:\/\/i.blogs.es\/620551\/31bklmeu5vl._sl500_\/original.webp\" onerror='this.src=\"https:\/\/i.blogs.es\/620551\/31bklmeu5vl._sl500_\/original.jpeg\"'><br \/>\n  <\/a>\n  <\/div>\n<div class=\"pivot-ecommerce-summary\">\n<p class=\"pivot-ecommerce-desc\">EIDER BIOMASA &#8211; Ronde &#8211; Estufa de Le\u00f1a <\/p>\n<div class=\"pivot-actions \">\n<div class=\"pivot-actions-row\">\n <a rel=\"nofollow, sponsored, noopener, noreferrer\" target=\"_blank\" data-asin=\"92610510\" data-store=\"Leroy Merlin\" href=\"https:\/\/www.xatakahome.com\/redirect?url=https%3A%2F%2Fwww.leroymerlin.es%2Fproductos%2Fcalefaccion-y-climatizacion%2Festufas%2Festufas-de-lena%2Festufa-de-lena-eco-ronde-6-3-kw-negro-92610510.html%3FhighlightedOfferCode%3Dc00de60ca60ff1512eef382e52144ee884e84ec9&amp;category=seleccion&amp;pivot=1&amp;ecomPostExpiration=perish&amp;postId=116092\" title=\"Precio actualizado hoy\" class=\"pivot-action-btn metrics-pivot-btn pivot-action-primary\">Hoy en Leroy Merlin \u2014 <strong><span class=\"js-deal-price\">559,00<\/span> \u20ac<\/strong><\/a><br \/>\n   <a rel=\"nofollow, sponsored, noopener, noreferrer\" target=\"_blank\" data-asin=\"B0DGB9P2MB\" data-store=\"Amazon\" href=\"https:\/\/www.xatakahome.com\/redirect?url=https%3A%2F%2Fwww.amazon.es%2Fdp%2FB0DGB9P2MB%3Ftag%3Dxatakahome-21%26linkCode%3Dosi%26th%3D1%26psc%3D1&amp;category=seleccion&amp;pivot=1&amp;ecomPostExpiration=perish&amp;postId=116092\" title=\"Precio actualizado hoy\" class=\"pivot-action-btn metrics-pivot-btn pivot-action-secondary\">Amazon \u2014 <strong><span class=\"js-deal-price\">735,00<\/span> \u20ac<\/strong><\/a><br \/>\n   <a rel=\"nofollow, sponsored, noopener, noreferrer\" target=\"_blank\" data-asin=\"001051705200759\" data-store=\"El Corte Ingl\u00e9s\" href=\"https:\/\/www.xatakahome.com\/redirect?url=https%3A%2F%2Fwww.elcorteingles.es%2Fbricor%2FA48416925-estufa-lena-ronde-79-kw%2F&amp;category=seleccion&amp;pivot=1&amp;ecomPostExpiration=perish&amp;postId=116092\" title=\"Precio actualizado hoy\" class=\"pivot-action-btn metrics-pivot-btn pivot-action-secondary\">El Corte Ingl\u00e9s \u2014 <strong><span class=\"js-deal-price\">1.199,00<\/span> \u20ac<\/strong><\/a>\n <\/div>\n<\/p><\/div>\n<\/p><\/div>\n<\/p><\/div>\n<div class=\"pivot-link-msg\">* Alg\u00fan precio puede haber cambiado desde la \u00faltima revisi\u00f3n<\/div>\n<\/p><\/div>\n<p><!-- PIVOT END --><\/p>\n<h3><strong>Secador de ropa rectangular Jocel<\/strong><\/h3>\n<div class=\"article-asset-image article-asset-small article-asset-center\">\n<div class=\"asset-content\">\n                    <a rel=\"nofollow, sponsored, noopener, noreferrer\" target=\"_blank\" class=\"js-ecommerce\" id=\"link-ecommerce-53\" href=\"https:\/\/www.xatakahome.com\/redirect?url=https%3A%2F%2Fwww.leroymerlin.es%2Fproductos%2Fcalefaccion-y-climatizacion%2Fcalefactores-y-radiadores-moviles%2Fsecadores-de-ropa-calienta-camas-y-otras-soluciones-de-calor%2Fsecador-de-ropa-rectangular-jocel-82073771.html&amp;category=seleccion&amp;ecomPostExpiration=perish&amp;postId=116092\" data-vars-affiliate-url=\"https:\/\/www.leroymerlin.es\/productos\/calefaccion-y-climatizacion\/calefactores-y-radiadores-moviles\/secadores-de-ropa-calienta-camas-y-otras-soluciones-de-calor\/secador-de-ropa-rectangular-jocel-82073771.html\"><\/p>\n<p>    <img decoding=\"async\" alt=\"secador de ropa Jocel\" class=\"centro_sinmarco\" src=\"https:\/\/i.blogs.es\/c12847\/proyecto-nuevo-39-\/450_1000.webp\"><br \/>\n     <\/a><\/p><\/div>\n<\/div>\n<p>Con la lluvia presente desde hace unos d\u00edas, es normal que tengamos en mente una de las principales preocupaciones en el hogar: \u00bfC\u00f3mo secar la ropa? Ahora, en Leroy Merlin hemos encontrado este <strong>secador de ropa rectangular Jocel<\/strong> que est\u00e1 arrasando y que cuesta solo <a rel=\"nofollow, sponsored, noopener, noreferrer\" target=\"_blank\" class=\"js-ecommerce\" id=\"link-ecommerce-54\" href=\"https:\/\/www.xatakahome.com\/redirect?url=https%3A%2F%2Fwww.leroymerlin.es%2Fproductos%2Fferreteria-y-seguridad%2Flavado-y-planchado%2Ftendederos%2Ftendedero-electrico%2Fsecador-de-ropa-rectangular-jocel-82073771.html&amp;category=seleccion&amp;ecomPostExpiration=perish&amp;postId=116092\" data-vars-affiliate-url=\"https:\/\/www.leroymerlin.es\/productos\/ferreteria-y-seguridad\/lavado-y-planchado\/tendederos\/tendedero-electrico\/secador-de-ropa-rectangular-jocel-82073771.html\" data-id=\"noopener noreferrer\">74,99 euros<\/a>.<\/p>\n<p><!-- BREAK 31 --><!-- PIVOT START --><\/p>\n<div class=\"pivot-ecommerce-container m-pivot-ecommerce-redesign article-asset-normal article-asset-center\">\n<div class=\"pivot-ecommerce\">\n<div class=\"pivot-ecommerce-figure\">\n  <a rel=\"nofollow, sponsored, noopener, noreferrer\" target=\"_blank\" href=\"https:\/\/www.xatakahome.com\/redirect?url=https%3A%2F%2Fwww.leroymerlin.es%2Fproductos%2Fcalefaccion-y-climatizacion%2Fcalefactores-y-radiadores-moviles%2Fsecadores-de-ropa-calienta-camas-y-otras-soluciones-de-calor%2Fsecador-de-ropa-rectangular-jocel-82073771.html&amp;category=seleccion&amp;pivot=1&amp;ecomPostExpiration=perish&amp;postId=116092\"><br \/>\n   <img loading=\"lazy\" decoding=\"async\" alt=\"Jocel Secador de Ropa JSR002228\" width=\"500\" height=\"500\" src=\"https:\/\/i.blogs.es\/91f303\/3156epxebas._sl500_\/original.webp\" onerror='this.src=\"https:\/\/i.blogs.es\/91f303\/3156epxebas._sl500_\/original.jpeg\"'><br \/>\n  <\/a>\n  <\/div>\n<div class=\"pivot-ecommerce-summary\">\n<p class=\"pivot-ecommerce-desc\">Jocel Secador de Ropa JSR002228<\/p>\n<div class=\"pivot-actions \">\n<div class=\"pivot-actions-row\">\n <a rel=\"nofollow, sponsored, noopener, noreferrer\" target=\"_blank\" data-asin=\"82073771\" data-store=\"Leroy Merlin\" href=\"https:\/\/www.xatakahome.com\/redirect?url=https%3A%2F%2Fwww.leroymerlin.es%2Fproductos%2Fcalefaccion-y-climatizacion%2Fcalefactores-y-radiadores-moviles%2Fsecadores-de-ropa-calienta-camas-y-otras-soluciones-de-calor%2Fsecador-de-ropa-rectangular-jocel-82073771.html&amp;category=seleccion&amp;pivot=1&amp;ecomPostExpiration=perish&amp;postId=116092\" title=\"Precio actualizado hoy\" class=\"pivot-action-btn metrics-pivot-btn pivot-action-primary\">Hoy en Leroy Merlin \u2014 <strong><span class=\"js-deal-price\">74,99<\/span> \u20ac<\/strong><\/a>\n <\/div>\n<\/p><\/div>\n<\/p><\/div>\n<\/p><\/div>\n<div class=\"pivot-link-msg\">* Alg\u00fan precio puede haber cambiado desde la \u00faltima revisi\u00f3n<\/div>\n<\/p><\/div>\n<p><!-- PIVOT END --><\/p>\n<h3><strong>Mi Wi-Fi Range Extender Pro<\/strong><\/h3>\n<div class=\"article-asset-image article-asset-small article-asset-center\">\n<div class=\"asset-content\">\n                    <a rel=\"nofollow, sponsored, noopener, noreferrer\" target=\"_blank\" class=\"js-ecommerce\" id=\"link-ecommerce-55\" href=\"https:\/\/www.xatakahome.com\/redirect?url=https%3A%2F%2Fwww.mi.com%2Fes%2Fproduct%2Fmi-wifi-range-extender-pro%2F&amp;category=seleccion&amp;ecomPostExpiration=perish&amp;postId=116092\" data-vars-affiliate-url=\"https:\/\/www.mi.com\/es\/product\/mi-wifi-range-extender-pro\/\"><\/p>\n<p>    <img decoding=\"async\" alt=\"amplificador WiFi Xiaomi\" class=\"centro_sinmarco\" src=\"https:\/\/i.blogs.es\/806f4a\/proyecto-nuevo-34-\/450_1000.webp\"><br \/>\n     <\/a><\/p><\/div>\n<\/div>\n<p>Seguro que m\u00e1s de una vez, has tenido problemas en la conexi\u00f3n WiFi de tu hogar. Esto es algo para lo que Xiaomi tiene la soluci\u00f3n (y es econ\u00f3mica) ya que ahora est\u00e1 disponible el amplificador <strong>Mi Wi-Fi Range Extender Pro<\/strong> en su tienda online en oferta, por <a rel=\"nofollow, sponsored, noopener, noreferrer\" target=\"_blank\" class=\"js-ecommerce\" id=\"link-ecommerce-56\" href=\"https:\/\/www.xatakahome.com\/redirect?url=https%3A%2F%2Fwww.mi.com%2Fes%2Fproduct%2Fmi-wifi-range-extender-pro%2F&amp;category=seleccion&amp;ecomPostExpiration=perish&amp;postId=116092\" data-vars-affiliate-url=\"https:\/\/www.mi.com\/es\/product\/mi-wifi-range-extender-pro\/\" data-id=\"noopener noreferrer\">12,99 euros<\/a>.<\/p>\n<p><!-- BREAK 32 --><!-- PIVOT START --><\/p>\n<div class=\"pivot-ecommerce-container m-pivot-ecommerce-redesign article-asset-normal article-asset-center\">\n<div class=\"pivot-ecommerce\">\n<div class=\"pivot-ecommerce-figure\">\n  <a rel=\"nofollow, sponsored, noopener, noreferrer\" target=\"_blank\" href=\"https:\/\/www.xatakahome.com\/redirect?url=https%3A%2F%2Fwww.mi.com%2Fes%2Fproduct%2Fmi-wifi-range-extender-pro%2F%3Fskupanel%3D1%26gid%3D4223703853&amp;category=seleccion&amp;pivot=1&amp;ecomPostExpiration=perish&amp;postId=116092\"><br \/>\n   <img loading=\"lazy\" decoding=\"async\" alt=\"Xiaomi\u00ae Amplificador de wifi\n\" width=\"600\" height=\"600\" src=\"https:\/\/i.blogs.es\/51faa6\/blob\/original.webp\" onerror='this.src=\"https:\/\/i.blogs.es\/51faa6\/blob\/original.jpeg\"'><br \/>\n  <\/a>\n  <\/div>\n<div class=\"pivot-ecommerce-summary\">\n<p class=\"pivot-ecommerce-desc\">Xiaomi\u00ae Amplificador de wifi\n<\/p>\n<div class=\"pivot-actions \">\n<div class=\"pivot-actions-row\">\n <a rel=\"nofollow, sponsored, noopener, noreferrer\" target=\"_blank\" data-asin=\"43371\" data-store=\"Xiaomi\" href=\"https:\/\/www.xatakahome.com\/redirect?url=https%3A%2F%2Fwww.mi.com%2Fes%2Fproduct%2Fmi-wifi-range-extender-pro%2F%3Fskupanel%3D1%26gid%3D4223703853&amp;category=seleccion&amp;pivot=1&amp;ecomPostExpiration=perish&amp;postId=116092\" title=\"Precio actualizado hoy\" class=\"pivot-action-btn metrics-pivot-btn pivot-action-primary\">Hoy en Xiaomi \u2014 <strong><span class=\"js-deal-price\">12,99<\/span> \u20ac<\/strong><\/a><br \/>\n   <a rel=\"nofollow, sponsored, noopener, noreferrer\" target=\"_blank\" data-asin=\"10812945\" data-store=\"PcComponentes\" href=\"https:\/\/www.xatakahome.com\/redirect?url=https%3A%2F%2Fwww.pccomponentes.com%2Fxiaomi-mi-wi-fi-range-extender-pro-repetidor-wifi-300mbps&amp;category=seleccion&amp;pivot=1&amp;ecomPostExpiration=perish&amp;postId=116092\" title=\"Precio actualizado hoy\" class=\"pivot-action-btn metrics-pivot-btn pivot-action-secondary\">PcComponentes \u2014 <strong><span class=\"js-deal-price\">14,14<\/span> \u20ac<\/strong><\/a><br \/>\n   <a rel=\"nofollow, sponsored, noopener, noreferrer\" target=\"_blank\" data-asin=\"B0CLP35S4M\" data-store=\"Amazon\" href=\"https:\/\/www.xatakahome.com\/redirect?url=https%3A%2F%2Fwww.amazon.es%2Fdp%2FB0CLP35S4M%3Ftag%3Dxatakahome-21%26linkCode%3Dosi%26th%3D1%26psc%3D1&amp;category=seleccion&amp;pivot=1&amp;ecomPostExpiration=perish&amp;postId=116092\" title=\"Precio actualizado hoy\" class=\"pivot-action-btn metrics-pivot-btn pivot-action-secondary\">Amazon \u2014 <strong><span class=\"js-deal-price\">16,83<\/span> \u20ac<\/strong><\/a>\n <\/div>\n<\/p><\/div>\n<\/p><\/div>\n<\/p><\/div>\n<div class=\"pivot-link-msg\">* Alg\u00fan precio puede haber cambiado desde la \u00faltima revisi\u00f3n<\/div>\n<\/p><\/div>\n<p><!-- PIVOT END --><\/p>\n<h3><strong>Mopa el\u00e9ctrica con bater\u00eda K\u00e4rcher<\/strong><\/h3>\n<div class=\"article-asset-image article-asset-small article-asset-center\">\n<div class=\"asset-content\">\n                    <a rel=\"nofollow, sponsored, noopener, noreferrer\" target=\"_blank\" class=\"js-ecommerce\" id=\"link-ecommerce-57\" href=\"https:\/\/www.xatakahome.com\/redirect?url=https%3A%2F%2Fwww.lidl.es%2Fes%2Fkaercher-mopa-electrica-con-bateria%2Fp50032&amp;category=seleccion&amp;ecomPostExpiration=perish&amp;postId=116092\" data-vars-affiliate-url=\"https:\/\/www.lidl.es\/es\/kaercher-mopa-electrica-con-bateria\/p50032\"><\/p>\n<p>    <img decoding=\"async\" alt=\"mopa el\u00e9ctrica con bater\u00eda K\u00e4rcher\" class=\"centro_sinmarco\" src=\"https:\/\/i.blogs.es\/5b9e1a\/proyecto-nuevo-27-\/450_1000.webp\"><br \/>\n     <\/a><\/p><\/div>\n<\/div>\n<p>Si est\u00e1s harto de pasar la fregona cada vez que ves una mancha en el suelo, Lidl tiene ahora una soluci\u00f3n que pretende jubilar a este instrumento. Se trata de la <strong>mopa el\u00e9ctrica con bater\u00eda K\u00e4rcher<\/strong> que, ahora, adem\u00e1s, se encuentra rebajada a <a rel=\"nofollow, sponsored, noopener, noreferrer\" target=\"_blank\" class=\"js-ecommerce\" id=\"link-ecommerce-58\" href=\"https:\/\/www.xatakahome.com\/redirect?url=https%3A%2F%2Fwww.lidl.es%2Fes%2Fkaercher-mopa-electrica-con-bateria%2Fp50032&amp;category=seleccion&amp;ecomPostExpiration=perish&amp;postId=116092\" data-vars-affiliate-url=\"https:\/\/www.lidl.es\/es\/kaercher-mopa-electrica-con-bateria\/p50032\" data-id=\"noopener noreferrer\">169,99 euros<\/a>.<\/p>\n<p><!-- BREAK 33 --><!-- PIVOT START --><\/p>\n<div class=\"pivot-ecommerce-container m-pivot-ecommerce-redesign article-asset-normal article-asset-center\">\n<div class=\"pivot-ecommerce\">\n<div class=\"pivot-ecommerce-figure\">\n  <a rel=\"nofollow, sponsored, noopener, noreferrer\" target=\"_blank\" href=\"https:\/\/www.xatakahome.com\/redirect?url=https%3A%2F%2Fwww.lidl.es%2Fes%2Fkaercher-mopa-electrica-con-bateria%2Fp50032&amp;category=seleccion&amp;pivot=1&amp;ecomPostExpiration=perish&amp;postId=116092\"><br \/>\n   <img loading=\"lazy\" decoding=\"async\" alt=\"Mopa el\u00e9ctrica con bater\u00eda K\u00e4rcher\" width=\"600\" height=\"600\" src=\"https:\/\/i.blogs.es\/89dfd5\/blob\/original.webp\" onerror='this.src=\"https:\/\/i.blogs.es\/89dfd5\/blob\/original.jpeg\"'><br \/>\n  <\/a>\n  <\/div>\n<div class=\"pivot-ecommerce-summary\">\n<p class=\"pivot-ecommerce-desc\">Mopa el\u00e9ctrica con bater\u00eda K\u00e4rcher<\/p>\n<div class=\"pivot-actions \">\n<div class=\"pivot-actions-row\">\n <a rel=\"nofollow, sponsored, noopener, noreferrer\" target=\"_blank\" data-asin=\"\" data-store=\"\" href=\"https:\/\/www.xatakahome.com\/redirect?url=https%3A%2F%2Fwww.lidl.es%2Fes%2Fkaercher-mopa-electrica-con-bateria%2Fp50032&amp;category=seleccion&amp;pivot=1&amp;ecomPostExpiration=perish&amp;postId=116092\" title=\"Precio de venta al p\u00fablico a fecha de publicaci\u00f3n\" class=\"pivot-action-btn pivot-action-primary\">PVP en Lidl \u2014 <strong><span class=\"js-deal-price\">169,99<\/span> \u20ac<\/strong><\/a>\n <\/div>\n<\/p><\/div>\n<\/p><\/div>\n<\/p><\/div>\n<div class=\"pivot-link-msg\">* Alg\u00fan precio puede haber cambiado desde la \u00faltima revisi\u00f3n<\/div>\n<\/p><\/div>\n<p><!-- PIVOT END --><\/p>\n<h3>Calefactor hal\u00f3geno SilverCrest<\/h3>\n<div class=\"article-asset-image article-asset-small article-asset-center\">\n<div class=\"asset-content\">\n                    <a rel=\"nofollow, sponsored, noopener, noreferrer\" target=\"_blank\" class=\"js-ecommerce\" id=\"link-ecommerce-59\" href=\"https:\/\/www.xatakahome.com\/redirect?url=https%3A%2F%2Fwww.lidl.es%2Fes%2Fcalefactor-halogeno-de-pie-1200-w%2Fp49152&amp;category=seleccion&amp;ecomPostExpiration=perish&amp;postId=116092\" data-vars-affiliate-url=\"https:\/\/www.lidl.es\/es\/calefactor-halogeno-de-pie-1200-w\/p49152\"><\/p>\n<p>    <img decoding=\"async\" alt=\"calefactor hal\u00f3geno SilverCrest\" class=\"centro_sinmarco\" src=\"https:\/\/i.blogs.es\/05d743\/proyecto-nuevo-6-\/450_1000.webp\"><br \/>\n     <\/a><\/p><\/div>\n<\/div>\n<p>El invierno est\u00e1 a la vuelta de la esquina y es por eso por lo que es el momento perfecto para prepara nuestro hogar frente a las g\u00e9lidas temperaturas. Ahora, en Lidl, hemos encontrado este <strong>calefactor hal\u00f3geno de pie SilverCrest<\/strong> que est\u00e1 en oferta disponible por <a rel=\"nofollow, sponsored, noopener, noreferrer\" target=\"_blank\" class=\"js-ecommerce\" id=\"link-ecommerce-60\" href=\"https:\/\/www.xatakahome.com\/redirect?url=https%3A%2F%2Fwww.lidl.es%2Fes%2Fcalefactor-halogeno-de-pie-1200-w%2Fp49152&amp;category=seleccion&amp;ecomPostExpiration=perish&amp;postId=116092\" data-vars-affiliate-url=\"https:\/\/www.lidl.es\/es\/calefactor-halogeno-de-pie-1200-w\/p49152\" data-id=\"noopener noreferrer\">49,99 euros<\/a>.<\/p>\n<p><!-- BREAK 34 --><!-- PIVOT START --><\/p>\n<div class=\"pivot-ecommerce-container m-pivot-ecommerce-redesign article-asset-normal article-asset-center\">\n<div class=\"pivot-ecommerce\">\n<div class=\"pivot-ecommerce-figure\">\n  <a rel=\"nofollow, sponsored, noopener, noreferrer\" target=\"_blank\" href=\"https:\/\/www.xatakahome.com\/redirect?url=https%3A%2F%2Fwww.lidl.es%2Fes%2Fcalefactor-halogeno-de-pie-1200-w%2Fp49152&amp;category=seleccion&amp;pivot=1&amp;ecomPostExpiration=perish&amp;postId=116092\"><br \/>\n   <img loading=\"lazy\" decoding=\"async\" alt=\"Calefactor hal\u00f3geno de pie 1200 W\" width=\"600\" height=\"600\" src=\"https:\/\/i.blogs.es\/9e319d\/blob\/original.webp\" onerror='this.src=\"https:\/\/i.blogs.es\/9e319d\/blob\/original.jpeg\"'><br \/>\n  <\/a>\n  <\/div>\n<div class=\"pivot-ecommerce-summary\">\n<p class=\"pivot-ecommerce-desc\">Calefactor hal\u00f3geno de pie 1200 W<\/p>\n<div class=\"pivot-actions \">\n<div class=\"pivot-actions-row\">\n <a rel=\"nofollow, sponsored, noopener, noreferrer\" target=\"_blank\" data-asin=\"\" data-store=\"\" href=\"https:\/\/www.xatakahome.com\/redirect?url=https%3A%2F%2Fwww.lidl.es%2Fes%2Fcalefactor-halogeno-de-pie-1200-w%2Fp49152&amp;category=seleccion&amp;pivot=1&amp;ecomPostExpiration=perish&amp;postId=116092\" title=\"Precio de venta al p\u00fablico a fecha de publicaci\u00f3n\" class=\"pivot-action-btn pivot-action-primary\">PVP en Lidl \u2014 <strong><span class=\"js-deal-price\">49,99<\/span> \u20ac<\/strong><\/a>\n <\/div>\n<\/p><\/div>\n<\/p><\/div>\n<\/p><\/div>\n<div class=\"pivot-link-msg\">* Alg\u00fan precio puede haber cambiado desde la \u00faltima revisi\u00f3n<\/div>\n<\/p><\/div>\n<p><!-- PIVOT END --><\/p>\n<div class=\"article-asset-video article-asset-normal\">\n<div class=\"asset-content\">\n<div class=\"base-asset-video\">\n<div class=\"js-dailymotion\">\n    <script type=\"application\/json\">\n                          {\"videoId\":\"x7zmt9g\",\"autoplay\":true,\"title\":\"Antes de comprar una TV por menos de 500\u20ac \u00a1mira esto! - CARACTER\u00cdSTICAS DE LA TELEVISI\u00d3N PERFECTA\", \"tag\":\"tv\"}\n                  <\/script>\n   <\/div>\n<\/p><\/div>\n<\/p><\/div>\n<\/div>\n<h2>M\u00e1s ofertas<\/h2>\n<p>Y si tras todo esto nuestra secci\u00f3n de los viernes se te queda corta, puedes estar al d\u00eda y en cada momento informado de las principales ofertas y novedades de Xataka Selecci\u00f3n en nuestro canal de <a rel=\"noopener, noreferrer\" href=\"https:\/\/t.me\/xatakaseleccion\">Telegram<\/a> o en nuestros perfiles de <a rel=\"noopener, noreferrer\" href=\"https:\/\/twitter.com\/xatakaseleccion\">Twitter<\/a>, <a rel=\"noopener, noreferrer\" href=\"https:\/\/www.facebook.com\/XatakaSeleccion\/\">Facebook<\/a> y la revista <a rel=\"noopener, noreferrer\" href=\"https:\/\/flipboard.com\/@xataka\/cazando-gangas-4tsdshjjz\">Flipboard<\/a>. Puedes echar un vistazo tambi\u00e9n a los cazando gangas de <a href=\"https:\/\/www.xatakamovil.com\/tag\/cazando-gangas\">Xataka M\u00f3vil<\/a>, <a href=\"https:\/\/www.xatakandroid.com\/tag\/cazando-gangas\">Xataka Android<\/a>, <a href=\"https:\/\/www.xatakafoto.com\/tag\/cazando-gangas\">Xataka Foto<\/a>, <a href=\"https:\/\/www.vidaextra.com\/tag\/cazando-gangas\">Vida Extra<\/a>, <a href=\"https:\/\/www.espinof.com\/tag\/cazando-gangas\">Espinof<\/a> y <a href=\"https:\/\/www.applesfera.com\/tag\/cazando-gangas-applesfera\">Applesfera<\/a>, as\u00ed como con nuestros compa\u00f1eros de <a href=\"https:\/\/www.compradiccion.com\/\">Compradicci\u00f3n<\/a>. Puedes ver todas las gangas que publican en <a rel=\"noopener, noreferrer\" href=\"http:\/\/twitter.com\/compradiccion_\">Twitter<\/a> y <a rel=\"noopener, noreferrer\" href=\"https:\/\/www.facebook.com\/Compradiccion\/\">Facebook<\/a>, e incluso suscribirte a sus avisos v\u00eda <a rel=\"noopener, noreferrer\" href=\"http:\/\/telegram.me\/compradiccion\">Telegram<\/a>.<\/p>\n<p><!-- BREAK 35 --><\/p>\n<p><em>Nota: Algunos de los enlaces de este art\u00edculo son afiliados y pueden reportar un beneficio a Xataka Home<\/em><\/p>\n<p><script>\n (function() {\n  window._JS_MODULES = window._JS_MODULES || {};\n  var headElement = document.getElementsByTagName('head')[0];\n  if (_JS_MODULES.instagram) {\n   var instagramScript = document.createElement('script');\n   instagramScript.src = 'https:\/\/platform.instagram.com\/en_US\/embeds.js';\n   instagramScript.async = true;\n   instagramScript.defer = true;\n   headElement.appendChild(instagramScript);\n  }\n })();\n<\/script><\/p>\n<p> &#8211; <br \/> La noticia<br \/>\n      <a href=\"https:\/\/www.xatakahome.com\/seleccion\/cuesta-enero-se-lleva-mejor-estas-ofertas-smart-tv-barras-sonido-calefaccion-hogar-conectado-cazando-gangas?utm_source=feedburner&amp;utm_medium=feed&amp;utm_campaign=24_Jan_2025\"><br \/>\n       <em> La cuesta de enero se lleva mejor con estas ofertas en Smart TV, barras de sonido, calefacci\u00f3n, hogar conectado y m\u00e1s: Cazando gangas <\/em><br \/>\n      <\/a><br \/>\n      fue publicada originalmente en<br \/>\n      <a href=\"https:\/\/www.xatakahome.com\/?utm_source=feedburner&amp;utm_medium=feed&amp;utm_campaign=24_Jan_2025\"><br \/>\n       <strong> Xataka Smart Home <\/strong><br \/>\n      <\/a><br \/>\n             por <a href=\"https:\/\/www.xatakahome.com\/autor\/paco-rodriguez?utm_source=feedburner&amp;utm_medium=feed&amp;utm_campaign=24_Jan_2025\"><br \/>\n        Paco Rodriguez<br \/>\n       <\/a><br \/>\n      . <\/p>\n<\/div>\n","protected":false},"excerpt":{"rendered":"<p>Ha llegado el viernes, el d\u00eda ideal para repasar los descuentos en televisores inteligentes, equipos y barras de sonido, dispositivos para el hogar conectado y m\u00e1s. Comienza nuestro Cazando gangas. Televisores, proyectores, multimedia y barras de sonido Philips 65PML9636\/12 Este televisor miniLED de Philips tiene un gran descuento esta semana. Se trata de un modelo &hellip; <a href=\"https:\/\/domosistemas.com\/?p=27214\" class=\"more-link\">Sigue leyendo <span class=\"screen-reader-text\">La cuesta de enero se lleva mejor con estas ofertas en Smart TV, barras de sonido, calefacci\u00f3n, hogar conectado y m\u00e1s: Cazando gangas<\/span><\/a><\/p>\n","protected":false},"author":1,"featured_media":0,"comment_status":"closed","ping_status":"closed","sticky":false,"template":"","format":"standard","meta":{"footnotes":""},"categories":[8],"tags":[],"class_list":["post-27214","post","type-post","status-publish","format-standard","hentry","category-xataka"],"_links":{"self":[{"href":"https:\/\/domosistemas.com\/index.php?rest_route=\/wp\/v2\/posts\/27214","targetHints":{"allow":["GET"]}}],"collection":[{"href":"https:\/\/domosistemas.com\/index.php?rest_route=\/wp\/v2\/posts"}],"about":[{"href":"https:\/\/domosistemas.com\/index.php?rest_route=\/wp\/v2\/types\/post"}],"author":[{"embeddable":true,"href":"https:\/\/domosistemas.com\/index.php?rest_route=\/wp\/v2\/users\/1"}],"replies":[{"embeddable":true,"href":"https:\/\/domosistemas.com\/index.php?rest_route=%2Fwp%2Fv2%2Fcomments&post=27214"}],"version-history":[{"count":0,"href":"https:\/\/domosistemas.com\/index.php?rest_route=\/wp\/v2\/posts\/27214\/revisions"}],"wp:attachment":[{"href":"https:\/\/domosistemas.com\/index.php?rest_route=%2Fwp%2Fv2%2Fmedia&parent=27214"}],"wp:term":[{"taxonomy":"category","embeddable":true,"href":"https:\/\/domosistemas.com\/index.php?rest_route=%2Fwp%2Fv2%2Fcategories&post=27214"},{"taxonomy":"post_tag","embeddable":true,"href":"https:\/\/domosistemas.com\/index.php?rest_route=%2Fwp%2Fv2%2Ftags&post=27214"}],"curies":[{"name":"wp","href":"https:\/\/api.w.org\/{rel}","templated":true}]}}