{"id":27242,"date":"2025-01-27T11:05:12","date_gmt":"2025-01-27T11:05:12","guid":{"rendered":"https:\/\/domosistemas.com\/?p=27242"},"modified":"2025-01-27T11:05:12","modified_gmt":"2025-01-27T11:05:12","slug":"poca-gente-sabe-que-en-la-factura-de-la-luz-hay-dos-codigos-qr-hay-uno-que-esta-mas-escondido-y-es-el-mas-util","status":"publish","type":"post","link":"https:\/\/domosistemas.com\/?p=27242","title":{"rendered":"Poca gente sabe que en la factura de la luz hay dos c\u00f3digos QR. Hay uno que est\u00e1 m\u00e1s escondido y es el m\u00e1s \u00fatil"},"content":{"rendered":"<div>\n<p>\n      <img decoding=\"async\" src=\"https:\/\/i.blogs.es\/4421a0\/captura-de-pantalla-2025-01-27-a-las-8.57.18\/1024_2000.jpeg\" alt=\"Poca gente sabe que en la factura de la luz hay dos c\u00f3digos QR. Hay uno que est\u00e1 m\u00e1s escondido y es el m\u00e1s \u00fatil\">\n    <\/p>\n<p>El coste de la electricidad sigue siendo <strong>una de las principales preocupaciones de los hogares<\/strong> espa\u00f1oles, especialmente con el <a rel=\"noopener, noreferrer\" href=\"https:\/\/elpais.com\/economia\/2025-01-01\/el-ano-nuevo-trae-la-vuelta-del-iva-al-21-en-la-factura-de-la-luz.html\">regreso del IVA al 21%<\/a>, lo que incrementar\u00e1 el precio de la factura justo cuando llega el fr\u00edo y aumenta el uso de las calefacciones.<\/p>\n<p><!-- BREAK 1 --><\/p>\n<p>En esta factura, por normativa, las comercializadoras est\u00e1n obligadas a incluir <a href=\"https:\/\/www.genbeta.com\/paso-a-paso\/tu-factura-luz-incluye-qr-que-te-dice-rapidamente-que-compania-barata-tu-consumo-cuanto-ahorras-cambias#:~:text=Lo%20que%20aporta%20escanear%20ese,genera%20incluye%20toda%20esa%20informaci%C3%B3n.\">un c\u00f3digo QR muy particular<\/a>. Este tiene como objetivo facilitar a los consumidores la <strong>b\u00fasqueda de la tarifa m\u00e1s econ\u00f3mica<\/strong> y adecuada a sus necesidades. Sin embargo, a pesar de su utilidad, a menudo lo colocan de forma poco visible, dificultando su acceso.<\/p>\n<p><!-- BREAK 2 --><\/p>\n<h2>Qu\u00e9 es y para qu\u00e9 sirve<\/h2>\n<div class=\"article-asset-image article-asset-normal article-asset-center\">\n<div class=\"asset-content\">\n<div class=\"caption-img \">\n<p>   <img decoding=\"async\" alt=\"Codigo\" class=\"\" src=\"https:\/\/i.blogs.es\/684073\/codigo\/450_1000.webp\"><\/p>\n<p>        <span>El c\u00f3digo QR en mi factura de Repsol<\/span>\n   <\/div>\n<\/p><\/div>\n<\/div>\n<p>En la factura energ\u00e9tica<strong> suelen aparecer dos c\u00f3digos QR<\/strong>. Uno de ellos, el m\u00e1s visible, suele estar relacionado con consejos o aspectos generales de la factura. Sin embargo, el que realmente nos interesa es el menos destacado y m\u00e1s dif\u00edcil de localizar.<\/p>\n<p><!-- BREAK 3 --><\/p>\n<div class=\"article-asset-video article-asset-normal\">\n<div class=\"asset-content\">\n<div class=\"base-asset-video\">\n<div class=\"js-dailymotion\">\n    <script type=\"application\/json\">\n                          {\"videoId\":\"x81h7p2\",\"autoplay\":true,\"title\":\"NUEVA FACTURA DE LA LUZ: TODO LO QUE DEBES SABER para AHORRAR AL M\u00c1XIMO\", \"tag\":\"\", \"duration\":\"290\"}\n                  <\/script>\n   <\/div>\n<\/p><\/div>\n<\/p><\/div>\n<\/div>\n<p>Este segundo QR funciona como un <strong>acceso directo a la p\u00e1gina del<\/strong> <a rel=\"noopener, noreferrer\" href=\"https:\/\/comparador.cnmc.gob.es\/comparador\/\">comparador de la CNMC<\/a>. Lo que lo hace especialmente \u00fatil es que, al escanearlo, se completa autom\u00e1ticamente informaci\u00f3n como el c\u00f3digo postal y los datos estimados de consumo en los periodos punta, valle y llano, ya que la URL generada incluye estos detalles de forma preconfigurada.<\/p>\n<p><!-- BREAK 4 --><\/p>\n<div class=\"article-asset-image article-asset-normal article-asset-center\">\n<div class=\"asset-content\">\n<div class=\"caption-img \">\n<p>   <img decoding=\"async\" alt=\"QR\" class=\"centro_sinmarco\" src=\"https:\/\/i.blogs.es\/55b74f\/captura-de-pantalla-2025-01-27-a-las-9.08.34\/450_1000.webp\"><\/p>\n<p>        <span>Este es el QR de una factura de Energ\u00eda XXI.<\/span>\n   <\/div>\n<\/p><\/div>\n<\/div>\n<p>La web del comparador utiliza esta informaci\u00f3n para <strong>calcular el consumo anual seg\u00fan la tarifa PVPC<\/strong> del mercado regulado, que afecta a unos 11 millones de hogares y est\u00e1 vinculada al precio por horas que frecuentemente aparece en los medios. Adem\u00e1s, ofrece una estimaci\u00f3n de los costes el\u00e9ctricos para el primer y segundo a\u00f1o.<\/p>\n<p><!-- BREAK 5 --><\/p>\n<div class=\"article-asset-image article-asset-normal article-asset-center\">\n<div class=\"asset-content\">\n<div class=\"caption-img \">\n<p>   <img decoding=\"async\" alt=\"QR\" class=\"centro_sinmarco\" src=\"https:\/\/i.blogs.es\/02e530\/captura-de-pantalla-2025-01-27-a-las-9.08.25\/450_1000.webp\"><\/p>\n<p>        <span>Este es el QR de una factura de Naturgy<\/span>\n   <\/div>\n<\/p><\/div>\n<\/div>\n<h2>D\u00f3nde est\u00e1 el problema<\/h2>\n<div class=\"article-asset-image article-asset-large article-asset-center\">\n<div class=\"asset-content\">\n<div class=\"caption-img \">\n<p>   <img decoding=\"async\" alt=\"Comprador y datos\" class=\"\" src=\"https:\/\/i.blogs.es\/dc398e\/captura-de-pantalla-2025-01-27-a-las-9.06.46\/450_1000.webp\"><\/p>\n<p>        <span>Estos son los datos de consumo y potencia<\/span>\n   <\/div>\n<\/p><\/div>\n<\/div>\n<p>Aunque todo parece indicar ventajas, el problema radica en que, a pesar de la obligaci\u00f3n de incluir este c\u00f3digo en un lugar visible y claramente identificado, <strong>no siempre se cumple con esta normativa<\/strong>.<\/p>\n<p><!-- BREAK 6 --><\/p>\n<p>En 2021, la <a rel=\"noopener, noreferrer\" href=\"https:\/\/www.cnmc.es\/sites\/default\/files\/4361290.pdf\">CNMC<\/a> estableci\u00f3 qu\u00e9 informaci\u00f3n debe figurar en la factura el\u00e9ctrica. Adem\u00e1s de datos como la potencia contratada, el consumo anual, el c\u00f3digo de la comercializadora y otros detalles relacionados con el contrato, se exige la inclusi\u00f3n de este c\u00f3digo QR que <strong>permite acceder al comparador de precios de la CNMC.<\/strong><\/p>\n<p><!-- BREAK 7 --><\/p>\n<div class=\"article-asset-image article-asset-large article-asset-center\">\n<div class=\"asset-content\">\n<div class=\"caption-img \">\n<p>   <img decoding=\"async\" alt=\"Comparador\" class=\"\" src=\"https:\/\/i.blogs.es\/6ae00f\/captura-de-pantalla-2025-01-27-a-las-9.05.45\/450_1000.webp\"><\/p>\n<p>        <span>Lo que a mi me sale al escanear el c\u00f3digo<\/span>\n   <\/div>\n<\/p><\/div>\n<\/div>\n<p>Est\u00e1 claro que esta medida <strong>no es del agrado de las comercializadoras<\/strong>, ya que facilita al usuario encontrar tarifas m\u00e1s convenientes, permiti\u00e9ndole acceder a precios m\u00e1s competitivos. Aunque esta disposici\u00f3n perjudica a las empresas, est\u00e1n obligadas a cumplirla. Sin embargo, como suele decirse, hecha la ley, hecha la trampa.<\/p>\n<p><!-- BREAK 8 --><\/p>\n<p>La CNMC ha comprobado que, <strong>en la mayor\u00eda de los casos<\/strong>, esta informaci\u00f3n <em>\u201cno se muestra en la mayor\u00eda de los casos de manera clara y visible\u201d<\/em>, por lo que oblig\u00f3 a que aparezca <em>\u201cen sitio visible e identificado claramente\u201d<\/em>. Pero ni con esas.<\/p>\n<p><!-- BREAK 9 --><\/p>\n<p>El pasado mes de octubre, la <a rel=\"noopener, noreferrer\" href=\"https:\/\/www.cnmc.es\/sites\/default\/files\/5610865.pdf\">CNMC<\/a> <strong>volvi\u00f3 a abordar este tema<\/strong> en un informe, se\u00f1alando que <em>\u201cser\u00eda conveniente regular una localizaci\u00f3n concreta en la factura y que el tama\u00f1o de letra que se debe utilizar para referenciar al comparador indicando que este deber\u00e1 ser el mismo que el que se utilice para el resto de los conceptos en la factura\u201d<\/em>.<\/p>\n<p><!-- BREAK 10 --><\/p>\n<div class=\"article-asset article-asset-normal article-asset-center\">\n<div class=\"desvio-container\">\n<div class=\"desvio\">\n<div class=\"desvio-figure js-desvio-figure\">\n    <a href=\"https:\/\/www.xatakahome.com\/a-fondo\/bono-social-electrico-termico-asi-aumentan-ayudas-como-solicitarlas-para-electricidad-calefaccion\" class=\"pivot-outboundlink\" data-vars-post-title=\"Cambio radical y a peor en el Bono Social: desde ahora tocar\u00e1 pagar m\u00e1s en la factura de la luz\"><br \/>\n     <img loading=\"lazy\" decoding=\"async\" alt=\"Cambio radical y a peor en el Bono Social: desde ahora tocar\u00e1 pagar m\u00e1s en la factura de la luz\" width=\"375\" height=\"142\" src=\"https:\/\/i.blogs.es\/94c538\/pexels-pixabay-257736\/375_142.webp\" onerror='this.src=\"https:\/\/i.blogs.es\/94c538\/pexels-pixabay-257736\/375_142.jpeg\"'><br \/>\n    <\/a>\n   <\/div>\n<div class=\"desvio-summary\">\n<div class=\"desvio-taxonomy js-desvio-taxonomy\">\n     <a href=\"https:\/\/www.xatakahome.com\/a-fondo\/bono-social-electrico-termico-asi-aumentan-ayudas-como-solicitarlas-para-electricidad-calefaccion\" class=\"desvio-taxonomy-anchor pivot-outboundlink\" data-vars-post-title=\"Cambio radical y a peor en el Bono Social: desde ahora tocar\u00e1 pagar m\u00e1s en la factura de la luz\">En Xataka Smart Home<\/a>\n    <\/div>\n<p>    <a href=\"https:\/\/www.xatakahome.com\/a-fondo\/bono-social-electrico-termico-asi-aumentan-ayudas-como-solicitarlas-para-electricidad-calefaccion\" class=\"desvio-title js-desvio-title pivot-outboundlink\" data-vars-post-title=\"Cambio radical y a peor en el Bono Social: desde ahora tocar\u00e1 pagar m\u00e1s en la factura de la luz\">Cambio radical y a peor en el Bono Social: desde ahora tocar\u00e1 pagar m\u00e1s en la factura de la luz<\/a>\n   <\/div>\n<\/p><\/div>\n<\/p><\/div>\n<\/div>\n<p>El problema radica en que, aunque las comercializadoras s\u00ed incluyen este c\u00f3digo, <strong>lo hacen de forma que su acceso no resulta sencillo<\/strong> y puede pasar desapercibido. A menudo, queda en una posici\u00f3n menos visible frente a otro c\u00f3digo de mayor tama\u00f1o que dirige a la web de la comercializadora.<\/p>\n<p><!-- BREAK 11 --><\/p>\n<p>Como consecuencia, al intentar escanear el c\u00f3digo QR, la c\u00e1mara del m\u00f3vil detecta ambas im\u00e1genes y <strong>prioriza aquella que es m\u00e1s grande o m\u00e1s f\u00e1cil de leer<\/strong>. Esto puede causar confusi\u00f3n, especialmente en usuarios con menos experiencia, quienes podr\u00edan tener dificultades para acceder al comparador de precios debido a esta interferencia.\u00a0<\/p>\n<p><!-- BREAK 12 --><\/p>\n<p>Dicho todo esto, y que el comparador puede ofrecer tarifas m\u00e1s econ\u00f3micas (en mi caso las hay), es conveniente realizar un estudio sosegado. En mi caso y pese a las aparentes ventajas sigo con esta contratada por las <strong>ventajas adicionales que me ofrece<\/strong> (relacionadas con el combustible) que me compensa la diferencia de precio en la factura de la luz.<\/p>\n<p><!-- BREAK 13 --><\/p>\n<p>Imagen portada | <a rel=\"noopener, noreferrer\" href=\"https:\/\/pxhere.com\/es\/photo\/1208089\" data-id=\"noopener noreferrer\">Pxhere<\/a><\/p>\n<p>V\u00eda | <a rel=\"noopener, noreferrer\" href=\"https:\/\/bandaancha.eu\/articulos\/tu-factura-luz-tiene-2-codigos-qr-pero-11225\">BandaAncha<\/a><\/p>\n<p>En Xataka SmartHome | <a class=\"text-outboundlink\" href=\"https:\/\/www.xatakahome.com\/iluminacion-y-energia\/bono-social-termico-2025-como-solicitar-ayudas-373-euros-tu-factura-gas\" data-vars-post-title=\"Bono social t\u00e9rmico 2025: c\u00f3mo solicitar las ayudas de hasta 373 euros en tu factura de gas \" data-vars-post-url=\"https:\/\/www.xatakahome.com\/iluminacion-y-energia\/bono-social-termico-2025-como-solicitar-ayudas-373-euros-tu-factura-gas\">Bono social t\u00e9rmico 2025: c\u00f3mo solicitar las ayudas de hasta 373 euros en tu factura de gas<\/a><\/p>\n<p><script>\n (function() {\n  window._JS_MODULES = window._JS_MODULES || {};\n  var headElement = document.getElementsByTagName('head')[0];\n  if (_JS_MODULES.instagram) {\n   var instagramScript = document.createElement('script');\n   instagramScript.src = 'https:\/\/platform.instagram.com\/en_US\/embeds.js';\n   instagramScript.async = true;\n   instagramScript.defer = true;\n   headElement.appendChild(instagramScript);\n  }\n })();\n<\/script><\/p>\n<p> &#8211; <br \/> La noticia<br \/>\n      <a href=\"https:\/\/www.xatakahome.com\/iluminacion-y-energia\/tu-factura-luz-hay-dos-qr-uno-esta-muy-escondido-que-sirve?utm_source=feedburner&amp;utm_medium=feed&amp;utm_campaign=27_Jan_2025\"><br \/>\n       <em> Poca gente sabe que en la factura de la luz hay dos c\u00f3digos QR. Hay uno que est\u00e1 m\u00e1s escondido y es el m\u00e1s \u00fatil <\/em><br \/>\n      <\/a><br \/>\n      fue publicada originalmente en<br \/>\n      <a href=\"https:\/\/www.xatakahome.com\/?utm_source=feedburner&amp;utm_medium=feed&amp;utm_campaign=27_Jan_2025\"><br \/>\n       <strong> Xataka Smart Home <\/strong><br \/>\n      <\/a><br \/>\n             por <a href=\"https:\/\/www.xatakahome.com\/autor\/jose-antonio-carmona?utm_source=feedburner&amp;utm_medium=feed&amp;utm_campaign=27_Jan_2025\"><br \/>\n        Jose Antonio Carmona<br \/>\n       <\/a><br \/>\n      . <\/p>\n<\/div>\n","protected":false},"excerpt":{"rendered":"<p>El coste de la electricidad sigue siendo una de las principales preocupaciones de los hogares espa\u00f1oles, especialmente con el regreso del IVA al 21%, lo que incrementar\u00e1 el precio de la factura justo cuando llega el fr\u00edo y aumenta el uso de las calefacciones. En esta factura, por normativa, las comercializadoras est\u00e1n obligadas a incluir &hellip; <a href=\"https:\/\/domosistemas.com\/?p=27242\" class=\"more-link\">Sigue leyendo <span class=\"screen-reader-text\">Poca gente sabe que en la factura de la luz hay dos c\u00f3digos QR. Hay uno que est\u00e1 m\u00e1s escondido y es el m\u00e1s \u00fatil<\/span><\/a><\/p>\n","protected":false},"author":1,"featured_media":0,"comment_status":"closed","ping_status":"closed","sticky":false,"template":"","format":"standard","meta":{"footnotes":""},"categories":[8],"tags":[],"class_list":["post-27242","post","type-post","status-publish","format-standard","hentry","category-xataka"],"_links":{"self":[{"href":"https:\/\/domosistemas.com\/index.php?rest_route=\/wp\/v2\/posts\/27242","targetHints":{"allow":["GET"]}}],"collection":[{"href":"https:\/\/domosistemas.com\/index.php?rest_route=\/wp\/v2\/posts"}],"about":[{"href":"https:\/\/domosistemas.com\/index.php?rest_route=\/wp\/v2\/types\/post"}],"author":[{"embeddable":true,"href":"https:\/\/domosistemas.com\/index.php?rest_route=\/wp\/v2\/users\/1"}],"replies":[{"embeddable":true,"href":"https:\/\/domosistemas.com\/index.php?rest_route=%2Fwp%2Fv2%2Fcomments&post=27242"}],"version-history":[{"count":0,"href":"https:\/\/domosistemas.com\/index.php?rest_route=\/wp\/v2\/posts\/27242\/revisions"}],"wp:attachment":[{"href":"https:\/\/domosistemas.com\/index.php?rest_route=%2Fwp%2Fv2%2Fmedia&parent=27242"}],"wp:term":[{"taxonomy":"category","embeddable":true,"href":"https:\/\/domosistemas.com\/index.php?rest_route=%2Fwp%2Fv2%2Fcategories&post=27242"},{"taxonomy":"post_tag","embeddable":true,"href":"https:\/\/domosistemas.com\/index.php?rest_route=%2Fwp%2Fv2%2Ftags&post=27242"}],"curies":[{"name":"wp","href":"https:\/\/api.w.org\/{rel}","templated":true}]}}