{"id":27309,"date":"2025-02-01T10:09:57","date_gmt":"2025-02-01T10:09:57","guid":{"rendered":"https:\/\/domosistemas.com\/?p=27309"},"modified":"2025-02-01T10:09:57","modified_gmt":"2025-02-01T10:09:57","slug":"un-nuevo-canal-de-la-tdt-emitira-con-resolucion-4k-en-2025-estas-son-las-provincias-donde-podra-verse","status":"publish","type":"post","link":"https:\/\/domosistemas.com\/?p=27309","title":{"rendered":"Un nuevo canal de la TDT emitir\u00e1 con resoluci\u00f3n 4K en 2025: estas son las provincias donde podr\u00e1 verse"},"content":{"rendered":"<div>\n<p>\n      <img decoding=\"async\" src=\"https:\/\/i.blogs.es\/8f5a3f\/840_560\/1024_2000.jpeg\" alt=\"Un nuevo canal de la TDT emitir\u00e1 con resoluci\u00f3n 4K en 2025: estas son las provincias donde podr\u00e1 verse \">\n    <\/p>\n<p>El pasado 2024 fue el comienzo de las emisiones oficiales en<strong> resoluci\u00f3n UHD (4K) en la TDT <\/strong>en Espa\u00f1a con la llegada de &#8216;<a class=\"text-outboundlink\" href=\"https:\/\/www.xatakahome.com\/a-fondo\/hoy-llega-la1-uhd-que-hace-falta-para-poder-verla-como-sintonizarla-tu-televisor\" data-vars-post-title=\"Hoy llega La1 en UHD: qu\u00e9 hace falta para poder verla y c\u00f3mo sintonizarla en tu televisor\" data-vars-post-url=\"https:\/\/www.xatakahome.com\/a-fondo\/hoy-llega-la1-uhd-que-hace-falta-para-poder-verla-como-sintonizarla-tu-televisor\">La 1 UHD<\/a>&#8216;, algo que como vimos no ser\u00e1 la \u00fanica novedad que disfrutaremos este a\u00f1o, ya que se prepara una <a class=\"text-outboundlink\" href=\"https:\/\/www.xatakahome.com\/televisores\/esto-que-pasara-a-partir-enero-2025-nuevo-apagon-tdt-no-tienes-tv-decodificador-compatible\" data-vars-post-title=\"Esto es lo que pasar\u00e1 a partir de enero de 2025 con el nuevo apag\u00f3n de la TDT si no tienes una TV o decodificador compatible\" data-vars-post-url=\"https:\/\/www.xatakahome.com\/televisores\/esto-que-pasara-a-partir-enero-2025-nuevo-apagon-tdt-no-tienes-tv-decodificador-compatible\">reorganizaci\u00f3n del espectro<\/a>.<\/p>\n<p><!-- BREAK 1 --><\/p>\n<p>Esto permitir\u00e1 en el \u00e1mbito nacional la llegada de <strong>nuevos canales en UHD y HD, <\/strong>pudiendo acoger 4<strong> canales en 4K,<\/strong> dos de ellos para RTVE y otros dos para Atresmedia y Mediaset en el m\u00faltiple RGE2, con lo que Antena 3 y Tele 5 tendr\u00e1n la posibilidad de iniciar sus emisiones en UHD.<\/p>\n<p><!-- BREAK 2 --><\/p>\n<div class=\"article-asset article-asset-normal article-asset-center\">\n<div class=\"desvio-container\">\n<div class=\"desvio\">\n<div class=\"desvio-figure js-desvio-figure\">\n    <a href=\"https:\/\/www.xatakahome.com\/televisores\/esto-que-pasara-a-partir-enero-2025-nuevo-apagon-tdt-no-tienes-tv-decodificador-compatible\" class=\"pivot-outboundlink\" data-vars-post-title=\"Esto es lo que pasar\u00e1 a partir de enero de 2025 con el nuevo apag\u00f3n de la TDT si no tienes una TV o decodificador compatible\"><br \/>\n     <img loading=\"lazy\" decoding=\"async\" alt=\"Esto es lo que pasar\u00e1 a partir de enero de 2025 con el nuevo apag\u00f3n de la TDT si no tienes una TV o decodificador compatible\" width=\"375\" height=\"142\" src=\"https:\/\/i.blogs.es\/e537fd\/1366_20008899\/375_142.webp\" onerror='this.src=\"https:\/\/i.blogs.es\/e537fd\/1366_20008899\/375_142.jpeg\"'><br \/>\n    <\/a>\n   <\/div>\n<div class=\"desvio-summary\">\n<div class=\"desvio-taxonomy js-desvio-taxonomy\">\n     <a href=\"https:\/\/www.xatakahome.com\/televisores\/esto-que-pasara-a-partir-enero-2025-nuevo-apagon-tdt-no-tienes-tv-decodificador-compatible\" class=\"desvio-taxonomy-anchor pivot-outboundlink\" data-vars-post-title=\"Esto es lo que pasar\u00e1 a partir de enero de 2025 con el nuevo apag\u00f3n de la TDT si no tienes una TV o decodificador compatible\">En Xataka Smart Home<\/a>\n    <\/div>\n<p>    <a href=\"https:\/\/www.xatakahome.com\/televisores\/esto-que-pasara-a-partir-enero-2025-nuevo-apagon-tdt-no-tienes-tv-decodificador-compatible\" class=\"desvio-title js-desvio-title pivot-outboundlink\" data-vars-post-title=\"Esto es lo que pasar\u00e1 a partir de enero de 2025 con el nuevo apag\u00f3n de la TDT si no tienes una TV o decodificador compatible\">Esto es lo que pasar\u00e1 a partir de enero de 2025 con el nuevo apag\u00f3n de la TDT si no tienes una TV o decodificador compatible<\/a>\n   <\/div>\n<\/p><\/div>\n<\/p><\/div>\n<\/div>\n<h2>Nuevo canal auton\u00f3mico en 4K<\/h2>\n<p>Sin embargo, aqu\u00ed no quedan las \u00fanicas novedades, ya que seg\u00fan han <a rel=\"noopener, noreferrer\" href=\"https:\/\/www.3cat.cat\/324\/tv3-tindra-un-canal-demissio-en-4k\/noticia\/3333103\/\">anunciado en su p\u00e1gina web<\/a>, <strong>TV3<\/strong> tendr\u00e1 un <strong>canal emitiendo en<\/strong> <strong>4K<\/strong> \u00aben los pr\u00f3ximos meses\u00bb. La Generalitat lo ha anunciado a las puertas del congreso audiovisual <strong>ISE<\/strong> <strong>2025, <\/strong>que comenzar\u00e1 el pr\u00f3ximo martes en Barcelona, y la intenci\u00f3n del gobierno es que 3Cat tenga un <strong>canal de transmisi\u00f3n regular<\/strong> en esta resoluci\u00f3n en Catalu\u00f1a.<\/p>\n<p><!-- BREAK 3 --><\/p>\n<p>Desde 2021 ya se han realizado <strong>varias pruebas de<\/strong> emisi\u00f3n en esta resoluci\u00f3n, como la del Piromusical, el concierto de euforia o algunos documentales. Ahora esperan que <strong>para 2025<\/strong> sea posible comenzar y que antes del verano se vuelva a ordenar el espacio audiovisual para dar cabida a este canal con m\u00e1s resoluci\u00f3n.<\/p>\n<p><!-- BREAK 4 --><\/p>\n<div class=\"article-asset-video article-asset-normal\">\n<div class=\"asset-content\">\n<div class=\"base-asset-video\">\n<div class=\"js-dailymotion\">\n    <script type=\"application\/json\">\n                          {\"videoId\":\"x82yv7z\",\"autoplay\":true,\"title\":\"MEJORA EL SONIDO DE TU TV sin gastar UN SOLO EURO!!\", \"tag\":\"\", \"duration\":\"310\"}\n                  <\/script>\n   <\/div>\n<\/p><\/div>\n<\/p><\/div>\n<\/div>\n<p>Para poder comenzar las emisiones sin interferencias ser\u00e1 necesario reordenar el espacio de emisi\u00f3n disponible del llamado <strong>multiplex auton\u00f3mico<\/strong>. En Catalu\u00f1a hay dos, uno ocupado por los canales de la Corporaci\u00f3n y el otro que ahora est\u00e1 en desuso tras la <strong>desaparici\u00f3n de 8tv<\/strong>. Y aqu\u00ed es donde TV3 podr\u00e1 colocar su canal de ultra alta definici\u00f3n.<\/p>\n<p><!-- BREAK 5 --><\/p>\n<p>M\u00e1s informaci\u00f3n | <a rel=\"noopener, noreferrer\" href=\"https:\/\/www.3cat.cat\/324\/tv3-tindra-un-canal-demissio-en-4k\/noticia\/3333103\/\">3Cat<\/a><\/p>\n<p>En Xataka Smart Home | <a class=\"text-outboundlink\" href=\"https:\/\/www.xatakahome.com\/a-fondo\/como-actualizar-tele-antigua-para-seguir-viendo-tdt-2024-esto-que-necesitaras-a-partir-ahora\" data-vars-post-title=\"Un mes para el apag\u00f3n de la TDT: c\u00f3mo actualizar tu vieja tele para poder seguir viendo los canales en 2024\" data-vars-post-url=\"https:\/\/www.xatakahome.com\/a-fondo\/como-actualizar-tele-antigua-para-seguir-viendo-tdt-2024-esto-que-necesitaras-a-partir-ahora\">Un mes para el apag\u00f3n de la TDT: c\u00f3mo actualizar tu vieja tele para poder seguir viendo los canales en 2024<\/a><\/p>\n<p><script>\n (function() {\n  window._JS_MODULES = window._JS_MODULES || {};\n  var headElement = document.getElementsByTagName('head')[0];\n  if (_JS_MODULES.instagram) {\n   var instagramScript = document.createElement('script');\n   instagramScript.src = 'https:\/\/platform.instagram.com\/en_US\/embeds.js';\n   instagramScript.async = true;\n   instagramScript.defer = true;\n   headElement.appendChild(instagramScript);\n  }\n })();\n<\/script><\/p>\n<p> &#8211; <br \/> La noticia<br \/>\n      <a href=\"https:\/\/www.xatakahome.com\/servicios-de-smart-tv\/nuevo-canal-tdt-emitira-resolucion-4k-2025-estas-provincias-donde-podra-verse?utm_source=feedburner&amp;utm_medium=feed&amp;utm_campaign=01_Feb_2025\"><br \/>\n       <em> Un nuevo canal de la TDT emitir\u00e1 con resoluci\u00f3n 4K en 2025: estas son las provincias donde podr\u00e1 verse  <\/em><br \/>\n      <\/a><br \/>\n      fue publicada originalmente en<br \/>\n      <a href=\"https:\/\/www.xatakahome.com\/?utm_source=feedburner&amp;utm_medium=feed&amp;utm_campaign=01_Feb_2025\"><br \/>\n       <strong> Xataka Smart Home <\/strong><br \/>\n      <\/a><br \/>\n             por <a href=\"https:\/\/www.xatakahome.com\/autor\/paco-rodriguez?utm_source=feedburner&amp;utm_medium=feed&amp;utm_campaign=01_Feb_2025\"><br \/>\n        Paco Rodriguez<br \/>\n       <\/a><br \/>\n      . <\/p>\n<\/div>\n","protected":false},"excerpt":{"rendered":"<p>El pasado 2024 fue el comienzo de las emisiones oficiales en resoluci\u00f3n UHD (4K) en la TDT en Espa\u00f1a con la llegada de &#8216;La 1 UHD&#8216;, algo que como vimos no ser\u00e1 la \u00fanica novedad que disfrutaremos este a\u00f1o, ya que se prepara una reorganizaci\u00f3n del espectro. Esto permitir\u00e1 en el \u00e1mbito nacional la llegada &hellip; <a href=\"https:\/\/domosistemas.com\/?p=27309\" class=\"more-link\">Sigue leyendo <span class=\"screen-reader-text\">Un nuevo canal de la TDT emitir\u00e1 con resoluci\u00f3n 4K en 2025: estas son las provincias donde podr\u00e1 verse<\/span><\/a><\/p>\n","protected":false},"author":1,"featured_media":0,"comment_status":"closed","ping_status":"closed","sticky":false,"template":"","format":"standard","meta":{"footnotes":""},"categories":[8],"tags":[],"class_list":["post-27309","post","type-post","status-publish","format-standard","hentry","category-xataka"],"_links":{"self":[{"href":"https:\/\/domosistemas.com\/index.php?rest_route=\/wp\/v2\/posts\/27309","targetHints":{"allow":["GET"]}}],"collection":[{"href":"https:\/\/domosistemas.com\/index.php?rest_route=\/wp\/v2\/posts"}],"about":[{"href":"https:\/\/domosistemas.com\/index.php?rest_route=\/wp\/v2\/types\/post"}],"author":[{"embeddable":true,"href":"https:\/\/domosistemas.com\/index.php?rest_route=\/wp\/v2\/users\/1"}],"replies":[{"embeddable":true,"href":"https:\/\/domosistemas.com\/index.php?rest_route=%2Fwp%2Fv2%2Fcomments&post=27309"}],"version-history":[{"count":0,"href":"https:\/\/domosistemas.com\/index.php?rest_route=\/wp\/v2\/posts\/27309\/revisions"}],"wp:attachment":[{"href":"https:\/\/domosistemas.com\/index.php?rest_route=%2Fwp%2Fv2%2Fmedia&parent=27309"}],"wp:term":[{"taxonomy":"category","embeddable":true,"href":"https:\/\/domosistemas.com\/index.php?rest_route=%2Fwp%2Fv2%2Fcategories&post=27309"},{"taxonomy":"post_tag","embeddable":true,"href":"https:\/\/domosistemas.com\/index.php?rest_route=%2Fwp%2Fv2%2Ftags&post=27309"}],"curies":[{"name":"wp","href":"https:\/\/api.w.org\/{rel}","templated":true}]}}