{"id":27315,"date":"2025-02-02T10:09:57","date_gmt":"2025-02-02T10:09:57","guid":{"rendered":"https:\/\/domosistemas.com\/?p=27315"},"modified":"2025-02-02T10:09:57","modified_gmt":"2025-02-02T10:09:57","slug":"apagar-la-caldera-y-la-calefaccion-por-la-noche-o-dejarla-encendida-los-expertos-explican-como-ahorrar-sin-perder-confort-en-casa","status":"publish","type":"post","link":"https:\/\/domosistemas.com\/?p=27315","title":{"rendered":"Apagar la caldera y la calefacci\u00f3n por la noche o dejarla encendida: los expertos explican c\u00f3mo ahorrar sin perder confort en casa"},"content":{"rendered":"<div>\n<p>\n      <img decoding=\"async\" src=\"https:\/\/i.blogs.es\/01014f\/caldera\/1024_2000.jpeg\" alt=\"Apagar la caldera y la calefacci\u00f3n por la noche o dejarla encendida: los expertos explican c\u00f3mo ahorrar sin perder confort en casa \">\n    <\/p>\n<p>Con la llegada del <strong>fr\u00edo intenso <\/strong>la mayor\u00eda de hogares enciende sus <a class=\"text-outboundlink\" href=\"https:\/\/www.xatakahome.com\/a-fondo\/mejores-peores-tipos-calefaccion-quieres-gastar-poco-estas-opciones-eficientes-baratas-usar\" data-vars-post-title=\"Los mejores tipos de calefacci\u00f3n si quieres gastar poco: estas son las opciones m\u00e1s eficientes y baratas de usar\" data-vars-post-url=\"https:\/\/www.xatakahome.com\/a-fondo\/mejores-peores-tipos-calefaccion-quieres-gastar-poco-estas-opciones-eficientes-baratas-usar\">equipos de calefacci\u00f3n<\/a> y una de las dudas m\u00e1s habituales que suele surgir es qu\u00e9 conviene hacer con ellos en situaciones donde no los vamos a necesitar al 100%.<\/p>\n<p><!-- BREAK 1 --><\/p>\n<p>Es por ejemplo <strong>el caso de las noches<\/strong>, donde no es necesario tener una temperatura tan elevada como durante el d\u00eda, o incluso si vamos a estar fuera de casa unas horas o un par de d\u00edas. \u00bfQu\u00e9 conviene hacer con la caldera y los equipos de calefacci\u00f3n en estos casos?<\/p>\n<p><!-- BREAK 2 --><\/p>\n<div class=\"article-asset article-asset-normal article-asset-center\">\n<div class=\"desvio-container\">\n<div class=\"desvio\">\n<div class=\"desvio-figure js-desvio-figure\">\n    <a href=\"https:\/\/www.xatakahome.com\/a-fondo\/tengo-calefaccion-puesta-a-temperatura-ideal-paso-frio-esta-clave-para-solucionarlo\" class=\"pivot-outboundlink\" data-vars-post-title='Tengo la calefacci\u00f3n puesta a la temperatura \"ideal\" y paso fr\u00edo: esta es la clave para solucionarlo '><br \/>\n     <img loading=\"lazy\" decoding=\"async\" alt='Tengo la calefacci\u00f3n puesta a la temperatura \"ideal\" y paso fr\u00edo: esta es la clave para solucionarlo ' width=\"375\" height=\"142\" src=\"https:\/\/i.blogs.es\/9029c9\/1366_2000jotpora\/375_142.webp\" onerror='this.src=\"https:\/\/i.blogs.es\/9029c9\/1366_2000jotpora\/375_142.jpeg\"'><br \/>\n    <\/a>\n   <\/div>\n<div class=\"desvio-summary\">\n<div class=\"desvio-taxonomy js-desvio-taxonomy\">\n     <a href=\"https:\/\/www.xatakahome.com\/a-fondo\/tengo-calefaccion-puesta-a-temperatura-ideal-paso-frio-esta-clave-para-solucionarlo\" class=\"desvio-taxonomy-anchor pivot-outboundlink\" data-vars-post-title='Tengo la calefacci\u00f3n puesta a la temperatura \"ideal\" y paso fr\u00edo: esta es la clave para solucionarlo '>En Xataka Smart Home<\/a>\n    <\/div>\n<p>    <a href=\"https:\/\/www.xatakahome.com\/a-fondo\/tengo-calefaccion-puesta-a-temperatura-ideal-paso-frio-esta-clave-para-solucionarlo\" class=\"desvio-title js-desvio-title pivot-outboundlink\" data-vars-post-title='Tengo la calefacci\u00f3n puesta a la temperatura \"ideal\" y paso fr\u00edo: esta es la clave para solucionarlo '>Tengo la calefacci\u00f3n puesta a la temperatura \u00abideal\u00bb y paso fr\u00edo: esta es la clave para solucionarlo <\/a>\n   <\/div>\n<\/p><\/div>\n<\/p><\/div>\n<\/div>\n<h2>Apagar o dejar encendida la caldera, he ah\u00ed la cuesti\u00f3n<\/h2>\n<p>La caldera permite que <strong>tengamos agua caliente sanitaria y calefacci\u00f3n <\/strong>en la vivienda, siendo las m\u00e1s habituales las de gas natural, gas\u00f3leo, biomasa y el\u00e9ctricas. Durante el d\u00eda son equipos que solemos usar con frecuencia, para por ejemplo lavarnos las manos con agua caliente, ducharnos, tener la casa calentita, etc. Pero, \u00bfqu\u00e9 pasa por las noches?, \u00bfconviene apagarlas para ahorrar?<\/p>\n<p><!-- BREAK 3 --><\/p>\n<p>Si apagamos la caldera por la noche, a diferencia de los termos que guardan una cantidad de agua en su interior, perderemos esta <strong>funci\u00f3n de agua caliente<\/strong>, algo que quiz\u00e1 no sea importante para muchos usuarios, pero que hay que tener en cuenta. Adem\u00e1s, si necesitamos ducharnos a primera hora deberemos encenderla nada m\u00e1s levantarnos y <strong>encontraremos la casa m\u00e1s fr\u00eda<\/strong> puesto que no habr\u00e1 estado funcionando la calefacci\u00f3n.<\/p>\n<p><!-- BREAK 4 --><\/p>\n<div class=\"article-asset-image article-asset-normal article-asset-center\">\n<div class=\"asset-content\">\n<p>   <img decoding=\"async\" alt=\"caldera\" class=\"centro_sinmarco\" src=\"https:\/\/i.blogs.es\/9ad7e3\/1366_2000\/450_1000.webp\"><\/p><\/div>\n<\/div>\n<p><strong>La caldera deber\u00e1 recuperar su temperatura \u00f3ptima<\/strong> antes de poder conducir el calor a los radiadores, un proceso que llevar\u00e1 su tiempo y restar\u00e1 confort a la hora de vestirnos, ducharnos, etc. Habremos ahorrado energ\u00eda mientras estaba apagada, s\u00ed, pero ahora al sistema le costar\u00e1 llegar m\u00e1s a la temperatura ideal porque tendr\u00e1 que partir desde cero. \u00bfMerece la pena? Pues depende del aislamiento que tenga la casa y de lo frioleros que seamos.<\/p>\n<p><!-- BREAK 5 --><\/p>\n<p>Por ejemplo, los <a rel=\"noopener, noreferrer\" href=\"https:\/\/www.iberdrola.es\/blog\/energia\/es-bueno-apagar-la-caldera-por-la-noche\">expertos de Iberdrola se\u00f1alan<\/a> que si hace mucho fr\u00edo y la temperatura del hogar ha bajado a 8\u00baC, la caldera tendr\u00e1 que realizar un esfuerzo extra para situarla de nuevo a los 18\u00baC o 20\u00baC m\u00ednimos agradables, y aqu\u00ed viene lo importante: \u00abese trabajo a\u00f1adido <strong>podr\u00eda consumir la misma energ\u00eda<\/strong> que <strong>dejar el termostato a 15\u00ba C toda la noche<\/strong>, por lo que el ahorro de dinero ser\u00eda inexistente.\u00bb<\/p>\n<p><!-- BREAK 6 --><\/p>\n<p>Es decir, si lo que solemos hacer es apagar la caldera y la calefacci\u00f3n completamente por la noche y la encendemos nada m\u00e1s levantarnos, cuando las temperaturas en la vivienda bajan mucho (por ejemplo se sit\u00faan alrededor de unos 10 grados) <strong>merece m\u00e1s la pena dejarla puesta a una temperatura m\u00ednima de mantenimiento de unos 14-15 \u00baC<\/strong> y gastaremos lo mismo pero tendremos m\u00e1s confort t\u00e9rmico.<\/p>\n<p><!-- BREAK 7 --><\/p>\n<p>Adem\u00e1s, si vivimos en una zona con alta humedad relativa del aire, a medida que el vapor de agua se condensa en las paredes y muebles por el fr\u00edo, estos pueden ir deterior\u00e1ndose con el paso del tiempo haciendo que por ejemplo debamos pintar con m\u00e1s frecuencia.<\/p>\n<p><!-- BREAK 8 --><\/p>\n<div class=\"article-asset-video article-asset-normal\">\n<div class=\"asset-content\">\n<div class=\"base-asset-video\">\n<div class=\"js-dailymotion\">\n    <script type=\"application\/json\">\n                          {\"videoId\":\"x7zxjks\",\"autoplay\":true,\"title\":\"El cambio clim\u00e1tico y la influencia del ser humano\", \"tag\":\"medio ambiente\", \"duration\":\"304\"}\n                  <\/script>\n   <\/div>\n<\/p><\/div>\n<\/p><\/div>\n<\/div>\n<p><a rel=\"noopener, noreferrer\" href=\"https:\/\/www.iberdrola.es\/blog\/energia\/es-bueno-apagar-la-caldera-por-la-noche\">Desde Iberdrola tambi\u00e9n se\u00f1alan<\/a> que la mayor\u00eda de calderas no est\u00e1n fabricadas para ser sometidas a constantes apagados y encendidos. Por tanto, si lo hacemos es probable que <strong>estemos exigiendo a los componentes una actividad m\u00e1s intensa <\/strong>y reduzcamos su vida \u00fatil.<\/p>\n<p><!-- BREAK 9 --><\/p>\n<p>De hecho, se\u00f1alan que incluso si nos vamos un par de d\u00edas de casa y en nuestra regi\u00f3n hace mucho fr\u00edo, conviene<strong> dejar programado el termostato<\/strong> a una temperatura m\u00ednima de mantenimiento de unos 15 \u00baC, lo que ayudar\u00e1 a evitar la condensaci\u00f3n sin que se dispare el consumo de energ\u00eda.<\/p>\n<p><!-- BREAK 10 --><\/p>\n<p>M\u00e1s informaci\u00f3n | <a rel=\"noopener, noreferrer\" href=\"https:\/\/www.iberdrola.es\/blog\/energia\/es-bueno-apagar-la-caldera-por-la-noche\">Iberdrola<\/a><\/p>\n<p>Imagen portada | Jos\u00e9 Antonio Carmona<\/p>\n<p>En Xataka Smart Home | <a class=\"text-outboundlink\" href=\"https:\/\/www.xatakahome.com\/hogar\/apagar-calefaccion-dejarla-al-minimo-cuando-salimos-casa-esto-mejor-quieres-gastar\" data-vars-post-title=\"Apagar la calefacci\u00f3n o dejarla al m\u00ednimo cuando salimos de casa: esto es lo mejor si quieres gastar menos \" data-vars-post-url=\"https:\/\/www.xatakahome.com\/hogar\/apagar-calefaccion-dejarla-al-minimo-cuando-salimos-casa-esto-mejor-quieres-gastar\">Apagar la calefacci\u00f3n o dejarla al m\u00ednimo cuando salimos de casa: esto es lo mejor si quieres gastar menos<\/a><\/p>\n<p>En Xataka Smart Home | <a class=\"text-outboundlink\" href=\"https:\/\/www.xatakahome.com\/a-fondo\/estas-temperatura-minima-ideal-queremos-buena-salud-no-derrochar-energia-casa\" data-vars-post-title=\"La temperatura m\u00ednima en casa para tener buena salud y la ideal para no derrochar calefacci\u00f3n durante el invierno\" data-vars-post-url=\"https:\/\/www.xatakahome.com\/a-fondo\/estas-temperatura-minima-ideal-queremos-buena-salud-no-derrochar-energia-casa\">La temperatura m\u00ednima en casa para tener buena salud y la ideal para no derrochar calefacci\u00f3n durante el invierno<\/a><\/p>\n<p><script>\n (function() {\n  window._JS_MODULES = window._JS_MODULES || {};\n  var headElement = document.getElementsByTagName('head')[0];\n  if (_JS_MODULES.instagram) {\n   var instagramScript = document.createElement('script');\n   instagramScript.src = 'https:\/\/platform.instagram.com\/en_US\/embeds.js';\n   instagramScript.async = true;\n   instagramScript.defer = true;\n   headElement.appendChild(instagramScript);\n  }\n })();\n<\/script><\/p>\n<p> &#8211; <br \/> La noticia<br \/>\n      <a href=\"https:\/\/www.xatakahome.com\/hogar\/apagar-caldera-calefaccion-noche-dejarla-encendida-expertos-explican-como-ahorrar-perder-confort-casa?utm_source=feedburner&amp;utm_medium=feed&amp;utm_campaign=02_Feb_2025\"><br \/>\n       <em> Apagar la caldera y la calefacci\u00f3n por la noche o dejarla encendida: los expertos explican c\u00f3mo ahorrar sin perder confort en casa  <\/em><br \/>\n      <\/a><br \/>\n      fue publicada originalmente en<br \/>\n      <a href=\"https:\/\/www.xatakahome.com\/?utm_source=feedburner&amp;utm_medium=feed&amp;utm_campaign=02_Feb_2025\"><br \/>\n       <strong> Xataka Smart Home <\/strong><br \/>\n      <\/a><br \/>\n             por <a href=\"https:\/\/www.xatakahome.com\/autor\/paco-rodriguez?utm_source=feedburner&amp;utm_medium=feed&amp;utm_campaign=02_Feb_2025\"><br \/>\n        Paco Rodriguez<br \/>\n       <\/a><br \/>\n      . <\/p>\n<\/div>\n","protected":false},"excerpt":{"rendered":"<p>Con la llegada del fr\u00edo intenso la mayor\u00eda de hogares enciende sus equipos de calefacci\u00f3n y una de las dudas m\u00e1s habituales que suele surgir es qu\u00e9 conviene hacer con ellos en situaciones donde no los vamos a necesitar al 100%. Es por ejemplo el caso de las noches, donde no es necesario tener una &hellip; <a href=\"https:\/\/domosistemas.com\/?p=27315\" class=\"more-link\">Sigue leyendo <span class=\"screen-reader-text\">Apagar la caldera y la calefacci\u00f3n por la noche o dejarla encendida: los expertos explican c\u00f3mo ahorrar sin perder confort en casa<\/span><\/a><\/p>\n","protected":false},"author":1,"featured_media":0,"comment_status":"closed","ping_status":"closed","sticky":false,"template":"","format":"standard","meta":{"footnotes":""},"categories":[8],"tags":[],"class_list":["post-27315","post","type-post","status-publish","format-standard","hentry","category-xataka"],"_links":{"self":[{"href":"https:\/\/domosistemas.com\/index.php?rest_route=\/wp\/v2\/posts\/27315","targetHints":{"allow":["GET"]}}],"collection":[{"href":"https:\/\/domosistemas.com\/index.php?rest_route=\/wp\/v2\/posts"}],"about":[{"href":"https:\/\/domosistemas.com\/index.php?rest_route=\/wp\/v2\/types\/post"}],"author":[{"embeddable":true,"href":"https:\/\/domosistemas.com\/index.php?rest_route=\/wp\/v2\/users\/1"}],"replies":[{"embeddable":true,"href":"https:\/\/domosistemas.com\/index.php?rest_route=%2Fwp%2Fv2%2Fcomments&post=27315"}],"version-history":[{"count":0,"href":"https:\/\/domosistemas.com\/index.php?rest_route=\/wp\/v2\/posts\/27315\/revisions"}],"wp:attachment":[{"href":"https:\/\/domosistemas.com\/index.php?rest_route=%2Fwp%2Fv2%2Fmedia&parent=27315"}],"wp:term":[{"taxonomy":"category","embeddable":true,"href":"https:\/\/domosistemas.com\/index.php?rest_route=%2Fwp%2Fv2%2Fcategories&post=27315"},{"taxonomy":"post_tag","embeddable":true,"href":"https:\/\/domosistemas.com\/index.php?rest_route=%2Fwp%2Fv2%2Ftags&post=27315"}],"curies":[{"name":"wp","href":"https:\/\/api.w.org\/{rel}","templated":true}]}}