{"id":27316,"date":"2025-02-02T11:09:57","date_gmt":"2025-02-02T11:09:57","guid":{"rendered":"https:\/\/domosistemas.com\/?p=27316"},"modified":"2025-02-02T11:09:57","modified_gmt":"2025-02-02T11:09:57","slug":"en-este-barrio-de-madrid-se-han-propuesto-bajar-un-33-la-factura-de-la-luz-de-los-vecinos-asi-quieren-conseguirlo","status":"publish","type":"post","link":"https:\/\/domosistemas.com\/?p=27316","title":{"rendered":"En este barrio de Madrid se han propuesto bajar un 33% la factura de la luz de los vecinos: as\u00ed quieren conseguirlo"},"content":{"rendered":"<div>\n<p>\n      <img decoding=\"async\" src=\"https:\/\/i.blogs.es\/8ba40d\/231111mjb4617\/1024_2000.jpeg\" alt=\"En este barrio de Madrid se han propuesto bajar un 33% la factura de la luz de los vecinos: as\u00ed quieren conseguirlo \">\n    <\/p>\n<p>El <a class=\"text-outboundlink\" href=\"https:\/\/www.xatakahome.com\/a-fondo\/que-al-autoconsumo-que-hace-falta-para-darse-alta-comenzar-a-ahorrar-factura-energetica\" data-vars-post-title=\"Qu\u00e9 es el autoconsumo y qu\u00e9 hace falta para darse de alta y comenzar a ahorrar en la factura energ\u00e9tica\" data-vars-post-url=\"https:\/\/www.xatakahome.com\/a-fondo\/que-al-autoconsumo-que-hace-falta-para-darse-alta-comenzar-a-ahorrar-factura-energetica\">autoconsumo energ\u00e9tico<\/a> es cada vez m\u00e1s habitual, permitiendo a los ciudadanos obtener la energ\u00eda que necesitan en su d\u00eda a d\u00eda instalando en el hogar <strong>paneles solares fotovoltaicos<\/strong> u otros sistemas de generaci\u00f3n renovable y as\u00ed no depender tanto de la red el\u00e9ctrica convencional.<\/p>\n<p><!-- BREAK 1 --><\/p>\n<p>Sin embargo, hacer una instalaci\u00f3n individual \u00abprofesional\u00bb en casa con las placas de gran capacidad en el tejado sigue siendo una <strong>opci\u00f3n cara que muchas familias <\/strong>no pueden afrontar y que requiere l\u00f3gicamente que tengamos espacio disponible.<\/p>\n<p><!-- BREAK 2 --><\/p>\n<p>Por ello surgen otras alternativas como el proyecto que hoy traemos y que ser\u00e1 desarrollado en la <strong>Comunidad de Madrid<\/strong> instalando tejados solares tanto en edificios privados como p\u00fablicos, generando as\u00ed energ\u00eda para el autoconsumo.<\/p>\n<p><!-- BREAK 3 --><\/p>\n<div class=\"article-asset article-asset-normal article-asset-center\">\n<div class=\"desvio-container\">\n<div class=\"desvio\">\n<div class=\"desvio-figure js-desvio-figure\">\n    <a href=\"https:\/\/www.xatakahome.com\/iluminacion-y-energia\/estos-paneles-se-colocan-fachada-prometen-energia-gratis-aislamiento-termico-proteccion-inclemencias\" class=\"pivot-outboundlink\" data-vars-post-title=\"Estos paneles se colocan en la fachada y prometen energ\u00eda gratis, aislamiento t\u00e9rmico y protecci\u00f3n contra las inclemencias\"><br \/>\n     <img loading=\"lazy\" decoding=\"async\" alt=\"Estos paneles se colocan en la fachada y prometen energ\u00eda gratis, aislamiento t\u00e9rmico y protecci\u00f3n contra las inclemencias\" width=\"375\" height=\"142\" src=\"https:\/\/i.blogs.es\/0a8802\/bipv-modul_frontal\/375_142.webp\" onerror='this.src=\"https:\/\/i.blogs.es\/0a8802\/bipv-modul_frontal\/375_142.jpeg\"'><br \/>\n    <\/a>\n   <\/div>\n<div class=\"desvio-summary\">\n<div class=\"desvio-taxonomy js-desvio-taxonomy\">\n     <a href=\"https:\/\/www.xatakahome.com\/iluminacion-y-energia\/estos-paneles-se-colocan-fachada-prometen-energia-gratis-aislamiento-termico-proteccion-inclemencias\" class=\"desvio-taxonomy-anchor pivot-outboundlink\" data-vars-post-title=\"Estos paneles se colocan en la fachada y prometen energ\u00eda gratis, aislamiento t\u00e9rmico y protecci\u00f3n contra las inclemencias\">En Xataka Smart Home<\/a>\n    <\/div>\n<p>    <a href=\"https:\/\/www.xatakahome.com\/iluminacion-y-energia\/estos-paneles-se-colocan-fachada-prometen-energia-gratis-aislamiento-termico-proteccion-inclemencias\" class=\"desvio-title js-desvio-title pivot-outboundlink\" data-vars-post-title=\"Estos paneles se colocan en la fachada y prometen energ\u00eda gratis, aislamiento t\u00e9rmico y protecci\u00f3n contra las inclemencias\">Estos paneles se colocan en la fachada y prometen energ\u00eda gratis, aislamiento t\u00e9rmico y protecci\u00f3n contra las inclemencias<\/a>\n   <\/div>\n<\/p><\/div>\n<\/p><\/div>\n<\/div>\n<h2>Un barrio \u00abecosolar\u00bb impulsado por el Ayuntamiento de Madrid<\/h2>\n<div class=\"article-asset-image article-asset-normal article-asset-center\">\n<div class=\"asset-content\">\n<div class=\"caption-img \">\n<p>   <img decoding=\"async\" alt=\"Img 4688\" class=\"centro_sinmarco\" src=\"https:\/\/i.blogs.es\/99841a\/img_4688\/450_1000.webp\"><\/p>\n<p>        <span>Imagen: Ayuntamiento de Madrid<\/span>\n   <\/div>\n<\/p><\/div>\n<\/div>\n<p>El delegado de Pol\u00edticas de Vivienda y presidente de la Empresa Municipal de la Vivienda y Suelo (EMVS Madrid), \u00c1lvaro Gonz\u00e1lez, la concejala de Usera, Sonia Cea, y la presidenta de la comunidad energ\u00e9tica local, Manuela Navarro, han firmado esta semana un protocolo de actuaci\u00f3n para el impulso y constituci\u00f3n de una comunidad energ\u00e9tica en el <strong>Poblado Dirigido de Orcasitas.<\/strong><\/p>\n<p><!-- BREAK 4 --><\/p>\n<p>\u00bfEn qu\u00e9 consiste esta iniciativa? Pues se trata de un proyecto piloto basado en la instalaci\u00f3n de <strong>tejados solares tanto en edificios privados como p\u00fablicos,<\/strong> generando energ\u00eda para los vecinos del barrio.<\/p>\n<p><!-- BREAK 5 --><\/p>\n<p>Seg\u00fan han comentado, ser\u00e1 el primer barrio \u00abecosolar\u00bb de la ciudad que contar\u00e1 con una primera fase en la que se instalar\u00e1n <strong>265 paneles solares<\/strong> en siete edificios residenciales, dos viviendas unifamiliares y tres locales comerciales dando servicio a <strong>130 familias<\/strong> que podr\u00e1n ver <strong>reducida su factura el\u00e9ctrica en hasta el 33%<\/strong> seg\u00fan han se\u00f1alado en el acto.<\/p>\n<p><!-- BREAK 6 --><\/p>\n<p>Para que el coste de instalaci\u00f3n de estos equipos no suponga un gran desembolso para los vecinos, se acoger\u00e1n a la subvenci\u00f3n de hasta el 80 % del Plan Rehabilita en su l\u00ednea para comunidades energ\u00e9ticas, permitiendo que cada vecino tan solo tendr\u00e1 que realizar un pago \u00fanico de aproximadamente <strong>100 euros.<\/strong><\/p>\n<p><!-- BREAK 7 --><\/p>\n<div class=\"article-asset-video article-asset-normal\">\n<div class=\"asset-content\">\n<div class=\"base-asset-video\">\n<div class=\"js-dailymotion\">\n    <script type=\"application\/json\">\n                          {\"videoId\":\"x7znesx\",\"autoplay\":true,\"title\":\"Edificio de autoconsumo ASI\u0301 FUNCIONAN - Paneles solares en bloques de pisos\", \"tag\":\"solar\", \"duration\":\"564\"}\n                  <\/script>\n   <\/div>\n<\/p><\/div>\n<\/p><\/div>\n<\/div>\n<p>La junta de distrito ceder\u00e1 adem\u00e1s parte de la cubierta de su Escuela de M\u00fasica Maestro Barbieri para poder alojar el n\u00famero de paneles necesarios en una \u00a0segunda fase, en la que podr\u00e1n adherirse m\u00e1s comunidades de vecinos, as\u00ed como <strong>comercios y edificios p\u00fablicos<\/strong>.<\/p>\n<p><!-- BREAK 8 --><\/p>\n<p>Seg\u00fan ha se\u00f1alado el Ayuntamiento, Orcasitas cuenta con 1.800 viviendas rehabilitadas, donde se han invertido 20 millones de euros logrando reducir un 50% el consumo de energ\u00eda y un 70% las \u00a0emisiones. Adem\u00e1s esperan que el retorno de estas inversiones energ\u00e9ticas se produzca en <strong>unos tres a\u00f1os.<\/strong><\/p>\n<p><!-- BREAK 9 --><\/p>\n<p>M\u00e1s informaci\u00f3n e im\u00e1genes | <a rel=\"noopener, noreferrer\" href=\"https:\/\/www.madrid.es\/portales\/munimadrid\/es\/Inicio\/Actualidad\/Noticias\/Orcasitas-primer-barrio-ecosolar-impulsado-por-el-Ayuntamiento-de-Madrid\/?vgnextfmt=default&amp;vgnextoid=fb6985f02abb4910VgnVCM1000001d4a900aRCRD&amp;vgnextchannel=a12149fa40ec9410VgnVCM100000171f5a0aRCRD\">Ayuntamiento de Madrid<\/a> | <a rel=\"noopener, noreferrer\" href=\"https:\/\/www.madrid.es\/portales\/munimadrid\/es\/Inicio\/Actualidad\/Noticias\/El-Ayuntamiento-convertira-Orcasitas-en-el-primer-barrio-ecosolar\/?vgnextfmt=default&amp;vgnextoid=87e4afc9239bb810VgnVCM2000001f4a900aRCRD&amp;vgnextchannel=a12149fa40ec9410VgnVCM100000171f5a0aRCRD\">Ayuntamiento de Madrid<\/a><\/p>\n<p>En Xataka Smart Home | <a class=\"text-outboundlink\" href=\"https:\/\/www.xatakahome.com\/iluminacion-y-energia\/estos-paneles-se-colocan-fachada-prometen-energia-gratis-aislamiento-termico-proteccion-inclemencias\" data-vars-post-title=\"Estos paneles se colocan en la fachada y prometen energ\u00eda gratis, aislamiento t\u00e9rmico y protecci\u00f3n contra las inclemencias\" data-vars-post-url=\"https:\/\/www.xatakahome.com\/iluminacion-y-energia\/estos-paneles-se-colocan-fachada-prometen-energia-gratis-aislamiento-termico-proteccion-inclemencias\">Estos paneles se colocan en la fachada y prometen energ\u00eda gratis, aislamiento t\u00e9rmico y protecci\u00f3n contra las inclemencias<\/a><\/p>\n<p><script>\n (function() {\n  window._JS_MODULES = window._JS_MODULES || {};\n  var headElement = document.getElementsByTagName('head')[0];\n  if (_JS_MODULES.instagram) {\n   var instagramScript = document.createElement('script');\n   instagramScript.src = 'https:\/\/platform.instagram.com\/en_US\/embeds.js';\n   instagramScript.async = true;\n   instagramScript.defer = true;\n   headElement.appendChild(instagramScript);\n  }\n })();\n<\/script><\/p>\n<p> &#8211; <br \/> La noticia<br \/>\n      <a href=\"https:\/\/www.xatakahome.com\/iluminacion-y-energia\/este-barrio-madrid-se-han-propuesto-bajar-33-factura-luz-vecinos-asi-quieren-conseguirlo?utm_source=feedburner&amp;utm_medium=feed&amp;utm_campaign=02_Feb_2025\"><br \/>\n       <em> En este barrio de Madrid se han propuesto bajar un 33% la factura de la luz de los vecinos: as\u00ed quieren conseguirlo  <\/em><br \/>\n      <\/a><br \/>\n      fue publicada originalmente en<br \/>\n      <a href=\"https:\/\/www.xatakahome.com\/?utm_source=feedburner&amp;utm_medium=feed&amp;utm_campaign=02_Feb_2025\"><br \/>\n       <strong> Xataka Smart Home <\/strong><br \/>\n      <\/a><br \/>\n             por <a href=\"https:\/\/www.xatakahome.com\/autor\/paco-rodriguez?utm_source=feedburner&amp;utm_medium=feed&amp;utm_campaign=02_Feb_2025\"><br \/>\n        Paco Rodriguez<br \/>\n       <\/a><br \/>\n      . <\/p>\n<\/div>\n","protected":false},"excerpt":{"rendered":"<p>El autoconsumo energ\u00e9tico es cada vez m\u00e1s habitual, permitiendo a los ciudadanos obtener la energ\u00eda que necesitan en su d\u00eda a d\u00eda instalando en el hogar paneles solares fotovoltaicos u otros sistemas de generaci\u00f3n renovable y as\u00ed no depender tanto de la red el\u00e9ctrica convencional. Sin embargo, hacer una instalaci\u00f3n individual \u00abprofesional\u00bb en casa con &hellip; <a href=\"https:\/\/domosistemas.com\/?p=27316\" class=\"more-link\">Sigue leyendo <span class=\"screen-reader-text\">En este barrio de Madrid se han propuesto bajar un 33% la factura de la luz de los vecinos: as\u00ed quieren conseguirlo<\/span><\/a><\/p>\n","protected":false},"author":1,"featured_media":0,"comment_status":"closed","ping_status":"closed","sticky":false,"template":"","format":"standard","meta":{"footnotes":""},"categories":[8],"tags":[],"class_list":["post-27316","post","type-post","status-publish","format-standard","hentry","category-xataka"],"_links":{"self":[{"href":"https:\/\/domosistemas.com\/index.php?rest_route=\/wp\/v2\/posts\/27316","targetHints":{"allow":["GET"]}}],"collection":[{"href":"https:\/\/domosistemas.com\/index.php?rest_route=\/wp\/v2\/posts"}],"about":[{"href":"https:\/\/domosistemas.com\/index.php?rest_route=\/wp\/v2\/types\/post"}],"author":[{"embeddable":true,"href":"https:\/\/domosistemas.com\/index.php?rest_route=\/wp\/v2\/users\/1"}],"replies":[{"embeddable":true,"href":"https:\/\/domosistemas.com\/index.php?rest_route=%2Fwp%2Fv2%2Fcomments&post=27316"}],"version-history":[{"count":0,"href":"https:\/\/domosistemas.com\/index.php?rest_route=\/wp\/v2\/posts\/27316\/revisions"}],"wp:attachment":[{"href":"https:\/\/domosistemas.com\/index.php?rest_route=%2Fwp%2Fv2%2Fmedia&parent=27316"}],"wp:term":[{"taxonomy":"category","embeddable":true,"href":"https:\/\/domosistemas.com\/index.php?rest_route=%2Fwp%2Fv2%2Fcategories&post=27316"},{"taxonomy":"post_tag","embeddable":true,"href":"https:\/\/domosistemas.com\/index.php?rest_route=%2Fwp%2Fv2%2Ftags&post=27316"}],"curies":[{"name":"wp","href":"https:\/\/api.w.org\/{rel}","templated":true}]}}